{"id":50341,"date":"2021-07-15T23:36:44","date_gmt":"2021-07-16T02:36:44","guid":{"rendered":"https:\/\/regiaonews.net.br\/2022\/?p=50341"},"modified":"2021-07-15T23:37:03","modified_gmt":"2021-07-16T02:37:03","slug":"bolsonaro-tem-evolucao-clinica-satisfatoria-diz-boletim-medico","status":"publish","type":"post","link":"https:\/\/regiaonews.net.br\/2022\/2021\/07\/15\/bolsonaro-tem-evolucao-clinica-satisfatoria-diz-boletim-medico\/","title":{"rendered":"Bolsonaro tem evolu\u00e7\u00e3o cl\u00ednica satisfat\u00f3ria, diz boletim m\u00e9dico"},"content":{"rendered":"<p><a href=\"https:\/\/regiaonews.net.br\/2022\/wp-content\/uploads\/2021\/07\/img_9872.jpg\"><img loading=\"lazy\" decoding=\"async\" class=\"alignnone size-medium wp-image-50342\" src=\"https:\/\/regiaonews.net.br\/2022\/wp-content\/uploads\/2021\/07\/img_9872-300x185.jpg\" alt=\"\" width=\"300\" height=\"185\" \/><\/a><\/p>\n<div class=\"col-lg-12 mb-3\">\n<ul class=\"divider social-icons si-border round si-colored-bg-on-hover my-3\">Fonte- Ag\u00eancia Brasil<\/ul>\n<\/div>\n<div class=\"col-xl-7 offset-xl-1 col-lg-8 offset-lg-0 col-md-10 offset-md-1 mb-3\">\n<div class=\"post-item alt-font\">\n<div class=\"post-item-wrap\">\n<p>O presidente da Rep\u00fablica, Jair Bolsonaro, apresentou um evolu\u00e7\u00e3o cl\u00ednica satisfat\u00f3ria\u00a0hoje\u00a0(25), segundo boletim m\u00e9dico divulgado no in\u00edcio da noite pelo Hospital Vila Nova Star, onde est\u00e1 internado, na capital paulista, desde\u00a0ontem (14). N\u00e3o h\u00e1, no entanto, previs\u00e3o de alta.<img decoding=\"async\" src=\"https:\/\/agenciabrasil.ebc.com.br\/ebc.png?id=1415589&amp;o=node\" \/><img decoding=\"async\" src=\"https:\/\/agenciabrasil.ebc.com.br\/ebc.gif?id=1415589&amp;o=node\" \/><\/p>\n<p>\u201cO Senhor Presidente da Rep\u00fablica, Jair Messias Bolsonaro, segue internado no Hospital Vila Nova Star, em S\u00e3o Paulo, mantendo evolu\u00e7\u00e3o cl\u00ednica satisfat\u00f3ria. Desta forma, foi retirada a sonda nasog\u00e1strica e planeja-se o in\u00edcio da alimenta\u00e7\u00e3o para amanh\u00e3. O presidente segue sem previs\u00e3o de alta hospitalar\u201d, diz o texto do boletim, assinado por cinco m\u00e9dicos do hospital.<\/p>\n<p>No final da tarde, o presidente usou as redes sociais para informar que n\u00e3o poderia realizar a live, que faz todas as quintas-feiras . Ele tamb\u00e9m disse que n\u00e3o tinha condi\u00e7\u00f5es de viajar a Manaus em raz\u00e3o da sua hospitaliza\u00e7\u00e3o. \u201cPor motivo de interna\u00e7\u00e3o hospitalar, comunico a impossibilidade de realizar a live de\u00a0hoje\u00a0bem como nossa ida a Manaus fica adiada\u201d, disse no Twitter.<\/p>\n<p>A primeira-dama, Michelle Bolsonaro, est\u00e1 no hospital acompanhando o presidente.\u00a0Bolsonaro tamb\u00e9m recebeu a visita do ministro do Gabinete de Seguran\u00e7a Institucional (GSI), general Augusto Heleno.<\/p>\n<p>Bolsonaro foi para S\u00e3o Paulo por decis\u00e3o do m\u00e9dico Antonio Luiz Macedo, respons\u00e1vel pelas cirurgias no abd\u00f4men do presidente. Ele foi internado na manh\u00e3 de\u00a0ontem\u00a0no Hospital das For\u00e7as Armadas (HFA), em Bras\u00edlia, com uma crise persistente de solu\u00e7os e mal-estar. Ap\u00f3s exames, o presidente foi diagnosticado com um quadro de obstru\u00e7\u00e3o intestinal.<\/p>\n<p>Desde o atentado em que recebeu uma facada na campanha eleitoral de 2018, Bolsonaro j\u00e1 passou por sete cirurgias na regi\u00e3o do abd\u00f4men para corre\u00e7\u00e3o das les\u00f5es sofridas no intestino.<\/p>\n<\/div>\n<\/div>\n<\/div>\n","protected":false},"excerpt":{"rendered":"<p>Fonte- Ag\u00eancia Brasil O presidente da Rep\u00fablica, Jair Bolsonaro, apresentou<\/p>\n","protected":false},"author":2,"featured_media":50342,"comment_status":"open","ping_status":"open","sticky":false,"template":"","format":"standard","meta":{"footnotes":""},"categories":[24,29],"tags":[],"class_list":["post-50341","post","type-post","status-publish","format-standard","has-post-thumbnail","hentry","category-brasil","category-sao-paulo"],"yoast_head":"<!-- This site is optimized with the Yoast SEO plugin v27.4 - https:\/\/yoast.com\/product\/yoast-seo-wordpress\/ -->\n<title>Bolsonaro tem evolu\u00e7\u00e3o cl\u00ednica satisfat\u00f3ria, diz boletim m\u00e9dico - Regi\u00e3o News<\/title>\n<meta name=\"robots\" content=\"index, follow, max-snippet:-1, max-image-preview:large, max-video-preview:-1\" \/>\n<link rel=\"canonical\" href=\"https:\/\/regiaonews.net.br\/2022\/2021\/07\/15\/bolsonaro-tem-evolucao-clinica-satisfatoria-diz-boletim-medico\/\" \/>\n<meta property=\"og:locale\" content=\"pt_BR\" \/>\n<meta property=\"og:type\" content=\"article\" \/>\n<meta property=\"og:title\" content=\"Bolsonaro tem evolu\u00e7\u00e3o cl\u00ednica satisfat\u00f3ria, diz boletim m\u00e9dico - Regi\u00e3o News\" \/>\n<meta property=\"og:description\" content=\"Fonte- Ag\u00eancia Brasil O presidente da Rep\u00fablica, Jair Bolsonaro, apresentou\" \/>\n<meta property=\"og:url\" content=\"https:\/\/regiaonews.net.br\/2022\/2021\/07\/15\/bolsonaro-tem-evolucao-clinica-satisfatoria-diz-boletim-medico\/\" \/>\n<meta property=\"og:site_name\" content=\"Regi\u00e3o News\" \/>\n<meta property=\"article:published_time\" content=\"2021-07-16T02:36:44+00:00\" \/>\n<meta property=\"article:modified_time\" content=\"2021-07-16T02:37:03+00:00\" \/>\n<meta property=\"og:image\" content=\"https:\/\/regiaonews.net.br\/2022\/wp-content\/uploads\/2021\/07\/img_9872.jpg\" \/>\n\t<meta property=\"og:image:width\" content=\"390\" \/>\n\t<meta property=\"og:image:height\" content=\"240\" \/>\n\t<meta property=\"og:image:type\" content=\"image\/jpeg\" \/>\n<meta name=\"author\" content=\"Roberto\" \/>\n<meta name=\"twitter:card\" content=\"summary_large_image\" \/>\n<meta name=\"twitter:label1\" content=\"Escrito por\" \/>\n\t<meta name=\"twitter:data1\" content=\"Roberto\" \/>\n\t<meta name=\"twitter:label2\" content=\"Est. tempo de leitura\" \/>\n\t<meta name=\"twitter:data2\" content=\"2 minutos\" \/>\n<script type=\"application\/ld+json\" class=\"yoast-schema-graph\">{\"@context\":\"https:\\\/\\\/schema.org\",\"@graph\":[{\"@type\":\"Article\",\"@id\":\"https:\\\/\\\/regiaonews.net.br\\\/2022\\\/2021\\\/07\\\/15\\\/bolsonaro-tem-evolucao-clinica-satisfatoria-diz-boletim-medico\\\/#article\",\"isPartOf\":{\"@id\":\"https:\\\/\\\/regiaonews.net.br\\\/2022\\\/2021\\\/07\\\/15\\\/bolsonaro-tem-evolucao-clinica-satisfatoria-diz-boletim-medico\\\/\"},\"author\":{\"name\":\"Roberto\",\"@id\":\"https:\\\/\\\/regiaonews.net.br\\\/2022\\\/#\\\/schema\\\/person\\\/2d205a608a5aa97ac279d7a5e6d89ad8\"},\"headline\":\"Bolsonaro tem evolu\u00e7\u00e3o cl\u00ednica satisfat\u00f3ria, diz boletim m\u00e9dico\",\"datePublished\":\"2021-07-16T02:36:44+00:00\",\"dateModified\":\"2021-07-16T02:37:03+00:00\",\"mainEntityOfPage\":{\"@id\":\"https:\\\/\\\/regiaonews.net.br\\\/2022\\\/2021\\\/07\\\/15\\\/bolsonaro-tem-evolucao-clinica-satisfatoria-diz-boletim-medico\\\/\"},\"wordCount\":326,\"commentCount\":0,\"publisher\":{\"@id\":\"https:\\\/\\\/regiaonews.net.br\\\/2022\\\/#organization\"},\"image\":{\"@id\":\"https:\\\/\\\/regiaonews.net.br\\\/2022\\\/2021\\\/07\\\/15\\\/bolsonaro-tem-evolucao-clinica-satisfatoria-diz-boletim-medico\\\/#primaryimage\"},\"thumbnailUrl\":\"https:\\\/\\\/regiaonews.net.br\\\/2022\\\/wp-content\\\/uploads\\\/2021\\\/07\\\/img_9872.jpg\",\"articleSection\":[\"Brasil\",\"S\u00e3o Paulo\"],\"inLanguage\":\"pt-BR\",\"potentialAction\":[{\"@type\":\"CommentAction\",\"name\":\"Comment\",\"target\":[\"https:\\\/\\\/regiaonews.net.br\\\/2022\\\/2021\\\/07\\\/15\\\/bolsonaro-tem-evolucao-clinica-satisfatoria-diz-boletim-medico\\\/#respond\"]}]},{\"@type\":\"WebPage\",\"@id\":\"https:\\\/\\\/regiaonews.net.br\\\/2022\\\/2021\\\/07\\\/15\\\/bolsonaro-tem-evolucao-clinica-satisfatoria-diz-boletim-medico\\\/\",\"url\":\"https:\\\/\\\/regiaonews.net.br\\\/2022\\\/2021\\\/07\\\/15\\\/bolsonaro-tem-evolucao-clinica-satisfatoria-diz-boletim-medico\\\/\",\"name\":\"Bolsonaro tem evolu\u00e7\u00e3o cl\u00ednica satisfat\u00f3ria, diz boletim m\u00e9dico - Regi\u00e3o News\",\"isPartOf\":{\"@id\":\"https:\\\/\\\/regiaonews.net.br\\\/2022\\\/#website\"},\"primaryImageOfPage\":{\"@id\":\"https:\\\/\\\/regiaonews.net.br\\\/2022\\\/2021\\\/07\\\/15\\\/bolsonaro-tem-evolucao-clinica-satisfatoria-diz-boletim-medico\\\/#primaryimage\"},\"image\":{\"@id\":\"https:\\\/\\\/regiaonews.net.br\\\/2022\\\/2021\\\/07\\\/15\\\/bolsonaro-tem-evolucao-clinica-satisfatoria-diz-boletim-medico\\\/#primaryimage\"},\"thumbnailUrl\":\"https:\\\/\\\/regiaonews.net.br\\\/2022\\\/wp-content\\\/uploads\\\/2021\\\/07\\\/img_9872.jpg\",\"datePublished\":\"2021-07-16T02:36:44+00:00\",\"dateModified\":\"2021-07-16T02:37:03+00:00\",\"breadcrumb\":{\"@id\":\"https:\\\/\\\/regiaonews.net.br\\\/2022\\\/2021\\\/07\\\/15\\\/bolsonaro-tem-evolucao-clinica-satisfatoria-diz-boletim-medico\\\/#breadcrumb\"},\"inLanguage\":\"pt-BR\",\"potentialAction\":[{\"@type\":\"ReadAction\",\"target\":[\"https:\\\/\\\/regiaonews.net.br\\\/2022\\\/2021\\\/07\\\/15\\\/bolsonaro-tem-evolucao-clinica-satisfatoria-diz-boletim-medico\\\/\"]}]},{\"@type\":\"ImageObject\",\"inLanguage\":\"pt-BR\",\"@id\":\"https:\\\/\\\/regiaonews.net.br\\\/2022\\\/2021\\\/07\\\/15\\\/bolsonaro-tem-evolucao-clinica-satisfatoria-diz-boletim-medico\\\/#primaryimage\",\"url\":\"https:\\\/\\\/regiaonews.net.br\\\/2022\\\/wp-content\\\/uploads\\\/2021\\\/07\\\/img_9872.jpg\",\"contentUrl\":\"https:\\\/\\\/regiaonews.net.br\\\/2022\\\/wp-content\\\/uploads\\\/2021\\\/07\\\/img_9872.jpg\",\"width\":390,\"height\":240},{\"@type\":\"BreadcrumbList\",\"@id\":\"https:\\\/\\\/regiaonews.net.br\\\/2022\\\/2021\\\/07\\\/15\\\/bolsonaro-tem-evolucao-clinica-satisfatoria-diz-boletim-medico\\\/#breadcrumb\",\"itemListElement\":[{\"@type\":\"ListItem\",\"position\":1,\"name\":\"In\u00edcio\",\"item\":\"https:\\\/\\\/regiaonews.net.br\\\/2022\\\/\"},{\"@type\":\"ListItem\",\"position\":2,\"name\":\"Bolsonaro tem evolu\u00e7\u00e3o cl\u00ednica satisfat\u00f3ria, diz boletim m\u00e9dico\"}]},{\"@type\":\"WebSite\",\"@id\":\"https:\\\/\\\/regiaonews.net.br\\\/2022\\\/#website\",\"url\":\"https:\\\/\\\/regiaonews.net.br\\\/2022\\\/\",\"name\":\"Regi\u00e3o News\",\"description\":\"Site de Not\u00edcias de Barretos e regi\u00e3o\",\"publisher\":{\"@id\":\"https:\\\/\\\/regiaonews.net.br\\\/2022\\\/#organization\"},\"potentialAction\":[{\"@type\":\"SearchAction\",\"target\":{\"@type\":\"EntryPoint\",\"urlTemplate\":\"https:\\\/\\\/regiaonews.net.br\\\/2022\\\/?s={search_term_string}\"},\"query-input\":{\"@type\":\"PropertyValueSpecification\",\"valueRequired\":true,\"valueName\":\"search_term_string\"}}],\"inLanguage\":\"pt-BR\"},{\"@type\":\"Organization\",\"@id\":\"https:\\\/\\\/regiaonews.net.br\\\/2022\\\/#organization\",\"name\":\"Regi\u00e3o News\",\"url\":\"https:\\\/\\\/regiaonews.net.br\\\/2022\\\/\",\"logo\":{\"@type\":\"ImageObject\",\"inLanguage\":\"pt-BR\",\"@id\":\"https:\\\/\\\/regiaonews.net.br\\\/2022\\\/#\\\/schema\\\/logo\\\/image\\\/\",\"url\":\"https:\\\/\\\/regiaonews.net.br\\\/2022\\\/wp-content\\\/uploads\\\/2026\\\/03\\\/regiao-13-anos-scaled.jpg\",\"contentUrl\":\"https:\\\/\\\/regiaonews.net.br\\\/2022\\\/wp-content\\\/uploads\\\/2026\\\/03\\\/regiao-13-anos-scaled.jpg\",\"width\":2560,\"height\":635,\"caption\":\"Regi\u00e3o News\"},\"image\":{\"@id\":\"https:\\\/\\\/regiaonews.net.br\\\/2022\\\/#\\\/schema\\\/logo\\\/image\\\/\"}},{\"@type\":\"Person\",\"@id\":\"https:\\\/\\\/regiaonews.net.br\\\/2022\\\/#\\\/schema\\\/person\\\/2d205a608a5aa97ac279d7a5e6d89ad8\",\"name\":\"Roberto\",\"image\":{\"@type\":\"ImageObject\",\"inLanguage\":\"pt-BR\",\"@id\":\"https:\\\/\\\/secure.gravatar.com\\\/avatar\\\/42749d8b712ff9d59ca93dc150494e5b55a44134482993f5baeb97e61b7ecc89?s=96&d=mm&r=g\",\"url\":\"https:\\\/\\\/secure.gravatar.com\\\/avatar\\\/42749d8b712ff9d59ca93dc150494e5b55a44134482993f5baeb97e61b7ecc89?s=96&d=mm&r=g\",\"contentUrl\":\"https:\\\/\\\/secure.gravatar.com\\\/avatar\\\/42749d8b712ff9d59ca93dc150494e5b55a44134482993f5baeb97e61b7ecc89?s=96&d=mm&r=g\",\"caption\":\"Roberto\"},\"url\":\"https:\\\/\\\/regiaonews.net.br\\\/2022\\\/author\\\/roberto\\\/\"}]}<\/script>\n<!-- \/ Yoast SEO plugin. -->","yoast_head_json":{"title":"Bolsonaro tem evolu\u00e7\u00e3o cl\u00ednica satisfat\u00f3ria, diz boletim m\u00e9dico - Regi\u00e3o News","robots":{"index":"index","follow":"follow","max-snippet":"max-snippet:-1","max-image-preview":"max-image-preview:large","max-video-preview":"max-video-preview:-1"},"canonical":"https:\/\/regiaonews.net.br\/2022\/2021\/07\/15\/bolsonaro-tem-evolucao-clinica-satisfatoria-diz-boletim-medico\/","og_locale":"pt_BR","og_type":"article","og_title":"Bolsonaro tem evolu\u00e7\u00e3o cl\u00ednica satisfat\u00f3ria, diz boletim m\u00e9dico - Regi\u00e3o News","og_description":"Fonte- Ag\u00eancia Brasil O presidente da Rep\u00fablica, Jair Bolsonaro, apresentou","og_url":"https:\/\/regiaonews.net.br\/2022\/2021\/07\/15\/bolsonaro-tem-evolucao-clinica-satisfatoria-diz-boletim-medico\/","og_site_name":"Regi\u00e3o News","article_published_time":"2021-07-16T02:36:44+00:00","article_modified_time":"2021-07-16T02:37:03+00:00","og_image":[{"width":390,"height":240,"url":"https:\/\/regiaonews.net.br\/2022\/wp-content\/uploads\/2021\/07\/img_9872.jpg","type":"image\/jpeg"}],"author":"Roberto","twitter_card":"summary_large_image","twitter_misc":{"Escrito por":"Roberto","Est. tempo de leitura":"2 minutos"},"schema":{"@context":"https:\/\/schema.org","@graph":[{"@type":"Article","@id":"https:\/\/regiaonews.net.br\/2022\/2021\/07\/15\/bolsonaro-tem-evolucao-clinica-satisfatoria-diz-boletim-medico\/#article","isPartOf":{"@id":"https:\/\/regiaonews.net.br\/2022\/2021\/07\/15\/bolsonaro-tem-evolucao-clinica-satisfatoria-diz-boletim-medico\/"},"author":{"name":"Roberto","@id":"https:\/\/regiaonews.net.br\/2022\/#\/schema\/person\/2d205a608a5aa97ac279d7a5e6d89ad8"},"headline":"Bolsonaro tem evolu\u00e7\u00e3o cl\u00ednica satisfat\u00f3ria, diz boletim m\u00e9dico","datePublished":"2021-07-16T02:36:44+00:00","dateModified":"2021-07-16T02:37:03+00:00","mainEntityOfPage":{"@id":"https:\/\/regiaonews.net.br\/2022\/2021\/07\/15\/bolsonaro-tem-evolucao-clinica-satisfatoria-diz-boletim-medico\/"},"wordCount":326,"commentCount":0,"publisher":{"@id":"https:\/\/regiaonews.net.br\/2022\/#organization"},"image":{"@id":"https:\/\/regiaonews.net.br\/2022\/2021\/07\/15\/bolsonaro-tem-evolucao-clinica-satisfatoria-diz-boletim-medico\/#primaryimage"},"thumbnailUrl":"https:\/\/regiaonews.net.br\/2022\/wp-content\/uploads\/2021\/07\/img_9872.jpg","articleSection":["Brasil","S\u00e3o Paulo"],"inLanguage":"pt-BR","potentialAction":[{"@type":"CommentAction","name":"Comment","target":["https:\/\/regiaonews.net.br\/2022\/2021\/07\/15\/bolsonaro-tem-evolucao-clinica-satisfatoria-diz-boletim-medico\/#respond"]}]},{"@type":"WebPage","@id":"https:\/\/regiaonews.net.br\/2022\/2021\/07\/15\/bolsonaro-tem-evolucao-clinica-satisfatoria-diz-boletim-medico\/","url":"https:\/\/regiaonews.net.br\/2022\/2021\/07\/15\/bolsonaro-tem-evolucao-clinica-satisfatoria-diz-boletim-medico\/","name":"Bolsonaro tem evolu\u00e7\u00e3o cl\u00ednica satisfat\u00f3ria, diz boletim m\u00e9dico - Regi\u00e3o News","isPartOf":{"@id":"https:\/\/regiaonews.net.br\/2022\/#website"},"primaryImageOfPage":{"@id":"https:\/\/regiaonews.net.br\/2022\/2021\/07\/15\/bolsonaro-tem-evolucao-clinica-satisfatoria-diz-boletim-medico\/#primaryimage"},"image":{"@id":"https:\/\/regiaonews.net.br\/2022\/2021\/07\/15\/bolsonaro-tem-evolucao-clinica-satisfatoria-diz-boletim-medico\/#primaryimage"},"thumbnailUrl":"https:\/\/regiaonews.net.br\/2022\/wp-content\/uploads\/2021\/07\/img_9872.jpg","datePublished":"2021-07-16T02:36:44+00:00","dateModified":"2021-07-16T02:37:03+00:00","breadcrumb":{"@id":"https:\/\/regiaonews.net.br\/2022\/2021\/07\/15\/bolsonaro-tem-evolucao-clinica-satisfatoria-diz-boletim-medico\/#breadcrumb"},"inLanguage":"pt-BR","potentialAction":[{"@type":"ReadAction","target":["https:\/\/regiaonews.net.br\/2022\/2021\/07\/15\/bolsonaro-tem-evolucao-clinica-satisfatoria-diz-boletim-medico\/"]}]},{"@type":"ImageObject","inLanguage":"pt-BR","@id":"https:\/\/regiaonews.net.br\/2022\/2021\/07\/15\/bolsonaro-tem-evolucao-clinica-satisfatoria-diz-boletim-medico\/#primaryimage","url":"https:\/\/regiaonews.net.br\/2022\/wp-content\/uploads\/2021\/07\/img_9872.jpg","contentUrl":"https:\/\/regiaonews.net.br\/2022\/wp-content\/uploads\/2021\/07\/img_9872.jpg","width":390,"height":240},{"@type":"BreadcrumbList","@id":"https:\/\/regiaonews.net.br\/2022\/2021\/07\/15\/bolsonaro-tem-evolucao-clinica-satisfatoria-diz-boletim-medico\/#breadcrumb","itemListElement":[{"@type":"ListItem","position":1,"name":"In\u00edcio","item":"https:\/\/regiaonews.net.br\/2022\/"},{"@type":"ListItem","position":2,"name":"Bolsonaro tem evolu\u00e7\u00e3o cl\u00ednica satisfat\u00f3ria, diz boletim m\u00e9dico"}]},{"@type":"WebSite","@id":"https:\/\/regiaonews.net.br\/2022\/#website","url":"https:\/\/regiaonews.net.br\/2022\/","name":"Regi\u00e3o News","description":"Site de Not\u00edcias de Barretos e regi\u00e3o","publisher":{"@id":"https:\/\/regiaonews.net.br\/2022\/#organization"},"potentialAction":[{"@type":"SearchAction","target":{"@type":"EntryPoint","urlTemplate":"https:\/\/regiaonews.net.br\/2022\/?s={search_term_string}"},"query-input":{"@type":"PropertyValueSpecification","valueRequired":true,"valueName":"search_term_string"}}],"inLanguage":"pt-BR"},{"@type":"Organization","@id":"https:\/\/regiaonews.net.br\/2022\/#organization","name":"Regi\u00e3o News","url":"https:\/\/regiaonews.net.br\/2022\/","logo":{"@type":"ImageObject","inLanguage":"pt-BR","@id":"https:\/\/regiaonews.net.br\/2022\/#\/schema\/logo\/image\/","url":"https:\/\/regiaonews.net.br\/2022\/wp-content\/uploads\/2026\/03\/regiao-13-anos-scaled.jpg","contentUrl":"https:\/\/regiaonews.net.br\/2022\/wp-content\/uploads\/2026\/03\/regiao-13-anos-scaled.jpg","width":2560,"height":635,"caption":"Regi\u00e3o News"},"image":{"@id":"https:\/\/regiaonews.net.br\/2022\/#\/schema\/logo\/image\/"}},{"@type":"Person","@id":"https:\/\/regiaonews.net.br\/2022\/#\/schema\/person\/2d205a608a5aa97ac279d7a5e6d89ad8","name":"Roberto","image":{"@type":"ImageObject","inLanguage":"pt-BR","@id":"https:\/\/secure.gravatar.com\/avatar\/42749d8b712ff9d59ca93dc150494e5b55a44134482993f5baeb97e61b7ecc89?s=96&d=mm&r=g","url":"https:\/\/secure.gravatar.com\/avatar\/42749d8b712ff9d59ca93dc150494e5b55a44134482993f5baeb97e61b7ecc89?s=96&d=mm&r=g","contentUrl":"https:\/\/secure.gravatar.com\/avatar\/42749d8b712ff9d59ca93dc150494e5b55a44134482993f5baeb97e61b7ecc89?s=96&d=mm&r=g","caption":"Roberto"},"url":"https:\/\/regiaonews.net.br\/2022\/author\/roberto\/"}]}},"publishpress_future_action":{"enabled":false,"date":"2026-05-02 05:08:47","action":"change-status","newStatus":"draft","terms":[],"taxonomy":"category","extraData":[]},"publishpress_future_workflow_manual_trigger":{"enabledWorkflows":[]},"_links":{"self":[{"href":"https:\/\/regiaonews.net.br\/2022\/wp-json\/wp\/v2\/posts\/50341","targetHints":{"allow":["GET"]}}],"collection":[{"href":"https:\/\/regiaonews.net.br\/2022\/wp-json\/wp\/v2\/posts"}],"about":[{"href":"https:\/\/regiaonews.net.br\/2022\/wp-json\/wp\/v2\/types\/post"}],"author":[{"embeddable":true,"href":"https:\/\/regiaonews.net.br\/2022\/wp-json\/wp\/v2\/users\/2"}],"replies":[{"embeddable":true,"href":"https:\/\/regiaonews.net.br\/2022\/wp-json\/wp\/v2\/comments?post=50341"}],"version-history":[{"count":0,"href":"https:\/\/regiaonews.net.br\/2022\/wp-json\/wp\/v2\/posts\/50341\/revisions"}],"wp:featuredmedia":[{"embeddable":true,"href":"https:\/\/regiaonews.net.br\/2022\/wp-json\/wp\/v2\/media\/50342"}],"wp:attachment":[{"href":"https:\/\/regiaonews.net.br\/2022\/wp-json\/wp\/v2\/media?parent=50341"}],"wp:term":[{"taxonomy":"category","embeddable":true,"href":"https:\/\/regiaonews.net.br\/2022\/wp-json\/wp\/v2\/categories?post=50341"},{"taxonomy":"post_tag","embeddable":true,"href":"https:\/\/regiaonews.net.br\/2022\/wp-json\/wp\/v2\/tags?post=50341"}],"curies":[{"name":"wp","href":"https:\/\/api.w.org\/{rel}","templated":true}]}}