{"id":50336,"date":"2021-07-15T23:29:17","date_gmt":"2021-07-16T02:29:17","guid":{"rendered":"https:\/\/regiaonews.net.br\/2022\/?p=50336"},"modified":"2021-07-16T05:30:56","modified_gmt":"2021-07-16T08:30:56","slug":"prefeitura-de-colina-recebe-cestas-de-alimentos-da-usina-guarani-para-beneficiar-familias-de-baixa-renda","status":"publish","type":"post","link":"https:\/\/regiaonews.net.br\/2022\/2021\/07\/15\/prefeitura-de-colina-recebe-cestas-de-alimentos-da-usina-guarani-para-beneficiar-familias-de-baixa-renda\/","title":{"rendered":"Prefeitura de Colina recebe cestas da Guarani para beneficiar fam\u00edlias de baixa renda"},"content":{"rendered":"<p><a href=\"https:\/\/regiaonews.net.br\/2022\/wp-content\/uploads\/2021\/07\/20210715_232508.jpg\"><img loading=\"lazy\" decoding=\"async\" class=\"alignnone size-medium wp-image-50337\" src=\"https:\/\/regiaonews.net.br\/2022\/wp-content\/uploads\/2021\/07\/20210715_232508-300x200.jpg\" alt=\"\" width=\"300\" height=\"200\" \/><\/a><\/p>\n<p>&nbsp;<\/p>\n<p>No \u00faltimo dia 03 de julho, a Prefeitura Municipal de Colina recebeu da Guarani Tereos A\u00e7\u00facar &amp; Energia Brasil (unidade S\u00e3o Jos\u00e9 ), 200 cestas b\u00e1sicas, que ser\u00e3o distribu\u00eddas \u00e0s fam\u00edlias de baixa renda, assistidas pelo Fundo Social de Solidariedade e Secretaria Municipal de Desenvolvimento Social de Colina.<br \/>\nNa ocasi\u00e3o, o Vice-prefeito S\u00e9rgio Campanholi, acompanhado do Secret\u00e1rio Municipal de Ind\u00fastria, Com\u00e9rcio e Agricultura, Ren\u00ea \u00c2ngelo Sasaki de Souza e da Coordenadora do Centro de Educa\u00e7\u00e3o Complementar \u201cAnt\u00f4nio Hideo Ikuma\u201d, Prof\u00aa. Loide Ferreira Rosa Fernandes, receberam as doa\u00e7\u00f5es.<br \/>\nAs cestas de alimentos ser\u00e3o distribu\u00eddas \u00e0s fam\u00edlias mais necessitadas, assistidas pelo Fundo Social e Secretaria de Desenvolvimento Social do munic\u00edpio, principalmente as afetadas pelos reflexos da crise econ\u00f4mica que enfrentamos decorrente da pandemia causada pela COVID-19.<br \/>\nO Vice-prefeito S\u00e9rgio Campanholi destacou que as cestas de alimentos chegam em um momento importante, de enfrentamento \u00e0 pandemia e agradeceu a Guarani Tereos A\u00e7\u00facar &amp; Energia pela doa\u00e7\u00e3o dos g\u00eaneros aliment\u00edcios.<\/p>\n<p>Tet\u00ea Poliseli<br \/>\nAssessora de Imprensa<br \/>\nPrefeitura Municipal de Colina<\/p>\n","protected":false},"excerpt":{"rendered":"<p>&nbsp; No \u00faltimo dia 03 de julho, a Prefeitura Municipal<\/p>\n","protected":false},"author":2,"featured_media":50337,"comment_status":"open","ping_status":"open","sticky":false,"template":"","format":"standard","meta":{"footnotes":""},"categories":[25,5,82],"tags":[],"class_list":["post-50336","post","type-post","status-publish","format-standard","has-post-thumbnail","hentry","category-cidades","category-colina","category-solidariedade"],"yoast_head":"<!-- This site is optimized with the Yoast SEO plugin v27.4 - https:\/\/yoast.com\/product\/yoast-seo-wordpress\/ -->\n<title>Prefeitura de Colina recebe cestas da Guarani para beneficiar fam\u00edlias de baixa renda - Regi\u00e3o News<\/title>\n<meta name=\"robots\" content=\"index, follow, max-snippet:-1, max-image-preview:large, max-video-preview:-1\" \/>\n<link rel=\"canonical\" href=\"https:\/\/regiaonews.net.br\/2022\/2021\/07\/15\/prefeitura-de-colina-recebe-cestas-de-alimentos-da-usina-guarani-para-beneficiar-familias-de-baixa-renda\/\" \/>\n<meta property=\"og:locale\" content=\"pt_BR\" \/>\n<meta property=\"og:type\" content=\"article\" \/>\n<meta property=\"og:title\" content=\"Prefeitura de Colina recebe cestas da Guarani para beneficiar fam\u00edlias de baixa renda - Regi\u00e3o News\" \/>\n<meta property=\"og:description\" content=\"&nbsp; No \u00faltimo dia 03 de julho, a Prefeitura Municipal\" \/>\n<meta property=\"og:url\" content=\"https:\/\/regiaonews.net.br\/2022\/2021\/07\/15\/prefeitura-de-colina-recebe-cestas-de-alimentos-da-usina-guarani-para-beneficiar-familias-de-baixa-renda\/\" \/>\n<meta property=\"og:site_name\" content=\"Regi\u00e3o News\" \/>\n<meta property=\"article:published_time\" content=\"2021-07-16T02:29:17+00:00\" \/>\n<meta property=\"article:modified_time\" content=\"2021-07-16T08:30:56+00:00\" \/>\n<meta property=\"og:image\" content=\"https:\/\/regiaonews.net.br\/2022\/wp-content\/uploads\/2021\/07\/20210715_232508.jpg\" \/>\n\t<meta property=\"og:image:width\" content=\"1069\" \/>\n\t<meta property=\"og:image:height\" content=\"714\" \/>\n\t<meta property=\"og:image:type\" content=\"image\/jpeg\" \/>\n<meta name=\"author\" content=\"Roberto\" \/>\n<meta name=\"twitter:card\" content=\"summary_large_image\" \/>\n<meta name=\"twitter:label1\" content=\"Escrito por\" \/>\n\t<meta name=\"twitter:data1\" content=\"Roberto\" \/>\n\t<meta name=\"twitter:label2\" content=\"Est. tempo de leitura\" \/>\n\t<meta name=\"twitter:data2\" content=\"1 minuto\" \/>\n<script type=\"application\/ld+json\" class=\"yoast-schema-graph\">{\"@context\":\"https:\\\/\\\/schema.org\",\"@graph\":[{\"@type\":\"Article\",\"@id\":\"https:\\\/\\\/regiaonews.net.br\\\/2022\\\/2021\\\/07\\\/15\\\/prefeitura-de-colina-recebe-cestas-de-alimentos-da-usina-guarani-para-beneficiar-familias-de-baixa-renda\\\/#article\",\"isPartOf\":{\"@id\":\"https:\\\/\\\/regiaonews.net.br\\\/2022\\\/2021\\\/07\\\/15\\\/prefeitura-de-colina-recebe-cestas-de-alimentos-da-usina-guarani-para-beneficiar-familias-de-baixa-renda\\\/\"},\"author\":{\"name\":\"Roberto\",\"@id\":\"https:\\\/\\\/regiaonews.net.br\\\/2022\\\/#\\\/schema\\\/person\\\/2d205a608a5aa97ac279d7a5e6d89ad8\"},\"headline\":\"Prefeitura de Colina recebe cestas da Guarani para beneficiar fam\u00edlias de baixa renda\",\"datePublished\":\"2021-07-16T02:29:17+00:00\",\"dateModified\":\"2021-07-16T08:30:56+00:00\",\"mainEntityOfPage\":{\"@id\":\"https:\\\/\\\/regiaonews.net.br\\\/2022\\\/2021\\\/07\\\/15\\\/prefeitura-de-colina-recebe-cestas-de-alimentos-da-usina-guarani-para-beneficiar-familias-de-baixa-renda\\\/\"},\"wordCount\":200,\"commentCount\":0,\"publisher\":{\"@id\":\"https:\\\/\\\/regiaonews.net.br\\\/2022\\\/#organization\"},\"image\":{\"@id\":\"https:\\\/\\\/regiaonews.net.br\\\/2022\\\/2021\\\/07\\\/15\\\/prefeitura-de-colina-recebe-cestas-de-alimentos-da-usina-guarani-para-beneficiar-familias-de-baixa-renda\\\/#primaryimage\"},\"thumbnailUrl\":\"https:\\\/\\\/regiaonews.net.br\\\/2022\\\/wp-content\\\/uploads\\\/2021\\\/07\\\/20210715_232508.jpg\",\"articleSection\":[\"Cidades\",\"Colina\",\"Solidariedade\"],\"inLanguage\":\"pt-BR\",\"potentialAction\":[{\"@type\":\"CommentAction\",\"name\":\"Comment\",\"target\":[\"https:\\\/\\\/regiaonews.net.br\\\/2022\\\/2021\\\/07\\\/15\\\/prefeitura-de-colina-recebe-cestas-de-alimentos-da-usina-guarani-para-beneficiar-familias-de-baixa-renda\\\/#respond\"]}]},{\"@type\":\"WebPage\",\"@id\":\"https:\\\/\\\/regiaonews.net.br\\\/2022\\\/2021\\\/07\\\/15\\\/prefeitura-de-colina-recebe-cestas-de-alimentos-da-usina-guarani-para-beneficiar-familias-de-baixa-renda\\\/\",\"url\":\"https:\\\/\\\/regiaonews.net.br\\\/2022\\\/2021\\\/07\\\/15\\\/prefeitura-de-colina-recebe-cestas-de-alimentos-da-usina-guarani-para-beneficiar-familias-de-baixa-renda\\\/\",\"name\":\"Prefeitura de Colina recebe cestas da Guarani para beneficiar fam\u00edlias de baixa renda - Regi\u00e3o News\",\"isPartOf\":{\"@id\":\"https:\\\/\\\/regiaonews.net.br\\\/2022\\\/#website\"},\"primaryImageOfPage\":{\"@id\":\"https:\\\/\\\/regiaonews.net.br\\\/2022\\\/2021\\\/07\\\/15\\\/prefeitura-de-colina-recebe-cestas-de-alimentos-da-usina-guarani-para-beneficiar-familias-de-baixa-renda\\\/#primaryimage\"},\"image\":{\"@id\":\"https:\\\/\\\/regiaonews.net.br\\\/2022\\\/2021\\\/07\\\/15\\\/prefeitura-de-colina-recebe-cestas-de-alimentos-da-usina-guarani-para-beneficiar-familias-de-baixa-renda\\\/#primaryimage\"},\"thumbnailUrl\":\"https:\\\/\\\/regiaonews.net.br\\\/2022\\\/wp-content\\\/uploads\\\/2021\\\/07\\\/20210715_232508.jpg\",\"datePublished\":\"2021-07-16T02:29:17+00:00\",\"dateModified\":\"2021-07-16T08:30:56+00:00\",\"breadcrumb\":{\"@id\":\"https:\\\/\\\/regiaonews.net.br\\\/2022\\\/2021\\\/07\\\/15\\\/prefeitura-de-colina-recebe-cestas-de-alimentos-da-usina-guarani-para-beneficiar-familias-de-baixa-renda\\\/#breadcrumb\"},\"inLanguage\":\"pt-BR\",\"potentialAction\":[{\"@type\":\"ReadAction\",\"target\":[\"https:\\\/\\\/regiaonews.net.br\\\/2022\\\/2021\\\/07\\\/15\\\/prefeitura-de-colina-recebe-cestas-de-alimentos-da-usina-guarani-para-beneficiar-familias-de-baixa-renda\\\/\"]}]},{\"@type\":\"ImageObject\",\"inLanguage\":\"pt-BR\",\"@id\":\"https:\\\/\\\/regiaonews.net.br\\\/2022\\\/2021\\\/07\\\/15\\\/prefeitura-de-colina-recebe-cestas-de-alimentos-da-usina-guarani-para-beneficiar-familias-de-baixa-renda\\\/#primaryimage\",\"url\":\"https:\\\/\\\/regiaonews.net.br\\\/2022\\\/wp-content\\\/uploads\\\/2021\\\/07\\\/20210715_232508.jpg\",\"contentUrl\":\"https:\\\/\\\/regiaonews.net.br\\\/2022\\\/wp-content\\\/uploads\\\/2021\\\/07\\\/20210715_232508.jpg\",\"width\":1069,\"height\":714},{\"@type\":\"BreadcrumbList\",\"@id\":\"https:\\\/\\\/regiaonews.net.br\\\/2022\\\/2021\\\/07\\\/15\\\/prefeitura-de-colina-recebe-cestas-de-alimentos-da-usina-guarani-para-beneficiar-familias-de-baixa-renda\\\/#breadcrumb\",\"itemListElement\":[{\"@type\":\"ListItem\",\"position\":1,\"name\":\"In\u00edcio\",\"item\":\"https:\\\/\\\/regiaonews.net.br\\\/2022\\\/\"},{\"@type\":\"ListItem\",\"position\":2,\"name\":\"Prefeitura de Colina recebe cestas da Guarani para beneficiar fam\u00edlias de baixa renda\"}]},{\"@type\":\"WebSite\",\"@id\":\"https:\\\/\\\/regiaonews.net.br\\\/2022\\\/#website\",\"url\":\"https:\\\/\\\/regiaonews.net.br\\\/2022\\\/\",\"name\":\"Regi\u00e3o News\",\"description\":\"Site de Not\u00edcias de Barretos e regi\u00e3o\",\"publisher\":{\"@id\":\"https:\\\/\\\/regiaonews.net.br\\\/2022\\\/#organization\"},\"potentialAction\":[{\"@type\":\"SearchAction\",\"target\":{\"@type\":\"EntryPoint\",\"urlTemplate\":\"https:\\\/\\\/regiaonews.net.br\\\/2022\\\/?s={search_term_string}\"},\"query-input\":{\"@type\":\"PropertyValueSpecification\",\"valueRequired\":true,\"valueName\":\"search_term_string\"}}],\"inLanguage\":\"pt-BR\"},{\"@type\":\"Organization\",\"@id\":\"https:\\\/\\\/regiaonews.net.br\\\/2022\\\/#organization\",\"name\":\"Regi\u00e3o News\",\"url\":\"https:\\\/\\\/regiaonews.net.br\\\/2022\\\/\",\"logo\":{\"@type\":\"ImageObject\",\"inLanguage\":\"pt-BR\",\"@id\":\"https:\\\/\\\/regiaonews.net.br\\\/2022\\\/#\\\/schema\\\/logo\\\/image\\\/\",\"url\":\"https:\\\/\\\/regiaonews.net.br\\\/2022\\\/wp-content\\\/uploads\\\/2026\\\/03\\\/regiao-13-anos-scaled.jpg\",\"contentUrl\":\"https:\\\/\\\/regiaonews.net.br\\\/2022\\\/wp-content\\\/uploads\\\/2026\\\/03\\\/regiao-13-anos-scaled.jpg\",\"width\":2560,\"height\":635,\"caption\":\"Regi\u00e3o News\"},\"image\":{\"@id\":\"https:\\\/\\\/regiaonews.net.br\\\/2022\\\/#\\\/schema\\\/logo\\\/image\\\/\"}},{\"@type\":\"Person\",\"@id\":\"https:\\\/\\\/regiaonews.net.br\\\/2022\\\/#\\\/schema\\\/person\\\/2d205a608a5aa97ac279d7a5e6d89ad8\",\"name\":\"Roberto\",\"image\":{\"@type\":\"ImageObject\",\"inLanguage\":\"pt-BR\",\"@id\":\"https:\\\/\\\/secure.gravatar.com\\\/avatar\\\/42749d8b712ff9d59ca93dc150494e5b55a44134482993f5baeb97e61b7ecc89?s=96&d=mm&r=g\",\"url\":\"https:\\\/\\\/secure.gravatar.com\\\/avatar\\\/42749d8b712ff9d59ca93dc150494e5b55a44134482993f5baeb97e61b7ecc89?s=96&d=mm&r=g\",\"contentUrl\":\"https:\\\/\\\/secure.gravatar.com\\\/avatar\\\/42749d8b712ff9d59ca93dc150494e5b55a44134482993f5baeb97e61b7ecc89?s=96&d=mm&r=g\",\"caption\":\"Roberto\"},\"url\":\"https:\\\/\\\/regiaonews.net.br\\\/2022\\\/author\\\/roberto\\\/\"}]}<\/script>\n<!-- \/ Yoast SEO plugin. -->","yoast_head_json":{"title":"Prefeitura de Colina recebe cestas da Guarani para beneficiar fam\u00edlias de baixa renda - Regi\u00e3o News","robots":{"index":"index","follow":"follow","max-snippet":"max-snippet:-1","max-image-preview":"max-image-preview:large","max-video-preview":"max-video-preview:-1"},"canonical":"https:\/\/regiaonews.net.br\/2022\/2021\/07\/15\/prefeitura-de-colina-recebe-cestas-de-alimentos-da-usina-guarani-para-beneficiar-familias-de-baixa-renda\/","og_locale":"pt_BR","og_type":"article","og_title":"Prefeitura de Colina recebe cestas da Guarani para beneficiar fam\u00edlias de baixa renda - Regi\u00e3o News","og_description":"&nbsp; No \u00faltimo dia 03 de julho, a Prefeitura Municipal","og_url":"https:\/\/regiaonews.net.br\/2022\/2021\/07\/15\/prefeitura-de-colina-recebe-cestas-de-alimentos-da-usina-guarani-para-beneficiar-familias-de-baixa-renda\/","og_site_name":"Regi\u00e3o News","article_published_time":"2021-07-16T02:29:17+00:00","article_modified_time":"2021-07-16T08:30:56+00:00","og_image":[{"width":1069,"height":714,"url":"https:\/\/regiaonews.net.br\/2022\/wp-content\/uploads\/2021\/07\/20210715_232508.jpg","type":"image\/jpeg"}],"author":"Roberto","twitter_card":"summary_large_image","twitter_misc":{"Escrito por":"Roberto","Est. tempo de leitura":"1 minuto"},"schema":{"@context":"https:\/\/schema.org","@graph":[{"@type":"Article","@id":"https:\/\/regiaonews.net.br\/2022\/2021\/07\/15\/prefeitura-de-colina-recebe-cestas-de-alimentos-da-usina-guarani-para-beneficiar-familias-de-baixa-renda\/#article","isPartOf":{"@id":"https:\/\/regiaonews.net.br\/2022\/2021\/07\/15\/prefeitura-de-colina-recebe-cestas-de-alimentos-da-usina-guarani-para-beneficiar-familias-de-baixa-renda\/"},"author":{"name":"Roberto","@id":"https:\/\/regiaonews.net.br\/2022\/#\/schema\/person\/2d205a608a5aa97ac279d7a5e6d89ad8"},"headline":"Prefeitura de Colina recebe cestas da Guarani para beneficiar fam\u00edlias de baixa renda","datePublished":"2021-07-16T02:29:17+00:00","dateModified":"2021-07-16T08:30:56+00:00","mainEntityOfPage":{"@id":"https:\/\/regiaonews.net.br\/2022\/2021\/07\/15\/prefeitura-de-colina-recebe-cestas-de-alimentos-da-usina-guarani-para-beneficiar-familias-de-baixa-renda\/"},"wordCount":200,"commentCount":0,"publisher":{"@id":"https:\/\/regiaonews.net.br\/2022\/#organization"},"image":{"@id":"https:\/\/regiaonews.net.br\/2022\/2021\/07\/15\/prefeitura-de-colina-recebe-cestas-de-alimentos-da-usina-guarani-para-beneficiar-familias-de-baixa-renda\/#primaryimage"},"thumbnailUrl":"https:\/\/regiaonews.net.br\/2022\/wp-content\/uploads\/2021\/07\/20210715_232508.jpg","articleSection":["Cidades","Colina","Solidariedade"],"inLanguage":"pt-BR","potentialAction":[{"@type":"CommentAction","name":"Comment","target":["https:\/\/regiaonews.net.br\/2022\/2021\/07\/15\/prefeitura-de-colina-recebe-cestas-de-alimentos-da-usina-guarani-para-beneficiar-familias-de-baixa-renda\/#respond"]}]},{"@type":"WebPage","@id":"https:\/\/regiaonews.net.br\/2022\/2021\/07\/15\/prefeitura-de-colina-recebe-cestas-de-alimentos-da-usina-guarani-para-beneficiar-familias-de-baixa-renda\/","url":"https:\/\/regiaonews.net.br\/2022\/2021\/07\/15\/prefeitura-de-colina-recebe-cestas-de-alimentos-da-usina-guarani-para-beneficiar-familias-de-baixa-renda\/","name":"Prefeitura de Colina recebe cestas da Guarani para beneficiar fam\u00edlias de baixa renda - Regi\u00e3o News","isPartOf":{"@id":"https:\/\/regiaonews.net.br\/2022\/#website"},"primaryImageOfPage":{"@id":"https:\/\/regiaonews.net.br\/2022\/2021\/07\/15\/prefeitura-de-colina-recebe-cestas-de-alimentos-da-usina-guarani-para-beneficiar-familias-de-baixa-renda\/#primaryimage"},"image":{"@id":"https:\/\/regiaonews.net.br\/2022\/2021\/07\/15\/prefeitura-de-colina-recebe-cestas-de-alimentos-da-usina-guarani-para-beneficiar-familias-de-baixa-renda\/#primaryimage"},"thumbnailUrl":"https:\/\/regiaonews.net.br\/2022\/wp-content\/uploads\/2021\/07\/20210715_232508.jpg","datePublished":"2021-07-16T02:29:17+00:00","dateModified":"2021-07-16T08:30:56+00:00","breadcrumb":{"@id":"https:\/\/regiaonews.net.br\/2022\/2021\/07\/15\/prefeitura-de-colina-recebe-cestas-de-alimentos-da-usina-guarani-para-beneficiar-familias-de-baixa-renda\/#breadcrumb"},"inLanguage":"pt-BR","potentialAction":[{"@type":"ReadAction","target":["https:\/\/regiaonews.net.br\/2022\/2021\/07\/15\/prefeitura-de-colina-recebe-cestas-de-alimentos-da-usina-guarani-para-beneficiar-familias-de-baixa-renda\/"]}]},{"@type":"ImageObject","inLanguage":"pt-BR","@id":"https:\/\/regiaonews.net.br\/2022\/2021\/07\/15\/prefeitura-de-colina-recebe-cestas-de-alimentos-da-usina-guarani-para-beneficiar-familias-de-baixa-renda\/#primaryimage","url":"https:\/\/regiaonews.net.br\/2022\/wp-content\/uploads\/2021\/07\/20210715_232508.jpg","contentUrl":"https:\/\/regiaonews.net.br\/2022\/wp-content\/uploads\/2021\/07\/20210715_232508.jpg","width":1069,"height":714},{"@type":"BreadcrumbList","@id":"https:\/\/regiaonews.net.br\/2022\/2021\/07\/15\/prefeitura-de-colina-recebe-cestas-de-alimentos-da-usina-guarani-para-beneficiar-familias-de-baixa-renda\/#breadcrumb","itemListElement":[{"@type":"ListItem","position":1,"name":"In\u00edcio","item":"https:\/\/regiaonews.net.br\/2022\/"},{"@type":"ListItem","position":2,"name":"Prefeitura de Colina recebe cestas da Guarani para beneficiar fam\u00edlias de baixa renda"}]},{"@type":"WebSite","@id":"https:\/\/regiaonews.net.br\/2022\/#website","url":"https:\/\/regiaonews.net.br\/2022\/","name":"Regi\u00e3o News","description":"Site de Not\u00edcias de Barretos e regi\u00e3o","publisher":{"@id":"https:\/\/regiaonews.net.br\/2022\/#organization"},"potentialAction":[{"@type":"SearchAction","target":{"@type":"EntryPoint","urlTemplate":"https:\/\/regiaonews.net.br\/2022\/?s={search_term_string}"},"query-input":{"@type":"PropertyValueSpecification","valueRequired":true,"valueName":"search_term_string"}}],"inLanguage":"pt-BR"},{"@type":"Organization","@id":"https:\/\/regiaonews.net.br\/2022\/#organization","name":"Regi\u00e3o News","url":"https:\/\/regiaonews.net.br\/2022\/","logo":{"@type":"ImageObject","inLanguage":"pt-BR","@id":"https:\/\/regiaonews.net.br\/2022\/#\/schema\/logo\/image\/","url":"https:\/\/regiaonews.net.br\/2022\/wp-content\/uploads\/2026\/03\/regiao-13-anos-scaled.jpg","contentUrl":"https:\/\/regiaonews.net.br\/2022\/wp-content\/uploads\/2026\/03\/regiao-13-anos-scaled.jpg","width":2560,"height":635,"caption":"Regi\u00e3o News"},"image":{"@id":"https:\/\/regiaonews.net.br\/2022\/#\/schema\/logo\/image\/"}},{"@type":"Person","@id":"https:\/\/regiaonews.net.br\/2022\/#\/schema\/person\/2d205a608a5aa97ac279d7a5e6d89ad8","name":"Roberto","image":{"@type":"ImageObject","inLanguage":"pt-BR","@id":"https:\/\/secure.gravatar.com\/avatar\/42749d8b712ff9d59ca93dc150494e5b55a44134482993f5baeb97e61b7ecc89?s=96&d=mm&r=g","url":"https:\/\/secure.gravatar.com\/avatar\/42749d8b712ff9d59ca93dc150494e5b55a44134482993f5baeb97e61b7ecc89?s=96&d=mm&r=g","contentUrl":"https:\/\/secure.gravatar.com\/avatar\/42749d8b712ff9d59ca93dc150494e5b55a44134482993f5baeb97e61b7ecc89?s=96&d=mm&r=g","caption":"Roberto"},"url":"https:\/\/regiaonews.net.br\/2022\/author\/roberto\/"}]}},"publishpress_future_action":{"enabled":false,"date":"2026-05-02 05:21:41","action":"change-status","newStatus":"draft","terms":[],"taxonomy":"category","extraData":[]},"publishpress_future_workflow_manual_trigger":{"enabledWorkflows":[]},"_links":{"self":[{"href":"https:\/\/regiaonews.net.br\/2022\/wp-json\/wp\/v2\/posts\/50336","targetHints":{"allow":["GET"]}}],"collection":[{"href":"https:\/\/regiaonews.net.br\/2022\/wp-json\/wp\/v2\/posts"}],"about":[{"href":"https:\/\/regiaonews.net.br\/2022\/wp-json\/wp\/v2\/types\/post"}],"author":[{"embeddable":true,"href":"https:\/\/regiaonews.net.br\/2022\/wp-json\/wp\/v2\/users\/2"}],"replies":[{"embeddable":true,"href":"https:\/\/regiaonews.net.br\/2022\/wp-json\/wp\/v2\/comments?post=50336"}],"version-history":[{"count":0,"href":"https:\/\/regiaonews.net.br\/2022\/wp-json\/wp\/v2\/posts\/50336\/revisions"}],"wp:featuredmedia":[{"embeddable":true,"href":"https:\/\/regiaonews.net.br\/2022\/wp-json\/wp\/v2\/media\/50337"}],"wp:attachment":[{"href":"https:\/\/regiaonews.net.br\/2022\/wp-json\/wp\/v2\/media?parent=50336"}],"wp:term":[{"taxonomy":"category","embeddable":true,"href":"https:\/\/regiaonews.net.br\/2022\/wp-json\/wp\/v2\/categories?post=50336"},{"taxonomy":"post_tag","embeddable":true,"href":"https:\/\/regiaonews.net.br\/2022\/wp-json\/wp\/v2\/tags?post=50336"}],"curies":[{"name":"wp","href":"https:\/\/api.w.org\/{rel}","templated":true}]}}