{"id":50327,"date":"2021-07-15T19:45:49","date_gmt":"2021-07-15T22:45:49","guid":{"rendered":"https:\/\/regiaonews.net.br\/2022\/?p=50327"},"modified":"2021-07-16T05:33:15","modified_gmt":"2021-07-16T08:33:15","slug":"coletiva-de-imprensa-acib-e-sincomercio-fala-sobre-acoes-de-incentivo-ao-comercio-de-barretos","status":"publish","type":"post","link":"https:\/\/regiaonews.net.br\/2022\/2021\/07\/15\/coletiva-de-imprensa-acib-e-sincomercio-fala-sobre-acoes-de-incentivo-ao-comercio-de-barretos\/","title":{"rendered":"ACIB e Sincomercio lan\u00e7am promo\u00e7\u00e3o e define data do Empres\u00e1rio do Ano"},"content":{"rendered":"<div>\n<p>&nbsp;<\/p>\n<p><a href=\"https:\/\/regiaonews.net.br\/2022\/wp-content\/uploads\/2021\/07\/FOTOS-DIEGO-RODRIGUES-3.jpeg\"><img loading=\"lazy\" decoding=\"async\" class=\"alignnone size-medium wp-image-50330\" src=\"https:\/\/regiaonews.net.br\/2022\/wp-content\/uploads\/2021\/07\/FOTOS-DIEGO-RODRIGUES-3-300x200.jpeg\" alt=\"\" width=\"300\" height=\"200\" \/><\/a><a href=\"https:\/\/regiaonews.net.br\/2022\/wp-content\/uploads\/2021\/07\/FOTOS-DIEGO-RODRIGUES-1.jpeg\"><img loading=\"lazy\" decoding=\"async\" class=\"alignnone size-medium wp-image-50331\" src=\"https:\/\/regiaonews.net.br\/2022\/wp-content\/uploads\/2021\/07\/FOTOS-DIEGO-RODRIGUES-1-300x200.jpeg\" alt=\"\" width=\"300\" height=\"200\" \/><\/a><\/p>\n<p>A coletiva de imprensa realizada pela presidente da Associa\u00e7\u00e3o comercial e Industrial de Barretos \u2013 ACIB, Jackelyne Rossini, na manh\u00e3 desta quinta- feira, 15 de julho, informou sobre as a\u00e7\u00f5es e destaques do com\u00e9rcio barretense a partir deste m\u00eas. Tamb\u00e9m estiveram presentes as diretoras da ACIB, Glaucia Chiarelli, Izabela Pivotto Abe e Paula Seconelli Cruvinel e o assessor jur\u00eddico, Thyago Abra\u00e3o.<\/p>\n<p>Jackelyne\u00a0\u00a0fez lan\u00e7amento oficial da Campanha Pais e Av\u00f3s do com\u00e9rcio de Barretos 2021, que este ano leva o nome \u201c Tal pai, Tal filho, Tal neto\u201d, e apresenta\u00e7\u00e3o do nome do ganhador do concurso cultural para ilustrar a campanha deste ano,\u00a0\u00a0Wanderley dos Santos J\u00fanior, Tininho e sua filha Maria Eduarda ( 4 anos)<\/p>\n<p>Durante a coletiva foi divulgada a data de 20 de novembro\/2021 para a realiza\u00e7\u00e3o\u00a0\u00a0do\u00a0\u00a0\u00a0jantar \u201cEmpres\u00e1rio e Empres\u00e1ria do ano 2020\u201d, com homenagem para Vera Lucia Dini Pivotto Abe e Giovani Barroti e demais destaques, com buffet Danilo Borges e banda Doce Veneno a confirmar. Tamb\u00e9m foi\u00a0\u00a0anunciada a venda das ades\u00f5es na ACIB para o jantar deste ano.<\/p>\n<p>Jackelyne Rossini informou ainda a\u00a0\u00a0realiza\u00e7\u00e3o da pesquisa de escolha do Empres\u00e1rio e Empres\u00e1ria\u00a0\u00a0do ano e destaques do com\u00e9rcio 2021,\u00a0\u00a0que este ano tem execu\u00e7\u00e3o da empresa Dado Consultoria, coordenada por Maria Paula Barcellos, e\u00a0\u00a0traz novos segmentos como o influencer e personal destaque em Barretos. A premia\u00e7\u00e3o dos destaques 2021 tem previs\u00e3o para mar\u00e7o de 2022.<\/p>\n<p>A presidente da ACIB apresentou dados sobre a vacina\u00e7\u00e3o em Barretos e\u00a0\u00a0refor\u00e7ou que a pesquisa e premia\u00e7\u00e3o dos Destaques do Com\u00e9rcio como formas de incentivo ao com\u00e9rcio da cidade e consequente incentivo \u00e0 economia. \u201cDados da Secretaria Municipal de Sa\u00fade de Barretos, divulgados nesta quarta, 14 de julho, apontam que em Barretos j\u00e1 foram aplicadas 86 mil 827 doses da vacina, sendo 64 mil 212 pessoas com a primeira dose, 20 mil 601 com a segunda dose\u00a0\u00a0e\u00a0\u00a02 mil 14 com dose \u00fanica, ou seja, mais de 52% da popula\u00e7\u00e3o j\u00e1 recebeu a primeira dose da vacina, o que esperamos ser um incentivo e seguran\u00e7a para que as pessoas realizem suas compras. O \u201cEmpres\u00e1rio destaque\u201d \u00e9 uma forma de homenagear as pessoas que est\u00e3 \u00e0 frente do com\u00e9rcio e, ao mesmo tempo, buscam assim como a vacina, tamb\u00e9m incentivar a nossa economia\u201d, disse.<\/p>\n<p>&nbsp;<\/p>\n<p>Durante a coletiva Tininho J\u00fanior falou sobre sua participa\u00e7\u00e3o na Campanha da ACIB 2021, agradeceu aos votos e relembrou a trajet\u00f3ria e exemplos deixados pelo seu pai, Wanderley dos Santos, o Tininho, \u201c Agrade\u00e7o aos votos e oportunidade dada pela ACIB em deixar registrado o carinho com minha filha Maria Eduarda, assim como todo amor e ensinamentos deixados pelo meu pai, disse.<\/p>\n<p>Maria Paula Barcellos explicou sobre a metodologia de pesquisa, que ser\u00e1 realizada na vers\u00e3o on-line \u201c A pesquisa ter\u00e1 coleta de dados , tabula\u00e7\u00e3o e an\u00e1lise de tudo o que for coletado e entre setembro\/ outubro ser\u00e1 entregue o relat\u00f3rio final\u201d, falou.<\/p>\n<div><\/div>\n<\/div>\n<div dir=\"ltr\">\n<div>Reda\u00e7\u00e3o: Glaucia Chiarelli MTB\/ SP 72458<\/div>\n<\/div>\n","protected":false},"excerpt":{"rendered":"<p>&nbsp; A coletiva de imprensa realizada pela presidente da Associa\u00e7\u00e3o<\/p>\n","protected":false},"author":2,"featured_media":50331,"comment_status":"open","ping_status":"open","sticky":false,"template":"","format":"standard","meta":{"footnotes":""},"categories":[14,48],"tags":[],"class_list":["post-50327","post","type-post","status-publish","format-standard","has-post-thumbnail","hentry","category-barretos","category-comercio"],"yoast_head":"<!-- This site is optimized with the Yoast SEO plugin v27.4 - https:\/\/yoast.com\/product\/yoast-seo-wordpress\/ -->\n<title>ACIB e Sincomercio lan\u00e7am promo\u00e7\u00e3o e define data do Empres\u00e1rio do Ano - Regi\u00e3o News<\/title>\n<meta name=\"robots\" content=\"index, follow, max-snippet:-1, max-image-preview:large, max-video-preview:-1\" \/>\n<link rel=\"canonical\" href=\"https:\/\/regiaonews.net.br\/2022\/2021\/07\/15\/coletiva-de-imprensa-acib-e-sincomercio-fala-sobre-acoes-de-incentivo-ao-comercio-de-barretos\/\" \/>\n<meta property=\"og:locale\" content=\"pt_BR\" \/>\n<meta property=\"og:type\" content=\"article\" \/>\n<meta property=\"og:title\" content=\"ACIB e Sincomercio lan\u00e7am promo\u00e7\u00e3o e define data do Empres\u00e1rio do Ano - Regi\u00e3o News\" \/>\n<meta property=\"og:description\" content=\"&nbsp; A coletiva de imprensa realizada pela presidente da Associa\u00e7\u00e3o\" \/>\n<meta property=\"og:url\" content=\"https:\/\/regiaonews.net.br\/2022\/2021\/07\/15\/coletiva-de-imprensa-acib-e-sincomercio-fala-sobre-acoes-de-incentivo-ao-comercio-de-barretos\/\" \/>\n<meta property=\"og:site_name\" content=\"Regi\u00e3o News\" \/>\n<meta property=\"article:published_time\" content=\"2021-07-15T22:45:49+00:00\" \/>\n<meta property=\"article:modified_time\" content=\"2021-07-16T08:33:15+00:00\" \/>\n<meta property=\"og:image\" content=\"https:\/\/regiaonews.net.br\/2022\/wp-content\/uploads\/2021\/07\/FOTOS-DIEGO-RODRIGUES-1.jpeg\" \/>\n\t<meta property=\"og:image:width\" content=\"1280\" \/>\n\t<meta property=\"og:image:height\" content=\"853\" \/>\n\t<meta property=\"og:image:type\" content=\"image\/jpeg\" \/>\n<meta name=\"author\" content=\"Roberto\" \/>\n<meta name=\"twitter:card\" content=\"summary_large_image\" \/>\n<meta name=\"twitter:label1\" content=\"Escrito por\" \/>\n\t<meta name=\"twitter:data1\" content=\"Roberto\" \/>\n\t<meta name=\"twitter:label2\" content=\"Est. tempo de leitura\" \/>\n\t<meta name=\"twitter:data2\" content=\"3 minutos\" \/>\n<script type=\"application\/ld+json\" class=\"yoast-schema-graph\">{\"@context\":\"https:\\\/\\\/schema.org\",\"@graph\":[{\"@type\":\"Article\",\"@id\":\"https:\\\/\\\/regiaonews.net.br\\\/2022\\\/2021\\\/07\\\/15\\\/coletiva-de-imprensa-acib-e-sincomercio-fala-sobre-acoes-de-incentivo-ao-comercio-de-barretos\\\/#article\",\"isPartOf\":{\"@id\":\"https:\\\/\\\/regiaonews.net.br\\\/2022\\\/2021\\\/07\\\/15\\\/coletiva-de-imprensa-acib-e-sincomercio-fala-sobre-acoes-de-incentivo-ao-comercio-de-barretos\\\/\"},\"author\":{\"name\":\"Roberto\",\"@id\":\"https:\\\/\\\/regiaonews.net.br\\\/2022\\\/#\\\/schema\\\/person\\\/2d205a608a5aa97ac279d7a5e6d89ad8\"},\"headline\":\"ACIB e Sincomercio lan\u00e7am promo\u00e7\u00e3o e define data do Empres\u00e1rio do Ano\",\"datePublished\":\"2021-07-15T22:45:49+00:00\",\"dateModified\":\"2021-07-16T08:33:15+00:00\",\"mainEntityOfPage\":{\"@id\":\"https:\\\/\\\/regiaonews.net.br\\\/2022\\\/2021\\\/07\\\/15\\\/coletiva-de-imprensa-acib-e-sincomercio-fala-sobre-acoes-de-incentivo-ao-comercio-de-barretos\\\/\"},\"wordCount\":522,\"commentCount\":0,\"publisher\":{\"@id\":\"https:\\\/\\\/regiaonews.net.br\\\/2022\\\/#organization\"},\"image\":{\"@id\":\"https:\\\/\\\/regiaonews.net.br\\\/2022\\\/2021\\\/07\\\/15\\\/coletiva-de-imprensa-acib-e-sincomercio-fala-sobre-acoes-de-incentivo-ao-comercio-de-barretos\\\/#primaryimage\"},\"thumbnailUrl\":\"https:\\\/\\\/regiaonews.net.br\\\/2022\\\/wp-content\\\/uploads\\\/2021\\\/07\\\/FOTOS-DIEGO-RODRIGUES-1.jpeg\",\"articleSection\":[\"Barretos\",\"Com\u00e9rcio\"],\"inLanguage\":\"pt-BR\",\"potentialAction\":[{\"@type\":\"CommentAction\",\"name\":\"Comment\",\"target\":[\"https:\\\/\\\/regiaonews.net.br\\\/2022\\\/2021\\\/07\\\/15\\\/coletiva-de-imprensa-acib-e-sincomercio-fala-sobre-acoes-de-incentivo-ao-comercio-de-barretos\\\/#respond\"]}]},{\"@type\":\"WebPage\",\"@id\":\"https:\\\/\\\/regiaonews.net.br\\\/2022\\\/2021\\\/07\\\/15\\\/coletiva-de-imprensa-acib-e-sincomercio-fala-sobre-acoes-de-incentivo-ao-comercio-de-barretos\\\/\",\"url\":\"https:\\\/\\\/regiaonews.net.br\\\/2022\\\/2021\\\/07\\\/15\\\/coletiva-de-imprensa-acib-e-sincomercio-fala-sobre-acoes-de-incentivo-ao-comercio-de-barretos\\\/\",\"name\":\"ACIB e Sincomercio lan\u00e7am promo\u00e7\u00e3o e define data do Empres\u00e1rio do Ano - Regi\u00e3o News\",\"isPartOf\":{\"@id\":\"https:\\\/\\\/regiaonews.net.br\\\/2022\\\/#website\"},\"primaryImageOfPage\":{\"@id\":\"https:\\\/\\\/regiaonews.net.br\\\/2022\\\/2021\\\/07\\\/15\\\/coletiva-de-imprensa-acib-e-sincomercio-fala-sobre-acoes-de-incentivo-ao-comercio-de-barretos\\\/#primaryimage\"},\"image\":{\"@id\":\"https:\\\/\\\/regiaonews.net.br\\\/2022\\\/2021\\\/07\\\/15\\\/coletiva-de-imprensa-acib-e-sincomercio-fala-sobre-acoes-de-incentivo-ao-comercio-de-barretos\\\/#primaryimage\"},\"thumbnailUrl\":\"https:\\\/\\\/regiaonews.net.br\\\/2022\\\/wp-content\\\/uploads\\\/2021\\\/07\\\/FOTOS-DIEGO-RODRIGUES-1.jpeg\",\"datePublished\":\"2021-07-15T22:45:49+00:00\",\"dateModified\":\"2021-07-16T08:33:15+00:00\",\"breadcrumb\":{\"@id\":\"https:\\\/\\\/regiaonews.net.br\\\/2022\\\/2021\\\/07\\\/15\\\/coletiva-de-imprensa-acib-e-sincomercio-fala-sobre-acoes-de-incentivo-ao-comercio-de-barretos\\\/#breadcrumb\"},\"inLanguage\":\"pt-BR\",\"potentialAction\":[{\"@type\":\"ReadAction\",\"target\":[\"https:\\\/\\\/regiaonews.net.br\\\/2022\\\/2021\\\/07\\\/15\\\/coletiva-de-imprensa-acib-e-sincomercio-fala-sobre-acoes-de-incentivo-ao-comercio-de-barretos\\\/\"]}]},{\"@type\":\"ImageObject\",\"inLanguage\":\"pt-BR\",\"@id\":\"https:\\\/\\\/regiaonews.net.br\\\/2022\\\/2021\\\/07\\\/15\\\/coletiva-de-imprensa-acib-e-sincomercio-fala-sobre-acoes-de-incentivo-ao-comercio-de-barretos\\\/#primaryimage\",\"url\":\"https:\\\/\\\/regiaonews.net.br\\\/2022\\\/wp-content\\\/uploads\\\/2021\\\/07\\\/FOTOS-DIEGO-RODRIGUES-1.jpeg\",\"contentUrl\":\"https:\\\/\\\/regiaonews.net.br\\\/2022\\\/wp-content\\\/uploads\\\/2021\\\/07\\\/FOTOS-DIEGO-RODRIGUES-1.jpeg\",\"width\":1280,\"height\":853},{\"@type\":\"BreadcrumbList\",\"@id\":\"https:\\\/\\\/regiaonews.net.br\\\/2022\\\/2021\\\/07\\\/15\\\/coletiva-de-imprensa-acib-e-sincomercio-fala-sobre-acoes-de-incentivo-ao-comercio-de-barretos\\\/#breadcrumb\",\"itemListElement\":[{\"@type\":\"ListItem\",\"position\":1,\"name\":\"In\u00edcio\",\"item\":\"https:\\\/\\\/regiaonews.net.br\\\/2022\\\/\"},{\"@type\":\"ListItem\",\"position\":2,\"name\":\"ACIB e Sincomercio lan\u00e7am promo\u00e7\u00e3o e define data do Empres\u00e1rio do Ano\"}]},{\"@type\":\"WebSite\",\"@id\":\"https:\\\/\\\/regiaonews.net.br\\\/2022\\\/#website\",\"url\":\"https:\\\/\\\/regiaonews.net.br\\\/2022\\\/\",\"name\":\"Regi\u00e3o News\",\"description\":\"Site de Not\u00edcias de Barretos e regi\u00e3o\",\"publisher\":{\"@id\":\"https:\\\/\\\/regiaonews.net.br\\\/2022\\\/#organization\"},\"potentialAction\":[{\"@type\":\"SearchAction\",\"target\":{\"@type\":\"EntryPoint\",\"urlTemplate\":\"https:\\\/\\\/regiaonews.net.br\\\/2022\\\/?s={search_term_string}\"},\"query-input\":{\"@type\":\"PropertyValueSpecification\",\"valueRequired\":true,\"valueName\":\"search_term_string\"}}],\"inLanguage\":\"pt-BR\"},{\"@type\":\"Organization\",\"@id\":\"https:\\\/\\\/regiaonews.net.br\\\/2022\\\/#organization\",\"name\":\"Regi\u00e3o News\",\"url\":\"https:\\\/\\\/regiaonews.net.br\\\/2022\\\/\",\"logo\":{\"@type\":\"ImageObject\",\"inLanguage\":\"pt-BR\",\"@id\":\"https:\\\/\\\/regiaonews.net.br\\\/2022\\\/#\\\/schema\\\/logo\\\/image\\\/\",\"url\":\"https:\\\/\\\/regiaonews.net.br\\\/2022\\\/wp-content\\\/uploads\\\/2026\\\/03\\\/regiao-13-anos-scaled.jpg\",\"contentUrl\":\"https:\\\/\\\/regiaonews.net.br\\\/2022\\\/wp-content\\\/uploads\\\/2026\\\/03\\\/regiao-13-anos-scaled.jpg\",\"width\":2560,\"height\":635,\"caption\":\"Regi\u00e3o News\"},\"image\":{\"@id\":\"https:\\\/\\\/regiaonews.net.br\\\/2022\\\/#\\\/schema\\\/logo\\\/image\\\/\"}},{\"@type\":\"Person\",\"@id\":\"https:\\\/\\\/regiaonews.net.br\\\/2022\\\/#\\\/schema\\\/person\\\/2d205a608a5aa97ac279d7a5e6d89ad8\",\"name\":\"Roberto\",\"image\":{\"@type\":\"ImageObject\",\"inLanguage\":\"pt-BR\",\"@id\":\"https:\\\/\\\/secure.gravatar.com\\\/avatar\\\/42749d8b712ff9d59ca93dc150494e5b55a44134482993f5baeb97e61b7ecc89?s=96&d=mm&r=g\",\"url\":\"https:\\\/\\\/secure.gravatar.com\\\/avatar\\\/42749d8b712ff9d59ca93dc150494e5b55a44134482993f5baeb97e61b7ecc89?s=96&d=mm&r=g\",\"contentUrl\":\"https:\\\/\\\/secure.gravatar.com\\\/avatar\\\/42749d8b712ff9d59ca93dc150494e5b55a44134482993f5baeb97e61b7ecc89?s=96&d=mm&r=g\",\"caption\":\"Roberto\"},\"url\":\"https:\\\/\\\/regiaonews.net.br\\\/2022\\\/author\\\/roberto\\\/\"}]}<\/script>\n<!-- \/ Yoast SEO plugin. -->","yoast_head_json":{"title":"ACIB e Sincomercio lan\u00e7am promo\u00e7\u00e3o e define data do Empres\u00e1rio do Ano - Regi\u00e3o News","robots":{"index":"index","follow":"follow","max-snippet":"max-snippet:-1","max-image-preview":"max-image-preview:large","max-video-preview":"max-video-preview:-1"},"canonical":"https:\/\/regiaonews.net.br\/2022\/2021\/07\/15\/coletiva-de-imprensa-acib-e-sincomercio-fala-sobre-acoes-de-incentivo-ao-comercio-de-barretos\/","og_locale":"pt_BR","og_type":"article","og_title":"ACIB e Sincomercio lan\u00e7am promo\u00e7\u00e3o e define data do Empres\u00e1rio do Ano - Regi\u00e3o News","og_description":"&nbsp; A coletiva de imprensa realizada pela presidente da Associa\u00e7\u00e3o","og_url":"https:\/\/regiaonews.net.br\/2022\/2021\/07\/15\/coletiva-de-imprensa-acib-e-sincomercio-fala-sobre-acoes-de-incentivo-ao-comercio-de-barretos\/","og_site_name":"Regi\u00e3o News","article_published_time":"2021-07-15T22:45:49+00:00","article_modified_time":"2021-07-16T08:33:15+00:00","og_image":[{"width":1280,"height":853,"url":"https:\/\/regiaonews.net.br\/2022\/wp-content\/uploads\/2021\/07\/FOTOS-DIEGO-RODRIGUES-1.jpeg","type":"image\/jpeg"}],"author":"Roberto","twitter_card":"summary_large_image","twitter_misc":{"Escrito por":"Roberto","Est. tempo de leitura":"3 minutos"},"schema":{"@context":"https:\/\/schema.org","@graph":[{"@type":"Article","@id":"https:\/\/regiaonews.net.br\/2022\/2021\/07\/15\/coletiva-de-imprensa-acib-e-sincomercio-fala-sobre-acoes-de-incentivo-ao-comercio-de-barretos\/#article","isPartOf":{"@id":"https:\/\/regiaonews.net.br\/2022\/2021\/07\/15\/coletiva-de-imprensa-acib-e-sincomercio-fala-sobre-acoes-de-incentivo-ao-comercio-de-barretos\/"},"author":{"name":"Roberto","@id":"https:\/\/regiaonews.net.br\/2022\/#\/schema\/person\/2d205a608a5aa97ac279d7a5e6d89ad8"},"headline":"ACIB e Sincomercio lan\u00e7am promo\u00e7\u00e3o e define data do Empres\u00e1rio do Ano","datePublished":"2021-07-15T22:45:49+00:00","dateModified":"2021-07-16T08:33:15+00:00","mainEntityOfPage":{"@id":"https:\/\/regiaonews.net.br\/2022\/2021\/07\/15\/coletiva-de-imprensa-acib-e-sincomercio-fala-sobre-acoes-de-incentivo-ao-comercio-de-barretos\/"},"wordCount":522,"commentCount":0,"publisher":{"@id":"https:\/\/regiaonews.net.br\/2022\/#organization"},"image":{"@id":"https:\/\/regiaonews.net.br\/2022\/2021\/07\/15\/coletiva-de-imprensa-acib-e-sincomercio-fala-sobre-acoes-de-incentivo-ao-comercio-de-barretos\/#primaryimage"},"thumbnailUrl":"https:\/\/regiaonews.net.br\/2022\/wp-content\/uploads\/2021\/07\/FOTOS-DIEGO-RODRIGUES-1.jpeg","articleSection":["Barretos","Com\u00e9rcio"],"inLanguage":"pt-BR","potentialAction":[{"@type":"CommentAction","name":"Comment","target":["https:\/\/regiaonews.net.br\/2022\/2021\/07\/15\/coletiva-de-imprensa-acib-e-sincomercio-fala-sobre-acoes-de-incentivo-ao-comercio-de-barretos\/#respond"]}]},{"@type":"WebPage","@id":"https:\/\/regiaonews.net.br\/2022\/2021\/07\/15\/coletiva-de-imprensa-acib-e-sincomercio-fala-sobre-acoes-de-incentivo-ao-comercio-de-barretos\/","url":"https:\/\/regiaonews.net.br\/2022\/2021\/07\/15\/coletiva-de-imprensa-acib-e-sincomercio-fala-sobre-acoes-de-incentivo-ao-comercio-de-barretos\/","name":"ACIB e Sincomercio lan\u00e7am promo\u00e7\u00e3o e define data do Empres\u00e1rio do Ano - Regi\u00e3o News","isPartOf":{"@id":"https:\/\/regiaonews.net.br\/2022\/#website"},"primaryImageOfPage":{"@id":"https:\/\/regiaonews.net.br\/2022\/2021\/07\/15\/coletiva-de-imprensa-acib-e-sincomercio-fala-sobre-acoes-de-incentivo-ao-comercio-de-barretos\/#primaryimage"},"image":{"@id":"https:\/\/regiaonews.net.br\/2022\/2021\/07\/15\/coletiva-de-imprensa-acib-e-sincomercio-fala-sobre-acoes-de-incentivo-ao-comercio-de-barretos\/#primaryimage"},"thumbnailUrl":"https:\/\/regiaonews.net.br\/2022\/wp-content\/uploads\/2021\/07\/FOTOS-DIEGO-RODRIGUES-1.jpeg","datePublished":"2021-07-15T22:45:49+00:00","dateModified":"2021-07-16T08:33:15+00:00","breadcrumb":{"@id":"https:\/\/regiaonews.net.br\/2022\/2021\/07\/15\/coletiva-de-imprensa-acib-e-sincomercio-fala-sobre-acoes-de-incentivo-ao-comercio-de-barretos\/#breadcrumb"},"inLanguage":"pt-BR","potentialAction":[{"@type":"ReadAction","target":["https:\/\/regiaonews.net.br\/2022\/2021\/07\/15\/coletiva-de-imprensa-acib-e-sincomercio-fala-sobre-acoes-de-incentivo-ao-comercio-de-barretos\/"]}]},{"@type":"ImageObject","inLanguage":"pt-BR","@id":"https:\/\/regiaonews.net.br\/2022\/2021\/07\/15\/coletiva-de-imprensa-acib-e-sincomercio-fala-sobre-acoes-de-incentivo-ao-comercio-de-barretos\/#primaryimage","url":"https:\/\/regiaonews.net.br\/2022\/wp-content\/uploads\/2021\/07\/FOTOS-DIEGO-RODRIGUES-1.jpeg","contentUrl":"https:\/\/regiaonews.net.br\/2022\/wp-content\/uploads\/2021\/07\/FOTOS-DIEGO-RODRIGUES-1.jpeg","width":1280,"height":853},{"@type":"BreadcrumbList","@id":"https:\/\/regiaonews.net.br\/2022\/2021\/07\/15\/coletiva-de-imprensa-acib-e-sincomercio-fala-sobre-acoes-de-incentivo-ao-comercio-de-barretos\/#breadcrumb","itemListElement":[{"@type":"ListItem","position":1,"name":"In\u00edcio","item":"https:\/\/regiaonews.net.br\/2022\/"},{"@type":"ListItem","position":2,"name":"ACIB e Sincomercio lan\u00e7am promo\u00e7\u00e3o e define data do Empres\u00e1rio do Ano"}]},{"@type":"WebSite","@id":"https:\/\/regiaonews.net.br\/2022\/#website","url":"https:\/\/regiaonews.net.br\/2022\/","name":"Regi\u00e3o News","description":"Site de Not\u00edcias de Barretos e regi\u00e3o","publisher":{"@id":"https:\/\/regiaonews.net.br\/2022\/#organization"},"potentialAction":[{"@type":"SearchAction","target":{"@type":"EntryPoint","urlTemplate":"https:\/\/regiaonews.net.br\/2022\/?s={search_term_string}"},"query-input":{"@type":"PropertyValueSpecification","valueRequired":true,"valueName":"search_term_string"}}],"inLanguage":"pt-BR"},{"@type":"Organization","@id":"https:\/\/regiaonews.net.br\/2022\/#organization","name":"Regi\u00e3o News","url":"https:\/\/regiaonews.net.br\/2022\/","logo":{"@type":"ImageObject","inLanguage":"pt-BR","@id":"https:\/\/regiaonews.net.br\/2022\/#\/schema\/logo\/image\/","url":"https:\/\/regiaonews.net.br\/2022\/wp-content\/uploads\/2026\/03\/regiao-13-anos-scaled.jpg","contentUrl":"https:\/\/regiaonews.net.br\/2022\/wp-content\/uploads\/2026\/03\/regiao-13-anos-scaled.jpg","width":2560,"height":635,"caption":"Regi\u00e3o News"},"image":{"@id":"https:\/\/regiaonews.net.br\/2022\/#\/schema\/logo\/image\/"}},{"@type":"Person","@id":"https:\/\/regiaonews.net.br\/2022\/#\/schema\/person\/2d205a608a5aa97ac279d7a5e6d89ad8","name":"Roberto","image":{"@type":"ImageObject","inLanguage":"pt-BR","@id":"https:\/\/secure.gravatar.com\/avatar\/42749d8b712ff9d59ca93dc150494e5b55a44134482993f5baeb97e61b7ecc89?s=96&d=mm&r=g","url":"https:\/\/secure.gravatar.com\/avatar\/42749d8b712ff9d59ca93dc150494e5b55a44134482993f5baeb97e61b7ecc89?s=96&d=mm&r=g","contentUrl":"https:\/\/secure.gravatar.com\/avatar\/42749d8b712ff9d59ca93dc150494e5b55a44134482993f5baeb97e61b7ecc89?s=96&d=mm&r=g","caption":"Roberto"},"url":"https:\/\/regiaonews.net.br\/2022\/author\/roberto\/"}]}},"publishpress_future_action":{"enabled":false,"date":"2026-05-02 05:21:00","action":"change-status","newStatus":"draft","terms":[],"taxonomy":"category","extraData":[]},"publishpress_future_workflow_manual_trigger":{"enabledWorkflows":[]},"_links":{"self":[{"href":"https:\/\/regiaonews.net.br\/2022\/wp-json\/wp\/v2\/posts\/50327","targetHints":{"allow":["GET"]}}],"collection":[{"href":"https:\/\/regiaonews.net.br\/2022\/wp-json\/wp\/v2\/posts"}],"about":[{"href":"https:\/\/regiaonews.net.br\/2022\/wp-json\/wp\/v2\/types\/post"}],"author":[{"embeddable":true,"href":"https:\/\/regiaonews.net.br\/2022\/wp-json\/wp\/v2\/users\/2"}],"replies":[{"embeddable":true,"href":"https:\/\/regiaonews.net.br\/2022\/wp-json\/wp\/v2\/comments?post=50327"}],"version-history":[{"count":0,"href":"https:\/\/regiaonews.net.br\/2022\/wp-json\/wp\/v2\/posts\/50327\/revisions"}],"wp:featuredmedia":[{"embeddable":true,"href":"https:\/\/regiaonews.net.br\/2022\/wp-json\/wp\/v2\/media\/50331"}],"wp:attachment":[{"href":"https:\/\/regiaonews.net.br\/2022\/wp-json\/wp\/v2\/media?parent=50327"}],"wp:term":[{"taxonomy":"category","embeddable":true,"href":"https:\/\/regiaonews.net.br\/2022\/wp-json\/wp\/v2\/categories?post=50327"},{"taxonomy":"post_tag","embeddable":true,"href":"https:\/\/regiaonews.net.br\/2022\/wp-json\/wp\/v2\/tags?post=50327"}],"curies":[{"name":"wp","href":"https:\/\/api.w.org\/{rel}","templated":true}]}}