{"id":50285,"date":"2021-07-14T17:41:14","date_gmt":"2021-07-14T20:41:14","guid":{"rendered":"https:\/\/regiaonews.net.br\/2022\/?p=50285"},"modified":"2021-07-14T17:41:14","modified_gmt":"2021-07-14T20:41:14","slug":"com-obstrucao-intestinal-bolsonaro-sera-levado-para-sao-paulo","status":"publish","type":"post","link":"https:\/\/regiaonews.net.br\/2022\/2021\/07\/14\/com-obstrucao-intestinal-bolsonaro-sera-levado-para-sao-paulo\/","title":{"rendered":"Com obstru\u00e7\u00e3o intestinal, Bolsonaro ser\u00e1 levado para S\u00e3o Paulo"},"content":{"rendered":"<figure id=\"attachment_42714\" aria-describedby=\"caption-attachment-42714\" style=\"width: 300px\" class=\"wp-caption alignnone\"><a href=\"https:\/\/regiaonews.net.br\/2022\/wp-content\/uploads\/2021\/02\/pronunciamento_combustiveis_mcamgo_abr_050220211818-3.jpg\"><img loading=\"lazy\" decoding=\"async\" class=\"size-medium wp-image-42714\" src=\"https:\/\/regiaonews.net.br\/2022\/wp-content\/uploads\/2021\/02\/pronunciamento_combustiveis_mcamgo_abr_050220211818-3-300x179.jpg\" alt=\"\" width=\"300\" height=\"179\" \/><\/a><figcaption id=\"caption-attachment-42714\" class=\"wp-caption-text\">O presidente Jair Bolsonaro durante pronunciamento sobre pre\u00e7o dos combust\u00edveis e a pol\u00edtica de reajustes adotada pela Petrobras.<\/figcaption><\/figure>\n<p>O presidente Jair Bolsonaro,<a href=\"https:\/\/agenciabrasil.ebc.com.br\/politica\/noticia\/2021-07\/bolsonaro-passa-por-exames-para-investigar-solucos\" target=\"_blank\" rel=\"noopener\">\u00a0que foi internado no Hospital das For\u00e7as Armadas (HFA)<\/a>, em Bras\u00edlia, na manh\u00e3 desta\u00a0quarta-feira (14), ser\u00e1 transferido para S\u00e3o Paulo, onde far\u00e1 exames complementares para verificar a necessidade de uma cirurgia de emerg\u00eancia. A decis\u00e3o foi tomada pelo m\u00e9dico Antonio Luiz Macedo, respons\u00e1vel pelas cirurgias no abd\u00f4men do presidente.<\/p>\n<p>Em nota oficial, a Secretaria de Comunica\u00e7\u00e3o Social do Minist\u00e9rio das Comunica\u00e7\u00f5es informou que Bolsonaro foi diagnosticado com um quadro de obstru\u00e7\u00e3o intestinal. Nos \u00faltimos dias, o presidente vinha apresentando solu\u00e7os persistentes, al\u00e9m de mal-estar, que o levaram a ser internado durante a madrugada no HFA.<\/p>\n<p>&#8220;Ap\u00f3s exames realizados no HFA, em Bras\u00edlia, o dr. Macedo, m\u00e9dico respons\u00e1vel pelas cirurgias no abd\u00f4men do Presidente da Rep\u00fablica, decorrentes do atentado a faca ocorrido em 2018, constatou uma obstru\u00e7\u00e3o intestinal e resolveu lev\u00e1-lo para S\u00e3o Paulo onde far\u00e1 exames complementares para defini\u00e7\u00e3o da necessidade, ou n\u00e3o, de uma cirurgia de emerg\u00eancia&#8221;, diz a nota.<\/p>\n<p>Desde o atentado na campanha eleitoral de 2018, Bolsonaro j\u00e1 passou por um total de sete cirurgias na regi\u00e3o do abd\u00f4men para corre\u00e7\u00e3o das les\u00f5es sofridas no intestino. H\u00e1 alguns meses, ele afirmou a apoiadores que faria ainda uma nova opera\u00e7\u00e3o, dessa vez para remover uma h\u00e9rnia.<img decoding=\"async\" src=\"https:\/\/agenciabrasil.ebc.com.br\/ebc.png?id=1415458&amp;o=node\" \/><img decoding=\"async\" src=\"https:\/\/agenciabrasil.ebc.com.br\/ebc.gif?id=1415458&amp;o=node\" \/><\/p>\n<p>Em postagem no Twitter, o presidente comentou sobre o seu estado de sa\u00fade e voltou a mencionar o atentado que sofreu.\u00a0 &#8220;Um atentado cruel n\u00e3o s\u00f3 contra mim, mas contra a nossa democracia. Pe\u00e7o a cada um que est\u00e1 lendo essa mensagem que jamais desista das nossas cores, dos nossos valores! Temos riquezas e um povo maravilhoso que nenhum pa\u00eds no mundo tem. Com honestidade, com honra e com Deus no cora\u00e7\u00e3o \u00e9 poss\u00edvel mudar a realidade do nosso Brasil. Assim seguirei!&#8221; escreveu.<\/p>\n","protected":false},"excerpt":{"rendered":"<p>O presidente Jair Bolsonaro,\u00a0que foi internado no Hospital das For\u00e7as<\/p>\n","protected":false},"author":2,"featured_media":41166,"comment_status":"open","ping_status":"open","sticky":false,"template":"","format":"standard","meta":{"footnotes":""},"categories":[24,25,22],"tags":[],"class_list":["post-50285","post","type-post","status-publish","format-standard","has-post-thumbnail","hentry","category-brasil","category-cidades","category-politica"],"yoast_head":"<!-- This site is optimized with the Yoast SEO plugin v27.4 - https:\/\/yoast.com\/product\/yoast-seo-wordpress\/ -->\n<title>Com obstru\u00e7\u00e3o intestinal, Bolsonaro ser\u00e1 levado para S\u00e3o Paulo - Regi\u00e3o News<\/title>\n<meta name=\"robots\" content=\"index, follow, max-snippet:-1, max-image-preview:large, max-video-preview:-1\" \/>\n<link rel=\"canonical\" href=\"https:\/\/regiaonews.net.br\/2022\/2021\/07\/14\/com-obstrucao-intestinal-bolsonaro-sera-levado-para-sao-paulo\/\" \/>\n<meta property=\"og:locale\" content=\"pt_BR\" \/>\n<meta property=\"og:type\" content=\"article\" \/>\n<meta property=\"og:title\" content=\"Com obstru\u00e7\u00e3o intestinal, Bolsonaro ser\u00e1 levado para S\u00e3o Paulo - Regi\u00e3o News\" \/>\n<meta property=\"og:description\" content=\"O presidente Jair Bolsonaro,\u00a0que foi internado no Hospital das For\u00e7as\" \/>\n<meta property=\"og:url\" content=\"https:\/\/regiaonews.net.br\/2022\/2021\/07\/14\/com-obstrucao-intestinal-bolsonaro-sera-levado-para-sao-paulo\/\" \/>\n<meta property=\"og:site_name\" content=\"Regi\u00e3o News\" \/>\n<meta property=\"article:published_time\" content=\"2021-07-14T20:41:14+00:00\" \/>\n<meta property=\"og:image\" content=\"https:\/\/regiaonews.net.br\/2022\/wp-content\/uploads\/2020\/12\/jair_bolsonaro_solenidade_de_acao_de_gracas_mcamgo_16122000790.jpg\" \/>\n\t<meta property=\"og:image:width\" content=\"1170\" \/>\n\t<meta property=\"og:image:height\" content=\"700\" \/>\n\t<meta property=\"og:image:type\" content=\"image\/jpeg\" \/>\n<meta name=\"author\" content=\"Roberto\" \/>\n<meta name=\"twitter:card\" content=\"summary_large_image\" \/>\n<meta name=\"twitter:label1\" content=\"Escrito por\" \/>\n\t<meta name=\"twitter:data1\" content=\"Roberto\" \/>\n\t<meta name=\"twitter:label2\" content=\"Est. tempo de leitura\" \/>\n\t<meta name=\"twitter:data2\" content=\"2 minutos\" \/>\n<script type=\"application\/ld+json\" class=\"yoast-schema-graph\">{\"@context\":\"https:\\\/\\\/schema.org\",\"@graph\":[{\"@type\":\"Article\",\"@id\":\"https:\\\/\\\/regiaonews.net.br\\\/2022\\\/2021\\\/07\\\/14\\\/com-obstrucao-intestinal-bolsonaro-sera-levado-para-sao-paulo\\\/#article\",\"isPartOf\":{\"@id\":\"https:\\\/\\\/regiaonews.net.br\\\/2022\\\/2021\\\/07\\\/14\\\/com-obstrucao-intestinal-bolsonaro-sera-levado-para-sao-paulo\\\/\"},\"author\":{\"name\":\"Roberto\",\"@id\":\"https:\\\/\\\/regiaonews.net.br\\\/2022\\\/#\\\/schema\\\/person\\\/2d205a608a5aa97ac279d7a5e6d89ad8\"},\"headline\":\"Com obstru\u00e7\u00e3o intestinal, Bolsonaro ser\u00e1 levado para S\u00e3o Paulo\",\"datePublished\":\"2021-07-14T20:41:14+00:00\",\"mainEntityOfPage\":{\"@id\":\"https:\\\/\\\/regiaonews.net.br\\\/2022\\\/2021\\\/07\\\/14\\\/com-obstrucao-intestinal-bolsonaro-sera-levado-para-sao-paulo\\\/\"},\"wordCount\":359,\"commentCount\":0,\"publisher\":{\"@id\":\"https:\\\/\\\/regiaonews.net.br\\\/2022\\\/#organization\"},\"image\":{\"@id\":\"https:\\\/\\\/regiaonews.net.br\\\/2022\\\/2021\\\/07\\\/14\\\/com-obstrucao-intestinal-bolsonaro-sera-levado-para-sao-paulo\\\/#primaryimage\"},\"thumbnailUrl\":\"https:\\\/\\\/regiaonews.net.br\\\/2022\\\/wp-content\\\/uploads\\\/2020\\\/12\\\/jair_bolsonaro_solenidade_de_acao_de_gracas_mcamgo_16122000790.jpg\",\"articleSection\":[\"Brasil\",\"Cidades\",\"Pol\u00edtica\"],\"inLanguage\":\"pt-BR\",\"potentialAction\":[{\"@type\":\"CommentAction\",\"name\":\"Comment\",\"target\":[\"https:\\\/\\\/regiaonews.net.br\\\/2022\\\/2021\\\/07\\\/14\\\/com-obstrucao-intestinal-bolsonaro-sera-levado-para-sao-paulo\\\/#respond\"]}]},{\"@type\":\"WebPage\",\"@id\":\"https:\\\/\\\/regiaonews.net.br\\\/2022\\\/2021\\\/07\\\/14\\\/com-obstrucao-intestinal-bolsonaro-sera-levado-para-sao-paulo\\\/\",\"url\":\"https:\\\/\\\/regiaonews.net.br\\\/2022\\\/2021\\\/07\\\/14\\\/com-obstrucao-intestinal-bolsonaro-sera-levado-para-sao-paulo\\\/\",\"name\":\"Com obstru\u00e7\u00e3o intestinal, Bolsonaro ser\u00e1 levado para S\u00e3o Paulo - Regi\u00e3o News\",\"isPartOf\":{\"@id\":\"https:\\\/\\\/regiaonews.net.br\\\/2022\\\/#website\"},\"primaryImageOfPage\":{\"@id\":\"https:\\\/\\\/regiaonews.net.br\\\/2022\\\/2021\\\/07\\\/14\\\/com-obstrucao-intestinal-bolsonaro-sera-levado-para-sao-paulo\\\/#primaryimage\"},\"image\":{\"@id\":\"https:\\\/\\\/regiaonews.net.br\\\/2022\\\/2021\\\/07\\\/14\\\/com-obstrucao-intestinal-bolsonaro-sera-levado-para-sao-paulo\\\/#primaryimage\"},\"thumbnailUrl\":\"https:\\\/\\\/regiaonews.net.br\\\/2022\\\/wp-content\\\/uploads\\\/2020\\\/12\\\/jair_bolsonaro_solenidade_de_acao_de_gracas_mcamgo_16122000790.jpg\",\"datePublished\":\"2021-07-14T20:41:14+00:00\",\"breadcrumb\":{\"@id\":\"https:\\\/\\\/regiaonews.net.br\\\/2022\\\/2021\\\/07\\\/14\\\/com-obstrucao-intestinal-bolsonaro-sera-levado-para-sao-paulo\\\/#breadcrumb\"},\"inLanguage\":\"pt-BR\",\"potentialAction\":[{\"@type\":\"ReadAction\",\"target\":[\"https:\\\/\\\/regiaonews.net.br\\\/2022\\\/2021\\\/07\\\/14\\\/com-obstrucao-intestinal-bolsonaro-sera-levado-para-sao-paulo\\\/\"]}]},{\"@type\":\"ImageObject\",\"inLanguage\":\"pt-BR\",\"@id\":\"https:\\\/\\\/regiaonews.net.br\\\/2022\\\/2021\\\/07\\\/14\\\/com-obstrucao-intestinal-bolsonaro-sera-levado-para-sao-paulo\\\/#primaryimage\",\"url\":\"https:\\\/\\\/regiaonews.net.br\\\/2022\\\/wp-content\\\/uploads\\\/2020\\\/12\\\/jair_bolsonaro_solenidade_de_acao_de_gracas_mcamgo_16122000790.jpg\",\"contentUrl\":\"https:\\\/\\\/regiaonews.net.br\\\/2022\\\/wp-content\\\/uploads\\\/2020\\\/12\\\/jair_bolsonaro_solenidade_de_acao_de_gracas_mcamgo_16122000790.jpg\",\"width\":1170,\"height\":700,\"caption\":\"O presidente Jair Bolsonaro durante solenidade de A\u00e7\u00e3o de Gra\u00e7as, no Pal\u00e1cio do Planalto.\"},{\"@type\":\"BreadcrumbList\",\"@id\":\"https:\\\/\\\/regiaonews.net.br\\\/2022\\\/2021\\\/07\\\/14\\\/com-obstrucao-intestinal-bolsonaro-sera-levado-para-sao-paulo\\\/#breadcrumb\",\"itemListElement\":[{\"@type\":\"ListItem\",\"position\":1,\"name\":\"In\u00edcio\",\"item\":\"https:\\\/\\\/regiaonews.net.br\\\/2022\\\/\"},{\"@type\":\"ListItem\",\"position\":2,\"name\":\"Com obstru\u00e7\u00e3o intestinal, Bolsonaro ser\u00e1 levado para S\u00e3o Paulo\"}]},{\"@type\":\"WebSite\",\"@id\":\"https:\\\/\\\/regiaonews.net.br\\\/2022\\\/#website\",\"url\":\"https:\\\/\\\/regiaonews.net.br\\\/2022\\\/\",\"name\":\"Regi\u00e3o News\",\"description\":\"Site de Not\u00edcias de Barretos e regi\u00e3o\",\"publisher\":{\"@id\":\"https:\\\/\\\/regiaonews.net.br\\\/2022\\\/#organization\"},\"potentialAction\":[{\"@type\":\"SearchAction\",\"target\":{\"@type\":\"EntryPoint\",\"urlTemplate\":\"https:\\\/\\\/regiaonews.net.br\\\/2022\\\/?s={search_term_string}\"},\"query-input\":{\"@type\":\"PropertyValueSpecification\",\"valueRequired\":true,\"valueName\":\"search_term_string\"}}],\"inLanguage\":\"pt-BR\"},{\"@type\":\"Organization\",\"@id\":\"https:\\\/\\\/regiaonews.net.br\\\/2022\\\/#organization\",\"name\":\"Regi\u00e3o News\",\"url\":\"https:\\\/\\\/regiaonews.net.br\\\/2022\\\/\",\"logo\":{\"@type\":\"ImageObject\",\"inLanguage\":\"pt-BR\",\"@id\":\"https:\\\/\\\/regiaonews.net.br\\\/2022\\\/#\\\/schema\\\/logo\\\/image\\\/\",\"url\":\"https:\\\/\\\/regiaonews.net.br\\\/2022\\\/wp-content\\\/uploads\\\/2026\\\/03\\\/regiao-13-anos-scaled.jpg\",\"contentUrl\":\"https:\\\/\\\/regiaonews.net.br\\\/2022\\\/wp-content\\\/uploads\\\/2026\\\/03\\\/regiao-13-anos-scaled.jpg\",\"width\":2560,\"height\":635,\"caption\":\"Regi\u00e3o News\"},\"image\":{\"@id\":\"https:\\\/\\\/regiaonews.net.br\\\/2022\\\/#\\\/schema\\\/logo\\\/image\\\/\"}},{\"@type\":\"Person\",\"@id\":\"https:\\\/\\\/regiaonews.net.br\\\/2022\\\/#\\\/schema\\\/person\\\/2d205a608a5aa97ac279d7a5e6d89ad8\",\"name\":\"Roberto\",\"image\":{\"@type\":\"ImageObject\",\"inLanguage\":\"pt-BR\",\"@id\":\"https:\\\/\\\/secure.gravatar.com\\\/avatar\\\/42749d8b712ff9d59ca93dc150494e5b55a44134482993f5baeb97e61b7ecc89?s=96&d=mm&r=g\",\"url\":\"https:\\\/\\\/secure.gravatar.com\\\/avatar\\\/42749d8b712ff9d59ca93dc150494e5b55a44134482993f5baeb97e61b7ecc89?s=96&d=mm&r=g\",\"contentUrl\":\"https:\\\/\\\/secure.gravatar.com\\\/avatar\\\/42749d8b712ff9d59ca93dc150494e5b55a44134482993f5baeb97e61b7ecc89?s=96&d=mm&r=g\",\"caption\":\"Roberto\"},\"url\":\"https:\\\/\\\/regiaonews.net.br\\\/2022\\\/author\\\/roberto\\\/\"}]}<\/script>\n<!-- \/ Yoast SEO plugin. -->","yoast_head_json":{"title":"Com obstru\u00e7\u00e3o intestinal, Bolsonaro ser\u00e1 levado para S\u00e3o Paulo - Regi\u00e3o News","robots":{"index":"index","follow":"follow","max-snippet":"max-snippet:-1","max-image-preview":"max-image-preview:large","max-video-preview":"max-video-preview:-1"},"canonical":"https:\/\/regiaonews.net.br\/2022\/2021\/07\/14\/com-obstrucao-intestinal-bolsonaro-sera-levado-para-sao-paulo\/","og_locale":"pt_BR","og_type":"article","og_title":"Com obstru\u00e7\u00e3o intestinal, Bolsonaro ser\u00e1 levado para S\u00e3o Paulo - Regi\u00e3o News","og_description":"O presidente Jair Bolsonaro,\u00a0que foi internado no Hospital das For\u00e7as","og_url":"https:\/\/regiaonews.net.br\/2022\/2021\/07\/14\/com-obstrucao-intestinal-bolsonaro-sera-levado-para-sao-paulo\/","og_site_name":"Regi\u00e3o News","article_published_time":"2021-07-14T20:41:14+00:00","og_image":[{"width":1170,"height":700,"url":"https:\/\/regiaonews.net.br\/2022\/wp-content\/uploads\/2020\/12\/jair_bolsonaro_solenidade_de_acao_de_gracas_mcamgo_16122000790.jpg","type":"image\/jpeg"}],"author":"Roberto","twitter_card":"summary_large_image","twitter_misc":{"Escrito por":"Roberto","Est. tempo de leitura":"2 minutos"},"schema":{"@context":"https:\/\/schema.org","@graph":[{"@type":"Article","@id":"https:\/\/regiaonews.net.br\/2022\/2021\/07\/14\/com-obstrucao-intestinal-bolsonaro-sera-levado-para-sao-paulo\/#article","isPartOf":{"@id":"https:\/\/regiaonews.net.br\/2022\/2021\/07\/14\/com-obstrucao-intestinal-bolsonaro-sera-levado-para-sao-paulo\/"},"author":{"name":"Roberto","@id":"https:\/\/regiaonews.net.br\/2022\/#\/schema\/person\/2d205a608a5aa97ac279d7a5e6d89ad8"},"headline":"Com obstru\u00e7\u00e3o intestinal, Bolsonaro ser\u00e1 levado para S\u00e3o Paulo","datePublished":"2021-07-14T20:41:14+00:00","mainEntityOfPage":{"@id":"https:\/\/regiaonews.net.br\/2022\/2021\/07\/14\/com-obstrucao-intestinal-bolsonaro-sera-levado-para-sao-paulo\/"},"wordCount":359,"commentCount":0,"publisher":{"@id":"https:\/\/regiaonews.net.br\/2022\/#organization"},"image":{"@id":"https:\/\/regiaonews.net.br\/2022\/2021\/07\/14\/com-obstrucao-intestinal-bolsonaro-sera-levado-para-sao-paulo\/#primaryimage"},"thumbnailUrl":"https:\/\/regiaonews.net.br\/2022\/wp-content\/uploads\/2020\/12\/jair_bolsonaro_solenidade_de_acao_de_gracas_mcamgo_16122000790.jpg","articleSection":["Brasil","Cidades","Pol\u00edtica"],"inLanguage":"pt-BR","potentialAction":[{"@type":"CommentAction","name":"Comment","target":["https:\/\/regiaonews.net.br\/2022\/2021\/07\/14\/com-obstrucao-intestinal-bolsonaro-sera-levado-para-sao-paulo\/#respond"]}]},{"@type":"WebPage","@id":"https:\/\/regiaonews.net.br\/2022\/2021\/07\/14\/com-obstrucao-intestinal-bolsonaro-sera-levado-para-sao-paulo\/","url":"https:\/\/regiaonews.net.br\/2022\/2021\/07\/14\/com-obstrucao-intestinal-bolsonaro-sera-levado-para-sao-paulo\/","name":"Com obstru\u00e7\u00e3o intestinal, Bolsonaro ser\u00e1 levado para S\u00e3o Paulo - Regi\u00e3o News","isPartOf":{"@id":"https:\/\/regiaonews.net.br\/2022\/#website"},"primaryImageOfPage":{"@id":"https:\/\/regiaonews.net.br\/2022\/2021\/07\/14\/com-obstrucao-intestinal-bolsonaro-sera-levado-para-sao-paulo\/#primaryimage"},"image":{"@id":"https:\/\/regiaonews.net.br\/2022\/2021\/07\/14\/com-obstrucao-intestinal-bolsonaro-sera-levado-para-sao-paulo\/#primaryimage"},"thumbnailUrl":"https:\/\/regiaonews.net.br\/2022\/wp-content\/uploads\/2020\/12\/jair_bolsonaro_solenidade_de_acao_de_gracas_mcamgo_16122000790.jpg","datePublished":"2021-07-14T20:41:14+00:00","breadcrumb":{"@id":"https:\/\/regiaonews.net.br\/2022\/2021\/07\/14\/com-obstrucao-intestinal-bolsonaro-sera-levado-para-sao-paulo\/#breadcrumb"},"inLanguage":"pt-BR","potentialAction":[{"@type":"ReadAction","target":["https:\/\/regiaonews.net.br\/2022\/2021\/07\/14\/com-obstrucao-intestinal-bolsonaro-sera-levado-para-sao-paulo\/"]}]},{"@type":"ImageObject","inLanguage":"pt-BR","@id":"https:\/\/regiaonews.net.br\/2022\/2021\/07\/14\/com-obstrucao-intestinal-bolsonaro-sera-levado-para-sao-paulo\/#primaryimage","url":"https:\/\/regiaonews.net.br\/2022\/wp-content\/uploads\/2020\/12\/jair_bolsonaro_solenidade_de_acao_de_gracas_mcamgo_16122000790.jpg","contentUrl":"https:\/\/regiaonews.net.br\/2022\/wp-content\/uploads\/2020\/12\/jair_bolsonaro_solenidade_de_acao_de_gracas_mcamgo_16122000790.jpg","width":1170,"height":700,"caption":"O presidente Jair Bolsonaro durante solenidade de A\u00e7\u00e3o de Gra\u00e7as, no Pal\u00e1cio do Planalto."},{"@type":"BreadcrumbList","@id":"https:\/\/regiaonews.net.br\/2022\/2021\/07\/14\/com-obstrucao-intestinal-bolsonaro-sera-levado-para-sao-paulo\/#breadcrumb","itemListElement":[{"@type":"ListItem","position":1,"name":"In\u00edcio","item":"https:\/\/regiaonews.net.br\/2022\/"},{"@type":"ListItem","position":2,"name":"Com obstru\u00e7\u00e3o intestinal, Bolsonaro ser\u00e1 levado para S\u00e3o Paulo"}]},{"@type":"WebSite","@id":"https:\/\/regiaonews.net.br\/2022\/#website","url":"https:\/\/regiaonews.net.br\/2022\/","name":"Regi\u00e3o News","description":"Site de Not\u00edcias de Barretos e regi\u00e3o","publisher":{"@id":"https:\/\/regiaonews.net.br\/2022\/#organization"},"potentialAction":[{"@type":"SearchAction","target":{"@type":"EntryPoint","urlTemplate":"https:\/\/regiaonews.net.br\/2022\/?s={search_term_string}"},"query-input":{"@type":"PropertyValueSpecification","valueRequired":true,"valueName":"search_term_string"}}],"inLanguage":"pt-BR"},{"@type":"Organization","@id":"https:\/\/regiaonews.net.br\/2022\/#organization","name":"Regi\u00e3o News","url":"https:\/\/regiaonews.net.br\/2022\/","logo":{"@type":"ImageObject","inLanguage":"pt-BR","@id":"https:\/\/regiaonews.net.br\/2022\/#\/schema\/logo\/image\/","url":"https:\/\/regiaonews.net.br\/2022\/wp-content\/uploads\/2026\/03\/regiao-13-anos-scaled.jpg","contentUrl":"https:\/\/regiaonews.net.br\/2022\/wp-content\/uploads\/2026\/03\/regiao-13-anos-scaled.jpg","width":2560,"height":635,"caption":"Regi\u00e3o News"},"image":{"@id":"https:\/\/regiaonews.net.br\/2022\/#\/schema\/logo\/image\/"}},{"@type":"Person","@id":"https:\/\/regiaonews.net.br\/2022\/#\/schema\/person\/2d205a608a5aa97ac279d7a5e6d89ad8","name":"Roberto","image":{"@type":"ImageObject","inLanguage":"pt-BR","@id":"https:\/\/secure.gravatar.com\/avatar\/42749d8b712ff9d59ca93dc150494e5b55a44134482993f5baeb97e61b7ecc89?s=96&d=mm&r=g","url":"https:\/\/secure.gravatar.com\/avatar\/42749d8b712ff9d59ca93dc150494e5b55a44134482993f5baeb97e61b7ecc89?s=96&d=mm&r=g","contentUrl":"https:\/\/secure.gravatar.com\/avatar\/42749d8b712ff9d59ca93dc150494e5b55a44134482993f5baeb97e61b7ecc89?s=96&d=mm&r=g","caption":"Roberto"},"url":"https:\/\/regiaonews.net.br\/2022\/author\/roberto\/"}]}},"publishpress_future_action":{"enabled":false,"date":"2026-05-02 06:38:17","action":"change-status","newStatus":"draft","terms":[],"taxonomy":"category","extraData":[]},"publishpress_future_workflow_manual_trigger":{"enabledWorkflows":[]},"_links":{"self":[{"href":"https:\/\/regiaonews.net.br\/2022\/wp-json\/wp\/v2\/posts\/50285","targetHints":{"allow":["GET"]}}],"collection":[{"href":"https:\/\/regiaonews.net.br\/2022\/wp-json\/wp\/v2\/posts"}],"about":[{"href":"https:\/\/regiaonews.net.br\/2022\/wp-json\/wp\/v2\/types\/post"}],"author":[{"embeddable":true,"href":"https:\/\/regiaonews.net.br\/2022\/wp-json\/wp\/v2\/users\/2"}],"replies":[{"embeddable":true,"href":"https:\/\/regiaonews.net.br\/2022\/wp-json\/wp\/v2\/comments?post=50285"}],"version-history":[{"count":0,"href":"https:\/\/regiaonews.net.br\/2022\/wp-json\/wp\/v2\/posts\/50285\/revisions"}],"wp:featuredmedia":[{"embeddable":true,"href":"https:\/\/regiaonews.net.br\/2022\/wp-json\/wp\/v2\/media\/41166"}],"wp:attachment":[{"href":"https:\/\/regiaonews.net.br\/2022\/wp-json\/wp\/v2\/media?parent=50285"}],"wp:term":[{"taxonomy":"category","embeddable":true,"href":"https:\/\/regiaonews.net.br\/2022\/wp-json\/wp\/v2\/categories?post=50285"},{"taxonomy":"post_tag","embeddable":true,"href":"https:\/\/regiaonews.net.br\/2022\/wp-json\/wp\/v2\/tags?post=50285"}],"curies":[{"name":"wp","href":"https:\/\/api.w.org\/{rel}","templated":true}]}}