{"id":50213,"date":"2021-07-13T13:34:21","date_gmt":"2021-07-13T16:34:21","guid":{"rendered":"https:\/\/regiaonews.net.br\/2022\/?p=50213"},"modified":"2021-07-13T13:34:32","modified_gmt":"2021-07-13T16:34:32","slug":"fpf-divulga-tabela-e-regulamento-da-copa-paulista","status":"publish","type":"post","link":"https:\/\/regiaonews.net.br\/2022\/2021\/07\/13\/fpf-divulga-tabela-e-regulamento-da-copa-paulista\/","title":{"rendered":"FPF divulga tabela e regulamento da Copa Paulista"},"content":{"rendered":"<h2><\/h2>\n<section class=\"noticias\">\n<div class=\"galeria\">\n<div id=\"cpBody_panelPrincipal\" class=\"item destaque\">\n<div id=\"cpBody_panelBg\" class=\"item-bg\"><img decoding=\"async\" id=\"cpBody_imageBg\" src=\"https:\/\/futebolpaulista.com.br\/Repositorio\/Imagem\/CopaPaulistaConselhoCapa\/CopaPaulista2021_1%C2%AARodadaSite_2_.png\" data-cfsrc=\"https:\/\/futebolpaulista.com.br\/Repositorio\/Imagem\/CopaPaulistaConselhoCapa\/CopaPaulista2021_1\u00aaRodadaSite_2_.png\" \/><\/div>\n<p><span id=\"cpBody_lblCreditoFoto\" class=\"credito\"><\/span><span id=\"cpBody_lblPublicacao\"><\/span><\/div>\n<\/div>\n<\/section>\n<div class=\"row col-equal-h clear\">\n<div><\/div>\n<div class=\"post col-md-9 col-sm-12\">Com transmiss\u00e3o do Paulist\u00e3o Play em todas as partidas, a tabela e o regulamento da Copa Paulista 2021 foram divulgadas na manh\u00e3 desta ter\u00e7a-feira (13). O torneio tem in\u00edcio em 14 de setembro e a data da decis\u00e3o est\u00e1 marcada para 16 de novembro.<\/p>\n<p>As 17 equipes divididas em quatro grupos -um com cinco times e os outros tr\u00eas com quatro- se enfrentam em turno e returno classificando as duas melhores de cada chave \u00e0s quartas de final que, assim como a semi e a final, ser\u00e3o definidas em jogos de ida e volta. Empate no placar agregado do mata-mata leva a decis\u00e3o para os p\u00eanaltis.<\/p>\n<p>O campe\u00e3o da Copa Paulista poder\u00e1 escolher entre uma vaga na Copa do Brasil ou do Campeonato Brasileiro da S\u00e9rie D de 2022, restando ao vice-campe\u00e3o a vaga remanescente.<\/p>\n<p><strong>Confira os jogos da primeira rodada:<\/strong><\/p>\n<p>Ter\u00e7a-feira, 14 de setembro<br \/>\n15h<br \/>\nVelo Clube x Botafogo \u2013 Rio Claro<br \/>\nComercial x Votuporanguense \u2013 Ribeir\u00e3o Preto<br \/>\nNoroeste x S\u00e3o Bento \u2013 Bauru<br \/>\nXV de Piracicaba x Rio Claro \u2013 Piracicaba<br \/>\nEC S\u00e3o Bernardo x Santos \u2013 S\u00e3o Bernardo do Campo<br \/>\nEC Primavera x S\u00e3o Bernardo FC \u2013 Indaiatuba<br \/>\nPortuguesa x Juventus \u2013 S\u00e3o Paulo<br \/>\nTaubat\u00e9 x Atibaia &#8211; Taubat\u00e9<\/p><\/div>\n<\/div>\n","protected":false},"excerpt":{"rendered":"<p>Com transmiss\u00e3o do Paulist\u00e3o Play em todas as partidas, a<\/p>\n","protected":false},"author":2,"featured_media":50214,"comment_status":"open","ping_status":"open","sticky":false,"template":"","format":"standard","meta":{"footnotes":""},"categories":[21,7],"tags":[],"class_list":["post-50213","post","type-post","status-publish","format-standard","has-post-thumbnail","hentry","category-esporte","category-estado-de-sao-paulo"],"yoast_head":"<!-- This site is optimized with the Yoast SEO plugin v27.4 - https:\/\/yoast.com\/product\/yoast-seo-wordpress\/ -->\n<title>FPF divulga tabela e regulamento da Copa Paulista - Regi\u00e3o News<\/title>\n<meta name=\"robots\" content=\"index, follow, max-snippet:-1, max-image-preview:large, max-video-preview:-1\" \/>\n<link rel=\"canonical\" href=\"https:\/\/regiaonews.net.br\/2022\/2021\/07\/13\/fpf-divulga-tabela-e-regulamento-da-copa-paulista\/\" \/>\n<meta property=\"og:locale\" content=\"pt_BR\" \/>\n<meta property=\"og:type\" content=\"article\" \/>\n<meta property=\"og:title\" content=\"FPF divulga tabela e regulamento da Copa Paulista - Regi\u00e3o News\" \/>\n<meta property=\"og:description\" content=\"Com transmiss\u00e3o do Paulist\u00e3o Play em todas as partidas, a\" \/>\n<meta property=\"og:url\" content=\"https:\/\/regiaonews.net.br\/2022\/2021\/07\/13\/fpf-divulga-tabela-e-regulamento-da-copa-paulista\/\" \/>\n<meta property=\"og:site_name\" content=\"Regi\u00e3o News\" \/>\n<meta property=\"article:published_time\" content=\"2021-07-13T16:34:21+00:00\" \/>\n<meta property=\"article:modified_time\" content=\"2021-07-13T16:34:32+00:00\" \/>\n<meta property=\"og:image\" content=\"https:\/\/regiaonews.net.br\/2022\/wp-content\/uploads\/2021\/07\/20210713_133141.jpg\" \/>\n\t<meta property=\"og:image:width\" content=\"1079\" \/>\n\t<meta property=\"og:image:height\" content=\"519\" \/>\n\t<meta property=\"og:image:type\" content=\"image\/jpeg\" \/>\n<meta name=\"author\" content=\"Roberto\" \/>\n<meta name=\"twitter:card\" content=\"summary_large_image\" \/>\n<meta name=\"twitter:label1\" content=\"Escrito por\" \/>\n\t<meta name=\"twitter:data1\" content=\"Roberto\" \/>\n\t<meta name=\"twitter:label2\" content=\"Est. tempo de leitura\" \/>\n\t<meta name=\"twitter:data2\" content=\"1 minuto\" \/>\n<script type=\"application\/ld+json\" class=\"yoast-schema-graph\">{\"@context\":\"https:\\\/\\\/schema.org\",\"@graph\":[{\"@type\":\"Article\",\"@id\":\"https:\\\/\\\/regiaonews.net.br\\\/2022\\\/2021\\\/07\\\/13\\\/fpf-divulga-tabela-e-regulamento-da-copa-paulista\\\/#article\",\"isPartOf\":{\"@id\":\"https:\\\/\\\/regiaonews.net.br\\\/2022\\\/2021\\\/07\\\/13\\\/fpf-divulga-tabela-e-regulamento-da-copa-paulista\\\/\"},\"author\":{\"name\":\"Roberto\",\"@id\":\"https:\\\/\\\/regiaonews.net.br\\\/2022\\\/#\\\/schema\\\/person\\\/2d205a608a5aa97ac279d7a5e6d89ad8\"},\"headline\":\"FPF divulga tabela e regulamento da Copa Paulista\",\"datePublished\":\"2021-07-13T16:34:21+00:00\",\"dateModified\":\"2021-07-13T16:34:32+00:00\",\"mainEntityOfPage\":{\"@id\":\"https:\\\/\\\/regiaonews.net.br\\\/2022\\\/2021\\\/07\\\/13\\\/fpf-divulga-tabela-e-regulamento-da-copa-paulista\\\/\"},\"wordCount\":215,\"commentCount\":0,\"publisher\":{\"@id\":\"https:\\\/\\\/regiaonews.net.br\\\/2022\\\/#organization\"},\"image\":{\"@id\":\"https:\\\/\\\/regiaonews.net.br\\\/2022\\\/2021\\\/07\\\/13\\\/fpf-divulga-tabela-e-regulamento-da-copa-paulista\\\/#primaryimage\"},\"thumbnailUrl\":\"https:\\\/\\\/regiaonews.net.br\\\/2022\\\/wp-content\\\/uploads\\\/2021\\\/07\\\/20210713_133141.jpg\",\"articleSection\":[\"Esporte\",\"Estado de S\u00e3o Paulo\"],\"inLanguage\":\"pt-BR\",\"potentialAction\":[{\"@type\":\"CommentAction\",\"name\":\"Comment\",\"target\":[\"https:\\\/\\\/regiaonews.net.br\\\/2022\\\/2021\\\/07\\\/13\\\/fpf-divulga-tabela-e-regulamento-da-copa-paulista\\\/#respond\"]}]},{\"@type\":\"WebPage\",\"@id\":\"https:\\\/\\\/regiaonews.net.br\\\/2022\\\/2021\\\/07\\\/13\\\/fpf-divulga-tabela-e-regulamento-da-copa-paulista\\\/\",\"url\":\"https:\\\/\\\/regiaonews.net.br\\\/2022\\\/2021\\\/07\\\/13\\\/fpf-divulga-tabela-e-regulamento-da-copa-paulista\\\/\",\"name\":\"FPF divulga tabela e regulamento da Copa Paulista - Regi\u00e3o News\",\"isPartOf\":{\"@id\":\"https:\\\/\\\/regiaonews.net.br\\\/2022\\\/#website\"},\"primaryImageOfPage\":{\"@id\":\"https:\\\/\\\/regiaonews.net.br\\\/2022\\\/2021\\\/07\\\/13\\\/fpf-divulga-tabela-e-regulamento-da-copa-paulista\\\/#primaryimage\"},\"image\":{\"@id\":\"https:\\\/\\\/regiaonews.net.br\\\/2022\\\/2021\\\/07\\\/13\\\/fpf-divulga-tabela-e-regulamento-da-copa-paulista\\\/#primaryimage\"},\"thumbnailUrl\":\"https:\\\/\\\/regiaonews.net.br\\\/2022\\\/wp-content\\\/uploads\\\/2021\\\/07\\\/20210713_133141.jpg\",\"datePublished\":\"2021-07-13T16:34:21+00:00\",\"dateModified\":\"2021-07-13T16:34:32+00:00\",\"breadcrumb\":{\"@id\":\"https:\\\/\\\/regiaonews.net.br\\\/2022\\\/2021\\\/07\\\/13\\\/fpf-divulga-tabela-e-regulamento-da-copa-paulista\\\/#breadcrumb\"},\"inLanguage\":\"pt-BR\",\"potentialAction\":[{\"@type\":\"ReadAction\",\"target\":[\"https:\\\/\\\/regiaonews.net.br\\\/2022\\\/2021\\\/07\\\/13\\\/fpf-divulga-tabela-e-regulamento-da-copa-paulista\\\/\"]}]},{\"@type\":\"ImageObject\",\"inLanguage\":\"pt-BR\",\"@id\":\"https:\\\/\\\/regiaonews.net.br\\\/2022\\\/2021\\\/07\\\/13\\\/fpf-divulga-tabela-e-regulamento-da-copa-paulista\\\/#primaryimage\",\"url\":\"https:\\\/\\\/regiaonews.net.br\\\/2022\\\/wp-content\\\/uploads\\\/2021\\\/07\\\/20210713_133141.jpg\",\"contentUrl\":\"https:\\\/\\\/regiaonews.net.br\\\/2022\\\/wp-content\\\/uploads\\\/2021\\\/07\\\/20210713_133141.jpg\",\"width\":1079,\"height\":519},{\"@type\":\"BreadcrumbList\",\"@id\":\"https:\\\/\\\/regiaonews.net.br\\\/2022\\\/2021\\\/07\\\/13\\\/fpf-divulga-tabela-e-regulamento-da-copa-paulista\\\/#breadcrumb\",\"itemListElement\":[{\"@type\":\"ListItem\",\"position\":1,\"name\":\"In\u00edcio\",\"item\":\"https:\\\/\\\/regiaonews.net.br\\\/2022\\\/\"},{\"@type\":\"ListItem\",\"position\":2,\"name\":\"FPF divulga tabela e regulamento da Copa Paulista\"}]},{\"@type\":\"WebSite\",\"@id\":\"https:\\\/\\\/regiaonews.net.br\\\/2022\\\/#website\",\"url\":\"https:\\\/\\\/regiaonews.net.br\\\/2022\\\/\",\"name\":\"Regi\u00e3o News\",\"description\":\"Site de Not\u00edcias de Barretos e regi\u00e3o\",\"publisher\":{\"@id\":\"https:\\\/\\\/regiaonews.net.br\\\/2022\\\/#organization\"},\"potentialAction\":[{\"@type\":\"SearchAction\",\"target\":{\"@type\":\"EntryPoint\",\"urlTemplate\":\"https:\\\/\\\/regiaonews.net.br\\\/2022\\\/?s={search_term_string}\"},\"query-input\":{\"@type\":\"PropertyValueSpecification\",\"valueRequired\":true,\"valueName\":\"search_term_string\"}}],\"inLanguage\":\"pt-BR\"},{\"@type\":\"Organization\",\"@id\":\"https:\\\/\\\/regiaonews.net.br\\\/2022\\\/#organization\",\"name\":\"Regi\u00e3o News\",\"url\":\"https:\\\/\\\/regiaonews.net.br\\\/2022\\\/\",\"logo\":{\"@type\":\"ImageObject\",\"inLanguage\":\"pt-BR\",\"@id\":\"https:\\\/\\\/regiaonews.net.br\\\/2022\\\/#\\\/schema\\\/logo\\\/image\\\/\",\"url\":\"https:\\\/\\\/regiaonews.net.br\\\/2022\\\/wp-content\\\/uploads\\\/2026\\\/03\\\/regiao-13-anos-scaled.jpg\",\"contentUrl\":\"https:\\\/\\\/regiaonews.net.br\\\/2022\\\/wp-content\\\/uploads\\\/2026\\\/03\\\/regiao-13-anos-scaled.jpg\",\"width\":2560,\"height\":635,\"caption\":\"Regi\u00e3o News\"},\"image\":{\"@id\":\"https:\\\/\\\/regiaonews.net.br\\\/2022\\\/#\\\/schema\\\/logo\\\/image\\\/\"}},{\"@type\":\"Person\",\"@id\":\"https:\\\/\\\/regiaonews.net.br\\\/2022\\\/#\\\/schema\\\/person\\\/2d205a608a5aa97ac279d7a5e6d89ad8\",\"name\":\"Roberto\",\"image\":{\"@type\":\"ImageObject\",\"inLanguage\":\"pt-BR\",\"@id\":\"https:\\\/\\\/secure.gravatar.com\\\/avatar\\\/42749d8b712ff9d59ca93dc150494e5b55a44134482993f5baeb97e61b7ecc89?s=96&d=mm&r=g\",\"url\":\"https:\\\/\\\/secure.gravatar.com\\\/avatar\\\/42749d8b712ff9d59ca93dc150494e5b55a44134482993f5baeb97e61b7ecc89?s=96&d=mm&r=g\",\"contentUrl\":\"https:\\\/\\\/secure.gravatar.com\\\/avatar\\\/42749d8b712ff9d59ca93dc150494e5b55a44134482993f5baeb97e61b7ecc89?s=96&d=mm&r=g\",\"caption\":\"Roberto\"},\"url\":\"https:\\\/\\\/regiaonews.net.br\\\/2022\\\/author\\\/roberto\\\/\"}]}<\/script>\n<!-- \/ Yoast SEO plugin. -->","yoast_head_json":{"title":"FPF divulga tabela e regulamento da Copa Paulista - Regi\u00e3o News","robots":{"index":"index","follow":"follow","max-snippet":"max-snippet:-1","max-image-preview":"max-image-preview:large","max-video-preview":"max-video-preview:-1"},"canonical":"https:\/\/regiaonews.net.br\/2022\/2021\/07\/13\/fpf-divulga-tabela-e-regulamento-da-copa-paulista\/","og_locale":"pt_BR","og_type":"article","og_title":"FPF divulga tabela e regulamento da Copa Paulista - Regi\u00e3o News","og_description":"Com transmiss\u00e3o do Paulist\u00e3o Play em todas as partidas, a","og_url":"https:\/\/regiaonews.net.br\/2022\/2021\/07\/13\/fpf-divulga-tabela-e-regulamento-da-copa-paulista\/","og_site_name":"Regi\u00e3o News","article_published_time":"2021-07-13T16:34:21+00:00","article_modified_time":"2021-07-13T16:34:32+00:00","og_image":[{"width":1079,"height":519,"url":"https:\/\/regiaonews.net.br\/2022\/wp-content\/uploads\/2021\/07\/20210713_133141.jpg","type":"image\/jpeg"}],"author":"Roberto","twitter_card":"summary_large_image","twitter_misc":{"Escrito por":"Roberto","Est. tempo de leitura":"1 minuto"},"schema":{"@context":"https:\/\/schema.org","@graph":[{"@type":"Article","@id":"https:\/\/regiaonews.net.br\/2022\/2021\/07\/13\/fpf-divulga-tabela-e-regulamento-da-copa-paulista\/#article","isPartOf":{"@id":"https:\/\/regiaonews.net.br\/2022\/2021\/07\/13\/fpf-divulga-tabela-e-regulamento-da-copa-paulista\/"},"author":{"name":"Roberto","@id":"https:\/\/regiaonews.net.br\/2022\/#\/schema\/person\/2d205a608a5aa97ac279d7a5e6d89ad8"},"headline":"FPF divulga tabela e regulamento da Copa Paulista","datePublished":"2021-07-13T16:34:21+00:00","dateModified":"2021-07-13T16:34:32+00:00","mainEntityOfPage":{"@id":"https:\/\/regiaonews.net.br\/2022\/2021\/07\/13\/fpf-divulga-tabela-e-regulamento-da-copa-paulista\/"},"wordCount":215,"commentCount":0,"publisher":{"@id":"https:\/\/regiaonews.net.br\/2022\/#organization"},"image":{"@id":"https:\/\/regiaonews.net.br\/2022\/2021\/07\/13\/fpf-divulga-tabela-e-regulamento-da-copa-paulista\/#primaryimage"},"thumbnailUrl":"https:\/\/regiaonews.net.br\/2022\/wp-content\/uploads\/2021\/07\/20210713_133141.jpg","articleSection":["Esporte","Estado de S\u00e3o Paulo"],"inLanguage":"pt-BR","potentialAction":[{"@type":"CommentAction","name":"Comment","target":["https:\/\/regiaonews.net.br\/2022\/2021\/07\/13\/fpf-divulga-tabela-e-regulamento-da-copa-paulista\/#respond"]}]},{"@type":"WebPage","@id":"https:\/\/regiaonews.net.br\/2022\/2021\/07\/13\/fpf-divulga-tabela-e-regulamento-da-copa-paulista\/","url":"https:\/\/regiaonews.net.br\/2022\/2021\/07\/13\/fpf-divulga-tabela-e-regulamento-da-copa-paulista\/","name":"FPF divulga tabela e regulamento da Copa Paulista - Regi\u00e3o News","isPartOf":{"@id":"https:\/\/regiaonews.net.br\/2022\/#website"},"primaryImageOfPage":{"@id":"https:\/\/regiaonews.net.br\/2022\/2021\/07\/13\/fpf-divulga-tabela-e-regulamento-da-copa-paulista\/#primaryimage"},"image":{"@id":"https:\/\/regiaonews.net.br\/2022\/2021\/07\/13\/fpf-divulga-tabela-e-regulamento-da-copa-paulista\/#primaryimage"},"thumbnailUrl":"https:\/\/regiaonews.net.br\/2022\/wp-content\/uploads\/2021\/07\/20210713_133141.jpg","datePublished":"2021-07-13T16:34:21+00:00","dateModified":"2021-07-13T16:34:32+00:00","breadcrumb":{"@id":"https:\/\/regiaonews.net.br\/2022\/2021\/07\/13\/fpf-divulga-tabela-e-regulamento-da-copa-paulista\/#breadcrumb"},"inLanguage":"pt-BR","potentialAction":[{"@type":"ReadAction","target":["https:\/\/regiaonews.net.br\/2022\/2021\/07\/13\/fpf-divulga-tabela-e-regulamento-da-copa-paulista\/"]}]},{"@type":"ImageObject","inLanguage":"pt-BR","@id":"https:\/\/regiaonews.net.br\/2022\/2021\/07\/13\/fpf-divulga-tabela-e-regulamento-da-copa-paulista\/#primaryimage","url":"https:\/\/regiaonews.net.br\/2022\/wp-content\/uploads\/2021\/07\/20210713_133141.jpg","contentUrl":"https:\/\/regiaonews.net.br\/2022\/wp-content\/uploads\/2021\/07\/20210713_133141.jpg","width":1079,"height":519},{"@type":"BreadcrumbList","@id":"https:\/\/regiaonews.net.br\/2022\/2021\/07\/13\/fpf-divulga-tabela-e-regulamento-da-copa-paulista\/#breadcrumb","itemListElement":[{"@type":"ListItem","position":1,"name":"In\u00edcio","item":"https:\/\/regiaonews.net.br\/2022\/"},{"@type":"ListItem","position":2,"name":"FPF divulga tabela e regulamento da Copa Paulista"}]},{"@type":"WebSite","@id":"https:\/\/regiaonews.net.br\/2022\/#website","url":"https:\/\/regiaonews.net.br\/2022\/","name":"Regi\u00e3o News","description":"Site de Not\u00edcias de Barretos e regi\u00e3o","publisher":{"@id":"https:\/\/regiaonews.net.br\/2022\/#organization"},"potentialAction":[{"@type":"SearchAction","target":{"@type":"EntryPoint","urlTemplate":"https:\/\/regiaonews.net.br\/2022\/?s={search_term_string}"},"query-input":{"@type":"PropertyValueSpecification","valueRequired":true,"valueName":"search_term_string"}}],"inLanguage":"pt-BR"},{"@type":"Organization","@id":"https:\/\/regiaonews.net.br\/2022\/#organization","name":"Regi\u00e3o News","url":"https:\/\/regiaonews.net.br\/2022\/","logo":{"@type":"ImageObject","inLanguage":"pt-BR","@id":"https:\/\/regiaonews.net.br\/2022\/#\/schema\/logo\/image\/","url":"https:\/\/regiaonews.net.br\/2022\/wp-content\/uploads\/2026\/03\/regiao-13-anos-scaled.jpg","contentUrl":"https:\/\/regiaonews.net.br\/2022\/wp-content\/uploads\/2026\/03\/regiao-13-anos-scaled.jpg","width":2560,"height":635,"caption":"Regi\u00e3o News"},"image":{"@id":"https:\/\/regiaonews.net.br\/2022\/#\/schema\/logo\/image\/"}},{"@type":"Person","@id":"https:\/\/regiaonews.net.br\/2022\/#\/schema\/person\/2d205a608a5aa97ac279d7a5e6d89ad8","name":"Roberto","image":{"@type":"ImageObject","inLanguage":"pt-BR","@id":"https:\/\/secure.gravatar.com\/avatar\/42749d8b712ff9d59ca93dc150494e5b55a44134482993f5baeb97e61b7ecc89?s=96&d=mm&r=g","url":"https:\/\/secure.gravatar.com\/avatar\/42749d8b712ff9d59ca93dc150494e5b55a44134482993f5baeb97e61b7ecc89?s=96&d=mm&r=g","contentUrl":"https:\/\/secure.gravatar.com\/avatar\/42749d8b712ff9d59ca93dc150494e5b55a44134482993f5baeb97e61b7ecc89?s=96&d=mm&r=g","caption":"Roberto"},"url":"https:\/\/regiaonews.net.br\/2022\/author\/roberto\/"}]}},"publishpress_future_action":{"enabled":false,"date":"2026-05-02 03:47:05","action":"change-status","newStatus":"draft","terms":[],"taxonomy":"category","extraData":[]},"publishpress_future_workflow_manual_trigger":{"enabledWorkflows":[]},"_links":{"self":[{"href":"https:\/\/regiaonews.net.br\/2022\/wp-json\/wp\/v2\/posts\/50213","targetHints":{"allow":["GET"]}}],"collection":[{"href":"https:\/\/regiaonews.net.br\/2022\/wp-json\/wp\/v2\/posts"}],"about":[{"href":"https:\/\/regiaonews.net.br\/2022\/wp-json\/wp\/v2\/types\/post"}],"author":[{"embeddable":true,"href":"https:\/\/regiaonews.net.br\/2022\/wp-json\/wp\/v2\/users\/2"}],"replies":[{"embeddable":true,"href":"https:\/\/regiaonews.net.br\/2022\/wp-json\/wp\/v2\/comments?post=50213"}],"version-history":[{"count":0,"href":"https:\/\/regiaonews.net.br\/2022\/wp-json\/wp\/v2\/posts\/50213\/revisions"}],"wp:featuredmedia":[{"embeddable":true,"href":"https:\/\/regiaonews.net.br\/2022\/wp-json\/wp\/v2\/media\/50214"}],"wp:attachment":[{"href":"https:\/\/regiaonews.net.br\/2022\/wp-json\/wp\/v2\/media?parent=50213"}],"wp:term":[{"taxonomy":"category","embeddable":true,"href":"https:\/\/regiaonews.net.br\/2022\/wp-json\/wp\/v2\/categories?post=50213"},{"taxonomy":"post_tag","embeddable":true,"href":"https:\/\/regiaonews.net.br\/2022\/wp-json\/wp\/v2\/tags?post=50213"}],"curies":[{"name":"wp","href":"https:\/\/api.w.org\/{rel}","templated":true}]}}