{"id":50101,"date":"2021-07-10T19:08:37","date_gmt":"2021-07-10T22:08:37","guid":{"rendered":"https:\/\/regiaonews.net.br\/2022\/?p=50101"},"modified":"2021-07-10T19:09:28","modified_gmt":"2021-07-10T22:09:28","slug":"17a-festa-do-divino-tem-inicio-com-drive-thru","status":"publish","type":"post","link":"https:\/\/regiaonews.net.br\/2022\/2021\/07\/10\/17a-festa-do-divino-tem-inicio-com-drive-thru\/","title":{"rendered":"17\u00aa Festa do Divino tem in\u00edcio com drive thru"},"content":{"rendered":"<p><a href=\"https:\/\/regiaonews.net.br\/2022\/wp-content\/uploads\/2021\/07\/20210710_185619.jpg\"><img loading=\"lazy\" decoding=\"async\" class=\"alignnone size-medium wp-image-50097\" src=\"https:\/\/regiaonews.net.br\/2022\/wp-content\/uploads\/2021\/07\/20210710_185619.jpg\" alt=\"\" width=\"1\" height=\"1\" \/><\/a><a href=\"https:\/\/regiaonews.net.br\/2022\/wp-content\/uploads\/2021\/07\/20210710_190017-scaled.jpg\"><img loading=\"lazy\" decoding=\"async\" class=\"alignnone size-medium wp-image-50099\" src=\"https:\/\/regiaonews.net.br\/2022\/wp-content\/uploads\/2021\/07\/20210710_190017-300x215.jpg\" alt=\"\" width=\"300\" height=\"215\" \/><\/a><\/p>\n<p>&nbsp;<\/p>\n<p>Teve in\u00edcio hoje, a 17\u00aa da Festa do Divino da Catedral do Divino Esp\u00edrito Santo. Segundo a colaboradora, Maria Ol\u00edvia Girardi Machado, \u201cMar\u00f4\u201d, durante quatro s\u00e1bados, estar\u00e3o sendo entregues em frente \u00e0 Igreja, um vasto card\u00e1pio. Segundo ela, estar\u00e3o sendo oferecidos frango assado, frango com polenta, batata frita, rondelle, lasanha, nhoque, canelone, kafta e bebidas. \u201cS\u00e3o quatro s\u00e1bado, e logo ap\u00f3s a missa das 17h \u00e0s 20h, ser\u00e3o entregues os alimentos para quem fez a aquisi\u00e7\u00e3o. \u00c9 uma festa que o barretense gosta e devido a este momento est\u00e1 sendo a alternativa\u201d, explicou.<\/p>\n<p>A Festa do Divino prossegue nos pr\u00f3ximos s\u00e1bados, dias 17, 24 e 31 de Julho. Informa\u00e7\u00f5es na\u00a0 secretaria paroquial no telefone 3322-3473.<\/p>\n<p>&nbsp;<\/p>\n<p>&nbsp;<\/p>\n<p>&nbsp;<\/p>\n","protected":false},"excerpt":{"rendered":"<p>&nbsp; Teve in\u00edcio hoje, a 17\u00aa da Festa do Divino<\/p>\n","protected":false},"author":2,"featured_media":50099,"comment_status":"open","ping_status":"open","sticky":false,"template":"","format":"standard","meta":{"footnotes":""},"categories":[14],"tags":[],"class_list":["post-50101","post","type-post","status-publish","format-standard","has-post-thumbnail","hentry","category-barretos"],"yoast_head":"<!-- This site is optimized with the Yoast SEO plugin v27.4 - https:\/\/yoast.com\/product\/yoast-seo-wordpress\/ -->\n<title>17\u00aa Festa do Divino tem in\u00edcio com drive thru - Regi\u00e3o News<\/title>\n<meta name=\"robots\" content=\"index, follow, max-snippet:-1, max-image-preview:large, max-video-preview:-1\" \/>\n<link rel=\"canonical\" href=\"https:\/\/regiaonews.net.br\/2022\/2021\/07\/10\/17a-festa-do-divino-tem-inicio-com-drive-thru\/\" \/>\n<meta property=\"og:locale\" content=\"pt_BR\" \/>\n<meta property=\"og:type\" content=\"article\" \/>\n<meta property=\"og:title\" content=\"17\u00aa Festa do Divino tem in\u00edcio com drive thru - Regi\u00e3o News\" \/>\n<meta property=\"og:description\" content=\"&nbsp; Teve in\u00edcio hoje, a 17\u00aa da Festa do Divino\" \/>\n<meta property=\"og:url\" content=\"https:\/\/regiaonews.net.br\/2022\/2021\/07\/10\/17a-festa-do-divino-tem-inicio-com-drive-thru\/\" \/>\n<meta property=\"og:site_name\" content=\"Regi\u00e3o News\" \/>\n<meta property=\"article:published_time\" content=\"2021-07-10T22:08:37+00:00\" \/>\n<meta property=\"article:modified_time\" content=\"2021-07-10T22:09:28+00:00\" \/>\n<meta property=\"og:image\" content=\"https:\/\/regiaonews.net.br\/2022\/wp-content\/uploads\/2021\/07\/20210710_190017-scaled.jpg\" \/>\n\t<meta property=\"og:image:width\" content=\"2948\" \/>\n\t<meta property=\"og:image:height\" content=\"2113\" \/>\n\t<meta property=\"og:image:type\" content=\"image\/jpeg\" \/>\n<meta name=\"author\" content=\"Roberto\" \/>\n<meta name=\"twitter:card\" content=\"summary_large_image\" \/>\n<meta name=\"twitter:label1\" content=\"Escrito por\" \/>\n\t<meta name=\"twitter:data1\" content=\"Roberto\" \/>\n\t<meta name=\"twitter:label2\" content=\"Est. tempo de leitura\" \/>\n\t<meta name=\"twitter:data2\" content=\"1 minuto\" \/>\n<script type=\"application\/ld+json\" class=\"yoast-schema-graph\">{\"@context\":\"https:\\\/\\\/schema.org\",\"@graph\":[{\"@type\":\"Article\",\"@id\":\"https:\\\/\\\/regiaonews.net.br\\\/2022\\\/2021\\\/07\\\/10\\\/17a-festa-do-divino-tem-inicio-com-drive-thru\\\/#article\",\"isPartOf\":{\"@id\":\"https:\\\/\\\/regiaonews.net.br\\\/2022\\\/2021\\\/07\\\/10\\\/17a-festa-do-divino-tem-inicio-com-drive-thru\\\/\"},\"author\":{\"name\":\"Roberto\",\"@id\":\"https:\\\/\\\/regiaonews.net.br\\\/2022\\\/#\\\/schema\\\/person\\\/2d205a608a5aa97ac279d7a5e6d89ad8\"},\"headline\":\"17\u00aa Festa do Divino tem in\u00edcio com drive thru\",\"datePublished\":\"2021-07-10T22:08:37+00:00\",\"dateModified\":\"2021-07-10T22:09:28+00:00\",\"mainEntityOfPage\":{\"@id\":\"https:\\\/\\\/regiaonews.net.br\\\/2022\\\/2021\\\/07\\\/10\\\/17a-festa-do-divino-tem-inicio-com-drive-thru\\\/\"},\"wordCount\":137,\"commentCount\":0,\"publisher\":{\"@id\":\"https:\\\/\\\/regiaonews.net.br\\\/2022\\\/#organization\"},\"image\":{\"@id\":\"https:\\\/\\\/regiaonews.net.br\\\/2022\\\/2021\\\/07\\\/10\\\/17a-festa-do-divino-tem-inicio-com-drive-thru\\\/#primaryimage\"},\"thumbnailUrl\":\"https:\\\/\\\/regiaonews.net.br\\\/2022\\\/wp-content\\\/uploads\\\/2021\\\/07\\\/20210710_190017-scaled.jpg\",\"articleSection\":[\"Barretos\"],\"inLanguage\":\"pt-BR\",\"potentialAction\":[{\"@type\":\"CommentAction\",\"name\":\"Comment\",\"target\":[\"https:\\\/\\\/regiaonews.net.br\\\/2022\\\/2021\\\/07\\\/10\\\/17a-festa-do-divino-tem-inicio-com-drive-thru\\\/#respond\"]}]},{\"@type\":\"WebPage\",\"@id\":\"https:\\\/\\\/regiaonews.net.br\\\/2022\\\/2021\\\/07\\\/10\\\/17a-festa-do-divino-tem-inicio-com-drive-thru\\\/\",\"url\":\"https:\\\/\\\/regiaonews.net.br\\\/2022\\\/2021\\\/07\\\/10\\\/17a-festa-do-divino-tem-inicio-com-drive-thru\\\/\",\"name\":\"17\u00aa Festa do Divino tem in\u00edcio com drive thru - Regi\u00e3o News\",\"isPartOf\":{\"@id\":\"https:\\\/\\\/regiaonews.net.br\\\/2022\\\/#website\"},\"primaryImageOfPage\":{\"@id\":\"https:\\\/\\\/regiaonews.net.br\\\/2022\\\/2021\\\/07\\\/10\\\/17a-festa-do-divino-tem-inicio-com-drive-thru\\\/#primaryimage\"},\"image\":{\"@id\":\"https:\\\/\\\/regiaonews.net.br\\\/2022\\\/2021\\\/07\\\/10\\\/17a-festa-do-divino-tem-inicio-com-drive-thru\\\/#primaryimage\"},\"thumbnailUrl\":\"https:\\\/\\\/regiaonews.net.br\\\/2022\\\/wp-content\\\/uploads\\\/2021\\\/07\\\/20210710_190017-scaled.jpg\",\"datePublished\":\"2021-07-10T22:08:37+00:00\",\"dateModified\":\"2021-07-10T22:09:28+00:00\",\"breadcrumb\":{\"@id\":\"https:\\\/\\\/regiaonews.net.br\\\/2022\\\/2021\\\/07\\\/10\\\/17a-festa-do-divino-tem-inicio-com-drive-thru\\\/#breadcrumb\"},\"inLanguage\":\"pt-BR\",\"potentialAction\":[{\"@type\":\"ReadAction\",\"target\":[\"https:\\\/\\\/regiaonews.net.br\\\/2022\\\/2021\\\/07\\\/10\\\/17a-festa-do-divino-tem-inicio-com-drive-thru\\\/\"]}]},{\"@type\":\"ImageObject\",\"inLanguage\":\"pt-BR\",\"@id\":\"https:\\\/\\\/regiaonews.net.br\\\/2022\\\/2021\\\/07\\\/10\\\/17a-festa-do-divino-tem-inicio-com-drive-thru\\\/#primaryimage\",\"url\":\"https:\\\/\\\/regiaonews.net.br\\\/2022\\\/wp-content\\\/uploads\\\/2021\\\/07\\\/20210710_190017-scaled.jpg\",\"contentUrl\":\"https:\\\/\\\/regiaonews.net.br\\\/2022\\\/wp-content\\\/uploads\\\/2021\\\/07\\\/20210710_190017-scaled.jpg\",\"width\":2948,\"height\":2113},{\"@type\":\"BreadcrumbList\",\"@id\":\"https:\\\/\\\/regiaonews.net.br\\\/2022\\\/2021\\\/07\\\/10\\\/17a-festa-do-divino-tem-inicio-com-drive-thru\\\/#breadcrumb\",\"itemListElement\":[{\"@type\":\"ListItem\",\"position\":1,\"name\":\"In\u00edcio\",\"item\":\"https:\\\/\\\/regiaonews.net.br\\\/2022\\\/\"},{\"@type\":\"ListItem\",\"position\":2,\"name\":\"17\u00aa Festa do Divino tem in\u00edcio com drive thru\"}]},{\"@type\":\"WebSite\",\"@id\":\"https:\\\/\\\/regiaonews.net.br\\\/2022\\\/#website\",\"url\":\"https:\\\/\\\/regiaonews.net.br\\\/2022\\\/\",\"name\":\"Regi\u00e3o News\",\"description\":\"Site de Not\u00edcias de Barretos e regi\u00e3o\",\"publisher\":{\"@id\":\"https:\\\/\\\/regiaonews.net.br\\\/2022\\\/#organization\"},\"potentialAction\":[{\"@type\":\"SearchAction\",\"target\":{\"@type\":\"EntryPoint\",\"urlTemplate\":\"https:\\\/\\\/regiaonews.net.br\\\/2022\\\/?s={search_term_string}\"},\"query-input\":{\"@type\":\"PropertyValueSpecification\",\"valueRequired\":true,\"valueName\":\"search_term_string\"}}],\"inLanguage\":\"pt-BR\"},{\"@type\":\"Organization\",\"@id\":\"https:\\\/\\\/regiaonews.net.br\\\/2022\\\/#organization\",\"name\":\"Regi\u00e3o News\",\"url\":\"https:\\\/\\\/regiaonews.net.br\\\/2022\\\/\",\"logo\":{\"@type\":\"ImageObject\",\"inLanguage\":\"pt-BR\",\"@id\":\"https:\\\/\\\/regiaonews.net.br\\\/2022\\\/#\\\/schema\\\/logo\\\/image\\\/\",\"url\":\"https:\\\/\\\/regiaonews.net.br\\\/2022\\\/wp-content\\\/uploads\\\/2026\\\/03\\\/regiao-13-anos-scaled.jpg\",\"contentUrl\":\"https:\\\/\\\/regiaonews.net.br\\\/2022\\\/wp-content\\\/uploads\\\/2026\\\/03\\\/regiao-13-anos-scaled.jpg\",\"width\":2560,\"height\":635,\"caption\":\"Regi\u00e3o News\"},\"image\":{\"@id\":\"https:\\\/\\\/regiaonews.net.br\\\/2022\\\/#\\\/schema\\\/logo\\\/image\\\/\"}},{\"@type\":\"Person\",\"@id\":\"https:\\\/\\\/regiaonews.net.br\\\/2022\\\/#\\\/schema\\\/person\\\/2d205a608a5aa97ac279d7a5e6d89ad8\",\"name\":\"Roberto\",\"image\":{\"@type\":\"ImageObject\",\"inLanguage\":\"pt-BR\",\"@id\":\"https:\\\/\\\/secure.gravatar.com\\\/avatar\\\/42749d8b712ff9d59ca93dc150494e5b55a44134482993f5baeb97e61b7ecc89?s=96&d=mm&r=g\",\"url\":\"https:\\\/\\\/secure.gravatar.com\\\/avatar\\\/42749d8b712ff9d59ca93dc150494e5b55a44134482993f5baeb97e61b7ecc89?s=96&d=mm&r=g\",\"contentUrl\":\"https:\\\/\\\/secure.gravatar.com\\\/avatar\\\/42749d8b712ff9d59ca93dc150494e5b55a44134482993f5baeb97e61b7ecc89?s=96&d=mm&r=g\",\"caption\":\"Roberto\"},\"url\":\"https:\\\/\\\/regiaonews.net.br\\\/2022\\\/author\\\/roberto\\\/\"}]}<\/script>\n<!-- \/ Yoast SEO plugin. -->","yoast_head_json":{"title":"17\u00aa Festa do Divino tem in\u00edcio com drive thru - Regi\u00e3o News","robots":{"index":"index","follow":"follow","max-snippet":"max-snippet:-1","max-image-preview":"max-image-preview:large","max-video-preview":"max-video-preview:-1"},"canonical":"https:\/\/regiaonews.net.br\/2022\/2021\/07\/10\/17a-festa-do-divino-tem-inicio-com-drive-thru\/","og_locale":"pt_BR","og_type":"article","og_title":"17\u00aa Festa do Divino tem in\u00edcio com drive thru - Regi\u00e3o News","og_description":"&nbsp; Teve in\u00edcio hoje, a 17\u00aa da Festa do Divino","og_url":"https:\/\/regiaonews.net.br\/2022\/2021\/07\/10\/17a-festa-do-divino-tem-inicio-com-drive-thru\/","og_site_name":"Regi\u00e3o News","article_published_time":"2021-07-10T22:08:37+00:00","article_modified_time":"2021-07-10T22:09:28+00:00","og_image":[{"width":2948,"height":2113,"url":"https:\/\/regiaonews.net.br\/2022\/wp-content\/uploads\/2021\/07\/20210710_190017-scaled.jpg","type":"image\/jpeg"}],"author":"Roberto","twitter_card":"summary_large_image","twitter_misc":{"Escrito por":"Roberto","Est. tempo de leitura":"1 minuto"},"schema":{"@context":"https:\/\/schema.org","@graph":[{"@type":"Article","@id":"https:\/\/regiaonews.net.br\/2022\/2021\/07\/10\/17a-festa-do-divino-tem-inicio-com-drive-thru\/#article","isPartOf":{"@id":"https:\/\/regiaonews.net.br\/2022\/2021\/07\/10\/17a-festa-do-divino-tem-inicio-com-drive-thru\/"},"author":{"name":"Roberto","@id":"https:\/\/regiaonews.net.br\/2022\/#\/schema\/person\/2d205a608a5aa97ac279d7a5e6d89ad8"},"headline":"17\u00aa Festa do Divino tem in\u00edcio com drive thru","datePublished":"2021-07-10T22:08:37+00:00","dateModified":"2021-07-10T22:09:28+00:00","mainEntityOfPage":{"@id":"https:\/\/regiaonews.net.br\/2022\/2021\/07\/10\/17a-festa-do-divino-tem-inicio-com-drive-thru\/"},"wordCount":137,"commentCount":0,"publisher":{"@id":"https:\/\/regiaonews.net.br\/2022\/#organization"},"image":{"@id":"https:\/\/regiaonews.net.br\/2022\/2021\/07\/10\/17a-festa-do-divino-tem-inicio-com-drive-thru\/#primaryimage"},"thumbnailUrl":"https:\/\/regiaonews.net.br\/2022\/wp-content\/uploads\/2021\/07\/20210710_190017-scaled.jpg","articleSection":["Barretos"],"inLanguage":"pt-BR","potentialAction":[{"@type":"CommentAction","name":"Comment","target":["https:\/\/regiaonews.net.br\/2022\/2021\/07\/10\/17a-festa-do-divino-tem-inicio-com-drive-thru\/#respond"]}]},{"@type":"WebPage","@id":"https:\/\/regiaonews.net.br\/2022\/2021\/07\/10\/17a-festa-do-divino-tem-inicio-com-drive-thru\/","url":"https:\/\/regiaonews.net.br\/2022\/2021\/07\/10\/17a-festa-do-divino-tem-inicio-com-drive-thru\/","name":"17\u00aa Festa do Divino tem in\u00edcio com drive thru - Regi\u00e3o News","isPartOf":{"@id":"https:\/\/regiaonews.net.br\/2022\/#website"},"primaryImageOfPage":{"@id":"https:\/\/regiaonews.net.br\/2022\/2021\/07\/10\/17a-festa-do-divino-tem-inicio-com-drive-thru\/#primaryimage"},"image":{"@id":"https:\/\/regiaonews.net.br\/2022\/2021\/07\/10\/17a-festa-do-divino-tem-inicio-com-drive-thru\/#primaryimage"},"thumbnailUrl":"https:\/\/regiaonews.net.br\/2022\/wp-content\/uploads\/2021\/07\/20210710_190017-scaled.jpg","datePublished":"2021-07-10T22:08:37+00:00","dateModified":"2021-07-10T22:09:28+00:00","breadcrumb":{"@id":"https:\/\/regiaonews.net.br\/2022\/2021\/07\/10\/17a-festa-do-divino-tem-inicio-com-drive-thru\/#breadcrumb"},"inLanguage":"pt-BR","potentialAction":[{"@type":"ReadAction","target":["https:\/\/regiaonews.net.br\/2022\/2021\/07\/10\/17a-festa-do-divino-tem-inicio-com-drive-thru\/"]}]},{"@type":"ImageObject","inLanguage":"pt-BR","@id":"https:\/\/regiaonews.net.br\/2022\/2021\/07\/10\/17a-festa-do-divino-tem-inicio-com-drive-thru\/#primaryimage","url":"https:\/\/regiaonews.net.br\/2022\/wp-content\/uploads\/2021\/07\/20210710_190017-scaled.jpg","contentUrl":"https:\/\/regiaonews.net.br\/2022\/wp-content\/uploads\/2021\/07\/20210710_190017-scaled.jpg","width":2948,"height":2113},{"@type":"BreadcrumbList","@id":"https:\/\/regiaonews.net.br\/2022\/2021\/07\/10\/17a-festa-do-divino-tem-inicio-com-drive-thru\/#breadcrumb","itemListElement":[{"@type":"ListItem","position":1,"name":"In\u00edcio","item":"https:\/\/regiaonews.net.br\/2022\/"},{"@type":"ListItem","position":2,"name":"17\u00aa Festa do Divino tem in\u00edcio com drive thru"}]},{"@type":"WebSite","@id":"https:\/\/regiaonews.net.br\/2022\/#website","url":"https:\/\/regiaonews.net.br\/2022\/","name":"Regi\u00e3o News","description":"Site de Not\u00edcias de Barretos e regi\u00e3o","publisher":{"@id":"https:\/\/regiaonews.net.br\/2022\/#organization"},"potentialAction":[{"@type":"SearchAction","target":{"@type":"EntryPoint","urlTemplate":"https:\/\/regiaonews.net.br\/2022\/?s={search_term_string}"},"query-input":{"@type":"PropertyValueSpecification","valueRequired":true,"valueName":"search_term_string"}}],"inLanguage":"pt-BR"},{"@type":"Organization","@id":"https:\/\/regiaonews.net.br\/2022\/#organization","name":"Regi\u00e3o News","url":"https:\/\/regiaonews.net.br\/2022\/","logo":{"@type":"ImageObject","inLanguage":"pt-BR","@id":"https:\/\/regiaonews.net.br\/2022\/#\/schema\/logo\/image\/","url":"https:\/\/regiaonews.net.br\/2022\/wp-content\/uploads\/2026\/03\/regiao-13-anos-scaled.jpg","contentUrl":"https:\/\/regiaonews.net.br\/2022\/wp-content\/uploads\/2026\/03\/regiao-13-anos-scaled.jpg","width":2560,"height":635,"caption":"Regi\u00e3o News"},"image":{"@id":"https:\/\/regiaonews.net.br\/2022\/#\/schema\/logo\/image\/"}},{"@type":"Person","@id":"https:\/\/regiaonews.net.br\/2022\/#\/schema\/person\/2d205a608a5aa97ac279d7a5e6d89ad8","name":"Roberto","image":{"@type":"ImageObject","inLanguage":"pt-BR","@id":"https:\/\/secure.gravatar.com\/avatar\/42749d8b712ff9d59ca93dc150494e5b55a44134482993f5baeb97e61b7ecc89?s=96&d=mm&r=g","url":"https:\/\/secure.gravatar.com\/avatar\/42749d8b712ff9d59ca93dc150494e5b55a44134482993f5baeb97e61b7ecc89?s=96&d=mm&r=g","contentUrl":"https:\/\/secure.gravatar.com\/avatar\/42749d8b712ff9d59ca93dc150494e5b55a44134482993f5baeb97e61b7ecc89?s=96&d=mm&r=g","caption":"Roberto"},"url":"https:\/\/regiaonews.net.br\/2022\/author\/roberto\/"}]}},"publishpress_future_action":{"enabled":false,"date":"2026-05-02 05:07:38","action":"change-status","newStatus":"draft","terms":[],"taxonomy":"category","extraData":[]},"publishpress_future_workflow_manual_trigger":{"enabledWorkflows":[]},"_links":{"self":[{"href":"https:\/\/regiaonews.net.br\/2022\/wp-json\/wp\/v2\/posts\/50101","targetHints":{"allow":["GET"]}}],"collection":[{"href":"https:\/\/regiaonews.net.br\/2022\/wp-json\/wp\/v2\/posts"}],"about":[{"href":"https:\/\/regiaonews.net.br\/2022\/wp-json\/wp\/v2\/types\/post"}],"author":[{"embeddable":true,"href":"https:\/\/regiaonews.net.br\/2022\/wp-json\/wp\/v2\/users\/2"}],"replies":[{"embeddable":true,"href":"https:\/\/regiaonews.net.br\/2022\/wp-json\/wp\/v2\/comments?post=50101"}],"version-history":[{"count":0,"href":"https:\/\/regiaonews.net.br\/2022\/wp-json\/wp\/v2\/posts\/50101\/revisions"}],"wp:featuredmedia":[{"embeddable":true,"href":"https:\/\/regiaonews.net.br\/2022\/wp-json\/wp\/v2\/media\/50099"}],"wp:attachment":[{"href":"https:\/\/regiaonews.net.br\/2022\/wp-json\/wp\/v2\/media?parent=50101"}],"wp:term":[{"taxonomy":"category","embeddable":true,"href":"https:\/\/regiaonews.net.br\/2022\/wp-json\/wp\/v2\/categories?post=50101"},{"taxonomy":"post_tag","embeddable":true,"href":"https:\/\/regiaonews.net.br\/2022\/wp-json\/wp\/v2\/tags?post=50101"}],"curies":[{"name":"wp","href":"https:\/\/api.w.org\/{rel}","templated":true}]}}