{"id":50064,"date":"2021-07-10T09:05:37","date_gmt":"2021-07-10T12:05:37","guid":{"rendered":"https:\/\/regiaonews.net.br\/2022\/?p=50064"},"modified":"2021-07-10T09:05:37","modified_gmt":"2021-07-10T12:05:37","slug":"colombia-supera-peru-e-fica-em-terceiro-na-copa-america","status":"publish","type":"post","link":"https:\/\/regiaonews.net.br\/2022\/2021\/07\/10\/colombia-supera-peru-e-fica-em-terceiro-na-copa-america\/","title":{"rendered":"Col\u00f4mbia supera Peru e fica em terceiro na Copa Am\u00e9rica"},"content":{"rendered":"<p><a href=\"https:\/\/regiaonews.net.br\/2022\/wp-content\/uploads\/2021\/07\/2021-07-10t011844z_1986727616_up1eh7a03n6sw_rtrmadp_3_soccer-copa-col-per-report.jpg\"><img loading=\"lazy\" decoding=\"async\" class=\"alignnone size-medium wp-image-50066\" src=\"https:\/\/regiaonews.net.br\/2022\/wp-content\/uploads\/2021\/07\/2021-07-10t011844z_1986727616_up1eh7a03n6sw_rtrmadp_3_soccer-copa-col-per-report-300x179.jpg\" alt=\"\" width=\"300\" height=\"179\" \/><\/a><\/p>\n<p>A Col\u00f4mbia garantiu a 3\u00aa posi\u00e7\u00e3o da Copa Am\u00e9rica ap\u00f3s derrotar o Peru por 3 a 2, na noite desta sexta-feira (9) no est\u00e1dio Man\u00e9 Garrincha, em Bras\u00edlia.<img decoding=\"async\" src=\"https:\/\/agenciabrasil.ebc.com.br\/ebc.png?id=1415143&amp;o=node\" \/><img decoding=\"async\" src=\"https:\/\/agenciabrasil.ebc.com.br\/ebc.gif?id=1415143&amp;o=node\" \/><\/p>\n<p>Apesar de a vit\u00f3ria final ficar com os Cafeteros, foi a sele\u00e7\u00e3o do pa\u00eds andino que abriu o placar. Aos 44 minutos do primeiro tempo Cueva toca para Yot\u00fan, que chuta colocado para superar o goleiro Vargas.<\/p>\n<p>Por\u00e9m, logo no terceiro minuto da etapa final a Col\u00f4mbia empata com gol em cobran\u00e7a de falta de Cuadrado. A partir da\u00ed o jogo aumenta em intensidade, e os gols come\u00e7am a sair.<\/p>\n<p>O primeiro \u00e9 de Luis D\u00edaz, aos 20 minutos, em chute colocado ap\u00f3s receber passe de Cuadrado. Aos 37 Lapadula marca de cabe\u00e7a ap\u00f3s cobran\u00e7a de escanteio de Garc\u00eda para deixar tudo igual novamente.<\/p>\n<p>Por\u00e9m a noite era mesmo de Luis D\u00edaz. O bom meio-campista do Porto (Portugal) garantiu a vit\u00f3ria de sua equipe j\u00e1 nos acr\u00e9scimos do confronto. Ap\u00f3s receber passe de calcanhar de Muriel o camisa 14 bate da entrada da \u00e1rea.<\/p>\n<p>Com isso, a Col\u00f4mbia garante a terceira posi\u00e7\u00e3o da Copa Am\u00e9rica, que definir\u00e1 o campe\u00e3o no pr\u00f3ximo s\u00e1bado (10), no confronto entre Brasil e Argentina, que acontece a partir das 21h (hor\u00e1rio de Bras\u00edlia) no est\u00e1dio do Maracan\u00e3.<\/p>\n","protected":false},"excerpt":{"rendered":"<p>A Col\u00f4mbia garantiu a 3\u00aa posi\u00e7\u00e3o da Copa Am\u00e9rica ap\u00f3s<\/p>\n","protected":false},"author":2,"featured_media":50066,"comment_status":"open","ping_status":"open","sticky":false,"template":"","format":"standard","meta":{"footnotes":""},"categories":[71,21],"tags":[],"class_list":["post-50064","post","type-post","status-publish","format-standard","has-post-thumbnail","hentry","category-copa-america","category-esporte"],"yoast_head":"<!-- This site is optimized with the Yoast SEO plugin v27.4 - https:\/\/yoast.com\/product\/yoast-seo-wordpress\/ -->\n<title>Col\u00f4mbia supera Peru e fica em terceiro na Copa Am\u00e9rica - Regi\u00e3o News<\/title>\n<meta name=\"robots\" content=\"index, follow, max-snippet:-1, max-image-preview:large, max-video-preview:-1\" \/>\n<link rel=\"canonical\" href=\"https:\/\/regiaonews.net.br\/2022\/2021\/07\/10\/colombia-supera-peru-e-fica-em-terceiro-na-copa-america\/\" \/>\n<meta property=\"og:locale\" content=\"pt_BR\" \/>\n<meta property=\"og:type\" content=\"article\" \/>\n<meta property=\"og:title\" content=\"Col\u00f4mbia supera Peru e fica em terceiro na Copa Am\u00e9rica - Regi\u00e3o News\" \/>\n<meta property=\"og:description\" content=\"A Col\u00f4mbia garantiu a 3\u00aa posi\u00e7\u00e3o da Copa Am\u00e9rica ap\u00f3s\" \/>\n<meta property=\"og:url\" content=\"https:\/\/regiaonews.net.br\/2022\/2021\/07\/10\/colombia-supera-peru-e-fica-em-terceiro-na-copa-america\/\" \/>\n<meta property=\"og:site_name\" content=\"Regi\u00e3o News\" \/>\n<meta property=\"article:published_time\" content=\"2021-07-10T12:05:37+00:00\" \/>\n<meta property=\"og:image\" content=\"https:\/\/regiaonews.net.br\/2022\/wp-content\/uploads\/2021\/07\/2021-07-10t011844z_1986727616_up1eh7a03n6sw_rtrmadp_3_soccer-copa-col-per-report.jpg\" \/>\n\t<meta property=\"og:image:width\" content=\"1170\" \/>\n\t<meta property=\"og:image:height\" content=\"700\" \/>\n\t<meta property=\"og:image:type\" content=\"image\/jpeg\" \/>\n<meta name=\"author\" content=\"Roberto\" \/>\n<meta name=\"twitter:card\" content=\"summary_large_image\" \/>\n<meta name=\"twitter:label1\" content=\"Escrito por\" \/>\n\t<meta name=\"twitter:data1\" content=\"Roberto\" \/>\n\t<meta name=\"twitter:label2\" content=\"Est. tempo de leitura\" \/>\n\t<meta name=\"twitter:data2\" content=\"1 minuto\" \/>\n<script type=\"application\/ld+json\" class=\"yoast-schema-graph\">{\"@context\":\"https:\\\/\\\/schema.org\",\"@graph\":[{\"@type\":\"Article\",\"@id\":\"https:\\\/\\\/regiaonews.net.br\\\/2022\\\/2021\\\/07\\\/10\\\/colombia-supera-peru-e-fica-em-terceiro-na-copa-america\\\/#article\",\"isPartOf\":{\"@id\":\"https:\\\/\\\/regiaonews.net.br\\\/2022\\\/2021\\\/07\\\/10\\\/colombia-supera-peru-e-fica-em-terceiro-na-copa-america\\\/\"},\"author\":{\"name\":\"Roberto\",\"@id\":\"https:\\\/\\\/regiaonews.net.br\\\/2022\\\/#\\\/schema\\\/person\\\/2d205a608a5aa97ac279d7a5e6d89ad8\"},\"headline\":\"Col\u00f4mbia supera Peru e fica em terceiro na Copa Am\u00e9rica\",\"datePublished\":\"2021-07-10T12:05:37+00:00\",\"mainEntityOfPage\":{\"@id\":\"https:\\\/\\\/regiaonews.net.br\\\/2022\\\/2021\\\/07\\\/10\\\/colombia-supera-peru-e-fica-em-terceiro-na-copa-america\\\/\"},\"wordCount\":246,\"commentCount\":0,\"publisher\":{\"@id\":\"https:\\\/\\\/regiaonews.net.br\\\/2022\\\/#organization\"},\"image\":{\"@id\":\"https:\\\/\\\/regiaonews.net.br\\\/2022\\\/2021\\\/07\\\/10\\\/colombia-supera-peru-e-fica-em-terceiro-na-copa-america\\\/#primaryimage\"},\"thumbnailUrl\":\"https:\\\/\\\/regiaonews.net.br\\\/2022\\\/wp-content\\\/uploads\\\/2021\\\/07\\\/2021-07-10t011844z_1986727616_up1eh7a03n6sw_rtrmadp_3_soccer-copa-col-per-report.jpg\",\"articleSection\":[\"Copa Am\u00e9rica\",\"Esporte\"],\"inLanguage\":\"pt-BR\",\"potentialAction\":[{\"@type\":\"CommentAction\",\"name\":\"Comment\",\"target\":[\"https:\\\/\\\/regiaonews.net.br\\\/2022\\\/2021\\\/07\\\/10\\\/colombia-supera-peru-e-fica-em-terceiro-na-copa-america\\\/#respond\"]}]},{\"@type\":\"WebPage\",\"@id\":\"https:\\\/\\\/regiaonews.net.br\\\/2022\\\/2021\\\/07\\\/10\\\/colombia-supera-peru-e-fica-em-terceiro-na-copa-america\\\/\",\"url\":\"https:\\\/\\\/regiaonews.net.br\\\/2022\\\/2021\\\/07\\\/10\\\/colombia-supera-peru-e-fica-em-terceiro-na-copa-america\\\/\",\"name\":\"Col\u00f4mbia supera Peru e fica em terceiro na Copa Am\u00e9rica - Regi\u00e3o News\",\"isPartOf\":{\"@id\":\"https:\\\/\\\/regiaonews.net.br\\\/2022\\\/#website\"},\"primaryImageOfPage\":{\"@id\":\"https:\\\/\\\/regiaonews.net.br\\\/2022\\\/2021\\\/07\\\/10\\\/colombia-supera-peru-e-fica-em-terceiro-na-copa-america\\\/#primaryimage\"},\"image\":{\"@id\":\"https:\\\/\\\/regiaonews.net.br\\\/2022\\\/2021\\\/07\\\/10\\\/colombia-supera-peru-e-fica-em-terceiro-na-copa-america\\\/#primaryimage\"},\"thumbnailUrl\":\"https:\\\/\\\/regiaonews.net.br\\\/2022\\\/wp-content\\\/uploads\\\/2021\\\/07\\\/2021-07-10t011844z_1986727616_up1eh7a03n6sw_rtrmadp_3_soccer-copa-col-per-report.jpg\",\"datePublished\":\"2021-07-10T12:05:37+00:00\",\"breadcrumb\":{\"@id\":\"https:\\\/\\\/regiaonews.net.br\\\/2022\\\/2021\\\/07\\\/10\\\/colombia-supera-peru-e-fica-em-terceiro-na-copa-america\\\/#breadcrumb\"},\"inLanguage\":\"pt-BR\",\"potentialAction\":[{\"@type\":\"ReadAction\",\"target\":[\"https:\\\/\\\/regiaonews.net.br\\\/2022\\\/2021\\\/07\\\/10\\\/colombia-supera-peru-e-fica-em-terceiro-na-copa-america\\\/\"]}]},{\"@type\":\"ImageObject\",\"inLanguage\":\"pt-BR\",\"@id\":\"https:\\\/\\\/regiaonews.net.br\\\/2022\\\/2021\\\/07\\\/10\\\/colombia-supera-peru-e-fica-em-terceiro-na-copa-america\\\/#primaryimage\",\"url\":\"https:\\\/\\\/regiaonews.net.br\\\/2022\\\/wp-content\\\/uploads\\\/2021\\\/07\\\/2021-07-10t011844z_1986727616_up1eh7a03n6sw_rtrmadp_3_soccer-copa-col-per-report.jpg\",\"contentUrl\":\"https:\\\/\\\/regiaonews.net.br\\\/2022\\\/wp-content\\\/uploads\\\/2021\\\/07\\\/2021-07-10t011844z_1986727616_up1eh7a03n6sw_rtrmadp_3_soccer-copa-col-per-report.jpg\",\"width\":1170,\"height\":700},{\"@type\":\"BreadcrumbList\",\"@id\":\"https:\\\/\\\/regiaonews.net.br\\\/2022\\\/2021\\\/07\\\/10\\\/colombia-supera-peru-e-fica-em-terceiro-na-copa-america\\\/#breadcrumb\",\"itemListElement\":[{\"@type\":\"ListItem\",\"position\":1,\"name\":\"In\u00edcio\",\"item\":\"https:\\\/\\\/regiaonews.net.br\\\/2022\\\/\"},{\"@type\":\"ListItem\",\"position\":2,\"name\":\"Col\u00f4mbia supera Peru e fica em terceiro na Copa Am\u00e9rica\"}]},{\"@type\":\"WebSite\",\"@id\":\"https:\\\/\\\/regiaonews.net.br\\\/2022\\\/#website\",\"url\":\"https:\\\/\\\/regiaonews.net.br\\\/2022\\\/\",\"name\":\"Regi\u00e3o News\",\"description\":\"Site de Not\u00edcias de Barretos e regi\u00e3o\",\"publisher\":{\"@id\":\"https:\\\/\\\/regiaonews.net.br\\\/2022\\\/#organization\"},\"potentialAction\":[{\"@type\":\"SearchAction\",\"target\":{\"@type\":\"EntryPoint\",\"urlTemplate\":\"https:\\\/\\\/regiaonews.net.br\\\/2022\\\/?s={search_term_string}\"},\"query-input\":{\"@type\":\"PropertyValueSpecification\",\"valueRequired\":true,\"valueName\":\"search_term_string\"}}],\"inLanguage\":\"pt-BR\"},{\"@type\":\"Organization\",\"@id\":\"https:\\\/\\\/regiaonews.net.br\\\/2022\\\/#organization\",\"name\":\"Regi\u00e3o News\",\"url\":\"https:\\\/\\\/regiaonews.net.br\\\/2022\\\/\",\"logo\":{\"@type\":\"ImageObject\",\"inLanguage\":\"pt-BR\",\"@id\":\"https:\\\/\\\/regiaonews.net.br\\\/2022\\\/#\\\/schema\\\/logo\\\/image\\\/\",\"url\":\"https:\\\/\\\/regiaonews.net.br\\\/2022\\\/wp-content\\\/uploads\\\/2026\\\/03\\\/regiao-13-anos-scaled.jpg\",\"contentUrl\":\"https:\\\/\\\/regiaonews.net.br\\\/2022\\\/wp-content\\\/uploads\\\/2026\\\/03\\\/regiao-13-anos-scaled.jpg\",\"width\":2560,\"height\":635,\"caption\":\"Regi\u00e3o News\"},\"image\":{\"@id\":\"https:\\\/\\\/regiaonews.net.br\\\/2022\\\/#\\\/schema\\\/logo\\\/image\\\/\"}},{\"@type\":\"Person\",\"@id\":\"https:\\\/\\\/regiaonews.net.br\\\/2022\\\/#\\\/schema\\\/person\\\/2d205a608a5aa97ac279d7a5e6d89ad8\",\"name\":\"Roberto\",\"image\":{\"@type\":\"ImageObject\",\"inLanguage\":\"pt-BR\",\"@id\":\"https:\\\/\\\/secure.gravatar.com\\\/avatar\\\/42749d8b712ff9d59ca93dc150494e5b55a44134482993f5baeb97e61b7ecc89?s=96&d=mm&r=g\",\"url\":\"https:\\\/\\\/secure.gravatar.com\\\/avatar\\\/42749d8b712ff9d59ca93dc150494e5b55a44134482993f5baeb97e61b7ecc89?s=96&d=mm&r=g\",\"contentUrl\":\"https:\\\/\\\/secure.gravatar.com\\\/avatar\\\/42749d8b712ff9d59ca93dc150494e5b55a44134482993f5baeb97e61b7ecc89?s=96&d=mm&r=g\",\"caption\":\"Roberto\"},\"url\":\"https:\\\/\\\/regiaonews.net.br\\\/2022\\\/author\\\/roberto\\\/\"}]}<\/script>\n<!-- \/ Yoast SEO plugin. -->","yoast_head_json":{"title":"Col\u00f4mbia supera Peru e fica em terceiro na Copa Am\u00e9rica - Regi\u00e3o News","robots":{"index":"index","follow":"follow","max-snippet":"max-snippet:-1","max-image-preview":"max-image-preview:large","max-video-preview":"max-video-preview:-1"},"canonical":"https:\/\/regiaonews.net.br\/2022\/2021\/07\/10\/colombia-supera-peru-e-fica-em-terceiro-na-copa-america\/","og_locale":"pt_BR","og_type":"article","og_title":"Col\u00f4mbia supera Peru e fica em terceiro na Copa Am\u00e9rica - Regi\u00e3o News","og_description":"A Col\u00f4mbia garantiu a 3\u00aa posi\u00e7\u00e3o da Copa Am\u00e9rica ap\u00f3s","og_url":"https:\/\/regiaonews.net.br\/2022\/2021\/07\/10\/colombia-supera-peru-e-fica-em-terceiro-na-copa-america\/","og_site_name":"Regi\u00e3o News","article_published_time":"2021-07-10T12:05:37+00:00","og_image":[{"width":1170,"height":700,"url":"https:\/\/regiaonews.net.br\/2022\/wp-content\/uploads\/2021\/07\/2021-07-10t011844z_1986727616_up1eh7a03n6sw_rtrmadp_3_soccer-copa-col-per-report.jpg","type":"image\/jpeg"}],"author":"Roberto","twitter_card":"summary_large_image","twitter_misc":{"Escrito por":"Roberto","Est. tempo de leitura":"1 minuto"},"schema":{"@context":"https:\/\/schema.org","@graph":[{"@type":"Article","@id":"https:\/\/regiaonews.net.br\/2022\/2021\/07\/10\/colombia-supera-peru-e-fica-em-terceiro-na-copa-america\/#article","isPartOf":{"@id":"https:\/\/regiaonews.net.br\/2022\/2021\/07\/10\/colombia-supera-peru-e-fica-em-terceiro-na-copa-america\/"},"author":{"name":"Roberto","@id":"https:\/\/regiaonews.net.br\/2022\/#\/schema\/person\/2d205a608a5aa97ac279d7a5e6d89ad8"},"headline":"Col\u00f4mbia supera Peru e fica em terceiro na Copa Am\u00e9rica","datePublished":"2021-07-10T12:05:37+00:00","mainEntityOfPage":{"@id":"https:\/\/regiaonews.net.br\/2022\/2021\/07\/10\/colombia-supera-peru-e-fica-em-terceiro-na-copa-america\/"},"wordCount":246,"commentCount":0,"publisher":{"@id":"https:\/\/regiaonews.net.br\/2022\/#organization"},"image":{"@id":"https:\/\/regiaonews.net.br\/2022\/2021\/07\/10\/colombia-supera-peru-e-fica-em-terceiro-na-copa-america\/#primaryimage"},"thumbnailUrl":"https:\/\/regiaonews.net.br\/2022\/wp-content\/uploads\/2021\/07\/2021-07-10t011844z_1986727616_up1eh7a03n6sw_rtrmadp_3_soccer-copa-col-per-report.jpg","articleSection":["Copa Am\u00e9rica","Esporte"],"inLanguage":"pt-BR","potentialAction":[{"@type":"CommentAction","name":"Comment","target":["https:\/\/regiaonews.net.br\/2022\/2021\/07\/10\/colombia-supera-peru-e-fica-em-terceiro-na-copa-america\/#respond"]}]},{"@type":"WebPage","@id":"https:\/\/regiaonews.net.br\/2022\/2021\/07\/10\/colombia-supera-peru-e-fica-em-terceiro-na-copa-america\/","url":"https:\/\/regiaonews.net.br\/2022\/2021\/07\/10\/colombia-supera-peru-e-fica-em-terceiro-na-copa-america\/","name":"Col\u00f4mbia supera Peru e fica em terceiro na Copa Am\u00e9rica - Regi\u00e3o News","isPartOf":{"@id":"https:\/\/regiaonews.net.br\/2022\/#website"},"primaryImageOfPage":{"@id":"https:\/\/regiaonews.net.br\/2022\/2021\/07\/10\/colombia-supera-peru-e-fica-em-terceiro-na-copa-america\/#primaryimage"},"image":{"@id":"https:\/\/regiaonews.net.br\/2022\/2021\/07\/10\/colombia-supera-peru-e-fica-em-terceiro-na-copa-america\/#primaryimage"},"thumbnailUrl":"https:\/\/regiaonews.net.br\/2022\/wp-content\/uploads\/2021\/07\/2021-07-10t011844z_1986727616_up1eh7a03n6sw_rtrmadp_3_soccer-copa-col-per-report.jpg","datePublished":"2021-07-10T12:05:37+00:00","breadcrumb":{"@id":"https:\/\/regiaonews.net.br\/2022\/2021\/07\/10\/colombia-supera-peru-e-fica-em-terceiro-na-copa-america\/#breadcrumb"},"inLanguage":"pt-BR","potentialAction":[{"@type":"ReadAction","target":["https:\/\/regiaonews.net.br\/2022\/2021\/07\/10\/colombia-supera-peru-e-fica-em-terceiro-na-copa-america\/"]}]},{"@type":"ImageObject","inLanguage":"pt-BR","@id":"https:\/\/regiaonews.net.br\/2022\/2021\/07\/10\/colombia-supera-peru-e-fica-em-terceiro-na-copa-america\/#primaryimage","url":"https:\/\/regiaonews.net.br\/2022\/wp-content\/uploads\/2021\/07\/2021-07-10t011844z_1986727616_up1eh7a03n6sw_rtrmadp_3_soccer-copa-col-per-report.jpg","contentUrl":"https:\/\/regiaonews.net.br\/2022\/wp-content\/uploads\/2021\/07\/2021-07-10t011844z_1986727616_up1eh7a03n6sw_rtrmadp_3_soccer-copa-col-per-report.jpg","width":1170,"height":700},{"@type":"BreadcrumbList","@id":"https:\/\/regiaonews.net.br\/2022\/2021\/07\/10\/colombia-supera-peru-e-fica-em-terceiro-na-copa-america\/#breadcrumb","itemListElement":[{"@type":"ListItem","position":1,"name":"In\u00edcio","item":"https:\/\/regiaonews.net.br\/2022\/"},{"@type":"ListItem","position":2,"name":"Col\u00f4mbia supera Peru e fica em terceiro na Copa Am\u00e9rica"}]},{"@type":"WebSite","@id":"https:\/\/regiaonews.net.br\/2022\/#website","url":"https:\/\/regiaonews.net.br\/2022\/","name":"Regi\u00e3o News","description":"Site de Not\u00edcias de Barretos e regi\u00e3o","publisher":{"@id":"https:\/\/regiaonews.net.br\/2022\/#organization"},"potentialAction":[{"@type":"SearchAction","target":{"@type":"EntryPoint","urlTemplate":"https:\/\/regiaonews.net.br\/2022\/?s={search_term_string}"},"query-input":{"@type":"PropertyValueSpecification","valueRequired":true,"valueName":"search_term_string"}}],"inLanguage":"pt-BR"},{"@type":"Organization","@id":"https:\/\/regiaonews.net.br\/2022\/#organization","name":"Regi\u00e3o News","url":"https:\/\/regiaonews.net.br\/2022\/","logo":{"@type":"ImageObject","inLanguage":"pt-BR","@id":"https:\/\/regiaonews.net.br\/2022\/#\/schema\/logo\/image\/","url":"https:\/\/regiaonews.net.br\/2022\/wp-content\/uploads\/2026\/03\/regiao-13-anos-scaled.jpg","contentUrl":"https:\/\/regiaonews.net.br\/2022\/wp-content\/uploads\/2026\/03\/regiao-13-anos-scaled.jpg","width":2560,"height":635,"caption":"Regi\u00e3o News"},"image":{"@id":"https:\/\/regiaonews.net.br\/2022\/#\/schema\/logo\/image\/"}},{"@type":"Person","@id":"https:\/\/regiaonews.net.br\/2022\/#\/schema\/person\/2d205a608a5aa97ac279d7a5e6d89ad8","name":"Roberto","image":{"@type":"ImageObject","inLanguage":"pt-BR","@id":"https:\/\/secure.gravatar.com\/avatar\/42749d8b712ff9d59ca93dc150494e5b55a44134482993f5baeb97e61b7ecc89?s=96&d=mm&r=g","url":"https:\/\/secure.gravatar.com\/avatar\/42749d8b712ff9d59ca93dc150494e5b55a44134482993f5baeb97e61b7ecc89?s=96&d=mm&r=g","contentUrl":"https:\/\/secure.gravatar.com\/avatar\/42749d8b712ff9d59ca93dc150494e5b55a44134482993f5baeb97e61b7ecc89?s=96&d=mm&r=g","caption":"Roberto"},"url":"https:\/\/regiaonews.net.br\/2022\/author\/roberto\/"}]}},"publishpress_future_action":{"enabled":false,"date":"2026-05-02 03:45:12","action":"change-status","newStatus":"draft","terms":[],"taxonomy":"category","extraData":[]},"publishpress_future_workflow_manual_trigger":{"enabledWorkflows":[]},"_links":{"self":[{"href":"https:\/\/regiaonews.net.br\/2022\/wp-json\/wp\/v2\/posts\/50064","targetHints":{"allow":["GET"]}}],"collection":[{"href":"https:\/\/regiaonews.net.br\/2022\/wp-json\/wp\/v2\/posts"}],"about":[{"href":"https:\/\/regiaonews.net.br\/2022\/wp-json\/wp\/v2\/types\/post"}],"author":[{"embeddable":true,"href":"https:\/\/regiaonews.net.br\/2022\/wp-json\/wp\/v2\/users\/2"}],"replies":[{"embeddable":true,"href":"https:\/\/regiaonews.net.br\/2022\/wp-json\/wp\/v2\/comments?post=50064"}],"version-history":[{"count":0,"href":"https:\/\/regiaonews.net.br\/2022\/wp-json\/wp\/v2\/posts\/50064\/revisions"}],"wp:featuredmedia":[{"embeddable":true,"href":"https:\/\/regiaonews.net.br\/2022\/wp-json\/wp\/v2\/media\/50066"}],"wp:attachment":[{"href":"https:\/\/regiaonews.net.br\/2022\/wp-json\/wp\/v2\/media?parent=50064"}],"wp:term":[{"taxonomy":"category","embeddable":true,"href":"https:\/\/regiaonews.net.br\/2022\/wp-json\/wp\/v2\/categories?post=50064"},{"taxonomy":"post_tag","embeddable":true,"href":"https:\/\/regiaonews.net.br\/2022\/wp-json\/wp\/v2\/tags?post=50064"}],"curies":[{"name":"wp","href":"https:\/\/api.w.org\/{rel}","templated":true}]}}