{"id":49966,"date":"2021-07-08T13:22:55","date_gmt":"2021-07-08T16:22:55","guid":{"rendered":"https:\/\/regiaonews.net.br\/2022\/?p=49966"},"modified":"2021-07-08T13:22:55","modified_gmt":"2021-07-08T16:22:55","slug":"prefeitura-de-colina-instala-iluminacao-publica-na-nova-avenida-taufy-neme","status":"publish","type":"post","link":"https:\/\/regiaonews.net.br\/2022\/2021\/07\/08\/prefeitura-de-colina-instala-iluminacao-publica-na-nova-avenida-taufy-neme\/","title":{"rendered":"Prefeitura de Colina instala ilumina\u00e7\u00e3o p\u00fablica na nova Avenida Taufy Neme"},"content":{"rendered":"<p><a href=\"https:\/\/regiaonews.net.br\/2022\/wp-content\/uploads\/2021\/07\/20210708_131750.jpg\"><img loading=\"lazy\" decoding=\"async\" class=\"alignnone size-medium wp-image-49967\" src=\"https:\/\/regiaonews.net.br\/2022\/wp-content\/uploads\/2021\/07\/20210708_131750-300x194.jpg\" alt=\"\" width=\"300\" height=\"194\" \/><\/a> <a href=\"https:\/\/regiaonews.net.br\/2022\/wp-content\/uploads\/2021\/07\/20210708_131718.jpg\"><img loading=\"lazy\" decoding=\"async\" class=\"alignnone size-medium wp-image-49968\" src=\"https:\/\/regiaonews.net.br\/2022\/wp-content\/uploads\/2021\/07\/20210708_131718-300x197.jpg\" alt=\"\" width=\"300\" height=\"197\" \/><\/a><\/p>\n<p>&nbsp;<\/p>\n<p>Com recursos pr\u00f3prios, a Prefeitura Municipal de Colina realizou, no \u00faltimo m\u00eas de junho, a instala\u00e7\u00e3o da ilumina\u00e7\u00e3o p\u00fablica da nova avenida, Taufy Nemne, no trecho que liga os bairros Jardim H\u00edpico e Vila H\u00edpica. Lembrando que a nova avenida d\u00e1 acesso \u00e0 demais bairros, como: Vila Guarnieri, Nosso Teto, Colina D e Alto da H\u00edpica.<br \/>\nForam instalados 26 bra\u00e7os de luz completos, com l\u00e2mpadas de LED, que s\u00e3o mais econ\u00f4micas e dur\u00e1veis, al\u00e9m da ilumina\u00e7\u00e3o ser mais forte que as l\u00e2mpadas antigas.<br \/>\nO Prefeito Municipal de Colina, Dieb Taha, destacou a import\u00e2ncia da ilumina\u00e7\u00e3o p\u00fablica, um ganho enorme na seguran\u00e7a dos moradores, no tr\u00e1fego dos ve\u00edculos, no conforto e na valoriza\u00e7\u00e3o do local. \u201cEstamos qualificando o sistema de ilumina\u00e7\u00e3o p\u00fablica em Colina, com equipamentos modernos, com mais durabilidade e contribui\u00e7\u00e3o ambiental mais adequada. Apesar de n\u00e3o ser um fator diretamente ligado \u00e0 seguran\u00e7a p\u00fablica, uma ilumina\u00e7\u00e3o eficaz em pontos significativos traz uma sensa\u00e7\u00e3o expressiva de seguran\u00e7a uma vez que a diminui\u00e7\u00e3o dos \u00edndices de criminalidade pode ser considerado uma consequ\u00eancia disso\u201d.<br \/>\n\u201cA cidade est\u00e1 crescendo, em pleno progresso. Por isso, com planejamento, estamos desenvolvendo este trabalho de instala\u00e7\u00e3o de ilumina\u00e7\u00e3o nos novos bairros, bem como fazendo a substitui\u00e7\u00e3o das lumin\u00e1rias, em diversos pontos da cidade, que al\u00e9m de gerar economia, \u00e9 fundamental para a qualidade de vida e o bem-estar dos cidad\u00e3os. Na 1\u00aa etapa, foram substitu\u00eddos mais de 1000 pontos de ilumina\u00e7\u00e3o p\u00fablica, que receberam o sistema de l\u00e2mpadas de LED. E agora estamos realizando a 2\u00aa etapa, com a substitui\u00e7\u00e3o de mais de 600 l\u00e2mpadas. E, ainda teremos uma 3\u00aa etapa, que realizaremos futuramente\u201d, destacou o Prefeito Dieb.<\/p>\n<p>Tet\u00ea Poliseli<br \/>\nAssessora de Imprensa<br \/>\nPrefeitura Municipal de Colina<\/p>\n","protected":false},"excerpt":{"rendered":"<p>&nbsp; Com recursos pr\u00f3prios, a Prefeitura Municipal de Colina realizou,<\/p>\n","protected":false},"author":2,"featured_media":49968,"comment_status":"open","ping_status":"open","sticky":false,"template":"","format":"standard","meta":{"footnotes":""},"categories":[25,5],"tags":[],"class_list":["post-49966","post","type-post","status-publish","format-standard","has-post-thumbnail","hentry","category-cidades","category-colina"],"yoast_head":"<!-- This site is optimized with the Yoast SEO plugin v27.4 - https:\/\/yoast.com\/product\/yoast-seo-wordpress\/ -->\n<title>Prefeitura de Colina instala ilumina\u00e7\u00e3o p\u00fablica na nova Avenida Taufy Neme - Regi\u00e3o News<\/title>\n<meta name=\"robots\" content=\"index, follow, max-snippet:-1, max-image-preview:large, max-video-preview:-1\" \/>\n<link rel=\"canonical\" href=\"https:\/\/regiaonews.net.br\/2022\/2021\/07\/08\/prefeitura-de-colina-instala-iluminacao-publica-na-nova-avenida-taufy-neme\/\" \/>\n<meta property=\"og:locale\" content=\"pt_BR\" \/>\n<meta property=\"og:type\" content=\"article\" \/>\n<meta property=\"og:title\" content=\"Prefeitura de Colina instala ilumina\u00e7\u00e3o p\u00fablica na nova Avenida Taufy Neme - Regi\u00e3o News\" \/>\n<meta property=\"og:description\" content=\"&nbsp; Com recursos pr\u00f3prios, a Prefeitura Municipal de Colina realizou,\" \/>\n<meta property=\"og:url\" content=\"https:\/\/regiaonews.net.br\/2022\/2021\/07\/08\/prefeitura-de-colina-instala-iluminacao-publica-na-nova-avenida-taufy-neme\/\" \/>\n<meta property=\"og:site_name\" content=\"Regi\u00e3o News\" \/>\n<meta property=\"article:published_time\" content=\"2021-07-08T16:22:55+00:00\" \/>\n<meta property=\"og:image\" content=\"https:\/\/regiaonews.net.br\/2022\/wp-content\/uploads\/2021\/07\/20210708_131718.jpg\" \/>\n\t<meta property=\"og:image:width\" content=\"1072\" \/>\n\t<meta property=\"og:image:height\" content=\"705\" \/>\n\t<meta property=\"og:image:type\" content=\"image\/jpeg\" \/>\n<meta name=\"author\" content=\"Roberto\" \/>\n<meta name=\"twitter:card\" content=\"summary_large_image\" \/>\n<meta name=\"twitter:label1\" content=\"Escrito por\" \/>\n\t<meta name=\"twitter:data1\" content=\"Roberto\" \/>\n\t<meta name=\"twitter:label2\" content=\"Est. tempo de leitura\" \/>\n\t<meta name=\"twitter:data2\" content=\"2 minutos\" \/>\n<script type=\"application\/ld+json\" class=\"yoast-schema-graph\">{\"@context\":\"https:\\\/\\\/schema.org\",\"@graph\":[{\"@type\":\"Article\",\"@id\":\"https:\\\/\\\/regiaonews.net.br\\\/2022\\\/2021\\\/07\\\/08\\\/prefeitura-de-colina-instala-iluminacao-publica-na-nova-avenida-taufy-neme\\\/#article\",\"isPartOf\":{\"@id\":\"https:\\\/\\\/regiaonews.net.br\\\/2022\\\/2021\\\/07\\\/08\\\/prefeitura-de-colina-instala-iluminacao-publica-na-nova-avenida-taufy-neme\\\/\"},\"author\":{\"name\":\"Roberto\",\"@id\":\"https:\\\/\\\/regiaonews.net.br\\\/2022\\\/#\\\/schema\\\/person\\\/2d205a608a5aa97ac279d7a5e6d89ad8\"},\"headline\":\"Prefeitura de Colina instala ilumina\u00e7\u00e3o p\u00fablica na nova Avenida Taufy Neme\",\"datePublished\":\"2021-07-08T16:22:55+00:00\",\"mainEntityOfPage\":{\"@id\":\"https:\\\/\\\/regiaonews.net.br\\\/2022\\\/2021\\\/07\\\/08\\\/prefeitura-de-colina-instala-iluminacao-publica-na-nova-avenida-taufy-neme\\\/\"},\"wordCount\":331,\"commentCount\":0,\"publisher\":{\"@id\":\"https:\\\/\\\/regiaonews.net.br\\\/2022\\\/#organization\"},\"image\":{\"@id\":\"https:\\\/\\\/regiaonews.net.br\\\/2022\\\/2021\\\/07\\\/08\\\/prefeitura-de-colina-instala-iluminacao-publica-na-nova-avenida-taufy-neme\\\/#primaryimage\"},\"thumbnailUrl\":\"https:\\\/\\\/regiaonews.net.br\\\/2022\\\/wp-content\\\/uploads\\\/2021\\\/07\\\/20210708_131718.jpg\",\"articleSection\":[\"Cidades\",\"Colina\"],\"inLanguage\":\"pt-BR\",\"potentialAction\":[{\"@type\":\"CommentAction\",\"name\":\"Comment\",\"target\":[\"https:\\\/\\\/regiaonews.net.br\\\/2022\\\/2021\\\/07\\\/08\\\/prefeitura-de-colina-instala-iluminacao-publica-na-nova-avenida-taufy-neme\\\/#respond\"]}]},{\"@type\":\"WebPage\",\"@id\":\"https:\\\/\\\/regiaonews.net.br\\\/2022\\\/2021\\\/07\\\/08\\\/prefeitura-de-colina-instala-iluminacao-publica-na-nova-avenida-taufy-neme\\\/\",\"url\":\"https:\\\/\\\/regiaonews.net.br\\\/2022\\\/2021\\\/07\\\/08\\\/prefeitura-de-colina-instala-iluminacao-publica-na-nova-avenida-taufy-neme\\\/\",\"name\":\"Prefeitura de Colina instala ilumina\u00e7\u00e3o p\u00fablica na nova Avenida Taufy Neme - Regi\u00e3o News\",\"isPartOf\":{\"@id\":\"https:\\\/\\\/regiaonews.net.br\\\/2022\\\/#website\"},\"primaryImageOfPage\":{\"@id\":\"https:\\\/\\\/regiaonews.net.br\\\/2022\\\/2021\\\/07\\\/08\\\/prefeitura-de-colina-instala-iluminacao-publica-na-nova-avenida-taufy-neme\\\/#primaryimage\"},\"image\":{\"@id\":\"https:\\\/\\\/regiaonews.net.br\\\/2022\\\/2021\\\/07\\\/08\\\/prefeitura-de-colina-instala-iluminacao-publica-na-nova-avenida-taufy-neme\\\/#primaryimage\"},\"thumbnailUrl\":\"https:\\\/\\\/regiaonews.net.br\\\/2022\\\/wp-content\\\/uploads\\\/2021\\\/07\\\/20210708_131718.jpg\",\"datePublished\":\"2021-07-08T16:22:55+00:00\",\"breadcrumb\":{\"@id\":\"https:\\\/\\\/regiaonews.net.br\\\/2022\\\/2021\\\/07\\\/08\\\/prefeitura-de-colina-instala-iluminacao-publica-na-nova-avenida-taufy-neme\\\/#breadcrumb\"},\"inLanguage\":\"pt-BR\",\"potentialAction\":[{\"@type\":\"ReadAction\",\"target\":[\"https:\\\/\\\/regiaonews.net.br\\\/2022\\\/2021\\\/07\\\/08\\\/prefeitura-de-colina-instala-iluminacao-publica-na-nova-avenida-taufy-neme\\\/\"]}]},{\"@type\":\"ImageObject\",\"inLanguage\":\"pt-BR\",\"@id\":\"https:\\\/\\\/regiaonews.net.br\\\/2022\\\/2021\\\/07\\\/08\\\/prefeitura-de-colina-instala-iluminacao-publica-na-nova-avenida-taufy-neme\\\/#primaryimage\",\"url\":\"https:\\\/\\\/regiaonews.net.br\\\/2022\\\/wp-content\\\/uploads\\\/2021\\\/07\\\/20210708_131718.jpg\",\"contentUrl\":\"https:\\\/\\\/regiaonews.net.br\\\/2022\\\/wp-content\\\/uploads\\\/2021\\\/07\\\/20210708_131718.jpg\",\"width\":1072,\"height\":705},{\"@type\":\"BreadcrumbList\",\"@id\":\"https:\\\/\\\/regiaonews.net.br\\\/2022\\\/2021\\\/07\\\/08\\\/prefeitura-de-colina-instala-iluminacao-publica-na-nova-avenida-taufy-neme\\\/#breadcrumb\",\"itemListElement\":[{\"@type\":\"ListItem\",\"position\":1,\"name\":\"In\u00edcio\",\"item\":\"https:\\\/\\\/regiaonews.net.br\\\/2022\\\/\"},{\"@type\":\"ListItem\",\"position\":2,\"name\":\"Prefeitura de Colina instala ilumina\u00e7\u00e3o p\u00fablica na nova Avenida Taufy Neme\"}]},{\"@type\":\"WebSite\",\"@id\":\"https:\\\/\\\/regiaonews.net.br\\\/2022\\\/#website\",\"url\":\"https:\\\/\\\/regiaonews.net.br\\\/2022\\\/\",\"name\":\"Regi\u00e3o News\",\"description\":\"Site de Not\u00edcias de Barretos e regi\u00e3o\",\"publisher\":{\"@id\":\"https:\\\/\\\/regiaonews.net.br\\\/2022\\\/#organization\"},\"potentialAction\":[{\"@type\":\"SearchAction\",\"target\":{\"@type\":\"EntryPoint\",\"urlTemplate\":\"https:\\\/\\\/regiaonews.net.br\\\/2022\\\/?s={search_term_string}\"},\"query-input\":{\"@type\":\"PropertyValueSpecification\",\"valueRequired\":true,\"valueName\":\"search_term_string\"}}],\"inLanguage\":\"pt-BR\"},{\"@type\":\"Organization\",\"@id\":\"https:\\\/\\\/regiaonews.net.br\\\/2022\\\/#organization\",\"name\":\"Regi\u00e3o News\",\"url\":\"https:\\\/\\\/regiaonews.net.br\\\/2022\\\/\",\"logo\":{\"@type\":\"ImageObject\",\"inLanguage\":\"pt-BR\",\"@id\":\"https:\\\/\\\/regiaonews.net.br\\\/2022\\\/#\\\/schema\\\/logo\\\/image\\\/\",\"url\":\"https:\\\/\\\/regiaonews.net.br\\\/2022\\\/wp-content\\\/uploads\\\/2026\\\/03\\\/regiao-13-anos-scaled.jpg\",\"contentUrl\":\"https:\\\/\\\/regiaonews.net.br\\\/2022\\\/wp-content\\\/uploads\\\/2026\\\/03\\\/regiao-13-anos-scaled.jpg\",\"width\":2560,\"height\":635,\"caption\":\"Regi\u00e3o News\"},\"image\":{\"@id\":\"https:\\\/\\\/regiaonews.net.br\\\/2022\\\/#\\\/schema\\\/logo\\\/image\\\/\"}},{\"@type\":\"Person\",\"@id\":\"https:\\\/\\\/regiaonews.net.br\\\/2022\\\/#\\\/schema\\\/person\\\/2d205a608a5aa97ac279d7a5e6d89ad8\",\"name\":\"Roberto\",\"image\":{\"@type\":\"ImageObject\",\"inLanguage\":\"pt-BR\",\"@id\":\"https:\\\/\\\/secure.gravatar.com\\\/avatar\\\/42749d8b712ff9d59ca93dc150494e5b55a44134482993f5baeb97e61b7ecc89?s=96&d=mm&r=g\",\"url\":\"https:\\\/\\\/secure.gravatar.com\\\/avatar\\\/42749d8b712ff9d59ca93dc150494e5b55a44134482993f5baeb97e61b7ecc89?s=96&d=mm&r=g\",\"contentUrl\":\"https:\\\/\\\/secure.gravatar.com\\\/avatar\\\/42749d8b712ff9d59ca93dc150494e5b55a44134482993f5baeb97e61b7ecc89?s=96&d=mm&r=g\",\"caption\":\"Roberto\"},\"url\":\"https:\\\/\\\/regiaonews.net.br\\\/2022\\\/author\\\/roberto\\\/\"}]}<\/script>\n<!-- \/ Yoast SEO plugin. -->","yoast_head_json":{"title":"Prefeitura de Colina instala ilumina\u00e7\u00e3o p\u00fablica na nova Avenida Taufy Neme - Regi\u00e3o News","robots":{"index":"index","follow":"follow","max-snippet":"max-snippet:-1","max-image-preview":"max-image-preview:large","max-video-preview":"max-video-preview:-1"},"canonical":"https:\/\/regiaonews.net.br\/2022\/2021\/07\/08\/prefeitura-de-colina-instala-iluminacao-publica-na-nova-avenida-taufy-neme\/","og_locale":"pt_BR","og_type":"article","og_title":"Prefeitura de Colina instala ilumina\u00e7\u00e3o p\u00fablica na nova Avenida Taufy Neme - Regi\u00e3o News","og_description":"&nbsp; Com recursos pr\u00f3prios, a Prefeitura Municipal de Colina realizou,","og_url":"https:\/\/regiaonews.net.br\/2022\/2021\/07\/08\/prefeitura-de-colina-instala-iluminacao-publica-na-nova-avenida-taufy-neme\/","og_site_name":"Regi\u00e3o News","article_published_time":"2021-07-08T16:22:55+00:00","og_image":[{"width":1072,"height":705,"url":"https:\/\/regiaonews.net.br\/2022\/wp-content\/uploads\/2021\/07\/20210708_131718.jpg","type":"image\/jpeg"}],"author":"Roberto","twitter_card":"summary_large_image","twitter_misc":{"Escrito por":"Roberto","Est. tempo de leitura":"2 minutos"},"schema":{"@context":"https:\/\/schema.org","@graph":[{"@type":"Article","@id":"https:\/\/regiaonews.net.br\/2022\/2021\/07\/08\/prefeitura-de-colina-instala-iluminacao-publica-na-nova-avenida-taufy-neme\/#article","isPartOf":{"@id":"https:\/\/regiaonews.net.br\/2022\/2021\/07\/08\/prefeitura-de-colina-instala-iluminacao-publica-na-nova-avenida-taufy-neme\/"},"author":{"name":"Roberto","@id":"https:\/\/regiaonews.net.br\/2022\/#\/schema\/person\/2d205a608a5aa97ac279d7a5e6d89ad8"},"headline":"Prefeitura de Colina instala ilumina\u00e7\u00e3o p\u00fablica na nova Avenida Taufy Neme","datePublished":"2021-07-08T16:22:55+00:00","mainEntityOfPage":{"@id":"https:\/\/regiaonews.net.br\/2022\/2021\/07\/08\/prefeitura-de-colina-instala-iluminacao-publica-na-nova-avenida-taufy-neme\/"},"wordCount":331,"commentCount":0,"publisher":{"@id":"https:\/\/regiaonews.net.br\/2022\/#organization"},"image":{"@id":"https:\/\/regiaonews.net.br\/2022\/2021\/07\/08\/prefeitura-de-colina-instala-iluminacao-publica-na-nova-avenida-taufy-neme\/#primaryimage"},"thumbnailUrl":"https:\/\/regiaonews.net.br\/2022\/wp-content\/uploads\/2021\/07\/20210708_131718.jpg","articleSection":["Cidades","Colina"],"inLanguage":"pt-BR","potentialAction":[{"@type":"CommentAction","name":"Comment","target":["https:\/\/regiaonews.net.br\/2022\/2021\/07\/08\/prefeitura-de-colina-instala-iluminacao-publica-na-nova-avenida-taufy-neme\/#respond"]}]},{"@type":"WebPage","@id":"https:\/\/regiaonews.net.br\/2022\/2021\/07\/08\/prefeitura-de-colina-instala-iluminacao-publica-na-nova-avenida-taufy-neme\/","url":"https:\/\/regiaonews.net.br\/2022\/2021\/07\/08\/prefeitura-de-colina-instala-iluminacao-publica-na-nova-avenida-taufy-neme\/","name":"Prefeitura de Colina instala ilumina\u00e7\u00e3o p\u00fablica na nova Avenida Taufy Neme - Regi\u00e3o News","isPartOf":{"@id":"https:\/\/regiaonews.net.br\/2022\/#website"},"primaryImageOfPage":{"@id":"https:\/\/regiaonews.net.br\/2022\/2021\/07\/08\/prefeitura-de-colina-instala-iluminacao-publica-na-nova-avenida-taufy-neme\/#primaryimage"},"image":{"@id":"https:\/\/regiaonews.net.br\/2022\/2021\/07\/08\/prefeitura-de-colina-instala-iluminacao-publica-na-nova-avenida-taufy-neme\/#primaryimage"},"thumbnailUrl":"https:\/\/regiaonews.net.br\/2022\/wp-content\/uploads\/2021\/07\/20210708_131718.jpg","datePublished":"2021-07-08T16:22:55+00:00","breadcrumb":{"@id":"https:\/\/regiaonews.net.br\/2022\/2021\/07\/08\/prefeitura-de-colina-instala-iluminacao-publica-na-nova-avenida-taufy-neme\/#breadcrumb"},"inLanguage":"pt-BR","potentialAction":[{"@type":"ReadAction","target":["https:\/\/regiaonews.net.br\/2022\/2021\/07\/08\/prefeitura-de-colina-instala-iluminacao-publica-na-nova-avenida-taufy-neme\/"]}]},{"@type":"ImageObject","inLanguage":"pt-BR","@id":"https:\/\/regiaonews.net.br\/2022\/2021\/07\/08\/prefeitura-de-colina-instala-iluminacao-publica-na-nova-avenida-taufy-neme\/#primaryimage","url":"https:\/\/regiaonews.net.br\/2022\/wp-content\/uploads\/2021\/07\/20210708_131718.jpg","contentUrl":"https:\/\/regiaonews.net.br\/2022\/wp-content\/uploads\/2021\/07\/20210708_131718.jpg","width":1072,"height":705},{"@type":"BreadcrumbList","@id":"https:\/\/regiaonews.net.br\/2022\/2021\/07\/08\/prefeitura-de-colina-instala-iluminacao-publica-na-nova-avenida-taufy-neme\/#breadcrumb","itemListElement":[{"@type":"ListItem","position":1,"name":"In\u00edcio","item":"https:\/\/regiaonews.net.br\/2022\/"},{"@type":"ListItem","position":2,"name":"Prefeitura de Colina instala ilumina\u00e7\u00e3o p\u00fablica na nova Avenida Taufy Neme"}]},{"@type":"WebSite","@id":"https:\/\/regiaonews.net.br\/2022\/#website","url":"https:\/\/regiaonews.net.br\/2022\/","name":"Regi\u00e3o News","description":"Site de Not\u00edcias de Barretos e regi\u00e3o","publisher":{"@id":"https:\/\/regiaonews.net.br\/2022\/#organization"},"potentialAction":[{"@type":"SearchAction","target":{"@type":"EntryPoint","urlTemplate":"https:\/\/regiaonews.net.br\/2022\/?s={search_term_string}"},"query-input":{"@type":"PropertyValueSpecification","valueRequired":true,"valueName":"search_term_string"}}],"inLanguage":"pt-BR"},{"@type":"Organization","@id":"https:\/\/regiaonews.net.br\/2022\/#organization","name":"Regi\u00e3o News","url":"https:\/\/regiaonews.net.br\/2022\/","logo":{"@type":"ImageObject","inLanguage":"pt-BR","@id":"https:\/\/regiaonews.net.br\/2022\/#\/schema\/logo\/image\/","url":"https:\/\/regiaonews.net.br\/2022\/wp-content\/uploads\/2026\/03\/regiao-13-anos-scaled.jpg","contentUrl":"https:\/\/regiaonews.net.br\/2022\/wp-content\/uploads\/2026\/03\/regiao-13-anos-scaled.jpg","width":2560,"height":635,"caption":"Regi\u00e3o News"},"image":{"@id":"https:\/\/regiaonews.net.br\/2022\/#\/schema\/logo\/image\/"}},{"@type":"Person","@id":"https:\/\/regiaonews.net.br\/2022\/#\/schema\/person\/2d205a608a5aa97ac279d7a5e6d89ad8","name":"Roberto","image":{"@type":"ImageObject","inLanguage":"pt-BR","@id":"https:\/\/secure.gravatar.com\/avatar\/42749d8b712ff9d59ca93dc150494e5b55a44134482993f5baeb97e61b7ecc89?s=96&d=mm&r=g","url":"https:\/\/secure.gravatar.com\/avatar\/42749d8b712ff9d59ca93dc150494e5b55a44134482993f5baeb97e61b7ecc89?s=96&d=mm&r=g","contentUrl":"https:\/\/secure.gravatar.com\/avatar\/42749d8b712ff9d59ca93dc150494e5b55a44134482993f5baeb97e61b7ecc89?s=96&d=mm&r=g","caption":"Roberto"},"url":"https:\/\/regiaonews.net.br\/2022\/author\/roberto\/"}]}},"publishpress_future_action":{"enabled":false,"date":"2026-05-03 04:14:27","action":"change-status","newStatus":"draft","terms":[],"taxonomy":"category","extraData":[]},"publishpress_future_workflow_manual_trigger":{"enabledWorkflows":[]},"_links":{"self":[{"href":"https:\/\/regiaonews.net.br\/2022\/wp-json\/wp\/v2\/posts\/49966","targetHints":{"allow":["GET"]}}],"collection":[{"href":"https:\/\/regiaonews.net.br\/2022\/wp-json\/wp\/v2\/posts"}],"about":[{"href":"https:\/\/regiaonews.net.br\/2022\/wp-json\/wp\/v2\/types\/post"}],"author":[{"embeddable":true,"href":"https:\/\/regiaonews.net.br\/2022\/wp-json\/wp\/v2\/users\/2"}],"replies":[{"embeddable":true,"href":"https:\/\/regiaonews.net.br\/2022\/wp-json\/wp\/v2\/comments?post=49966"}],"version-history":[{"count":0,"href":"https:\/\/regiaonews.net.br\/2022\/wp-json\/wp\/v2\/posts\/49966\/revisions"}],"wp:featuredmedia":[{"embeddable":true,"href":"https:\/\/regiaonews.net.br\/2022\/wp-json\/wp\/v2\/media\/49968"}],"wp:attachment":[{"href":"https:\/\/regiaonews.net.br\/2022\/wp-json\/wp\/v2\/media?parent=49966"}],"wp:term":[{"taxonomy":"category","embeddable":true,"href":"https:\/\/regiaonews.net.br\/2022\/wp-json\/wp\/v2\/categories?post=49966"},{"taxonomy":"post_tag","embeddable":true,"href":"https:\/\/regiaonews.net.br\/2022\/wp-json\/wp\/v2\/tags?post=49966"}],"curies":[{"name":"wp","href":"https:\/\/api.w.org\/{rel}","templated":true}]}}