{"id":49962,"date":"2021-07-08T11:09:08","date_gmt":"2021-07-08T14:09:08","guid":{"rendered":"https:\/\/regiaonews.net.br\/2022\/?p=49962"},"modified":"2021-07-08T11:09:08","modified_gmt":"2021-07-08T14:09:08","slug":"onibus-com-time-do-umuarama-futsal-tomba-mata-duas-pessoas-e-fere-20-na-br-376","status":"publish","type":"post","link":"https:\/\/regiaonews.net.br\/2022\/2021\/07\/08\/onibus-com-time-do-umuarama-futsal-tomba-mata-duas-pessoas-e-fere-20-na-br-376\/","title":{"rendered":"\u00d4nibus com time do Umuarama Futsal tomba, mata duas pessoas e fere 20 na BR-376"},"content":{"rendered":"<p><a href=\"https:\/\/regiaonews.net.br\/2022\/wp-content\/uploads\/2021\/07\/WhatsApp-Image-2021-07-08-at-10.59.12.jpeg\"><img loading=\"lazy\" decoding=\"async\" class=\"alignnone size-medium wp-image-49963\" src=\"https:\/\/regiaonews.net.br\/2022\/wp-content\/uploads\/2021\/07\/WhatsApp-Image-2021-07-08-at-10.59.12-300x204.jpeg\" alt=\"\" width=\"300\" height=\"204\" \/><\/a><a href=\"https:\/\/regiaonews.net.br\/2022\/wp-content\/uploads\/2021\/07\/WhatsApp-Image-2021-07-08-at-11.02.54.jpeg\"><img loading=\"lazy\" decoding=\"async\" class=\"alignnone size-medium wp-image-49964\" src=\"https:\/\/regiaonews.net.br\/2022\/wp-content\/uploads\/2021\/07\/WhatsApp-Image-2021-07-08-at-11.02.54-300x231.jpeg\" alt=\"\" width=\"300\" height=\"231\" \/><\/a><\/p>\n<h2 class=\"content-head__subtitle\">Acidente aconteceu na altura do km 667, na descida da Serra do Mar, segundo a concession\u00e1ria que administra o trecho. Ve\u00edculo saiu do noroeste do Paran\u00e1 com destino a Jaragu\u00e1 do Sul, em Santa Catarina.<\/h2>\n<div class=\"mc-column content-text active-extra-styles \" data-block-type=\"unstyled\" data-block-weight=\"46\" data-block-id=\"2\">\n<p class=\"content-text__container \" data-track-category=\"Link no Texto\" data-track-links=\"\">Um \u00f4nibus com o time do Umuarama Futsal, do noroeste do Paran\u00e1, tombou na BR-376, em Guaratuba, no litoral do estado, na manh\u00e3 desta quinta-feira (8). Segundo a concession\u00e1ria que administra o trecho, duas pessoas morreram, duas ficaram gravemente feridas e outras 18 tiveram ferimentos leves.<\/p>\n<\/div>\n<div class=\"wall protected-content\">\n<div class=\"mc-column content-text active-extra-styles \" data-block-type=\"unstyled\" data-block-weight=\"14\" data-block-id=\"3\">\n<p class=\"content-text__container \" data-track-category=\"Link no Texto\" data-track-links=\"\">Um v\u00eddeo mostra o momento em que o \u00f4nibus tomba na rodovia.\u00a0<strong>Veja acima<\/strong>.<\/p>\n<\/div>\n<div class=\"mc-column content-text active-extra-styles \" data-block-type=\"unstyled\" data-block-weight=\"42\" data-block-id=\"4\">\n<p class=\"content-text__container \" data-track-category=\"Link no Texto\" data-track-links=\"\">A Pol\u00edcia Rodovi\u00e1ria Federal (PRF) informou que os mortos no acidente s\u00e3o o motorista do ve\u00edculo e um passageiro que viajava nos fundos do \u00f4nibus. De acordo com a Secretaria Municipal de Esportes de Umuarama, o \u00f4nibus pertencia ao pr\u00f3prio Umuarama Futsal.<\/p>\n<\/div>\n<div class=\"mc-column content-text active-extra-styles \" data-block-type=\"unstyled\" data-block-weight=\"29\" data-block-id=\"5\">\n<p class=\"content-text__container \" data-track-category=\"Link no Texto\" data-track-links=\"\">O t\u00e9cnico da equipe, Nei Victor, estava no \u00f4nibus e disse que o time viajava para Jaragu\u00e1 do Sul, onde disputaria uma partida pela Ta\u00e7a Brasil de Futsal.<\/p>\n<\/div>\n<div class=\"mc-column content-text active-extra-styles \" data-block-type=\"unstyled\" data-block-weight=\"27\" data-block-id=\"6\">\n<p class=\"content-text__container \" data-track-category=\"Link no Texto\" data-track-links=\"\">Segundo a concession\u00e1ria que administra o trecho, os feridos foram levados para o Hospital S\u00e3o Jos\u00e9 de Joinville e o Pronto Atendimento de Garuva, em Santa Catarina.<\/p>\n<\/div>\n<div class=\"mc-column content-text active-extra-styles \" data-block-type=\"unstyled\" data-block-weight=\"35\" data-block-id=\"7\">\n<p class=\"content-text__container \" data-track-category=\"Link no Texto\" data-track-links=\"\">Segundo a PRF, o acidente aconteceu na altura do km 667, no sentido Santa Catarina. Em janeiro,\u00a0<a href=\"https:\/\/g1.globo.com\/pr\/parana\/noticia\/2021\/01\/25\/acidente-com-onibus-deixa-mortos-e-feridos-na-br-376-em-guaratuba-diz-prf.ghtml\">um outro acidente envolvendo um \u00f4nibus aconteceu a um quil\u00f4metro do trecho, deixando 19 mortos e 31 feridos<\/a>.<\/p>\n<\/div>\n<div class=\"row medium-uncollapsed content-media content-photo\" data-block-type=\"backstage-photo\" data-block-id=\"8\">\n<div class=\"mc-column content-media__container\">\n<div class=\"content-media-container glb-skeleton-box\">FONTE : G1<\/div>\n<\/div>\n<\/div>\n<\/div>\n","protected":false},"excerpt":{"rendered":"<p>Acidente aconteceu na altura do km 667, na descida da<\/p>\n","protected":false},"author":2,"featured_media":49964,"comment_status":"open","ping_status":"open","sticky":false,"template":"","format":"standard","meta":{"footnotes":""},"categories":[24,25,23],"tags":[],"class_list":["post-49962","post","type-post","status-publish","format-standard","has-post-thumbnail","hentry","category-brasil","category-cidades","category-policia"],"yoast_head":"<!-- This site is optimized with the Yoast SEO plugin v27.4 - https:\/\/yoast.com\/product\/yoast-seo-wordpress\/ -->\n<title>\u00d4nibus com time do Umuarama Futsal tomba, mata duas pessoas e fere 20 na BR-376 - Regi\u00e3o News<\/title>\n<meta name=\"robots\" content=\"index, follow, max-snippet:-1, max-image-preview:large, max-video-preview:-1\" \/>\n<link rel=\"canonical\" href=\"https:\/\/regiaonews.net.br\/2022\/2021\/07\/08\/onibus-com-time-do-umuarama-futsal-tomba-mata-duas-pessoas-e-fere-20-na-br-376\/\" \/>\n<meta property=\"og:locale\" content=\"pt_BR\" \/>\n<meta property=\"og:type\" content=\"article\" \/>\n<meta property=\"og:title\" content=\"\u00d4nibus com time do Umuarama Futsal tomba, mata duas pessoas e fere 20 na BR-376 - Regi\u00e3o News\" \/>\n<meta property=\"og:description\" content=\"Acidente aconteceu na altura do km 667, na descida da\" \/>\n<meta property=\"og:url\" content=\"https:\/\/regiaonews.net.br\/2022\/2021\/07\/08\/onibus-com-time-do-umuarama-futsal-tomba-mata-duas-pessoas-e-fere-20-na-br-376\/\" \/>\n<meta property=\"og:site_name\" content=\"Regi\u00e3o News\" \/>\n<meta property=\"article:published_time\" content=\"2021-07-08T14:09:08+00:00\" \/>\n<meta property=\"og:image\" content=\"https:\/\/regiaonews.net.br\/2022\/wp-content\/uploads\/2021\/07\/WhatsApp-Image-2021-07-08-at-11.02.54.jpeg\" \/>\n\t<meta property=\"og:image:width\" content=\"598\" \/>\n\t<meta property=\"og:image:height\" content=\"460\" \/>\n\t<meta property=\"og:image:type\" content=\"image\/jpeg\" \/>\n<meta name=\"author\" content=\"Roberto\" \/>\n<meta name=\"twitter:card\" content=\"summary_large_image\" \/>\n<meta name=\"twitter:label1\" content=\"Escrito por\" \/>\n\t<meta name=\"twitter:data1\" content=\"Roberto\" \/>\n\t<meta name=\"twitter:label2\" content=\"Est. tempo de leitura\" \/>\n\t<meta name=\"twitter:data2\" content=\"1 minuto\" \/>\n<script type=\"application\/ld+json\" class=\"yoast-schema-graph\">{\"@context\":\"https:\\\/\\\/schema.org\",\"@graph\":[{\"@type\":\"Article\",\"@id\":\"https:\\\/\\\/regiaonews.net.br\\\/2022\\\/2021\\\/07\\\/08\\\/onibus-com-time-do-umuarama-futsal-tomba-mata-duas-pessoas-e-fere-20-na-br-376\\\/#article\",\"isPartOf\":{\"@id\":\"https:\\\/\\\/regiaonews.net.br\\\/2022\\\/2021\\\/07\\\/08\\\/onibus-com-time-do-umuarama-futsal-tomba-mata-duas-pessoas-e-fere-20-na-br-376\\\/\"},\"author\":{\"name\":\"Roberto\",\"@id\":\"https:\\\/\\\/regiaonews.net.br\\\/2022\\\/#\\\/schema\\\/person\\\/2d205a608a5aa97ac279d7a5e6d89ad8\"},\"headline\":\"\u00d4nibus com time do Umuarama Futsal tomba, mata duas pessoas e fere 20 na BR-376\",\"datePublished\":\"2021-07-08T14:09:08+00:00\",\"mainEntityOfPage\":{\"@id\":\"https:\\\/\\\/regiaonews.net.br\\\/2022\\\/2021\\\/07\\\/08\\\/onibus-com-time-do-umuarama-futsal-tomba-mata-duas-pessoas-e-fere-20-na-br-376\\\/\"},\"wordCount\":251,\"commentCount\":0,\"publisher\":{\"@id\":\"https:\\\/\\\/regiaonews.net.br\\\/2022\\\/#organization\"},\"image\":{\"@id\":\"https:\\\/\\\/regiaonews.net.br\\\/2022\\\/2021\\\/07\\\/08\\\/onibus-com-time-do-umuarama-futsal-tomba-mata-duas-pessoas-e-fere-20-na-br-376\\\/#primaryimage\"},\"thumbnailUrl\":\"https:\\\/\\\/regiaonews.net.br\\\/2022\\\/wp-content\\\/uploads\\\/2021\\\/07\\\/WhatsApp-Image-2021-07-08-at-11.02.54.jpeg\",\"articleSection\":[\"Brasil\",\"Cidades\",\"Policia\"],\"inLanguage\":\"pt-BR\",\"potentialAction\":[{\"@type\":\"CommentAction\",\"name\":\"Comment\",\"target\":[\"https:\\\/\\\/regiaonews.net.br\\\/2022\\\/2021\\\/07\\\/08\\\/onibus-com-time-do-umuarama-futsal-tomba-mata-duas-pessoas-e-fere-20-na-br-376\\\/#respond\"]}]},{\"@type\":\"WebPage\",\"@id\":\"https:\\\/\\\/regiaonews.net.br\\\/2022\\\/2021\\\/07\\\/08\\\/onibus-com-time-do-umuarama-futsal-tomba-mata-duas-pessoas-e-fere-20-na-br-376\\\/\",\"url\":\"https:\\\/\\\/regiaonews.net.br\\\/2022\\\/2021\\\/07\\\/08\\\/onibus-com-time-do-umuarama-futsal-tomba-mata-duas-pessoas-e-fere-20-na-br-376\\\/\",\"name\":\"\u00d4nibus com time do Umuarama Futsal tomba, mata duas pessoas e fere 20 na BR-376 - Regi\u00e3o News\",\"isPartOf\":{\"@id\":\"https:\\\/\\\/regiaonews.net.br\\\/2022\\\/#website\"},\"primaryImageOfPage\":{\"@id\":\"https:\\\/\\\/regiaonews.net.br\\\/2022\\\/2021\\\/07\\\/08\\\/onibus-com-time-do-umuarama-futsal-tomba-mata-duas-pessoas-e-fere-20-na-br-376\\\/#primaryimage\"},\"image\":{\"@id\":\"https:\\\/\\\/regiaonews.net.br\\\/2022\\\/2021\\\/07\\\/08\\\/onibus-com-time-do-umuarama-futsal-tomba-mata-duas-pessoas-e-fere-20-na-br-376\\\/#primaryimage\"},\"thumbnailUrl\":\"https:\\\/\\\/regiaonews.net.br\\\/2022\\\/wp-content\\\/uploads\\\/2021\\\/07\\\/WhatsApp-Image-2021-07-08-at-11.02.54.jpeg\",\"datePublished\":\"2021-07-08T14:09:08+00:00\",\"breadcrumb\":{\"@id\":\"https:\\\/\\\/regiaonews.net.br\\\/2022\\\/2021\\\/07\\\/08\\\/onibus-com-time-do-umuarama-futsal-tomba-mata-duas-pessoas-e-fere-20-na-br-376\\\/#breadcrumb\"},\"inLanguage\":\"pt-BR\",\"potentialAction\":[{\"@type\":\"ReadAction\",\"target\":[\"https:\\\/\\\/regiaonews.net.br\\\/2022\\\/2021\\\/07\\\/08\\\/onibus-com-time-do-umuarama-futsal-tomba-mata-duas-pessoas-e-fere-20-na-br-376\\\/\"]}]},{\"@type\":\"ImageObject\",\"inLanguage\":\"pt-BR\",\"@id\":\"https:\\\/\\\/regiaonews.net.br\\\/2022\\\/2021\\\/07\\\/08\\\/onibus-com-time-do-umuarama-futsal-tomba-mata-duas-pessoas-e-fere-20-na-br-376\\\/#primaryimage\",\"url\":\"https:\\\/\\\/regiaonews.net.br\\\/2022\\\/wp-content\\\/uploads\\\/2021\\\/07\\\/WhatsApp-Image-2021-07-08-at-11.02.54.jpeg\",\"contentUrl\":\"https:\\\/\\\/regiaonews.net.br\\\/2022\\\/wp-content\\\/uploads\\\/2021\\\/07\\\/WhatsApp-Image-2021-07-08-at-11.02.54.jpeg\",\"width\":598,\"height\":460},{\"@type\":\"BreadcrumbList\",\"@id\":\"https:\\\/\\\/regiaonews.net.br\\\/2022\\\/2021\\\/07\\\/08\\\/onibus-com-time-do-umuarama-futsal-tomba-mata-duas-pessoas-e-fere-20-na-br-376\\\/#breadcrumb\",\"itemListElement\":[{\"@type\":\"ListItem\",\"position\":1,\"name\":\"In\u00edcio\",\"item\":\"https:\\\/\\\/regiaonews.net.br\\\/2022\\\/\"},{\"@type\":\"ListItem\",\"position\":2,\"name\":\"\u00d4nibus com time do Umuarama Futsal tomba, mata duas pessoas e fere 20 na BR-376\"}]},{\"@type\":\"WebSite\",\"@id\":\"https:\\\/\\\/regiaonews.net.br\\\/2022\\\/#website\",\"url\":\"https:\\\/\\\/regiaonews.net.br\\\/2022\\\/\",\"name\":\"Regi\u00e3o News\",\"description\":\"Site de Not\u00edcias de Barretos e regi\u00e3o\",\"publisher\":{\"@id\":\"https:\\\/\\\/regiaonews.net.br\\\/2022\\\/#organization\"},\"potentialAction\":[{\"@type\":\"SearchAction\",\"target\":{\"@type\":\"EntryPoint\",\"urlTemplate\":\"https:\\\/\\\/regiaonews.net.br\\\/2022\\\/?s={search_term_string}\"},\"query-input\":{\"@type\":\"PropertyValueSpecification\",\"valueRequired\":true,\"valueName\":\"search_term_string\"}}],\"inLanguage\":\"pt-BR\"},{\"@type\":\"Organization\",\"@id\":\"https:\\\/\\\/regiaonews.net.br\\\/2022\\\/#organization\",\"name\":\"Regi\u00e3o News\",\"url\":\"https:\\\/\\\/regiaonews.net.br\\\/2022\\\/\",\"logo\":{\"@type\":\"ImageObject\",\"inLanguage\":\"pt-BR\",\"@id\":\"https:\\\/\\\/regiaonews.net.br\\\/2022\\\/#\\\/schema\\\/logo\\\/image\\\/\",\"url\":\"https:\\\/\\\/regiaonews.net.br\\\/2022\\\/wp-content\\\/uploads\\\/2026\\\/03\\\/regiao-13-anos-scaled.jpg\",\"contentUrl\":\"https:\\\/\\\/regiaonews.net.br\\\/2022\\\/wp-content\\\/uploads\\\/2026\\\/03\\\/regiao-13-anos-scaled.jpg\",\"width\":2560,\"height\":635,\"caption\":\"Regi\u00e3o News\"},\"image\":{\"@id\":\"https:\\\/\\\/regiaonews.net.br\\\/2022\\\/#\\\/schema\\\/logo\\\/image\\\/\"}},{\"@type\":\"Person\",\"@id\":\"https:\\\/\\\/regiaonews.net.br\\\/2022\\\/#\\\/schema\\\/person\\\/2d205a608a5aa97ac279d7a5e6d89ad8\",\"name\":\"Roberto\",\"image\":{\"@type\":\"ImageObject\",\"inLanguage\":\"pt-BR\",\"@id\":\"https:\\\/\\\/secure.gravatar.com\\\/avatar\\\/42749d8b712ff9d59ca93dc150494e5b55a44134482993f5baeb97e61b7ecc89?s=96&d=mm&r=g\",\"url\":\"https:\\\/\\\/secure.gravatar.com\\\/avatar\\\/42749d8b712ff9d59ca93dc150494e5b55a44134482993f5baeb97e61b7ecc89?s=96&d=mm&r=g\",\"contentUrl\":\"https:\\\/\\\/secure.gravatar.com\\\/avatar\\\/42749d8b712ff9d59ca93dc150494e5b55a44134482993f5baeb97e61b7ecc89?s=96&d=mm&r=g\",\"caption\":\"Roberto\"},\"url\":\"https:\\\/\\\/regiaonews.net.br\\\/2022\\\/author\\\/roberto\\\/\"}]}<\/script>\n<!-- \/ Yoast SEO plugin. -->","yoast_head_json":{"title":"\u00d4nibus com time do Umuarama Futsal tomba, mata duas pessoas e fere 20 na BR-376 - Regi\u00e3o News","robots":{"index":"index","follow":"follow","max-snippet":"max-snippet:-1","max-image-preview":"max-image-preview:large","max-video-preview":"max-video-preview:-1"},"canonical":"https:\/\/regiaonews.net.br\/2022\/2021\/07\/08\/onibus-com-time-do-umuarama-futsal-tomba-mata-duas-pessoas-e-fere-20-na-br-376\/","og_locale":"pt_BR","og_type":"article","og_title":"\u00d4nibus com time do Umuarama Futsal tomba, mata duas pessoas e fere 20 na BR-376 - Regi\u00e3o News","og_description":"Acidente aconteceu na altura do km 667, na descida da","og_url":"https:\/\/regiaonews.net.br\/2022\/2021\/07\/08\/onibus-com-time-do-umuarama-futsal-tomba-mata-duas-pessoas-e-fere-20-na-br-376\/","og_site_name":"Regi\u00e3o News","article_published_time":"2021-07-08T14:09:08+00:00","og_image":[{"width":598,"height":460,"url":"https:\/\/regiaonews.net.br\/2022\/wp-content\/uploads\/2021\/07\/WhatsApp-Image-2021-07-08-at-11.02.54.jpeg","type":"image\/jpeg"}],"author":"Roberto","twitter_card":"summary_large_image","twitter_misc":{"Escrito por":"Roberto","Est. tempo de leitura":"1 minuto"},"schema":{"@context":"https:\/\/schema.org","@graph":[{"@type":"Article","@id":"https:\/\/regiaonews.net.br\/2022\/2021\/07\/08\/onibus-com-time-do-umuarama-futsal-tomba-mata-duas-pessoas-e-fere-20-na-br-376\/#article","isPartOf":{"@id":"https:\/\/regiaonews.net.br\/2022\/2021\/07\/08\/onibus-com-time-do-umuarama-futsal-tomba-mata-duas-pessoas-e-fere-20-na-br-376\/"},"author":{"name":"Roberto","@id":"https:\/\/regiaonews.net.br\/2022\/#\/schema\/person\/2d205a608a5aa97ac279d7a5e6d89ad8"},"headline":"\u00d4nibus com time do Umuarama Futsal tomba, mata duas pessoas e fere 20 na BR-376","datePublished":"2021-07-08T14:09:08+00:00","mainEntityOfPage":{"@id":"https:\/\/regiaonews.net.br\/2022\/2021\/07\/08\/onibus-com-time-do-umuarama-futsal-tomba-mata-duas-pessoas-e-fere-20-na-br-376\/"},"wordCount":251,"commentCount":0,"publisher":{"@id":"https:\/\/regiaonews.net.br\/2022\/#organization"},"image":{"@id":"https:\/\/regiaonews.net.br\/2022\/2021\/07\/08\/onibus-com-time-do-umuarama-futsal-tomba-mata-duas-pessoas-e-fere-20-na-br-376\/#primaryimage"},"thumbnailUrl":"https:\/\/regiaonews.net.br\/2022\/wp-content\/uploads\/2021\/07\/WhatsApp-Image-2021-07-08-at-11.02.54.jpeg","articleSection":["Brasil","Cidades","Policia"],"inLanguage":"pt-BR","potentialAction":[{"@type":"CommentAction","name":"Comment","target":["https:\/\/regiaonews.net.br\/2022\/2021\/07\/08\/onibus-com-time-do-umuarama-futsal-tomba-mata-duas-pessoas-e-fere-20-na-br-376\/#respond"]}]},{"@type":"WebPage","@id":"https:\/\/regiaonews.net.br\/2022\/2021\/07\/08\/onibus-com-time-do-umuarama-futsal-tomba-mata-duas-pessoas-e-fere-20-na-br-376\/","url":"https:\/\/regiaonews.net.br\/2022\/2021\/07\/08\/onibus-com-time-do-umuarama-futsal-tomba-mata-duas-pessoas-e-fere-20-na-br-376\/","name":"\u00d4nibus com time do Umuarama Futsal tomba, mata duas pessoas e fere 20 na BR-376 - Regi\u00e3o News","isPartOf":{"@id":"https:\/\/regiaonews.net.br\/2022\/#website"},"primaryImageOfPage":{"@id":"https:\/\/regiaonews.net.br\/2022\/2021\/07\/08\/onibus-com-time-do-umuarama-futsal-tomba-mata-duas-pessoas-e-fere-20-na-br-376\/#primaryimage"},"image":{"@id":"https:\/\/regiaonews.net.br\/2022\/2021\/07\/08\/onibus-com-time-do-umuarama-futsal-tomba-mata-duas-pessoas-e-fere-20-na-br-376\/#primaryimage"},"thumbnailUrl":"https:\/\/regiaonews.net.br\/2022\/wp-content\/uploads\/2021\/07\/WhatsApp-Image-2021-07-08-at-11.02.54.jpeg","datePublished":"2021-07-08T14:09:08+00:00","breadcrumb":{"@id":"https:\/\/regiaonews.net.br\/2022\/2021\/07\/08\/onibus-com-time-do-umuarama-futsal-tomba-mata-duas-pessoas-e-fere-20-na-br-376\/#breadcrumb"},"inLanguage":"pt-BR","potentialAction":[{"@type":"ReadAction","target":["https:\/\/regiaonews.net.br\/2022\/2021\/07\/08\/onibus-com-time-do-umuarama-futsal-tomba-mata-duas-pessoas-e-fere-20-na-br-376\/"]}]},{"@type":"ImageObject","inLanguage":"pt-BR","@id":"https:\/\/regiaonews.net.br\/2022\/2021\/07\/08\/onibus-com-time-do-umuarama-futsal-tomba-mata-duas-pessoas-e-fere-20-na-br-376\/#primaryimage","url":"https:\/\/regiaonews.net.br\/2022\/wp-content\/uploads\/2021\/07\/WhatsApp-Image-2021-07-08-at-11.02.54.jpeg","contentUrl":"https:\/\/regiaonews.net.br\/2022\/wp-content\/uploads\/2021\/07\/WhatsApp-Image-2021-07-08-at-11.02.54.jpeg","width":598,"height":460},{"@type":"BreadcrumbList","@id":"https:\/\/regiaonews.net.br\/2022\/2021\/07\/08\/onibus-com-time-do-umuarama-futsal-tomba-mata-duas-pessoas-e-fere-20-na-br-376\/#breadcrumb","itemListElement":[{"@type":"ListItem","position":1,"name":"In\u00edcio","item":"https:\/\/regiaonews.net.br\/2022\/"},{"@type":"ListItem","position":2,"name":"\u00d4nibus com time do Umuarama Futsal tomba, mata duas pessoas e fere 20 na BR-376"}]},{"@type":"WebSite","@id":"https:\/\/regiaonews.net.br\/2022\/#website","url":"https:\/\/regiaonews.net.br\/2022\/","name":"Regi\u00e3o News","description":"Site de Not\u00edcias de Barretos e regi\u00e3o","publisher":{"@id":"https:\/\/regiaonews.net.br\/2022\/#organization"},"potentialAction":[{"@type":"SearchAction","target":{"@type":"EntryPoint","urlTemplate":"https:\/\/regiaonews.net.br\/2022\/?s={search_term_string}"},"query-input":{"@type":"PropertyValueSpecification","valueRequired":true,"valueName":"search_term_string"}}],"inLanguage":"pt-BR"},{"@type":"Organization","@id":"https:\/\/regiaonews.net.br\/2022\/#organization","name":"Regi\u00e3o News","url":"https:\/\/regiaonews.net.br\/2022\/","logo":{"@type":"ImageObject","inLanguage":"pt-BR","@id":"https:\/\/regiaonews.net.br\/2022\/#\/schema\/logo\/image\/","url":"https:\/\/regiaonews.net.br\/2022\/wp-content\/uploads\/2026\/03\/regiao-13-anos-scaled.jpg","contentUrl":"https:\/\/regiaonews.net.br\/2022\/wp-content\/uploads\/2026\/03\/regiao-13-anos-scaled.jpg","width":2560,"height":635,"caption":"Regi\u00e3o News"},"image":{"@id":"https:\/\/regiaonews.net.br\/2022\/#\/schema\/logo\/image\/"}},{"@type":"Person","@id":"https:\/\/regiaonews.net.br\/2022\/#\/schema\/person\/2d205a608a5aa97ac279d7a5e6d89ad8","name":"Roberto","image":{"@type":"ImageObject","inLanguage":"pt-BR","@id":"https:\/\/secure.gravatar.com\/avatar\/42749d8b712ff9d59ca93dc150494e5b55a44134482993f5baeb97e61b7ecc89?s=96&d=mm&r=g","url":"https:\/\/secure.gravatar.com\/avatar\/42749d8b712ff9d59ca93dc150494e5b55a44134482993f5baeb97e61b7ecc89?s=96&d=mm&r=g","contentUrl":"https:\/\/secure.gravatar.com\/avatar\/42749d8b712ff9d59ca93dc150494e5b55a44134482993f5baeb97e61b7ecc89?s=96&d=mm&r=g","caption":"Roberto"},"url":"https:\/\/regiaonews.net.br\/2022\/author\/roberto\/"}]}},"publishpress_future_action":{"enabled":false,"date":"2026-05-03 04:14:28","action":"change-status","newStatus":"draft","terms":[],"taxonomy":"category","extraData":[]},"publishpress_future_workflow_manual_trigger":{"enabledWorkflows":[]},"_links":{"self":[{"href":"https:\/\/regiaonews.net.br\/2022\/wp-json\/wp\/v2\/posts\/49962","targetHints":{"allow":["GET"]}}],"collection":[{"href":"https:\/\/regiaonews.net.br\/2022\/wp-json\/wp\/v2\/posts"}],"about":[{"href":"https:\/\/regiaonews.net.br\/2022\/wp-json\/wp\/v2\/types\/post"}],"author":[{"embeddable":true,"href":"https:\/\/regiaonews.net.br\/2022\/wp-json\/wp\/v2\/users\/2"}],"replies":[{"embeddable":true,"href":"https:\/\/regiaonews.net.br\/2022\/wp-json\/wp\/v2\/comments?post=49962"}],"version-history":[{"count":0,"href":"https:\/\/regiaonews.net.br\/2022\/wp-json\/wp\/v2\/posts\/49962\/revisions"}],"wp:featuredmedia":[{"embeddable":true,"href":"https:\/\/regiaonews.net.br\/2022\/wp-json\/wp\/v2\/media\/49964"}],"wp:attachment":[{"href":"https:\/\/regiaonews.net.br\/2022\/wp-json\/wp\/v2\/media?parent=49962"}],"wp:term":[{"taxonomy":"category","embeddable":true,"href":"https:\/\/regiaonews.net.br\/2022\/wp-json\/wp\/v2\/categories?post=49962"},{"taxonomy":"post_tag","embeddable":true,"href":"https:\/\/regiaonews.net.br\/2022\/wp-json\/wp\/v2\/tags?post=49962"}],"curies":[{"name":"wp","href":"https:\/\/api.w.org\/{rel}","templated":true}]}}