{"id":49862,"date":"2021-07-06T20:42:18","date_gmt":"2021-07-06T23:42:18","guid":{"rendered":"https:\/\/regiaonews.net.br\/2022\/?p=49862"},"modified":"2021-07-06T23:00:07","modified_gmt":"2021-07-07T02:00:07","slug":"emenda-do-deputado-fausto-pinato-a-pec-32-e-encaminhada-a-comissao-especial-da-reforma-administrativa","status":"publish","type":"post","link":"https:\/\/regiaonews.net.br\/2022\/2021\/07\/06\/emenda-do-deputado-fausto-pinato-a-pec-32-e-encaminhada-a-comissao-especial-da-reforma-administrativa\/","title":{"rendered":"Emenda do deputado Pinato \u00e0 PEC 32 \u00e9 encaminhada \u00e0 Comiss\u00e3o da  Reforma Administrativa"},"content":{"rendered":"<p><a href=\"https:\/\/regiaonews.net.br\/2022\/wp-content\/uploads\/2021\/07\/fp-1060x600-1.jpg\"><img loading=\"lazy\" decoding=\"async\" class=\"alignnone size-medium wp-image-49863\" src=\"https:\/\/regiaonews.net.br\/2022\/wp-content\/uploads\/2021\/07\/fp-1060x600-1-300x170.jpg\" alt=\"\" width=\"300\" height=\"170\" \/><\/a><\/p>\n<p>Uma emenda \u00e0 PEC 32 \u2013 Reforma Administrativa \u2013 do deputado federal Fausto Pinato (PP-SP), que trata do teto remunerat\u00f3rio dos servidores de carreiras de Estado, foi acolhida pelo l\u00edder do partido, deputado federal Cac\u00e1 Le\u00e3o (BA), e ser\u00e1 encaminhada \u00e0 Comiss\u00e3o Especial que discute a PEC.<\/p>\n<p>Esta emenda altera o artigo 37, inciso XI da Constitui\u00e7\u00e3o Federal, a fim de assegurar aos servidores de carreira de Estado o direito de terem o teto constitucional remunerat\u00f3rio igualado aos ministros do STF, desembargadores de tribunais de justi\u00e7a, membros do Minist\u00e9rio P\u00fablico, procuradores, defensores p\u00fablicos e servidores de carreiras espec\u00edficas essenciais ao funcionamento do Estado.<\/p>\n<p>O texto da emenda foi constru\u00eddo em parceria com entidades que representam as diversas categorias de servidores de carreiras de estado. Fausto Pinato ressaltou que n\u00e3o h\u00e1 impactos financeiros ou or\u00e7ament\u00e1rios \u00e0 Uni\u00e3o, porque preserva os limites remunerat\u00f3rios j\u00e1 previstos na Constitui\u00e7\u00e3o Federal.<\/p>\n<p>O parlamentar destacou o papel essencial destes servidores p\u00fablicos ao Estado, \u00e0 democracia e ao fortalecimento do estado democr\u00e1tico de direito. Por isso, \u00e9 importante apoi\u00e1-los nessa reforma administrativa.<\/p>\n<p>\u201cOs servidores p\u00fablicos de carreiras de Estado s\u00e3o injustamente criticados por quem deveria apoi\u00e1-los e respeit\u00e1-los. A reforma administrativa precisa corrigir injusti\u00e7as e eliminar excessos, por\u00e9m, n\u00e3o pode tirar direitos, sobretudo de quem ajuda o Brasil a seguir em frente\u201d, afirmou Pinato.<\/p>\n","protected":false},"excerpt":{"rendered":"<p>Uma emenda \u00e0 PEC 32 \u2013 Reforma Administrativa \u2013 do<\/p>\n","protected":false},"author":2,"featured_media":49863,"comment_status":"open","ping_status":"open","sticky":false,"template":"","format":"standard","meta":{"footnotes":""},"categories":[61,25,22],"tags":[],"class_list":["post-49862","post","type-post","status-publish","format-standard","has-post-thumbnail","hentry","category-brasilia","category-cidades","category-politica"],"yoast_head":"<!-- This site is optimized with the Yoast SEO plugin v27.4 - https:\/\/yoast.com\/product\/yoast-seo-wordpress\/ -->\n<title>Emenda do deputado Pinato \u00e0 PEC 32 \u00e9 encaminhada \u00e0 Comiss\u00e3o da Reforma Administrativa - Regi\u00e3o News<\/title>\n<meta name=\"robots\" content=\"index, follow, max-snippet:-1, max-image-preview:large, max-video-preview:-1\" \/>\n<link rel=\"canonical\" href=\"https:\/\/regiaonews.net.br\/2022\/2021\/07\/06\/emenda-do-deputado-fausto-pinato-a-pec-32-e-encaminhada-a-comissao-especial-da-reforma-administrativa\/\" \/>\n<meta property=\"og:locale\" content=\"pt_BR\" \/>\n<meta property=\"og:type\" content=\"article\" \/>\n<meta property=\"og:title\" content=\"Emenda do deputado Pinato \u00e0 PEC 32 \u00e9 encaminhada \u00e0 Comiss\u00e3o da Reforma Administrativa - Regi\u00e3o News\" \/>\n<meta property=\"og:description\" content=\"Uma emenda \u00e0 PEC 32 \u2013 Reforma Administrativa \u2013 do\" \/>\n<meta property=\"og:url\" content=\"https:\/\/regiaonews.net.br\/2022\/2021\/07\/06\/emenda-do-deputado-fausto-pinato-a-pec-32-e-encaminhada-a-comissao-especial-da-reforma-administrativa\/\" \/>\n<meta property=\"og:site_name\" content=\"Regi\u00e3o News\" \/>\n<meta property=\"article:published_time\" content=\"2021-07-06T23:42:18+00:00\" \/>\n<meta property=\"article:modified_time\" content=\"2021-07-07T02:00:07+00:00\" \/>\n<meta property=\"og:image\" content=\"https:\/\/regiaonews.net.br\/2022\/wp-content\/uploads\/2021\/07\/fp-1060x600-1.jpg\" \/>\n\t<meta property=\"og:image:width\" content=\"1060\" \/>\n\t<meta property=\"og:image:height\" content=\"600\" \/>\n\t<meta property=\"og:image:type\" content=\"image\/jpeg\" \/>\n<meta name=\"author\" content=\"Roberto\" \/>\n<meta name=\"twitter:card\" content=\"summary_large_image\" \/>\n<meta name=\"twitter:label1\" content=\"Escrito por\" \/>\n\t<meta name=\"twitter:data1\" content=\"Roberto\" \/>\n\t<meta name=\"twitter:label2\" content=\"Est. tempo de leitura\" \/>\n\t<meta name=\"twitter:data2\" content=\"1 minuto\" \/>\n<script type=\"application\/ld+json\" class=\"yoast-schema-graph\">{\"@context\":\"https:\\\/\\\/schema.org\",\"@graph\":[{\"@type\":\"Article\",\"@id\":\"https:\\\/\\\/regiaonews.net.br\\\/2022\\\/2021\\\/07\\\/06\\\/emenda-do-deputado-fausto-pinato-a-pec-32-e-encaminhada-a-comissao-especial-da-reforma-administrativa\\\/#article\",\"isPartOf\":{\"@id\":\"https:\\\/\\\/regiaonews.net.br\\\/2022\\\/2021\\\/07\\\/06\\\/emenda-do-deputado-fausto-pinato-a-pec-32-e-encaminhada-a-comissao-especial-da-reforma-administrativa\\\/\"},\"author\":{\"name\":\"Roberto\",\"@id\":\"https:\\\/\\\/regiaonews.net.br\\\/2022\\\/#\\\/schema\\\/person\\\/2d205a608a5aa97ac279d7a5e6d89ad8\"},\"headline\":\"Emenda do deputado Pinato \u00e0 PEC 32 \u00e9 encaminhada \u00e0 Comiss\u00e3o da Reforma Administrativa\",\"datePublished\":\"2021-07-06T23:42:18+00:00\",\"dateModified\":\"2021-07-07T02:00:07+00:00\",\"mainEntityOfPage\":{\"@id\":\"https:\\\/\\\/regiaonews.net.br\\\/2022\\\/2021\\\/07\\\/06\\\/emenda-do-deputado-fausto-pinato-a-pec-32-e-encaminhada-a-comissao-especial-da-reforma-administrativa\\\/\"},\"wordCount\":247,\"commentCount\":0,\"publisher\":{\"@id\":\"https:\\\/\\\/regiaonews.net.br\\\/2022\\\/#organization\"},\"image\":{\"@id\":\"https:\\\/\\\/regiaonews.net.br\\\/2022\\\/2021\\\/07\\\/06\\\/emenda-do-deputado-fausto-pinato-a-pec-32-e-encaminhada-a-comissao-especial-da-reforma-administrativa\\\/#primaryimage\"},\"thumbnailUrl\":\"https:\\\/\\\/regiaonews.net.br\\\/2022\\\/wp-content\\\/uploads\\\/2021\\\/07\\\/fp-1060x600-1.jpg\",\"articleSection\":[\"Bras\u00edlia\",\"Cidades\",\"Pol\u00edtica\"],\"inLanguage\":\"pt-BR\",\"potentialAction\":[{\"@type\":\"CommentAction\",\"name\":\"Comment\",\"target\":[\"https:\\\/\\\/regiaonews.net.br\\\/2022\\\/2021\\\/07\\\/06\\\/emenda-do-deputado-fausto-pinato-a-pec-32-e-encaminhada-a-comissao-especial-da-reforma-administrativa\\\/#respond\"]}]},{\"@type\":\"WebPage\",\"@id\":\"https:\\\/\\\/regiaonews.net.br\\\/2022\\\/2021\\\/07\\\/06\\\/emenda-do-deputado-fausto-pinato-a-pec-32-e-encaminhada-a-comissao-especial-da-reforma-administrativa\\\/\",\"url\":\"https:\\\/\\\/regiaonews.net.br\\\/2022\\\/2021\\\/07\\\/06\\\/emenda-do-deputado-fausto-pinato-a-pec-32-e-encaminhada-a-comissao-especial-da-reforma-administrativa\\\/\",\"name\":\"Emenda do deputado Pinato \u00e0 PEC 32 \u00e9 encaminhada \u00e0 Comiss\u00e3o da Reforma Administrativa - Regi\u00e3o News\",\"isPartOf\":{\"@id\":\"https:\\\/\\\/regiaonews.net.br\\\/2022\\\/#website\"},\"primaryImageOfPage\":{\"@id\":\"https:\\\/\\\/regiaonews.net.br\\\/2022\\\/2021\\\/07\\\/06\\\/emenda-do-deputado-fausto-pinato-a-pec-32-e-encaminhada-a-comissao-especial-da-reforma-administrativa\\\/#primaryimage\"},\"image\":{\"@id\":\"https:\\\/\\\/regiaonews.net.br\\\/2022\\\/2021\\\/07\\\/06\\\/emenda-do-deputado-fausto-pinato-a-pec-32-e-encaminhada-a-comissao-especial-da-reforma-administrativa\\\/#primaryimage\"},\"thumbnailUrl\":\"https:\\\/\\\/regiaonews.net.br\\\/2022\\\/wp-content\\\/uploads\\\/2021\\\/07\\\/fp-1060x600-1.jpg\",\"datePublished\":\"2021-07-06T23:42:18+00:00\",\"dateModified\":\"2021-07-07T02:00:07+00:00\",\"breadcrumb\":{\"@id\":\"https:\\\/\\\/regiaonews.net.br\\\/2022\\\/2021\\\/07\\\/06\\\/emenda-do-deputado-fausto-pinato-a-pec-32-e-encaminhada-a-comissao-especial-da-reforma-administrativa\\\/#breadcrumb\"},\"inLanguage\":\"pt-BR\",\"potentialAction\":[{\"@type\":\"ReadAction\",\"target\":[\"https:\\\/\\\/regiaonews.net.br\\\/2022\\\/2021\\\/07\\\/06\\\/emenda-do-deputado-fausto-pinato-a-pec-32-e-encaminhada-a-comissao-especial-da-reforma-administrativa\\\/\"]}]},{\"@type\":\"ImageObject\",\"inLanguage\":\"pt-BR\",\"@id\":\"https:\\\/\\\/regiaonews.net.br\\\/2022\\\/2021\\\/07\\\/06\\\/emenda-do-deputado-fausto-pinato-a-pec-32-e-encaminhada-a-comissao-especial-da-reforma-administrativa\\\/#primaryimage\",\"url\":\"https:\\\/\\\/regiaonews.net.br\\\/2022\\\/wp-content\\\/uploads\\\/2021\\\/07\\\/fp-1060x600-1.jpg\",\"contentUrl\":\"https:\\\/\\\/regiaonews.net.br\\\/2022\\\/wp-content\\\/uploads\\\/2021\\\/07\\\/fp-1060x600-1.jpg\",\"width\":1060,\"height\":600},{\"@type\":\"BreadcrumbList\",\"@id\":\"https:\\\/\\\/regiaonews.net.br\\\/2022\\\/2021\\\/07\\\/06\\\/emenda-do-deputado-fausto-pinato-a-pec-32-e-encaminhada-a-comissao-especial-da-reforma-administrativa\\\/#breadcrumb\",\"itemListElement\":[{\"@type\":\"ListItem\",\"position\":1,\"name\":\"In\u00edcio\",\"item\":\"https:\\\/\\\/regiaonews.net.br\\\/2022\\\/\"},{\"@type\":\"ListItem\",\"position\":2,\"name\":\"Emenda do deputado Pinato \u00e0 PEC 32 \u00e9 encaminhada \u00e0 Comiss\u00e3o da Reforma Administrativa\"}]},{\"@type\":\"WebSite\",\"@id\":\"https:\\\/\\\/regiaonews.net.br\\\/2022\\\/#website\",\"url\":\"https:\\\/\\\/regiaonews.net.br\\\/2022\\\/\",\"name\":\"Regi\u00e3o News\",\"description\":\"Site de Not\u00edcias de Barretos e regi\u00e3o\",\"publisher\":{\"@id\":\"https:\\\/\\\/regiaonews.net.br\\\/2022\\\/#organization\"},\"potentialAction\":[{\"@type\":\"SearchAction\",\"target\":{\"@type\":\"EntryPoint\",\"urlTemplate\":\"https:\\\/\\\/regiaonews.net.br\\\/2022\\\/?s={search_term_string}\"},\"query-input\":{\"@type\":\"PropertyValueSpecification\",\"valueRequired\":true,\"valueName\":\"search_term_string\"}}],\"inLanguage\":\"pt-BR\"},{\"@type\":\"Organization\",\"@id\":\"https:\\\/\\\/regiaonews.net.br\\\/2022\\\/#organization\",\"name\":\"Regi\u00e3o News\",\"url\":\"https:\\\/\\\/regiaonews.net.br\\\/2022\\\/\",\"logo\":{\"@type\":\"ImageObject\",\"inLanguage\":\"pt-BR\",\"@id\":\"https:\\\/\\\/regiaonews.net.br\\\/2022\\\/#\\\/schema\\\/logo\\\/image\\\/\",\"url\":\"https:\\\/\\\/regiaonews.net.br\\\/2022\\\/wp-content\\\/uploads\\\/2026\\\/03\\\/regiao-13-anos-scaled.jpg\",\"contentUrl\":\"https:\\\/\\\/regiaonews.net.br\\\/2022\\\/wp-content\\\/uploads\\\/2026\\\/03\\\/regiao-13-anos-scaled.jpg\",\"width\":2560,\"height\":635,\"caption\":\"Regi\u00e3o News\"},\"image\":{\"@id\":\"https:\\\/\\\/regiaonews.net.br\\\/2022\\\/#\\\/schema\\\/logo\\\/image\\\/\"}},{\"@type\":\"Person\",\"@id\":\"https:\\\/\\\/regiaonews.net.br\\\/2022\\\/#\\\/schema\\\/person\\\/2d205a608a5aa97ac279d7a5e6d89ad8\",\"name\":\"Roberto\",\"image\":{\"@type\":\"ImageObject\",\"inLanguage\":\"pt-BR\",\"@id\":\"https:\\\/\\\/secure.gravatar.com\\\/avatar\\\/42749d8b712ff9d59ca93dc150494e5b55a44134482993f5baeb97e61b7ecc89?s=96&d=mm&r=g\",\"url\":\"https:\\\/\\\/secure.gravatar.com\\\/avatar\\\/42749d8b712ff9d59ca93dc150494e5b55a44134482993f5baeb97e61b7ecc89?s=96&d=mm&r=g\",\"contentUrl\":\"https:\\\/\\\/secure.gravatar.com\\\/avatar\\\/42749d8b712ff9d59ca93dc150494e5b55a44134482993f5baeb97e61b7ecc89?s=96&d=mm&r=g\",\"caption\":\"Roberto\"},\"url\":\"https:\\\/\\\/regiaonews.net.br\\\/2022\\\/author\\\/roberto\\\/\"}]}<\/script>\n<!-- \/ Yoast SEO plugin. -->","yoast_head_json":{"title":"Emenda do deputado Pinato \u00e0 PEC 32 \u00e9 encaminhada \u00e0 Comiss\u00e3o da Reforma Administrativa - Regi\u00e3o News","robots":{"index":"index","follow":"follow","max-snippet":"max-snippet:-1","max-image-preview":"max-image-preview:large","max-video-preview":"max-video-preview:-1"},"canonical":"https:\/\/regiaonews.net.br\/2022\/2021\/07\/06\/emenda-do-deputado-fausto-pinato-a-pec-32-e-encaminhada-a-comissao-especial-da-reforma-administrativa\/","og_locale":"pt_BR","og_type":"article","og_title":"Emenda do deputado Pinato \u00e0 PEC 32 \u00e9 encaminhada \u00e0 Comiss\u00e3o da Reforma Administrativa - Regi\u00e3o News","og_description":"Uma emenda \u00e0 PEC 32 \u2013 Reforma Administrativa \u2013 do","og_url":"https:\/\/regiaonews.net.br\/2022\/2021\/07\/06\/emenda-do-deputado-fausto-pinato-a-pec-32-e-encaminhada-a-comissao-especial-da-reforma-administrativa\/","og_site_name":"Regi\u00e3o News","article_published_time":"2021-07-06T23:42:18+00:00","article_modified_time":"2021-07-07T02:00:07+00:00","og_image":[{"width":1060,"height":600,"url":"https:\/\/regiaonews.net.br\/2022\/wp-content\/uploads\/2021\/07\/fp-1060x600-1.jpg","type":"image\/jpeg"}],"author":"Roberto","twitter_card":"summary_large_image","twitter_misc":{"Escrito por":"Roberto","Est. tempo de leitura":"1 minuto"},"schema":{"@context":"https:\/\/schema.org","@graph":[{"@type":"Article","@id":"https:\/\/regiaonews.net.br\/2022\/2021\/07\/06\/emenda-do-deputado-fausto-pinato-a-pec-32-e-encaminhada-a-comissao-especial-da-reforma-administrativa\/#article","isPartOf":{"@id":"https:\/\/regiaonews.net.br\/2022\/2021\/07\/06\/emenda-do-deputado-fausto-pinato-a-pec-32-e-encaminhada-a-comissao-especial-da-reforma-administrativa\/"},"author":{"name":"Roberto","@id":"https:\/\/regiaonews.net.br\/2022\/#\/schema\/person\/2d205a608a5aa97ac279d7a5e6d89ad8"},"headline":"Emenda do deputado Pinato \u00e0 PEC 32 \u00e9 encaminhada \u00e0 Comiss\u00e3o da Reforma Administrativa","datePublished":"2021-07-06T23:42:18+00:00","dateModified":"2021-07-07T02:00:07+00:00","mainEntityOfPage":{"@id":"https:\/\/regiaonews.net.br\/2022\/2021\/07\/06\/emenda-do-deputado-fausto-pinato-a-pec-32-e-encaminhada-a-comissao-especial-da-reforma-administrativa\/"},"wordCount":247,"commentCount":0,"publisher":{"@id":"https:\/\/regiaonews.net.br\/2022\/#organization"},"image":{"@id":"https:\/\/regiaonews.net.br\/2022\/2021\/07\/06\/emenda-do-deputado-fausto-pinato-a-pec-32-e-encaminhada-a-comissao-especial-da-reforma-administrativa\/#primaryimage"},"thumbnailUrl":"https:\/\/regiaonews.net.br\/2022\/wp-content\/uploads\/2021\/07\/fp-1060x600-1.jpg","articleSection":["Bras\u00edlia","Cidades","Pol\u00edtica"],"inLanguage":"pt-BR","potentialAction":[{"@type":"CommentAction","name":"Comment","target":["https:\/\/regiaonews.net.br\/2022\/2021\/07\/06\/emenda-do-deputado-fausto-pinato-a-pec-32-e-encaminhada-a-comissao-especial-da-reforma-administrativa\/#respond"]}]},{"@type":"WebPage","@id":"https:\/\/regiaonews.net.br\/2022\/2021\/07\/06\/emenda-do-deputado-fausto-pinato-a-pec-32-e-encaminhada-a-comissao-especial-da-reforma-administrativa\/","url":"https:\/\/regiaonews.net.br\/2022\/2021\/07\/06\/emenda-do-deputado-fausto-pinato-a-pec-32-e-encaminhada-a-comissao-especial-da-reforma-administrativa\/","name":"Emenda do deputado Pinato \u00e0 PEC 32 \u00e9 encaminhada \u00e0 Comiss\u00e3o da Reforma Administrativa - Regi\u00e3o News","isPartOf":{"@id":"https:\/\/regiaonews.net.br\/2022\/#website"},"primaryImageOfPage":{"@id":"https:\/\/regiaonews.net.br\/2022\/2021\/07\/06\/emenda-do-deputado-fausto-pinato-a-pec-32-e-encaminhada-a-comissao-especial-da-reforma-administrativa\/#primaryimage"},"image":{"@id":"https:\/\/regiaonews.net.br\/2022\/2021\/07\/06\/emenda-do-deputado-fausto-pinato-a-pec-32-e-encaminhada-a-comissao-especial-da-reforma-administrativa\/#primaryimage"},"thumbnailUrl":"https:\/\/regiaonews.net.br\/2022\/wp-content\/uploads\/2021\/07\/fp-1060x600-1.jpg","datePublished":"2021-07-06T23:42:18+00:00","dateModified":"2021-07-07T02:00:07+00:00","breadcrumb":{"@id":"https:\/\/regiaonews.net.br\/2022\/2021\/07\/06\/emenda-do-deputado-fausto-pinato-a-pec-32-e-encaminhada-a-comissao-especial-da-reforma-administrativa\/#breadcrumb"},"inLanguage":"pt-BR","potentialAction":[{"@type":"ReadAction","target":["https:\/\/regiaonews.net.br\/2022\/2021\/07\/06\/emenda-do-deputado-fausto-pinato-a-pec-32-e-encaminhada-a-comissao-especial-da-reforma-administrativa\/"]}]},{"@type":"ImageObject","inLanguage":"pt-BR","@id":"https:\/\/regiaonews.net.br\/2022\/2021\/07\/06\/emenda-do-deputado-fausto-pinato-a-pec-32-e-encaminhada-a-comissao-especial-da-reforma-administrativa\/#primaryimage","url":"https:\/\/regiaonews.net.br\/2022\/wp-content\/uploads\/2021\/07\/fp-1060x600-1.jpg","contentUrl":"https:\/\/regiaonews.net.br\/2022\/wp-content\/uploads\/2021\/07\/fp-1060x600-1.jpg","width":1060,"height":600},{"@type":"BreadcrumbList","@id":"https:\/\/regiaonews.net.br\/2022\/2021\/07\/06\/emenda-do-deputado-fausto-pinato-a-pec-32-e-encaminhada-a-comissao-especial-da-reforma-administrativa\/#breadcrumb","itemListElement":[{"@type":"ListItem","position":1,"name":"In\u00edcio","item":"https:\/\/regiaonews.net.br\/2022\/"},{"@type":"ListItem","position":2,"name":"Emenda do deputado Pinato \u00e0 PEC 32 \u00e9 encaminhada \u00e0 Comiss\u00e3o da Reforma Administrativa"}]},{"@type":"WebSite","@id":"https:\/\/regiaonews.net.br\/2022\/#website","url":"https:\/\/regiaonews.net.br\/2022\/","name":"Regi\u00e3o News","description":"Site de Not\u00edcias de Barretos e regi\u00e3o","publisher":{"@id":"https:\/\/regiaonews.net.br\/2022\/#organization"},"potentialAction":[{"@type":"SearchAction","target":{"@type":"EntryPoint","urlTemplate":"https:\/\/regiaonews.net.br\/2022\/?s={search_term_string}"},"query-input":{"@type":"PropertyValueSpecification","valueRequired":true,"valueName":"search_term_string"}}],"inLanguage":"pt-BR"},{"@type":"Organization","@id":"https:\/\/regiaonews.net.br\/2022\/#organization","name":"Regi\u00e3o News","url":"https:\/\/regiaonews.net.br\/2022\/","logo":{"@type":"ImageObject","inLanguage":"pt-BR","@id":"https:\/\/regiaonews.net.br\/2022\/#\/schema\/logo\/image\/","url":"https:\/\/regiaonews.net.br\/2022\/wp-content\/uploads\/2026\/03\/regiao-13-anos-scaled.jpg","contentUrl":"https:\/\/regiaonews.net.br\/2022\/wp-content\/uploads\/2026\/03\/regiao-13-anos-scaled.jpg","width":2560,"height":635,"caption":"Regi\u00e3o News"},"image":{"@id":"https:\/\/regiaonews.net.br\/2022\/#\/schema\/logo\/image\/"}},{"@type":"Person","@id":"https:\/\/regiaonews.net.br\/2022\/#\/schema\/person\/2d205a608a5aa97ac279d7a5e6d89ad8","name":"Roberto","image":{"@type":"ImageObject","inLanguage":"pt-BR","@id":"https:\/\/secure.gravatar.com\/avatar\/42749d8b712ff9d59ca93dc150494e5b55a44134482993f5baeb97e61b7ecc89?s=96&d=mm&r=g","url":"https:\/\/secure.gravatar.com\/avatar\/42749d8b712ff9d59ca93dc150494e5b55a44134482993f5baeb97e61b7ecc89?s=96&d=mm&r=g","contentUrl":"https:\/\/secure.gravatar.com\/avatar\/42749d8b712ff9d59ca93dc150494e5b55a44134482993f5baeb97e61b7ecc89?s=96&d=mm&r=g","caption":"Roberto"},"url":"https:\/\/regiaonews.net.br\/2022\/author\/roberto\/"}]}},"publishpress_future_action":{"enabled":false,"date":"2026-05-02 05:08:13","action":"change-status","newStatus":"draft","terms":[],"taxonomy":"category","extraData":[]},"publishpress_future_workflow_manual_trigger":{"enabledWorkflows":[]},"_links":{"self":[{"href":"https:\/\/regiaonews.net.br\/2022\/wp-json\/wp\/v2\/posts\/49862","targetHints":{"allow":["GET"]}}],"collection":[{"href":"https:\/\/regiaonews.net.br\/2022\/wp-json\/wp\/v2\/posts"}],"about":[{"href":"https:\/\/regiaonews.net.br\/2022\/wp-json\/wp\/v2\/types\/post"}],"author":[{"embeddable":true,"href":"https:\/\/regiaonews.net.br\/2022\/wp-json\/wp\/v2\/users\/2"}],"replies":[{"embeddable":true,"href":"https:\/\/regiaonews.net.br\/2022\/wp-json\/wp\/v2\/comments?post=49862"}],"version-history":[{"count":0,"href":"https:\/\/regiaonews.net.br\/2022\/wp-json\/wp\/v2\/posts\/49862\/revisions"}],"wp:featuredmedia":[{"embeddable":true,"href":"https:\/\/regiaonews.net.br\/2022\/wp-json\/wp\/v2\/media\/49863"}],"wp:attachment":[{"href":"https:\/\/regiaonews.net.br\/2022\/wp-json\/wp\/v2\/media?parent=49862"}],"wp:term":[{"taxonomy":"category","embeddable":true,"href":"https:\/\/regiaonews.net.br\/2022\/wp-json\/wp\/v2\/categories?post=49862"},{"taxonomy":"post_tag","embeddable":true,"href":"https:\/\/regiaonews.net.br\/2022\/wp-json\/wp\/v2\/tags?post=49862"}],"curies":[{"name":"wp","href":"https:\/\/api.w.org\/{rel}","templated":true}]}}