{"id":49852,"date":"2021-07-06T17:19:29","date_gmt":"2021-07-06T20:19:29","guid":{"rendered":"https:\/\/regiaonews.net.br\/2022\/?p=49852"},"modified":"2021-07-06T17:19:29","modified_gmt":"2021-07-06T20:19:29","slug":"prefeitura-abre-inscricoes-para-oficinas-culturais","status":"publish","type":"post","link":"https:\/\/regiaonews.net.br\/2022\/2021\/07\/06\/prefeitura-abre-inscricoes-para-oficinas-culturais\/","title":{"rendered":"Prefeitura abre inscri\u00e7\u00f5es para oficinas culturais"},"content":{"rendered":"<div class=\"\">\n<div class=\"wide-content-host\">\n<div class=\"_2tQ4A3EnvULHEHV6E6FsrS\" tabindex=\"-1\">\n<div class=\"k02pL6wktuleSmCIq9Uu1\">\n<div class=\"aIkJiKjTQYvMBiVlJyTdA\">\n<div class=\"_1fG9aln2t00SwqnHn0RMRt\">\n<div class=\"_3QCsM9-LPIxe1EDTYYKDn0 QMubUjbS-BOly_BTHEZj7 allowTextSelection\">\n<div dir=\"ltr\">\n<div dir=\"ltr\">\n<p align=\"center\"><i>Cursos s\u00e3o gratuitos, com vagas limitadas<\/i><\/p>\n<p><a href=\"https:\/\/regiaonews.net.br\/2022\/wp-content\/uploads\/2021\/07\/Oficinas-Culturais-1.jpeg\"><img loading=\"lazy\" decoding=\"async\" class=\"alignnone size-medium wp-image-49854\" src=\"https:\/\/regiaonews.net.br\/2022\/wp-content\/uploads\/2021\/07\/Oficinas-Culturais-1-300x300.jpeg\" alt=\"\" width=\"300\" height=\"300\" \/><\/a> <a href=\"https:\/\/regiaonews.net.br\/2022\/wp-content\/uploads\/2021\/07\/Oficinas-Culturais-2.jpeg\"><img loading=\"lazy\" decoding=\"async\" class=\"alignnone size-medium wp-image-49855\" src=\"https:\/\/regiaonews.net.br\/2022\/wp-content\/uploads\/2021\/07\/Oficinas-Culturais-2-300x300.jpeg\" alt=\"\" width=\"300\" height=\"300\" \/><\/a><\/p>\n<p align=\"justify\">A Prefeitura de Bebedouro est\u00e1 com as inscri\u00e7\u00f5es abertas para novos cursos das Oficinas Culturais &#8211; Programa de Forma\u00e7\u00e3o para o Interior, que ocorrem em agosto via aplicativo Zoom. O projeto \u00e9 uma parceria com a Secretaria de Cultura do Estado de S\u00e3o Paulo e o Departamento Municipal de Cultura.<\/p>\n<p align=\"justify\">Algumas inscri\u00e7\u00f5es podem ser realizadas at\u00e9 o dia 20 de julho, outras at\u00e9 o dia 21 e outra at\u00e9 o dia 27.\u00a0<span style=\"color: black;\">S\u00e3o seis oficinas<\/span>, com os temas: Corpo e express\u00e3o &#8211; a emo\u00e7\u00e3o na cena; Clube de leitura &#8211; um olhar a partir do futebol; Cria\u00e7\u00e3o po\u00e9tica: liberdade e limite na poesia; Quero ser artista visual. E agora?; Podcasts com ferramentas gratuitas e Pr\u00e1ticas art\u00edsticas no enfrentamento \u00e0s opress\u00f5es.<\/p>\n<p align=\"justify\">Os interessados nas oficinas: Corpo e express\u00e3o &#8211; a emo\u00e7\u00e3o na cena; Clube de leitura &#8211; um olhar a partir do futebol e Cria\u00e7\u00e3o po\u00e9tica: liberdade e limite na poesia, poder\u00e3o se inscrever at\u00e9 o dia 20 de julho. J\u00e1 quem busca as oficinas Quero ser artista visual. E agora? E Pr\u00e1ticas art\u00edsticas no enfrentamento \u00e0s opress\u00f5es, podem se inscrever at\u00e9 o dia 21 de julho. E os interessados na oficina Podcasts com ferramentas gratuitas poder\u00e3o se inscrever at\u00e9 o dia 27 de julho.<\/p>\n<p align=\"justify\"><b>Os dias, hor\u00e1rios dos cursos e p\u00fablico alvo podem ser conferidos pelos links:<\/b><\/p>\n<p align=\"justify\"><b>Corpo e express\u00e3o &#8211; a emo\u00e7\u00e3o na cena<\/b><\/p>\n<p align=\"justify\"><a href=\"https:\/\/forms.gle\/yFtGzPAvDDG7JLrP6\" target=\"_blank\" rel=\"noopener noreferrer\" data-auth=\"NotApplicable\" data-linkindex=\"0\">https:\/\/forms.gle\/yFtGzPAvDDG7JLrP6<\/a><\/p>\n<p align=\"justify\"><b>Clube de leitura &#8211; um olhar a partir do futebol<\/b><\/p>\n<p align=\"justify\"><a href=\"https:\/\/forms.gle\/xGrHF5QE1wUycCd47\" target=\"_blank\" rel=\"noopener noreferrer\" data-auth=\"NotApplicable\" data-linkindex=\"1\">https:\/\/forms.gle\/xGrHF5QE1wUycCd47<\/a><\/p>\n<p align=\"justify\"><b>Cria\u00e7\u00e3o po\u00e9tica: liberdade e limite na poesia<\/b><\/p>\n<p align=\"justify\"><a href=\"https:\/\/forms.gle\/LovZ88Bq6quJRoCv7\" target=\"_blank\" rel=\"noopener noreferrer\" data-auth=\"NotApplicable\" data-linkindex=\"2\">https:\/\/forms.gle\/LovZ88Bq6quJRoCv7<\/a><\/p>\n<p align=\"justify\"><b>Quero ser artista visual. E agora?<\/b><\/p>\n<p align=\"justify\"><a href=\"https:\/\/forms.gle\/6QK7hfmYX6raVEmi6\" target=\"_blank\" rel=\"noopener noreferrer\" data-auth=\"NotApplicable\" data-linkindex=\"3\">https:\/\/forms.gle\/6QK7hfmYX6raVEmi6<\/a><\/p>\n<p align=\"justify\"><b>Podcasts com ferramentas gratuitas<\/b><\/p>\n<p align=\"justify\"><a href=\"https:\/\/forms.gle\/cfBCvUzb72JNzyEa8\" target=\"_blank\" rel=\"noopener noreferrer\" data-auth=\"NotApplicable\" data-linkindex=\"4\">https:\/\/forms.gle\/cfBCvUzb72JNzyEa8<\/a><\/p>\n<p align=\"justify\"><b>Pr\u00e1ticas art\u00edsticas no enfrentamento \u00e0s opress\u00f5es<\/b><\/p>\n<p align=\"justify\"><a href=\"https:\/\/forms.gle\/6wTUZjwu6sDP7cme8\" target=\"_blank\" rel=\"noopener noreferrer\" data-auth=\"NotApplicable\" data-linkindex=\"5\">https:\/\/forms.gle\/6wTUZjwu6sDP7cme8<\/a><\/p>\n<p align=\"justify\">Os participantes receber\u00e3o diploma. Mais informa\u00e7\u00f5es pelo telefone (17) 3345-3421 e pelo e-mail\u00a0<a href=\"mailto:cultura.glauco@bebedouro.sp.gov.br\" target=\"_blank\" rel=\"noopener noreferrer\" data-auth=\"NotApplicable\" data-linkindex=\"6\">cultura.glauco@bebedouro.sp.gov.br<\/a><\/p>\n<\/div>\n<\/div>\n<\/div>\n<\/div>\n<\/div>\n<\/div>\n<\/div>\n<\/div>\n<\/div>\n<div class=\"wide-content-host\">\n<div class=\"_3BL964mseejjC_nzEeda9o NN4ve7-zXI11J6Er51ULd\" tabindex=\"-1\" aria-label=\"Mensagem de email\">\n<div class=\"_1jpzvanUnerzct2E83lF7M\">\n<div class=\"_1tMXlIxtti272uD_qPCcOA disableTextSelection\" tabindex=\"-1\">\n<div class=\"_1Q4W9BtakAO_4Cq8WsBYjp _3u_BJLyKKt7Vl6ErSE-TtK\" role=\"listbox\" aria-label=\"anexos\">\n<div class=\"_3IhDXQBZI5hr6MCFiZ68AK\">\n<div class=\"_26MmgAlSYvToKeRN-YLf3Q _36dQlpQ5mj5as7KjaRKbuv _1x0N_WKr30SMflFKCQxgxK hK8JFOKFpATUAUx50JQFT\" tabindex=\"0\" role=\"option\" aria-label=\"Oficinas Culturais.jpeg Abrir 251 KB\">\n<div draggable=\"true\">\n<div class=\"ms-Image _29iMsAUBV8TBh-CNKxOhvl root-198\"><img decoding=\"async\" class=\"ms-Image-image is-loaded ms-Image-image--cover ms-Image-image--portrait is-fadeIn image-199\" src=\"https:\/\/attachment.outlook.live.net\/owa\/MSA%3Adj.eurico%40hotmail.com\/service.svc\/s\/GetAttachmentThumbnail?id=AQMkADAwATY0MDABLWFmZgAwLTllMmMtMDACLTAwCgBGAAADzhe5e5OULU%2BoFaFO7XrCrwcAuWgXeXWty0OvY%2FAZWwSmZwAAAgEMAAAAuWgXeXWty0OvY%2FAZWwSmZwAEmQO3NQAAAAESABAA7568SrgJYU%2BbWUz9BxWZnA%3D%3D&amp;isc=1&amp;token=eyJhbGciOiJSUzI1NiIsImtpZCI6IjMwODE3OUNFNUY0QjUyRTc4QjJEQjg5NjZCQUY0RUNDMzcyN0FFRUUiLCJ0eXAiOiJKV1QiLCJ4NXQiOiJNSUY1emw5TFV1ZUxMYmlXYTY5T3pEY25ydTQifQ.eyJvcmlnaW4iOiJodHRwczovL291dGxvb2subGl2ZS5jb20iLCJ1YyI6IjIyMzAzYWYxODRkNjQ2NmZhZWY1NGQ0ZTQ5MDNmN2NkIiwidmVyIjoiRXhjaGFuZ2UuQ2FsbGJhY2suVjEiLCJhcHBjdHhzZW5kZXIiOiJPd2FEb3dubG9hZEA4NGRmOWU3Zi1lOWY2LTQwYWYtYjQzNS1hYWFhYWFhYWFhYWEiLCJpc3NyaW5nIjoiV1ciLCJhcHBjdHgiOiJ7XCJtc2V4Y2hwcm90XCI6XCJvd2FcIixcInB1aWRcIjpcIjE3NTkyMjE1NTYyMjM1MzJcIixcInNjb3BlXCI6XCJPd2FEb3dubG9hZFwiLFwib2lkXCI6XCIwMDA2NDAwMC1hZmYwLTllMmMtMDAwMC0wMDAwMDAwMDAwMDBcIixcInByaW1hcnlzaWRcIjpcIlMtMS0yODI3LTQwOTYwMC0yOTUxNzgxOTMyXCJ9IiwibmJmIjoxNjI1NjAyMTkwLCJleHAiOjE2MjU2MDI3OTAsImlzcyI6IjAwMDAwMDAyLTAwMDAtMGZmMS1jZTAwLTAwMDAwMDAwMDAwMEA4NGRmOWU3Zi1lOWY2LTQwYWYtYjQzNS1hYWFhYWFhYWFhYWEiLCJhdWQiOiIwMDAwMDAwMi0wMDAwLTBmZjEtY2UwMC0wMDAwMDAwMDAwMDAvYXR0YWNobWVudC5vdXRsb29rLmxpdmUubmV0QDg0ZGY5ZTdmLWU5ZjYtNDBhZi1iNDM1LWFhYWFhYWFhYWFhYSIsImhhcHAiOiJvd2EifQ.iCO0sWm8Fr6DX8vypWLC5RfLOrbeUaZKFR-EFRI2KzU1B9GyISeHwmKMxF4Qs_-OfF9keZk96WdKrLO9-c8k_dyhkMjTMpjTt7MiIUySSSpc7WRIobp8JYnc76ba80t47Sc5SGlkIAg65QRrfuHiTy8lUZnHT_us5zB0r3OPjhwBF4IwZE87VtTrt5a5fHmAM_9ZtHQ1hTwszIGuodOzj6Dp36GYLSZTmVBziHEbEqYX8Iqh5tw4ffveB2Yyndr7Q_-JOow06dDYswRglHxqxjfsR1gtaPAvQSNsBcCffcjZNKcs0RkFiZaKzHr_jkjZr9FAlPA6_IAFxevp5XoUag&amp;X-OWA-CANARY=-wnkGnrPW0yT6RD1HzpHMJDu6Ie6QNkYpRimbH3tB-fDNCokvQY32eF5AL_2-22MqeZcaXsIwX8.&amp;owa=outlook.live.com&amp;scriptVer=20210628001.07&amp;animation=true\" alt=\"Miniatura do anexo\" \/><\/div>\n<\/div>\n<\/div>\n<\/div>\n<div class=\"_3IhDXQBZI5hr6MCFiZ68AK\">\n<div class=\"_26MmgAlSYvToKeRN-YLf3Q _36dQlpQ5mj5as7KjaRKbuv _1x0N_WKr30SMflFKCQxgxK hK8JFOKFpATUAUx50JQFT\" tabindex=\"0\" role=\"option\" aria-label=\"Oficinas Culturais 1.jpeg Abrir 243 KB\">\n<div draggable=\"true\">\n<div class=\"_1bh6FyX3OBoMdZ2PDomfnY\"><\/div>\n<\/div>\n<\/div>\n<\/div>\n<div class=\"_3IhDXQBZI5hr6MCFiZ68AK\">\n<div class=\"_26MmgAlSYvToKeRN-YLf3Q _36dQlpQ5mj5as7KjaRKbuv _1x0N_WKr30SMflFKCQxgxK hK8JFOKFpATUAUx50JQFT\" tabindex=\"0\" role=\"option\" aria-label=\"Oficinas Culturais 2.jpeg Abrir 230 KB\">\n<div draggable=\"true\">\n<div class=\"ms-Image _29iMsAUBV8TBh-CNKxOhvl root-198\"><\/div>\n<\/div>\n<\/div>\n<\/div>\n<div class=\"_3IhDXQBZI5hr6MCFiZ68AK\">\n<div class=\"_26MmgAlSYvToKeRN-YLf3Q _36dQlpQ5mj5as7KjaRKbuv _1x0N_WKr30SMflFKCQxgxK hK8JFOKFpATUAUx50JQFT\" tabindex=\"0\" role=\"option\" aria-label=\"Oficinas Culturais 4.jpeg Abrir 247 KB\">\n<div draggable=\"true\">\n<div class=\"ms-Image _29iMsAUBV8TBh-CNKxOhvl root-198\"><img decoding=\"async\" class=\"ms-Image-image is-loaded ms-Image-image--cover ms-Image-image--portrait is-fadeIn image-199\" src=\"https:\/\/attachment.outlook.live.net\/owa\/MSA%3Adj.eurico%40hotmail.com\/service.svc\/s\/GetAttachmentThumbnail?id=AQMkADAwATY0MDABLWFmZgAwLTllMmMtMDACLTAwCgBGAAADzhe5e5OULU%2BoFaFO7XrCrwcAuWgXeXWty0OvY%2FAZWwSmZwAAAgEMAAAAuWgXeXWty0OvY%2FAZWwSmZwAEmQO3NQAAAAESABAAXmw5JQL8P0%2BkM9L9pwyQzQ%3D%3D&amp;isc=1&amp;token=eyJhbGciOiJSUzI1NiIsImtpZCI6IjMwODE3OUNFNUY0QjUyRTc4QjJEQjg5NjZCQUY0RUNDMzcyN0FFRUUiLCJ0eXAiOiJKV1QiLCJ4NXQiOiJNSUY1emw5TFV1ZUxMYmlXYTY5T3pEY25ydTQifQ.eyJvcmlnaW4iOiJodHRwczovL291dGxvb2subGl2ZS5jb20iLCJ1YyI6IjIyMzAzYWYxODRkNjQ2NmZhZWY1NGQ0ZTQ5MDNmN2NkIiwidmVyIjoiRXhjaGFuZ2UuQ2FsbGJhY2suVjEiLCJhcHBjdHhzZW5kZXIiOiJPd2FEb3dubG9hZEA4NGRmOWU3Zi1lOWY2LTQwYWYtYjQzNS1hYWFhYWFhYWFhYWEiLCJpc3NyaW5nIjoiV1ciLCJhcHBjdHgiOiJ7XCJtc2V4Y2hwcm90XCI6XCJvd2FcIixcInB1aWRcIjpcIjE3NTkyMjE1NTYyMjM1MzJcIixcInNjb3BlXCI6XCJPd2FEb3dubG9hZFwiLFwib2lkXCI6XCIwMDA2NDAwMC1hZmYwLTllMmMtMDAwMC0wMDAwMDAwMDAwMDBcIixcInByaW1hcnlzaWRcIjpcIlMtMS0yODI3LTQwOTYwMC0yOTUxNzgxOTMyXCJ9IiwibmJmIjoxNjI1NjAyMTkwLCJleHAiOjE2MjU2MDI3OTAsImlzcyI6IjAwMDAwMDAyLTAwMDAtMGZmMS1jZTAwLTAwMDAwMDAwMDAwMEA4NGRmOWU3Zi1lOWY2LTQwYWYtYjQzNS1hYWFhYWFhYWFhYWEiLCJhdWQiOiIwMDAwMDAwMi0wMDAwLTBmZjEtY2UwMC0wMDAwMDAwMDAwMDAvYXR0YWNobWVudC5vdXRsb29rLmxpdmUubmV0QDg0ZGY5ZTdmLWU5ZjYtNDBhZi1iNDM1LWFhYWFhYWFhYWFhYSIsImhhcHAiOiJvd2EifQ.iCO0sWm8Fr6DX8vypWLC5RfLOrbeUaZKFR-EFRI2KzU1B9GyISeHwmKMxF4Qs_-OfF9keZk96WdKrLO9-c8k_dyhkMjTMpjTt7MiIUySSSpc7WRIobp8JYnc76ba80t47Sc5SGlkIAg65QRrfuHiTy8lUZnHT_us5zB0r3OPjhwBF4IwZE87VtTrt5a5fHmAM_9ZtHQ1hTwszIGuodOzj6Dp36GYLSZTmVBziHEbEqYX8Iqh5tw4ffveB2Yyndr7Q_-JOow06dDYswRglHxqxjfsR1gtaPAvQSNsBcCffcjZNKcs0RkFiZaKzHr_jkjZr9FAlPA6_IAFxevp5XoUag&amp;X-OWA-CANARY=-wnkGnrPW0yT6RD1HzpHMJDu6Ie6QNkYpRimbH3tB-fDNCokvQY32eF5AL_2-22MqeZcaXsIwX8.&amp;owa=outlook.live.com&amp;scriptVer=20210628001.07&amp;animation=true\" alt=\"Miniatura do anexo\" \/><\/div>\n<\/div>\n<\/div>\n<\/div>\n<div class=\"_3IhDXQBZI5hr6MCFiZ68AK\">\n<div class=\"_26MmgAlSYvToKeRN-YLf3Q _36dQlpQ5mj5as7KjaRKbuv _1x0N_WKr30SMflFKCQxgxK hK8JFOKFpATUAUx50JQFT\" tabindex=\"0\" role=\"option\" aria-label=\"Oficinas Culturais 6.jpeg Abrir 221 KB\">\n<div draggable=\"true\">\n<div class=\"ms-Image _29iMsAUBV8TBh-CNKxOhvl root-198\"><img decoding=\"async\" class=\"ms-Image-image is-loaded ms-Image-image--cover ms-Image-image--portrait is-fadeIn image-199\" src=\"https:\/\/attachment.outlook.live.net\/owa\/MSA%3Adj.eurico%40hotmail.com\/service.svc\/s\/GetAttachmentThumbnail?id=AQMkADAwATY0MDABLWFmZgAwLTllMmMtMDACLTAwCgBGAAADzhe5e5OULU%2BoFaFO7XrCrwcAuWgXeXWty0OvY%2FAZWwSmZwAAAgEMAAAAuWgXeXWty0OvY%2FAZWwSmZwAEmQO3NQAAAAESABAAA5Vdy3p1JUK8ofr2PB%2Bmdw%3D%3D&amp;isc=1&amp;token=eyJhbGciOiJSUzI1NiIsImtpZCI6IjMwODE3OUNFNUY0QjUyRTc4QjJEQjg5NjZCQUY0RUNDMzcyN0FFRUUiLCJ0eXAiOiJKV1QiLCJ4NXQiOiJNSUY1emw5TFV1ZUxMYmlXYTY5T3pEY25ydTQifQ.eyJvcmlnaW4iOiJodHRwczovL291dGxvb2subGl2ZS5jb20iLCJ1YyI6IjIyMzAzYWYxODRkNjQ2NmZhZWY1NGQ0ZTQ5MDNmN2NkIiwidmVyIjoiRXhjaGFuZ2UuQ2FsbGJhY2suVjEiLCJhcHBjdHhzZW5kZXIiOiJPd2FEb3dubG9hZEA4NGRmOWU3Zi1lOWY2LTQwYWYtYjQzNS1hYWFhYWFhYWFhYWEiLCJpc3NyaW5nIjoiV1ciLCJhcHBjdHgiOiJ7XCJtc2V4Y2hwcm90XCI6XCJvd2FcIixcInB1aWRcIjpcIjE3NTkyMjE1NTYyMjM1MzJcIixcInNjb3BlXCI6XCJPd2FEb3dubG9hZFwiLFwib2lkXCI6XCIwMDA2NDAwMC1hZmYwLTllMmMtMDAwMC0wMDAwMDAwMDAwMDBcIixcInByaW1hcnlzaWRcIjpcIlMtMS0yODI3LTQwOTYwMC0yOTUxNzgxOTMyXCJ9IiwibmJmIjoxNjI1NjAyMTkwLCJleHAiOjE2MjU2MDI3OTAsImlzcyI6IjAwMDAwMDAyLTAwMDAtMGZmMS1jZTAwLTAwMDAwMDAwMDAwMEA4NGRmOWU3Zi1lOWY2LTQwYWYtYjQzNS1hYWFhYWFhYWFhYWEiLCJhdWQiOiIwMDAwMDAwMi0wMDAwLTBmZjEtY2UwMC0wMDAwMDAwMDAwMDAvYXR0YWNobWVudC5vdXRsb29rLmxpdmUubmV0QDg0ZGY5ZTdmLWU5ZjYtNDBhZi1iNDM1LWFhYWFhYWFhYWFhYSIsImhhcHAiOiJvd2EifQ.iCO0sWm8Fr6DX8vypWLC5RfLOrbeUaZKFR-EFRI2KzU1B9GyISeHwmKMxF4Qs_-OfF9keZk96WdKrLO9-c8k_dyhkMjTMpjTt7MiIUySSSpc7WRIobp8JYnc76ba80t47Sc5SGlkIAg65QRrfuHiTy8lUZnHT_us5zB0r3OPjhwBF4IwZE87VtTrt5a5fHmAM_9ZtHQ1hTwszIGuodOzj6Dp36GYLSZTmVBziHEbEqYX8Iqh5tw4ffveB2Yyndr7Q_-JOow06dDYswRglHxqxjfsR1gtaPAvQSNsBcCffcjZNKcs0RkFiZaKzHr_jkjZr9FAlPA6_IAFxevp5XoUag&amp;X-OWA-CANARY=-wnkGnrPW0yT6RD1HzpHMJDu6Ie6QNkYpRimbH3tB-fDNCokvQY32eF5AL_2-22MqeZcaXsIwX8.&amp;owa=outlook.live.com&amp;scriptVer=20210628001.07&amp;animation=true\" alt=\"Miniatura do anexo\" \/><\/div>\n<\/div>\n<\/div>\n<\/div>\n<div class=\"_3IhDXQBZI5hr6MCFiZ68AK\">\n<div class=\"_26MmgAlSYvToKeRN-YLf3Q _36dQlpQ5mj5as7KjaRKbuv _1x0N_WKr30SMflFKCQxgxK hK8JFOKFpATUAUx50JQFT\" tabindex=\"0\" role=\"option\" aria-label=\"Oficinas Culturais 5.jpeg Abrir 227 KB\">\n<div draggable=\"true\">\n<div class=\"ms-Image _29iMsAUBV8TBh-CNKxOhvl root-198\"><img decoding=\"async\" class=\"ms-Image-image is-loaded ms-Image-image--cover ms-Image-image--portrait is-fadeIn image-199\" src=\"https:\/\/attachment.outlook.live.net\/owa\/MSA%3Adj.eurico%40hotmail.com\/service.svc\/s\/GetAttachmentThumbnail?id=AQMkADAwATY0MDABLWFmZgAwLTllMmMtMDACLTAwCgBGAAADzhe5e5OULU%2BoFaFO7XrCrwcAuWgXeXWty0OvY%2FAZWwSmZwAAAgEMAAAAuWgXeXWty0OvY%2FAZWwSmZwAEmQO3NQAAAAESABAAs%2BtpTQ0vZkeBeV1hWNMnXw%3D%3D&amp;isc=1&amp;token=eyJhbGciOiJSUzI1NiIsImtpZCI6IjMwODE3OUNFNUY0QjUyRTc4QjJEQjg5NjZCQUY0RUNDMzcyN0FFRUUiLCJ0eXAiOiJKV1QiLCJ4NXQiOiJNSUY1emw5TFV1ZUxMYmlXYTY5T3pEY25ydTQifQ.eyJvcmlnaW4iOiJodHRwczovL291dGxvb2subGl2ZS5jb20iLCJ1YyI6IjIyMzAzYWYxODRkNjQ2NmZhZWY1NGQ0ZTQ5MDNmN2NkIiwidmVyIjoiRXhjaGFuZ2UuQ2FsbGJhY2suVjEiLCJhcHBjdHhzZW5kZXIiOiJPd2FEb3dubG9hZEA4NGRmOWU3Zi1lOWY2LTQwYWYtYjQzNS1hYWFhYWFhYWFhYWEiLCJpc3NyaW5nIjoiV1ciLCJhcHBjdHgiOiJ7XCJtc2V4Y2hwcm90XCI6XCJvd2FcIixcInB1aWRcIjpcIjE3NTkyMjE1NTYyMjM1MzJcIixcInNjb3BlXCI6XCJPd2FEb3dubG9hZFwiLFwib2lkXCI6XCIwMDA2NDAwMC1hZmYwLTllMmMtMDAwMC0wMDAwMDAwMDAwMDBcIixcInByaW1hcnlzaWRcIjpcIlMtMS0yODI3LTQwOTYwMC0yOTUxNzgxOTMyXCJ9IiwibmJmIjoxNjI1NjAyMTkwLCJleHAiOjE2MjU2MDI3OTAsImlzcyI6IjAwMDAwMDAyLTAwMDAtMGZmMS1jZTAwLTAwMDAwMDAwMDAwMEA4NGRmOWU3Zi1lOWY2LTQwYWYtYjQzNS1hYWFhYWFhYWFhYWEiLCJhdWQiOiIwMDAwMDAwMi0wMDAwLTBmZjEtY2UwMC0wMDAwMDAwMDAwMDAvYXR0YWNobWVudC5vdXRsb29rLmxpdmUubmV0QDg0ZGY5ZTdmLWU5ZjYtNDBhZi1iNDM1LWFhYWFhYWFhYWFhYSIsImhhcHAiOiJvd2EifQ.iCO0sWm8Fr6DX8vypWLC5RfLOrbeUaZKFR-EFRI2KzU1B9GyISeHwmKMxF4Qs_-OfF9keZk96WdKrLO9-c8k_dyhkMjTMpjTt7MiIUySSSpc7WRIobp8JYnc76ba80t47Sc5SGlkIAg65QRrfuHiTy8lUZnHT_us5zB0r3OPjhwBF4IwZE87VtTrt5a5fHmAM_9ZtHQ1hTwszIGuodOzj6Dp36GYLSZTmVBziHEbEqYX8Iqh5tw4ffveB2Yyndr7Q_-JOow06dDYswRglHxqxjfsR1gtaPAvQSNsBcCffcjZNKcs0RkFiZaKzHr_jkjZr9FAlPA6_IAFxevp5XoUag&amp;X-OWA-CANARY=-wnkGnrPW0yT6RD1HzpHMJDu6Ie6QNkYpRimbH3tB-fDNCokvQY32eF5AL_2-22MqeZcaXsIwX8.&amp;owa=outlook.live.com&amp;scriptVer=20210628001.07&amp;animation=true\" alt=\"Miniatura do anexo\" \/><\/div>\n<\/div>\n<\/div>\n<\/div>\n<\/div>\n<\/div>\n<\/div>\n<div class=\"_2Qk4AbDuWwkuLB005ds2jm QMubUjbS-BOly_BTHEZj7 allowTextSelection\">\n<div>\n<div>\n<div dir=\"ltr\">\n<div>\n<div id=\"x_Signature\">\n<div>\n<div id=\"x_divtagdefaultwrapper\" dir=\"ltr\"><\/div>\n<\/div>\n<\/div>\n<\/div>\n<\/div>\n<\/div>\n<\/div>\n<\/div>\n<\/div>\n<\/div>\n","protected":false},"excerpt":{"rendered":"<p>Cursos s\u00e3o gratuitos, com vagas limitadas A Prefeitura de Bebedouro<\/p>\n","protected":false},"author":2,"featured_media":45595,"comment_status":"open","ping_status":"open","sticky":false,"template":"","format":"standard","meta":{"footnotes":""},"categories":[4,25],"tags":[],"class_list":["post-49852","post","type-post","status-publish","format-standard","has-post-thumbnail","hentry","category-bebedouro","category-cidades"],"yoast_head":"<!-- This site is optimized with the Yoast SEO plugin v27.4 - https:\/\/yoast.com\/product\/yoast-seo-wordpress\/ -->\n<title>Prefeitura abre inscri\u00e7\u00f5es para oficinas culturais - Regi\u00e3o News<\/title>\n<meta name=\"robots\" content=\"index, follow, max-snippet:-1, max-image-preview:large, max-video-preview:-1\" \/>\n<link rel=\"canonical\" href=\"https:\/\/regiaonews.net.br\/2022\/2021\/07\/06\/prefeitura-abre-inscricoes-para-oficinas-culturais\/\" \/>\n<meta property=\"og:locale\" content=\"pt_BR\" \/>\n<meta property=\"og:type\" content=\"article\" \/>\n<meta property=\"og:title\" content=\"Prefeitura abre inscri\u00e7\u00f5es para oficinas culturais - Regi\u00e3o News\" \/>\n<meta property=\"og:description\" content=\"Cursos s\u00e3o gratuitos, com vagas limitadas A Prefeitura de Bebedouro\" \/>\n<meta property=\"og:url\" content=\"https:\/\/regiaonews.net.br\/2022\/2021\/07\/06\/prefeitura-abre-inscricoes-para-oficinas-culturais\/\" \/>\n<meta property=\"og:site_name\" content=\"Regi\u00e3o News\" \/>\n<meta property=\"article:published_time\" content=\"2021-07-06T20:19:29+00:00\" \/>\n<meta property=\"og:image\" content=\"https:\/\/regiaonews.net.br\/2022\/wp-content\/uploads\/2021\/04\/Bebedouro-foto-Ismael-Magalhaes-2.jpeg\" \/>\n\t<meta property=\"og:image:width\" content=\"824\" \/>\n\t<meta property=\"og:image:height\" content=\"824\" \/>\n\t<meta property=\"og:image:type\" content=\"image\/jpeg\" \/>\n<meta name=\"author\" content=\"Roberto\" \/>\n<meta name=\"twitter:card\" content=\"summary_large_image\" \/>\n<meta name=\"twitter:label1\" content=\"Escrito por\" \/>\n\t<meta name=\"twitter:data1\" content=\"Roberto\" \/>\n\t<meta name=\"twitter:label2\" content=\"Est. tempo de leitura\" \/>\n\t<meta name=\"twitter:data2\" content=\"2 minutos\" \/>\n<script type=\"application\/ld+json\" class=\"yoast-schema-graph\">{\"@context\":\"https:\\\/\\\/schema.org\",\"@graph\":[{\"@type\":\"Article\",\"@id\":\"https:\\\/\\\/regiaonews.net.br\\\/2022\\\/2021\\\/07\\\/06\\\/prefeitura-abre-inscricoes-para-oficinas-culturais\\\/#article\",\"isPartOf\":{\"@id\":\"https:\\\/\\\/regiaonews.net.br\\\/2022\\\/2021\\\/07\\\/06\\\/prefeitura-abre-inscricoes-para-oficinas-culturais\\\/\"},\"author\":{\"name\":\"Roberto\",\"@id\":\"https:\\\/\\\/regiaonews.net.br\\\/2022\\\/#\\\/schema\\\/person\\\/2d205a608a5aa97ac279d7a5e6d89ad8\"},\"headline\":\"Prefeitura abre inscri\u00e7\u00f5es para oficinas culturais\",\"datePublished\":\"2021-07-06T20:19:29+00:00\",\"mainEntityOfPage\":{\"@id\":\"https:\\\/\\\/regiaonews.net.br\\\/2022\\\/2021\\\/07\\\/06\\\/prefeitura-abre-inscricoes-para-oficinas-culturais\\\/\"},\"wordCount\":349,\"commentCount\":0,\"publisher\":{\"@id\":\"https:\\\/\\\/regiaonews.net.br\\\/2022\\\/#organization\"},\"image\":{\"@id\":\"https:\\\/\\\/regiaonews.net.br\\\/2022\\\/2021\\\/07\\\/06\\\/prefeitura-abre-inscricoes-para-oficinas-culturais\\\/#primaryimage\"},\"thumbnailUrl\":\"https:\\\/\\\/regiaonews.net.br\\\/2022\\\/wp-content\\\/uploads\\\/2021\\\/04\\\/Bebedouro-foto-Ismael-Magalhaes-2.jpeg\",\"articleSection\":[\"Bebedouro\",\"Cidades\"],\"inLanguage\":\"pt-BR\",\"potentialAction\":[{\"@type\":\"CommentAction\",\"name\":\"Comment\",\"target\":[\"https:\\\/\\\/regiaonews.net.br\\\/2022\\\/2021\\\/07\\\/06\\\/prefeitura-abre-inscricoes-para-oficinas-culturais\\\/#respond\"]}]},{\"@type\":\"WebPage\",\"@id\":\"https:\\\/\\\/regiaonews.net.br\\\/2022\\\/2021\\\/07\\\/06\\\/prefeitura-abre-inscricoes-para-oficinas-culturais\\\/\",\"url\":\"https:\\\/\\\/regiaonews.net.br\\\/2022\\\/2021\\\/07\\\/06\\\/prefeitura-abre-inscricoes-para-oficinas-culturais\\\/\",\"name\":\"Prefeitura abre inscri\u00e7\u00f5es para oficinas culturais - Regi\u00e3o News\",\"isPartOf\":{\"@id\":\"https:\\\/\\\/regiaonews.net.br\\\/2022\\\/#website\"},\"primaryImageOfPage\":{\"@id\":\"https:\\\/\\\/regiaonews.net.br\\\/2022\\\/2021\\\/07\\\/06\\\/prefeitura-abre-inscricoes-para-oficinas-culturais\\\/#primaryimage\"},\"image\":{\"@id\":\"https:\\\/\\\/regiaonews.net.br\\\/2022\\\/2021\\\/07\\\/06\\\/prefeitura-abre-inscricoes-para-oficinas-culturais\\\/#primaryimage\"},\"thumbnailUrl\":\"https:\\\/\\\/regiaonews.net.br\\\/2022\\\/wp-content\\\/uploads\\\/2021\\\/04\\\/Bebedouro-foto-Ismael-Magalhaes-2.jpeg\",\"datePublished\":\"2021-07-06T20:19:29+00:00\",\"breadcrumb\":{\"@id\":\"https:\\\/\\\/regiaonews.net.br\\\/2022\\\/2021\\\/07\\\/06\\\/prefeitura-abre-inscricoes-para-oficinas-culturais\\\/#breadcrumb\"},\"inLanguage\":\"pt-BR\",\"potentialAction\":[{\"@type\":\"ReadAction\",\"target\":[\"https:\\\/\\\/regiaonews.net.br\\\/2022\\\/2021\\\/07\\\/06\\\/prefeitura-abre-inscricoes-para-oficinas-culturais\\\/\"]}]},{\"@type\":\"ImageObject\",\"inLanguage\":\"pt-BR\",\"@id\":\"https:\\\/\\\/regiaonews.net.br\\\/2022\\\/2021\\\/07\\\/06\\\/prefeitura-abre-inscricoes-para-oficinas-culturais\\\/#primaryimage\",\"url\":\"https:\\\/\\\/regiaonews.net.br\\\/2022\\\/wp-content\\\/uploads\\\/2021\\\/04\\\/Bebedouro-foto-Ismael-Magalhaes-2.jpeg\",\"contentUrl\":\"https:\\\/\\\/regiaonews.net.br\\\/2022\\\/wp-content\\\/uploads\\\/2021\\\/04\\\/Bebedouro-foto-Ismael-Magalhaes-2.jpeg\",\"width\":824,\"height\":824},{\"@type\":\"BreadcrumbList\",\"@id\":\"https:\\\/\\\/regiaonews.net.br\\\/2022\\\/2021\\\/07\\\/06\\\/prefeitura-abre-inscricoes-para-oficinas-culturais\\\/#breadcrumb\",\"itemListElement\":[{\"@type\":\"ListItem\",\"position\":1,\"name\":\"In\u00edcio\",\"item\":\"https:\\\/\\\/regiaonews.net.br\\\/2022\\\/\"},{\"@type\":\"ListItem\",\"position\":2,\"name\":\"Prefeitura abre inscri\u00e7\u00f5es para oficinas culturais\"}]},{\"@type\":\"WebSite\",\"@id\":\"https:\\\/\\\/regiaonews.net.br\\\/2022\\\/#website\",\"url\":\"https:\\\/\\\/regiaonews.net.br\\\/2022\\\/\",\"name\":\"Regi\u00e3o News\",\"description\":\"Site de Not\u00edcias de Barretos e regi\u00e3o\",\"publisher\":{\"@id\":\"https:\\\/\\\/regiaonews.net.br\\\/2022\\\/#organization\"},\"potentialAction\":[{\"@type\":\"SearchAction\",\"target\":{\"@type\":\"EntryPoint\",\"urlTemplate\":\"https:\\\/\\\/regiaonews.net.br\\\/2022\\\/?s={search_term_string}\"},\"query-input\":{\"@type\":\"PropertyValueSpecification\",\"valueRequired\":true,\"valueName\":\"search_term_string\"}}],\"inLanguage\":\"pt-BR\"},{\"@type\":\"Organization\",\"@id\":\"https:\\\/\\\/regiaonews.net.br\\\/2022\\\/#organization\",\"name\":\"Regi\u00e3o News\",\"url\":\"https:\\\/\\\/regiaonews.net.br\\\/2022\\\/\",\"logo\":{\"@type\":\"ImageObject\",\"inLanguage\":\"pt-BR\",\"@id\":\"https:\\\/\\\/regiaonews.net.br\\\/2022\\\/#\\\/schema\\\/logo\\\/image\\\/\",\"url\":\"https:\\\/\\\/regiaonews.net.br\\\/2022\\\/wp-content\\\/uploads\\\/2026\\\/03\\\/regiao-13-anos-scaled.jpg\",\"contentUrl\":\"https:\\\/\\\/regiaonews.net.br\\\/2022\\\/wp-content\\\/uploads\\\/2026\\\/03\\\/regiao-13-anos-scaled.jpg\",\"width\":2560,\"height\":635,\"caption\":\"Regi\u00e3o News\"},\"image\":{\"@id\":\"https:\\\/\\\/regiaonews.net.br\\\/2022\\\/#\\\/schema\\\/logo\\\/image\\\/\"}},{\"@type\":\"Person\",\"@id\":\"https:\\\/\\\/regiaonews.net.br\\\/2022\\\/#\\\/schema\\\/person\\\/2d205a608a5aa97ac279d7a5e6d89ad8\",\"name\":\"Roberto\",\"image\":{\"@type\":\"ImageObject\",\"inLanguage\":\"pt-BR\",\"@id\":\"https:\\\/\\\/secure.gravatar.com\\\/avatar\\\/42749d8b712ff9d59ca93dc150494e5b55a44134482993f5baeb97e61b7ecc89?s=96&d=mm&r=g\",\"url\":\"https:\\\/\\\/secure.gravatar.com\\\/avatar\\\/42749d8b712ff9d59ca93dc150494e5b55a44134482993f5baeb97e61b7ecc89?s=96&d=mm&r=g\",\"contentUrl\":\"https:\\\/\\\/secure.gravatar.com\\\/avatar\\\/42749d8b712ff9d59ca93dc150494e5b55a44134482993f5baeb97e61b7ecc89?s=96&d=mm&r=g\",\"caption\":\"Roberto\"},\"url\":\"https:\\\/\\\/regiaonews.net.br\\\/2022\\\/author\\\/roberto\\\/\"}]}<\/script>\n<!-- \/ Yoast SEO plugin. -->","yoast_head_json":{"title":"Prefeitura abre inscri\u00e7\u00f5es para oficinas culturais - Regi\u00e3o News","robots":{"index":"index","follow":"follow","max-snippet":"max-snippet:-1","max-image-preview":"max-image-preview:large","max-video-preview":"max-video-preview:-1"},"canonical":"https:\/\/regiaonews.net.br\/2022\/2021\/07\/06\/prefeitura-abre-inscricoes-para-oficinas-culturais\/","og_locale":"pt_BR","og_type":"article","og_title":"Prefeitura abre inscri\u00e7\u00f5es para oficinas culturais - Regi\u00e3o News","og_description":"Cursos s\u00e3o gratuitos, com vagas limitadas A Prefeitura de Bebedouro","og_url":"https:\/\/regiaonews.net.br\/2022\/2021\/07\/06\/prefeitura-abre-inscricoes-para-oficinas-culturais\/","og_site_name":"Regi\u00e3o News","article_published_time":"2021-07-06T20:19:29+00:00","og_image":[{"width":824,"height":824,"url":"https:\/\/regiaonews.net.br\/2022\/wp-content\/uploads\/2021\/04\/Bebedouro-foto-Ismael-Magalhaes-2.jpeg","type":"image\/jpeg"}],"author":"Roberto","twitter_card":"summary_large_image","twitter_misc":{"Escrito por":"Roberto","Est. tempo de leitura":"2 minutos"},"schema":{"@context":"https:\/\/schema.org","@graph":[{"@type":"Article","@id":"https:\/\/regiaonews.net.br\/2022\/2021\/07\/06\/prefeitura-abre-inscricoes-para-oficinas-culturais\/#article","isPartOf":{"@id":"https:\/\/regiaonews.net.br\/2022\/2021\/07\/06\/prefeitura-abre-inscricoes-para-oficinas-culturais\/"},"author":{"name":"Roberto","@id":"https:\/\/regiaonews.net.br\/2022\/#\/schema\/person\/2d205a608a5aa97ac279d7a5e6d89ad8"},"headline":"Prefeitura abre inscri\u00e7\u00f5es para oficinas culturais","datePublished":"2021-07-06T20:19:29+00:00","mainEntityOfPage":{"@id":"https:\/\/regiaonews.net.br\/2022\/2021\/07\/06\/prefeitura-abre-inscricoes-para-oficinas-culturais\/"},"wordCount":349,"commentCount":0,"publisher":{"@id":"https:\/\/regiaonews.net.br\/2022\/#organization"},"image":{"@id":"https:\/\/regiaonews.net.br\/2022\/2021\/07\/06\/prefeitura-abre-inscricoes-para-oficinas-culturais\/#primaryimage"},"thumbnailUrl":"https:\/\/regiaonews.net.br\/2022\/wp-content\/uploads\/2021\/04\/Bebedouro-foto-Ismael-Magalhaes-2.jpeg","articleSection":["Bebedouro","Cidades"],"inLanguage":"pt-BR","potentialAction":[{"@type":"CommentAction","name":"Comment","target":["https:\/\/regiaonews.net.br\/2022\/2021\/07\/06\/prefeitura-abre-inscricoes-para-oficinas-culturais\/#respond"]}]},{"@type":"WebPage","@id":"https:\/\/regiaonews.net.br\/2022\/2021\/07\/06\/prefeitura-abre-inscricoes-para-oficinas-culturais\/","url":"https:\/\/regiaonews.net.br\/2022\/2021\/07\/06\/prefeitura-abre-inscricoes-para-oficinas-culturais\/","name":"Prefeitura abre inscri\u00e7\u00f5es para oficinas culturais - Regi\u00e3o News","isPartOf":{"@id":"https:\/\/regiaonews.net.br\/2022\/#website"},"primaryImageOfPage":{"@id":"https:\/\/regiaonews.net.br\/2022\/2021\/07\/06\/prefeitura-abre-inscricoes-para-oficinas-culturais\/#primaryimage"},"image":{"@id":"https:\/\/regiaonews.net.br\/2022\/2021\/07\/06\/prefeitura-abre-inscricoes-para-oficinas-culturais\/#primaryimage"},"thumbnailUrl":"https:\/\/regiaonews.net.br\/2022\/wp-content\/uploads\/2021\/04\/Bebedouro-foto-Ismael-Magalhaes-2.jpeg","datePublished":"2021-07-06T20:19:29+00:00","breadcrumb":{"@id":"https:\/\/regiaonews.net.br\/2022\/2021\/07\/06\/prefeitura-abre-inscricoes-para-oficinas-culturais\/#breadcrumb"},"inLanguage":"pt-BR","potentialAction":[{"@type":"ReadAction","target":["https:\/\/regiaonews.net.br\/2022\/2021\/07\/06\/prefeitura-abre-inscricoes-para-oficinas-culturais\/"]}]},{"@type":"ImageObject","inLanguage":"pt-BR","@id":"https:\/\/regiaonews.net.br\/2022\/2021\/07\/06\/prefeitura-abre-inscricoes-para-oficinas-culturais\/#primaryimage","url":"https:\/\/regiaonews.net.br\/2022\/wp-content\/uploads\/2021\/04\/Bebedouro-foto-Ismael-Magalhaes-2.jpeg","contentUrl":"https:\/\/regiaonews.net.br\/2022\/wp-content\/uploads\/2021\/04\/Bebedouro-foto-Ismael-Magalhaes-2.jpeg","width":824,"height":824},{"@type":"BreadcrumbList","@id":"https:\/\/regiaonews.net.br\/2022\/2021\/07\/06\/prefeitura-abre-inscricoes-para-oficinas-culturais\/#breadcrumb","itemListElement":[{"@type":"ListItem","position":1,"name":"In\u00edcio","item":"https:\/\/regiaonews.net.br\/2022\/"},{"@type":"ListItem","position":2,"name":"Prefeitura abre inscri\u00e7\u00f5es para oficinas culturais"}]},{"@type":"WebSite","@id":"https:\/\/regiaonews.net.br\/2022\/#website","url":"https:\/\/regiaonews.net.br\/2022\/","name":"Regi\u00e3o News","description":"Site de Not\u00edcias de Barretos e regi\u00e3o","publisher":{"@id":"https:\/\/regiaonews.net.br\/2022\/#organization"},"potentialAction":[{"@type":"SearchAction","target":{"@type":"EntryPoint","urlTemplate":"https:\/\/regiaonews.net.br\/2022\/?s={search_term_string}"},"query-input":{"@type":"PropertyValueSpecification","valueRequired":true,"valueName":"search_term_string"}}],"inLanguage":"pt-BR"},{"@type":"Organization","@id":"https:\/\/regiaonews.net.br\/2022\/#organization","name":"Regi\u00e3o News","url":"https:\/\/regiaonews.net.br\/2022\/","logo":{"@type":"ImageObject","inLanguage":"pt-BR","@id":"https:\/\/regiaonews.net.br\/2022\/#\/schema\/logo\/image\/","url":"https:\/\/regiaonews.net.br\/2022\/wp-content\/uploads\/2026\/03\/regiao-13-anos-scaled.jpg","contentUrl":"https:\/\/regiaonews.net.br\/2022\/wp-content\/uploads\/2026\/03\/regiao-13-anos-scaled.jpg","width":2560,"height":635,"caption":"Regi\u00e3o News"},"image":{"@id":"https:\/\/regiaonews.net.br\/2022\/#\/schema\/logo\/image\/"}},{"@type":"Person","@id":"https:\/\/regiaonews.net.br\/2022\/#\/schema\/person\/2d205a608a5aa97ac279d7a5e6d89ad8","name":"Roberto","image":{"@type":"ImageObject","inLanguage":"pt-BR","@id":"https:\/\/secure.gravatar.com\/avatar\/42749d8b712ff9d59ca93dc150494e5b55a44134482993f5baeb97e61b7ecc89?s=96&d=mm&r=g","url":"https:\/\/secure.gravatar.com\/avatar\/42749d8b712ff9d59ca93dc150494e5b55a44134482993f5baeb97e61b7ecc89?s=96&d=mm&r=g","contentUrl":"https:\/\/secure.gravatar.com\/avatar\/42749d8b712ff9d59ca93dc150494e5b55a44134482993f5baeb97e61b7ecc89?s=96&d=mm&r=g","caption":"Roberto"},"url":"https:\/\/regiaonews.net.br\/2022\/author\/roberto\/"}]}},"publishpress_future_action":{"enabled":false,"date":"2026-05-02 05:32:10","action":"change-status","newStatus":"draft","terms":[],"taxonomy":"category","extraData":[]},"publishpress_future_workflow_manual_trigger":{"enabledWorkflows":[]},"_links":{"self":[{"href":"https:\/\/regiaonews.net.br\/2022\/wp-json\/wp\/v2\/posts\/49852","targetHints":{"allow":["GET"]}}],"collection":[{"href":"https:\/\/regiaonews.net.br\/2022\/wp-json\/wp\/v2\/posts"}],"about":[{"href":"https:\/\/regiaonews.net.br\/2022\/wp-json\/wp\/v2\/types\/post"}],"author":[{"embeddable":true,"href":"https:\/\/regiaonews.net.br\/2022\/wp-json\/wp\/v2\/users\/2"}],"replies":[{"embeddable":true,"href":"https:\/\/regiaonews.net.br\/2022\/wp-json\/wp\/v2\/comments?post=49852"}],"version-history":[{"count":0,"href":"https:\/\/regiaonews.net.br\/2022\/wp-json\/wp\/v2\/posts\/49852\/revisions"}],"wp:featuredmedia":[{"embeddable":true,"href":"https:\/\/regiaonews.net.br\/2022\/wp-json\/wp\/v2\/media\/45595"}],"wp:attachment":[{"href":"https:\/\/regiaonews.net.br\/2022\/wp-json\/wp\/v2\/media?parent=49852"}],"wp:term":[{"taxonomy":"category","embeddable":true,"href":"https:\/\/regiaonews.net.br\/2022\/wp-json\/wp\/v2\/categories?post=49852"},{"taxonomy":"post_tag","embeddable":true,"href":"https:\/\/regiaonews.net.br\/2022\/wp-json\/wp\/v2\/tags?post=49852"}],"curies":[{"name":"wp","href":"https:\/\/api.w.org\/{rel}","templated":true}]}}