{"id":49800,"date":"2021-07-05T22:46:10","date_gmt":"2021-07-06T01:46:10","guid":{"rendered":"https:\/\/regiaonews.net.br\/2022\/?p=49800"},"modified":"2021-07-06T11:43:56","modified_gmt":"2021-07-06T14:43:56","slug":"brasil-vence-o-peru-e-chega-a-decisao-da-copa-america","status":"publish","type":"post","link":"https:\/\/regiaonews.net.br\/2022\/2021\/07\/05\/brasil-vence-o-peru-e-chega-a-decisao-da-copa-america\/","title":{"rendered":"Brasil vence o Peru e chega a decis\u00e3o da Copa Am\u00e9rica"},"content":{"rendered":"<p><a href=\"https:\/\/regiaonews.net.br\/2022\/wp-content\/uploads\/2021\/07\/20210705205543_31.jpeg\"><img loading=\"lazy\" decoding=\"async\" class=\"alignnone size-medium wp-image-49801\" src=\"https:\/\/regiaonews.net.br\/2022\/wp-content\/uploads\/2021\/07\/20210705205543_31-300x300.jpeg\" alt=\"\" width=\"300\" height=\"300\" \/><\/a><\/p>\n<header class=\"m-b-30\">\n<h1 class=\"title m-b-10 uppercase\"><\/h1>\n<\/header>\n<div>\n<h2 class=\"m-b-20\"><\/h2>\n<p>O Brasil, atual campe\u00e3o da <strong>CONMEBOL Copa Am\u00e9rica<\/strong>, \u00a0vai defender o t\u00edtulo da competi\u00e7\u00e3o na edi\u00e7\u00e3o 2021. Nesta segunda-feira (5), a equipe comandada pelo t\u00e9cnico Tite venceu o Peru por 1 a 0 pela semifinal e garantiu vaga na grande decis\u00e3o. No Nilton Santos, no Rio de Janeiro,\u00a0<strong>Lucas Paquet\u00e1<\/strong>\u00a0marcou o gol do triunfo da Canarinho.<\/p>\n<p>A final\u00edssima ser\u00e1 disputada no pr\u00f3ximo s\u00e1bado (10), \u00e0s 21h, no Maracan\u00e3. O advers\u00e1rio do Brasil sair\u00e1 do confronto entre Argentina e Col\u00f4mbia, que definem a outra vaga nesta ter\u00e7a-feira.<\/p>\n<p><strong>O jogo<\/strong><\/p>\n<p>O primeiro tempo do confronto no Rio de Janeiro foi de dom\u00ednio total da Sele\u00e7\u00e3o Brasileira diante da equipe peruana. Aos sete minutos, Lucas Paquet\u00e1 enfiou boa bola pela direita para Richarlison, que driblou o goleiro Gallese e cruzou para Neymar no meio. A zaga advers\u00e1ria chegou travando, e o camisa 10 n\u00e3o conseguiu mandar para o gol. Logo depois, aos 12, Casemiro cobrou falta e mandou uma bomba de longa dist\u00e2ncia para defesa de Gallese, que ainda soltou a bola, mas recuperou antes de Everton ou Renan Lodi pegarem a sobra. O Brasil seguiu dando trabalho ao camisa 1 do Peru, que pegou o chute de canhota de Everton no minuto seguinte.<\/p>\n<p>Aos 18 minutos, outras defesas seguidas de Gallese. Primeiro, Casemiro mandou mais uma bomba de fora da \u00e1rea, obrigando a interven\u00e7\u00e3o do goleiro. Depois, Lucas Paquet\u00e1 recebeu passe de letra de Casemiro pela direita e cruzou por baixo. Neymar ficou frente a frente com o goleiro peruano, que defendeu o chute. No rebote, Richarlison tamb\u00e9m foi parado no defensor.<\/p>\n<p>A press\u00e3o brasileira seguiu intensa at\u00e9 que, na marca dos 34, o placar foi inaugurado. Richarlison iniciou a jogada e passou para Neymar pela esquerda, que avan\u00e7ou, driblou os marcadores e tocou para o meio, onde Lucas Paquet\u00e1 pegou de primeira para colocar o Brasil na frente: 1 a 0.<\/p>\n<p>Na volta do intervalo, a partida ficou mais equilibrada. O Peru come\u00e7ou partindo para o ataque e, logo aos tr\u00eas minutos, Lapadula chutou cruzado da direita e Ederson fez \u00f3tima defesa. Depois, aos 15, o defensor da Canarinho tamb\u00e9m salvou a equipe ao espalmar a finaliza\u00e7\u00e3o de Raziel Garc\u00eda. O Brasil respondeu no lance seguinte, quando Neymar recebeu bola na \u00e1rea e passou de costas para Everton, que chutou de canhota e foi parado em Gallese. Tr\u00eas minutos depois, Neymar foi lan\u00e7ado dentro da \u00e1rea e pegou de canhota, mas mandou para fora. Aos 33, Renan Lodi foi acionado pela esquerda e finalizou cruzado para outra interven\u00e7\u00e3o do goleiro peruano.<\/p>\n<p>Nos instantes finais, o t\u00e9cnico Tite fez mudan\u00e7as no time, que manteve mais posse de bola, apostou em contra-ataques e administrou o resultado positivo at\u00e9 o apito final.<\/p>\n<p><strong>Brasil:<\/strong>\u00a0Ederson, Danilo, Thiago Silva, Marquinhos e Renan Lodi (\u00c9der Milit\u00e3o); Casemiro, Fred (Fabinho) e Lucas Paquet\u00e1 (Douglas Luiz); Everton (Everton Ribeiro), Richarlison (Vinicius Junior) e Neymar Jr.<\/p>\n<\/div>\n","protected":false},"excerpt":{"rendered":"<p>O Brasil, atual campe\u00e3o da CONMEBOL Copa Am\u00e9rica, \u00a0vai defender<\/p>\n","protected":false},"author":2,"featured_media":49801,"comment_status":"open","ping_status":"open","sticky":false,"template":"","format":"standard","meta":{"footnotes":""},"categories":[71,21,69],"tags":[],"class_list":["post-49800","post","type-post","status-publish","format-standard","has-post-thumbnail","hentry","category-copa-america","category-esporte","category-rio-de-janeiro"],"yoast_head":"<!-- This site is optimized with the Yoast SEO plugin v27.4 - https:\/\/yoast.com\/product\/yoast-seo-wordpress\/ -->\n<title>Brasil vence o Peru e chega a decis\u00e3o da Copa Am\u00e9rica - Regi\u00e3o News<\/title>\n<meta name=\"robots\" content=\"index, follow, max-snippet:-1, max-image-preview:large, max-video-preview:-1\" \/>\n<link rel=\"canonical\" href=\"https:\/\/regiaonews.net.br\/2022\/2021\/07\/05\/brasil-vence-o-peru-e-chega-a-decisao-da-copa-america\/\" \/>\n<meta property=\"og:locale\" content=\"pt_BR\" \/>\n<meta property=\"og:type\" content=\"article\" \/>\n<meta property=\"og:title\" content=\"Brasil vence o Peru e chega a decis\u00e3o da Copa Am\u00e9rica - Regi\u00e3o News\" \/>\n<meta property=\"og:description\" content=\"O Brasil, atual campe\u00e3o da CONMEBOL Copa Am\u00e9rica, \u00a0vai defender\" \/>\n<meta property=\"og:url\" content=\"https:\/\/regiaonews.net.br\/2022\/2021\/07\/05\/brasil-vence-o-peru-e-chega-a-decisao-da-copa-america\/\" \/>\n<meta property=\"og:site_name\" content=\"Regi\u00e3o News\" \/>\n<meta property=\"article:published_time\" content=\"2021-07-06T01:46:10+00:00\" \/>\n<meta property=\"article:modified_time\" content=\"2021-07-06T14:43:56+00:00\" \/>\n<meta property=\"og:image\" content=\"https:\/\/regiaonews.net.br\/2022\/wp-content\/uploads\/2021\/07\/20210705205543_31.jpeg\" \/>\n\t<meta property=\"og:image:width\" content=\"620\" \/>\n\t<meta property=\"og:image:height\" content=\"620\" \/>\n\t<meta property=\"og:image:type\" content=\"image\/jpeg\" \/>\n<meta name=\"author\" content=\"Roberto\" \/>\n<meta name=\"twitter:card\" content=\"summary_large_image\" \/>\n<meta name=\"twitter:label1\" content=\"Escrito por\" \/>\n\t<meta name=\"twitter:data1\" content=\"Roberto\" \/>\n\t<meta name=\"twitter:label2\" content=\"Est. tempo de leitura\" \/>\n\t<meta name=\"twitter:data2\" content=\"2 minutos\" \/>\n<script type=\"application\/ld+json\" class=\"yoast-schema-graph\">{\"@context\":\"https:\\\/\\\/schema.org\",\"@graph\":[{\"@type\":\"Article\",\"@id\":\"https:\\\/\\\/regiaonews.net.br\\\/2022\\\/2021\\\/07\\\/05\\\/brasil-vence-o-peru-e-chega-a-decisao-da-copa-america\\\/#article\",\"isPartOf\":{\"@id\":\"https:\\\/\\\/regiaonews.net.br\\\/2022\\\/2021\\\/07\\\/05\\\/brasil-vence-o-peru-e-chega-a-decisao-da-copa-america\\\/\"},\"author\":{\"name\":\"Roberto\",\"@id\":\"https:\\\/\\\/regiaonews.net.br\\\/2022\\\/#\\\/schema\\\/person\\\/2d205a608a5aa97ac279d7a5e6d89ad8\"},\"headline\":\"Brasil vence o Peru e chega a decis\u00e3o da Copa Am\u00e9rica\",\"datePublished\":\"2021-07-06T01:46:10+00:00\",\"dateModified\":\"2021-07-06T14:43:56+00:00\",\"mainEntityOfPage\":{\"@id\":\"https:\\\/\\\/regiaonews.net.br\\\/2022\\\/2021\\\/07\\\/05\\\/brasil-vence-o-peru-e-chega-a-decisao-da-copa-america\\\/\"},\"wordCount\":509,\"commentCount\":0,\"publisher\":{\"@id\":\"https:\\\/\\\/regiaonews.net.br\\\/2022\\\/#organization\"},\"image\":{\"@id\":\"https:\\\/\\\/regiaonews.net.br\\\/2022\\\/2021\\\/07\\\/05\\\/brasil-vence-o-peru-e-chega-a-decisao-da-copa-america\\\/#primaryimage\"},\"thumbnailUrl\":\"https:\\\/\\\/regiaonews.net.br\\\/2022\\\/wp-content\\\/uploads\\\/2021\\\/07\\\/20210705205543_31.jpeg\",\"articleSection\":[\"Copa Am\u00e9rica\",\"Esporte\",\"Rio de Janeiro\"],\"inLanguage\":\"pt-BR\",\"potentialAction\":[{\"@type\":\"CommentAction\",\"name\":\"Comment\",\"target\":[\"https:\\\/\\\/regiaonews.net.br\\\/2022\\\/2021\\\/07\\\/05\\\/brasil-vence-o-peru-e-chega-a-decisao-da-copa-america\\\/#respond\"]}]},{\"@type\":\"WebPage\",\"@id\":\"https:\\\/\\\/regiaonews.net.br\\\/2022\\\/2021\\\/07\\\/05\\\/brasil-vence-o-peru-e-chega-a-decisao-da-copa-america\\\/\",\"url\":\"https:\\\/\\\/regiaonews.net.br\\\/2022\\\/2021\\\/07\\\/05\\\/brasil-vence-o-peru-e-chega-a-decisao-da-copa-america\\\/\",\"name\":\"Brasil vence o Peru e chega a decis\u00e3o da Copa Am\u00e9rica - Regi\u00e3o News\",\"isPartOf\":{\"@id\":\"https:\\\/\\\/regiaonews.net.br\\\/2022\\\/#website\"},\"primaryImageOfPage\":{\"@id\":\"https:\\\/\\\/regiaonews.net.br\\\/2022\\\/2021\\\/07\\\/05\\\/brasil-vence-o-peru-e-chega-a-decisao-da-copa-america\\\/#primaryimage\"},\"image\":{\"@id\":\"https:\\\/\\\/regiaonews.net.br\\\/2022\\\/2021\\\/07\\\/05\\\/brasil-vence-o-peru-e-chega-a-decisao-da-copa-america\\\/#primaryimage\"},\"thumbnailUrl\":\"https:\\\/\\\/regiaonews.net.br\\\/2022\\\/wp-content\\\/uploads\\\/2021\\\/07\\\/20210705205543_31.jpeg\",\"datePublished\":\"2021-07-06T01:46:10+00:00\",\"dateModified\":\"2021-07-06T14:43:56+00:00\",\"breadcrumb\":{\"@id\":\"https:\\\/\\\/regiaonews.net.br\\\/2022\\\/2021\\\/07\\\/05\\\/brasil-vence-o-peru-e-chega-a-decisao-da-copa-america\\\/#breadcrumb\"},\"inLanguage\":\"pt-BR\",\"potentialAction\":[{\"@type\":\"ReadAction\",\"target\":[\"https:\\\/\\\/regiaonews.net.br\\\/2022\\\/2021\\\/07\\\/05\\\/brasil-vence-o-peru-e-chega-a-decisao-da-copa-america\\\/\"]}]},{\"@type\":\"ImageObject\",\"inLanguage\":\"pt-BR\",\"@id\":\"https:\\\/\\\/regiaonews.net.br\\\/2022\\\/2021\\\/07\\\/05\\\/brasil-vence-o-peru-e-chega-a-decisao-da-copa-america\\\/#primaryimage\",\"url\":\"https:\\\/\\\/regiaonews.net.br\\\/2022\\\/wp-content\\\/uploads\\\/2021\\\/07\\\/20210705205543_31.jpeg\",\"contentUrl\":\"https:\\\/\\\/regiaonews.net.br\\\/2022\\\/wp-content\\\/uploads\\\/2021\\\/07\\\/20210705205543_31.jpeg\",\"width\":620,\"height\":620},{\"@type\":\"BreadcrumbList\",\"@id\":\"https:\\\/\\\/regiaonews.net.br\\\/2022\\\/2021\\\/07\\\/05\\\/brasil-vence-o-peru-e-chega-a-decisao-da-copa-america\\\/#breadcrumb\",\"itemListElement\":[{\"@type\":\"ListItem\",\"position\":1,\"name\":\"In\u00edcio\",\"item\":\"https:\\\/\\\/regiaonews.net.br\\\/2022\\\/\"},{\"@type\":\"ListItem\",\"position\":2,\"name\":\"Brasil vence o Peru e chega a decis\u00e3o da Copa Am\u00e9rica\"}]},{\"@type\":\"WebSite\",\"@id\":\"https:\\\/\\\/regiaonews.net.br\\\/2022\\\/#website\",\"url\":\"https:\\\/\\\/regiaonews.net.br\\\/2022\\\/\",\"name\":\"Regi\u00e3o News\",\"description\":\"Site de Not\u00edcias de Barretos e regi\u00e3o\",\"publisher\":{\"@id\":\"https:\\\/\\\/regiaonews.net.br\\\/2022\\\/#organization\"},\"potentialAction\":[{\"@type\":\"SearchAction\",\"target\":{\"@type\":\"EntryPoint\",\"urlTemplate\":\"https:\\\/\\\/regiaonews.net.br\\\/2022\\\/?s={search_term_string}\"},\"query-input\":{\"@type\":\"PropertyValueSpecification\",\"valueRequired\":true,\"valueName\":\"search_term_string\"}}],\"inLanguage\":\"pt-BR\"},{\"@type\":\"Organization\",\"@id\":\"https:\\\/\\\/regiaonews.net.br\\\/2022\\\/#organization\",\"name\":\"Regi\u00e3o News\",\"url\":\"https:\\\/\\\/regiaonews.net.br\\\/2022\\\/\",\"logo\":{\"@type\":\"ImageObject\",\"inLanguage\":\"pt-BR\",\"@id\":\"https:\\\/\\\/regiaonews.net.br\\\/2022\\\/#\\\/schema\\\/logo\\\/image\\\/\",\"url\":\"https:\\\/\\\/regiaonews.net.br\\\/2022\\\/wp-content\\\/uploads\\\/2026\\\/03\\\/regiao-13-anos-scaled.jpg\",\"contentUrl\":\"https:\\\/\\\/regiaonews.net.br\\\/2022\\\/wp-content\\\/uploads\\\/2026\\\/03\\\/regiao-13-anos-scaled.jpg\",\"width\":2560,\"height\":635,\"caption\":\"Regi\u00e3o News\"},\"image\":{\"@id\":\"https:\\\/\\\/regiaonews.net.br\\\/2022\\\/#\\\/schema\\\/logo\\\/image\\\/\"}},{\"@type\":\"Person\",\"@id\":\"https:\\\/\\\/regiaonews.net.br\\\/2022\\\/#\\\/schema\\\/person\\\/2d205a608a5aa97ac279d7a5e6d89ad8\",\"name\":\"Roberto\",\"image\":{\"@type\":\"ImageObject\",\"inLanguage\":\"pt-BR\",\"@id\":\"https:\\\/\\\/secure.gravatar.com\\\/avatar\\\/42749d8b712ff9d59ca93dc150494e5b55a44134482993f5baeb97e61b7ecc89?s=96&d=mm&r=g\",\"url\":\"https:\\\/\\\/secure.gravatar.com\\\/avatar\\\/42749d8b712ff9d59ca93dc150494e5b55a44134482993f5baeb97e61b7ecc89?s=96&d=mm&r=g\",\"contentUrl\":\"https:\\\/\\\/secure.gravatar.com\\\/avatar\\\/42749d8b712ff9d59ca93dc150494e5b55a44134482993f5baeb97e61b7ecc89?s=96&d=mm&r=g\",\"caption\":\"Roberto\"},\"url\":\"https:\\\/\\\/regiaonews.net.br\\\/2022\\\/author\\\/roberto\\\/\"}]}<\/script>\n<!-- \/ Yoast SEO plugin. -->","yoast_head_json":{"title":"Brasil vence o Peru e chega a decis\u00e3o da Copa Am\u00e9rica - Regi\u00e3o News","robots":{"index":"index","follow":"follow","max-snippet":"max-snippet:-1","max-image-preview":"max-image-preview:large","max-video-preview":"max-video-preview:-1"},"canonical":"https:\/\/regiaonews.net.br\/2022\/2021\/07\/05\/brasil-vence-o-peru-e-chega-a-decisao-da-copa-america\/","og_locale":"pt_BR","og_type":"article","og_title":"Brasil vence o Peru e chega a decis\u00e3o da Copa Am\u00e9rica - Regi\u00e3o News","og_description":"O Brasil, atual campe\u00e3o da CONMEBOL Copa Am\u00e9rica, \u00a0vai defender","og_url":"https:\/\/regiaonews.net.br\/2022\/2021\/07\/05\/brasil-vence-o-peru-e-chega-a-decisao-da-copa-america\/","og_site_name":"Regi\u00e3o News","article_published_time":"2021-07-06T01:46:10+00:00","article_modified_time":"2021-07-06T14:43:56+00:00","og_image":[{"width":620,"height":620,"url":"https:\/\/regiaonews.net.br\/2022\/wp-content\/uploads\/2021\/07\/20210705205543_31.jpeg","type":"image\/jpeg"}],"author":"Roberto","twitter_card":"summary_large_image","twitter_misc":{"Escrito por":"Roberto","Est. tempo de leitura":"2 minutos"},"schema":{"@context":"https:\/\/schema.org","@graph":[{"@type":"Article","@id":"https:\/\/regiaonews.net.br\/2022\/2021\/07\/05\/brasil-vence-o-peru-e-chega-a-decisao-da-copa-america\/#article","isPartOf":{"@id":"https:\/\/regiaonews.net.br\/2022\/2021\/07\/05\/brasil-vence-o-peru-e-chega-a-decisao-da-copa-america\/"},"author":{"name":"Roberto","@id":"https:\/\/regiaonews.net.br\/2022\/#\/schema\/person\/2d205a608a5aa97ac279d7a5e6d89ad8"},"headline":"Brasil vence o Peru e chega a decis\u00e3o da Copa Am\u00e9rica","datePublished":"2021-07-06T01:46:10+00:00","dateModified":"2021-07-06T14:43:56+00:00","mainEntityOfPage":{"@id":"https:\/\/regiaonews.net.br\/2022\/2021\/07\/05\/brasil-vence-o-peru-e-chega-a-decisao-da-copa-america\/"},"wordCount":509,"commentCount":0,"publisher":{"@id":"https:\/\/regiaonews.net.br\/2022\/#organization"},"image":{"@id":"https:\/\/regiaonews.net.br\/2022\/2021\/07\/05\/brasil-vence-o-peru-e-chega-a-decisao-da-copa-america\/#primaryimage"},"thumbnailUrl":"https:\/\/regiaonews.net.br\/2022\/wp-content\/uploads\/2021\/07\/20210705205543_31.jpeg","articleSection":["Copa Am\u00e9rica","Esporte","Rio de Janeiro"],"inLanguage":"pt-BR","potentialAction":[{"@type":"CommentAction","name":"Comment","target":["https:\/\/regiaonews.net.br\/2022\/2021\/07\/05\/brasil-vence-o-peru-e-chega-a-decisao-da-copa-america\/#respond"]}]},{"@type":"WebPage","@id":"https:\/\/regiaonews.net.br\/2022\/2021\/07\/05\/brasil-vence-o-peru-e-chega-a-decisao-da-copa-america\/","url":"https:\/\/regiaonews.net.br\/2022\/2021\/07\/05\/brasil-vence-o-peru-e-chega-a-decisao-da-copa-america\/","name":"Brasil vence o Peru e chega a decis\u00e3o da Copa Am\u00e9rica - Regi\u00e3o News","isPartOf":{"@id":"https:\/\/regiaonews.net.br\/2022\/#website"},"primaryImageOfPage":{"@id":"https:\/\/regiaonews.net.br\/2022\/2021\/07\/05\/brasil-vence-o-peru-e-chega-a-decisao-da-copa-america\/#primaryimage"},"image":{"@id":"https:\/\/regiaonews.net.br\/2022\/2021\/07\/05\/brasil-vence-o-peru-e-chega-a-decisao-da-copa-america\/#primaryimage"},"thumbnailUrl":"https:\/\/regiaonews.net.br\/2022\/wp-content\/uploads\/2021\/07\/20210705205543_31.jpeg","datePublished":"2021-07-06T01:46:10+00:00","dateModified":"2021-07-06T14:43:56+00:00","breadcrumb":{"@id":"https:\/\/regiaonews.net.br\/2022\/2021\/07\/05\/brasil-vence-o-peru-e-chega-a-decisao-da-copa-america\/#breadcrumb"},"inLanguage":"pt-BR","potentialAction":[{"@type":"ReadAction","target":["https:\/\/regiaonews.net.br\/2022\/2021\/07\/05\/brasil-vence-o-peru-e-chega-a-decisao-da-copa-america\/"]}]},{"@type":"ImageObject","inLanguage":"pt-BR","@id":"https:\/\/regiaonews.net.br\/2022\/2021\/07\/05\/brasil-vence-o-peru-e-chega-a-decisao-da-copa-america\/#primaryimage","url":"https:\/\/regiaonews.net.br\/2022\/wp-content\/uploads\/2021\/07\/20210705205543_31.jpeg","contentUrl":"https:\/\/regiaonews.net.br\/2022\/wp-content\/uploads\/2021\/07\/20210705205543_31.jpeg","width":620,"height":620},{"@type":"BreadcrumbList","@id":"https:\/\/regiaonews.net.br\/2022\/2021\/07\/05\/brasil-vence-o-peru-e-chega-a-decisao-da-copa-america\/#breadcrumb","itemListElement":[{"@type":"ListItem","position":1,"name":"In\u00edcio","item":"https:\/\/regiaonews.net.br\/2022\/"},{"@type":"ListItem","position":2,"name":"Brasil vence o Peru e chega a decis\u00e3o da Copa Am\u00e9rica"}]},{"@type":"WebSite","@id":"https:\/\/regiaonews.net.br\/2022\/#website","url":"https:\/\/regiaonews.net.br\/2022\/","name":"Regi\u00e3o News","description":"Site de Not\u00edcias de Barretos e regi\u00e3o","publisher":{"@id":"https:\/\/regiaonews.net.br\/2022\/#organization"},"potentialAction":[{"@type":"SearchAction","target":{"@type":"EntryPoint","urlTemplate":"https:\/\/regiaonews.net.br\/2022\/?s={search_term_string}"},"query-input":{"@type":"PropertyValueSpecification","valueRequired":true,"valueName":"search_term_string"}}],"inLanguage":"pt-BR"},{"@type":"Organization","@id":"https:\/\/regiaonews.net.br\/2022\/#organization","name":"Regi\u00e3o News","url":"https:\/\/regiaonews.net.br\/2022\/","logo":{"@type":"ImageObject","inLanguage":"pt-BR","@id":"https:\/\/regiaonews.net.br\/2022\/#\/schema\/logo\/image\/","url":"https:\/\/regiaonews.net.br\/2022\/wp-content\/uploads\/2026\/03\/regiao-13-anos-scaled.jpg","contentUrl":"https:\/\/regiaonews.net.br\/2022\/wp-content\/uploads\/2026\/03\/regiao-13-anos-scaled.jpg","width":2560,"height":635,"caption":"Regi\u00e3o News"},"image":{"@id":"https:\/\/regiaonews.net.br\/2022\/#\/schema\/logo\/image\/"}},{"@type":"Person","@id":"https:\/\/regiaonews.net.br\/2022\/#\/schema\/person\/2d205a608a5aa97ac279d7a5e6d89ad8","name":"Roberto","image":{"@type":"ImageObject","inLanguage":"pt-BR","@id":"https:\/\/secure.gravatar.com\/avatar\/42749d8b712ff9d59ca93dc150494e5b55a44134482993f5baeb97e61b7ecc89?s=96&d=mm&r=g","url":"https:\/\/secure.gravatar.com\/avatar\/42749d8b712ff9d59ca93dc150494e5b55a44134482993f5baeb97e61b7ecc89?s=96&d=mm&r=g","contentUrl":"https:\/\/secure.gravatar.com\/avatar\/42749d8b712ff9d59ca93dc150494e5b55a44134482993f5baeb97e61b7ecc89?s=96&d=mm&r=g","caption":"Roberto"},"url":"https:\/\/regiaonews.net.br\/2022\/author\/roberto\/"}]}},"publishpress_future_action":{"enabled":false,"date":"2026-05-02 03:44:38","action":"change-status","newStatus":"draft","terms":[],"taxonomy":"category","extraData":[]},"publishpress_future_workflow_manual_trigger":{"enabledWorkflows":[]},"_links":{"self":[{"href":"https:\/\/regiaonews.net.br\/2022\/wp-json\/wp\/v2\/posts\/49800","targetHints":{"allow":["GET"]}}],"collection":[{"href":"https:\/\/regiaonews.net.br\/2022\/wp-json\/wp\/v2\/posts"}],"about":[{"href":"https:\/\/regiaonews.net.br\/2022\/wp-json\/wp\/v2\/types\/post"}],"author":[{"embeddable":true,"href":"https:\/\/regiaonews.net.br\/2022\/wp-json\/wp\/v2\/users\/2"}],"replies":[{"embeddable":true,"href":"https:\/\/regiaonews.net.br\/2022\/wp-json\/wp\/v2\/comments?post=49800"}],"version-history":[{"count":0,"href":"https:\/\/regiaonews.net.br\/2022\/wp-json\/wp\/v2\/posts\/49800\/revisions"}],"wp:featuredmedia":[{"embeddable":true,"href":"https:\/\/regiaonews.net.br\/2022\/wp-json\/wp\/v2\/media\/49801"}],"wp:attachment":[{"href":"https:\/\/regiaonews.net.br\/2022\/wp-json\/wp\/v2\/media?parent=49800"}],"wp:term":[{"taxonomy":"category","embeddable":true,"href":"https:\/\/regiaonews.net.br\/2022\/wp-json\/wp\/v2\/categories?post=49800"},{"taxonomy":"post_tag","embeddable":true,"href":"https:\/\/regiaonews.net.br\/2022\/wp-json\/wp\/v2\/tags?post=49800"}],"curies":[{"name":"wp","href":"https:\/\/api.w.org\/{rel}","templated":true}]}}