{"id":49472,"date":"2021-06-29T19:13:40","date_gmt":"2021-06-29T22:13:40","guid":{"rendered":"https:\/\/regiaonews.net.br\/2022\/?p=49472"},"modified":"2021-06-29T19:13:40","modified_gmt":"2021-06-29T22:13:40","slug":"forca-tarefa-de-fiscalizacao-apurou-772-denuncias-entre-dias-19-e-27-de-junho","status":"publish","type":"post","link":"https:\/\/regiaonews.net.br\/2022\/2021\/06\/29\/forca-tarefa-de-fiscalizacao-apurou-772-denuncias-entre-dias-19-e-27-de-junho\/","title":{"rendered":"For\u00e7a-tarefa de fiscaliza\u00e7\u00e3o apurou 772 den\u00fancias entre dias 19 e 27 de junho"},"content":{"rendered":"<p><a href=\"https:\/\/regiaonews.net.br\/2022\/wp-content\/uploads\/2021\/06\/MON4227.jpg\"><img loading=\"lazy\" decoding=\"async\" class=\"alignnone size-medium wp-image-49473\" src=\"https:\/\/regiaonews.net.br\/2022\/wp-content\/uploads\/2021\/06\/MON4227-300x200.jpg\" alt=\"\" width=\"300\" height=\"200\" \/><\/a> <a href=\"https:\/\/regiaonews.net.br\/2022\/wp-content\/uploads\/2021\/06\/MON4610.jpg\"><img loading=\"lazy\" decoding=\"async\" class=\"alignnone size-medium wp-image-49474\" src=\"https:\/\/regiaonews.net.br\/2022\/wp-content\/uploads\/2021\/06\/MON4610-300x200.jpg\" alt=\"\" width=\"300\" height=\"200\" \/><\/a><\/p>\n<p>A for\u00e7a-tarefa da Prefeitura de Barretos em parceria com a Pol\u00edcia Militar apurou 772 den\u00fancias de descumprimento do decreto municipal que estabeleceu medidas restritivas excepcionais entre os dias 19 e 27 de junho.<br \/>\nEssas a\u00e7\u00f5es resultaram em 65 autos de infra\u00e7\u00e3o, sendo 19 referentes a festas e aglomera\u00e7\u00f5es. Foram 285 estabelecimentos comerciais vistoriados durante esse per\u00edodo, sendo apreendidos 14 fardos de bebidas alco\u00f3licas e 11 pacotes de farin\u00e1cea vencidos. Ainda dentro dessas den\u00fancias recebidas, 173 eram sem proced\u00eancia.<br \/>\nAl\u00e9m disso, a for\u00e7a-tarefa esteve 24 horas por dia verificando a entrada e sa\u00edda de ve\u00edculos e pessoas da cidade. \u201cAgrade\u00e7o imensamente ao trabalho de todos os envolvidos contribuindo para ajudar a preservar vidas e a garantir que as medidas necess\u00e1rias para a conten\u00e7\u00e3o da Covid-19 fossem respeitadas\u201d, comentou a prefeita Paula Lemos.<\/p>\n","protected":false},"excerpt":{"rendered":"<p>A for\u00e7a-tarefa da Prefeitura de Barretos em parceria com a<\/p>\n","protected":false},"author":2,"featured_media":49473,"comment_status":"open","ping_status":"open","sticky":false,"template":"","format":"standard","meta":{"footnotes":""},"categories":[14,25],"tags":[],"class_list":["post-49472","post","type-post","status-publish","format-standard","has-post-thumbnail","hentry","category-barretos","category-cidades"],"yoast_head":"<!-- This site is optimized with the Yoast SEO plugin v27.4 - https:\/\/yoast.com\/product\/yoast-seo-wordpress\/ -->\n<title>For\u00e7a-tarefa de fiscaliza\u00e7\u00e3o apurou 772 den\u00fancias entre dias 19 e 27 de junho - Regi\u00e3o News<\/title>\n<meta name=\"robots\" content=\"index, follow, max-snippet:-1, max-image-preview:large, max-video-preview:-1\" \/>\n<link rel=\"canonical\" href=\"https:\/\/regiaonews.net.br\/2022\/2021\/06\/29\/forca-tarefa-de-fiscalizacao-apurou-772-denuncias-entre-dias-19-e-27-de-junho\/\" \/>\n<meta property=\"og:locale\" content=\"pt_BR\" \/>\n<meta property=\"og:type\" content=\"article\" \/>\n<meta property=\"og:title\" content=\"For\u00e7a-tarefa de fiscaliza\u00e7\u00e3o apurou 772 den\u00fancias entre dias 19 e 27 de junho - Regi\u00e3o News\" \/>\n<meta property=\"og:description\" content=\"A for\u00e7a-tarefa da Prefeitura de Barretos em parceria com a\" \/>\n<meta property=\"og:url\" content=\"https:\/\/regiaonews.net.br\/2022\/2021\/06\/29\/forca-tarefa-de-fiscalizacao-apurou-772-denuncias-entre-dias-19-e-27-de-junho\/\" \/>\n<meta property=\"og:site_name\" content=\"Regi\u00e3o News\" \/>\n<meta property=\"article:published_time\" content=\"2021-06-29T22:13:40+00:00\" \/>\n<meta property=\"og:image\" content=\"https:\/\/regiaonews.net.br\/2022\/wp-content\/uploads\/2021\/06\/MON4227.jpg\" \/>\n\t<meta property=\"og:image:width\" content=\"2000\" \/>\n\t<meta property=\"og:image:height\" content=\"1335\" \/>\n\t<meta property=\"og:image:type\" content=\"image\/jpeg\" \/>\n<meta name=\"author\" content=\"Roberto\" \/>\n<meta name=\"twitter:card\" content=\"summary_large_image\" \/>\n<meta name=\"twitter:label1\" content=\"Escrito por\" \/>\n\t<meta name=\"twitter:data1\" content=\"Roberto\" \/>\n\t<meta name=\"twitter:label2\" content=\"Est. tempo de leitura\" \/>\n\t<meta name=\"twitter:data2\" content=\"1 minuto\" \/>\n<script type=\"application\/ld+json\" class=\"yoast-schema-graph\">{\"@context\":\"https:\\\/\\\/schema.org\",\"@graph\":[{\"@type\":\"Article\",\"@id\":\"https:\\\/\\\/regiaonews.net.br\\\/2022\\\/2021\\\/06\\\/29\\\/forca-tarefa-de-fiscalizacao-apurou-772-denuncias-entre-dias-19-e-27-de-junho\\\/#article\",\"isPartOf\":{\"@id\":\"https:\\\/\\\/regiaonews.net.br\\\/2022\\\/2021\\\/06\\\/29\\\/forca-tarefa-de-fiscalizacao-apurou-772-denuncias-entre-dias-19-e-27-de-junho\\\/\"},\"author\":{\"name\":\"Roberto\",\"@id\":\"https:\\\/\\\/regiaonews.net.br\\\/2022\\\/#\\\/schema\\\/person\\\/2d205a608a5aa97ac279d7a5e6d89ad8\"},\"headline\":\"For\u00e7a-tarefa de fiscaliza\u00e7\u00e3o apurou 772 den\u00fancias entre dias 19 e 27 de junho\",\"datePublished\":\"2021-06-29T22:13:40+00:00\",\"mainEntityOfPage\":{\"@id\":\"https:\\\/\\\/regiaonews.net.br\\\/2022\\\/2021\\\/06\\\/29\\\/forca-tarefa-de-fiscalizacao-apurou-772-denuncias-entre-dias-19-e-27-de-junho\\\/\"},\"wordCount\":152,\"commentCount\":0,\"publisher\":{\"@id\":\"https:\\\/\\\/regiaonews.net.br\\\/2022\\\/#organization\"},\"image\":{\"@id\":\"https:\\\/\\\/regiaonews.net.br\\\/2022\\\/2021\\\/06\\\/29\\\/forca-tarefa-de-fiscalizacao-apurou-772-denuncias-entre-dias-19-e-27-de-junho\\\/#primaryimage\"},\"thumbnailUrl\":\"https:\\\/\\\/regiaonews.net.br\\\/2022\\\/wp-content\\\/uploads\\\/2021\\\/06\\\/MON4227.jpg\",\"articleSection\":[\"Barretos\",\"Cidades\"],\"inLanguage\":\"pt-BR\",\"potentialAction\":[{\"@type\":\"CommentAction\",\"name\":\"Comment\",\"target\":[\"https:\\\/\\\/regiaonews.net.br\\\/2022\\\/2021\\\/06\\\/29\\\/forca-tarefa-de-fiscalizacao-apurou-772-denuncias-entre-dias-19-e-27-de-junho\\\/#respond\"]}]},{\"@type\":\"WebPage\",\"@id\":\"https:\\\/\\\/regiaonews.net.br\\\/2022\\\/2021\\\/06\\\/29\\\/forca-tarefa-de-fiscalizacao-apurou-772-denuncias-entre-dias-19-e-27-de-junho\\\/\",\"url\":\"https:\\\/\\\/regiaonews.net.br\\\/2022\\\/2021\\\/06\\\/29\\\/forca-tarefa-de-fiscalizacao-apurou-772-denuncias-entre-dias-19-e-27-de-junho\\\/\",\"name\":\"For\u00e7a-tarefa de fiscaliza\u00e7\u00e3o apurou 772 den\u00fancias entre dias 19 e 27 de junho - Regi\u00e3o News\",\"isPartOf\":{\"@id\":\"https:\\\/\\\/regiaonews.net.br\\\/2022\\\/#website\"},\"primaryImageOfPage\":{\"@id\":\"https:\\\/\\\/regiaonews.net.br\\\/2022\\\/2021\\\/06\\\/29\\\/forca-tarefa-de-fiscalizacao-apurou-772-denuncias-entre-dias-19-e-27-de-junho\\\/#primaryimage\"},\"image\":{\"@id\":\"https:\\\/\\\/regiaonews.net.br\\\/2022\\\/2021\\\/06\\\/29\\\/forca-tarefa-de-fiscalizacao-apurou-772-denuncias-entre-dias-19-e-27-de-junho\\\/#primaryimage\"},\"thumbnailUrl\":\"https:\\\/\\\/regiaonews.net.br\\\/2022\\\/wp-content\\\/uploads\\\/2021\\\/06\\\/MON4227.jpg\",\"datePublished\":\"2021-06-29T22:13:40+00:00\",\"breadcrumb\":{\"@id\":\"https:\\\/\\\/regiaonews.net.br\\\/2022\\\/2021\\\/06\\\/29\\\/forca-tarefa-de-fiscalizacao-apurou-772-denuncias-entre-dias-19-e-27-de-junho\\\/#breadcrumb\"},\"inLanguage\":\"pt-BR\",\"potentialAction\":[{\"@type\":\"ReadAction\",\"target\":[\"https:\\\/\\\/regiaonews.net.br\\\/2022\\\/2021\\\/06\\\/29\\\/forca-tarefa-de-fiscalizacao-apurou-772-denuncias-entre-dias-19-e-27-de-junho\\\/\"]}]},{\"@type\":\"ImageObject\",\"inLanguage\":\"pt-BR\",\"@id\":\"https:\\\/\\\/regiaonews.net.br\\\/2022\\\/2021\\\/06\\\/29\\\/forca-tarefa-de-fiscalizacao-apurou-772-denuncias-entre-dias-19-e-27-de-junho\\\/#primaryimage\",\"url\":\"https:\\\/\\\/regiaonews.net.br\\\/2022\\\/wp-content\\\/uploads\\\/2021\\\/06\\\/MON4227.jpg\",\"contentUrl\":\"https:\\\/\\\/regiaonews.net.br\\\/2022\\\/wp-content\\\/uploads\\\/2021\\\/06\\\/MON4227.jpg\",\"width\":2000,\"height\":1335},{\"@type\":\"BreadcrumbList\",\"@id\":\"https:\\\/\\\/regiaonews.net.br\\\/2022\\\/2021\\\/06\\\/29\\\/forca-tarefa-de-fiscalizacao-apurou-772-denuncias-entre-dias-19-e-27-de-junho\\\/#breadcrumb\",\"itemListElement\":[{\"@type\":\"ListItem\",\"position\":1,\"name\":\"In\u00edcio\",\"item\":\"https:\\\/\\\/regiaonews.net.br\\\/2022\\\/\"},{\"@type\":\"ListItem\",\"position\":2,\"name\":\"For\u00e7a-tarefa de fiscaliza\u00e7\u00e3o apurou 772 den\u00fancias entre dias 19 e 27 de junho\"}]},{\"@type\":\"WebSite\",\"@id\":\"https:\\\/\\\/regiaonews.net.br\\\/2022\\\/#website\",\"url\":\"https:\\\/\\\/regiaonews.net.br\\\/2022\\\/\",\"name\":\"Regi\u00e3o News\",\"description\":\"Site de Not\u00edcias de Barretos e regi\u00e3o\",\"publisher\":{\"@id\":\"https:\\\/\\\/regiaonews.net.br\\\/2022\\\/#organization\"},\"potentialAction\":[{\"@type\":\"SearchAction\",\"target\":{\"@type\":\"EntryPoint\",\"urlTemplate\":\"https:\\\/\\\/regiaonews.net.br\\\/2022\\\/?s={search_term_string}\"},\"query-input\":{\"@type\":\"PropertyValueSpecification\",\"valueRequired\":true,\"valueName\":\"search_term_string\"}}],\"inLanguage\":\"pt-BR\"},{\"@type\":\"Organization\",\"@id\":\"https:\\\/\\\/regiaonews.net.br\\\/2022\\\/#organization\",\"name\":\"Regi\u00e3o News\",\"url\":\"https:\\\/\\\/regiaonews.net.br\\\/2022\\\/\",\"logo\":{\"@type\":\"ImageObject\",\"inLanguage\":\"pt-BR\",\"@id\":\"https:\\\/\\\/regiaonews.net.br\\\/2022\\\/#\\\/schema\\\/logo\\\/image\\\/\",\"url\":\"https:\\\/\\\/regiaonews.net.br\\\/2022\\\/wp-content\\\/uploads\\\/2026\\\/03\\\/regiao-13-anos-scaled.jpg\",\"contentUrl\":\"https:\\\/\\\/regiaonews.net.br\\\/2022\\\/wp-content\\\/uploads\\\/2026\\\/03\\\/regiao-13-anos-scaled.jpg\",\"width\":2560,\"height\":635,\"caption\":\"Regi\u00e3o News\"},\"image\":{\"@id\":\"https:\\\/\\\/regiaonews.net.br\\\/2022\\\/#\\\/schema\\\/logo\\\/image\\\/\"}},{\"@type\":\"Person\",\"@id\":\"https:\\\/\\\/regiaonews.net.br\\\/2022\\\/#\\\/schema\\\/person\\\/2d205a608a5aa97ac279d7a5e6d89ad8\",\"name\":\"Roberto\",\"image\":{\"@type\":\"ImageObject\",\"inLanguage\":\"pt-BR\",\"@id\":\"https:\\\/\\\/secure.gravatar.com\\\/avatar\\\/42749d8b712ff9d59ca93dc150494e5b55a44134482993f5baeb97e61b7ecc89?s=96&d=mm&r=g\",\"url\":\"https:\\\/\\\/secure.gravatar.com\\\/avatar\\\/42749d8b712ff9d59ca93dc150494e5b55a44134482993f5baeb97e61b7ecc89?s=96&d=mm&r=g\",\"contentUrl\":\"https:\\\/\\\/secure.gravatar.com\\\/avatar\\\/42749d8b712ff9d59ca93dc150494e5b55a44134482993f5baeb97e61b7ecc89?s=96&d=mm&r=g\",\"caption\":\"Roberto\"},\"url\":\"https:\\\/\\\/regiaonews.net.br\\\/2022\\\/author\\\/roberto\\\/\"}]}<\/script>\n<!-- \/ Yoast SEO plugin. -->","yoast_head_json":{"title":"For\u00e7a-tarefa de fiscaliza\u00e7\u00e3o apurou 772 den\u00fancias entre dias 19 e 27 de junho - Regi\u00e3o News","robots":{"index":"index","follow":"follow","max-snippet":"max-snippet:-1","max-image-preview":"max-image-preview:large","max-video-preview":"max-video-preview:-1"},"canonical":"https:\/\/regiaonews.net.br\/2022\/2021\/06\/29\/forca-tarefa-de-fiscalizacao-apurou-772-denuncias-entre-dias-19-e-27-de-junho\/","og_locale":"pt_BR","og_type":"article","og_title":"For\u00e7a-tarefa de fiscaliza\u00e7\u00e3o apurou 772 den\u00fancias entre dias 19 e 27 de junho - Regi\u00e3o News","og_description":"A for\u00e7a-tarefa da Prefeitura de Barretos em parceria com a","og_url":"https:\/\/regiaonews.net.br\/2022\/2021\/06\/29\/forca-tarefa-de-fiscalizacao-apurou-772-denuncias-entre-dias-19-e-27-de-junho\/","og_site_name":"Regi\u00e3o News","article_published_time":"2021-06-29T22:13:40+00:00","og_image":[{"width":2000,"height":1335,"url":"https:\/\/regiaonews.net.br\/2022\/wp-content\/uploads\/2021\/06\/MON4227.jpg","type":"image\/jpeg"}],"author":"Roberto","twitter_card":"summary_large_image","twitter_misc":{"Escrito por":"Roberto","Est. tempo de leitura":"1 minuto"},"schema":{"@context":"https:\/\/schema.org","@graph":[{"@type":"Article","@id":"https:\/\/regiaonews.net.br\/2022\/2021\/06\/29\/forca-tarefa-de-fiscalizacao-apurou-772-denuncias-entre-dias-19-e-27-de-junho\/#article","isPartOf":{"@id":"https:\/\/regiaonews.net.br\/2022\/2021\/06\/29\/forca-tarefa-de-fiscalizacao-apurou-772-denuncias-entre-dias-19-e-27-de-junho\/"},"author":{"name":"Roberto","@id":"https:\/\/regiaonews.net.br\/2022\/#\/schema\/person\/2d205a608a5aa97ac279d7a5e6d89ad8"},"headline":"For\u00e7a-tarefa de fiscaliza\u00e7\u00e3o apurou 772 den\u00fancias entre dias 19 e 27 de junho","datePublished":"2021-06-29T22:13:40+00:00","mainEntityOfPage":{"@id":"https:\/\/regiaonews.net.br\/2022\/2021\/06\/29\/forca-tarefa-de-fiscalizacao-apurou-772-denuncias-entre-dias-19-e-27-de-junho\/"},"wordCount":152,"commentCount":0,"publisher":{"@id":"https:\/\/regiaonews.net.br\/2022\/#organization"},"image":{"@id":"https:\/\/regiaonews.net.br\/2022\/2021\/06\/29\/forca-tarefa-de-fiscalizacao-apurou-772-denuncias-entre-dias-19-e-27-de-junho\/#primaryimage"},"thumbnailUrl":"https:\/\/regiaonews.net.br\/2022\/wp-content\/uploads\/2021\/06\/MON4227.jpg","articleSection":["Barretos","Cidades"],"inLanguage":"pt-BR","potentialAction":[{"@type":"CommentAction","name":"Comment","target":["https:\/\/regiaonews.net.br\/2022\/2021\/06\/29\/forca-tarefa-de-fiscalizacao-apurou-772-denuncias-entre-dias-19-e-27-de-junho\/#respond"]}]},{"@type":"WebPage","@id":"https:\/\/regiaonews.net.br\/2022\/2021\/06\/29\/forca-tarefa-de-fiscalizacao-apurou-772-denuncias-entre-dias-19-e-27-de-junho\/","url":"https:\/\/regiaonews.net.br\/2022\/2021\/06\/29\/forca-tarefa-de-fiscalizacao-apurou-772-denuncias-entre-dias-19-e-27-de-junho\/","name":"For\u00e7a-tarefa de fiscaliza\u00e7\u00e3o apurou 772 den\u00fancias entre dias 19 e 27 de junho - Regi\u00e3o News","isPartOf":{"@id":"https:\/\/regiaonews.net.br\/2022\/#website"},"primaryImageOfPage":{"@id":"https:\/\/regiaonews.net.br\/2022\/2021\/06\/29\/forca-tarefa-de-fiscalizacao-apurou-772-denuncias-entre-dias-19-e-27-de-junho\/#primaryimage"},"image":{"@id":"https:\/\/regiaonews.net.br\/2022\/2021\/06\/29\/forca-tarefa-de-fiscalizacao-apurou-772-denuncias-entre-dias-19-e-27-de-junho\/#primaryimage"},"thumbnailUrl":"https:\/\/regiaonews.net.br\/2022\/wp-content\/uploads\/2021\/06\/MON4227.jpg","datePublished":"2021-06-29T22:13:40+00:00","breadcrumb":{"@id":"https:\/\/regiaonews.net.br\/2022\/2021\/06\/29\/forca-tarefa-de-fiscalizacao-apurou-772-denuncias-entre-dias-19-e-27-de-junho\/#breadcrumb"},"inLanguage":"pt-BR","potentialAction":[{"@type":"ReadAction","target":["https:\/\/regiaonews.net.br\/2022\/2021\/06\/29\/forca-tarefa-de-fiscalizacao-apurou-772-denuncias-entre-dias-19-e-27-de-junho\/"]}]},{"@type":"ImageObject","inLanguage":"pt-BR","@id":"https:\/\/regiaonews.net.br\/2022\/2021\/06\/29\/forca-tarefa-de-fiscalizacao-apurou-772-denuncias-entre-dias-19-e-27-de-junho\/#primaryimage","url":"https:\/\/regiaonews.net.br\/2022\/wp-content\/uploads\/2021\/06\/MON4227.jpg","contentUrl":"https:\/\/regiaonews.net.br\/2022\/wp-content\/uploads\/2021\/06\/MON4227.jpg","width":2000,"height":1335},{"@type":"BreadcrumbList","@id":"https:\/\/regiaonews.net.br\/2022\/2021\/06\/29\/forca-tarefa-de-fiscalizacao-apurou-772-denuncias-entre-dias-19-e-27-de-junho\/#breadcrumb","itemListElement":[{"@type":"ListItem","position":1,"name":"In\u00edcio","item":"https:\/\/regiaonews.net.br\/2022\/"},{"@type":"ListItem","position":2,"name":"For\u00e7a-tarefa de fiscaliza\u00e7\u00e3o apurou 772 den\u00fancias entre dias 19 e 27 de junho"}]},{"@type":"WebSite","@id":"https:\/\/regiaonews.net.br\/2022\/#website","url":"https:\/\/regiaonews.net.br\/2022\/","name":"Regi\u00e3o News","description":"Site de Not\u00edcias de Barretos e regi\u00e3o","publisher":{"@id":"https:\/\/regiaonews.net.br\/2022\/#organization"},"potentialAction":[{"@type":"SearchAction","target":{"@type":"EntryPoint","urlTemplate":"https:\/\/regiaonews.net.br\/2022\/?s={search_term_string}"},"query-input":{"@type":"PropertyValueSpecification","valueRequired":true,"valueName":"search_term_string"}}],"inLanguage":"pt-BR"},{"@type":"Organization","@id":"https:\/\/regiaonews.net.br\/2022\/#organization","name":"Regi\u00e3o News","url":"https:\/\/regiaonews.net.br\/2022\/","logo":{"@type":"ImageObject","inLanguage":"pt-BR","@id":"https:\/\/regiaonews.net.br\/2022\/#\/schema\/logo\/image\/","url":"https:\/\/regiaonews.net.br\/2022\/wp-content\/uploads\/2026\/03\/regiao-13-anos-scaled.jpg","contentUrl":"https:\/\/regiaonews.net.br\/2022\/wp-content\/uploads\/2026\/03\/regiao-13-anos-scaled.jpg","width":2560,"height":635,"caption":"Regi\u00e3o News"},"image":{"@id":"https:\/\/regiaonews.net.br\/2022\/#\/schema\/logo\/image\/"}},{"@type":"Person","@id":"https:\/\/regiaonews.net.br\/2022\/#\/schema\/person\/2d205a608a5aa97ac279d7a5e6d89ad8","name":"Roberto","image":{"@type":"ImageObject","inLanguage":"pt-BR","@id":"https:\/\/secure.gravatar.com\/avatar\/42749d8b712ff9d59ca93dc150494e5b55a44134482993f5baeb97e61b7ecc89?s=96&d=mm&r=g","url":"https:\/\/secure.gravatar.com\/avatar\/42749d8b712ff9d59ca93dc150494e5b55a44134482993f5baeb97e61b7ecc89?s=96&d=mm&r=g","contentUrl":"https:\/\/secure.gravatar.com\/avatar\/42749d8b712ff9d59ca93dc150494e5b55a44134482993f5baeb97e61b7ecc89?s=96&d=mm&r=g","caption":"Roberto"},"url":"https:\/\/regiaonews.net.br\/2022\/author\/roberto\/"}]}},"publishpress_future_action":{"enabled":false,"date":"2026-05-02 02:34:30","action":"change-status","newStatus":"draft","terms":[],"taxonomy":"category","extraData":[]},"publishpress_future_workflow_manual_trigger":{"enabledWorkflows":[]},"_links":{"self":[{"href":"https:\/\/regiaonews.net.br\/2022\/wp-json\/wp\/v2\/posts\/49472","targetHints":{"allow":["GET"]}}],"collection":[{"href":"https:\/\/regiaonews.net.br\/2022\/wp-json\/wp\/v2\/posts"}],"about":[{"href":"https:\/\/regiaonews.net.br\/2022\/wp-json\/wp\/v2\/types\/post"}],"author":[{"embeddable":true,"href":"https:\/\/regiaonews.net.br\/2022\/wp-json\/wp\/v2\/users\/2"}],"replies":[{"embeddable":true,"href":"https:\/\/regiaonews.net.br\/2022\/wp-json\/wp\/v2\/comments?post=49472"}],"version-history":[{"count":0,"href":"https:\/\/regiaonews.net.br\/2022\/wp-json\/wp\/v2\/posts\/49472\/revisions"}],"wp:featuredmedia":[{"embeddable":true,"href":"https:\/\/regiaonews.net.br\/2022\/wp-json\/wp\/v2\/media\/49473"}],"wp:attachment":[{"href":"https:\/\/regiaonews.net.br\/2022\/wp-json\/wp\/v2\/media?parent=49472"}],"wp:term":[{"taxonomy":"category","embeddable":true,"href":"https:\/\/regiaonews.net.br\/2022\/wp-json\/wp\/v2\/categories?post=49472"},{"taxonomy":"post_tag","embeddable":true,"href":"https:\/\/regiaonews.net.br\/2022\/wp-json\/wp\/v2\/tags?post=49472"}],"curies":[{"name":"wp","href":"https:\/\/api.w.org\/{rel}","templated":true}]}}