{"id":49460,"date":"2021-06-29T19:02:16","date_gmt":"2021-06-29T22:02:16","guid":{"rendered":"https:\/\/regiaonews.net.br\/2022\/?p=49460"},"modified":"2021-06-29T23:21:20","modified_gmt":"2021-06-30T02:21:20","slug":"semana-farroupilha-e-o-tema-da-penultima-live-do-projeto-virtual-do-sesc-ribeirao","status":"publish","type":"post","link":"https:\/\/regiaonews.net.br\/2022\/2021\/06\/29\/semana-farroupilha-e-o-tema-da-penultima-live-do-projeto-virtual-do-sesc-ribeirao\/","title":{"rendered":"\u2018Semana Farroupilha\u2019 \u00e9 o tema da pen\u00faltima live do projeto virtual do Sesc Ribeir\u00e3o"},"content":{"rendered":"<div>\n<blockquote>\n<p class=\"ql-align-center\"><a href=\"https:\/\/regiaonews.net.br\/2022\/wp-content\/uploads\/2021\/06\/c5d0a1bb-da38-494b-af5a-5fbc0a5c1bfd.png\"><img loading=\"lazy\" decoding=\"async\" class=\"alignnone size-medium wp-image-49461\" src=\"https:\/\/regiaonews.net.br\/2022\/wp-content\/uploads\/2021\/06\/c5d0a1bb-da38-494b-af5a-5fbc0a5c1bfd-300x197.png\" alt=\"\" width=\"300\" height=\"197\" \/><\/a><\/p>\n<\/blockquote>\n<\/div>\n<div>\n<p class=\"ql-align-center\"><em>Nesta quinta-feira (01\/07), \u00e0s 19h30, no YouTube, o bate-papo do \u2018Brasil Vivo! Festas, Tradi\u00e7\u00f5es e Cultura Popular\u2019 ser\u00e1 sobre o evento que celebra os costumes e as tradi\u00e7\u00f5es ga\u00fachas<\/em><\/p>\n<\/div>\n<div>\n<p class=\"ql-align-justify\">O Sesc Ribeir\u00e3o Preto apresenta nesta quinta-feira (01\/07), \u00e0s 19h30, no canal do YouTube (<a href=\"https:\/\/youtube.com\/sescribeirao?fbclid=IwAR2xOOqqwXoxA9ZmYhNr3Pndqw9lhtIKux-ela-tG2oz8KJNLTkLDRu56n8\" target=\"_blank\" rel=\"noopener noreferrer\">YouTube.com\/sescribeirao<\/a>), a pen\u00faltima live do\u00a0projeto virtual \u201cBrasil Vivo! Festas, Tradi\u00e7\u00f5es e Cultura Popular\u201d. O\u00a0bate-papo ao vivo sobre a \u201cSemana Farroupilha\u201d de Porto Alegre, mediado pela produtora cultural Vandreza Freiria, ter\u00e1 participa\u00e7\u00e3o do ga\u00facho Lucas Negri (criador do projeto Linha Campeira) e\u00a0da\u00a0fot\u00f3grafa paulista, produtora audiovisual e curadora do projeto Andrea Goldschmidt.<\/p>\n<p class=\"ql-align-justify\">A Semana Farroupilha \u00e9 celebrada anualmente em v\u00e1rios munic\u00edpios do Rio Grande do Sul como forma de lembrar a Guerra dos Farrapos, considerada uma das mais significativas revoltas civis brasileiras contra o Imp\u00e9rio, que durou de 1835 a 1845. Durante os cerca de 30 dias que antecedem o 20 de setembro &#8211; anivers\u00e1rio da Revolu\u00e7\u00e3o Farroupilha -, os ga\u00fachos se re\u00fanem diariamente para reafirmar o sentimento de orgulho pelos h\u00e1bitos, costumes e tradi\u00e7\u00f5es do seu povo, com muita dan\u00e7a, m\u00fasica e churrasco. Na data, acontecem os desfiles em homenagem aos l\u00edderes e aos m\u00e1rtires da Revolu\u00e7\u00e3o.<\/p>\n<p class=\"ql-align-justify\">Andrea Goldschmidt j\u00e1 registrou 38 festas populares e manifesta\u00e7\u00f5es culturais e religiosas, em 13 estados diferentes. Seu ensaio sobre a Semana Farroupilha foi feito no Parque Maur\u00edcio Sirotski Sobrinho (Parque Harmonia), no centro de Porto Alegre, onde parte da popula\u00e7\u00e3o fica acampada e s\u00e3o montadas centenas de piquetes. A programa\u00e7\u00e3o social, c\u00edvica e cultural \u00e9 intensa, com destaque para os cavaleiros e damas vestidos com as roupas t\u00edpicas do s\u00e9culo 19.<\/p>\n<p class=\"ql-align-justify\">\u200bNa guerra, piquete \u00e9 o nome que se d\u00e1 ao lugar onde a tropa se re\u00fane para prestar servi\u00e7os eventualmente. E \u00e9 exatamente assim no Parque: tem sempre uma tropa dispon\u00edvel com muita alegria e comida farta para esperar os amigos que v\u00e3o participar da festa.<\/p>\n<p class=\"ql-align-justify\">\u201cMuitos desses piquetes t\u00eam o prenome de \u2018quer\u00eancia\u2019, que, no Rio Grande do Sul, \u00e9 como se chama o lugar onde o gado \u00e9 criado ou o lugar onde as pessoas nasceram. O gado, por ter pastado naquelas regi\u00f5es desde pequeno, tem uma tend\u00eancia instintiva de voltar para sua quer\u00eancia, que designa um lugar querido, especial, porque \u00e9 l\u00e1 que est\u00e3o seus afetos e sua hist\u00f3ria. Essa \u00e9 a ess\u00eancia dos piquetes e da festa\u201d, explica a fot\u00f3grafa.<\/p>\n<p class=\"ql-align-justify\">A fotografia art\u00edstica de Andrea Goldschmidt \u00e9 a base para os encontros virtuais &#8211; que tiveram in\u00edcio em 20 de maio e se encerram na quinta-feira, dia 8 de julho, com o tema \u201cProciss\u00e3o das Almas de Mariana\u201d (Minas Gerais) &#8211; sempre acompanhada de convidados locais das regi\u00f5es envolvidas, sendo uma oportunidade de conhecer um roteiro de turismo cultural.<\/p>\n<p class=\"ql-align-justify\">Nas lives, os internautas podem interagir mandando perguntas e ficar por dentro dos bastidores das manifesta\u00e7\u00f5es e tradi\u00e7\u00f5es brasileiras.\u00a0Nesta, em especial, o encontro vai abordar temas hist\u00f3ricos sobre a Revolu\u00e7\u00e3o Farroupilha, com muita \u201ccharla\u201d e as curiosidades do gloss\u00e1rio ga\u00facho com palavras t\u00edpicas da cultura como \u201cpilchado\u201d, \u201creagauchar\u201d, entre outros.<\/p>\n<p class=\"ql-align-justify\"><strong>O projeto<\/strong><\/p>\n<p class=\"ql-align-justify\">\u201cBrasil Vivo! Festas, Tradi\u00e7\u00f5es e Cultura Popular\u201d tem como objetivo estimular os participantes a fazer uma viagem virtual e encontrar um novo universo de refer\u00eancias culturais de um Brasil plural. O projeto integra uma iniciativa do Sesc S\u00e3o Paulo, denominada \u201cOutras Viagens\u201d,\u00a0em que os temas do turismo e das viagens s\u00e3o abordados em atividades sem deslocamento dos participantes.\u00a0Com\u00a0as restri\u00e7\u00f5es impostas pela pandemia da Covid-19, o Sesc Ribeir\u00e3o vem se dedicando ao planejamento de atividades virtuais que destacam a atividade tur\u00edstica.<\/p>\n<p class=\"ql-align-justify\">\u201cConvidamos os viajantes a experimentar novas formas de se relacionar consigo mesmos e com a hist\u00f3ria do pa\u00eds. Entende-se a educa\u00e7\u00e3o pelo turismo como momentos de desenvolvimento de conte\u00fados e aquisi\u00e7\u00e3o de conhecimentos, um processo cont\u00ednuo no qual os participantes interpretam a si mesmos e ao mundo ao seu redor, enquanto adquirem informa\u00e7\u00f5es por meio dos sentidos, de observa\u00e7\u00f5es e experi\u00eancias compartilhadas\u201d, diz Vitor Hugo Vieira, turism\u00f3logo e programador do Sesc Ribeir\u00e3o.<\/p>\n<p class=\"ql-align-justify\"><strong><em>Convidados \u2013 \u2018<\/em>Semana Farroupilha\u2019<\/strong><\/p>\n<p class=\"ql-align-justify\"><strong>\u00a0<\/strong><\/p>\n<p class=\"ql-align-justify\"><strong><em>Lucas Negri<\/em><\/strong><\/p>\n<p class=\"ql-align-justify\"><em>Um ga\u00facho apaixonado pela hist\u00f3ria, tradi\u00e7\u00f5es e cultura do pago. H\u00e1 alguns anos se dedica a compartilhar o sentimento \u201ctel\u00farico\u201d com as pessoas pela internet criando conte\u00fado cultural com linguagem acess\u00edvel pra todos, por meio do projeto Linha Campeira, que \u00e9 um programa de r\u00e1dio, podcast e redes sociais (Youtube, Instagram e Facebook). O canal atua com foco nas tradi\u00e7\u00f5es, m\u00fasica, dan\u00e7a, hist\u00f3ria, folclore e tudo que se diz respeito ao estilo de vida dos ga\u00fachos. Site:\u00a0<\/em><a href=\"https:\/\/linhacampeira.com\/\" target=\"_blank\" rel=\"noopener noreferrer\"><em>https:\/\/linhacampeira.com\/<\/em><\/a><em>.<\/em><\/p>\n<p class=\"ql-align-justify\"><em>\u00a0<\/em><\/p>\n<p class=\"ql-align-justify\"><strong><em>Andrea Goldschmidt<\/em><\/strong><\/p>\n<p class=\"ql-align-justify\"><em>Administradora de empresas, com mais de 20 anos de atua\u00e7\u00e3o como executiva nas \u00e1reas de marketing e sustentabilidade. Desde 2014 se dedica profissionalmente \u00e0 fotografia de festas populares brasileiras, tendo registrado at\u00e9 o momento 38 festas, em 13 estados. Nos \u00faltimos meses, sem poder viajar por causa da pandemia, Andrea vem se dedicando a experimentos que utilizam as t\u00e9cnicas de cianotipia, bordado sobre fotografia e \u00e0 cria\u00e7\u00e3o de jogos que estimulem, especialmente nas crian\u00e7as, o interesse pela rica cultura popular brasileira. Seu trabalho pode ser visto no site\u00a0<\/em><a href=\"http:\/\/www.festasbrasileiras.com.br\/\" target=\"_blank\" rel=\"noopener noreferrer\"><em>www.festasbrasileiras.com.br<\/em><\/a><em>.<\/em><\/p>\n<p class=\"ql-align-justify\"><strong>\u00a0<\/strong><\/p>\n<p class=\"ql-align-justify\"><strong>SERVI\u00c7O<\/strong><\/p>\n<p class=\"ql-align-justify\"><strong>Projeto: Brasil Vivo! Festas, Tradi\u00e7\u00f5es e Cultura Popular<\/strong><\/p>\n<p class=\"ql-align-justify\"><strong>Tema: \u2018Semana Farroupilha\u2019 de Porto Alegre &#8211; Rio Grande do Sul<\/strong><\/p>\n<p class=\"ql-align-justify\"><strong>Curadora:<\/strong>\u00a0Andrea Goldschmidt, fot\u00f3grafa e produtora audiovisual<\/p>\n<p class=\"ql-align-justify\"><strong>Mediadora:<\/strong>\u00a0Vandreza Freiria, produtora cultural<\/p>\n<p class=\"ql-align-justify\"><strong>Convidado:\u00a0<\/strong>Lucas Negri (criador do projeto Linha Campeira)<\/p>\n<p class=\"ql-align-justify\"><strong>Data:<\/strong>\u00a0quinta-feira, 1\u00ba de julho<\/p>\n<p class=\"ql-align-justify\"><strong>Hor\u00e1rio:<\/strong>\u00a019h30<\/p>\n<p class=\"ql-align-justify\"><strong>Local:\u00a0<\/strong>Canal do YouTube do Sesc Ribeir\u00e3o \u2013\u00a0<a href=\"https:\/\/youtu.be\/h0n0tXtv4xg\" target=\"_blank\" rel=\"noopener noreferrer\">https:\/\/youtu.be\/h0n0tXtv4xg<\/a><\/p>\n<p class=\"ql-align-justify\"><strong>Veja mais:\u00a0<\/strong><a href=\"https:\/\/www.festasbrasileiras.com.br\/semana-farroupilha\" target=\"_blank\" rel=\"noopener noreferrer\">https:\/\/www.festasbrasileiras.com.br\/semana-farroupilha<\/a><\/p>\n<p class=\"ql-align-justify\"><strong>\u00daltima live:\u00a0<\/strong>Prociss\u00e3o das Almas de Mariana &#8211; Minas Gerais (8 de julho)<\/p>\n<\/div>\n","protected":false},"excerpt":{"rendered":"<p>Nesta quinta-feira (01\/07), \u00e0s 19h30, no YouTube, o bate-papo do<\/p>\n","protected":false},"author":2,"featured_media":49461,"comment_status":"open","ping_status":"open","sticky":false,"template":"","format":"standard","meta":{"footnotes":""},"categories":[25,32],"tags":[],"class_list":["post-49460","post","type-post","status-publish","format-standard","has-post-thumbnail","hentry","category-cidades","category-ribeirao-preto"],"yoast_head":"<!-- This site is optimized with the Yoast SEO plugin v27.4 - https:\/\/yoast.com\/product\/yoast-seo-wordpress\/ -->\n<title>\u2018Semana Farroupilha\u2019 \u00e9 o tema da pen\u00faltima live do projeto virtual do Sesc Ribeir\u00e3o - Regi\u00e3o News<\/title>\n<meta name=\"robots\" content=\"index, follow, max-snippet:-1, max-image-preview:large, max-video-preview:-1\" \/>\n<link rel=\"canonical\" href=\"https:\/\/regiaonews.net.br\/2022\/2021\/06\/29\/semana-farroupilha-e-o-tema-da-penultima-live-do-projeto-virtual-do-sesc-ribeirao\/\" \/>\n<meta property=\"og:locale\" content=\"pt_BR\" \/>\n<meta property=\"og:type\" content=\"article\" \/>\n<meta property=\"og:title\" content=\"\u2018Semana Farroupilha\u2019 \u00e9 o tema da pen\u00faltima live do projeto virtual do Sesc Ribeir\u00e3o - Regi\u00e3o News\" \/>\n<meta property=\"og:description\" content=\"Nesta quinta-feira (01\/07), \u00e0s 19h30, no YouTube, o bate-papo do\" \/>\n<meta property=\"og:url\" content=\"https:\/\/regiaonews.net.br\/2022\/2021\/06\/29\/semana-farroupilha-e-o-tema-da-penultima-live-do-projeto-virtual-do-sesc-ribeirao\/\" \/>\n<meta property=\"og:site_name\" content=\"Regi\u00e3o News\" \/>\n<meta property=\"article:published_time\" content=\"2021-06-29T22:02:16+00:00\" \/>\n<meta property=\"article:modified_time\" content=\"2021-06-30T02:21:20+00:00\" \/>\n<meta property=\"og:image\" content=\"https:\/\/regiaonews.net.br\/2022\/wp-content\/uploads\/2021\/06\/c5d0a1bb-da38-494b-af5a-5fbc0a5c1bfd.png\" \/>\n\t<meta property=\"og:image:width\" content=\"2026\" \/>\n\t<meta property=\"og:image:height\" content=\"1333\" \/>\n\t<meta property=\"og:image:type\" content=\"image\/png\" \/>\n<meta name=\"author\" content=\"Roberto\" \/>\n<meta name=\"twitter:card\" content=\"summary_large_image\" \/>\n<meta name=\"twitter:label1\" content=\"Escrito por\" \/>\n\t<meta name=\"twitter:data1\" content=\"Roberto\" \/>\n\t<meta name=\"twitter:label2\" content=\"Est. tempo de leitura\" \/>\n\t<meta name=\"twitter:data2\" content=\"5 minutos\" \/>\n<script type=\"application\/ld+json\" class=\"yoast-schema-graph\">{\"@context\":\"https:\\\/\\\/schema.org\",\"@graph\":[{\"@type\":\"Article\",\"@id\":\"https:\\\/\\\/regiaonews.net.br\\\/2022\\\/2021\\\/06\\\/29\\\/semana-farroupilha-e-o-tema-da-penultima-live-do-projeto-virtual-do-sesc-ribeirao\\\/#article\",\"isPartOf\":{\"@id\":\"https:\\\/\\\/regiaonews.net.br\\\/2022\\\/2021\\\/06\\\/29\\\/semana-farroupilha-e-o-tema-da-penultima-live-do-projeto-virtual-do-sesc-ribeirao\\\/\"},\"author\":{\"name\":\"Roberto\",\"@id\":\"https:\\\/\\\/regiaonews.net.br\\\/2022\\\/#\\\/schema\\\/person\\\/2d205a608a5aa97ac279d7a5e6d89ad8\"},\"headline\":\"\u2018Semana Farroupilha\u2019 \u00e9 o tema da pen\u00faltima live do projeto virtual do Sesc Ribeir\u00e3o\",\"datePublished\":\"2021-06-29T22:02:16+00:00\",\"dateModified\":\"2021-06-30T02:21:20+00:00\",\"mainEntityOfPage\":{\"@id\":\"https:\\\/\\\/regiaonews.net.br\\\/2022\\\/2021\\\/06\\\/29\\\/semana-farroupilha-e-o-tema-da-penultima-live-do-projeto-virtual-do-sesc-ribeirao\\\/\"},\"wordCount\":999,\"commentCount\":0,\"publisher\":{\"@id\":\"https:\\\/\\\/regiaonews.net.br\\\/2022\\\/#organization\"},\"image\":{\"@id\":\"https:\\\/\\\/regiaonews.net.br\\\/2022\\\/2021\\\/06\\\/29\\\/semana-farroupilha-e-o-tema-da-penultima-live-do-projeto-virtual-do-sesc-ribeirao\\\/#primaryimage\"},\"thumbnailUrl\":\"https:\\\/\\\/regiaonews.net.br\\\/2022\\\/wp-content\\\/uploads\\\/2021\\\/06\\\/c5d0a1bb-da38-494b-af5a-5fbc0a5c1bfd.png\",\"articleSection\":[\"Cidades\",\"Ribeir\u00e3o Preto\"],\"inLanguage\":\"pt-BR\",\"potentialAction\":[{\"@type\":\"CommentAction\",\"name\":\"Comment\",\"target\":[\"https:\\\/\\\/regiaonews.net.br\\\/2022\\\/2021\\\/06\\\/29\\\/semana-farroupilha-e-o-tema-da-penultima-live-do-projeto-virtual-do-sesc-ribeirao\\\/#respond\"]}]},{\"@type\":\"WebPage\",\"@id\":\"https:\\\/\\\/regiaonews.net.br\\\/2022\\\/2021\\\/06\\\/29\\\/semana-farroupilha-e-o-tema-da-penultima-live-do-projeto-virtual-do-sesc-ribeirao\\\/\",\"url\":\"https:\\\/\\\/regiaonews.net.br\\\/2022\\\/2021\\\/06\\\/29\\\/semana-farroupilha-e-o-tema-da-penultima-live-do-projeto-virtual-do-sesc-ribeirao\\\/\",\"name\":\"\u2018Semana Farroupilha\u2019 \u00e9 o tema da pen\u00faltima live do projeto virtual do Sesc Ribeir\u00e3o - Regi\u00e3o News\",\"isPartOf\":{\"@id\":\"https:\\\/\\\/regiaonews.net.br\\\/2022\\\/#website\"},\"primaryImageOfPage\":{\"@id\":\"https:\\\/\\\/regiaonews.net.br\\\/2022\\\/2021\\\/06\\\/29\\\/semana-farroupilha-e-o-tema-da-penultima-live-do-projeto-virtual-do-sesc-ribeirao\\\/#primaryimage\"},\"image\":{\"@id\":\"https:\\\/\\\/regiaonews.net.br\\\/2022\\\/2021\\\/06\\\/29\\\/semana-farroupilha-e-o-tema-da-penultima-live-do-projeto-virtual-do-sesc-ribeirao\\\/#primaryimage\"},\"thumbnailUrl\":\"https:\\\/\\\/regiaonews.net.br\\\/2022\\\/wp-content\\\/uploads\\\/2021\\\/06\\\/c5d0a1bb-da38-494b-af5a-5fbc0a5c1bfd.png\",\"datePublished\":\"2021-06-29T22:02:16+00:00\",\"dateModified\":\"2021-06-30T02:21:20+00:00\",\"breadcrumb\":{\"@id\":\"https:\\\/\\\/regiaonews.net.br\\\/2022\\\/2021\\\/06\\\/29\\\/semana-farroupilha-e-o-tema-da-penultima-live-do-projeto-virtual-do-sesc-ribeirao\\\/#breadcrumb\"},\"inLanguage\":\"pt-BR\",\"potentialAction\":[{\"@type\":\"ReadAction\",\"target\":[\"https:\\\/\\\/regiaonews.net.br\\\/2022\\\/2021\\\/06\\\/29\\\/semana-farroupilha-e-o-tema-da-penultima-live-do-projeto-virtual-do-sesc-ribeirao\\\/\"]}]},{\"@type\":\"ImageObject\",\"inLanguage\":\"pt-BR\",\"@id\":\"https:\\\/\\\/regiaonews.net.br\\\/2022\\\/2021\\\/06\\\/29\\\/semana-farroupilha-e-o-tema-da-penultima-live-do-projeto-virtual-do-sesc-ribeirao\\\/#primaryimage\",\"url\":\"https:\\\/\\\/regiaonews.net.br\\\/2022\\\/wp-content\\\/uploads\\\/2021\\\/06\\\/c5d0a1bb-da38-494b-af5a-5fbc0a5c1bfd.png\",\"contentUrl\":\"https:\\\/\\\/regiaonews.net.br\\\/2022\\\/wp-content\\\/uploads\\\/2021\\\/06\\\/c5d0a1bb-da38-494b-af5a-5fbc0a5c1bfd.png\",\"width\":2026,\"height\":1333},{\"@type\":\"BreadcrumbList\",\"@id\":\"https:\\\/\\\/regiaonews.net.br\\\/2022\\\/2021\\\/06\\\/29\\\/semana-farroupilha-e-o-tema-da-penultima-live-do-projeto-virtual-do-sesc-ribeirao\\\/#breadcrumb\",\"itemListElement\":[{\"@type\":\"ListItem\",\"position\":1,\"name\":\"In\u00edcio\",\"item\":\"https:\\\/\\\/regiaonews.net.br\\\/2022\\\/\"},{\"@type\":\"ListItem\",\"position\":2,\"name\":\"\u2018Semana Farroupilha\u2019 \u00e9 o tema da pen\u00faltima live do projeto virtual do Sesc Ribeir\u00e3o\"}]},{\"@type\":\"WebSite\",\"@id\":\"https:\\\/\\\/regiaonews.net.br\\\/2022\\\/#website\",\"url\":\"https:\\\/\\\/regiaonews.net.br\\\/2022\\\/\",\"name\":\"Regi\u00e3o News\",\"description\":\"Site de Not\u00edcias de Barretos e regi\u00e3o\",\"publisher\":{\"@id\":\"https:\\\/\\\/regiaonews.net.br\\\/2022\\\/#organization\"},\"potentialAction\":[{\"@type\":\"SearchAction\",\"target\":{\"@type\":\"EntryPoint\",\"urlTemplate\":\"https:\\\/\\\/regiaonews.net.br\\\/2022\\\/?s={search_term_string}\"},\"query-input\":{\"@type\":\"PropertyValueSpecification\",\"valueRequired\":true,\"valueName\":\"search_term_string\"}}],\"inLanguage\":\"pt-BR\"},{\"@type\":\"Organization\",\"@id\":\"https:\\\/\\\/regiaonews.net.br\\\/2022\\\/#organization\",\"name\":\"Regi\u00e3o News\",\"url\":\"https:\\\/\\\/regiaonews.net.br\\\/2022\\\/\",\"logo\":{\"@type\":\"ImageObject\",\"inLanguage\":\"pt-BR\",\"@id\":\"https:\\\/\\\/regiaonews.net.br\\\/2022\\\/#\\\/schema\\\/logo\\\/image\\\/\",\"url\":\"https:\\\/\\\/regiaonews.net.br\\\/2022\\\/wp-content\\\/uploads\\\/2026\\\/03\\\/regiao-13-anos-scaled.jpg\",\"contentUrl\":\"https:\\\/\\\/regiaonews.net.br\\\/2022\\\/wp-content\\\/uploads\\\/2026\\\/03\\\/regiao-13-anos-scaled.jpg\",\"width\":2560,\"height\":635,\"caption\":\"Regi\u00e3o News\"},\"image\":{\"@id\":\"https:\\\/\\\/regiaonews.net.br\\\/2022\\\/#\\\/schema\\\/logo\\\/image\\\/\"}},{\"@type\":\"Person\",\"@id\":\"https:\\\/\\\/regiaonews.net.br\\\/2022\\\/#\\\/schema\\\/person\\\/2d205a608a5aa97ac279d7a5e6d89ad8\",\"name\":\"Roberto\",\"image\":{\"@type\":\"ImageObject\",\"inLanguage\":\"pt-BR\",\"@id\":\"https:\\\/\\\/secure.gravatar.com\\\/avatar\\\/42749d8b712ff9d59ca93dc150494e5b55a44134482993f5baeb97e61b7ecc89?s=96&d=mm&r=g\",\"url\":\"https:\\\/\\\/secure.gravatar.com\\\/avatar\\\/42749d8b712ff9d59ca93dc150494e5b55a44134482993f5baeb97e61b7ecc89?s=96&d=mm&r=g\",\"contentUrl\":\"https:\\\/\\\/secure.gravatar.com\\\/avatar\\\/42749d8b712ff9d59ca93dc150494e5b55a44134482993f5baeb97e61b7ecc89?s=96&d=mm&r=g\",\"caption\":\"Roberto\"},\"url\":\"https:\\\/\\\/regiaonews.net.br\\\/2022\\\/author\\\/roberto\\\/\"}]}<\/script>\n<!-- \/ Yoast SEO plugin. -->","yoast_head_json":{"title":"\u2018Semana Farroupilha\u2019 \u00e9 o tema da pen\u00faltima live do projeto virtual do Sesc Ribeir\u00e3o - Regi\u00e3o News","robots":{"index":"index","follow":"follow","max-snippet":"max-snippet:-1","max-image-preview":"max-image-preview:large","max-video-preview":"max-video-preview:-1"},"canonical":"https:\/\/regiaonews.net.br\/2022\/2021\/06\/29\/semana-farroupilha-e-o-tema-da-penultima-live-do-projeto-virtual-do-sesc-ribeirao\/","og_locale":"pt_BR","og_type":"article","og_title":"\u2018Semana Farroupilha\u2019 \u00e9 o tema da pen\u00faltima live do projeto virtual do Sesc Ribeir\u00e3o - Regi\u00e3o News","og_description":"Nesta quinta-feira (01\/07), \u00e0s 19h30, no YouTube, o bate-papo do","og_url":"https:\/\/regiaonews.net.br\/2022\/2021\/06\/29\/semana-farroupilha-e-o-tema-da-penultima-live-do-projeto-virtual-do-sesc-ribeirao\/","og_site_name":"Regi\u00e3o News","article_published_time":"2021-06-29T22:02:16+00:00","article_modified_time":"2021-06-30T02:21:20+00:00","og_image":[{"width":2026,"height":1333,"url":"https:\/\/regiaonews.net.br\/2022\/wp-content\/uploads\/2021\/06\/c5d0a1bb-da38-494b-af5a-5fbc0a5c1bfd.png","type":"image\/png"}],"author":"Roberto","twitter_card":"summary_large_image","twitter_misc":{"Escrito por":"Roberto","Est. tempo de leitura":"5 minutos"},"schema":{"@context":"https:\/\/schema.org","@graph":[{"@type":"Article","@id":"https:\/\/regiaonews.net.br\/2022\/2021\/06\/29\/semana-farroupilha-e-o-tema-da-penultima-live-do-projeto-virtual-do-sesc-ribeirao\/#article","isPartOf":{"@id":"https:\/\/regiaonews.net.br\/2022\/2021\/06\/29\/semana-farroupilha-e-o-tema-da-penultima-live-do-projeto-virtual-do-sesc-ribeirao\/"},"author":{"name":"Roberto","@id":"https:\/\/regiaonews.net.br\/2022\/#\/schema\/person\/2d205a608a5aa97ac279d7a5e6d89ad8"},"headline":"\u2018Semana Farroupilha\u2019 \u00e9 o tema da pen\u00faltima live do projeto virtual do Sesc Ribeir\u00e3o","datePublished":"2021-06-29T22:02:16+00:00","dateModified":"2021-06-30T02:21:20+00:00","mainEntityOfPage":{"@id":"https:\/\/regiaonews.net.br\/2022\/2021\/06\/29\/semana-farroupilha-e-o-tema-da-penultima-live-do-projeto-virtual-do-sesc-ribeirao\/"},"wordCount":999,"commentCount":0,"publisher":{"@id":"https:\/\/regiaonews.net.br\/2022\/#organization"},"image":{"@id":"https:\/\/regiaonews.net.br\/2022\/2021\/06\/29\/semana-farroupilha-e-o-tema-da-penultima-live-do-projeto-virtual-do-sesc-ribeirao\/#primaryimage"},"thumbnailUrl":"https:\/\/regiaonews.net.br\/2022\/wp-content\/uploads\/2021\/06\/c5d0a1bb-da38-494b-af5a-5fbc0a5c1bfd.png","articleSection":["Cidades","Ribeir\u00e3o Preto"],"inLanguage":"pt-BR","potentialAction":[{"@type":"CommentAction","name":"Comment","target":["https:\/\/regiaonews.net.br\/2022\/2021\/06\/29\/semana-farroupilha-e-o-tema-da-penultima-live-do-projeto-virtual-do-sesc-ribeirao\/#respond"]}]},{"@type":"WebPage","@id":"https:\/\/regiaonews.net.br\/2022\/2021\/06\/29\/semana-farroupilha-e-o-tema-da-penultima-live-do-projeto-virtual-do-sesc-ribeirao\/","url":"https:\/\/regiaonews.net.br\/2022\/2021\/06\/29\/semana-farroupilha-e-o-tema-da-penultima-live-do-projeto-virtual-do-sesc-ribeirao\/","name":"\u2018Semana Farroupilha\u2019 \u00e9 o tema da pen\u00faltima live do projeto virtual do Sesc Ribeir\u00e3o - Regi\u00e3o News","isPartOf":{"@id":"https:\/\/regiaonews.net.br\/2022\/#website"},"primaryImageOfPage":{"@id":"https:\/\/regiaonews.net.br\/2022\/2021\/06\/29\/semana-farroupilha-e-o-tema-da-penultima-live-do-projeto-virtual-do-sesc-ribeirao\/#primaryimage"},"image":{"@id":"https:\/\/regiaonews.net.br\/2022\/2021\/06\/29\/semana-farroupilha-e-o-tema-da-penultima-live-do-projeto-virtual-do-sesc-ribeirao\/#primaryimage"},"thumbnailUrl":"https:\/\/regiaonews.net.br\/2022\/wp-content\/uploads\/2021\/06\/c5d0a1bb-da38-494b-af5a-5fbc0a5c1bfd.png","datePublished":"2021-06-29T22:02:16+00:00","dateModified":"2021-06-30T02:21:20+00:00","breadcrumb":{"@id":"https:\/\/regiaonews.net.br\/2022\/2021\/06\/29\/semana-farroupilha-e-o-tema-da-penultima-live-do-projeto-virtual-do-sesc-ribeirao\/#breadcrumb"},"inLanguage":"pt-BR","potentialAction":[{"@type":"ReadAction","target":["https:\/\/regiaonews.net.br\/2022\/2021\/06\/29\/semana-farroupilha-e-o-tema-da-penultima-live-do-projeto-virtual-do-sesc-ribeirao\/"]}]},{"@type":"ImageObject","inLanguage":"pt-BR","@id":"https:\/\/regiaonews.net.br\/2022\/2021\/06\/29\/semana-farroupilha-e-o-tema-da-penultima-live-do-projeto-virtual-do-sesc-ribeirao\/#primaryimage","url":"https:\/\/regiaonews.net.br\/2022\/wp-content\/uploads\/2021\/06\/c5d0a1bb-da38-494b-af5a-5fbc0a5c1bfd.png","contentUrl":"https:\/\/regiaonews.net.br\/2022\/wp-content\/uploads\/2021\/06\/c5d0a1bb-da38-494b-af5a-5fbc0a5c1bfd.png","width":2026,"height":1333},{"@type":"BreadcrumbList","@id":"https:\/\/regiaonews.net.br\/2022\/2021\/06\/29\/semana-farroupilha-e-o-tema-da-penultima-live-do-projeto-virtual-do-sesc-ribeirao\/#breadcrumb","itemListElement":[{"@type":"ListItem","position":1,"name":"In\u00edcio","item":"https:\/\/regiaonews.net.br\/2022\/"},{"@type":"ListItem","position":2,"name":"\u2018Semana Farroupilha\u2019 \u00e9 o tema da pen\u00faltima live do projeto virtual do Sesc Ribeir\u00e3o"}]},{"@type":"WebSite","@id":"https:\/\/regiaonews.net.br\/2022\/#website","url":"https:\/\/regiaonews.net.br\/2022\/","name":"Regi\u00e3o News","description":"Site de Not\u00edcias de Barretos e regi\u00e3o","publisher":{"@id":"https:\/\/regiaonews.net.br\/2022\/#organization"},"potentialAction":[{"@type":"SearchAction","target":{"@type":"EntryPoint","urlTemplate":"https:\/\/regiaonews.net.br\/2022\/?s={search_term_string}"},"query-input":{"@type":"PropertyValueSpecification","valueRequired":true,"valueName":"search_term_string"}}],"inLanguage":"pt-BR"},{"@type":"Organization","@id":"https:\/\/regiaonews.net.br\/2022\/#organization","name":"Regi\u00e3o News","url":"https:\/\/regiaonews.net.br\/2022\/","logo":{"@type":"ImageObject","inLanguage":"pt-BR","@id":"https:\/\/regiaonews.net.br\/2022\/#\/schema\/logo\/image\/","url":"https:\/\/regiaonews.net.br\/2022\/wp-content\/uploads\/2026\/03\/regiao-13-anos-scaled.jpg","contentUrl":"https:\/\/regiaonews.net.br\/2022\/wp-content\/uploads\/2026\/03\/regiao-13-anos-scaled.jpg","width":2560,"height":635,"caption":"Regi\u00e3o News"},"image":{"@id":"https:\/\/regiaonews.net.br\/2022\/#\/schema\/logo\/image\/"}},{"@type":"Person","@id":"https:\/\/regiaonews.net.br\/2022\/#\/schema\/person\/2d205a608a5aa97ac279d7a5e6d89ad8","name":"Roberto","image":{"@type":"ImageObject","inLanguage":"pt-BR","@id":"https:\/\/secure.gravatar.com\/avatar\/42749d8b712ff9d59ca93dc150494e5b55a44134482993f5baeb97e61b7ecc89?s=96&d=mm&r=g","url":"https:\/\/secure.gravatar.com\/avatar\/42749d8b712ff9d59ca93dc150494e5b55a44134482993f5baeb97e61b7ecc89?s=96&d=mm&r=g","contentUrl":"https:\/\/secure.gravatar.com\/avatar\/42749d8b712ff9d59ca93dc150494e5b55a44134482993f5baeb97e61b7ecc89?s=96&d=mm&r=g","caption":"Roberto"},"url":"https:\/\/regiaonews.net.br\/2022\/author\/roberto\/"}]}},"publishpress_future_action":{"enabled":false,"date":"2026-05-02 06:51:28","action":"change-status","newStatus":"draft","terms":[],"taxonomy":"category","extraData":[]},"publishpress_future_workflow_manual_trigger":{"enabledWorkflows":[]},"_links":{"self":[{"href":"https:\/\/regiaonews.net.br\/2022\/wp-json\/wp\/v2\/posts\/49460","targetHints":{"allow":["GET"]}}],"collection":[{"href":"https:\/\/regiaonews.net.br\/2022\/wp-json\/wp\/v2\/posts"}],"about":[{"href":"https:\/\/regiaonews.net.br\/2022\/wp-json\/wp\/v2\/types\/post"}],"author":[{"embeddable":true,"href":"https:\/\/regiaonews.net.br\/2022\/wp-json\/wp\/v2\/users\/2"}],"replies":[{"embeddable":true,"href":"https:\/\/regiaonews.net.br\/2022\/wp-json\/wp\/v2\/comments?post=49460"}],"version-history":[{"count":0,"href":"https:\/\/regiaonews.net.br\/2022\/wp-json\/wp\/v2\/posts\/49460\/revisions"}],"wp:featuredmedia":[{"embeddable":true,"href":"https:\/\/regiaonews.net.br\/2022\/wp-json\/wp\/v2\/media\/49461"}],"wp:attachment":[{"href":"https:\/\/regiaonews.net.br\/2022\/wp-json\/wp\/v2\/media?parent=49460"}],"wp:term":[{"taxonomy":"category","embeddable":true,"href":"https:\/\/regiaonews.net.br\/2022\/wp-json\/wp\/v2\/categories?post=49460"},{"taxonomy":"post_tag","embeddable":true,"href":"https:\/\/regiaonews.net.br\/2022\/wp-json\/wp\/v2\/tags?post=49460"}],"curies":[{"name":"wp","href":"https:\/\/api.w.org\/{rel}","templated":true}]}}