{"id":49394,"date":"2021-06-28T10:32:47","date_gmt":"2021-06-28T13:32:47","guid":{"rendered":"https:\/\/regiaonews.net.br\/2022\/?p=49394"},"modified":"2021-06-28T10:32:47","modified_gmt":"2021-06-28T13:32:47","slug":"foragido-lazaro-e-morto-apos-ser-baleado-em-goias","status":"publish","type":"post","link":"https:\/\/regiaonews.net.br\/2022\/2021\/06\/28\/foragido-lazaro-e-morto-apos-ser-baleado-em-goias\/","title":{"rendered":"Foragido L\u00e1zaro \u00e9 morto ap\u00f3s ser baleado em Goi\u00e1s"},"content":{"rendered":"<div class=\"mc-column content-text active-extra-styles \" data-block-type=\"unstyled\" data-block-weight=\"33\" data-block-id=\"2\">\n<p class=\"content-text__container \" data-track-category=\"Link no Texto\" data-track-links=\"\">Ap\u00f3s 20 dias de uma megaopera\u00e7\u00e3o que contou com mais de 270 policiais,\u00a0<a href=\"https:\/\/g1.globo.com\/tudo-sobre\/lazaro-barbosa\/\">L\u00e1zaro Barbosa<\/a>, de 32 anos, foi morto ap\u00f3s ser baleado nesta segunda-feira (28), em Goi\u00e1s\u00a0<strong><em>(assista ao v\u00eddeo acima)<\/em><\/strong>.<\/p>\n<\/div>\n<div class=\"wall protected-content\">\n<div class=\"mc-column content-text active-extra-styles \" data-block-type=\"unstyled\" data-block-weight=\"35\" data-block-id=\"3\">\n<p class=\"content-text__container \" data-track-category=\"Link no Texto\" data-track-links=\"\">Condenado por assassinatos e estupros, o fugitivo da Justi\u00e7a era procurado por uma s\u00e9rie de crimes na Bahia, no Distrito Federal e em Goi\u00e1s. Policiais comemoraram a pris\u00e3o, e imagens mostram o fugitivo ferido.<\/p>\n<\/div>\n<div class=\"mc-column content-text active-extra-styles \" data-block-type=\"unstyled\" data-block-weight=\"30\" data-block-id=\"4\">\n<p class=\"content-text__container \" data-track-category=\"Link no Texto\" data-track-links=\"\">Ele era acusado pela morte de quatro pessoas de uma fam\u00edlia em\u00a0<a href=\"https:\/\/g1.globo.com\/df\/distrito-federal\/cidade\/ceilandia\/\">Ceil\u00e2ndia<\/a>, no Distrito Federal, e de<a href=\"https:\/\/g1.globo.com\/go\/goias\/noticia\/2021\/06\/17\/lazaro-barbosa-e-investigado-por-matar-caseiro-em-goias-quatro-dias-antes-de-chacina-em-ceilandia.ghtml\">\u00a0um caseiro de uma fazenda no distrito de Girassol, em Goi\u00e1s.<\/a><\/p>\n<p data-track-category=\"Link no Texto\" data-track-links=\"\">As informa\u00e7\u00f5es sobre a captura de L\u00e1zaro foram divulgadas pelo governador de Goi\u00e1s, Ronaldo Caiado.<\/p>\n<p data-track-category=\"Link no Texto\" data-track-links=\"\">&#8220;Como eu disse, era quest\u00e3o de tempo at\u00e9 que a nossa pol\u00edcia, a mais preparada do Pa\u00eds, capturasse o assassino L\u00e1zaro Barbosa. Parab\u00e9ns para as nossas for\u00e7as de seguran\u00e7a. Voc\u00eas s\u00e3o motivo de muito orgulho para a nossa gente! Goi\u00e1s n\u00e3o \u00e9 Disneyl\u00e2ndia de bandido&#8221;, completou o governador.<\/p>\n<div class=\"mc-column content-text active-extra-styles \" data-block-type=\"unstyled\" data-block-weight=\"49\" data-block-id=\"17\">\n<p class=\"content-text__container \" data-track-category=\"Link no Texto\" data-track-links=\"\">As buscas come\u00e7aram no\u00a0<a href=\"https:\/\/g1.globo.com\/df\/distrito-federal\/noticia\/2021\/06\/14\/casal-e-os-dois-filhos-assassinados-no-df-sao-sepultados-em-cemiterio-de-taguatinga-revolta-no-coracao-mas-deus-vai-nos-iluminar-diz-familiar.ghtml\">dia 9 de junho, ap\u00f3s o crime no DF<\/a>. Na fuga, L\u00e1zaro roubou um carro e foi para a cidade de\u00a0<a href=\"https:\/\/g1.globo.com\/go\/goias\/cidade\/cocalzinho-de-goias\/\">Cocalzinho de Goi\u00e1s<\/a>, a 80 km de dist\u00e2ncia. Desde ent\u00e3o, foi perseguido pela for\u00e7a-tarefa policial pelas matas da regi\u00e3o<em>\u00a0(leia detalhes mais abaixo).<\/em><\/p>\n<\/div>\n<div class=\"mc-column content-text active-extra-styles \" data-block-type=\"unstyled\" data-block-weight=\"20\" data-block-id=\"18\">\n<p class=\"content-text__container \" data-track-category=\"Link no Texto\" data-track-links=\"\">Drones, helic\u00f3pteros,\u00a0<a href=\"https:\/\/g1.globo.com\/go\/goias\/noticia\/2021\/06\/22\/buscas-por-lazaro-barbosa-entram-no-14o-dia-e-contam-com-radios-que-tem-alcance-de-30-km-diz-policial.ghtml\">r\u00e1dios comunicadores<\/a>\u00a0e at\u00e9 um caminh\u00e3o com uma plataforma de observa\u00e7\u00e3o elevada de videomonitoramento ajudaram nas opera\u00e7\u00f5es.<\/p>\n<\/div>\n<div class=\"mc-column content-text active-extra-styles \" data-block-type=\"unstyled\" data-block-weight=\"56\" data-block-id=\"19\">\n<p class=\"content-text__container \" data-track-category=\"Link no Texto\" data-track-links=\"\"><a href=\"https:\/\/g1.globo.com\/go\/goias\/noticia\/2021\/06\/22\/video-mostra-quando-cachorro-que-ajudava-nas-buscas-por-lazaro-barbosa-e-carregado-nas-costas-por-pm-apos-se-ferir-em-rio.ghtml\">C\u00e3es farejadores<\/a>\u00a0tamb\u00e9m atuaram na ca\u00e7ada a L\u00e1zaro. A cadela Cristal, que ajudou nas buscas em Brumadinho (MG), estava entre eles. Um dos animais, o pastor alem\u00e3o Sauke, se machucou em uma pedra dentro de um rio. Um v\u00eddeo\u00a0<a href=\"https:\/\/g1.globo.com\/go\/goias\/noticia\/2021\/06\/22\/video-mostra-quando-cachorro-que-ajudava-nas-buscas-por-lazaro-barbosa-e-carregado-nas-costas-por-pm-apos-se-ferir-em-rio.ghtml\">mostrou o momento em que o c\u00e3o foi carregado nas costas por um militar<\/a>\u00a0<em>(veja mais abaixo).<\/em><\/p>\n<\/div>\n<div class=\"mc-column content-text active-extra-styles \" data-block-type=\"unstyled\" data-block-weight=\"29\" data-block-id=\"20\">\n<p class=\"content-text__container \" data-track-category=\"Link no Texto\" data-track-links=\"\"><span class=\"highlight highlighted\">Durante a persegui\u00e7\u00e3o, L\u00e1zaro invadiu ao menos 11 fazendas, trocou tiros e baleou moradores, dois policiais militares e um oficial da For\u00e7a A\u00e9rea Brasileira (FAB)<\/span>, segundo informa\u00e7\u00f5es da for\u00e7a-tarefa.<a href=\"https:\/\/regiaonews.net.br\/2022\/wp-content\/uploads\/2021\/06\/Lazaro-Barbosa-maniaco-DF-600x400-1.jpg\"><img loading=\"lazy\" decoding=\"async\" class=\"alignnone size-medium wp-image-49395\" src=\"https:\/\/regiaonews.net.br\/2022\/wp-content\/uploads\/2021\/06\/Lazaro-Barbosa-maniaco-DF-600x400-1-300x200.jpg\" alt=\"\" width=\"300\" height=\"200\" \/><\/a><\/p>\n<\/div>\n<p data-track-category=\"Link no Texto\" data-track-links=\"\">\n<\/div>\n<\/div>\n","protected":false},"excerpt":{"rendered":"<p>Ap\u00f3s 20 dias de uma megaopera\u00e7\u00e3o que contou com mais<\/p>\n","protected":false},"author":2,"featured_media":49395,"comment_status":"open","ping_status":"open","sticky":false,"template":"","format":"standard","meta":{"footnotes":""},"categories":[24,25,23],"tags":[],"class_list":["post-49394","post","type-post","status-publish","format-standard","has-post-thumbnail","hentry","category-brasil","category-cidades","category-policia"],"yoast_head":"<!-- This site is optimized with the Yoast SEO plugin v27.4 - https:\/\/yoast.com\/product\/yoast-seo-wordpress\/ -->\n<title>Foragido L\u00e1zaro \u00e9 morto ap\u00f3s ser baleado em Goi\u00e1s - Regi\u00e3o News<\/title>\n<meta name=\"robots\" content=\"index, follow, max-snippet:-1, max-image-preview:large, max-video-preview:-1\" \/>\n<link rel=\"canonical\" href=\"https:\/\/regiaonews.net.br\/2022\/2021\/06\/28\/foragido-lazaro-e-morto-apos-ser-baleado-em-goias\/\" \/>\n<meta property=\"og:locale\" content=\"pt_BR\" \/>\n<meta property=\"og:type\" content=\"article\" \/>\n<meta property=\"og:title\" content=\"Foragido L\u00e1zaro \u00e9 morto ap\u00f3s ser baleado em Goi\u00e1s - Regi\u00e3o News\" \/>\n<meta property=\"og:description\" content=\"Ap\u00f3s 20 dias de uma megaopera\u00e7\u00e3o que contou com mais\" \/>\n<meta property=\"og:url\" content=\"https:\/\/regiaonews.net.br\/2022\/2021\/06\/28\/foragido-lazaro-e-morto-apos-ser-baleado-em-goias\/\" \/>\n<meta property=\"og:site_name\" content=\"Regi\u00e3o News\" \/>\n<meta property=\"article:published_time\" content=\"2021-06-28T13:32:47+00:00\" \/>\n<meta property=\"og:image\" content=\"https:\/\/regiaonews.net.br\/2022\/wp-content\/uploads\/2021\/06\/Lazaro-Barbosa-maniaco-DF-600x400-1.jpg\" \/>\n\t<meta property=\"og:image:width\" content=\"600\" \/>\n\t<meta property=\"og:image:height\" content=\"400\" \/>\n\t<meta property=\"og:image:type\" content=\"image\/jpeg\" \/>\n<meta name=\"author\" content=\"Roberto\" \/>\n<meta name=\"twitter:card\" content=\"summary_large_image\" \/>\n<meta name=\"twitter:label1\" content=\"Escrito por\" \/>\n\t<meta name=\"twitter:data1\" content=\"Roberto\" \/>\n\t<meta name=\"twitter:label2\" content=\"Est. tempo de leitura\" \/>\n\t<meta name=\"twitter:data2\" content=\"2 minutos\" \/>\n<script type=\"application\/ld+json\" class=\"yoast-schema-graph\">{\"@context\":\"https:\\\/\\\/schema.org\",\"@graph\":[{\"@type\":\"Article\",\"@id\":\"https:\\\/\\\/regiaonews.net.br\\\/2022\\\/2021\\\/06\\\/28\\\/foragido-lazaro-e-morto-apos-ser-baleado-em-goias\\\/#article\",\"isPartOf\":{\"@id\":\"https:\\\/\\\/regiaonews.net.br\\\/2022\\\/2021\\\/06\\\/28\\\/foragido-lazaro-e-morto-apos-ser-baleado-em-goias\\\/\"},\"author\":{\"name\":\"Roberto\",\"@id\":\"https:\\\/\\\/regiaonews.net.br\\\/2022\\\/#\\\/schema\\\/person\\\/2d205a608a5aa97ac279d7a5e6d89ad8\"},\"headline\":\"Foragido L\u00e1zaro \u00e9 morto ap\u00f3s ser baleado em Goi\u00e1s\",\"datePublished\":\"2021-06-28T13:32:47+00:00\",\"mainEntityOfPage\":{\"@id\":\"https:\\\/\\\/regiaonews.net.br\\\/2022\\\/2021\\\/06\\\/28\\\/foragido-lazaro-e-morto-apos-ser-baleado-em-goias\\\/\"},\"wordCount\":367,\"commentCount\":0,\"publisher\":{\"@id\":\"https:\\\/\\\/regiaonews.net.br\\\/2022\\\/#organization\"},\"image\":{\"@id\":\"https:\\\/\\\/regiaonews.net.br\\\/2022\\\/2021\\\/06\\\/28\\\/foragido-lazaro-e-morto-apos-ser-baleado-em-goias\\\/#primaryimage\"},\"thumbnailUrl\":\"https:\\\/\\\/regiaonews.net.br\\\/2022\\\/wp-content\\\/uploads\\\/2021\\\/06\\\/Lazaro-Barbosa-maniaco-DF-600x400-1.jpg\",\"articleSection\":[\"Brasil\",\"Cidades\",\"Policia\"],\"inLanguage\":\"pt-BR\",\"potentialAction\":[{\"@type\":\"CommentAction\",\"name\":\"Comment\",\"target\":[\"https:\\\/\\\/regiaonews.net.br\\\/2022\\\/2021\\\/06\\\/28\\\/foragido-lazaro-e-morto-apos-ser-baleado-em-goias\\\/#respond\"]}]},{\"@type\":\"WebPage\",\"@id\":\"https:\\\/\\\/regiaonews.net.br\\\/2022\\\/2021\\\/06\\\/28\\\/foragido-lazaro-e-morto-apos-ser-baleado-em-goias\\\/\",\"url\":\"https:\\\/\\\/regiaonews.net.br\\\/2022\\\/2021\\\/06\\\/28\\\/foragido-lazaro-e-morto-apos-ser-baleado-em-goias\\\/\",\"name\":\"Foragido L\u00e1zaro \u00e9 morto ap\u00f3s ser baleado em Goi\u00e1s - Regi\u00e3o News\",\"isPartOf\":{\"@id\":\"https:\\\/\\\/regiaonews.net.br\\\/2022\\\/#website\"},\"primaryImageOfPage\":{\"@id\":\"https:\\\/\\\/regiaonews.net.br\\\/2022\\\/2021\\\/06\\\/28\\\/foragido-lazaro-e-morto-apos-ser-baleado-em-goias\\\/#primaryimage\"},\"image\":{\"@id\":\"https:\\\/\\\/regiaonews.net.br\\\/2022\\\/2021\\\/06\\\/28\\\/foragido-lazaro-e-morto-apos-ser-baleado-em-goias\\\/#primaryimage\"},\"thumbnailUrl\":\"https:\\\/\\\/regiaonews.net.br\\\/2022\\\/wp-content\\\/uploads\\\/2021\\\/06\\\/Lazaro-Barbosa-maniaco-DF-600x400-1.jpg\",\"datePublished\":\"2021-06-28T13:32:47+00:00\",\"breadcrumb\":{\"@id\":\"https:\\\/\\\/regiaonews.net.br\\\/2022\\\/2021\\\/06\\\/28\\\/foragido-lazaro-e-morto-apos-ser-baleado-em-goias\\\/#breadcrumb\"},\"inLanguage\":\"pt-BR\",\"potentialAction\":[{\"@type\":\"ReadAction\",\"target\":[\"https:\\\/\\\/regiaonews.net.br\\\/2022\\\/2021\\\/06\\\/28\\\/foragido-lazaro-e-morto-apos-ser-baleado-em-goias\\\/\"]}]},{\"@type\":\"ImageObject\",\"inLanguage\":\"pt-BR\",\"@id\":\"https:\\\/\\\/regiaonews.net.br\\\/2022\\\/2021\\\/06\\\/28\\\/foragido-lazaro-e-morto-apos-ser-baleado-em-goias\\\/#primaryimage\",\"url\":\"https:\\\/\\\/regiaonews.net.br\\\/2022\\\/wp-content\\\/uploads\\\/2021\\\/06\\\/Lazaro-Barbosa-maniaco-DF-600x400-1.jpg\",\"contentUrl\":\"https:\\\/\\\/regiaonews.net.br\\\/2022\\\/wp-content\\\/uploads\\\/2021\\\/06\\\/Lazaro-Barbosa-maniaco-DF-600x400-1.jpg\",\"width\":600,\"height\":400},{\"@type\":\"BreadcrumbList\",\"@id\":\"https:\\\/\\\/regiaonews.net.br\\\/2022\\\/2021\\\/06\\\/28\\\/foragido-lazaro-e-morto-apos-ser-baleado-em-goias\\\/#breadcrumb\",\"itemListElement\":[{\"@type\":\"ListItem\",\"position\":1,\"name\":\"In\u00edcio\",\"item\":\"https:\\\/\\\/regiaonews.net.br\\\/2022\\\/\"},{\"@type\":\"ListItem\",\"position\":2,\"name\":\"Foragido L\u00e1zaro \u00e9 morto ap\u00f3s ser baleado em Goi\u00e1s\"}]},{\"@type\":\"WebSite\",\"@id\":\"https:\\\/\\\/regiaonews.net.br\\\/2022\\\/#website\",\"url\":\"https:\\\/\\\/regiaonews.net.br\\\/2022\\\/\",\"name\":\"Regi\u00e3o News\",\"description\":\"Site de Not\u00edcias de Barretos e regi\u00e3o\",\"publisher\":{\"@id\":\"https:\\\/\\\/regiaonews.net.br\\\/2022\\\/#organization\"},\"potentialAction\":[{\"@type\":\"SearchAction\",\"target\":{\"@type\":\"EntryPoint\",\"urlTemplate\":\"https:\\\/\\\/regiaonews.net.br\\\/2022\\\/?s={search_term_string}\"},\"query-input\":{\"@type\":\"PropertyValueSpecification\",\"valueRequired\":true,\"valueName\":\"search_term_string\"}}],\"inLanguage\":\"pt-BR\"},{\"@type\":\"Organization\",\"@id\":\"https:\\\/\\\/regiaonews.net.br\\\/2022\\\/#organization\",\"name\":\"Regi\u00e3o News\",\"url\":\"https:\\\/\\\/regiaonews.net.br\\\/2022\\\/\",\"logo\":{\"@type\":\"ImageObject\",\"inLanguage\":\"pt-BR\",\"@id\":\"https:\\\/\\\/regiaonews.net.br\\\/2022\\\/#\\\/schema\\\/logo\\\/image\\\/\",\"url\":\"https:\\\/\\\/regiaonews.net.br\\\/2022\\\/wp-content\\\/uploads\\\/2026\\\/03\\\/regiao-13-anos-scaled.jpg\",\"contentUrl\":\"https:\\\/\\\/regiaonews.net.br\\\/2022\\\/wp-content\\\/uploads\\\/2026\\\/03\\\/regiao-13-anos-scaled.jpg\",\"width\":2560,\"height\":635,\"caption\":\"Regi\u00e3o News\"},\"image\":{\"@id\":\"https:\\\/\\\/regiaonews.net.br\\\/2022\\\/#\\\/schema\\\/logo\\\/image\\\/\"}},{\"@type\":\"Person\",\"@id\":\"https:\\\/\\\/regiaonews.net.br\\\/2022\\\/#\\\/schema\\\/person\\\/2d205a608a5aa97ac279d7a5e6d89ad8\",\"name\":\"Roberto\",\"image\":{\"@type\":\"ImageObject\",\"inLanguage\":\"pt-BR\",\"@id\":\"https:\\\/\\\/secure.gravatar.com\\\/avatar\\\/42749d8b712ff9d59ca93dc150494e5b55a44134482993f5baeb97e61b7ecc89?s=96&d=mm&r=g\",\"url\":\"https:\\\/\\\/secure.gravatar.com\\\/avatar\\\/42749d8b712ff9d59ca93dc150494e5b55a44134482993f5baeb97e61b7ecc89?s=96&d=mm&r=g\",\"contentUrl\":\"https:\\\/\\\/secure.gravatar.com\\\/avatar\\\/42749d8b712ff9d59ca93dc150494e5b55a44134482993f5baeb97e61b7ecc89?s=96&d=mm&r=g\",\"caption\":\"Roberto\"},\"url\":\"https:\\\/\\\/regiaonews.net.br\\\/2022\\\/author\\\/roberto\\\/\"}]}<\/script>\n<!-- \/ Yoast SEO plugin. -->","yoast_head_json":{"title":"Foragido L\u00e1zaro \u00e9 morto ap\u00f3s ser baleado em Goi\u00e1s - Regi\u00e3o News","robots":{"index":"index","follow":"follow","max-snippet":"max-snippet:-1","max-image-preview":"max-image-preview:large","max-video-preview":"max-video-preview:-1"},"canonical":"https:\/\/regiaonews.net.br\/2022\/2021\/06\/28\/foragido-lazaro-e-morto-apos-ser-baleado-em-goias\/","og_locale":"pt_BR","og_type":"article","og_title":"Foragido L\u00e1zaro \u00e9 morto ap\u00f3s ser baleado em Goi\u00e1s - Regi\u00e3o News","og_description":"Ap\u00f3s 20 dias de uma megaopera\u00e7\u00e3o que contou com mais","og_url":"https:\/\/regiaonews.net.br\/2022\/2021\/06\/28\/foragido-lazaro-e-morto-apos-ser-baleado-em-goias\/","og_site_name":"Regi\u00e3o News","article_published_time":"2021-06-28T13:32:47+00:00","og_image":[{"width":600,"height":400,"url":"https:\/\/regiaonews.net.br\/2022\/wp-content\/uploads\/2021\/06\/Lazaro-Barbosa-maniaco-DF-600x400-1.jpg","type":"image\/jpeg"}],"author":"Roberto","twitter_card":"summary_large_image","twitter_misc":{"Escrito por":"Roberto","Est. tempo de leitura":"2 minutos"},"schema":{"@context":"https:\/\/schema.org","@graph":[{"@type":"Article","@id":"https:\/\/regiaonews.net.br\/2022\/2021\/06\/28\/foragido-lazaro-e-morto-apos-ser-baleado-em-goias\/#article","isPartOf":{"@id":"https:\/\/regiaonews.net.br\/2022\/2021\/06\/28\/foragido-lazaro-e-morto-apos-ser-baleado-em-goias\/"},"author":{"name":"Roberto","@id":"https:\/\/regiaonews.net.br\/2022\/#\/schema\/person\/2d205a608a5aa97ac279d7a5e6d89ad8"},"headline":"Foragido L\u00e1zaro \u00e9 morto ap\u00f3s ser baleado em Goi\u00e1s","datePublished":"2021-06-28T13:32:47+00:00","mainEntityOfPage":{"@id":"https:\/\/regiaonews.net.br\/2022\/2021\/06\/28\/foragido-lazaro-e-morto-apos-ser-baleado-em-goias\/"},"wordCount":367,"commentCount":0,"publisher":{"@id":"https:\/\/regiaonews.net.br\/2022\/#organization"},"image":{"@id":"https:\/\/regiaonews.net.br\/2022\/2021\/06\/28\/foragido-lazaro-e-morto-apos-ser-baleado-em-goias\/#primaryimage"},"thumbnailUrl":"https:\/\/regiaonews.net.br\/2022\/wp-content\/uploads\/2021\/06\/Lazaro-Barbosa-maniaco-DF-600x400-1.jpg","articleSection":["Brasil","Cidades","Policia"],"inLanguage":"pt-BR","potentialAction":[{"@type":"CommentAction","name":"Comment","target":["https:\/\/regiaonews.net.br\/2022\/2021\/06\/28\/foragido-lazaro-e-morto-apos-ser-baleado-em-goias\/#respond"]}]},{"@type":"WebPage","@id":"https:\/\/regiaonews.net.br\/2022\/2021\/06\/28\/foragido-lazaro-e-morto-apos-ser-baleado-em-goias\/","url":"https:\/\/regiaonews.net.br\/2022\/2021\/06\/28\/foragido-lazaro-e-morto-apos-ser-baleado-em-goias\/","name":"Foragido L\u00e1zaro \u00e9 morto ap\u00f3s ser baleado em Goi\u00e1s - Regi\u00e3o News","isPartOf":{"@id":"https:\/\/regiaonews.net.br\/2022\/#website"},"primaryImageOfPage":{"@id":"https:\/\/regiaonews.net.br\/2022\/2021\/06\/28\/foragido-lazaro-e-morto-apos-ser-baleado-em-goias\/#primaryimage"},"image":{"@id":"https:\/\/regiaonews.net.br\/2022\/2021\/06\/28\/foragido-lazaro-e-morto-apos-ser-baleado-em-goias\/#primaryimage"},"thumbnailUrl":"https:\/\/regiaonews.net.br\/2022\/wp-content\/uploads\/2021\/06\/Lazaro-Barbosa-maniaco-DF-600x400-1.jpg","datePublished":"2021-06-28T13:32:47+00:00","breadcrumb":{"@id":"https:\/\/regiaonews.net.br\/2022\/2021\/06\/28\/foragido-lazaro-e-morto-apos-ser-baleado-em-goias\/#breadcrumb"},"inLanguage":"pt-BR","potentialAction":[{"@type":"ReadAction","target":["https:\/\/regiaonews.net.br\/2022\/2021\/06\/28\/foragido-lazaro-e-morto-apos-ser-baleado-em-goias\/"]}]},{"@type":"ImageObject","inLanguage":"pt-BR","@id":"https:\/\/regiaonews.net.br\/2022\/2021\/06\/28\/foragido-lazaro-e-morto-apos-ser-baleado-em-goias\/#primaryimage","url":"https:\/\/regiaonews.net.br\/2022\/wp-content\/uploads\/2021\/06\/Lazaro-Barbosa-maniaco-DF-600x400-1.jpg","contentUrl":"https:\/\/regiaonews.net.br\/2022\/wp-content\/uploads\/2021\/06\/Lazaro-Barbosa-maniaco-DF-600x400-1.jpg","width":600,"height":400},{"@type":"BreadcrumbList","@id":"https:\/\/regiaonews.net.br\/2022\/2021\/06\/28\/foragido-lazaro-e-morto-apos-ser-baleado-em-goias\/#breadcrumb","itemListElement":[{"@type":"ListItem","position":1,"name":"In\u00edcio","item":"https:\/\/regiaonews.net.br\/2022\/"},{"@type":"ListItem","position":2,"name":"Foragido L\u00e1zaro \u00e9 morto ap\u00f3s ser baleado em Goi\u00e1s"}]},{"@type":"WebSite","@id":"https:\/\/regiaonews.net.br\/2022\/#website","url":"https:\/\/regiaonews.net.br\/2022\/","name":"Regi\u00e3o News","description":"Site de Not\u00edcias de Barretos e regi\u00e3o","publisher":{"@id":"https:\/\/regiaonews.net.br\/2022\/#organization"},"potentialAction":[{"@type":"SearchAction","target":{"@type":"EntryPoint","urlTemplate":"https:\/\/regiaonews.net.br\/2022\/?s={search_term_string}"},"query-input":{"@type":"PropertyValueSpecification","valueRequired":true,"valueName":"search_term_string"}}],"inLanguage":"pt-BR"},{"@type":"Organization","@id":"https:\/\/regiaonews.net.br\/2022\/#organization","name":"Regi\u00e3o News","url":"https:\/\/regiaonews.net.br\/2022\/","logo":{"@type":"ImageObject","inLanguage":"pt-BR","@id":"https:\/\/regiaonews.net.br\/2022\/#\/schema\/logo\/image\/","url":"https:\/\/regiaonews.net.br\/2022\/wp-content\/uploads\/2026\/03\/regiao-13-anos-scaled.jpg","contentUrl":"https:\/\/regiaonews.net.br\/2022\/wp-content\/uploads\/2026\/03\/regiao-13-anos-scaled.jpg","width":2560,"height":635,"caption":"Regi\u00e3o News"},"image":{"@id":"https:\/\/regiaonews.net.br\/2022\/#\/schema\/logo\/image\/"}},{"@type":"Person","@id":"https:\/\/regiaonews.net.br\/2022\/#\/schema\/person\/2d205a608a5aa97ac279d7a5e6d89ad8","name":"Roberto","image":{"@type":"ImageObject","inLanguage":"pt-BR","@id":"https:\/\/secure.gravatar.com\/avatar\/42749d8b712ff9d59ca93dc150494e5b55a44134482993f5baeb97e61b7ecc89?s=96&d=mm&r=g","url":"https:\/\/secure.gravatar.com\/avatar\/42749d8b712ff9d59ca93dc150494e5b55a44134482993f5baeb97e61b7ecc89?s=96&d=mm&r=g","contentUrl":"https:\/\/secure.gravatar.com\/avatar\/42749d8b712ff9d59ca93dc150494e5b55a44134482993f5baeb97e61b7ecc89?s=96&d=mm&r=g","caption":"Roberto"},"url":"https:\/\/regiaonews.net.br\/2022\/author\/roberto\/"}]}},"publishpress_future_action":{"enabled":false,"date":"2026-05-02 05:33:23","action":"change-status","newStatus":"draft","terms":[],"taxonomy":"category","extraData":[]},"publishpress_future_workflow_manual_trigger":{"enabledWorkflows":[]},"_links":{"self":[{"href":"https:\/\/regiaonews.net.br\/2022\/wp-json\/wp\/v2\/posts\/49394","targetHints":{"allow":["GET"]}}],"collection":[{"href":"https:\/\/regiaonews.net.br\/2022\/wp-json\/wp\/v2\/posts"}],"about":[{"href":"https:\/\/regiaonews.net.br\/2022\/wp-json\/wp\/v2\/types\/post"}],"author":[{"embeddable":true,"href":"https:\/\/regiaonews.net.br\/2022\/wp-json\/wp\/v2\/users\/2"}],"replies":[{"embeddable":true,"href":"https:\/\/regiaonews.net.br\/2022\/wp-json\/wp\/v2\/comments?post=49394"}],"version-history":[{"count":0,"href":"https:\/\/regiaonews.net.br\/2022\/wp-json\/wp\/v2\/posts\/49394\/revisions"}],"wp:featuredmedia":[{"embeddable":true,"href":"https:\/\/regiaonews.net.br\/2022\/wp-json\/wp\/v2\/media\/49395"}],"wp:attachment":[{"href":"https:\/\/regiaonews.net.br\/2022\/wp-json\/wp\/v2\/media?parent=49394"}],"wp:term":[{"taxonomy":"category","embeddable":true,"href":"https:\/\/regiaonews.net.br\/2022\/wp-json\/wp\/v2\/categories?post=49394"},{"taxonomy":"post_tag","embeddable":true,"href":"https:\/\/regiaonews.net.br\/2022\/wp-json\/wp\/v2\/tags?post=49394"}],"curies":[{"name":"wp","href":"https:\/\/api.w.org\/{rel}","templated":true}]}}