{"id":49344,"date":"2021-06-27T07:15:31","date_gmt":"2021-06-27T10:15:31","guid":{"rendered":"https:\/\/regiaonews.net.br\/2022\/?p=49344"},"modified":"2021-06-28T08:06:48","modified_gmt":"2021-06-28T11:06:48","slug":"brasil-enfrenta-hoje-o-equador-pela-copa-america-2021","status":"publish","type":"post","link":"https:\/\/regiaonews.net.br\/2022\/2021\/06\/27\/brasil-enfrenta-hoje-o-equador-pela-copa-america-2021\/","title":{"rendered":"Brasil enfrenta hoje o Equador pela Copa Am\u00e9rica 2021"},"content":{"rendered":"<p>&nbsp;<\/p>\n<header class=\"m-b-20\"><\/header>\n<div class=\"article-content\">\n<figure><img decoding=\"async\" title=\"Eliminat\u00f3rias da Copa - Brasil x Equador no Beira-rio. Lucas Paquet\u00e1\" src=\"https:\/\/conteudo.cbf.com.br\/cdn\/thumbs\/910x0\/202106\/20210605000659_296.jpeg\" alt=\"Eliminat\u00f3rias da Copa - Brasil x Equador no Beira-rio. Lucas Paquet\u00e1\" \/>Eliminat\u00f3rias da Copa &#8211; Brasil x Equador no Beira-rio. Lucas Paquet\u00e1<br \/>\n<i>Cr\u00e9ditos: Lucas Figueiredo\/CBF<\/i><\/figure>\n<div class=\"article-inner-content\">\n<p>\u00a0Neste domingo (27), o <strong>Brasil<\/strong>\u00a0enfrenta o\u00a0<strong>Equador<\/strong>\u00a0pela \u00faltima rodada da fase de grupos da\u00a0<strong>CONMEBOL Copa Am\u00e9rica 2021<\/strong>. O duelo est\u00e1 marcado para as 18h no Est\u00e1dio Ol\u00edmpico, em Goi\u00e2nia (GO), e ter\u00e1 transmiss\u00e3o ao vivo do SBT e da ESPN Brasil.<\/p>\n<p>Com 100% de aproveitamento na Copa Am\u00e9rica, a Sele\u00e7\u00e3o j\u00e1 garantiu a classifica\u00e7\u00e3o para a pr\u00f3xima fase e o primeiro lugar em seu grupo. Ainda assim, o t\u00e9cnico\u00a0<strong>Tite<\/strong>\u00a0quer o Brasil com todo o foco poss\u00edvel para esta partida. Em entrevista antes do jogo, o treinador at\u00e9 mesmo despistou sobre a escala\u00e7\u00e3o que levar\u00e1 a campo e frisou a necessidade de fazer mais um bom jogo.<\/p>\n<p>&#8220;\u00c9 importante, mais do que uma classifica\u00e7\u00e3o antecipada, uma sequ\u00eancia de bons jogos e bons resultados. A gente vai adquirindo confian\u00e7a, os atletas v\u00e3o buscando cada vez mais uma condi\u00e7\u00e3o de desempenho, as rela\u00e7\u00f5es humanas crescem, fazem a gente conhecer um ao outro&#8221;, comentou Tite.<\/p>\n<p>Atualmente, o Brasil ostenta uma sequ\u00eancia de dez vit\u00f3rias nos \u00faltimos dez jogos, a melhor marca da Sele\u00e7\u00e3o sob o comando de Tite. Um desses triunfos foi justamente contra o Equador. O \u00faltimo duelo entre as duas equipes foi pela quinta rodada das Eliminat\u00f3rias da Copa do Mundo. No Beira-Rio, em Porto Alegre (RS), o Brasil venceu por 2 a 0, com gols de Richarlison e Neymar Jr.<\/p>\n<p>Este ser\u00e1 o 34\u00ba jogo na hist\u00f3ria do confronto, que tem 27 vit\u00f3rias do Brasil, quatro empates e apenas dois triunfos do\u00a0<strong>Equador<\/strong>. Ao todo, foram 96 gols marcados pela Sele\u00e7\u00e3o Brasileira e apenas 22 sofridos. Atualmente, o Brasil ostenta uma invencibilidade de mais de 17 anos perante os equatorianos.<\/p>\n<p>A \u00faltima vit\u00f3ria do Equador no confronto foi em 2004, pelas Eliminat\u00f3rias da Copa do Mundo de 2006. Na ocasi\u00e3o, La Tricolor derrotou o Brasil por 1 a 0 no Ol\u00edmpico Atahualpa, em Quito. O est\u00e1dio, por sinal, \u00e9 o \u00fanico lugar onde o Equador conseguiu vencer a Sele\u00e7\u00e3o Brasileira. O outro triunfo veio em 2001, pelo mesmo placar, nas Eliminat\u00f3rias para Copa da Coreia do Sul e do Jap\u00e3o.<\/p>\n<p><img decoding=\"async\" title=\"Treino da Sele\u00e7\u00e3o Brasileira na Granja Comary antes do jogo contra o Peru pela Copa Am\u00e9rica 2021. Douglas Luiz\" src=\"https:\/\/conteudo.cbf.com.br\/cdn\/thumbs\/910x0\/202106\/20210616182107_926.jpeg\" alt=\"Treino da Sele\u00e7\u00e3o Brasileira na Granja Comary antes do jogo contra o Peru pela Copa Am\u00e9rica 2021. Douglas Luiz\" \/>Douglas Luiz ter\u00e1 oportunidade entre os titulares neste domingo (27)<br \/>\n<i><strong>Cr\u00e9ditos:\u00a0<\/strong>Lucas Figueiredo\/CBF<\/i><\/p>\n<p>E se Tite fez mist\u00e9rio sobre o time que enfrentar\u00e1 o Equador, um nome pelo menos foi confirmado na equipe titular:\u00a0<strong>Douglas Luiz<\/strong>. O meia ter\u00e1 sua primeira oportunidade nesta Copa Am\u00e9rica.<\/p>\n<p>Em entrevista coletiva na v\u00e9spera da partida, Douglas valorizou a chance que ter\u00e1 de mostrar seu futebol e se mostrou disposto a entrar de vez nesta briga leal por um espa\u00e7o no time.<\/p>\n<p>&#8220;\u00c9 uma briga muito saud\u00e1vel. Respeito muito as escolhas do professor, os meus companheiros. Amanh\u00e3 vou ter uma oportunidade, vou dar o meu melhor para ajudar a Sele\u00e7\u00e3o. A gente veste uma camisa muito pesada na nossa Sele\u00e7\u00e3o, temos que entrar em campo para ganhar todos os jogos. O resultado \u00e9 consequ\u00eancia do nosso trabalho. Temos que jogar bem para poder vencer. Esse \u00e9 o nosso lema&#8221;, disse.<\/p>\n<p>A bola rola para Brasil x Equador \u00e0s 18h (hor\u00e1rio de Bras\u00edlia). A partida ser\u00e1 transmitida ao vivo pelo SBT e pela ESPN Brasil. No dia seguinte ao jogo, a Sele\u00e7\u00e3o Brasileira retorna \u00e0 Granja Comary, em Teres\u00f3polis (RJ), onde dar\u00e1 in\u00edcio \u00e0 sua prepara\u00e7\u00e3o para as quartas de final da CONMEBOL Copa Am\u00e9rica.<\/p>\n<\/div>\n<\/div>\n","protected":false},"excerpt":{"rendered":"<p>&nbsp; Eliminat\u00f3rias da Copa &#8211; Brasil x Equador no Beira-rio.<\/p>\n","protected":false},"author":2,"featured_media":39835,"comment_status":"open","ping_status":"open","sticky":false,"template":"","format":"standard","meta":{"footnotes":""},"categories":[71],"tags":[],"class_list":["post-49344","post","type-post","status-publish","format-standard","has-post-thumbnail","hentry","category-copa-america"],"yoast_head":"<!-- This site is optimized with the Yoast SEO plugin v27.4 - https:\/\/yoast.com\/product\/yoast-seo-wordpress\/ -->\n<title>Brasil enfrenta hoje o Equador pela Copa Am\u00e9rica 2021 - Regi\u00e3o News<\/title>\n<meta name=\"robots\" content=\"index, follow, max-snippet:-1, max-image-preview:large, max-video-preview:-1\" \/>\n<link rel=\"canonical\" href=\"https:\/\/regiaonews.net.br\/2022\/2021\/06\/27\/brasil-enfrenta-hoje-o-equador-pela-copa-america-2021\/\" \/>\n<meta property=\"og:locale\" content=\"pt_BR\" \/>\n<meta property=\"og:type\" content=\"article\" \/>\n<meta property=\"og:title\" content=\"Brasil enfrenta hoje o Equador pela Copa Am\u00e9rica 2021 - Regi\u00e3o News\" \/>\n<meta property=\"og:description\" content=\"&nbsp; Eliminat\u00f3rias da Copa &#8211; Brasil x Equador no Beira-rio.\" \/>\n<meta property=\"og:url\" content=\"https:\/\/regiaonews.net.br\/2022\/2021\/06\/27\/brasil-enfrenta-hoje-o-equador-pela-copa-america-2021\/\" \/>\n<meta property=\"og:site_name\" content=\"Regi\u00e3o News\" \/>\n<meta property=\"article:published_time\" content=\"2021-06-27T10:15:31+00:00\" \/>\n<meta property=\"article:modified_time\" content=\"2021-06-28T11:06:48+00:00\" \/>\n<meta property=\"og:image\" content=\"https:\/\/regiaonews.net.br\/2022\/wp-content\/uploads\/2020\/11\/brasil_uruguai_eliminatorias_1.jpg\" \/>\n\t<meta property=\"og:image:width\" content=\"1170\" \/>\n\t<meta property=\"og:image:height\" content=\"700\" \/>\n\t<meta property=\"og:image:type\" content=\"image\/jpeg\" \/>\n<meta name=\"author\" content=\"Roberto\" \/>\n<meta name=\"twitter:card\" content=\"summary_large_image\" \/>\n<meta name=\"twitter:label1\" content=\"Escrito por\" \/>\n\t<meta name=\"twitter:data1\" content=\"Roberto\" \/>\n\t<meta name=\"twitter:label2\" content=\"Est. tempo de leitura\" \/>\n\t<meta name=\"twitter:data2\" content=\"3 minutos\" \/>\n<script type=\"application\/ld+json\" class=\"yoast-schema-graph\">{\"@context\":\"https:\\\/\\\/schema.org\",\"@graph\":[{\"@type\":\"Article\",\"@id\":\"https:\\\/\\\/regiaonews.net.br\\\/2022\\\/2021\\\/06\\\/27\\\/brasil-enfrenta-hoje-o-equador-pela-copa-america-2021\\\/#article\",\"isPartOf\":{\"@id\":\"https:\\\/\\\/regiaonews.net.br\\\/2022\\\/2021\\\/06\\\/27\\\/brasil-enfrenta-hoje-o-equador-pela-copa-america-2021\\\/\"},\"author\":{\"name\":\"Roberto\",\"@id\":\"https:\\\/\\\/regiaonews.net.br\\\/2022\\\/#\\\/schema\\\/person\\\/2d205a608a5aa97ac279d7a5e6d89ad8\"},\"headline\":\"Brasil enfrenta hoje o Equador pela Copa Am\u00e9rica 2021\",\"datePublished\":\"2021-06-27T10:15:31+00:00\",\"dateModified\":\"2021-06-28T11:06:48+00:00\",\"mainEntityOfPage\":{\"@id\":\"https:\\\/\\\/regiaonews.net.br\\\/2022\\\/2021\\\/06\\\/27\\\/brasil-enfrenta-hoje-o-equador-pela-copa-america-2021\\\/\"},\"wordCount\":598,\"commentCount\":0,\"publisher\":{\"@id\":\"https:\\\/\\\/regiaonews.net.br\\\/2022\\\/#organization\"},\"image\":{\"@id\":\"https:\\\/\\\/regiaonews.net.br\\\/2022\\\/2021\\\/06\\\/27\\\/brasil-enfrenta-hoje-o-equador-pela-copa-america-2021\\\/#primaryimage\"},\"thumbnailUrl\":\"https:\\\/\\\/regiaonews.net.br\\\/2022\\\/wp-content\\\/uploads\\\/2020\\\/11\\\/brasil_uruguai_eliminatorias_1.jpg\",\"articleSection\":[\"Copa Am\u00e9rica\"],\"inLanguage\":\"pt-BR\",\"potentialAction\":[{\"@type\":\"CommentAction\",\"name\":\"Comment\",\"target\":[\"https:\\\/\\\/regiaonews.net.br\\\/2022\\\/2021\\\/06\\\/27\\\/brasil-enfrenta-hoje-o-equador-pela-copa-america-2021\\\/#respond\"]}]},{\"@type\":\"WebPage\",\"@id\":\"https:\\\/\\\/regiaonews.net.br\\\/2022\\\/2021\\\/06\\\/27\\\/brasil-enfrenta-hoje-o-equador-pela-copa-america-2021\\\/\",\"url\":\"https:\\\/\\\/regiaonews.net.br\\\/2022\\\/2021\\\/06\\\/27\\\/brasil-enfrenta-hoje-o-equador-pela-copa-america-2021\\\/\",\"name\":\"Brasil enfrenta hoje o Equador pela Copa Am\u00e9rica 2021 - Regi\u00e3o News\",\"isPartOf\":{\"@id\":\"https:\\\/\\\/regiaonews.net.br\\\/2022\\\/#website\"},\"primaryImageOfPage\":{\"@id\":\"https:\\\/\\\/regiaonews.net.br\\\/2022\\\/2021\\\/06\\\/27\\\/brasil-enfrenta-hoje-o-equador-pela-copa-america-2021\\\/#primaryimage\"},\"image\":{\"@id\":\"https:\\\/\\\/regiaonews.net.br\\\/2022\\\/2021\\\/06\\\/27\\\/brasil-enfrenta-hoje-o-equador-pela-copa-america-2021\\\/#primaryimage\"},\"thumbnailUrl\":\"https:\\\/\\\/regiaonews.net.br\\\/2022\\\/wp-content\\\/uploads\\\/2020\\\/11\\\/brasil_uruguai_eliminatorias_1.jpg\",\"datePublished\":\"2021-06-27T10:15:31+00:00\",\"dateModified\":\"2021-06-28T11:06:48+00:00\",\"breadcrumb\":{\"@id\":\"https:\\\/\\\/regiaonews.net.br\\\/2022\\\/2021\\\/06\\\/27\\\/brasil-enfrenta-hoje-o-equador-pela-copa-america-2021\\\/#breadcrumb\"},\"inLanguage\":\"pt-BR\",\"potentialAction\":[{\"@type\":\"ReadAction\",\"target\":[\"https:\\\/\\\/regiaonews.net.br\\\/2022\\\/2021\\\/06\\\/27\\\/brasil-enfrenta-hoje-o-equador-pela-copa-america-2021\\\/\"]}]},{\"@type\":\"ImageObject\",\"inLanguage\":\"pt-BR\",\"@id\":\"https:\\\/\\\/regiaonews.net.br\\\/2022\\\/2021\\\/06\\\/27\\\/brasil-enfrenta-hoje-o-equador-pela-copa-america-2021\\\/#primaryimage\",\"url\":\"https:\\\/\\\/regiaonews.net.br\\\/2022\\\/wp-content\\\/uploads\\\/2020\\\/11\\\/brasil_uruguai_eliminatorias_1.jpg\",\"contentUrl\":\"https:\\\/\\\/regiaonews.net.br\\\/2022\\\/wp-content\\\/uploads\\\/2020\\\/11\\\/brasil_uruguai_eliminatorias_1.jpg\",\"width\":1170,\"height\":700},{\"@type\":\"BreadcrumbList\",\"@id\":\"https:\\\/\\\/regiaonews.net.br\\\/2022\\\/2021\\\/06\\\/27\\\/brasil-enfrenta-hoje-o-equador-pela-copa-america-2021\\\/#breadcrumb\",\"itemListElement\":[{\"@type\":\"ListItem\",\"position\":1,\"name\":\"In\u00edcio\",\"item\":\"https:\\\/\\\/regiaonews.net.br\\\/2022\\\/\"},{\"@type\":\"ListItem\",\"position\":2,\"name\":\"Brasil enfrenta hoje o Equador pela Copa Am\u00e9rica 2021\"}]},{\"@type\":\"WebSite\",\"@id\":\"https:\\\/\\\/regiaonews.net.br\\\/2022\\\/#website\",\"url\":\"https:\\\/\\\/regiaonews.net.br\\\/2022\\\/\",\"name\":\"Regi\u00e3o News\",\"description\":\"Site de Not\u00edcias de Barretos e regi\u00e3o\",\"publisher\":{\"@id\":\"https:\\\/\\\/regiaonews.net.br\\\/2022\\\/#organization\"},\"potentialAction\":[{\"@type\":\"SearchAction\",\"target\":{\"@type\":\"EntryPoint\",\"urlTemplate\":\"https:\\\/\\\/regiaonews.net.br\\\/2022\\\/?s={search_term_string}\"},\"query-input\":{\"@type\":\"PropertyValueSpecification\",\"valueRequired\":true,\"valueName\":\"search_term_string\"}}],\"inLanguage\":\"pt-BR\"},{\"@type\":\"Organization\",\"@id\":\"https:\\\/\\\/regiaonews.net.br\\\/2022\\\/#organization\",\"name\":\"Regi\u00e3o News\",\"url\":\"https:\\\/\\\/regiaonews.net.br\\\/2022\\\/\",\"logo\":{\"@type\":\"ImageObject\",\"inLanguage\":\"pt-BR\",\"@id\":\"https:\\\/\\\/regiaonews.net.br\\\/2022\\\/#\\\/schema\\\/logo\\\/image\\\/\",\"url\":\"https:\\\/\\\/regiaonews.net.br\\\/2022\\\/wp-content\\\/uploads\\\/2026\\\/03\\\/regiao-13-anos-scaled.jpg\",\"contentUrl\":\"https:\\\/\\\/regiaonews.net.br\\\/2022\\\/wp-content\\\/uploads\\\/2026\\\/03\\\/regiao-13-anos-scaled.jpg\",\"width\":2560,\"height\":635,\"caption\":\"Regi\u00e3o News\"},\"image\":{\"@id\":\"https:\\\/\\\/regiaonews.net.br\\\/2022\\\/#\\\/schema\\\/logo\\\/image\\\/\"}},{\"@type\":\"Person\",\"@id\":\"https:\\\/\\\/regiaonews.net.br\\\/2022\\\/#\\\/schema\\\/person\\\/2d205a608a5aa97ac279d7a5e6d89ad8\",\"name\":\"Roberto\",\"image\":{\"@type\":\"ImageObject\",\"inLanguage\":\"pt-BR\",\"@id\":\"https:\\\/\\\/secure.gravatar.com\\\/avatar\\\/42749d8b712ff9d59ca93dc150494e5b55a44134482993f5baeb97e61b7ecc89?s=96&d=mm&r=g\",\"url\":\"https:\\\/\\\/secure.gravatar.com\\\/avatar\\\/42749d8b712ff9d59ca93dc150494e5b55a44134482993f5baeb97e61b7ecc89?s=96&d=mm&r=g\",\"contentUrl\":\"https:\\\/\\\/secure.gravatar.com\\\/avatar\\\/42749d8b712ff9d59ca93dc150494e5b55a44134482993f5baeb97e61b7ecc89?s=96&d=mm&r=g\",\"caption\":\"Roberto\"},\"url\":\"https:\\\/\\\/regiaonews.net.br\\\/2022\\\/author\\\/roberto\\\/\"}]}<\/script>\n<!-- \/ Yoast SEO plugin. -->","yoast_head_json":{"title":"Brasil enfrenta hoje o Equador pela Copa Am\u00e9rica 2021 - Regi\u00e3o News","robots":{"index":"index","follow":"follow","max-snippet":"max-snippet:-1","max-image-preview":"max-image-preview:large","max-video-preview":"max-video-preview:-1"},"canonical":"https:\/\/regiaonews.net.br\/2022\/2021\/06\/27\/brasil-enfrenta-hoje-o-equador-pela-copa-america-2021\/","og_locale":"pt_BR","og_type":"article","og_title":"Brasil enfrenta hoje o Equador pela Copa Am\u00e9rica 2021 - Regi\u00e3o News","og_description":"&nbsp; Eliminat\u00f3rias da Copa &#8211; Brasil x Equador no Beira-rio.","og_url":"https:\/\/regiaonews.net.br\/2022\/2021\/06\/27\/brasil-enfrenta-hoje-o-equador-pela-copa-america-2021\/","og_site_name":"Regi\u00e3o News","article_published_time":"2021-06-27T10:15:31+00:00","article_modified_time":"2021-06-28T11:06:48+00:00","og_image":[{"width":1170,"height":700,"url":"https:\/\/regiaonews.net.br\/2022\/wp-content\/uploads\/2020\/11\/brasil_uruguai_eliminatorias_1.jpg","type":"image\/jpeg"}],"author":"Roberto","twitter_card":"summary_large_image","twitter_misc":{"Escrito por":"Roberto","Est. tempo de leitura":"3 minutos"},"schema":{"@context":"https:\/\/schema.org","@graph":[{"@type":"Article","@id":"https:\/\/regiaonews.net.br\/2022\/2021\/06\/27\/brasil-enfrenta-hoje-o-equador-pela-copa-america-2021\/#article","isPartOf":{"@id":"https:\/\/regiaonews.net.br\/2022\/2021\/06\/27\/brasil-enfrenta-hoje-o-equador-pela-copa-america-2021\/"},"author":{"name":"Roberto","@id":"https:\/\/regiaonews.net.br\/2022\/#\/schema\/person\/2d205a608a5aa97ac279d7a5e6d89ad8"},"headline":"Brasil enfrenta hoje o Equador pela Copa Am\u00e9rica 2021","datePublished":"2021-06-27T10:15:31+00:00","dateModified":"2021-06-28T11:06:48+00:00","mainEntityOfPage":{"@id":"https:\/\/regiaonews.net.br\/2022\/2021\/06\/27\/brasil-enfrenta-hoje-o-equador-pela-copa-america-2021\/"},"wordCount":598,"commentCount":0,"publisher":{"@id":"https:\/\/regiaonews.net.br\/2022\/#organization"},"image":{"@id":"https:\/\/regiaonews.net.br\/2022\/2021\/06\/27\/brasil-enfrenta-hoje-o-equador-pela-copa-america-2021\/#primaryimage"},"thumbnailUrl":"https:\/\/regiaonews.net.br\/2022\/wp-content\/uploads\/2020\/11\/brasil_uruguai_eliminatorias_1.jpg","articleSection":["Copa Am\u00e9rica"],"inLanguage":"pt-BR","potentialAction":[{"@type":"CommentAction","name":"Comment","target":["https:\/\/regiaonews.net.br\/2022\/2021\/06\/27\/brasil-enfrenta-hoje-o-equador-pela-copa-america-2021\/#respond"]}]},{"@type":"WebPage","@id":"https:\/\/regiaonews.net.br\/2022\/2021\/06\/27\/brasil-enfrenta-hoje-o-equador-pela-copa-america-2021\/","url":"https:\/\/regiaonews.net.br\/2022\/2021\/06\/27\/brasil-enfrenta-hoje-o-equador-pela-copa-america-2021\/","name":"Brasil enfrenta hoje o Equador pela Copa Am\u00e9rica 2021 - Regi\u00e3o News","isPartOf":{"@id":"https:\/\/regiaonews.net.br\/2022\/#website"},"primaryImageOfPage":{"@id":"https:\/\/regiaonews.net.br\/2022\/2021\/06\/27\/brasil-enfrenta-hoje-o-equador-pela-copa-america-2021\/#primaryimage"},"image":{"@id":"https:\/\/regiaonews.net.br\/2022\/2021\/06\/27\/brasil-enfrenta-hoje-o-equador-pela-copa-america-2021\/#primaryimage"},"thumbnailUrl":"https:\/\/regiaonews.net.br\/2022\/wp-content\/uploads\/2020\/11\/brasil_uruguai_eliminatorias_1.jpg","datePublished":"2021-06-27T10:15:31+00:00","dateModified":"2021-06-28T11:06:48+00:00","breadcrumb":{"@id":"https:\/\/regiaonews.net.br\/2022\/2021\/06\/27\/brasil-enfrenta-hoje-o-equador-pela-copa-america-2021\/#breadcrumb"},"inLanguage":"pt-BR","potentialAction":[{"@type":"ReadAction","target":["https:\/\/regiaonews.net.br\/2022\/2021\/06\/27\/brasil-enfrenta-hoje-o-equador-pela-copa-america-2021\/"]}]},{"@type":"ImageObject","inLanguage":"pt-BR","@id":"https:\/\/regiaonews.net.br\/2022\/2021\/06\/27\/brasil-enfrenta-hoje-o-equador-pela-copa-america-2021\/#primaryimage","url":"https:\/\/regiaonews.net.br\/2022\/wp-content\/uploads\/2020\/11\/brasil_uruguai_eliminatorias_1.jpg","contentUrl":"https:\/\/regiaonews.net.br\/2022\/wp-content\/uploads\/2020\/11\/brasil_uruguai_eliminatorias_1.jpg","width":1170,"height":700},{"@type":"BreadcrumbList","@id":"https:\/\/regiaonews.net.br\/2022\/2021\/06\/27\/brasil-enfrenta-hoje-o-equador-pela-copa-america-2021\/#breadcrumb","itemListElement":[{"@type":"ListItem","position":1,"name":"In\u00edcio","item":"https:\/\/regiaonews.net.br\/2022\/"},{"@type":"ListItem","position":2,"name":"Brasil enfrenta hoje o Equador pela Copa Am\u00e9rica 2021"}]},{"@type":"WebSite","@id":"https:\/\/regiaonews.net.br\/2022\/#website","url":"https:\/\/regiaonews.net.br\/2022\/","name":"Regi\u00e3o News","description":"Site de Not\u00edcias de Barretos e regi\u00e3o","publisher":{"@id":"https:\/\/regiaonews.net.br\/2022\/#organization"},"potentialAction":[{"@type":"SearchAction","target":{"@type":"EntryPoint","urlTemplate":"https:\/\/regiaonews.net.br\/2022\/?s={search_term_string}"},"query-input":{"@type":"PropertyValueSpecification","valueRequired":true,"valueName":"search_term_string"}}],"inLanguage":"pt-BR"},{"@type":"Organization","@id":"https:\/\/regiaonews.net.br\/2022\/#organization","name":"Regi\u00e3o News","url":"https:\/\/regiaonews.net.br\/2022\/","logo":{"@type":"ImageObject","inLanguage":"pt-BR","@id":"https:\/\/regiaonews.net.br\/2022\/#\/schema\/logo\/image\/","url":"https:\/\/regiaonews.net.br\/2022\/wp-content\/uploads\/2026\/03\/regiao-13-anos-scaled.jpg","contentUrl":"https:\/\/regiaonews.net.br\/2022\/wp-content\/uploads\/2026\/03\/regiao-13-anos-scaled.jpg","width":2560,"height":635,"caption":"Regi\u00e3o News"},"image":{"@id":"https:\/\/regiaonews.net.br\/2022\/#\/schema\/logo\/image\/"}},{"@type":"Person","@id":"https:\/\/regiaonews.net.br\/2022\/#\/schema\/person\/2d205a608a5aa97ac279d7a5e6d89ad8","name":"Roberto","image":{"@type":"ImageObject","inLanguage":"pt-BR","@id":"https:\/\/secure.gravatar.com\/avatar\/42749d8b712ff9d59ca93dc150494e5b55a44134482993f5baeb97e61b7ecc89?s=96&d=mm&r=g","url":"https:\/\/secure.gravatar.com\/avatar\/42749d8b712ff9d59ca93dc150494e5b55a44134482993f5baeb97e61b7ecc89?s=96&d=mm&r=g","contentUrl":"https:\/\/secure.gravatar.com\/avatar\/42749d8b712ff9d59ca93dc150494e5b55a44134482993f5baeb97e61b7ecc89?s=96&d=mm&r=g","caption":"Roberto"},"url":"https:\/\/regiaonews.net.br\/2022\/author\/roberto\/"}]}},"publishpress_future_action":{"enabled":false,"date":"2026-05-02 07:13:56","action":"change-status","newStatus":"draft","terms":[],"taxonomy":"category","extraData":[]},"publishpress_future_workflow_manual_trigger":{"enabledWorkflows":[]},"_links":{"self":[{"href":"https:\/\/regiaonews.net.br\/2022\/wp-json\/wp\/v2\/posts\/49344","targetHints":{"allow":["GET"]}}],"collection":[{"href":"https:\/\/regiaonews.net.br\/2022\/wp-json\/wp\/v2\/posts"}],"about":[{"href":"https:\/\/regiaonews.net.br\/2022\/wp-json\/wp\/v2\/types\/post"}],"author":[{"embeddable":true,"href":"https:\/\/regiaonews.net.br\/2022\/wp-json\/wp\/v2\/users\/2"}],"replies":[{"embeddable":true,"href":"https:\/\/regiaonews.net.br\/2022\/wp-json\/wp\/v2\/comments?post=49344"}],"version-history":[{"count":0,"href":"https:\/\/regiaonews.net.br\/2022\/wp-json\/wp\/v2\/posts\/49344\/revisions"}],"wp:featuredmedia":[{"embeddable":true,"href":"https:\/\/regiaonews.net.br\/2022\/wp-json\/wp\/v2\/media\/39835"}],"wp:attachment":[{"href":"https:\/\/regiaonews.net.br\/2022\/wp-json\/wp\/v2\/media?parent=49344"}],"wp:term":[{"taxonomy":"category","embeddable":true,"href":"https:\/\/regiaonews.net.br\/2022\/wp-json\/wp\/v2\/categories?post=49344"},{"taxonomy":"post_tag","embeddable":true,"href":"https:\/\/regiaonews.net.br\/2022\/wp-json\/wp\/v2\/tags?post=49344"}],"curies":[{"name":"wp","href":"https:\/\/api.w.org\/{rel}","templated":true}]}}