{"id":49342,"date":"2021-06-27T07:04:11","date_gmt":"2021-06-27T10:04:11","guid":{"rendered":"https:\/\/regiaonews.net.br\/2022\/?p=49342"},"modified":"2021-06-27T07:04:26","modified_gmt":"2021-06-27T10:04:26","slug":"sao-paulo-fashion-week-encerra-hoje","status":"publish","type":"post","link":"https:\/\/regiaonews.net.br\/2022\/2021\/06\/27\/sao-paulo-fashion-week-encerra-hoje\/","title":{"rendered":"S\u00e3o Paulo Fashion Week encerra hoje"},"content":{"rendered":"<p><a href=\"https:\/\/regiaonews.net.br\/2022\/wp-content\/uploads\/2021\/06\/20210623_225320.jpg\"><img loading=\"lazy\" decoding=\"async\" class=\"alignnone size-medium wp-image-49155\" src=\"https:\/\/regiaonews.net.br\/2022\/wp-content\/uploads\/2021\/06\/20210623_225320-300x176.jpg\" alt=\"\" width=\"300\" height=\"176\" \/><\/a><\/p>\n<div class=\"col-lg-12 mb-3\">\n<div class=\"row\">\n<h4 class=\"col-10 offset-1 animated fadeInDown dealy-1100 alt-font font-italic my-2 small text-info text-center\">Fonte &#8211; Ag\u00eancia Brasil<\/h4>\n<\/div>\n<\/div>\n<div class=\"col-xl-7 offset-xl-1 col-lg-8 offset-lg-0 col-md-10 offset-md-1 mb-3\">\n<div class=\"post-item alt-font\">\n<div class=\"post-item-wrap\">\n<p>A 51\u00aa edi\u00e7\u00e3o da S\u00e3o Paulo Fashion Week (SPFW), que exige\u00a050% dos modelos participantes negros ou ind\u00edgenas, mostra como os debates sobre ra\u00e7a propostos na d\u00e9cada passada renderam frutos. Em 2009, por exemplo, o Minist\u00e9rio P\u00fablico de S\u00e3o Paulo (MPSP)\u00a0<a href=\"https:\/\/memoria.ebc.com.br\/agenciabrasil\/noticia\/2009-04-19\/mp-pretende-intimar-estilistas-e-organizadores-de-evento-de-moda-para-incluir-negros-em-desfiles\" target=\"_blank\" rel=\"noopener\">intimou<\/a>\u00a0estilistas e organizadores sobre a escolha do casting do evento. Atualmente, al\u00e9m da cota racial, a semana de moda recebe o projeto Sankofa, coletivo de estilistas negros com oito marcas.<img decoding=\"async\" src=\"https:\/\/agenciabrasil.ebc.com.br\/ebc.png?id=1413895&amp;o=node\" \/><img decoding=\"async\" src=\"https:\/\/agenciabrasil.ebc.com.br\/ebc.gif?id=1413895&amp;o=node\" \/><\/p>\n<p>\u201cA moda \u00e9 um recado, \u00e9 um c\u00f3digo que se apresenta para as pessoas. [Uma mensagem] de autoestima ou de baixa-estima, para incluir ou para excluir. Tem os dois caminhos. A gente sempre vem procurando trazer para a moda e, a partir do SPFW, enfrentando essas quest\u00f5es que transformem o todo\u201d, aponta Paulo Borges, diretor criativo da SPFW. O evento teve\u00a0<a href=\"https:\/\/agenciabrasil.ebc.com.br\/geral\/noticia\/2021-06\/sao-paulo-fashion-week-comeca-hoje-em-versao-online-de-festival\" target=\"_blank\" rel=\"noopener\">in\u00edcio<\/a>\u00a0no dia 23 e segue at\u00e9 domingo (27) e conta com a participa\u00e7\u00e3o de 43 marcas.<\/p>\n<p>O diretor destaca que grandes eventos podem ser vitrines para que mudan\u00e7as reais aconte\u00e7am na sociedade. \u201cAo colocar modelos racializados na passarela, voc\u00ea n\u00e3o est\u00e1 mudando a SPFW, voc\u00ea est\u00e1 trazendo uma mensagem para a sociedade como um todo. \u00c9 isso que \u00e9 importante, o mais importante aqui \u00e9 onde se chega com esse gesto\u201d, defende.<\/p>\n<p>Ele acrescenta que essas mudan\u00e7as s\u00e3o fundamentais para que o pr\u00f3prio processo criativo de moda seja mais diverso. \u201cA moda \u00e9 um processo vivo, \u00e9 um processo org\u00e2nico. Viver, neste momento, \u00e9 uma experi\u00eancia de aprendizado. Quanto mais escutar, mais vai conseguir provocar pontes e transforma\u00e7\u00f5es.\u201d<\/p>\n<h2>Semana de moda do Brasil<\/h2>\n<p>O evento, em formato de festival, tem como tema \u201cRegenera\u00e7\u00e3o\u201d, conceito que envolve aspectos como protagonismo feminino, empreendedorismo, inclus\u00e3o e tecnologia. Borges explica que o ano da pandemia trouxe essa perspectiva da necessidade de refazer.\u00a0 \u201c[Falamos] de fazer processos regenerativos para tudo, pra moda, pra vida, pras rela\u00e7\u00f5es, pras pessoas, pro processo, pro ambiente. E a gente foi entendendo que tudo isso acontecia de uma maneira em que tudo fazia sentido\u201d, explica.<\/p>\n<p>Em uma edi\u00e7\u00e3o 100% digital, assim como a anterior, Borges aponta que a presen\u00e7a online \u00e9 uma marca do evento. \u201cA gente sempre acreditou que a internet, para o Brasil, pelo seu tamanho, pela sua forma, n\u00e3o s\u00f3 geogr\u00e1fica, mas diversa do ponto de vista de cultura, de comportamento, seria uma ferramenta valiosa para construir um processo de moda dentro do pa\u00eds\u201d, avalia.<\/p>\n<p>A pr\u00f3xima edi\u00e7\u00e3o est\u00e1 prevista para novembro. \u201cAcredito que a gente j\u00e1 consegue fazer uma parte da S\u00e3o Paulo Fashion Week, do festival, de forma f\u00edsica, com todas as precau\u00e7\u00f5es necess\u00e1rias, mas estamos tamb\u00e9m prontos para fazer 100% digital.\u201d Borges acredita que, mesmo com o fim das restri\u00e7\u00f5es sanit\u00e1rias, o evento caminha para uma mescla entre o digital e o f\u00edsico. \u201cVoc\u00ea n\u00e3o vai trocando, voc\u00ea vai juntando camadas de rela\u00e7\u00f5es, de velocidades, de formas e a gente j\u00e1 vem experimentando o digital com a S\u00e3o Paulo Fashion Week h\u00e1 bastante tempo.\u201d<\/p>\n<\/div>\n<\/div>\n<\/div>\n","protected":false},"excerpt":{"rendered":"<p>Fonte &#8211; Ag\u00eancia Brasil A 51\u00aa edi\u00e7\u00e3o da S\u00e3o Paulo<\/p>\n","protected":false},"author":2,"featured_media":49155,"comment_status":"open","ping_status":"open","sticky":false,"template":"","format":"standard","meta":{"footnotes":""},"categories":[29],"tags":[],"class_list":["post-49342","post","type-post","status-publish","format-standard","has-post-thumbnail","hentry","category-sao-paulo"],"yoast_head":"<!-- This site is optimized with the Yoast SEO plugin v27.4 - https:\/\/yoast.com\/product\/yoast-seo-wordpress\/ -->\n<title>S\u00e3o Paulo Fashion Week encerra hoje - Regi\u00e3o News<\/title>\n<meta name=\"robots\" content=\"index, follow, max-snippet:-1, max-image-preview:large, max-video-preview:-1\" \/>\n<link rel=\"canonical\" href=\"https:\/\/regiaonews.net.br\/2022\/2021\/06\/27\/sao-paulo-fashion-week-encerra-hoje\/\" \/>\n<meta property=\"og:locale\" content=\"pt_BR\" \/>\n<meta property=\"og:type\" content=\"article\" \/>\n<meta property=\"og:title\" content=\"S\u00e3o Paulo Fashion Week encerra hoje - Regi\u00e3o News\" \/>\n<meta property=\"og:description\" content=\"Fonte &#8211; Ag\u00eancia Brasil A 51\u00aa edi\u00e7\u00e3o da S\u00e3o Paulo\" \/>\n<meta property=\"og:url\" content=\"https:\/\/regiaonews.net.br\/2022\/2021\/06\/27\/sao-paulo-fashion-week-encerra-hoje\/\" \/>\n<meta property=\"og:site_name\" content=\"Regi\u00e3o News\" \/>\n<meta property=\"article:published_time\" content=\"2021-06-27T10:04:11+00:00\" \/>\n<meta property=\"article:modified_time\" content=\"2021-06-27T10:04:26+00:00\" \/>\n<meta property=\"og:image\" content=\"https:\/\/regiaonews.net.br\/2022\/wp-content\/uploads\/2021\/06\/20210623_225320.jpg\" \/>\n\t<meta property=\"og:image:width\" content=\"1080\" \/>\n\t<meta property=\"og:image:height\" content=\"633\" \/>\n\t<meta property=\"og:image:type\" content=\"image\/jpeg\" \/>\n<meta name=\"author\" content=\"Roberto\" \/>\n<meta name=\"twitter:card\" content=\"summary_large_image\" \/>\n<meta name=\"twitter:label1\" content=\"Escrito por\" \/>\n\t<meta name=\"twitter:data1\" content=\"Roberto\" \/>\n\t<meta name=\"twitter:label2\" content=\"Est. tempo de leitura\" \/>\n\t<meta name=\"twitter:data2\" content=\"3 minutos\" \/>\n<script type=\"application\/ld+json\" class=\"yoast-schema-graph\">{\"@context\":\"https:\\\/\\\/schema.org\",\"@graph\":[{\"@type\":\"Article\",\"@id\":\"https:\\\/\\\/regiaonews.net.br\\\/2022\\\/2021\\\/06\\\/27\\\/sao-paulo-fashion-week-encerra-hoje\\\/#article\",\"isPartOf\":{\"@id\":\"https:\\\/\\\/regiaonews.net.br\\\/2022\\\/2021\\\/06\\\/27\\\/sao-paulo-fashion-week-encerra-hoje\\\/\"},\"author\":{\"name\":\"Roberto\",\"@id\":\"https:\\\/\\\/regiaonews.net.br\\\/2022\\\/#\\\/schema\\\/person\\\/2d205a608a5aa97ac279d7a5e6d89ad8\"},\"headline\":\"S\u00e3o Paulo Fashion Week encerra hoje\",\"datePublished\":\"2021-06-27T10:04:11+00:00\",\"dateModified\":\"2021-06-27T10:04:26+00:00\",\"mainEntityOfPage\":{\"@id\":\"https:\\\/\\\/regiaonews.net.br\\\/2022\\\/2021\\\/06\\\/27\\\/sao-paulo-fashion-week-encerra-hoje\\\/\"},\"wordCount\":522,\"commentCount\":0,\"publisher\":{\"@id\":\"https:\\\/\\\/regiaonews.net.br\\\/2022\\\/#organization\"},\"image\":{\"@id\":\"https:\\\/\\\/regiaonews.net.br\\\/2022\\\/2021\\\/06\\\/27\\\/sao-paulo-fashion-week-encerra-hoje\\\/#primaryimage\"},\"thumbnailUrl\":\"https:\\\/\\\/regiaonews.net.br\\\/2022\\\/wp-content\\\/uploads\\\/2021\\\/06\\\/20210623_225320.jpg\",\"articleSection\":[\"S\u00e3o Paulo\"],\"inLanguage\":\"pt-BR\",\"potentialAction\":[{\"@type\":\"CommentAction\",\"name\":\"Comment\",\"target\":[\"https:\\\/\\\/regiaonews.net.br\\\/2022\\\/2021\\\/06\\\/27\\\/sao-paulo-fashion-week-encerra-hoje\\\/#respond\"]}]},{\"@type\":\"WebPage\",\"@id\":\"https:\\\/\\\/regiaonews.net.br\\\/2022\\\/2021\\\/06\\\/27\\\/sao-paulo-fashion-week-encerra-hoje\\\/\",\"url\":\"https:\\\/\\\/regiaonews.net.br\\\/2022\\\/2021\\\/06\\\/27\\\/sao-paulo-fashion-week-encerra-hoje\\\/\",\"name\":\"S\u00e3o Paulo Fashion Week encerra hoje - Regi\u00e3o News\",\"isPartOf\":{\"@id\":\"https:\\\/\\\/regiaonews.net.br\\\/2022\\\/#website\"},\"primaryImageOfPage\":{\"@id\":\"https:\\\/\\\/regiaonews.net.br\\\/2022\\\/2021\\\/06\\\/27\\\/sao-paulo-fashion-week-encerra-hoje\\\/#primaryimage\"},\"image\":{\"@id\":\"https:\\\/\\\/regiaonews.net.br\\\/2022\\\/2021\\\/06\\\/27\\\/sao-paulo-fashion-week-encerra-hoje\\\/#primaryimage\"},\"thumbnailUrl\":\"https:\\\/\\\/regiaonews.net.br\\\/2022\\\/wp-content\\\/uploads\\\/2021\\\/06\\\/20210623_225320.jpg\",\"datePublished\":\"2021-06-27T10:04:11+00:00\",\"dateModified\":\"2021-06-27T10:04:26+00:00\",\"breadcrumb\":{\"@id\":\"https:\\\/\\\/regiaonews.net.br\\\/2022\\\/2021\\\/06\\\/27\\\/sao-paulo-fashion-week-encerra-hoje\\\/#breadcrumb\"},\"inLanguage\":\"pt-BR\",\"potentialAction\":[{\"@type\":\"ReadAction\",\"target\":[\"https:\\\/\\\/regiaonews.net.br\\\/2022\\\/2021\\\/06\\\/27\\\/sao-paulo-fashion-week-encerra-hoje\\\/\"]}]},{\"@type\":\"ImageObject\",\"inLanguage\":\"pt-BR\",\"@id\":\"https:\\\/\\\/regiaonews.net.br\\\/2022\\\/2021\\\/06\\\/27\\\/sao-paulo-fashion-week-encerra-hoje\\\/#primaryimage\",\"url\":\"https:\\\/\\\/regiaonews.net.br\\\/2022\\\/wp-content\\\/uploads\\\/2021\\\/06\\\/20210623_225320.jpg\",\"contentUrl\":\"https:\\\/\\\/regiaonews.net.br\\\/2022\\\/wp-content\\\/uploads\\\/2021\\\/06\\\/20210623_225320.jpg\",\"width\":1080,\"height\":633},{\"@type\":\"BreadcrumbList\",\"@id\":\"https:\\\/\\\/regiaonews.net.br\\\/2022\\\/2021\\\/06\\\/27\\\/sao-paulo-fashion-week-encerra-hoje\\\/#breadcrumb\",\"itemListElement\":[{\"@type\":\"ListItem\",\"position\":1,\"name\":\"In\u00edcio\",\"item\":\"https:\\\/\\\/regiaonews.net.br\\\/2022\\\/\"},{\"@type\":\"ListItem\",\"position\":2,\"name\":\"S\u00e3o Paulo Fashion Week encerra hoje\"}]},{\"@type\":\"WebSite\",\"@id\":\"https:\\\/\\\/regiaonews.net.br\\\/2022\\\/#website\",\"url\":\"https:\\\/\\\/regiaonews.net.br\\\/2022\\\/\",\"name\":\"Regi\u00e3o News\",\"description\":\"Site de Not\u00edcias de Barretos e regi\u00e3o\",\"publisher\":{\"@id\":\"https:\\\/\\\/regiaonews.net.br\\\/2022\\\/#organization\"},\"potentialAction\":[{\"@type\":\"SearchAction\",\"target\":{\"@type\":\"EntryPoint\",\"urlTemplate\":\"https:\\\/\\\/regiaonews.net.br\\\/2022\\\/?s={search_term_string}\"},\"query-input\":{\"@type\":\"PropertyValueSpecification\",\"valueRequired\":true,\"valueName\":\"search_term_string\"}}],\"inLanguage\":\"pt-BR\"},{\"@type\":\"Organization\",\"@id\":\"https:\\\/\\\/regiaonews.net.br\\\/2022\\\/#organization\",\"name\":\"Regi\u00e3o News\",\"url\":\"https:\\\/\\\/regiaonews.net.br\\\/2022\\\/\",\"logo\":{\"@type\":\"ImageObject\",\"inLanguage\":\"pt-BR\",\"@id\":\"https:\\\/\\\/regiaonews.net.br\\\/2022\\\/#\\\/schema\\\/logo\\\/image\\\/\",\"url\":\"https:\\\/\\\/regiaonews.net.br\\\/2022\\\/wp-content\\\/uploads\\\/2026\\\/03\\\/regiao-13-anos-scaled.jpg\",\"contentUrl\":\"https:\\\/\\\/regiaonews.net.br\\\/2022\\\/wp-content\\\/uploads\\\/2026\\\/03\\\/regiao-13-anos-scaled.jpg\",\"width\":2560,\"height\":635,\"caption\":\"Regi\u00e3o News\"},\"image\":{\"@id\":\"https:\\\/\\\/regiaonews.net.br\\\/2022\\\/#\\\/schema\\\/logo\\\/image\\\/\"}},{\"@type\":\"Person\",\"@id\":\"https:\\\/\\\/regiaonews.net.br\\\/2022\\\/#\\\/schema\\\/person\\\/2d205a608a5aa97ac279d7a5e6d89ad8\",\"name\":\"Roberto\",\"image\":{\"@type\":\"ImageObject\",\"inLanguage\":\"pt-BR\",\"@id\":\"https:\\\/\\\/secure.gravatar.com\\\/avatar\\\/42749d8b712ff9d59ca93dc150494e5b55a44134482993f5baeb97e61b7ecc89?s=96&d=mm&r=g\",\"url\":\"https:\\\/\\\/secure.gravatar.com\\\/avatar\\\/42749d8b712ff9d59ca93dc150494e5b55a44134482993f5baeb97e61b7ecc89?s=96&d=mm&r=g\",\"contentUrl\":\"https:\\\/\\\/secure.gravatar.com\\\/avatar\\\/42749d8b712ff9d59ca93dc150494e5b55a44134482993f5baeb97e61b7ecc89?s=96&d=mm&r=g\",\"caption\":\"Roberto\"},\"url\":\"https:\\\/\\\/regiaonews.net.br\\\/2022\\\/author\\\/roberto\\\/\"}]}<\/script>\n<!-- \/ Yoast SEO plugin. -->","yoast_head_json":{"title":"S\u00e3o Paulo Fashion Week encerra hoje - Regi\u00e3o News","robots":{"index":"index","follow":"follow","max-snippet":"max-snippet:-1","max-image-preview":"max-image-preview:large","max-video-preview":"max-video-preview:-1"},"canonical":"https:\/\/regiaonews.net.br\/2022\/2021\/06\/27\/sao-paulo-fashion-week-encerra-hoje\/","og_locale":"pt_BR","og_type":"article","og_title":"S\u00e3o Paulo Fashion Week encerra hoje - Regi\u00e3o News","og_description":"Fonte &#8211; Ag\u00eancia Brasil A 51\u00aa edi\u00e7\u00e3o da S\u00e3o Paulo","og_url":"https:\/\/regiaonews.net.br\/2022\/2021\/06\/27\/sao-paulo-fashion-week-encerra-hoje\/","og_site_name":"Regi\u00e3o News","article_published_time":"2021-06-27T10:04:11+00:00","article_modified_time":"2021-06-27T10:04:26+00:00","og_image":[{"width":1080,"height":633,"url":"https:\/\/regiaonews.net.br\/2022\/wp-content\/uploads\/2021\/06\/20210623_225320.jpg","type":"image\/jpeg"}],"author":"Roberto","twitter_card":"summary_large_image","twitter_misc":{"Escrito por":"Roberto","Est. tempo de leitura":"3 minutos"},"schema":{"@context":"https:\/\/schema.org","@graph":[{"@type":"Article","@id":"https:\/\/regiaonews.net.br\/2022\/2021\/06\/27\/sao-paulo-fashion-week-encerra-hoje\/#article","isPartOf":{"@id":"https:\/\/regiaonews.net.br\/2022\/2021\/06\/27\/sao-paulo-fashion-week-encerra-hoje\/"},"author":{"name":"Roberto","@id":"https:\/\/regiaonews.net.br\/2022\/#\/schema\/person\/2d205a608a5aa97ac279d7a5e6d89ad8"},"headline":"S\u00e3o Paulo Fashion Week encerra hoje","datePublished":"2021-06-27T10:04:11+00:00","dateModified":"2021-06-27T10:04:26+00:00","mainEntityOfPage":{"@id":"https:\/\/regiaonews.net.br\/2022\/2021\/06\/27\/sao-paulo-fashion-week-encerra-hoje\/"},"wordCount":522,"commentCount":0,"publisher":{"@id":"https:\/\/regiaonews.net.br\/2022\/#organization"},"image":{"@id":"https:\/\/regiaonews.net.br\/2022\/2021\/06\/27\/sao-paulo-fashion-week-encerra-hoje\/#primaryimage"},"thumbnailUrl":"https:\/\/regiaonews.net.br\/2022\/wp-content\/uploads\/2021\/06\/20210623_225320.jpg","articleSection":["S\u00e3o Paulo"],"inLanguage":"pt-BR","potentialAction":[{"@type":"CommentAction","name":"Comment","target":["https:\/\/regiaonews.net.br\/2022\/2021\/06\/27\/sao-paulo-fashion-week-encerra-hoje\/#respond"]}]},{"@type":"WebPage","@id":"https:\/\/regiaonews.net.br\/2022\/2021\/06\/27\/sao-paulo-fashion-week-encerra-hoje\/","url":"https:\/\/regiaonews.net.br\/2022\/2021\/06\/27\/sao-paulo-fashion-week-encerra-hoje\/","name":"S\u00e3o Paulo Fashion Week encerra hoje - Regi\u00e3o News","isPartOf":{"@id":"https:\/\/regiaonews.net.br\/2022\/#website"},"primaryImageOfPage":{"@id":"https:\/\/regiaonews.net.br\/2022\/2021\/06\/27\/sao-paulo-fashion-week-encerra-hoje\/#primaryimage"},"image":{"@id":"https:\/\/regiaonews.net.br\/2022\/2021\/06\/27\/sao-paulo-fashion-week-encerra-hoje\/#primaryimage"},"thumbnailUrl":"https:\/\/regiaonews.net.br\/2022\/wp-content\/uploads\/2021\/06\/20210623_225320.jpg","datePublished":"2021-06-27T10:04:11+00:00","dateModified":"2021-06-27T10:04:26+00:00","breadcrumb":{"@id":"https:\/\/regiaonews.net.br\/2022\/2021\/06\/27\/sao-paulo-fashion-week-encerra-hoje\/#breadcrumb"},"inLanguage":"pt-BR","potentialAction":[{"@type":"ReadAction","target":["https:\/\/regiaonews.net.br\/2022\/2021\/06\/27\/sao-paulo-fashion-week-encerra-hoje\/"]}]},{"@type":"ImageObject","inLanguage":"pt-BR","@id":"https:\/\/regiaonews.net.br\/2022\/2021\/06\/27\/sao-paulo-fashion-week-encerra-hoje\/#primaryimage","url":"https:\/\/regiaonews.net.br\/2022\/wp-content\/uploads\/2021\/06\/20210623_225320.jpg","contentUrl":"https:\/\/regiaonews.net.br\/2022\/wp-content\/uploads\/2021\/06\/20210623_225320.jpg","width":1080,"height":633},{"@type":"BreadcrumbList","@id":"https:\/\/regiaonews.net.br\/2022\/2021\/06\/27\/sao-paulo-fashion-week-encerra-hoje\/#breadcrumb","itemListElement":[{"@type":"ListItem","position":1,"name":"In\u00edcio","item":"https:\/\/regiaonews.net.br\/2022\/"},{"@type":"ListItem","position":2,"name":"S\u00e3o Paulo Fashion Week encerra hoje"}]},{"@type":"WebSite","@id":"https:\/\/regiaonews.net.br\/2022\/#website","url":"https:\/\/regiaonews.net.br\/2022\/","name":"Regi\u00e3o News","description":"Site de Not\u00edcias de Barretos e regi\u00e3o","publisher":{"@id":"https:\/\/regiaonews.net.br\/2022\/#organization"},"potentialAction":[{"@type":"SearchAction","target":{"@type":"EntryPoint","urlTemplate":"https:\/\/regiaonews.net.br\/2022\/?s={search_term_string}"},"query-input":{"@type":"PropertyValueSpecification","valueRequired":true,"valueName":"search_term_string"}}],"inLanguage":"pt-BR"},{"@type":"Organization","@id":"https:\/\/regiaonews.net.br\/2022\/#organization","name":"Regi\u00e3o News","url":"https:\/\/regiaonews.net.br\/2022\/","logo":{"@type":"ImageObject","inLanguage":"pt-BR","@id":"https:\/\/regiaonews.net.br\/2022\/#\/schema\/logo\/image\/","url":"https:\/\/regiaonews.net.br\/2022\/wp-content\/uploads\/2026\/03\/regiao-13-anos-scaled.jpg","contentUrl":"https:\/\/regiaonews.net.br\/2022\/wp-content\/uploads\/2026\/03\/regiao-13-anos-scaled.jpg","width":2560,"height":635,"caption":"Regi\u00e3o News"},"image":{"@id":"https:\/\/regiaonews.net.br\/2022\/#\/schema\/logo\/image\/"}},{"@type":"Person","@id":"https:\/\/regiaonews.net.br\/2022\/#\/schema\/person\/2d205a608a5aa97ac279d7a5e6d89ad8","name":"Roberto","image":{"@type":"ImageObject","inLanguage":"pt-BR","@id":"https:\/\/secure.gravatar.com\/avatar\/42749d8b712ff9d59ca93dc150494e5b55a44134482993f5baeb97e61b7ecc89?s=96&d=mm&r=g","url":"https:\/\/secure.gravatar.com\/avatar\/42749d8b712ff9d59ca93dc150494e5b55a44134482993f5baeb97e61b7ecc89?s=96&d=mm&r=g","contentUrl":"https:\/\/secure.gravatar.com\/avatar\/42749d8b712ff9d59ca93dc150494e5b55a44134482993f5baeb97e61b7ecc89?s=96&d=mm&r=g","caption":"Roberto"},"url":"https:\/\/regiaonews.net.br\/2022\/author\/roberto\/"}]}},"publishpress_future_action":{"enabled":false,"date":"2026-05-02 07:01:47","action":"change-status","newStatus":"draft","terms":[],"taxonomy":"category","extraData":[]},"publishpress_future_workflow_manual_trigger":{"enabledWorkflows":[]},"_links":{"self":[{"href":"https:\/\/regiaonews.net.br\/2022\/wp-json\/wp\/v2\/posts\/49342","targetHints":{"allow":["GET"]}}],"collection":[{"href":"https:\/\/regiaonews.net.br\/2022\/wp-json\/wp\/v2\/posts"}],"about":[{"href":"https:\/\/regiaonews.net.br\/2022\/wp-json\/wp\/v2\/types\/post"}],"author":[{"embeddable":true,"href":"https:\/\/regiaonews.net.br\/2022\/wp-json\/wp\/v2\/users\/2"}],"replies":[{"embeddable":true,"href":"https:\/\/regiaonews.net.br\/2022\/wp-json\/wp\/v2\/comments?post=49342"}],"version-history":[{"count":0,"href":"https:\/\/regiaonews.net.br\/2022\/wp-json\/wp\/v2\/posts\/49342\/revisions"}],"wp:featuredmedia":[{"embeddable":true,"href":"https:\/\/regiaonews.net.br\/2022\/wp-json\/wp\/v2\/media\/49155"}],"wp:attachment":[{"href":"https:\/\/regiaonews.net.br\/2022\/wp-json\/wp\/v2\/media?parent=49342"}],"wp:term":[{"taxonomy":"category","embeddable":true,"href":"https:\/\/regiaonews.net.br\/2022\/wp-json\/wp\/v2\/categories?post=49342"},{"taxonomy":"post_tag","embeddable":true,"href":"https:\/\/regiaonews.net.br\/2022\/wp-json\/wp\/v2\/tags?post=49342"}],"curies":[{"name":"wp","href":"https:\/\/api.w.org\/{rel}","templated":true}]}}