{"id":49337,"date":"2021-06-27T06:52:07","date_gmt":"2021-06-27T09:52:07","guid":{"rendered":"https:\/\/regiaonews.net.br\/2022\/?p=49337"},"modified":"2021-06-28T08:06:15","modified_gmt":"2021-06-28T11:06:15","slug":"italia-vence-austria-na-prorrogacao-e-dinamarca-goleia-na-eurocopa","status":"publish","type":"post","link":"https:\/\/regiaonews.net.br\/2022\/2021\/06\/27\/italia-vence-austria-na-prorrogacao-e-dinamarca-goleia-na-eurocopa\/","title":{"rendered":"It\u00e1lia vence \u00c1ustria na prorroga\u00e7\u00e3o e Dinamarca goleia na Eurocopa"},"content":{"rendered":"<p><a href=\"https:\/\/regiaonews.net.br\/2022\/wp-content\/uploads\/2021\/06\/20210627_064748.jpg\"><img loading=\"lazy\" decoding=\"async\" class=\"alignnone size-medium wp-image-49338\" src=\"https:\/\/regiaonews.net.br\/2022\/wp-content\/uploads\/2021\/06\/20210627_064748-300x184.jpg\" alt=\"\" width=\"300\" height=\"184\" \/><\/a><\/p>\n<div class=\"col-lg-12 mb-3\">\n<div class=\"row\">\n<h2 class=\"col-10 offset-1 animated fadeInDown dealy-750 display-6 display-md-4 display-lg-5 font-weight-bold alt-font text-center my-1\"><\/h2>\n<\/div>\n<div class=\"row\">\n<h4 class=\"col-10 offset-1 animated fadeInDown dealy-1100 alt-font font-italic my-2 small text-info text-center\">Fonte &#8211; Ag\u00eancia Brasil<\/h4>\n<\/div>\n<\/div>\n<div class=\"col-xl-7 offset-xl-1 col-lg-8 offset-lg-0 col-md-10 offset-md-1 mb-3\">\n<div class=\"post-item alt-font\">\n<div class=\"post-item-wrap\">\n<p>A It\u00e1lia derrotou a \u00c1ustria por 2 a 1 na prorroga\u00e7\u00e3o, neste s\u00e1bado (26) em partida realizada no est\u00e1dio de Wembley, em Londres (Inglaterra), e se classificou para as quartas de final da Eurocopa.<img decoding=\"async\" src=\"https:\/\/agenciabrasil.ebc.com.br\/ebc.png?id=1413911&amp;o=node\" \/><img decoding=\"async\" src=\"https:\/\/agenciabrasil.ebc.com.br\/ebc.gif?id=1413911&amp;o=node\" \/><\/p>\n<p>Na pr\u00f3xima fase, a Azzurra enfrenta o vencedor de B\u00e9lgica e Portugal, que jogam no pr\u00f3ximo domingo (27) a partir das 16h (hor\u00e1rio de Bras\u00edlia) em Munique (Alemanha).<\/p>\n<p>Ap\u00f3s um empate sem gols no tempo regulamentar, o atacante Chiesa abriu o placar aos 4 minutos do tempo extra com chute cruzado de esquerda. A It\u00e1lia conseguiu ampliar a vantagem dez minutos depois, gra\u00e7as ao volante Pessina. Kalajdzic ainda conseguiu diminuir para a \u00c1ustria aos 8 minutos da etapa final da prorroga\u00e7\u00e3o, mas a vit\u00f3ria final ficou mesmo com a Azzurra, que alcan\u00e7ou com este triunfo uma invencibilidade de 31 jogos.<\/p>\n<h2>Goleada da Dinamarca<\/h2>\n<p>Quem tamb\u00e9m avan\u00e7ou para as quartas da Euro neste s\u00e1bado foi a Dinamarca, que goleou o Pa\u00eds de Gales por 4 a 0 jogando na Johan Cruijff Arena, em Amsterdam (Holanda). O triunfo foi constru\u00eddo com gols de Braithwaite, Maehle e Dolberg (dois).<\/p>\n<p>Na pr\u00f3xima etapa, a Dinamarca medir\u00e1 for\u00e7as com o vencedor de Holanda e Rep\u00fablica Tcheca, que se enfrentam na Pusk\u00e1s Ar\u00e9na, em Budapeste (Hungria), no pr\u00f3ximo domingo a partir das 13h.<\/p>\n<\/div>\n<\/div>\n<\/div>\n","protected":false},"excerpt":{"rendered":"<p>Fonte &#8211; Ag\u00eancia Brasil A It\u00e1lia derrotou a \u00c1ustria por<\/p>\n","protected":false},"author":2,"featured_media":49338,"comment_status":"open","ping_status":"open","sticky":false,"template":"","format":"standard","meta":{"footnotes":""},"categories":[21,31],"tags":[],"class_list":["post-49337","post","type-post","status-publish","format-standard","has-post-thumbnail","hentry","category-esporte","category-internacional"],"yoast_head":"<!-- This site is optimized with the Yoast SEO plugin v27.4 - https:\/\/yoast.com\/product\/yoast-seo-wordpress\/ -->\n<title>It\u00e1lia vence \u00c1ustria na prorroga\u00e7\u00e3o e Dinamarca goleia na Eurocopa - Regi\u00e3o News<\/title>\n<meta name=\"robots\" content=\"index, follow, max-snippet:-1, max-image-preview:large, max-video-preview:-1\" \/>\n<link rel=\"canonical\" href=\"https:\/\/regiaonews.net.br\/2022\/2021\/06\/27\/italia-vence-austria-na-prorrogacao-e-dinamarca-goleia-na-eurocopa\/\" \/>\n<meta property=\"og:locale\" content=\"pt_BR\" \/>\n<meta property=\"og:type\" content=\"article\" \/>\n<meta property=\"og:title\" content=\"It\u00e1lia vence \u00c1ustria na prorroga\u00e7\u00e3o e Dinamarca goleia na Eurocopa - Regi\u00e3o News\" \/>\n<meta property=\"og:description\" content=\"Fonte &#8211; Ag\u00eancia Brasil A It\u00e1lia derrotou a \u00c1ustria por\" \/>\n<meta property=\"og:url\" content=\"https:\/\/regiaonews.net.br\/2022\/2021\/06\/27\/italia-vence-austria-na-prorrogacao-e-dinamarca-goleia-na-eurocopa\/\" \/>\n<meta property=\"og:site_name\" content=\"Regi\u00e3o News\" \/>\n<meta property=\"article:published_time\" content=\"2021-06-27T09:52:07+00:00\" \/>\n<meta property=\"article:modified_time\" content=\"2021-06-28T11:06:15+00:00\" \/>\n<meta property=\"og:image\" content=\"https:\/\/regiaonews.net.br\/2022\/wp-content\/uploads\/2021\/06\/20210627_064748.jpg\" \/>\n\t<meta property=\"og:image:width\" content=\"1080\" \/>\n\t<meta property=\"og:image:height\" content=\"664\" \/>\n\t<meta property=\"og:image:type\" content=\"image\/jpeg\" \/>\n<meta name=\"author\" content=\"Roberto\" \/>\n<meta name=\"twitter:card\" content=\"summary_large_image\" \/>\n<meta name=\"twitter:label1\" content=\"Escrito por\" \/>\n\t<meta name=\"twitter:data1\" content=\"Roberto\" \/>\n\t<meta name=\"twitter:label2\" content=\"Est. tempo de leitura\" \/>\n\t<meta name=\"twitter:data2\" content=\"1 minuto\" \/>\n<script type=\"application\/ld+json\" class=\"yoast-schema-graph\">{\"@context\":\"https:\\\/\\\/schema.org\",\"@graph\":[{\"@type\":\"Article\",\"@id\":\"https:\\\/\\\/regiaonews.net.br\\\/2022\\\/2021\\\/06\\\/27\\\/italia-vence-austria-na-prorrogacao-e-dinamarca-goleia-na-eurocopa\\\/#article\",\"isPartOf\":{\"@id\":\"https:\\\/\\\/regiaonews.net.br\\\/2022\\\/2021\\\/06\\\/27\\\/italia-vence-austria-na-prorrogacao-e-dinamarca-goleia-na-eurocopa\\\/\"},\"author\":{\"name\":\"Roberto\",\"@id\":\"https:\\\/\\\/regiaonews.net.br\\\/2022\\\/#\\\/schema\\\/person\\\/2d205a608a5aa97ac279d7a5e6d89ad8\"},\"headline\":\"It\u00e1lia vence \u00c1ustria na prorroga\u00e7\u00e3o e Dinamarca goleia na Eurocopa\",\"datePublished\":\"2021-06-27T09:52:07+00:00\",\"dateModified\":\"2021-06-28T11:06:15+00:00\",\"mainEntityOfPage\":{\"@id\":\"https:\\\/\\\/regiaonews.net.br\\\/2022\\\/2021\\\/06\\\/27\\\/italia-vence-austria-na-prorrogacao-e-dinamarca-goleia-na-eurocopa\\\/\"},\"wordCount\":245,\"commentCount\":0,\"publisher\":{\"@id\":\"https:\\\/\\\/regiaonews.net.br\\\/2022\\\/#organization\"},\"image\":{\"@id\":\"https:\\\/\\\/regiaonews.net.br\\\/2022\\\/2021\\\/06\\\/27\\\/italia-vence-austria-na-prorrogacao-e-dinamarca-goleia-na-eurocopa\\\/#primaryimage\"},\"thumbnailUrl\":\"https:\\\/\\\/regiaonews.net.br\\\/2022\\\/wp-content\\\/uploads\\\/2021\\\/06\\\/20210627_064748.jpg\",\"articleSection\":[\"Esporte\",\"Internacional\"],\"inLanguage\":\"pt-BR\",\"potentialAction\":[{\"@type\":\"CommentAction\",\"name\":\"Comment\",\"target\":[\"https:\\\/\\\/regiaonews.net.br\\\/2022\\\/2021\\\/06\\\/27\\\/italia-vence-austria-na-prorrogacao-e-dinamarca-goleia-na-eurocopa\\\/#respond\"]}]},{\"@type\":\"WebPage\",\"@id\":\"https:\\\/\\\/regiaonews.net.br\\\/2022\\\/2021\\\/06\\\/27\\\/italia-vence-austria-na-prorrogacao-e-dinamarca-goleia-na-eurocopa\\\/\",\"url\":\"https:\\\/\\\/regiaonews.net.br\\\/2022\\\/2021\\\/06\\\/27\\\/italia-vence-austria-na-prorrogacao-e-dinamarca-goleia-na-eurocopa\\\/\",\"name\":\"It\u00e1lia vence \u00c1ustria na prorroga\u00e7\u00e3o e Dinamarca goleia na Eurocopa - Regi\u00e3o News\",\"isPartOf\":{\"@id\":\"https:\\\/\\\/regiaonews.net.br\\\/2022\\\/#website\"},\"primaryImageOfPage\":{\"@id\":\"https:\\\/\\\/regiaonews.net.br\\\/2022\\\/2021\\\/06\\\/27\\\/italia-vence-austria-na-prorrogacao-e-dinamarca-goleia-na-eurocopa\\\/#primaryimage\"},\"image\":{\"@id\":\"https:\\\/\\\/regiaonews.net.br\\\/2022\\\/2021\\\/06\\\/27\\\/italia-vence-austria-na-prorrogacao-e-dinamarca-goleia-na-eurocopa\\\/#primaryimage\"},\"thumbnailUrl\":\"https:\\\/\\\/regiaonews.net.br\\\/2022\\\/wp-content\\\/uploads\\\/2021\\\/06\\\/20210627_064748.jpg\",\"datePublished\":\"2021-06-27T09:52:07+00:00\",\"dateModified\":\"2021-06-28T11:06:15+00:00\",\"breadcrumb\":{\"@id\":\"https:\\\/\\\/regiaonews.net.br\\\/2022\\\/2021\\\/06\\\/27\\\/italia-vence-austria-na-prorrogacao-e-dinamarca-goleia-na-eurocopa\\\/#breadcrumb\"},\"inLanguage\":\"pt-BR\",\"potentialAction\":[{\"@type\":\"ReadAction\",\"target\":[\"https:\\\/\\\/regiaonews.net.br\\\/2022\\\/2021\\\/06\\\/27\\\/italia-vence-austria-na-prorrogacao-e-dinamarca-goleia-na-eurocopa\\\/\"]}]},{\"@type\":\"ImageObject\",\"inLanguage\":\"pt-BR\",\"@id\":\"https:\\\/\\\/regiaonews.net.br\\\/2022\\\/2021\\\/06\\\/27\\\/italia-vence-austria-na-prorrogacao-e-dinamarca-goleia-na-eurocopa\\\/#primaryimage\",\"url\":\"https:\\\/\\\/regiaonews.net.br\\\/2022\\\/wp-content\\\/uploads\\\/2021\\\/06\\\/20210627_064748.jpg\",\"contentUrl\":\"https:\\\/\\\/regiaonews.net.br\\\/2022\\\/wp-content\\\/uploads\\\/2021\\\/06\\\/20210627_064748.jpg\",\"width\":1080,\"height\":664},{\"@type\":\"BreadcrumbList\",\"@id\":\"https:\\\/\\\/regiaonews.net.br\\\/2022\\\/2021\\\/06\\\/27\\\/italia-vence-austria-na-prorrogacao-e-dinamarca-goleia-na-eurocopa\\\/#breadcrumb\",\"itemListElement\":[{\"@type\":\"ListItem\",\"position\":1,\"name\":\"In\u00edcio\",\"item\":\"https:\\\/\\\/regiaonews.net.br\\\/2022\\\/\"},{\"@type\":\"ListItem\",\"position\":2,\"name\":\"It\u00e1lia vence \u00c1ustria na prorroga\u00e7\u00e3o e Dinamarca goleia na Eurocopa\"}]},{\"@type\":\"WebSite\",\"@id\":\"https:\\\/\\\/regiaonews.net.br\\\/2022\\\/#website\",\"url\":\"https:\\\/\\\/regiaonews.net.br\\\/2022\\\/\",\"name\":\"Regi\u00e3o News\",\"description\":\"Site de Not\u00edcias de Barretos e regi\u00e3o\",\"publisher\":{\"@id\":\"https:\\\/\\\/regiaonews.net.br\\\/2022\\\/#organization\"},\"potentialAction\":[{\"@type\":\"SearchAction\",\"target\":{\"@type\":\"EntryPoint\",\"urlTemplate\":\"https:\\\/\\\/regiaonews.net.br\\\/2022\\\/?s={search_term_string}\"},\"query-input\":{\"@type\":\"PropertyValueSpecification\",\"valueRequired\":true,\"valueName\":\"search_term_string\"}}],\"inLanguage\":\"pt-BR\"},{\"@type\":\"Organization\",\"@id\":\"https:\\\/\\\/regiaonews.net.br\\\/2022\\\/#organization\",\"name\":\"Regi\u00e3o News\",\"url\":\"https:\\\/\\\/regiaonews.net.br\\\/2022\\\/\",\"logo\":{\"@type\":\"ImageObject\",\"inLanguage\":\"pt-BR\",\"@id\":\"https:\\\/\\\/regiaonews.net.br\\\/2022\\\/#\\\/schema\\\/logo\\\/image\\\/\",\"url\":\"https:\\\/\\\/regiaonews.net.br\\\/2022\\\/wp-content\\\/uploads\\\/2026\\\/03\\\/regiao-13-anos-scaled.jpg\",\"contentUrl\":\"https:\\\/\\\/regiaonews.net.br\\\/2022\\\/wp-content\\\/uploads\\\/2026\\\/03\\\/regiao-13-anos-scaled.jpg\",\"width\":2560,\"height\":635,\"caption\":\"Regi\u00e3o News\"},\"image\":{\"@id\":\"https:\\\/\\\/regiaonews.net.br\\\/2022\\\/#\\\/schema\\\/logo\\\/image\\\/\"}},{\"@type\":\"Person\",\"@id\":\"https:\\\/\\\/regiaonews.net.br\\\/2022\\\/#\\\/schema\\\/person\\\/2d205a608a5aa97ac279d7a5e6d89ad8\",\"name\":\"Roberto\",\"image\":{\"@type\":\"ImageObject\",\"inLanguage\":\"pt-BR\",\"@id\":\"https:\\\/\\\/secure.gravatar.com\\\/avatar\\\/42749d8b712ff9d59ca93dc150494e5b55a44134482993f5baeb97e61b7ecc89?s=96&d=mm&r=g\",\"url\":\"https:\\\/\\\/secure.gravatar.com\\\/avatar\\\/42749d8b712ff9d59ca93dc150494e5b55a44134482993f5baeb97e61b7ecc89?s=96&d=mm&r=g\",\"contentUrl\":\"https:\\\/\\\/secure.gravatar.com\\\/avatar\\\/42749d8b712ff9d59ca93dc150494e5b55a44134482993f5baeb97e61b7ecc89?s=96&d=mm&r=g\",\"caption\":\"Roberto\"},\"url\":\"https:\\\/\\\/regiaonews.net.br\\\/2022\\\/author\\\/roberto\\\/\"}]}<\/script>\n<!-- \/ Yoast SEO plugin. -->","yoast_head_json":{"title":"It\u00e1lia vence \u00c1ustria na prorroga\u00e7\u00e3o e Dinamarca goleia na Eurocopa - Regi\u00e3o News","robots":{"index":"index","follow":"follow","max-snippet":"max-snippet:-1","max-image-preview":"max-image-preview:large","max-video-preview":"max-video-preview:-1"},"canonical":"https:\/\/regiaonews.net.br\/2022\/2021\/06\/27\/italia-vence-austria-na-prorrogacao-e-dinamarca-goleia-na-eurocopa\/","og_locale":"pt_BR","og_type":"article","og_title":"It\u00e1lia vence \u00c1ustria na prorroga\u00e7\u00e3o e Dinamarca goleia na Eurocopa - Regi\u00e3o News","og_description":"Fonte &#8211; Ag\u00eancia Brasil A It\u00e1lia derrotou a \u00c1ustria por","og_url":"https:\/\/regiaonews.net.br\/2022\/2021\/06\/27\/italia-vence-austria-na-prorrogacao-e-dinamarca-goleia-na-eurocopa\/","og_site_name":"Regi\u00e3o News","article_published_time":"2021-06-27T09:52:07+00:00","article_modified_time":"2021-06-28T11:06:15+00:00","og_image":[{"width":1080,"height":664,"url":"https:\/\/regiaonews.net.br\/2022\/wp-content\/uploads\/2021\/06\/20210627_064748.jpg","type":"image\/jpeg"}],"author":"Roberto","twitter_card":"summary_large_image","twitter_misc":{"Escrito por":"Roberto","Est. tempo de leitura":"1 minuto"},"schema":{"@context":"https:\/\/schema.org","@graph":[{"@type":"Article","@id":"https:\/\/regiaonews.net.br\/2022\/2021\/06\/27\/italia-vence-austria-na-prorrogacao-e-dinamarca-goleia-na-eurocopa\/#article","isPartOf":{"@id":"https:\/\/regiaonews.net.br\/2022\/2021\/06\/27\/italia-vence-austria-na-prorrogacao-e-dinamarca-goleia-na-eurocopa\/"},"author":{"name":"Roberto","@id":"https:\/\/regiaonews.net.br\/2022\/#\/schema\/person\/2d205a608a5aa97ac279d7a5e6d89ad8"},"headline":"It\u00e1lia vence \u00c1ustria na prorroga\u00e7\u00e3o e Dinamarca goleia na Eurocopa","datePublished":"2021-06-27T09:52:07+00:00","dateModified":"2021-06-28T11:06:15+00:00","mainEntityOfPage":{"@id":"https:\/\/regiaonews.net.br\/2022\/2021\/06\/27\/italia-vence-austria-na-prorrogacao-e-dinamarca-goleia-na-eurocopa\/"},"wordCount":245,"commentCount":0,"publisher":{"@id":"https:\/\/regiaonews.net.br\/2022\/#organization"},"image":{"@id":"https:\/\/regiaonews.net.br\/2022\/2021\/06\/27\/italia-vence-austria-na-prorrogacao-e-dinamarca-goleia-na-eurocopa\/#primaryimage"},"thumbnailUrl":"https:\/\/regiaonews.net.br\/2022\/wp-content\/uploads\/2021\/06\/20210627_064748.jpg","articleSection":["Esporte","Internacional"],"inLanguage":"pt-BR","potentialAction":[{"@type":"CommentAction","name":"Comment","target":["https:\/\/regiaonews.net.br\/2022\/2021\/06\/27\/italia-vence-austria-na-prorrogacao-e-dinamarca-goleia-na-eurocopa\/#respond"]}]},{"@type":"WebPage","@id":"https:\/\/regiaonews.net.br\/2022\/2021\/06\/27\/italia-vence-austria-na-prorrogacao-e-dinamarca-goleia-na-eurocopa\/","url":"https:\/\/regiaonews.net.br\/2022\/2021\/06\/27\/italia-vence-austria-na-prorrogacao-e-dinamarca-goleia-na-eurocopa\/","name":"It\u00e1lia vence \u00c1ustria na prorroga\u00e7\u00e3o e Dinamarca goleia na Eurocopa - Regi\u00e3o News","isPartOf":{"@id":"https:\/\/regiaonews.net.br\/2022\/#website"},"primaryImageOfPage":{"@id":"https:\/\/regiaonews.net.br\/2022\/2021\/06\/27\/italia-vence-austria-na-prorrogacao-e-dinamarca-goleia-na-eurocopa\/#primaryimage"},"image":{"@id":"https:\/\/regiaonews.net.br\/2022\/2021\/06\/27\/italia-vence-austria-na-prorrogacao-e-dinamarca-goleia-na-eurocopa\/#primaryimage"},"thumbnailUrl":"https:\/\/regiaonews.net.br\/2022\/wp-content\/uploads\/2021\/06\/20210627_064748.jpg","datePublished":"2021-06-27T09:52:07+00:00","dateModified":"2021-06-28T11:06:15+00:00","breadcrumb":{"@id":"https:\/\/regiaonews.net.br\/2022\/2021\/06\/27\/italia-vence-austria-na-prorrogacao-e-dinamarca-goleia-na-eurocopa\/#breadcrumb"},"inLanguage":"pt-BR","potentialAction":[{"@type":"ReadAction","target":["https:\/\/regiaonews.net.br\/2022\/2021\/06\/27\/italia-vence-austria-na-prorrogacao-e-dinamarca-goleia-na-eurocopa\/"]}]},{"@type":"ImageObject","inLanguage":"pt-BR","@id":"https:\/\/regiaonews.net.br\/2022\/2021\/06\/27\/italia-vence-austria-na-prorrogacao-e-dinamarca-goleia-na-eurocopa\/#primaryimage","url":"https:\/\/regiaonews.net.br\/2022\/wp-content\/uploads\/2021\/06\/20210627_064748.jpg","contentUrl":"https:\/\/regiaonews.net.br\/2022\/wp-content\/uploads\/2021\/06\/20210627_064748.jpg","width":1080,"height":664},{"@type":"BreadcrumbList","@id":"https:\/\/regiaonews.net.br\/2022\/2021\/06\/27\/italia-vence-austria-na-prorrogacao-e-dinamarca-goleia-na-eurocopa\/#breadcrumb","itemListElement":[{"@type":"ListItem","position":1,"name":"In\u00edcio","item":"https:\/\/regiaonews.net.br\/2022\/"},{"@type":"ListItem","position":2,"name":"It\u00e1lia vence \u00c1ustria na prorroga\u00e7\u00e3o e Dinamarca goleia na Eurocopa"}]},{"@type":"WebSite","@id":"https:\/\/regiaonews.net.br\/2022\/#website","url":"https:\/\/regiaonews.net.br\/2022\/","name":"Regi\u00e3o News","description":"Site de Not\u00edcias de Barretos e regi\u00e3o","publisher":{"@id":"https:\/\/regiaonews.net.br\/2022\/#organization"},"potentialAction":[{"@type":"SearchAction","target":{"@type":"EntryPoint","urlTemplate":"https:\/\/regiaonews.net.br\/2022\/?s={search_term_string}"},"query-input":{"@type":"PropertyValueSpecification","valueRequired":true,"valueName":"search_term_string"}}],"inLanguage":"pt-BR"},{"@type":"Organization","@id":"https:\/\/regiaonews.net.br\/2022\/#organization","name":"Regi\u00e3o News","url":"https:\/\/regiaonews.net.br\/2022\/","logo":{"@type":"ImageObject","inLanguage":"pt-BR","@id":"https:\/\/regiaonews.net.br\/2022\/#\/schema\/logo\/image\/","url":"https:\/\/regiaonews.net.br\/2022\/wp-content\/uploads\/2026\/03\/regiao-13-anos-scaled.jpg","contentUrl":"https:\/\/regiaonews.net.br\/2022\/wp-content\/uploads\/2026\/03\/regiao-13-anos-scaled.jpg","width":2560,"height":635,"caption":"Regi\u00e3o News"},"image":{"@id":"https:\/\/regiaonews.net.br\/2022\/#\/schema\/logo\/image\/"}},{"@type":"Person","@id":"https:\/\/regiaonews.net.br\/2022\/#\/schema\/person\/2d205a608a5aa97ac279d7a5e6d89ad8","name":"Roberto","image":{"@type":"ImageObject","inLanguage":"pt-BR","@id":"https:\/\/secure.gravatar.com\/avatar\/42749d8b712ff9d59ca93dc150494e5b55a44134482993f5baeb97e61b7ecc89?s=96&d=mm&r=g","url":"https:\/\/secure.gravatar.com\/avatar\/42749d8b712ff9d59ca93dc150494e5b55a44134482993f5baeb97e61b7ecc89?s=96&d=mm&r=g","contentUrl":"https:\/\/secure.gravatar.com\/avatar\/42749d8b712ff9d59ca93dc150494e5b55a44134482993f5baeb97e61b7ecc89?s=96&d=mm&r=g","caption":"Roberto"},"url":"https:\/\/regiaonews.net.br\/2022\/author\/roberto\/"}]}},"publishpress_future_action":{"enabled":false,"date":"2026-05-02 03:45:12","action":"change-status","newStatus":"draft","terms":[],"taxonomy":"category","extraData":[]},"publishpress_future_workflow_manual_trigger":{"enabledWorkflows":[]},"_links":{"self":[{"href":"https:\/\/regiaonews.net.br\/2022\/wp-json\/wp\/v2\/posts\/49337","targetHints":{"allow":["GET"]}}],"collection":[{"href":"https:\/\/regiaonews.net.br\/2022\/wp-json\/wp\/v2\/posts"}],"about":[{"href":"https:\/\/regiaonews.net.br\/2022\/wp-json\/wp\/v2\/types\/post"}],"author":[{"embeddable":true,"href":"https:\/\/regiaonews.net.br\/2022\/wp-json\/wp\/v2\/users\/2"}],"replies":[{"embeddable":true,"href":"https:\/\/regiaonews.net.br\/2022\/wp-json\/wp\/v2\/comments?post=49337"}],"version-history":[{"count":0,"href":"https:\/\/regiaonews.net.br\/2022\/wp-json\/wp\/v2\/posts\/49337\/revisions"}],"wp:featuredmedia":[{"embeddable":true,"href":"https:\/\/regiaonews.net.br\/2022\/wp-json\/wp\/v2\/media\/49338"}],"wp:attachment":[{"href":"https:\/\/regiaonews.net.br\/2022\/wp-json\/wp\/v2\/media?parent=49337"}],"wp:term":[{"taxonomy":"category","embeddable":true,"href":"https:\/\/regiaonews.net.br\/2022\/wp-json\/wp\/v2\/categories?post=49337"},{"taxonomy":"post_tag","embeddable":true,"href":"https:\/\/regiaonews.net.br\/2022\/wp-json\/wp\/v2\/tags?post=49337"}],"curies":[{"name":"wp","href":"https:\/\/api.w.org\/{rel}","templated":true}]}}