{"id":49310,"date":"2021-06-26T14:33:36","date_gmt":"2021-06-26T17:33:36","guid":{"rendered":"https:\/\/regiaonews.net.br\/2022\/?p=49310"},"modified":"2021-06-27T07:23:54","modified_gmt":"2021-06-27T10:23:54","slug":"geninho-anuncia-liberacao-de-r-650-mil-em-emendas-para-olimpia","status":"publish","type":"post","link":"https:\/\/regiaonews.net.br\/2022\/2021\/06\/26\/geninho-anuncia-liberacao-de-r-650-mil-em-emendas-para-olimpia\/","title":{"rendered":"Geninho anuncia libera\u00e7\u00e3o de R$ 650 mil em emendas para Ol\u00edmpia"},"content":{"rendered":"<p><a href=\"https:\/\/regiaonews.net.br\/2022\/wp-content\/uploads\/2021\/06\/foto2.jpg\"><img loading=\"lazy\" decoding=\"async\" class=\"alignnone size-medium wp-image-49311\" src=\"https:\/\/regiaonews.net.br\/2022\/wp-content\/uploads\/2021\/06\/foto2-300x169.jpg\" alt=\"\" width=\"300\" height=\"169\" \/><\/a><\/p>\n<p><a href=\"https:\/\/regiaonews.net.br\/2022\/wp-content\/uploads\/2021\/06\/foto3.jpg\"><img loading=\"lazy\" decoding=\"async\" class=\"alignnone size-medium wp-image-49312\" src=\"https:\/\/regiaonews.net.br\/2022\/wp-content\/uploads\/2021\/06\/foto3-300x169.jpg\" alt=\"\" width=\"300\" height=\"169\" \/><\/a><\/p>\n<p><a href=\"https:\/\/regiaonews.net.br\/2022\/wp-content\/uploads\/2021\/06\/thumbnail_foto1.jpg\"><img loading=\"lazy\" decoding=\"async\" class=\"alignnone size-medium wp-image-49315\" src=\"https:\/\/regiaonews.net.br\/2022\/wp-content\/uploads\/2021\/06\/thumbnail_foto1-300x169.jpg\" alt=\"\" width=\"300\" height=\"169\" \/><\/a><\/p>\n<p>O deputado federal Geninho Zuliani (DEM\/SP) anunciou nesta sexta-feira, dia 25\/06, a libera\u00e7\u00e3o de duas importantes emendas para Ol\u00edmpia, no noroeste paulista, que totalizam R$ 650 mil em recursos.<\/p>\n<p>Do total, R$ 350 mil ser\u00e3o destinados \u00e0 constru\u00e7\u00e3o de uma unidade do projeto Areninha, programa do governo do estado de S\u00e3o Paulo, em terreno cedido pela prefeitura, ap\u00f3s concess\u00e3o do prefeito Fernando Cunha.<\/p>\n<p>&#8220;Atendemos a um pedido do vereador M\u00e1rcio Iquegami, que em seus estudos identificou a necessidade de mais um dispositivo na cidade para a pr\u00e1tica esportiva. Estaremos trazendo para Ol\u00edmpia o projeto Areninha que ter\u00e1 quadra de futebol society, basquete 3 e at\u00e9 arquibancadas para o p\u00fablico&#8221;, frisou Geninho.<\/p>\n<p>Segundo o secret\u00e1rio de Esportes, Fernando Roberto Silva, o novo dispositivo dever\u00e1 beneficiar muitas pessoas. &#8220;\u00c9 um grande presente para a cidade, principalmente para nossos jovens, \u00e9 um marco nesta regi\u00e3o&#8221;, disse.<\/p>\n<p>Os outros R$ 300mil v\u00e3o para a revitaliza\u00e7\u00e3o do Centro de Artes e Esportes Unificados, Ceus, do bairro Luiza, solicita\u00e7\u00e3o da vereadora Edna Marques Silva. &#8220;Esse equipamento foi implantado em Ol\u00edmpia ainda quando eu era prefeito. Com esse recurso vai ser poss\u00edvel a revitaliza\u00e7\u00e3o do espa\u00e7o, beneficiando n\u00e3o s\u00f3 a popula\u00e7\u00e3o no entorno, mas de outros bairros pr\u00f3ximos como o Cecap, o Campo Belo, o Santa F\u00e9, Morada Verde, entre outros&#8221;, disse Geninho.<\/p>\n<p>Para a vereadora Edna Marques, a libera\u00e7\u00e3o dos recursos \u00e9 uma grande conquista para Ol\u00edmpia. &#8220;Fico muito grata pela emenda, n\u00e3o vai beneficiar somente o lado assistencial, mas tamb\u00e9m a cultura, o lazer e a educa\u00e7\u00e3o&#8221;, frisou.<\/p>\n<p>&nbsp;<\/p>\n","protected":false},"excerpt":{"rendered":"<p>O deputado federal Geninho Zuliani (DEM\/SP) anunciou nesta sexta-feira, dia<\/p>\n","protected":false},"author":2,"featured_media":49312,"comment_status":"open","ping_status":"open","sticky":false,"template":"","format":"standard","meta":{"footnotes":""},"categories":[28,22],"tags":[],"class_list":["post-49310","post","type-post","status-publish","format-standard","has-post-thumbnail","hentry","category-olimpia-olimpia","category-politica"],"yoast_head":"<!-- This site is optimized with the Yoast SEO plugin v27.4 - https:\/\/yoast.com\/product\/yoast-seo-wordpress\/ -->\n<title>Geninho anuncia libera\u00e7\u00e3o de R$ 650 mil em emendas para Ol\u00edmpia - Regi\u00e3o News<\/title>\n<meta name=\"robots\" content=\"index, follow, max-snippet:-1, max-image-preview:large, max-video-preview:-1\" \/>\n<link rel=\"canonical\" href=\"https:\/\/regiaonews.net.br\/2022\/2021\/06\/26\/geninho-anuncia-liberacao-de-r-650-mil-em-emendas-para-olimpia\/\" \/>\n<meta property=\"og:locale\" content=\"pt_BR\" \/>\n<meta property=\"og:type\" content=\"article\" \/>\n<meta property=\"og:title\" content=\"Geninho anuncia libera\u00e7\u00e3o de R$ 650 mil em emendas para Ol\u00edmpia - Regi\u00e3o News\" \/>\n<meta property=\"og:description\" content=\"O deputado federal Geninho Zuliani (DEM\/SP) anunciou nesta sexta-feira, dia\" \/>\n<meta property=\"og:url\" content=\"https:\/\/regiaonews.net.br\/2022\/2021\/06\/26\/geninho-anuncia-liberacao-de-r-650-mil-em-emendas-para-olimpia\/\" \/>\n<meta property=\"og:site_name\" content=\"Regi\u00e3o News\" \/>\n<meta property=\"article:published_time\" content=\"2021-06-26T17:33:36+00:00\" \/>\n<meta property=\"article:modified_time\" content=\"2021-06-27T10:23:54+00:00\" \/>\n<meta property=\"og:image\" content=\"https:\/\/regiaonews.net.br\/2022\/wp-content\/uploads\/2021\/06\/foto3.jpg\" \/>\n\t<meta property=\"og:image:width\" content=\"1024\" \/>\n\t<meta property=\"og:image:height\" content=\"576\" \/>\n\t<meta property=\"og:image:type\" content=\"image\/jpeg\" \/>\n<meta name=\"author\" content=\"Roberto\" \/>\n<meta name=\"twitter:card\" content=\"summary_large_image\" \/>\n<meta name=\"twitter:label1\" content=\"Escrito por\" \/>\n\t<meta name=\"twitter:data1\" content=\"Roberto\" \/>\n\t<meta name=\"twitter:label2\" content=\"Est. tempo de leitura\" \/>\n\t<meta name=\"twitter:data2\" content=\"1 minuto\" \/>\n<script type=\"application\/ld+json\" class=\"yoast-schema-graph\">{\"@context\":\"https:\\\/\\\/schema.org\",\"@graph\":[{\"@type\":\"Article\",\"@id\":\"https:\\\/\\\/regiaonews.net.br\\\/2022\\\/2021\\\/06\\\/26\\\/geninho-anuncia-liberacao-de-r-650-mil-em-emendas-para-olimpia\\\/#article\",\"isPartOf\":{\"@id\":\"https:\\\/\\\/regiaonews.net.br\\\/2022\\\/2021\\\/06\\\/26\\\/geninho-anuncia-liberacao-de-r-650-mil-em-emendas-para-olimpia\\\/\"},\"author\":{\"name\":\"Roberto\",\"@id\":\"https:\\\/\\\/regiaonews.net.br\\\/2022\\\/#\\\/schema\\\/person\\\/2d205a608a5aa97ac279d7a5e6d89ad8\"},\"headline\":\"Geninho anuncia libera\u00e7\u00e3o de R$ 650 mil em emendas para Ol\u00edmpia\",\"datePublished\":\"2021-06-26T17:33:36+00:00\",\"dateModified\":\"2021-06-27T10:23:54+00:00\",\"mainEntityOfPage\":{\"@id\":\"https:\\\/\\\/regiaonews.net.br\\\/2022\\\/2021\\\/06\\\/26\\\/geninho-anuncia-liberacao-de-r-650-mil-em-emendas-para-olimpia\\\/\"},\"wordCount\":287,\"commentCount\":0,\"publisher\":{\"@id\":\"https:\\\/\\\/regiaonews.net.br\\\/2022\\\/#organization\"},\"image\":{\"@id\":\"https:\\\/\\\/regiaonews.net.br\\\/2022\\\/2021\\\/06\\\/26\\\/geninho-anuncia-liberacao-de-r-650-mil-em-emendas-para-olimpia\\\/#primaryimage\"},\"thumbnailUrl\":\"https:\\\/\\\/regiaonews.net.br\\\/2022\\\/wp-content\\\/uploads\\\/2021\\\/06\\\/foto3.jpg\",\"articleSection\":[\"Olimpia\",\"Pol\u00edtica\"],\"inLanguage\":\"pt-BR\",\"potentialAction\":[{\"@type\":\"CommentAction\",\"name\":\"Comment\",\"target\":[\"https:\\\/\\\/regiaonews.net.br\\\/2022\\\/2021\\\/06\\\/26\\\/geninho-anuncia-liberacao-de-r-650-mil-em-emendas-para-olimpia\\\/#respond\"]}]},{\"@type\":\"WebPage\",\"@id\":\"https:\\\/\\\/regiaonews.net.br\\\/2022\\\/2021\\\/06\\\/26\\\/geninho-anuncia-liberacao-de-r-650-mil-em-emendas-para-olimpia\\\/\",\"url\":\"https:\\\/\\\/regiaonews.net.br\\\/2022\\\/2021\\\/06\\\/26\\\/geninho-anuncia-liberacao-de-r-650-mil-em-emendas-para-olimpia\\\/\",\"name\":\"Geninho anuncia libera\u00e7\u00e3o de R$ 650 mil em emendas para Ol\u00edmpia - Regi\u00e3o News\",\"isPartOf\":{\"@id\":\"https:\\\/\\\/regiaonews.net.br\\\/2022\\\/#website\"},\"primaryImageOfPage\":{\"@id\":\"https:\\\/\\\/regiaonews.net.br\\\/2022\\\/2021\\\/06\\\/26\\\/geninho-anuncia-liberacao-de-r-650-mil-em-emendas-para-olimpia\\\/#primaryimage\"},\"image\":{\"@id\":\"https:\\\/\\\/regiaonews.net.br\\\/2022\\\/2021\\\/06\\\/26\\\/geninho-anuncia-liberacao-de-r-650-mil-em-emendas-para-olimpia\\\/#primaryimage\"},\"thumbnailUrl\":\"https:\\\/\\\/regiaonews.net.br\\\/2022\\\/wp-content\\\/uploads\\\/2021\\\/06\\\/foto3.jpg\",\"datePublished\":\"2021-06-26T17:33:36+00:00\",\"dateModified\":\"2021-06-27T10:23:54+00:00\",\"breadcrumb\":{\"@id\":\"https:\\\/\\\/regiaonews.net.br\\\/2022\\\/2021\\\/06\\\/26\\\/geninho-anuncia-liberacao-de-r-650-mil-em-emendas-para-olimpia\\\/#breadcrumb\"},\"inLanguage\":\"pt-BR\",\"potentialAction\":[{\"@type\":\"ReadAction\",\"target\":[\"https:\\\/\\\/regiaonews.net.br\\\/2022\\\/2021\\\/06\\\/26\\\/geninho-anuncia-liberacao-de-r-650-mil-em-emendas-para-olimpia\\\/\"]}]},{\"@type\":\"ImageObject\",\"inLanguage\":\"pt-BR\",\"@id\":\"https:\\\/\\\/regiaonews.net.br\\\/2022\\\/2021\\\/06\\\/26\\\/geninho-anuncia-liberacao-de-r-650-mil-em-emendas-para-olimpia\\\/#primaryimage\",\"url\":\"https:\\\/\\\/regiaonews.net.br\\\/2022\\\/wp-content\\\/uploads\\\/2021\\\/06\\\/foto3.jpg\",\"contentUrl\":\"https:\\\/\\\/regiaonews.net.br\\\/2022\\\/wp-content\\\/uploads\\\/2021\\\/06\\\/foto3.jpg\",\"width\":1024,\"height\":576},{\"@type\":\"BreadcrumbList\",\"@id\":\"https:\\\/\\\/regiaonews.net.br\\\/2022\\\/2021\\\/06\\\/26\\\/geninho-anuncia-liberacao-de-r-650-mil-em-emendas-para-olimpia\\\/#breadcrumb\",\"itemListElement\":[{\"@type\":\"ListItem\",\"position\":1,\"name\":\"In\u00edcio\",\"item\":\"https:\\\/\\\/regiaonews.net.br\\\/2022\\\/\"},{\"@type\":\"ListItem\",\"position\":2,\"name\":\"Geninho anuncia libera\u00e7\u00e3o de R$ 650 mil em emendas para Ol\u00edmpia\"}]},{\"@type\":\"WebSite\",\"@id\":\"https:\\\/\\\/regiaonews.net.br\\\/2022\\\/#website\",\"url\":\"https:\\\/\\\/regiaonews.net.br\\\/2022\\\/\",\"name\":\"Regi\u00e3o News\",\"description\":\"Site de Not\u00edcias de Barretos e regi\u00e3o\",\"publisher\":{\"@id\":\"https:\\\/\\\/regiaonews.net.br\\\/2022\\\/#organization\"},\"potentialAction\":[{\"@type\":\"SearchAction\",\"target\":{\"@type\":\"EntryPoint\",\"urlTemplate\":\"https:\\\/\\\/regiaonews.net.br\\\/2022\\\/?s={search_term_string}\"},\"query-input\":{\"@type\":\"PropertyValueSpecification\",\"valueRequired\":true,\"valueName\":\"search_term_string\"}}],\"inLanguage\":\"pt-BR\"},{\"@type\":\"Organization\",\"@id\":\"https:\\\/\\\/regiaonews.net.br\\\/2022\\\/#organization\",\"name\":\"Regi\u00e3o News\",\"url\":\"https:\\\/\\\/regiaonews.net.br\\\/2022\\\/\",\"logo\":{\"@type\":\"ImageObject\",\"inLanguage\":\"pt-BR\",\"@id\":\"https:\\\/\\\/regiaonews.net.br\\\/2022\\\/#\\\/schema\\\/logo\\\/image\\\/\",\"url\":\"https:\\\/\\\/regiaonews.net.br\\\/2022\\\/wp-content\\\/uploads\\\/2026\\\/03\\\/regiao-13-anos-scaled.jpg\",\"contentUrl\":\"https:\\\/\\\/regiaonews.net.br\\\/2022\\\/wp-content\\\/uploads\\\/2026\\\/03\\\/regiao-13-anos-scaled.jpg\",\"width\":2560,\"height\":635,\"caption\":\"Regi\u00e3o News\"},\"image\":{\"@id\":\"https:\\\/\\\/regiaonews.net.br\\\/2022\\\/#\\\/schema\\\/logo\\\/image\\\/\"}},{\"@type\":\"Person\",\"@id\":\"https:\\\/\\\/regiaonews.net.br\\\/2022\\\/#\\\/schema\\\/person\\\/2d205a608a5aa97ac279d7a5e6d89ad8\",\"name\":\"Roberto\",\"image\":{\"@type\":\"ImageObject\",\"inLanguage\":\"pt-BR\",\"@id\":\"https:\\\/\\\/secure.gravatar.com\\\/avatar\\\/42749d8b712ff9d59ca93dc150494e5b55a44134482993f5baeb97e61b7ecc89?s=96&d=mm&r=g\",\"url\":\"https:\\\/\\\/secure.gravatar.com\\\/avatar\\\/42749d8b712ff9d59ca93dc150494e5b55a44134482993f5baeb97e61b7ecc89?s=96&d=mm&r=g\",\"contentUrl\":\"https:\\\/\\\/secure.gravatar.com\\\/avatar\\\/42749d8b712ff9d59ca93dc150494e5b55a44134482993f5baeb97e61b7ecc89?s=96&d=mm&r=g\",\"caption\":\"Roberto\"},\"url\":\"https:\\\/\\\/regiaonews.net.br\\\/2022\\\/author\\\/roberto\\\/\"}]}<\/script>\n<!-- \/ Yoast SEO plugin. -->","yoast_head_json":{"title":"Geninho anuncia libera\u00e7\u00e3o de R$ 650 mil em emendas para Ol\u00edmpia - Regi\u00e3o News","robots":{"index":"index","follow":"follow","max-snippet":"max-snippet:-1","max-image-preview":"max-image-preview:large","max-video-preview":"max-video-preview:-1"},"canonical":"https:\/\/regiaonews.net.br\/2022\/2021\/06\/26\/geninho-anuncia-liberacao-de-r-650-mil-em-emendas-para-olimpia\/","og_locale":"pt_BR","og_type":"article","og_title":"Geninho anuncia libera\u00e7\u00e3o de R$ 650 mil em emendas para Ol\u00edmpia - Regi\u00e3o News","og_description":"O deputado federal Geninho Zuliani (DEM\/SP) anunciou nesta sexta-feira, dia","og_url":"https:\/\/regiaonews.net.br\/2022\/2021\/06\/26\/geninho-anuncia-liberacao-de-r-650-mil-em-emendas-para-olimpia\/","og_site_name":"Regi\u00e3o News","article_published_time":"2021-06-26T17:33:36+00:00","article_modified_time":"2021-06-27T10:23:54+00:00","og_image":[{"width":1024,"height":576,"url":"https:\/\/regiaonews.net.br\/2022\/wp-content\/uploads\/2021\/06\/foto3.jpg","type":"image\/jpeg"}],"author":"Roberto","twitter_card":"summary_large_image","twitter_misc":{"Escrito por":"Roberto","Est. tempo de leitura":"1 minuto"},"schema":{"@context":"https:\/\/schema.org","@graph":[{"@type":"Article","@id":"https:\/\/regiaonews.net.br\/2022\/2021\/06\/26\/geninho-anuncia-liberacao-de-r-650-mil-em-emendas-para-olimpia\/#article","isPartOf":{"@id":"https:\/\/regiaonews.net.br\/2022\/2021\/06\/26\/geninho-anuncia-liberacao-de-r-650-mil-em-emendas-para-olimpia\/"},"author":{"name":"Roberto","@id":"https:\/\/regiaonews.net.br\/2022\/#\/schema\/person\/2d205a608a5aa97ac279d7a5e6d89ad8"},"headline":"Geninho anuncia libera\u00e7\u00e3o de R$ 650 mil em emendas para Ol\u00edmpia","datePublished":"2021-06-26T17:33:36+00:00","dateModified":"2021-06-27T10:23:54+00:00","mainEntityOfPage":{"@id":"https:\/\/regiaonews.net.br\/2022\/2021\/06\/26\/geninho-anuncia-liberacao-de-r-650-mil-em-emendas-para-olimpia\/"},"wordCount":287,"commentCount":0,"publisher":{"@id":"https:\/\/regiaonews.net.br\/2022\/#organization"},"image":{"@id":"https:\/\/regiaonews.net.br\/2022\/2021\/06\/26\/geninho-anuncia-liberacao-de-r-650-mil-em-emendas-para-olimpia\/#primaryimage"},"thumbnailUrl":"https:\/\/regiaonews.net.br\/2022\/wp-content\/uploads\/2021\/06\/foto3.jpg","articleSection":["Olimpia","Pol\u00edtica"],"inLanguage":"pt-BR","potentialAction":[{"@type":"CommentAction","name":"Comment","target":["https:\/\/regiaonews.net.br\/2022\/2021\/06\/26\/geninho-anuncia-liberacao-de-r-650-mil-em-emendas-para-olimpia\/#respond"]}]},{"@type":"WebPage","@id":"https:\/\/regiaonews.net.br\/2022\/2021\/06\/26\/geninho-anuncia-liberacao-de-r-650-mil-em-emendas-para-olimpia\/","url":"https:\/\/regiaonews.net.br\/2022\/2021\/06\/26\/geninho-anuncia-liberacao-de-r-650-mil-em-emendas-para-olimpia\/","name":"Geninho anuncia libera\u00e7\u00e3o de R$ 650 mil em emendas para Ol\u00edmpia - Regi\u00e3o News","isPartOf":{"@id":"https:\/\/regiaonews.net.br\/2022\/#website"},"primaryImageOfPage":{"@id":"https:\/\/regiaonews.net.br\/2022\/2021\/06\/26\/geninho-anuncia-liberacao-de-r-650-mil-em-emendas-para-olimpia\/#primaryimage"},"image":{"@id":"https:\/\/regiaonews.net.br\/2022\/2021\/06\/26\/geninho-anuncia-liberacao-de-r-650-mil-em-emendas-para-olimpia\/#primaryimage"},"thumbnailUrl":"https:\/\/regiaonews.net.br\/2022\/wp-content\/uploads\/2021\/06\/foto3.jpg","datePublished":"2021-06-26T17:33:36+00:00","dateModified":"2021-06-27T10:23:54+00:00","breadcrumb":{"@id":"https:\/\/regiaonews.net.br\/2022\/2021\/06\/26\/geninho-anuncia-liberacao-de-r-650-mil-em-emendas-para-olimpia\/#breadcrumb"},"inLanguage":"pt-BR","potentialAction":[{"@type":"ReadAction","target":["https:\/\/regiaonews.net.br\/2022\/2021\/06\/26\/geninho-anuncia-liberacao-de-r-650-mil-em-emendas-para-olimpia\/"]}]},{"@type":"ImageObject","inLanguage":"pt-BR","@id":"https:\/\/regiaonews.net.br\/2022\/2021\/06\/26\/geninho-anuncia-liberacao-de-r-650-mil-em-emendas-para-olimpia\/#primaryimage","url":"https:\/\/regiaonews.net.br\/2022\/wp-content\/uploads\/2021\/06\/foto3.jpg","contentUrl":"https:\/\/regiaonews.net.br\/2022\/wp-content\/uploads\/2021\/06\/foto3.jpg","width":1024,"height":576},{"@type":"BreadcrumbList","@id":"https:\/\/regiaonews.net.br\/2022\/2021\/06\/26\/geninho-anuncia-liberacao-de-r-650-mil-em-emendas-para-olimpia\/#breadcrumb","itemListElement":[{"@type":"ListItem","position":1,"name":"In\u00edcio","item":"https:\/\/regiaonews.net.br\/2022\/"},{"@type":"ListItem","position":2,"name":"Geninho anuncia libera\u00e7\u00e3o de R$ 650 mil em emendas para Ol\u00edmpia"}]},{"@type":"WebSite","@id":"https:\/\/regiaonews.net.br\/2022\/#website","url":"https:\/\/regiaonews.net.br\/2022\/","name":"Regi\u00e3o News","description":"Site de Not\u00edcias de Barretos e regi\u00e3o","publisher":{"@id":"https:\/\/regiaonews.net.br\/2022\/#organization"},"potentialAction":[{"@type":"SearchAction","target":{"@type":"EntryPoint","urlTemplate":"https:\/\/regiaonews.net.br\/2022\/?s={search_term_string}"},"query-input":{"@type":"PropertyValueSpecification","valueRequired":true,"valueName":"search_term_string"}}],"inLanguage":"pt-BR"},{"@type":"Organization","@id":"https:\/\/regiaonews.net.br\/2022\/#organization","name":"Regi\u00e3o News","url":"https:\/\/regiaonews.net.br\/2022\/","logo":{"@type":"ImageObject","inLanguage":"pt-BR","@id":"https:\/\/regiaonews.net.br\/2022\/#\/schema\/logo\/image\/","url":"https:\/\/regiaonews.net.br\/2022\/wp-content\/uploads\/2026\/03\/regiao-13-anos-scaled.jpg","contentUrl":"https:\/\/regiaonews.net.br\/2022\/wp-content\/uploads\/2026\/03\/regiao-13-anos-scaled.jpg","width":2560,"height":635,"caption":"Regi\u00e3o News"},"image":{"@id":"https:\/\/regiaonews.net.br\/2022\/#\/schema\/logo\/image\/"}},{"@type":"Person","@id":"https:\/\/regiaonews.net.br\/2022\/#\/schema\/person\/2d205a608a5aa97ac279d7a5e6d89ad8","name":"Roberto","image":{"@type":"ImageObject","inLanguage":"pt-BR","@id":"https:\/\/secure.gravatar.com\/avatar\/42749d8b712ff9d59ca93dc150494e5b55a44134482993f5baeb97e61b7ecc89?s=96&d=mm&r=g","url":"https:\/\/secure.gravatar.com\/avatar\/42749d8b712ff9d59ca93dc150494e5b55a44134482993f5baeb97e61b7ecc89?s=96&d=mm&r=g","contentUrl":"https:\/\/secure.gravatar.com\/avatar\/42749d8b712ff9d59ca93dc150494e5b55a44134482993f5baeb97e61b7ecc89?s=96&d=mm&r=g","caption":"Roberto"},"url":"https:\/\/regiaonews.net.br\/2022\/author\/roberto\/"}]}},"publishpress_future_action":{"enabled":false,"date":"2026-05-04 04:10:48","action":"change-status","newStatus":"draft","terms":[],"taxonomy":"category","extraData":[]},"publishpress_future_workflow_manual_trigger":{"enabledWorkflows":[]},"_links":{"self":[{"href":"https:\/\/regiaonews.net.br\/2022\/wp-json\/wp\/v2\/posts\/49310","targetHints":{"allow":["GET"]}}],"collection":[{"href":"https:\/\/regiaonews.net.br\/2022\/wp-json\/wp\/v2\/posts"}],"about":[{"href":"https:\/\/regiaonews.net.br\/2022\/wp-json\/wp\/v2\/types\/post"}],"author":[{"embeddable":true,"href":"https:\/\/regiaonews.net.br\/2022\/wp-json\/wp\/v2\/users\/2"}],"replies":[{"embeddable":true,"href":"https:\/\/regiaonews.net.br\/2022\/wp-json\/wp\/v2\/comments?post=49310"}],"version-history":[{"count":0,"href":"https:\/\/regiaonews.net.br\/2022\/wp-json\/wp\/v2\/posts\/49310\/revisions"}],"wp:featuredmedia":[{"embeddable":true,"href":"https:\/\/regiaonews.net.br\/2022\/wp-json\/wp\/v2\/media\/49312"}],"wp:attachment":[{"href":"https:\/\/regiaonews.net.br\/2022\/wp-json\/wp\/v2\/media?parent=49310"}],"wp:term":[{"taxonomy":"category","embeddable":true,"href":"https:\/\/regiaonews.net.br\/2022\/wp-json\/wp\/v2\/categories?post=49310"},{"taxonomy":"post_tag","embeddable":true,"href":"https:\/\/regiaonews.net.br\/2022\/wp-json\/wp\/v2\/tags?post=49310"}],"curies":[{"name":"wp","href":"https:\/\/api.w.org\/{rel}","templated":true}]}}