{"id":49285,"date":"2021-06-26T10:48:31","date_gmt":"2021-06-26T13:48:31","guid":{"rendered":"https:\/\/regiaonews.net.br\/2022\/?p=49285"},"modified":"2021-06-26T17:56:54","modified_gmt":"2021-06-26T20:56:54","slug":"colina-inaugurou-10-leitos-de-uti","status":"publish","type":"post","link":"https:\/\/regiaonews.net.br\/2022\/2021\/06\/26\/colina-inaugurou-10-leitos-de-uti\/","title":{"rendered":"Colina inaugurou 10 leitos tempor\u00e1rios de UTI e atendimento tem in\u00edcio no dia 1\u00ba de julho"},"content":{"rendered":"<p>&nbsp;<\/p>\n<div style=\"width: 640px;\" class=\"wp-video\"><video class=\"wp-video-shortcode\" id=\"video-49285-1\" width=\"640\" height=\"352\" preload=\"metadata\" controls=\"controls\"><source type=\"video\/mp4\" src=\"https:\/\/regiaonews.net.br\/2022\/wp-content\/uploads\/2021\/06\/WhatsApp-Video-2021-06-26-at-16.49.44.mp4?_=1\" \/><a href=\"https:\/\/regiaonews.net.br\/2022\/wp-content\/uploads\/2021\/06\/WhatsApp-Video-2021-06-26-at-16.49.44.mp4\">https:\/\/regiaonews.net.br\/2022\/wp-content\/uploads\/2021\/06\/WhatsApp-Video-2021-06-26-at-16.49.44.mp4<\/a><\/video><\/div>\n<p><a href=\"https:\/\/regiaonews.net.br\/2022\/wp-content\/uploads\/2021\/06\/Uti-3.jpg\"><img loading=\"lazy\" decoding=\"async\" class=\"alignnone size-medium wp-image-49320\" src=\"https:\/\/regiaonews.net.br\/2022\/wp-content\/uploads\/2021\/06\/Uti-3-300x138.jpg\" alt=\"\" width=\"300\" height=\"138\" \/><\/a><a href=\"https:\/\/regiaonews.net.br\/2022\/wp-content\/uploads\/2021\/06\/Uti-2.jpg\"><img loading=\"lazy\" decoding=\"async\" class=\"alignnone size-medium wp-image-49321\" src=\"https:\/\/regiaonews.net.br\/2022\/wp-content\/uploads\/2021\/06\/Uti-2-300x138.jpg\" alt=\"\" width=\"300\" height=\"138\" \/><\/a><a href=\"https:\/\/regiaonews.net.br\/2022\/wp-content\/uploads\/2021\/06\/Uti-1.jpg\"><img loading=\"lazy\" decoding=\"async\" class=\"alignnone size-medium wp-image-49322\" src=\"https:\/\/regiaonews.net.br\/2022\/wp-content\/uploads\/2021\/06\/Uti-1-300x138.jpg\" alt=\"\" width=\"300\" height=\"138\" \/><\/a><a href=\"https:\/\/regiaonews.net.br\/2022\/wp-content\/uploads\/2021\/06\/Prefeitura-de-Colina.jpg\"><img loading=\"lazy\" decoding=\"async\" class=\"alignnone size-medium wp-image-49286\" src=\"https:\/\/regiaonews.net.br\/2022\/wp-content\/uploads\/2021\/06\/Prefeitura-de-Colina-300x159.jpg\" alt=\"\" width=\"300\" height=\"159\" \/><\/a> <a href=\"https:\/\/regiaonews.net.br\/2022\/wp-content\/uploads\/2021\/06\/UTI-Colina-1.jpg\"><img loading=\"lazy\" decoding=\"async\" class=\"alignnone size-medium wp-image-49287\" src=\"https:\/\/regiaonews.net.br\/2022\/wp-content\/uploads\/2021\/06\/UTI-Colina-1-300x212.jpg\" alt=\"\" width=\"300\" height=\"212\" \/><\/a> <a href=\"https:\/\/regiaonews.net.br\/2022\/wp-content\/uploads\/2021\/06\/UTI-Colina.jpg\"><img loading=\"lazy\" decoding=\"async\" class=\"alignnone size-medium wp-image-49288\" src=\"https:\/\/regiaonews.net.br\/2022\/wp-content\/uploads\/2021\/06\/UTI-Colina-300x158.jpg\" alt=\"\" width=\"300\" height=\"158\" \/><\/a><\/p>\n<p>A Prefeitura Municipal de Colina foi uma das pioneiras no enfrentamento \u00e0 COVID-19: implantou o Centro de Enfrentamento ao Corav\u00edrus em abril de 2020, atendendo Colina e regi\u00e3o. O Centro de Enfrentamento est\u00e1 acoplado \u00e0 Sociedade Filantr\u00f3pica \u201cHospital Jos\u00e9 Ven\u00e2ncio\u201d e Pronto Atendimento Municipal.<\/p>\n<p>A Prefeitura informa ainda, algumas medidas adotadas para refor\u00e7ar o servi\u00e7o m\u00e9dico-hospitalar para o combate e preven\u00e7\u00e3o \u00e0 dissemina\u00e7\u00e3o do Novo Coronav\u00edrus, no munic\u00edpio.<\/p>\n<p>A partir da pr\u00f3xima quinta-feira, dia 1\u00ba de julho, a Prefeitura e o Hospital colocam em funcionamento 10 (dez) novos leitos de UTI (Unidade de Terapia Intensiva) \u2013 adulto, para atendimento exclusivo dos pacientes com COVID-19 e 20 (vinte) novos leitos de Enfermaria Cl\u00ednica Tempor\u00e1rios.<\/p>\n<p>\u00c9 importante ressaltar que esses leitos de UTI s\u00e3o exclusivos para o tratamento da COVID-19 e que as instala\u00e7\u00f5es tempor\u00e1rias foram concedidas excepcionalmente para o per\u00edodo da pandemia.<\/p>\n<p>Portanto, a habilita\u00e7\u00e3o ocorre, excepcionalmente, pelo prazo de 90 dias, podendo ser prorrogada. Finalizada a situa\u00e7\u00e3o de emerg\u00eancia de sa\u00fade p\u00fablica, esses leitos poder\u00e3o ser encerrados a qualquer tempo.<\/p>\n<p><strong>Equipamentos<\/strong><\/p>\n<p>Os leitos contar\u00e3o com camas hospitalares fowler el\u00e9tricas, cardioversores, monitores multipar\u00e2metros, ventiladores pulmonares, bombas de infus\u00e3o, eletrocardiograma,\u00a0<em>aparelhos de hemodi\u00e1lise e de osmose.<\/em><\/p>\n<p>A habilita\u00e7\u00e3o de 10 (dez) leitos de UTI\/COVID-19 representa um benef\u00edcio enorme \u00e0 popula\u00e7\u00e3o de Colina e regi\u00e3o, como medida muito importante para o enfrentamento da Pandemia e seus efeitos.<\/p>\n<p>https:\/\/www.facebook.com\/watch\/live\/?extid=CL-UNK-UNK-UNK-AN_GK0T-GK1C&#038;v=390802132365336&#038;ref=watch_permalink<\/p>\n<p>&nbsp;<\/p>\n<p>&nbsp;<\/p>\n<p>&nbsp;<\/p>\n<p>&nbsp;<\/p>\n<p>&nbsp;<\/p>\n<p>&nbsp;<\/p>\n","protected":false},"excerpt":{"rendered":"<p>&nbsp; A Prefeitura Municipal de Colina foi uma das pioneiras<\/p>\n","protected":false},"author":2,"featured_media":49287,"comment_status":"open","ping_status":"open","sticky":false,"template":"","format":"standard","meta":{"footnotes":""},"categories":[25,5],"tags":[],"class_list":["post-49285","post","type-post","status-publish","format-standard","has-post-thumbnail","hentry","category-cidades","category-colina"],"yoast_head":"<!-- This site is optimized with the Yoast SEO plugin v27.4 - https:\/\/yoast.com\/product\/yoast-seo-wordpress\/ -->\n<title>Colina inaugurou 10 leitos tempor\u00e1rios de UTI e atendimento tem in\u00edcio no dia 1\u00ba de julho - Regi\u00e3o News<\/title>\n<meta name=\"robots\" content=\"index, follow, max-snippet:-1, max-image-preview:large, max-video-preview:-1\" \/>\n<link rel=\"canonical\" href=\"https:\/\/regiaonews.net.br\/2022\/2021\/06\/26\/colina-inaugurou-10-leitos-de-uti\/\" \/>\n<meta property=\"og:locale\" content=\"pt_BR\" \/>\n<meta property=\"og:type\" content=\"article\" \/>\n<meta property=\"og:title\" content=\"Colina inaugurou 10 leitos tempor\u00e1rios de UTI e atendimento tem in\u00edcio no dia 1\u00ba de julho - Regi\u00e3o News\" \/>\n<meta property=\"og:description\" content=\"&nbsp; A Prefeitura Municipal de Colina foi uma das pioneiras\" \/>\n<meta property=\"og:url\" content=\"https:\/\/regiaonews.net.br\/2022\/2021\/06\/26\/colina-inaugurou-10-leitos-de-uti\/\" \/>\n<meta property=\"og:site_name\" content=\"Regi\u00e3o News\" \/>\n<meta property=\"article:published_time\" content=\"2021-06-26T13:48:31+00:00\" \/>\n<meta property=\"article:modified_time\" content=\"2021-06-26T20:56:54+00:00\" \/>\n<meta property=\"og:image\" content=\"https:\/\/regiaonews.net.br\/2022\/wp-content\/uploads\/2021\/06\/UTI-Colina-1.jpg\" \/>\n\t<meta property=\"og:image:width\" content=\"626\" \/>\n\t<meta property=\"og:image:height\" content=\"443\" \/>\n\t<meta property=\"og:image:type\" content=\"image\/jpeg\" \/>\n<meta name=\"author\" content=\"Roberto\" \/>\n<meta name=\"twitter:card\" content=\"summary_large_image\" \/>\n<meta name=\"twitter:label1\" content=\"Escrito por\" \/>\n\t<meta name=\"twitter:data1\" content=\"Roberto\" \/>\n\t<meta name=\"twitter:label2\" content=\"Est. tempo de leitura\" \/>\n\t<meta name=\"twitter:data2\" content=\"1 minuto\" \/>\n<script type=\"application\/ld+json\" class=\"yoast-schema-graph\">{\"@context\":\"https:\\\/\\\/schema.org\",\"@graph\":[{\"@type\":\"Article\",\"@id\":\"https:\\\/\\\/regiaonews.net.br\\\/2022\\\/2021\\\/06\\\/26\\\/colina-inaugurou-10-leitos-de-uti\\\/#article\",\"isPartOf\":{\"@id\":\"https:\\\/\\\/regiaonews.net.br\\\/2022\\\/2021\\\/06\\\/26\\\/colina-inaugurou-10-leitos-de-uti\\\/\"},\"author\":{\"name\":\"Roberto\",\"@id\":\"https:\\\/\\\/regiaonews.net.br\\\/2022\\\/#\\\/schema\\\/person\\\/2d205a608a5aa97ac279d7a5e6d89ad8\"},\"headline\":\"Colina inaugurou 10 leitos tempor\u00e1rios de UTI e atendimento tem in\u00edcio no dia 1\u00ba de julho\",\"datePublished\":\"2021-06-26T13:48:31+00:00\",\"dateModified\":\"2021-06-26T20:56:54+00:00\",\"mainEntityOfPage\":{\"@id\":\"https:\\\/\\\/regiaonews.net.br\\\/2022\\\/2021\\\/06\\\/26\\\/colina-inaugurou-10-leitos-de-uti\\\/\"},\"wordCount\":302,\"commentCount\":0,\"publisher\":{\"@id\":\"https:\\\/\\\/regiaonews.net.br\\\/2022\\\/#organization\"},\"image\":{\"@id\":\"https:\\\/\\\/regiaonews.net.br\\\/2022\\\/2021\\\/06\\\/26\\\/colina-inaugurou-10-leitos-de-uti\\\/#primaryimage\"},\"thumbnailUrl\":\"https:\\\/\\\/regiaonews.net.br\\\/2022\\\/wp-content\\\/uploads\\\/2021\\\/06\\\/UTI-Colina-1.jpg\",\"articleSection\":[\"Cidades\",\"Colina\"],\"inLanguage\":\"pt-BR\",\"potentialAction\":[{\"@type\":\"CommentAction\",\"name\":\"Comment\",\"target\":[\"https:\\\/\\\/regiaonews.net.br\\\/2022\\\/2021\\\/06\\\/26\\\/colina-inaugurou-10-leitos-de-uti\\\/#respond\"]}]},{\"@type\":\"WebPage\",\"@id\":\"https:\\\/\\\/regiaonews.net.br\\\/2022\\\/2021\\\/06\\\/26\\\/colina-inaugurou-10-leitos-de-uti\\\/\",\"url\":\"https:\\\/\\\/regiaonews.net.br\\\/2022\\\/2021\\\/06\\\/26\\\/colina-inaugurou-10-leitos-de-uti\\\/\",\"name\":\"Colina inaugurou 10 leitos tempor\u00e1rios de UTI e atendimento tem in\u00edcio no dia 1\u00ba de julho - Regi\u00e3o News\",\"isPartOf\":{\"@id\":\"https:\\\/\\\/regiaonews.net.br\\\/2022\\\/#website\"},\"primaryImageOfPage\":{\"@id\":\"https:\\\/\\\/regiaonews.net.br\\\/2022\\\/2021\\\/06\\\/26\\\/colina-inaugurou-10-leitos-de-uti\\\/#primaryimage\"},\"image\":{\"@id\":\"https:\\\/\\\/regiaonews.net.br\\\/2022\\\/2021\\\/06\\\/26\\\/colina-inaugurou-10-leitos-de-uti\\\/#primaryimage\"},\"thumbnailUrl\":\"https:\\\/\\\/regiaonews.net.br\\\/2022\\\/wp-content\\\/uploads\\\/2021\\\/06\\\/UTI-Colina-1.jpg\",\"datePublished\":\"2021-06-26T13:48:31+00:00\",\"dateModified\":\"2021-06-26T20:56:54+00:00\",\"breadcrumb\":{\"@id\":\"https:\\\/\\\/regiaonews.net.br\\\/2022\\\/2021\\\/06\\\/26\\\/colina-inaugurou-10-leitos-de-uti\\\/#breadcrumb\"},\"inLanguage\":\"pt-BR\",\"potentialAction\":[{\"@type\":\"ReadAction\",\"target\":[\"https:\\\/\\\/regiaonews.net.br\\\/2022\\\/2021\\\/06\\\/26\\\/colina-inaugurou-10-leitos-de-uti\\\/\"]}]},{\"@type\":\"ImageObject\",\"inLanguage\":\"pt-BR\",\"@id\":\"https:\\\/\\\/regiaonews.net.br\\\/2022\\\/2021\\\/06\\\/26\\\/colina-inaugurou-10-leitos-de-uti\\\/#primaryimage\",\"url\":\"https:\\\/\\\/regiaonews.net.br\\\/2022\\\/wp-content\\\/uploads\\\/2021\\\/06\\\/UTI-Colina-1.jpg\",\"contentUrl\":\"https:\\\/\\\/regiaonews.net.br\\\/2022\\\/wp-content\\\/uploads\\\/2021\\\/06\\\/UTI-Colina-1.jpg\",\"width\":626,\"height\":443},{\"@type\":\"BreadcrumbList\",\"@id\":\"https:\\\/\\\/regiaonews.net.br\\\/2022\\\/2021\\\/06\\\/26\\\/colina-inaugurou-10-leitos-de-uti\\\/#breadcrumb\",\"itemListElement\":[{\"@type\":\"ListItem\",\"position\":1,\"name\":\"In\u00edcio\",\"item\":\"https:\\\/\\\/regiaonews.net.br\\\/2022\\\/\"},{\"@type\":\"ListItem\",\"position\":2,\"name\":\"Colina inaugurou 10 leitos tempor\u00e1rios de UTI e atendimento tem in\u00edcio no dia 1\u00ba de julho\"}]},{\"@type\":\"WebSite\",\"@id\":\"https:\\\/\\\/regiaonews.net.br\\\/2022\\\/#website\",\"url\":\"https:\\\/\\\/regiaonews.net.br\\\/2022\\\/\",\"name\":\"Regi\u00e3o News\",\"description\":\"Site de Not\u00edcias de Barretos e regi\u00e3o\",\"publisher\":{\"@id\":\"https:\\\/\\\/regiaonews.net.br\\\/2022\\\/#organization\"},\"potentialAction\":[{\"@type\":\"SearchAction\",\"target\":{\"@type\":\"EntryPoint\",\"urlTemplate\":\"https:\\\/\\\/regiaonews.net.br\\\/2022\\\/?s={search_term_string}\"},\"query-input\":{\"@type\":\"PropertyValueSpecification\",\"valueRequired\":true,\"valueName\":\"search_term_string\"}}],\"inLanguage\":\"pt-BR\"},{\"@type\":\"Organization\",\"@id\":\"https:\\\/\\\/regiaonews.net.br\\\/2022\\\/#organization\",\"name\":\"Regi\u00e3o News\",\"url\":\"https:\\\/\\\/regiaonews.net.br\\\/2022\\\/\",\"logo\":{\"@type\":\"ImageObject\",\"inLanguage\":\"pt-BR\",\"@id\":\"https:\\\/\\\/regiaonews.net.br\\\/2022\\\/#\\\/schema\\\/logo\\\/image\\\/\",\"url\":\"https:\\\/\\\/regiaonews.net.br\\\/2022\\\/wp-content\\\/uploads\\\/2026\\\/03\\\/regiao-13-anos-scaled.jpg\",\"contentUrl\":\"https:\\\/\\\/regiaonews.net.br\\\/2022\\\/wp-content\\\/uploads\\\/2026\\\/03\\\/regiao-13-anos-scaled.jpg\",\"width\":2560,\"height\":635,\"caption\":\"Regi\u00e3o News\"},\"image\":{\"@id\":\"https:\\\/\\\/regiaonews.net.br\\\/2022\\\/#\\\/schema\\\/logo\\\/image\\\/\"}},{\"@type\":\"Person\",\"@id\":\"https:\\\/\\\/regiaonews.net.br\\\/2022\\\/#\\\/schema\\\/person\\\/2d205a608a5aa97ac279d7a5e6d89ad8\",\"name\":\"Roberto\",\"image\":{\"@type\":\"ImageObject\",\"inLanguage\":\"pt-BR\",\"@id\":\"https:\\\/\\\/secure.gravatar.com\\\/avatar\\\/42749d8b712ff9d59ca93dc150494e5b55a44134482993f5baeb97e61b7ecc89?s=96&d=mm&r=g\",\"url\":\"https:\\\/\\\/secure.gravatar.com\\\/avatar\\\/42749d8b712ff9d59ca93dc150494e5b55a44134482993f5baeb97e61b7ecc89?s=96&d=mm&r=g\",\"contentUrl\":\"https:\\\/\\\/secure.gravatar.com\\\/avatar\\\/42749d8b712ff9d59ca93dc150494e5b55a44134482993f5baeb97e61b7ecc89?s=96&d=mm&r=g\",\"caption\":\"Roberto\"},\"url\":\"https:\\\/\\\/regiaonews.net.br\\\/2022\\\/author\\\/roberto\\\/\"}]}<\/script>\n<!-- \/ Yoast SEO plugin. -->","yoast_head_json":{"title":"Colina inaugurou 10 leitos tempor\u00e1rios de UTI e atendimento tem in\u00edcio no dia 1\u00ba de julho - Regi\u00e3o News","robots":{"index":"index","follow":"follow","max-snippet":"max-snippet:-1","max-image-preview":"max-image-preview:large","max-video-preview":"max-video-preview:-1"},"canonical":"https:\/\/regiaonews.net.br\/2022\/2021\/06\/26\/colina-inaugurou-10-leitos-de-uti\/","og_locale":"pt_BR","og_type":"article","og_title":"Colina inaugurou 10 leitos tempor\u00e1rios de UTI e atendimento tem in\u00edcio no dia 1\u00ba de julho - Regi\u00e3o News","og_description":"&nbsp; A Prefeitura Municipal de Colina foi uma das pioneiras","og_url":"https:\/\/regiaonews.net.br\/2022\/2021\/06\/26\/colina-inaugurou-10-leitos-de-uti\/","og_site_name":"Regi\u00e3o News","article_published_time":"2021-06-26T13:48:31+00:00","article_modified_time":"2021-06-26T20:56:54+00:00","og_image":[{"width":626,"height":443,"url":"https:\/\/regiaonews.net.br\/2022\/wp-content\/uploads\/2021\/06\/UTI-Colina-1.jpg","type":"image\/jpeg"}],"author":"Roberto","twitter_card":"summary_large_image","twitter_misc":{"Escrito por":"Roberto","Est. tempo de leitura":"1 minuto"},"schema":{"@context":"https:\/\/schema.org","@graph":[{"@type":"Article","@id":"https:\/\/regiaonews.net.br\/2022\/2021\/06\/26\/colina-inaugurou-10-leitos-de-uti\/#article","isPartOf":{"@id":"https:\/\/regiaonews.net.br\/2022\/2021\/06\/26\/colina-inaugurou-10-leitos-de-uti\/"},"author":{"name":"Roberto","@id":"https:\/\/regiaonews.net.br\/2022\/#\/schema\/person\/2d205a608a5aa97ac279d7a5e6d89ad8"},"headline":"Colina inaugurou 10 leitos tempor\u00e1rios de UTI e atendimento tem in\u00edcio no dia 1\u00ba de julho","datePublished":"2021-06-26T13:48:31+00:00","dateModified":"2021-06-26T20:56:54+00:00","mainEntityOfPage":{"@id":"https:\/\/regiaonews.net.br\/2022\/2021\/06\/26\/colina-inaugurou-10-leitos-de-uti\/"},"wordCount":302,"commentCount":0,"publisher":{"@id":"https:\/\/regiaonews.net.br\/2022\/#organization"},"image":{"@id":"https:\/\/regiaonews.net.br\/2022\/2021\/06\/26\/colina-inaugurou-10-leitos-de-uti\/#primaryimage"},"thumbnailUrl":"https:\/\/regiaonews.net.br\/2022\/wp-content\/uploads\/2021\/06\/UTI-Colina-1.jpg","articleSection":["Cidades","Colina"],"inLanguage":"pt-BR","potentialAction":[{"@type":"CommentAction","name":"Comment","target":["https:\/\/regiaonews.net.br\/2022\/2021\/06\/26\/colina-inaugurou-10-leitos-de-uti\/#respond"]}]},{"@type":"WebPage","@id":"https:\/\/regiaonews.net.br\/2022\/2021\/06\/26\/colina-inaugurou-10-leitos-de-uti\/","url":"https:\/\/regiaonews.net.br\/2022\/2021\/06\/26\/colina-inaugurou-10-leitos-de-uti\/","name":"Colina inaugurou 10 leitos tempor\u00e1rios de UTI e atendimento tem in\u00edcio no dia 1\u00ba de julho - Regi\u00e3o News","isPartOf":{"@id":"https:\/\/regiaonews.net.br\/2022\/#website"},"primaryImageOfPage":{"@id":"https:\/\/regiaonews.net.br\/2022\/2021\/06\/26\/colina-inaugurou-10-leitos-de-uti\/#primaryimage"},"image":{"@id":"https:\/\/regiaonews.net.br\/2022\/2021\/06\/26\/colina-inaugurou-10-leitos-de-uti\/#primaryimage"},"thumbnailUrl":"https:\/\/regiaonews.net.br\/2022\/wp-content\/uploads\/2021\/06\/UTI-Colina-1.jpg","datePublished":"2021-06-26T13:48:31+00:00","dateModified":"2021-06-26T20:56:54+00:00","breadcrumb":{"@id":"https:\/\/regiaonews.net.br\/2022\/2021\/06\/26\/colina-inaugurou-10-leitos-de-uti\/#breadcrumb"},"inLanguage":"pt-BR","potentialAction":[{"@type":"ReadAction","target":["https:\/\/regiaonews.net.br\/2022\/2021\/06\/26\/colina-inaugurou-10-leitos-de-uti\/"]}]},{"@type":"ImageObject","inLanguage":"pt-BR","@id":"https:\/\/regiaonews.net.br\/2022\/2021\/06\/26\/colina-inaugurou-10-leitos-de-uti\/#primaryimage","url":"https:\/\/regiaonews.net.br\/2022\/wp-content\/uploads\/2021\/06\/UTI-Colina-1.jpg","contentUrl":"https:\/\/regiaonews.net.br\/2022\/wp-content\/uploads\/2021\/06\/UTI-Colina-1.jpg","width":626,"height":443},{"@type":"BreadcrumbList","@id":"https:\/\/regiaonews.net.br\/2022\/2021\/06\/26\/colina-inaugurou-10-leitos-de-uti\/#breadcrumb","itemListElement":[{"@type":"ListItem","position":1,"name":"In\u00edcio","item":"https:\/\/regiaonews.net.br\/2022\/"},{"@type":"ListItem","position":2,"name":"Colina inaugurou 10 leitos tempor\u00e1rios de UTI e atendimento tem in\u00edcio no dia 1\u00ba de julho"}]},{"@type":"WebSite","@id":"https:\/\/regiaonews.net.br\/2022\/#website","url":"https:\/\/regiaonews.net.br\/2022\/","name":"Regi\u00e3o News","description":"Site de Not\u00edcias de Barretos e regi\u00e3o","publisher":{"@id":"https:\/\/regiaonews.net.br\/2022\/#organization"},"potentialAction":[{"@type":"SearchAction","target":{"@type":"EntryPoint","urlTemplate":"https:\/\/regiaonews.net.br\/2022\/?s={search_term_string}"},"query-input":{"@type":"PropertyValueSpecification","valueRequired":true,"valueName":"search_term_string"}}],"inLanguage":"pt-BR"},{"@type":"Organization","@id":"https:\/\/regiaonews.net.br\/2022\/#organization","name":"Regi\u00e3o News","url":"https:\/\/regiaonews.net.br\/2022\/","logo":{"@type":"ImageObject","inLanguage":"pt-BR","@id":"https:\/\/regiaonews.net.br\/2022\/#\/schema\/logo\/image\/","url":"https:\/\/regiaonews.net.br\/2022\/wp-content\/uploads\/2026\/03\/regiao-13-anos-scaled.jpg","contentUrl":"https:\/\/regiaonews.net.br\/2022\/wp-content\/uploads\/2026\/03\/regiao-13-anos-scaled.jpg","width":2560,"height":635,"caption":"Regi\u00e3o News"},"image":{"@id":"https:\/\/regiaonews.net.br\/2022\/#\/schema\/logo\/image\/"}},{"@type":"Person","@id":"https:\/\/regiaonews.net.br\/2022\/#\/schema\/person\/2d205a608a5aa97ac279d7a5e6d89ad8","name":"Roberto","image":{"@type":"ImageObject","inLanguage":"pt-BR","@id":"https:\/\/secure.gravatar.com\/avatar\/42749d8b712ff9d59ca93dc150494e5b55a44134482993f5baeb97e61b7ecc89?s=96&d=mm&r=g","url":"https:\/\/secure.gravatar.com\/avatar\/42749d8b712ff9d59ca93dc150494e5b55a44134482993f5baeb97e61b7ecc89?s=96&d=mm&r=g","contentUrl":"https:\/\/secure.gravatar.com\/avatar\/42749d8b712ff9d59ca93dc150494e5b55a44134482993f5baeb97e61b7ecc89?s=96&d=mm&r=g","caption":"Roberto"},"url":"https:\/\/regiaonews.net.br\/2022\/author\/roberto\/"}]}},"publishpress_future_action":{"enabled":false,"date":"2026-05-03 17:55:36","action":"change-status","newStatus":"draft","terms":[],"taxonomy":"category","extraData":[]},"publishpress_future_workflow_manual_trigger":{"enabledWorkflows":[]},"_links":{"self":[{"href":"https:\/\/regiaonews.net.br\/2022\/wp-json\/wp\/v2\/posts\/49285","targetHints":{"allow":["GET"]}}],"collection":[{"href":"https:\/\/regiaonews.net.br\/2022\/wp-json\/wp\/v2\/posts"}],"about":[{"href":"https:\/\/regiaonews.net.br\/2022\/wp-json\/wp\/v2\/types\/post"}],"author":[{"embeddable":true,"href":"https:\/\/regiaonews.net.br\/2022\/wp-json\/wp\/v2\/users\/2"}],"replies":[{"embeddable":true,"href":"https:\/\/regiaonews.net.br\/2022\/wp-json\/wp\/v2\/comments?post=49285"}],"version-history":[{"count":0,"href":"https:\/\/regiaonews.net.br\/2022\/wp-json\/wp\/v2\/posts\/49285\/revisions"}],"wp:featuredmedia":[{"embeddable":true,"href":"https:\/\/regiaonews.net.br\/2022\/wp-json\/wp\/v2\/media\/49287"}],"wp:attachment":[{"href":"https:\/\/regiaonews.net.br\/2022\/wp-json\/wp\/v2\/media?parent=49285"}],"wp:term":[{"taxonomy":"category","embeddable":true,"href":"https:\/\/regiaonews.net.br\/2022\/wp-json\/wp\/v2\/categories?post=49285"},{"taxonomy":"post_tag","embeddable":true,"href":"https:\/\/regiaonews.net.br\/2022\/wp-json\/wp\/v2\/tags?post=49285"}],"curies":[{"name":"wp","href":"https:\/\/api.w.org\/{rel}","templated":true}]}}