{"id":49136,"date":"2021-06-23T21:30:09","date_gmt":"2021-06-24T00:30:09","guid":{"rendered":"https:\/\/regiaonews.net.br\/2022\/?p=49136"},"modified":"2021-06-23T22:23:48","modified_gmt":"2021-06-24T01:23:48","slug":"paula-lemos-sanciona-lei-e-suspende-exigencia-de-construcao-de-muros-e-calcadas","status":"publish","type":"post","link":"https:\/\/regiaonews.net.br\/2022\/2021\/06\/23\/paula-lemos-sanciona-lei-e-suspende-exigencia-de-construcao-de-muros-e-calcadas\/","title":{"rendered":"Paula Lemos sanciona lei e suspende exig\u00eancia de constru\u00e7\u00e3o de muros e cal\u00e7adas"},"content":{"rendered":"<p>&nbsp;<\/p>\n<p style=\"text-align: left;\"><a href=\"https:\/\/regiaonews.net.br\/2022\/wp-content\/uploads\/2021\/06\/20210623_212838.jpg\"><img loading=\"lazy\" decoding=\"async\" class=\"alignnone size-medium wp-image-49137\" src=\"https:\/\/regiaonews.net.br\/2022\/wp-content\/uploads\/2021\/06\/20210623_212838-300x196.jpg\" alt=\"\" width=\"300\" height=\"196\" \/><\/a>Entendemos o momento dif\u00edcil gerado pela pandemia, e esta \u00e9 mais uma lei que visa auxiliar o barretense neste momento&#8221;. \u00c9 com esse pensamento que a prefeita Paula Lemos sancionou nesta quarta-feira, dia 23 de junho\/21, a Lei Complementar que suspende a exig\u00eancia da constru\u00e7\u00e3o de muros e cal\u00e7adas durante toda a vig\u00eancia do estado de calamidade p\u00fablica na cidade e, mais ainda, amplia esse benef\u00edcio para tr\u00eas meses ap\u00f3s esse per\u00edodo.<br \/>\nPara ter acesso a esse benef\u00edcio, os propriet\u00e1rios de im\u00f3veis devem comprovar que tiveram perdas financeiras em decorr\u00eancia da pandemia e que possuem renda mensal familiar de at\u00e9 R$ 4,4 mil.<br \/>\nIdeia da prefeita, essa proposta foi encaminhada \u00e0 C\u00e2mara Municipal no dia 25 de maio, sendo aprovada pelos vereadores.<br \/>\nA lei estabelece ainda que os moradores enquadrados nesses termos e que tenham sido autuados ou notificados desde janeiro, podem entrar com pedido de cancelamento das multas. Mas \u00e9 importante que essa solicita\u00e7\u00e3o seja feita em at\u00e9 120 dias da promulga\u00e7\u00e3o dessa lei e a publica\u00e7\u00e3o no Di\u00e1rio Oficial, o que deve acontecer ainda essa semana.<\/p>\n<p><b>Como fazer o pedido?<\/b><br \/>\nOs propriet\u00e1rios de im\u00f3veis que t\u00eam direito a esse benef\u00edcio devem comparecer na sede da Secretaria Municipal de Ordem P\u00fablica, na antiga prefeitura, na Rua 30, n\u00ba 564, no Centro, e solicit\u00e1-lo por meio de um requerimento contendo os dados pessoais, do im\u00f3vel e com a devida assinatura.<br \/>\nEste requerimento deve ser acompanhado por c\u00f3pias de um documento com foto, comprovante de resid\u00eancia, comprovante de propriedade do im\u00f3vel, da renda familiar at\u00e9 R$ 4,4 mil e a demonstra\u00e7\u00e3o de que tiveram perdas financeiras em decorr\u00eancia da pandemia.<\/p>\n","protected":false},"excerpt":{"rendered":"<p>&nbsp; Entendemos o momento dif\u00edcil gerado pela pandemia, e esta<\/p>\n","protected":false},"author":2,"featured_media":49137,"comment_status":"open","ping_status":"open","sticky":false,"template":"","format":"standard","meta":{"footnotes":""},"categories":[14,25,22],"tags":[],"class_list":["post-49136","post","type-post","status-publish","format-standard","has-post-thumbnail","hentry","category-barretos","category-cidades","category-politica"],"yoast_head":"<!-- This site is optimized with the Yoast SEO plugin v27.4 - https:\/\/yoast.com\/product\/yoast-seo-wordpress\/ -->\n<title>Paula Lemos sanciona lei e suspende exig\u00eancia de constru\u00e7\u00e3o de muros e cal\u00e7adas - Regi\u00e3o News<\/title>\n<meta name=\"robots\" content=\"index, follow, max-snippet:-1, max-image-preview:large, max-video-preview:-1\" \/>\n<link rel=\"canonical\" href=\"https:\/\/regiaonews.net.br\/2022\/2021\/06\/23\/paula-lemos-sanciona-lei-e-suspende-exigencia-de-construcao-de-muros-e-calcadas\/\" \/>\n<meta property=\"og:locale\" content=\"pt_BR\" \/>\n<meta property=\"og:type\" content=\"article\" \/>\n<meta property=\"og:title\" content=\"Paula Lemos sanciona lei e suspende exig\u00eancia de constru\u00e7\u00e3o de muros e cal\u00e7adas - Regi\u00e3o News\" \/>\n<meta property=\"og:description\" content=\"&nbsp; Entendemos o momento dif\u00edcil gerado pela pandemia, e esta\" \/>\n<meta property=\"og:url\" content=\"https:\/\/regiaonews.net.br\/2022\/2021\/06\/23\/paula-lemos-sanciona-lei-e-suspende-exigencia-de-construcao-de-muros-e-calcadas\/\" \/>\n<meta property=\"og:site_name\" content=\"Regi\u00e3o News\" \/>\n<meta property=\"article:published_time\" content=\"2021-06-24T00:30:09+00:00\" \/>\n<meta property=\"article:modified_time\" content=\"2021-06-24T01:23:48+00:00\" \/>\n<meta property=\"og:image\" content=\"https:\/\/regiaonews.net.br\/2022\/wp-content\/uploads\/2021\/06\/20210623_212838.jpg\" \/>\n\t<meta property=\"og:image:width\" content=\"705\" \/>\n\t<meta property=\"og:image:height\" content=\"460\" \/>\n\t<meta property=\"og:image:type\" content=\"image\/jpeg\" \/>\n<meta name=\"author\" content=\"Roberto\" \/>\n<meta name=\"twitter:card\" content=\"summary_large_image\" \/>\n<meta name=\"twitter:label1\" content=\"Escrito por\" \/>\n\t<meta name=\"twitter:data1\" content=\"Roberto\" \/>\n\t<meta name=\"twitter:label2\" content=\"Est. tempo de leitura\" \/>\n\t<meta name=\"twitter:data2\" content=\"1 minuto\" \/>\n<script type=\"application\/ld+json\" class=\"yoast-schema-graph\">{\"@context\":\"https:\\\/\\\/schema.org\",\"@graph\":[{\"@type\":\"Article\",\"@id\":\"https:\\\/\\\/regiaonews.net.br\\\/2022\\\/2021\\\/06\\\/23\\\/paula-lemos-sanciona-lei-e-suspende-exigencia-de-construcao-de-muros-e-calcadas\\\/#article\",\"isPartOf\":{\"@id\":\"https:\\\/\\\/regiaonews.net.br\\\/2022\\\/2021\\\/06\\\/23\\\/paula-lemos-sanciona-lei-e-suspende-exigencia-de-construcao-de-muros-e-calcadas\\\/\"},\"author\":{\"name\":\"Roberto\",\"@id\":\"https:\\\/\\\/regiaonews.net.br\\\/2022\\\/#\\\/schema\\\/person\\\/2d205a608a5aa97ac279d7a5e6d89ad8\"},\"headline\":\"Paula Lemos sanciona lei e suspende exig\u00eancia de constru\u00e7\u00e3o de muros e cal\u00e7adas\",\"datePublished\":\"2021-06-24T00:30:09+00:00\",\"dateModified\":\"2021-06-24T01:23:48+00:00\",\"mainEntityOfPage\":{\"@id\":\"https:\\\/\\\/regiaonews.net.br\\\/2022\\\/2021\\\/06\\\/23\\\/paula-lemos-sanciona-lei-e-suspende-exigencia-de-construcao-de-muros-e-calcadas\\\/\"},\"wordCount\":306,\"commentCount\":0,\"publisher\":{\"@id\":\"https:\\\/\\\/regiaonews.net.br\\\/2022\\\/#organization\"},\"image\":{\"@id\":\"https:\\\/\\\/regiaonews.net.br\\\/2022\\\/2021\\\/06\\\/23\\\/paula-lemos-sanciona-lei-e-suspende-exigencia-de-construcao-de-muros-e-calcadas\\\/#primaryimage\"},\"thumbnailUrl\":\"https:\\\/\\\/regiaonews.net.br\\\/2022\\\/wp-content\\\/uploads\\\/2021\\\/06\\\/20210623_212838.jpg\",\"articleSection\":[\"Barretos\",\"Cidades\",\"Pol\u00edtica\"],\"inLanguage\":\"pt-BR\",\"potentialAction\":[{\"@type\":\"CommentAction\",\"name\":\"Comment\",\"target\":[\"https:\\\/\\\/regiaonews.net.br\\\/2022\\\/2021\\\/06\\\/23\\\/paula-lemos-sanciona-lei-e-suspende-exigencia-de-construcao-de-muros-e-calcadas\\\/#respond\"]}]},{\"@type\":\"WebPage\",\"@id\":\"https:\\\/\\\/regiaonews.net.br\\\/2022\\\/2021\\\/06\\\/23\\\/paula-lemos-sanciona-lei-e-suspende-exigencia-de-construcao-de-muros-e-calcadas\\\/\",\"url\":\"https:\\\/\\\/regiaonews.net.br\\\/2022\\\/2021\\\/06\\\/23\\\/paula-lemos-sanciona-lei-e-suspende-exigencia-de-construcao-de-muros-e-calcadas\\\/\",\"name\":\"Paula Lemos sanciona lei e suspende exig\u00eancia de constru\u00e7\u00e3o de muros e cal\u00e7adas - Regi\u00e3o News\",\"isPartOf\":{\"@id\":\"https:\\\/\\\/regiaonews.net.br\\\/2022\\\/#website\"},\"primaryImageOfPage\":{\"@id\":\"https:\\\/\\\/regiaonews.net.br\\\/2022\\\/2021\\\/06\\\/23\\\/paula-lemos-sanciona-lei-e-suspende-exigencia-de-construcao-de-muros-e-calcadas\\\/#primaryimage\"},\"image\":{\"@id\":\"https:\\\/\\\/regiaonews.net.br\\\/2022\\\/2021\\\/06\\\/23\\\/paula-lemos-sanciona-lei-e-suspende-exigencia-de-construcao-de-muros-e-calcadas\\\/#primaryimage\"},\"thumbnailUrl\":\"https:\\\/\\\/regiaonews.net.br\\\/2022\\\/wp-content\\\/uploads\\\/2021\\\/06\\\/20210623_212838.jpg\",\"datePublished\":\"2021-06-24T00:30:09+00:00\",\"dateModified\":\"2021-06-24T01:23:48+00:00\",\"breadcrumb\":{\"@id\":\"https:\\\/\\\/regiaonews.net.br\\\/2022\\\/2021\\\/06\\\/23\\\/paula-lemos-sanciona-lei-e-suspende-exigencia-de-construcao-de-muros-e-calcadas\\\/#breadcrumb\"},\"inLanguage\":\"pt-BR\",\"potentialAction\":[{\"@type\":\"ReadAction\",\"target\":[\"https:\\\/\\\/regiaonews.net.br\\\/2022\\\/2021\\\/06\\\/23\\\/paula-lemos-sanciona-lei-e-suspende-exigencia-de-construcao-de-muros-e-calcadas\\\/\"]}]},{\"@type\":\"ImageObject\",\"inLanguage\":\"pt-BR\",\"@id\":\"https:\\\/\\\/regiaonews.net.br\\\/2022\\\/2021\\\/06\\\/23\\\/paula-lemos-sanciona-lei-e-suspende-exigencia-de-construcao-de-muros-e-calcadas\\\/#primaryimage\",\"url\":\"https:\\\/\\\/regiaonews.net.br\\\/2022\\\/wp-content\\\/uploads\\\/2021\\\/06\\\/20210623_212838.jpg\",\"contentUrl\":\"https:\\\/\\\/regiaonews.net.br\\\/2022\\\/wp-content\\\/uploads\\\/2021\\\/06\\\/20210623_212838.jpg\",\"width\":705,\"height\":460},{\"@type\":\"BreadcrumbList\",\"@id\":\"https:\\\/\\\/regiaonews.net.br\\\/2022\\\/2021\\\/06\\\/23\\\/paula-lemos-sanciona-lei-e-suspende-exigencia-de-construcao-de-muros-e-calcadas\\\/#breadcrumb\",\"itemListElement\":[{\"@type\":\"ListItem\",\"position\":1,\"name\":\"In\u00edcio\",\"item\":\"https:\\\/\\\/regiaonews.net.br\\\/2022\\\/\"},{\"@type\":\"ListItem\",\"position\":2,\"name\":\"Paula Lemos sanciona lei e suspende exig\u00eancia de constru\u00e7\u00e3o de muros e cal\u00e7adas\"}]},{\"@type\":\"WebSite\",\"@id\":\"https:\\\/\\\/regiaonews.net.br\\\/2022\\\/#website\",\"url\":\"https:\\\/\\\/regiaonews.net.br\\\/2022\\\/\",\"name\":\"Regi\u00e3o News\",\"description\":\"Site de Not\u00edcias de Barretos e regi\u00e3o\",\"publisher\":{\"@id\":\"https:\\\/\\\/regiaonews.net.br\\\/2022\\\/#organization\"},\"potentialAction\":[{\"@type\":\"SearchAction\",\"target\":{\"@type\":\"EntryPoint\",\"urlTemplate\":\"https:\\\/\\\/regiaonews.net.br\\\/2022\\\/?s={search_term_string}\"},\"query-input\":{\"@type\":\"PropertyValueSpecification\",\"valueRequired\":true,\"valueName\":\"search_term_string\"}}],\"inLanguage\":\"pt-BR\"},{\"@type\":\"Organization\",\"@id\":\"https:\\\/\\\/regiaonews.net.br\\\/2022\\\/#organization\",\"name\":\"Regi\u00e3o News\",\"url\":\"https:\\\/\\\/regiaonews.net.br\\\/2022\\\/\",\"logo\":{\"@type\":\"ImageObject\",\"inLanguage\":\"pt-BR\",\"@id\":\"https:\\\/\\\/regiaonews.net.br\\\/2022\\\/#\\\/schema\\\/logo\\\/image\\\/\",\"url\":\"https:\\\/\\\/regiaonews.net.br\\\/2022\\\/wp-content\\\/uploads\\\/2026\\\/03\\\/regiao-13-anos-scaled.jpg\",\"contentUrl\":\"https:\\\/\\\/regiaonews.net.br\\\/2022\\\/wp-content\\\/uploads\\\/2026\\\/03\\\/regiao-13-anos-scaled.jpg\",\"width\":2560,\"height\":635,\"caption\":\"Regi\u00e3o News\"},\"image\":{\"@id\":\"https:\\\/\\\/regiaonews.net.br\\\/2022\\\/#\\\/schema\\\/logo\\\/image\\\/\"}},{\"@type\":\"Person\",\"@id\":\"https:\\\/\\\/regiaonews.net.br\\\/2022\\\/#\\\/schema\\\/person\\\/2d205a608a5aa97ac279d7a5e6d89ad8\",\"name\":\"Roberto\",\"image\":{\"@type\":\"ImageObject\",\"inLanguage\":\"pt-BR\",\"@id\":\"https:\\\/\\\/secure.gravatar.com\\\/avatar\\\/42749d8b712ff9d59ca93dc150494e5b55a44134482993f5baeb97e61b7ecc89?s=96&d=mm&r=g\",\"url\":\"https:\\\/\\\/secure.gravatar.com\\\/avatar\\\/42749d8b712ff9d59ca93dc150494e5b55a44134482993f5baeb97e61b7ecc89?s=96&d=mm&r=g\",\"contentUrl\":\"https:\\\/\\\/secure.gravatar.com\\\/avatar\\\/42749d8b712ff9d59ca93dc150494e5b55a44134482993f5baeb97e61b7ecc89?s=96&d=mm&r=g\",\"caption\":\"Roberto\"},\"url\":\"https:\\\/\\\/regiaonews.net.br\\\/2022\\\/author\\\/roberto\\\/\"}]}<\/script>\n<!-- \/ Yoast SEO plugin. -->","yoast_head_json":{"title":"Paula Lemos sanciona lei e suspende exig\u00eancia de constru\u00e7\u00e3o de muros e cal\u00e7adas - Regi\u00e3o News","robots":{"index":"index","follow":"follow","max-snippet":"max-snippet:-1","max-image-preview":"max-image-preview:large","max-video-preview":"max-video-preview:-1"},"canonical":"https:\/\/regiaonews.net.br\/2022\/2021\/06\/23\/paula-lemos-sanciona-lei-e-suspende-exigencia-de-construcao-de-muros-e-calcadas\/","og_locale":"pt_BR","og_type":"article","og_title":"Paula Lemos sanciona lei e suspende exig\u00eancia de constru\u00e7\u00e3o de muros e cal\u00e7adas - Regi\u00e3o News","og_description":"&nbsp; Entendemos o momento dif\u00edcil gerado pela pandemia, e esta","og_url":"https:\/\/regiaonews.net.br\/2022\/2021\/06\/23\/paula-lemos-sanciona-lei-e-suspende-exigencia-de-construcao-de-muros-e-calcadas\/","og_site_name":"Regi\u00e3o News","article_published_time":"2021-06-24T00:30:09+00:00","article_modified_time":"2021-06-24T01:23:48+00:00","og_image":[{"width":705,"height":460,"url":"https:\/\/regiaonews.net.br\/2022\/wp-content\/uploads\/2021\/06\/20210623_212838.jpg","type":"image\/jpeg"}],"author":"Roberto","twitter_card":"summary_large_image","twitter_misc":{"Escrito por":"Roberto","Est. tempo de leitura":"1 minuto"},"schema":{"@context":"https:\/\/schema.org","@graph":[{"@type":"Article","@id":"https:\/\/regiaonews.net.br\/2022\/2021\/06\/23\/paula-lemos-sanciona-lei-e-suspende-exigencia-de-construcao-de-muros-e-calcadas\/#article","isPartOf":{"@id":"https:\/\/regiaonews.net.br\/2022\/2021\/06\/23\/paula-lemos-sanciona-lei-e-suspende-exigencia-de-construcao-de-muros-e-calcadas\/"},"author":{"name":"Roberto","@id":"https:\/\/regiaonews.net.br\/2022\/#\/schema\/person\/2d205a608a5aa97ac279d7a5e6d89ad8"},"headline":"Paula Lemos sanciona lei e suspende exig\u00eancia de constru\u00e7\u00e3o de muros e cal\u00e7adas","datePublished":"2021-06-24T00:30:09+00:00","dateModified":"2021-06-24T01:23:48+00:00","mainEntityOfPage":{"@id":"https:\/\/regiaonews.net.br\/2022\/2021\/06\/23\/paula-lemos-sanciona-lei-e-suspende-exigencia-de-construcao-de-muros-e-calcadas\/"},"wordCount":306,"commentCount":0,"publisher":{"@id":"https:\/\/regiaonews.net.br\/2022\/#organization"},"image":{"@id":"https:\/\/regiaonews.net.br\/2022\/2021\/06\/23\/paula-lemos-sanciona-lei-e-suspende-exigencia-de-construcao-de-muros-e-calcadas\/#primaryimage"},"thumbnailUrl":"https:\/\/regiaonews.net.br\/2022\/wp-content\/uploads\/2021\/06\/20210623_212838.jpg","articleSection":["Barretos","Cidades","Pol\u00edtica"],"inLanguage":"pt-BR","potentialAction":[{"@type":"CommentAction","name":"Comment","target":["https:\/\/regiaonews.net.br\/2022\/2021\/06\/23\/paula-lemos-sanciona-lei-e-suspende-exigencia-de-construcao-de-muros-e-calcadas\/#respond"]}]},{"@type":"WebPage","@id":"https:\/\/regiaonews.net.br\/2022\/2021\/06\/23\/paula-lemos-sanciona-lei-e-suspende-exigencia-de-construcao-de-muros-e-calcadas\/","url":"https:\/\/regiaonews.net.br\/2022\/2021\/06\/23\/paula-lemos-sanciona-lei-e-suspende-exigencia-de-construcao-de-muros-e-calcadas\/","name":"Paula Lemos sanciona lei e suspende exig\u00eancia de constru\u00e7\u00e3o de muros e cal\u00e7adas - Regi\u00e3o News","isPartOf":{"@id":"https:\/\/regiaonews.net.br\/2022\/#website"},"primaryImageOfPage":{"@id":"https:\/\/regiaonews.net.br\/2022\/2021\/06\/23\/paula-lemos-sanciona-lei-e-suspende-exigencia-de-construcao-de-muros-e-calcadas\/#primaryimage"},"image":{"@id":"https:\/\/regiaonews.net.br\/2022\/2021\/06\/23\/paula-lemos-sanciona-lei-e-suspende-exigencia-de-construcao-de-muros-e-calcadas\/#primaryimage"},"thumbnailUrl":"https:\/\/regiaonews.net.br\/2022\/wp-content\/uploads\/2021\/06\/20210623_212838.jpg","datePublished":"2021-06-24T00:30:09+00:00","dateModified":"2021-06-24T01:23:48+00:00","breadcrumb":{"@id":"https:\/\/regiaonews.net.br\/2022\/2021\/06\/23\/paula-lemos-sanciona-lei-e-suspende-exigencia-de-construcao-de-muros-e-calcadas\/#breadcrumb"},"inLanguage":"pt-BR","potentialAction":[{"@type":"ReadAction","target":["https:\/\/regiaonews.net.br\/2022\/2021\/06\/23\/paula-lemos-sanciona-lei-e-suspende-exigencia-de-construcao-de-muros-e-calcadas\/"]}]},{"@type":"ImageObject","inLanguage":"pt-BR","@id":"https:\/\/regiaonews.net.br\/2022\/2021\/06\/23\/paula-lemos-sanciona-lei-e-suspende-exigencia-de-construcao-de-muros-e-calcadas\/#primaryimage","url":"https:\/\/regiaonews.net.br\/2022\/wp-content\/uploads\/2021\/06\/20210623_212838.jpg","contentUrl":"https:\/\/regiaonews.net.br\/2022\/wp-content\/uploads\/2021\/06\/20210623_212838.jpg","width":705,"height":460},{"@type":"BreadcrumbList","@id":"https:\/\/regiaonews.net.br\/2022\/2021\/06\/23\/paula-lemos-sanciona-lei-e-suspende-exigencia-de-construcao-de-muros-e-calcadas\/#breadcrumb","itemListElement":[{"@type":"ListItem","position":1,"name":"In\u00edcio","item":"https:\/\/regiaonews.net.br\/2022\/"},{"@type":"ListItem","position":2,"name":"Paula Lemos sanciona lei e suspende exig\u00eancia de constru\u00e7\u00e3o de muros e cal\u00e7adas"}]},{"@type":"WebSite","@id":"https:\/\/regiaonews.net.br\/2022\/#website","url":"https:\/\/regiaonews.net.br\/2022\/","name":"Regi\u00e3o News","description":"Site de Not\u00edcias de Barretos e regi\u00e3o","publisher":{"@id":"https:\/\/regiaonews.net.br\/2022\/#organization"},"potentialAction":[{"@type":"SearchAction","target":{"@type":"EntryPoint","urlTemplate":"https:\/\/regiaonews.net.br\/2022\/?s={search_term_string}"},"query-input":{"@type":"PropertyValueSpecification","valueRequired":true,"valueName":"search_term_string"}}],"inLanguage":"pt-BR"},{"@type":"Organization","@id":"https:\/\/regiaonews.net.br\/2022\/#organization","name":"Regi\u00e3o News","url":"https:\/\/regiaonews.net.br\/2022\/","logo":{"@type":"ImageObject","inLanguage":"pt-BR","@id":"https:\/\/regiaonews.net.br\/2022\/#\/schema\/logo\/image\/","url":"https:\/\/regiaonews.net.br\/2022\/wp-content\/uploads\/2026\/03\/regiao-13-anos-scaled.jpg","contentUrl":"https:\/\/regiaonews.net.br\/2022\/wp-content\/uploads\/2026\/03\/regiao-13-anos-scaled.jpg","width":2560,"height":635,"caption":"Regi\u00e3o News"},"image":{"@id":"https:\/\/regiaonews.net.br\/2022\/#\/schema\/logo\/image\/"}},{"@type":"Person","@id":"https:\/\/regiaonews.net.br\/2022\/#\/schema\/person\/2d205a608a5aa97ac279d7a5e6d89ad8","name":"Roberto","image":{"@type":"ImageObject","inLanguage":"pt-BR","@id":"https:\/\/secure.gravatar.com\/avatar\/42749d8b712ff9d59ca93dc150494e5b55a44134482993f5baeb97e61b7ecc89?s=96&d=mm&r=g","url":"https:\/\/secure.gravatar.com\/avatar\/42749d8b712ff9d59ca93dc150494e5b55a44134482993f5baeb97e61b7ecc89?s=96&d=mm&r=g","contentUrl":"https:\/\/secure.gravatar.com\/avatar\/42749d8b712ff9d59ca93dc150494e5b55a44134482993f5baeb97e61b7ecc89?s=96&d=mm&r=g","caption":"Roberto"},"url":"https:\/\/regiaonews.net.br\/2022\/author\/roberto\/"}]}},"publishpress_future_action":{"enabled":false,"date":"2026-05-02 05:33:38","action":"change-status","newStatus":"draft","terms":[],"taxonomy":"category","extraData":[]},"publishpress_future_workflow_manual_trigger":{"enabledWorkflows":[]},"_links":{"self":[{"href":"https:\/\/regiaonews.net.br\/2022\/wp-json\/wp\/v2\/posts\/49136","targetHints":{"allow":["GET"]}}],"collection":[{"href":"https:\/\/regiaonews.net.br\/2022\/wp-json\/wp\/v2\/posts"}],"about":[{"href":"https:\/\/regiaonews.net.br\/2022\/wp-json\/wp\/v2\/types\/post"}],"author":[{"embeddable":true,"href":"https:\/\/regiaonews.net.br\/2022\/wp-json\/wp\/v2\/users\/2"}],"replies":[{"embeddable":true,"href":"https:\/\/regiaonews.net.br\/2022\/wp-json\/wp\/v2\/comments?post=49136"}],"version-history":[{"count":0,"href":"https:\/\/regiaonews.net.br\/2022\/wp-json\/wp\/v2\/posts\/49136\/revisions"}],"wp:featuredmedia":[{"embeddable":true,"href":"https:\/\/regiaonews.net.br\/2022\/wp-json\/wp\/v2\/media\/49137"}],"wp:attachment":[{"href":"https:\/\/regiaonews.net.br\/2022\/wp-json\/wp\/v2\/media?parent=49136"}],"wp:term":[{"taxonomy":"category","embeddable":true,"href":"https:\/\/regiaonews.net.br\/2022\/wp-json\/wp\/v2\/categories?post=49136"},{"taxonomy":"post_tag","embeddable":true,"href":"https:\/\/regiaonews.net.br\/2022\/wp-json\/wp\/v2\/tags?post=49136"}],"curies":[{"name":"wp","href":"https:\/\/api.w.org\/{rel}","templated":true}]}}