{"id":49094,"date":"2021-06-23T09:49:17","date_gmt":"2021-06-23T12:49:17","guid":{"rendered":"https:\/\/regiaonews.net.br\/2022\/?p=49094"},"modified":"2021-06-23T09:49:17","modified_gmt":"2021-06-23T12:49:17","slug":"prefeitura-de-colombia-adere-a-declaracao-para-entrada-e-saida-no-municipio-durante-as-restricoes","status":"publish","type":"post","link":"https:\/\/regiaonews.net.br\/2022\/2021\/06\/23\/prefeitura-de-colombia-adere-a-declaracao-para-entrada-e-saida-no-municipio-durante-as-restricoes\/","title":{"rendered":"Prefeitura de Col\u00f4mbia adere \u00e0 declara\u00e7\u00e3o para entrada e sa\u00edda no munic\u00edpio durante as restri\u00e7\u00f5es"},"content":{"rendered":"<p><a href=\"https:\/\/regiaonews.net.br\/2022\/wp-content\/uploads\/2021\/06\/Colombia-1.jpg\"><img loading=\"lazy\" decoding=\"async\" class=\"alignnone size-medium wp-image-49095\" src=\"https:\/\/regiaonews.net.br\/2022\/wp-content\/uploads\/2021\/06\/Colombia-1-300x169.jpg\" alt=\"\" width=\"300\" height=\"169\" \/><\/a> <a href=\"https:\/\/regiaonews.net.br\/2022\/wp-content\/uploads\/2021\/06\/Colombia-2.jpg\"><img loading=\"lazy\" decoding=\"async\" class=\"alignnone size-medium wp-image-49096\" src=\"https:\/\/regiaonews.net.br\/2022\/wp-content\/uploads\/2021\/06\/Colombia-2-300x200.jpg\" alt=\"\" width=\"300\" height=\"200\" \/><\/a><\/p>\n<p>Visando reduzir a circula\u00e7\u00e3o de pessoas no munic\u00edpio e para dar ainda mais efici\u00eancia nas medidas preventivas a covid-19, A Prefeitura Municipal de Col\u00f4mbia, atrav\u00e9s de seu fiscal de postura e Vigil\u00e2ncia Sanit\u00e1ria, iniciou a solicita\u00e7\u00e3o de \u201cDeclara\u00e7\u00e3o de Porte Obrigat\u00f3rio\u201d. A Declara\u00e7\u00e3o \u00e9 obrigat\u00f3ria para quem adentrar ou sair do munic\u00edpio, que de alguma forma prestam algum servi\u00e7o dentro da cidade de Col\u00f4mbia, e moram em outro munic\u00edpio, ou vice-versa.<\/p>\n<p><b>QUANDO VOU PRECISAR DA DECLARA\u00c7\u00c3O DE PORTE OBRIGAT\u00d3RIO?<\/b><\/p>\n<ul>\n<li>Todas as vezes que o cidad\u00e3o precisar entrar ou sair do munic\u00edpio.<\/li>\n<li>O Trabalhador que n\u00e3o reside no munic\u00edpio, para transitar na cidade precisa portar a declara\u00e7\u00e3o, pois pode ser abordado pela vigil\u00e2ncia e precisar\u00e1 apresenta-la.<\/li>\n<li><b>QUALQUER PESSOA SEJA ELA RESIDENTE EM COL\u00d4MBIA OU N\u00c3O, QUE NECESSITE TRANSITAR ENTE 18H \u00c0S 6H DA MANH\u00c3.<\/b><\/li>\n<\/ul>\n<p><b>QUEM N\u00c3O PRECISA ANDAR COM A DECLARA\u00c7\u00c3O<\/b><br \/>\nOs residentes no munic\u00edpio de Col\u00f4mbia e precisem transitar na cidade entre 6h da manh\u00e3 e 18h.<\/p>\n<p><b>A empresa pode imprimir pelo site da Prefeitura de Col\u00f4mbia<\/b>:<br \/>\nwww.colombia.sp.gov.br<\/p>\n<p>As equipes de vigil\u00e2ncia Sanit\u00e1ria, fiscal de postura, uma equipe de seguran\u00e7a terceirizada e tamb\u00e9m com o apoio da Pol\u00edcia Militar, est\u00e3o realizando esta fiscaliza\u00e7\u00e3o. As entradas da cidade tamb\u00e9m foram instaladas barreiras com fiscaliza\u00e7\u00e3o de carros, para que n\u00e3o adentre bebidas alc\u00f3olicas \u00a0e tamb\u00e9m solicitando a declara\u00e7\u00e3o caso o cidad\u00e3o seja de fora e esteja entrando na cidade para prestar algum servi\u00e7o.<br \/>\nO Intuito n\u00e3o \u00e9 proibir o trabalhador, que por algum motivo n\u00e3o resida na cidade e precise prestar o servi\u00e7o no munic\u00edpio, e sim proibir qualquer tipo de entrada e sa\u00edda de turistas ou a passeio.<br \/>\nEm live, o Prefeito Julio C\u00e9sar dos Santos, disse: \u201cN\u00f3s pedimos v\u00e1rias vezes a ajuda da popula\u00e7\u00e3o, e estamos mais uma vez aqui pedindo, pelo amor de Deus, fiquem em suas casas, a sa\u00fade n\u00e3o tem mais condi\u00e7\u00f5es de atender qualquer tipo de casos de covid mais s\u00e9rios, n\u00f3s n\u00e3o aceitaremos perder mais vidas em nosso munic\u00edpio\u201d.<\/p>\n<p>No decreto, foi determinado que a circula\u00e7\u00e3o de pessoas, abertura de com\u00e9rcios, poder\u00e3o ocorrer das 6h da manh\u00e3 at\u00e9 as 18h, ap\u00f3s este hor\u00e1rio est\u00e1 proibida a circula\u00e7\u00e3o, a n\u00e3o ser de trabalhadores ou delivery, permitido somente at\u00e9 as 22h, com entregadores devidamente cadastrados. Com\u00e9rcio de bebidas alco\u00f3licas est\u00e1 proibido dentro ou fora do hor\u00e1rio estipulado, farm\u00e1cias poder\u00e3o funcionar at\u00e9 \u00e0s 21h, j\u00e1 postos de combust\u00edveis poder\u00e3o funcionar somente at\u00e9 \u00e0s 20h, podendo haver um plant\u00e3o emergencial. O turismo no munic\u00edpio de Col\u00f4mbia est\u00e1 suspenso, sendo obrigat\u00f3ria a informa\u00e7\u00e3o do n\u00famero de hospedes em hot\u00e9is da cidade.<br \/>\nMesmo com a mudan\u00e7a, outros protocolos seguem determinados no \u00faltimo decreto como a capacidade no hor\u00e1rio de atendimento que \u00e9 de 25%, obrigatoriedade na medi\u00e7\u00e3o de temperatura na entrada do estabelecimento e a disponibiliza\u00e7\u00e3o de \u00e1lcool em gel.<br \/>\nAlgumas altera\u00e7\u00f5es tamb\u00e9m foram feitas em rela\u00e7\u00e3o a multas. Hoje quem for pego na rua sem o uso de m\u00e1scaras, a multa que antes era de R$100,00 agora passa a ser de R$250,00, propriet\u00e1rios de ranchos, que forem pegos disfrutando ou no caso de aluguel da propriedade, a multa que antes era de R$1.000,00 a R$5.000, agora passa a ser de R$2.000,00 a R$8.000,00.<\/p>\n","protected":false},"excerpt":{"rendered":"<p>Visando reduzir a circula\u00e7\u00e3o de pessoas no munic\u00edpio e para<\/p>\n","protected":false},"author":2,"featured_media":49096,"comment_status":"open","ping_status":"open","sticky":false,"template":"","format":"standard","meta":{"footnotes":""},"categories":[25,6],"tags":[],"class_list":["post-49094","post","type-post","status-publish","format-standard","has-post-thumbnail","hentry","category-cidades","category-colombia"],"yoast_head":"<!-- This site is optimized with the Yoast SEO plugin v27.4 - https:\/\/yoast.com\/product\/yoast-seo-wordpress\/ -->\n<title>Prefeitura de Col\u00f4mbia adere \u00e0 declara\u00e7\u00e3o para entrada e sa\u00edda no munic\u00edpio durante as restri\u00e7\u00f5es - Regi\u00e3o News<\/title>\n<meta name=\"robots\" content=\"index, follow, max-snippet:-1, max-image-preview:large, max-video-preview:-1\" \/>\n<link rel=\"canonical\" href=\"https:\/\/regiaonews.net.br\/2022\/2021\/06\/23\/prefeitura-de-colombia-adere-a-declaracao-para-entrada-e-saida-no-municipio-durante-as-restricoes\/\" \/>\n<meta property=\"og:locale\" content=\"pt_BR\" \/>\n<meta property=\"og:type\" content=\"article\" \/>\n<meta property=\"og:title\" content=\"Prefeitura de Col\u00f4mbia adere \u00e0 declara\u00e7\u00e3o para entrada e sa\u00edda no munic\u00edpio durante as restri\u00e7\u00f5es - Regi\u00e3o News\" \/>\n<meta property=\"og:description\" content=\"Visando reduzir a circula\u00e7\u00e3o de pessoas no munic\u00edpio e para\" \/>\n<meta property=\"og:url\" content=\"https:\/\/regiaonews.net.br\/2022\/2021\/06\/23\/prefeitura-de-colombia-adere-a-declaracao-para-entrada-e-saida-no-municipio-durante-as-restricoes\/\" \/>\n<meta property=\"og:site_name\" content=\"Regi\u00e3o News\" \/>\n<meta property=\"article:published_time\" content=\"2021-06-23T12:49:17+00:00\" \/>\n<meta property=\"og:image\" content=\"https:\/\/regiaonews.net.br\/2022\/wp-content\/uploads\/2021\/06\/Colombia-2.jpg\" \/>\n\t<meta property=\"og:image:width\" content=\"998\" \/>\n\t<meta property=\"og:image:height\" content=\"665\" \/>\n\t<meta property=\"og:image:type\" content=\"image\/jpeg\" \/>\n<meta name=\"author\" content=\"Roberto\" \/>\n<meta name=\"twitter:card\" content=\"summary_large_image\" \/>\n<meta name=\"twitter:label1\" content=\"Escrito por\" \/>\n\t<meta name=\"twitter:data1\" content=\"Roberto\" \/>\n\t<meta name=\"twitter:label2\" content=\"Est. tempo de leitura\" \/>\n\t<meta name=\"twitter:data2\" content=\"3 minutos\" \/>\n<script type=\"application\/ld+json\" class=\"yoast-schema-graph\">{\"@context\":\"https:\\\/\\\/schema.org\",\"@graph\":[{\"@type\":\"Article\",\"@id\":\"https:\\\/\\\/regiaonews.net.br\\\/2022\\\/2021\\\/06\\\/23\\\/prefeitura-de-colombia-adere-a-declaracao-para-entrada-e-saida-no-municipio-durante-as-restricoes\\\/#article\",\"isPartOf\":{\"@id\":\"https:\\\/\\\/regiaonews.net.br\\\/2022\\\/2021\\\/06\\\/23\\\/prefeitura-de-colombia-adere-a-declaracao-para-entrada-e-saida-no-municipio-durante-as-restricoes\\\/\"},\"author\":{\"name\":\"Roberto\",\"@id\":\"https:\\\/\\\/regiaonews.net.br\\\/2022\\\/#\\\/schema\\\/person\\\/2d205a608a5aa97ac279d7a5e6d89ad8\"},\"headline\":\"Prefeitura de Col\u00f4mbia adere \u00e0 declara\u00e7\u00e3o para entrada e sa\u00edda no munic\u00edpio durante as restri\u00e7\u00f5es\",\"datePublished\":\"2021-06-23T12:49:17+00:00\",\"mainEntityOfPage\":{\"@id\":\"https:\\\/\\\/regiaonews.net.br\\\/2022\\\/2021\\\/06\\\/23\\\/prefeitura-de-colombia-adere-a-declaracao-para-entrada-e-saida-no-municipio-durante-as-restricoes\\\/\"},\"wordCount\":634,\"commentCount\":0,\"publisher\":{\"@id\":\"https:\\\/\\\/regiaonews.net.br\\\/2022\\\/#organization\"},\"image\":{\"@id\":\"https:\\\/\\\/regiaonews.net.br\\\/2022\\\/2021\\\/06\\\/23\\\/prefeitura-de-colombia-adere-a-declaracao-para-entrada-e-saida-no-municipio-durante-as-restricoes\\\/#primaryimage\"},\"thumbnailUrl\":\"https:\\\/\\\/regiaonews.net.br\\\/2022\\\/wp-content\\\/uploads\\\/2021\\\/06\\\/Colombia-2.jpg\",\"articleSection\":[\"Cidades\",\"Col\u00f4mbia\"],\"inLanguage\":\"pt-BR\",\"potentialAction\":[{\"@type\":\"CommentAction\",\"name\":\"Comment\",\"target\":[\"https:\\\/\\\/regiaonews.net.br\\\/2022\\\/2021\\\/06\\\/23\\\/prefeitura-de-colombia-adere-a-declaracao-para-entrada-e-saida-no-municipio-durante-as-restricoes\\\/#respond\"]}]},{\"@type\":\"WebPage\",\"@id\":\"https:\\\/\\\/regiaonews.net.br\\\/2022\\\/2021\\\/06\\\/23\\\/prefeitura-de-colombia-adere-a-declaracao-para-entrada-e-saida-no-municipio-durante-as-restricoes\\\/\",\"url\":\"https:\\\/\\\/regiaonews.net.br\\\/2022\\\/2021\\\/06\\\/23\\\/prefeitura-de-colombia-adere-a-declaracao-para-entrada-e-saida-no-municipio-durante-as-restricoes\\\/\",\"name\":\"Prefeitura de Col\u00f4mbia adere \u00e0 declara\u00e7\u00e3o para entrada e sa\u00edda no munic\u00edpio durante as restri\u00e7\u00f5es - Regi\u00e3o News\",\"isPartOf\":{\"@id\":\"https:\\\/\\\/regiaonews.net.br\\\/2022\\\/#website\"},\"primaryImageOfPage\":{\"@id\":\"https:\\\/\\\/regiaonews.net.br\\\/2022\\\/2021\\\/06\\\/23\\\/prefeitura-de-colombia-adere-a-declaracao-para-entrada-e-saida-no-municipio-durante-as-restricoes\\\/#primaryimage\"},\"image\":{\"@id\":\"https:\\\/\\\/regiaonews.net.br\\\/2022\\\/2021\\\/06\\\/23\\\/prefeitura-de-colombia-adere-a-declaracao-para-entrada-e-saida-no-municipio-durante-as-restricoes\\\/#primaryimage\"},\"thumbnailUrl\":\"https:\\\/\\\/regiaonews.net.br\\\/2022\\\/wp-content\\\/uploads\\\/2021\\\/06\\\/Colombia-2.jpg\",\"datePublished\":\"2021-06-23T12:49:17+00:00\",\"breadcrumb\":{\"@id\":\"https:\\\/\\\/regiaonews.net.br\\\/2022\\\/2021\\\/06\\\/23\\\/prefeitura-de-colombia-adere-a-declaracao-para-entrada-e-saida-no-municipio-durante-as-restricoes\\\/#breadcrumb\"},\"inLanguage\":\"pt-BR\",\"potentialAction\":[{\"@type\":\"ReadAction\",\"target\":[\"https:\\\/\\\/regiaonews.net.br\\\/2022\\\/2021\\\/06\\\/23\\\/prefeitura-de-colombia-adere-a-declaracao-para-entrada-e-saida-no-municipio-durante-as-restricoes\\\/\"]}]},{\"@type\":\"ImageObject\",\"inLanguage\":\"pt-BR\",\"@id\":\"https:\\\/\\\/regiaonews.net.br\\\/2022\\\/2021\\\/06\\\/23\\\/prefeitura-de-colombia-adere-a-declaracao-para-entrada-e-saida-no-municipio-durante-as-restricoes\\\/#primaryimage\",\"url\":\"https:\\\/\\\/regiaonews.net.br\\\/2022\\\/wp-content\\\/uploads\\\/2021\\\/06\\\/Colombia-2.jpg\",\"contentUrl\":\"https:\\\/\\\/regiaonews.net.br\\\/2022\\\/wp-content\\\/uploads\\\/2021\\\/06\\\/Colombia-2.jpg\",\"width\":998,\"height\":665},{\"@type\":\"BreadcrumbList\",\"@id\":\"https:\\\/\\\/regiaonews.net.br\\\/2022\\\/2021\\\/06\\\/23\\\/prefeitura-de-colombia-adere-a-declaracao-para-entrada-e-saida-no-municipio-durante-as-restricoes\\\/#breadcrumb\",\"itemListElement\":[{\"@type\":\"ListItem\",\"position\":1,\"name\":\"In\u00edcio\",\"item\":\"https:\\\/\\\/regiaonews.net.br\\\/2022\\\/\"},{\"@type\":\"ListItem\",\"position\":2,\"name\":\"Prefeitura de Col\u00f4mbia adere \u00e0 declara\u00e7\u00e3o para entrada e sa\u00edda no munic\u00edpio durante as restri\u00e7\u00f5es\"}]},{\"@type\":\"WebSite\",\"@id\":\"https:\\\/\\\/regiaonews.net.br\\\/2022\\\/#website\",\"url\":\"https:\\\/\\\/regiaonews.net.br\\\/2022\\\/\",\"name\":\"Regi\u00e3o News\",\"description\":\"Site de Not\u00edcias de Barretos e regi\u00e3o\",\"publisher\":{\"@id\":\"https:\\\/\\\/regiaonews.net.br\\\/2022\\\/#organization\"},\"potentialAction\":[{\"@type\":\"SearchAction\",\"target\":{\"@type\":\"EntryPoint\",\"urlTemplate\":\"https:\\\/\\\/regiaonews.net.br\\\/2022\\\/?s={search_term_string}\"},\"query-input\":{\"@type\":\"PropertyValueSpecification\",\"valueRequired\":true,\"valueName\":\"search_term_string\"}}],\"inLanguage\":\"pt-BR\"},{\"@type\":\"Organization\",\"@id\":\"https:\\\/\\\/regiaonews.net.br\\\/2022\\\/#organization\",\"name\":\"Regi\u00e3o News\",\"url\":\"https:\\\/\\\/regiaonews.net.br\\\/2022\\\/\",\"logo\":{\"@type\":\"ImageObject\",\"inLanguage\":\"pt-BR\",\"@id\":\"https:\\\/\\\/regiaonews.net.br\\\/2022\\\/#\\\/schema\\\/logo\\\/image\\\/\",\"url\":\"https:\\\/\\\/regiaonews.net.br\\\/2022\\\/wp-content\\\/uploads\\\/2026\\\/03\\\/regiao-13-anos-scaled.jpg\",\"contentUrl\":\"https:\\\/\\\/regiaonews.net.br\\\/2022\\\/wp-content\\\/uploads\\\/2026\\\/03\\\/regiao-13-anos-scaled.jpg\",\"width\":2560,\"height\":635,\"caption\":\"Regi\u00e3o News\"},\"image\":{\"@id\":\"https:\\\/\\\/regiaonews.net.br\\\/2022\\\/#\\\/schema\\\/logo\\\/image\\\/\"}},{\"@type\":\"Person\",\"@id\":\"https:\\\/\\\/regiaonews.net.br\\\/2022\\\/#\\\/schema\\\/person\\\/2d205a608a5aa97ac279d7a5e6d89ad8\",\"name\":\"Roberto\",\"image\":{\"@type\":\"ImageObject\",\"inLanguage\":\"pt-BR\",\"@id\":\"https:\\\/\\\/secure.gravatar.com\\\/avatar\\\/42749d8b712ff9d59ca93dc150494e5b55a44134482993f5baeb97e61b7ecc89?s=96&d=mm&r=g\",\"url\":\"https:\\\/\\\/secure.gravatar.com\\\/avatar\\\/42749d8b712ff9d59ca93dc150494e5b55a44134482993f5baeb97e61b7ecc89?s=96&d=mm&r=g\",\"contentUrl\":\"https:\\\/\\\/secure.gravatar.com\\\/avatar\\\/42749d8b712ff9d59ca93dc150494e5b55a44134482993f5baeb97e61b7ecc89?s=96&d=mm&r=g\",\"caption\":\"Roberto\"},\"url\":\"https:\\\/\\\/regiaonews.net.br\\\/2022\\\/author\\\/roberto\\\/\"}]}<\/script>\n<!-- \/ Yoast SEO plugin. -->","yoast_head_json":{"title":"Prefeitura de Col\u00f4mbia adere \u00e0 declara\u00e7\u00e3o para entrada e sa\u00edda no munic\u00edpio durante as restri\u00e7\u00f5es - Regi\u00e3o News","robots":{"index":"index","follow":"follow","max-snippet":"max-snippet:-1","max-image-preview":"max-image-preview:large","max-video-preview":"max-video-preview:-1"},"canonical":"https:\/\/regiaonews.net.br\/2022\/2021\/06\/23\/prefeitura-de-colombia-adere-a-declaracao-para-entrada-e-saida-no-municipio-durante-as-restricoes\/","og_locale":"pt_BR","og_type":"article","og_title":"Prefeitura de Col\u00f4mbia adere \u00e0 declara\u00e7\u00e3o para entrada e sa\u00edda no munic\u00edpio durante as restri\u00e7\u00f5es - Regi\u00e3o News","og_description":"Visando reduzir a circula\u00e7\u00e3o de pessoas no munic\u00edpio e para","og_url":"https:\/\/regiaonews.net.br\/2022\/2021\/06\/23\/prefeitura-de-colombia-adere-a-declaracao-para-entrada-e-saida-no-municipio-durante-as-restricoes\/","og_site_name":"Regi\u00e3o News","article_published_time":"2021-06-23T12:49:17+00:00","og_image":[{"width":998,"height":665,"url":"https:\/\/regiaonews.net.br\/2022\/wp-content\/uploads\/2021\/06\/Colombia-2.jpg","type":"image\/jpeg"}],"author":"Roberto","twitter_card":"summary_large_image","twitter_misc":{"Escrito por":"Roberto","Est. tempo de leitura":"3 minutos"},"schema":{"@context":"https:\/\/schema.org","@graph":[{"@type":"Article","@id":"https:\/\/regiaonews.net.br\/2022\/2021\/06\/23\/prefeitura-de-colombia-adere-a-declaracao-para-entrada-e-saida-no-municipio-durante-as-restricoes\/#article","isPartOf":{"@id":"https:\/\/regiaonews.net.br\/2022\/2021\/06\/23\/prefeitura-de-colombia-adere-a-declaracao-para-entrada-e-saida-no-municipio-durante-as-restricoes\/"},"author":{"name":"Roberto","@id":"https:\/\/regiaonews.net.br\/2022\/#\/schema\/person\/2d205a608a5aa97ac279d7a5e6d89ad8"},"headline":"Prefeitura de Col\u00f4mbia adere \u00e0 declara\u00e7\u00e3o para entrada e sa\u00edda no munic\u00edpio durante as restri\u00e7\u00f5es","datePublished":"2021-06-23T12:49:17+00:00","mainEntityOfPage":{"@id":"https:\/\/regiaonews.net.br\/2022\/2021\/06\/23\/prefeitura-de-colombia-adere-a-declaracao-para-entrada-e-saida-no-municipio-durante-as-restricoes\/"},"wordCount":634,"commentCount":0,"publisher":{"@id":"https:\/\/regiaonews.net.br\/2022\/#organization"},"image":{"@id":"https:\/\/regiaonews.net.br\/2022\/2021\/06\/23\/prefeitura-de-colombia-adere-a-declaracao-para-entrada-e-saida-no-municipio-durante-as-restricoes\/#primaryimage"},"thumbnailUrl":"https:\/\/regiaonews.net.br\/2022\/wp-content\/uploads\/2021\/06\/Colombia-2.jpg","articleSection":["Cidades","Col\u00f4mbia"],"inLanguage":"pt-BR","potentialAction":[{"@type":"CommentAction","name":"Comment","target":["https:\/\/regiaonews.net.br\/2022\/2021\/06\/23\/prefeitura-de-colombia-adere-a-declaracao-para-entrada-e-saida-no-municipio-durante-as-restricoes\/#respond"]}]},{"@type":"WebPage","@id":"https:\/\/regiaonews.net.br\/2022\/2021\/06\/23\/prefeitura-de-colombia-adere-a-declaracao-para-entrada-e-saida-no-municipio-durante-as-restricoes\/","url":"https:\/\/regiaonews.net.br\/2022\/2021\/06\/23\/prefeitura-de-colombia-adere-a-declaracao-para-entrada-e-saida-no-municipio-durante-as-restricoes\/","name":"Prefeitura de Col\u00f4mbia adere \u00e0 declara\u00e7\u00e3o para entrada e sa\u00edda no munic\u00edpio durante as restri\u00e7\u00f5es - Regi\u00e3o News","isPartOf":{"@id":"https:\/\/regiaonews.net.br\/2022\/#website"},"primaryImageOfPage":{"@id":"https:\/\/regiaonews.net.br\/2022\/2021\/06\/23\/prefeitura-de-colombia-adere-a-declaracao-para-entrada-e-saida-no-municipio-durante-as-restricoes\/#primaryimage"},"image":{"@id":"https:\/\/regiaonews.net.br\/2022\/2021\/06\/23\/prefeitura-de-colombia-adere-a-declaracao-para-entrada-e-saida-no-municipio-durante-as-restricoes\/#primaryimage"},"thumbnailUrl":"https:\/\/regiaonews.net.br\/2022\/wp-content\/uploads\/2021\/06\/Colombia-2.jpg","datePublished":"2021-06-23T12:49:17+00:00","breadcrumb":{"@id":"https:\/\/regiaonews.net.br\/2022\/2021\/06\/23\/prefeitura-de-colombia-adere-a-declaracao-para-entrada-e-saida-no-municipio-durante-as-restricoes\/#breadcrumb"},"inLanguage":"pt-BR","potentialAction":[{"@type":"ReadAction","target":["https:\/\/regiaonews.net.br\/2022\/2021\/06\/23\/prefeitura-de-colombia-adere-a-declaracao-para-entrada-e-saida-no-municipio-durante-as-restricoes\/"]}]},{"@type":"ImageObject","inLanguage":"pt-BR","@id":"https:\/\/regiaonews.net.br\/2022\/2021\/06\/23\/prefeitura-de-colombia-adere-a-declaracao-para-entrada-e-saida-no-municipio-durante-as-restricoes\/#primaryimage","url":"https:\/\/regiaonews.net.br\/2022\/wp-content\/uploads\/2021\/06\/Colombia-2.jpg","contentUrl":"https:\/\/regiaonews.net.br\/2022\/wp-content\/uploads\/2021\/06\/Colombia-2.jpg","width":998,"height":665},{"@type":"BreadcrumbList","@id":"https:\/\/regiaonews.net.br\/2022\/2021\/06\/23\/prefeitura-de-colombia-adere-a-declaracao-para-entrada-e-saida-no-municipio-durante-as-restricoes\/#breadcrumb","itemListElement":[{"@type":"ListItem","position":1,"name":"In\u00edcio","item":"https:\/\/regiaonews.net.br\/2022\/"},{"@type":"ListItem","position":2,"name":"Prefeitura de Col\u00f4mbia adere \u00e0 declara\u00e7\u00e3o para entrada e sa\u00edda no munic\u00edpio durante as restri\u00e7\u00f5es"}]},{"@type":"WebSite","@id":"https:\/\/regiaonews.net.br\/2022\/#website","url":"https:\/\/regiaonews.net.br\/2022\/","name":"Regi\u00e3o News","description":"Site de Not\u00edcias de Barretos e regi\u00e3o","publisher":{"@id":"https:\/\/regiaonews.net.br\/2022\/#organization"},"potentialAction":[{"@type":"SearchAction","target":{"@type":"EntryPoint","urlTemplate":"https:\/\/regiaonews.net.br\/2022\/?s={search_term_string}"},"query-input":{"@type":"PropertyValueSpecification","valueRequired":true,"valueName":"search_term_string"}}],"inLanguage":"pt-BR"},{"@type":"Organization","@id":"https:\/\/regiaonews.net.br\/2022\/#organization","name":"Regi\u00e3o News","url":"https:\/\/regiaonews.net.br\/2022\/","logo":{"@type":"ImageObject","inLanguage":"pt-BR","@id":"https:\/\/regiaonews.net.br\/2022\/#\/schema\/logo\/image\/","url":"https:\/\/regiaonews.net.br\/2022\/wp-content\/uploads\/2026\/03\/regiao-13-anos-scaled.jpg","contentUrl":"https:\/\/regiaonews.net.br\/2022\/wp-content\/uploads\/2026\/03\/regiao-13-anos-scaled.jpg","width":2560,"height":635,"caption":"Regi\u00e3o News"},"image":{"@id":"https:\/\/regiaonews.net.br\/2022\/#\/schema\/logo\/image\/"}},{"@type":"Person","@id":"https:\/\/regiaonews.net.br\/2022\/#\/schema\/person\/2d205a608a5aa97ac279d7a5e6d89ad8","name":"Roberto","image":{"@type":"ImageObject","inLanguage":"pt-BR","@id":"https:\/\/secure.gravatar.com\/avatar\/42749d8b712ff9d59ca93dc150494e5b55a44134482993f5baeb97e61b7ecc89?s=96&d=mm&r=g","url":"https:\/\/secure.gravatar.com\/avatar\/42749d8b712ff9d59ca93dc150494e5b55a44134482993f5baeb97e61b7ecc89?s=96&d=mm&r=g","contentUrl":"https:\/\/secure.gravatar.com\/avatar\/42749d8b712ff9d59ca93dc150494e5b55a44134482993f5baeb97e61b7ecc89?s=96&d=mm&r=g","caption":"Roberto"},"url":"https:\/\/regiaonews.net.br\/2022\/author\/roberto\/"}]}},"publishpress_future_action":{"enabled":false,"date":"2026-05-02 07:15:11","action":"change-status","newStatus":"draft","terms":[],"taxonomy":"category","extraData":[]},"publishpress_future_workflow_manual_trigger":{"enabledWorkflows":[]},"_links":{"self":[{"href":"https:\/\/regiaonews.net.br\/2022\/wp-json\/wp\/v2\/posts\/49094","targetHints":{"allow":["GET"]}}],"collection":[{"href":"https:\/\/regiaonews.net.br\/2022\/wp-json\/wp\/v2\/posts"}],"about":[{"href":"https:\/\/regiaonews.net.br\/2022\/wp-json\/wp\/v2\/types\/post"}],"author":[{"embeddable":true,"href":"https:\/\/regiaonews.net.br\/2022\/wp-json\/wp\/v2\/users\/2"}],"replies":[{"embeddable":true,"href":"https:\/\/regiaonews.net.br\/2022\/wp-json\/wp\/v2\/comments?post=49094"}],"version-history":[{"count":0,"href":"https:\/\/regiaonews.net.br\/2022\/wp-json\/wp\/v2\/posts\/49094\/revisions"}],"wp:featuredmedia":[{"embeddable":true,"href":"https:\/\/regiaonews.net.br\/2022\/wp-json\/wp\/v2\/media\/49096"}],"wp:attachment":[{"href":"https:\/\/regiaonews.net.br\/2022\/wp-json\/wp\/v2\/media?parent=49094"}],"wp:term":[{"taxonomy":"category","embeddable":true,"href":"https:\/\/regiaonews.net.br\/2022\/wp-json\/wp\/v2\/categories?post=49094"},{"taxonomy":"post_tag","embeddable":true,"href":"https:\/\/regiaonews.net.br\/2022\/wp-json\/wp\/v2\/tags?post=49094"}],"curies":[{"name":"wp","href":"https:\/\/api.w.org\/{rel}","templated":true}]}}