{"id":49000,"date":"2021-06-21T19:57:29","date_gmt":"2021-06-21T22:57:29","guid":{"rendered":"https:\/\/regiaonews.net.br\/2022\/?p=49000"},"modified":"2021-06-21T19:57:29","modified_gmt":"2021-06-21T22:57:29","slug":"pontos-mis-oferece-oficina-conexoes-fotograficas-com-natalia-tonda-para-barretos","status":"publish","type":"post","link":"https:\/\/regiaonews.net.br\/2022\/2021\/06\/21\/pontos-mis-oferece-oficina-conexoes-fotograficas-com-natalia-tonda-para-barretos\/","title":{"rendered":"Pontos Mis oferece Oficina \u2018Conex\u00f5es Fotogr\u00e1ficas com Nat\u00e1lia Tonda\u2019 para Barretos"},"content":{"rendered":"<p><a href=\"https:\/\/regiaonews.net.br\/2022\/wp-content\/uploads\/2021\/06\/pontos-mis.jpg\"><img loading=\"lazy\" decoding=\"async\" class=\"alignnone size-medium wp-image-49001\" src=\"https:\/\/regiaonews.net.br\/2022\/wp-content\/uploads\/2021\/06\/pontos-mis-300x240.jpg\" alt=\"\" width=\"300\" height=\"240\" \/><\/a><\/p>\n<p>De 21 a 25 de junho, segunda a sexta-feira, Barretos recebe a Oficina de fotografia \u201cConex\u00f5es Fotogr\u00e1ficas com Nat\u00e1lia Tonda\u201d pelo Programa Pontos Mis e com certificado de conclus\u00e3o.<br \/>\nAs aulas acontecem diariamente, das 19h \u00e0s 21 horas, com dura\u00e7\u00e3o de duas horas cada. Para participar \u00e9 preciso escolher o dia e se inscrever pelo link gratuitamente. A participa\u00e7\u00e3o \u00e9 gratuita com classifica\u00e7\u00e3o a partir de 16. O p\u00fablico-alvo \u00e9 formado por fot\u00f3grafos amadores e profissionais, artistas e interessados no assunto.\u00a0S\u00e3o 50 vagas para Barretos. Aa aulas acontecem pela plataforma ZOOM.<\/p>\n<p><b>Links de inscri\u00e7\u00e3o:<\/b><\/p>\n<p>21\/06-segunda:\u00a0<a href=\"https:\/\/emktenv.com.br\/index.php\/campaigns\/hx458htexec0a\/track-url\/jb127o9y749b2\/dbeefdeea29d0ca993c80591e64aa326faf18327\" target=\"_blank\" rel=\"noopener noreferrer\" data-auth=\"NotApplicable\" data-linkindex=\"0\">https:\/\/www.sympla.com.br\/oficina-fotografia&#8211;conexoes-fotograficas&#8212;com-natalia-tonda__1233560?token=4c6647e89c7c20bc37e56e205bcd5e01<\/a><\/p>\n<p>22\/06-ter\u00e7a:\u00a0<a href=\"https:\/\/emktenv.com.br\/index.php\/campaigns\/hx458htexec0a\/track-url\/jb127o9y749b2\/3f6fa9d32a993a36b9b3b6a1aa6e3a907866ea92\" target=\"_blank\" rel=\"noopener noreferrer\" data-auth=\"NotApplicable\" data-linkindex=\"1\">https:\/\/www.sympla.com.br\/oficina-fotografia&#8211;conexoes-fotograficas&#8212;com-natalia-tonda__1233562?token=d2951804252d676625ba1fb2746f32a8<\/a><\/p>\n<p>23\/06-quarta:\u00a0<a href=\"https:\/\/emktenv.com.br\/index.php\/campaigns\/hx458htexec0a\/track-url\/jb127o9y749b2\/cffe9544bc72d0f5e05055755ec2e8664be8a620\" target=\"_blank\" rel=\"noopener noreferrer\" data-auth=\"NotApplicable\" data-linkindex=\"2\">https:\/\/www.sympla.com.br\/oficina-fotografia&#8211;conexoes-fotograficas&#8212;com-natalia-tonda__1233569?token=c4d8af5ad2fc786a1c6368de91f30edd<\/a><\/p>\n<p>24\/06-quinta:\u00a0<a href=\"https:\/\/emktenv.com.br\/index.php\/campaigns\/hx458htexec0a\/track-url\/jb127o9y749b2\/b25b09f7ac300de5e52c0b90a25cc37ca1b5e2fd\" target=\"_blank\" rel=\"noopener noreferrer\" data-auth=\"NotApplicable\" data-linkindex=\"3\">https:\/\/www.sympla.com.br\/oficina-fotografia&#8211;conexoes-fotograficas&#8212;com-natalia-tonda__1233578?token=3012576476adbb2467b27cba18c004f3<\/a><\/p>\n<p>25\/06-sexta:\u00a0<a href=\"https:\/\/emktenv.com.br\/index.php\/campaigns\/hx458htexec0a\/track-url\/jb127o9y749b2\/ee1e1e410b6570d5d9f3833f8cd1008beda2a6cd\" target=\"_blank\" rel=\"noopener noreferrer\" data-auth=\"NotApplicable\" data-linkindex=\"4\">https:\/\/www.sympla.com.br\/oficina-fotografia&#8211;conexoes-fotograficas&#8212;com-natalia-tonda__1233583?token=54f8c9ee91fdadc82609c697b446f9c8<\/a><\/p>\n<p>A oficina deve apresentar um breve panorama da fotografia moderna brasileira \u00e0 contempor\u00e2nea e a fotografia expandida no campo das artes pl\u00e1sticas. Uma reflex\u00e3o da fotografia al\u00e9m do campo comercial, voltada para an\u00e1lise e discuss\u00e3o de ensaios fotogr\u00e1ficos, quest\u00f5es t\u00e9cnicas e est\u00e9ticas. O objetivo \u00e9 apresentar artistas e trabalhos, que possibilitam a compreens\u00e3o da trajet\u00f3ria da fotografia brasileira e estabelecer suas conex\u00f5es no campo das artes pl\u00e1sticas.<br \/>\nA oficina ser\u00e1 dividida em dois blocos de apresenta\u00e7\u00e3o de artistas. No primeiro bloco, ser\u00e3o apresentados os fot\u00f3grafos do Foto Cine Clube Bandeirantes, os fot\u00f3grafos da fase moderna na fotografia brasileira. E no segundo bloco, ser\u00e3o apresentados nomes da fotografia contempor\u00e2nea e do fotojornalismo atual.<\/p>\n<p><b>Objetivo<\/b><br \/>\nO objetivo desta oficina \u00e9 expandir o conhecimento do participante em rela\u00e7\u00e3o \u00e0 hist\u00f3ria da fotografia brasileira. No campo das artes, a fotografia \u00e9 quase um mist\u00e9rio para o grande p\u00fablico. Muitos relacionam (ainda) a fotografia somente como registro de tempo. A ideia \u00e9 mostrar artistas que revolucionaram e revolucionam o campo da fotografia atual: suas obras, questionamentos, engajamentos e possibilidades dentro do campo das artes.<\/p>\n<p><b>Sobre a professora<\/b><br \/>\nNat\u00e1lia Tonda, fot\u00f3grafa de forma\u00e7\u00e3o, realiza oficinas de fotografia anal\u00f3gica e digital. \u00c9 professora de fotografia na Escola Vera Cruz (S\u00e3o Paulo, SP) e atua como oficineira no projeto Pontos MIS, do Museu da Imagem e do Som, em S\u00e3o Paulo. Atuou como produtora nos semin\u00e1rios do MASP (S\u00e3o Paulo, SP). Trabalhou como fot\u00f3grafa da 29\u00ba Bienal de Artes de S\u00e3o Paulo, tamb\u00e9m trabalhou com produ\u00e7\u00e3o cultural na exposi\u00e7\u00e3o \u201cEm nome dos Artistas\u201d \u2013 Bienal de S\u00e3o Paulo, e na A\u00e7\u00e3o Educativa do Instituto Tomie Ohtake.<br \/>\nAtualmente ministra oficinas e cursos de fotografia, al\u00e9m de atuar como freelancer e assessora em projetos fotogr\u00e1ficos e cinematogr\u00e1ficos.<\/p>\n","protected":false},"excerpt":{"rendered":"<p>De 21 a 25 de junho, segunda a sexta-feira, Barretos<\/p>\n","protected":false},"author":2,"featured_media":49001,"comment_status":"open","ping_status":"open","sticky":false,"template":"","format":"standard","meta":{"footnotes":""},"categories":[14,25],"tags":[],"class_list":["post-49000","post","type-post","status-publish","format-standard","has-post-thumbnail","hentry","category-barretos","category-cidades"],"yoast_head":"<!-- This site is optimized with the Yoast SEO plugin v27.4 - https:\/\/yoast.com\/product\/yoast-seo-wordpress\/ -->\n<title>Pontos Mis oferece Oficina \u2018Conex\u00f5es Fotogr\u00e1ficas com Nat\u00e1lia Tonda\u2019 para Barretos - Regi\u00e3o News<\/title>\n<meta name=\"robots\" content=\"index, follow, max-snippet:-1, max-image-preview:large, max-video-preview:-1\" \/>\n<link rel=\"canonical\" href=\"https:\/\/regiaonews.net.br\/2022\/2021\/06\/21\/pontos-mis-oferece-oficina-conexoes-fotograficas-com-natalia-tonda-para-barretos\/\" \/>\n<meta property=\"og:locale\" content=\"pt_BR\" \/>\n<meta property=\"og:type\" content=\"article\" \/>\n<meta property=\"og:title\" content=\"Pontos Mis oferece Oficina \u2018Conex\u00f5es Fotogr\u00e1ficas com Nat\u00e1lia Tonda\u2019 para Barretos - Regi\u00e3o News\" \/>\n<meta property=\"og:description\" content=\"De 21 a 25 de junho, segunda a sexta-feira, Barretos\" \/>\n<meta property=\"og:url\" content=\"https:\/\/regiaonews.net.br\/2022\/2021\/06\/21\/pontos-mis-oferece-oficina-conexoes-fotograficas-com-natalia-tonda-para-barretos\/\" \/>\n<meta property=\"og:site_name\" content=\"Regi\u00e3o News\" \/>\n<meta property=\"article:published_time\" content=\"2021-06-21T22:57:29+00:00\" \/>\n<meta property=\"og:image\" content=\"https:\/\/regiaonews.net.br\/2022\/wp-content\/uploads\/2021\/06\/pontos-mis.jpg\" \/>\n\t<meta property=\"og:image:width\" content=\"800\" \/>\n\t<meta property=\"og:image:height\" content=\"639\" \/>\n\t<meta property=\"og:image:type\" content=\"image\/jpeg\" \/>\n<meta name=\"author\" content=\"Roberto\" \/>\n<meta name=\"twitter:card\" content=\"summary_large_image\" \/>\n<meta name=\"twitter:label1\" content=\"Escrito por\" \/>\n\t<meta name=\"twitter:data1\" content=\"Roberto\" \/>\n\t<meta name=\"twitter:label2\" content=\"Est. tempo de leitura\" \/>\n\t<meta name=\"twitter:data2\" content=\"2 minutos\" \/>\n<script type=\"application\/ld+json\" class=\"yoast-schema-graph\">{\"@context\":\"https:\\\/\\\/schema.org\",\"@graph\":[{\"@type\":\"Article\",\"@id\":\"https:\\\/\\\/regiaonews.net.br\\\/2022\\\/2021\\\/06\\\/21\\\/pontos-mis-oferece-oficina-conexoes-fotograficas-com-natalia-tonda-para-barretos\\\/#article\",\"isPartOf\":{\"@id\":\"https:\\\/\\\/regiaonews.net.br\\\/2022\\\/2021\\\/06\\\/21\\\/pontos-mis-oferece-oficina-conexoes-fotograficas-com-natalia-tonda-para-barretos\\\/\"},\"author\":{\"name\":\"Roberto\",\"@id\":\"https:\\\/\\\/regiaonews.net.br\\\/2022\\\/#\\\/schema\\\/person\\\/2d205a608a5aa97ac279d7a5e6d89ad8\"},\"headline\":\"Pontos Mis oferece Oficina \u2018Conex\u00f5es Fotogr\u00e1ficas com Nat\u00e1lia Tonda\u2019 para Barretos\",\"datePublished\":\"2021-06-21T22:57:29+00:00\",\"mainEntityOfPage\":{\"@id\":\"https:\\\/\\\/regiaonews.net.br\\\/2022\\\/2021\\\/06\\\/21\\\/pontos-mis-oferece-oficina-conexoes-fotograficas-com-natalia-tonda-para-barretos\\\/\"},\"wordCount\":511,\"commentCount\":0,\"publisher\":{\"@id\":\"https:\\\/\\\/regiaonews.net.br\\\/2022\\\/#organization\"},\"image\":{\"@id\":\"https:\\\/\\\/regiaonews.net.br\\\/2022\\\/2021\\\/06\\\/21\\\/pontos-mis-oferece-oficina-conexoes-fotograficas-com-natalia-tonda-para-barretos\\\/#primaryimage\"},\"thumbnailUrl\":\"https:\\\/\\\/regiaonews.net.br\\\/2022\\\/wp-content\\\/uploads\\\/2021\\\/06\\\/pontos-mis.jpg\",\"articleSection\":[\"Barretos\",\"Cidades\"],\"inLanguage\":\"pt-BR\",\"potentialAction\":[{\"@type\":\"CommentAction\",\"name\":\"Comment\",\"target\":[\"https:\\\/\\\/regiaonews.net.br\\\/2022\\\/2021\\\/06\\\/21\\\/pontos-mis-oferece-oficina-conexoes-fotograficas-com-natalia-tonda-para-barretos\\\/#respond\"]}]},{\"@type\":\"WebPage\",\"@id\":\"https:\\\/\\\/regiaonews.net.br\\\/2022\\\/2021\\\/06\\\/21\\\/pontos-mis-oferece-oficina-conexoes-fotograficas-com-natalia-tonda-para-barretos\\\/\",\"url\":\"https:\\\/\\\/regiaonews.net.br\\\/2022\\\/2021\\\/06\\\/21\\\/pontos-mis-oferece-oficina-conexoes-fotograficas-com-natalia-tonda-para-barretos\\\/\",\"name\":\"Pontos Mis oferece Oficina \u2018Conex\u00f5es Fotogr\u00e1ficas com Nat\u00e1lia Tonda\u2019 para Barretos - Regi\u00e3o News\",\"isPartOf\":{\"@id\":\"https:\\\/\\\/regiaonews.net.br\\\/2022\\\/#website\"},\"primaryImageOfPage\":{\"@id\":\"https:\\\/\\\/regiaonews.net.br\\\/2022\\\/2021\\\/06\\\/21\\\/pontos-mis-oferece-oficina-conexoes-fotograficas-com-natalia-tonda-para-barretos\\\/#primaryimage\"},\"image\":{\"@id\":\"https:\\\/\\\/regiaonews.net.br\\\/2022\\\/2021\\\/06\\\/21\\\/pontos-mis-oferece-oficina-conexoes-fotograficas-com-natalia-tonda-para-barretos\\\/#primaryimage\"},\"thumbnailUrl\":\"https:\\\/\\\/regiaonews.net.br\\\/2022\\\/wp-content\\\/uploads\\\/2021\\\/06\\\/pontos-mis.jpg\",\"datePublished\":\"2021-06-21T22:57:29+00:00\",\"breadcrumb\":{\"@id\":\"https:\\\/\\\/regiaonews.net.br\\\/2022\\\/2021\\\/06\\\/21\\\/pontos-mis-oferece-oficina-conexoes-fotograficas-com-natalia-tonda-para-barretos\\\/#breadcrumb\"},\"inLanguage\":\"pt-BR\",\"potentialAction\":[{\"@type\":\"ReadAction\",\"target\":[\"https:\\\/\\\/regiaonews.net.br\\\/2022\\\/2021\\\/06\\\/21\\\/pontos-mis-oferece-oficina-conexoes-fotograficas-com-natalia-tonda-para-barretos\\\/\"]}]},{\"@type\":\"ImageObject\",\"inLanguage\":\"pt-BR\",\"@id\":\"https:\\\/\\\/regiaonews.net.br\\\/2022\\\/2021\\\/06\\\/21\\\/pontos-mis-oferece-oficina-conexoes-fotograficas-com-natalia-tonda-para-barretos\\\/#primaryimage\",\"url\":\"https:\\\/\\\/regiaonews.net.br\\\/2022\\\/wp-content\\\/uploads\\\/2021\\\/06\\\/pontos-mis.jpg\",\"contentUrl\":\"https:\\\/\\\/regiaonews.net.br\\\/2022\\\/wp-content\\\/uploads\\\/2021\\\/06\\\/pontos-mis.jpg\",\"width\":800,\"height\":639},{\"@type\":\"BreadcrumbList\",\"@id\":\"https:\\\/\\\/regiaonews.net.br\\\/2022\\\/2021\\\/06\\\/21\\\/pontos-mis-oferece-oficina-conexoes-fotograficas-com-natalia-tonda-para-barretos\\\/#breadcrumb\",\"itemListElement\":[{\"@type\":\"ListItem\",\"position\":1,\"name\":\"In\u00edcio\",\"item\":\"https:\\\/\\\/regiaonews.net.br\\\/2022\\\/\"},{\"@type\":\"ListItem\",\"position\":2,\"name\":\"Pontos Mis oferece Oficina \u2018Conex\u00f5es Fotogr\u00e1ficas com Nat\u00e1lia Tonda\u2019 para Barretos\"}]},{\"@type\":\"WebSite\",\"@id\":\"https:\\\/\\\/regiaonews.net.br\\\/2022\\\/#website\",\"url\":\"https:\\\/\\\/regiaonews.net.br\\\/2022\\\/\",\"name\":\"Regi\u00e3o News\",\"description\":\"Site de Not\u00edcias de Barretos e regi\u00e3o\",\"publisher\":{\"@id\":\"https:\\\/\\\/regiaonews.net.br\\\/2022\\\/#organization\"},\"potentialAction\":[{\"@type\":\"SearchAction\",\"target\":{\"@type\":\"EntryPoint\",\"urlTemplate\":\"https:\\\/\\\/regiaonews.net.br\\\/2022\\\/?s={search_term_string}\"},\"query-input\":{\"@type\":\"PropertyValueSpecification\",\"valueRequired\":true,\"valueName\":\"search_term_string\"}}],\"inLanguage\":\"pt-BR\"},{\"@type\":\"Organization\",\"@id\":\"https:\\\/\\\/regiaonews.net.br\\\/2022\\\/#organization\",\"name\":\"Regi\u00e3o News\",\"url\":\"https:\\\/\\\/regiaonews.net.br\\\/2022\\\/\",\"logo\":{\"@type\":\"ImageObject\",\"inLanguage\":\"pt-BR\",\"@id\":\"https:\\\/\\\/regiaonews.net.br\\\/2022\\\/#\\\/schema\\\/logo\\\/image\\\/\",\"url\":\"https:\\\/\\\/regiaonews.net.br\\\/2022\\\/wp-content\\\/uploads\\\/2026\\\/03\\\/regiao-13-anos-scaled.jpg\",\"contentUrl\":\"https:\\\/\\\/regiaonews.net.br\\\/2022\\\/wp-content\\\/uploads\\\/2026\\\/03\\\/regiao-13-anos-scaled.jpg\",\"width\":2560,\"height\":635,\"caption\":\"Regi\u00e3o News\"},\"image\":{\"@id\":\"https:\\\/\\\/regiaonews.net.br\\\/2022\\\/#\\\/schema\\\/logo\\\/image\\\/\"}},{\"@type\":\"Person\",\"@id\":\"https:\\\/\\\/regiaonews.net.br\\\/2022\\\/#\\\/schema\\\/person\\\/2d205a608a5aa97ac279d7a5e6d89ad8\",\"name\":\"Roberto\",\"image\":{\"@type\":\"ImageObject\",\"inLanguage\":\"pt-BR\",\"@id\":\"https:\\\/\\\/secure.gravatar.com\\\/avatar\\\/42749d8b712ff9d59ca93dc150494e5b55a44134482993f5baeb97e61b7ecc89?s=96&d=mm&r=g\",\"url\":\"https:\\\/\\\/secure.gravatar.com\\\/avatar\\\/42749d8b712ff9d59ca93dc150494e5b55a44134482993f5baeb97e61b7ecc89?s=96&d=mm&r=g\",\"contentUrl\":\"https:\\\/\\\/secure.gravatar.com\\\/avatar\\\/42749d8b712ff9d59ca93dc150494e5b55a44134482993f5baeb97e61b7ecc89?s=96&d=mm&r=g\",\"caption\":\"Roberto\"},\"url\":\"https:\\\/\\\/regiaonews.net.br\\\/2022\\\/author\\\/roberto\\\/\"}]}<\/script>\n<!-- \/ Yoast SEO plugin. -->","yoast_head_json":{"title":"Pontos Mis oferece Oficina \u2018Conex\u00f5es Fotogr\u00e1ficas com Nat\u00e1lia Tonda\u2019 para Barretos - Regi\u00e3o News","robots":{"index":"index","follow":"follow","max-snippet":"max-snippet:-1","max-image-preview":"max-image-preview:large","max-video-preview":"max-video-preview:-1"},"canonical":"https:\/\/regiaonews.net.br\/2022\/2021\/06\/21\/pontos-mis-oferece-oficina-conexoes-fotograficas-com-natalia-tonda-para-barretos\/","og_locale":"pt_BR","og_type":"article","og_title":"Pontos Mis oferece Oficina \u2018Conex\u00f5es Fotogr\u00e1ficas com Nat\u00e1lia Tonda\u2019 para Barretos - Regi\u00e3o News","og_description":"De 21 a 25 de junho, segunda a sexta-feira, Barretos","og_url":"https:\/\/regiaonews.net.br\/2022\/2021\/06\/21\/pontos-mis-oferece-oficina-conexoes-fotograficas-com-natalia-tonda-para-barretos\/","og_site_name":"Regi\u00e3o News","article_published_time":"2021-06-21T22:57:29+00:00","og_image":[{"width":800,"height":639,"url":"https:\/\/regiaonews.net.br\/2022\/wp-content\/uploads\/2021\/06\/pontos-mis.jpg","type":"image\/jpeg"}],"author":"Roberto","twitter_card":"summary_large_image","twitter_misc":{"Escrito por":"Roberto","Est. tempo de leitura":"2 minutos"},"schema":{"@context":"https:\/\/schema.org","@graph":[{"@type":"Article","@id":"https:\/\/regiaonews.net.br\/2022\/2021\/06\/21\/pontos-mis-oferece-oficina-conexoes-fotograficas-com-natalia-tonda-para-barretos\/#article","isPartOf":{"@id":"https:\/\/regiaonews.net.br\/2022\/2021\/06\/21\/pontos-mis-oferece-oficina-conexoes-fotograficas-com-natalia-tonda-para-barretos\/"},"author":{"name":"Roberto","@id":"https:\/\/regiaonews.net.br\/2022\/#\/schema\/person\/2d205a608a5aa97ac279d7a5e6d89ad8"},"headline":"Pontos Mis oferece Oficina \u2018Conex\u00f5es Fotogr\u00e1ficas com Nat\u00e1lia Tonda\u2019 para Barretos","datePublished":"2021-06-21T22:57:29+00:00","mainEntityOfPage":{"@id":"https:\/\/regiaonews.net.br\/2022\/2021\/06\/21\/pontos-mis-oferece-oficina-conexoes-fotograficas-com-natalia-tonda-para-barretos\/"},"wordCount":511,"commentCount":0,"publisher":{"@id":"https:\/\/regiaonews.net.br\/2022\/#organization"},"image":{"@id":"https:\/\/regiaonews.net.br\/2022\/2021\/06\/21\/pontos-mis-oferece-oficina-conexoes-fotograficas-com-natalia-tonda-para-barretos\/#primaryimage"},"thumbnailUrl":"https:\/\/regiaonews.net.br\/2022\/wp-content\/uploads\/2021\/06\/pontos-mis.jpg","articleSection":["Barretos","Cidades"],"inLanguage":"pt-BR","potentialAction":[{"@type":"CommentAction","name":"Comment","target":["https:\/\/regiaonews.net.br\/2022\/2021\/06\/21\/pontos-mis-oferece-oficina-conexoes-fotograficas-com-natalia-tonda-para-barretos\/#respond"]}]},{"@type":"WebPage","@id":"https:\/\/regiaonews.net.br\/2022\/2021\/06\/21\/pontos-mis-oferece-oficina-conexoes-fotograficas-com-natalia-tonda-para-barretos\/","url":"https:\/\/regiaonews.net.br\/2022\/2021\/06\/21\/pontos-mis-oferece-oficina-conexoes-fotograficas-com-natalia-tonda-para-barretos\/","name":"Pontos Mis oferece Oficina \u2018Conex\u00f5es Fotogr\u00e1ficas com Nat\u00e1lia Tonda\u2019 para Barretos - Regi\u00e3o News","isPartOf":{"@id":"https:\/\/regiaonews.net.br\/2022\/#website"},"primaryImageOfPage":{"@id":"https:\/\/regiaonews.net.br\/2022\/2021\/06\/21\/pontos-mis-oferece-oficina-conexoes-fotograficas-com-natalia-tonda-para-barretos\/#primaryimage"},"image":{"@id":"https:\/\/regiaonews.net.br\/2022\/2021\/06\/21\/pontos-mis-oferece-oficina-conexoes-fotograficas-com-natalia-tonda-para-barretos\/#primaryimage"},"thumbnailUrl":"https:\/\/regiaonews.net.br\/2022\/wp-content\/uploads\/2021\/06\/pontos-mis.jpg","datePublished":"2021-06-21T22:57:29+00:00","breadcrumb":{"@id":"https:\/\/regiaonews.net.br\/2022\/2021\/06\/21\/pontos-mis-oferece-oficina-conexoes-fotograficas-com-natalia-tonda-para-barretos\/#breadcrumb"},"inLanguage":"pt-BR","potentialAction":[{"@type":"ReadAction","target":["https:\/\/regiaonews.net.br\/2022\/2021\/06\/21\/pontos-mis-oferece-oficina-conexoes-fotograficas-com-natalia-tonda-para-barretos\/"]}]},{"@type":"ImageObject","inLanguage":"pt-BR","@id":"https:\/\/regiaonews.net.br\/2022\/2021\/06\/21\/pontos-mis-oferece-oficina-conexoes-fotograficas-com-natalia-tonda-para-barretos\/#primaryimage","url":"https:\/\/regiaonews.net.br\/2022\/wp-content\/uploads\/2021\/06\/pontos-mis.jpg","contentUrl":"https:\/\/regiaonews.net.br\/2022\/wp-content\/uploads\/2021\/06\/pontos-mis.jpg","width":800,"height":639},{"@type":"BreadcrumbList","@id":"https:\/\/regiaonews.net.br\/2022\/2021\/06\/21\/pontos-mis-oferece-oficina-conexoes-fotograficas-com-natalia-tonda-para-barretos\/#breadcrumb","itemListElement":[{"@type":"ListItem","position":1,"name":"In\u00edcio","item":"https:\/\/regiaonews.net.br\/2022\/"},{"@type":"ListItem","position":2,"name":"Pontos Mis oferece Oficina \u2018Conex\u00f5es Fotogr\u00e1ficas com Nat\u00e1lia Tonda\u2019 para Barretos"}]},{"@type":"WebSite","@id":"https:\/\/regiaonews.net.br\/2022\/#website","url":"https:\/\/regiaonews.net.br\/2022\/","name":"Regi\u00e3o News","description":"Site de Not\u00edcias de Barretos e regi\u00e3o","publisher":{"@id":"https:\/\/regiaonews.net.br\/2022\/#organization"},"potentialAction":[{"@type":"SearchAction","target":{"@type":"EntryPoint","urlTemplate":"https:\/\/regiaonews.net.br\/2022\/?s={search_term_string}"},"query-input":{"@type":"PropertyValueSpecification","valueRequired":true,"valueName":"search_term_string"}}],"inLanguage":"pt-BR"},{"@type":"Organization","@id":"https:\/\/regiaonews.net.br\/2022\/#organization","name":"Regi\u00e3o News","url":"https:\/\/regiaonews.net.br\/2022\/","logo":{"@type":"ImageObject","inLanguage":"pt-BR","@id":"https:\/\/regiaonews.net.br\/2022\/#\/schema\/logo\/image\/","url":"https:\/\/regiaonews.net.br\/2022\/wp-content\/uploads\/2026\/03\/regiao-13-anos-scaled.jpg","contentUrl":"https:\/\/regiaonews.net.br\/2022\/wp-content\/uploads\/2026\/03\/regiao-13-anos-scaled.jpg","width":2560,"height":635,"caption":"Regi\u00e3o News"},"image":{"@id":"https:\/\/regiaonews.net.br\/2022\/#\/schema\/logo\/image\/"}},{"@type":"Person","@id":"https:\/\/regiaonews.net.br\/2022\/#\/schema\/person\/2d205a608a5aa97ac279d7a5e6d89ad8","name":"Roberto","image":{"@type":"ImageObject","inLanguage":"pt-BR","@id":"https:\/\/secure.gravatar.com\/avatar\/42749d8b712ff9d59ca93dc150494e5b55a44134482993f5baeb97e61b7ecc89?s=96&d=mm&r=g","url":"https:\/\/secure.gravatar.com\/avatar\/42749d8b712ff9d59ca93dc150494e5b55a44134482993f5baeb97e61b7ecc89?s=96&d=mm&r=g","contentUrl":"https:\/\/secure.gravatar.com\/avatar\/42749d8b712ff9d59ca93dc150494e5b55a44134482993f5baeb97e61b7ecc89?s=96&d=mm&r=g","caption":"Roberto"},"url":"https:\/\/regiaonews.net.br\/2022\/author\/roberto\/"}]}},"publishpress_future_action":{"enabled":false,"date":"2026-05-03 09:21:26","action":"change-status","newStatus":"draft","terms":[],"taxonomy":"category","extraData":[]},"publishpress_future_workflow_manual_trigger":{"enabledWorkflows":[]},"_links":{"self":[{"href":"https:\/\/regiaonews.net.br\/2022\/wp-json\/wp\/v2\/posts\/49000","targetHints":{"allow":["GET"]}}],"collection":[{"href":"https:\/\/regiaonews.net.br\/2022\/wp-json\/wp\/v2\/posts"}],"about":[{"href":"https:\/\/regiaonews.net.br\/2022\/wp-json\/wp\/v2\/types\/post"}],"author":[{"embeddable":true,"href":"https:\/\/regiaonews.net.br\/2022\/wp-json\/wp\/v2\/users\/2"}],"replies":[{"embeddable":true,"href":"https:\/\/regiaonews.net.br\/2022\/wp-json\/wp\/v2\/comments?post=49000"}],"version-history":[{"count":0,"href":"https:\/\/regiaonews.net.br\/2022\/wp-json\/wp\/v2\/posts\/49000\/revisions"}],"wp:featuredmedia":[{"embeddable":true,"href":"https:\/\/regiaonews.net.br\/2022\/wp-json\/wp\/v2\/media\/49001"}],"wp:attachment":[{"href":"https:\/\/regiaonews.net.br\/2022\/wp-json\/wp\/v2\/media?parent=49000"}],"wp:term":[{"taxonomy":"category","embeddable":true,"href":"https:\/\/regiaonews.net.br\/2022\/wp-json\/wp\/v2\/categories?post=49000"},{"taxonomy":"post_tag","embeddable":true,"href":"https:\/\/regiaonews.net.br\/2022\/wp-json\/wp\/v2\/tags?post=49000"}],"curies":[{"name":"wp","href":"https:\/\/api.w.org\/{rel}","templated":true}]}}