{"id":48996,"date":"2021-06-21T18:20:48","date_gmt":"2021-06-21T21:20:48","guid":{"rendered":"https:\/\/regiaonews.net.br\/2022\/?p=48996"},"modified":"2021-06-21T18:20:48","modified_gmt":"2021-06-21T21:20:48","slug":"vacinacao-contra-a-covid-19-chega-essa-semana-as-pessoas-de-49-a-46-anos","status":"publish","type":"post","link":"https:\/\/regiaonews.net.br\/2022\/2021\/06\/21\/vacinacao-contra-a-covid-19-chega-essa-semana-as-pessoas-de-49-a-46-anos\/","title":{"rendered":"Vacina\u00e7\u00e3o contra a Covid-19 chega essa semana \u00e0s pessoas de 49 a 46 anos"},"content":{"rendered":"<p><b><a href=\"https:\/\/regiaonews.net.br\/2022\/wp-content\/uploads\/2021\/06\/Vacina-Gestante.jpeg\"><img loading=\"lazy\" decoding=\"async\" class=\"alignnone size-medium wp-image-48997\" src=\"https:\/\/regiaonews.net.br\/2022\/wp-content\/uploads\/2021\/06\/Vacina-Gestante-200x300.jpeg\" alt=\"\" width=\"200\" height=\"300\" \/><\/a> <a href=\"https:\/\/regiaonews.net.br\/2022\/wp-content\/uploads\/2021\/06\/Vacina.jpeg\"><img loading=\"lazy\" decoding=\"async\" class=\"alignnone size-medium wp-image-48998\" src=\"https:\/\/regiaonews.net.br\/2022\/wp-content\/uploads\/2021\/06\/Vacina-194x300.jpeg\" alt=\"\" width=\"194\" height=\"300\" \/><\/a><\/b><\/p>\n<p>A vacina\u00e7\u00e3o contra a Covid-19 em Barretos segue avan\u00e7ando, conforme o munic\u00edpio recebe as doses para serem aplicadas. Essa semana, pessoas de 49 a 46 anos e sem comorbidades poder\u00e3o se vacinar com a primeira dose.<br \/>\nEmbora haja um decreto estabelecendo medidas restritivas em Barretos, a vacina\u00e7\u00e3o segue normalmente. Na ter\u00e7a (22), ser\u00e3o imunizadas as pessoas com 49 anos e sem comorbidades. Na quarta (23), os barretenses de 48 anos. Na quinta (24), de 47 anos e na sexta (25) ser\u00e1 a vez de quem tem 46 anos.<br \/>\nVale destacar que a popula\u00e7\u00e3o dessa faixa et\u00e1ria poder\u00e1 se dirigir \u00e0s unidades de sa\u00fade mais pr\u00f3ximas da sua casa, entre 08h e 14h, para receber a vacina. \u00c9 preciso levar um documento com foto, CPF e comprovante de resid\u00eancia.<br \/>\nCaso seja fiscalizado, o morador deve mostrar um documento com foto comprovando fazer parte do p\u00fablico a ser vacinado e demonstrar que est\u00e1 entre a unidade de sa\u00fade e a sua casa.<br \/>\n\u201cTenho certeza de que a popula\u00e7\u00e3o est\u00e1 entendendo a situa\u00e7\u00e3o que estamos vivendo. Quero aproveitar para convidar a todos que fazem parte desse grupo a comparecer na unidade de sa\u00fade mais pr\u00f3xima. Vacina \u00e9 vida e a \u00fanica forma de sairmos dessa situa\u00e7\u00e3o\u201d, pontuou a prefeita.<\/p>\n<p><b>Gestantes e pu\u00e9rperas<\/b><br \/>\nO grupo de gestantes e pu\u00e9rperas com comorbidades receber\u00e1 a segunda dose da vacina entre ter\u00e7a e quinta-feira (24), no Ambulat\u00f3rio de Refer\u00eancia em Especialidades (Post\u00e3o), das 7h \u00e0s 13h. As mulheres dever\u00e3o levar um documento com foto, CPF e a carteirinha constando a aplica\u00e7\u00e3o da primeira dose.<\/p>\n","protected":false},"excerpt":{"rendered":"<p>A vacina\u00e7\u00e3o contra a Covid-19 em Barretos segue avan\u00e7ando, conforme<\/p>\n","protected":false},"author":2,"featured_media":48998,"comment_status":"open","ping_status":"open","sticky":false,"template":"","format":"standard","meta":{"footnotes":""},"categories":[14,25],"tags":[],"class_list":["post-48996","post","type-post","status-publish","format-standard","has-post-thumbnail","hentry","category-barretos","category-cidades"],"yoast_head":"<!-- This site is optimized with the Yoast SEO plugin v27.4 - https:\/\/yoast.com\/product\/yoast-seo-wordpress\/ -->\n<title>Vacina\u00e7\u00e3o contra a Covid-19 chega essa semana \u00e0s pessoas de 49 a 46 anos - Regi\u00e3o News<\/title>\n<meta name=\"robots\" content=\"index, follow, max-snippet:-1, max-image-preview:large, max-video-preview:-1\" \/>\n<link rel=\"canonical\" href=\"https:\/\/regiaonews.net.br\/2022\/2021\/06\/21\/vacinacao-contra-a-covid-19-chega-essa-semana-as-pessoas-de-49-a-46-anos\/\" \/>\n<meta property=\"og:locale\" content=\"pt_BR\" \/>\n<meta property=\"og:type\" content=\"article\" \/>\n<meta property=\"og:title\" content=\"Vacina\u00e7\u00e3o contra a Covid-19 chega essa semana \u00e0s pessoas de 49 a 46 anos - Regi\u00e3o News\" \/>\n<meta property=\"og:description\" content=\"A vacina\u00e7\u00e3o contra a Covid-19 em Barretos segue avan\u00e7ando, conforme\" \/>\n<meta property=\"og:url\" content=\"https:\/\/regiaonews.net.br\/2022\/2021\/06\/21\/vacinacao-contra-a-covid-19-chega-essa-semana-as-pessoas-de-49-a-46-anos\/\" \/>\n<meta property=\"og:site_name\" content=\"Regi\u00e3o News\" \/>\n<meta property=\"article:published_time\" content=\"2021-06-21T21:20:48+00:00\" \/>\n<meta property=\"og:image\" content=\"https:\/\/regiaonews.net.br\/2022\/wp-content\/uploads\/2021\/06\/Vacina.jpeg\" \/>\n\t<meta property=\"og:image:width\" content=\"828\" \/>\n\t<meta property=\"og:image:height\" content=\"1280\" \/>\n\t<meta property=\"og:image:type\" content=\"image\/jpeg\" \/>\n<meta name=\"author\" content=\"Roberto\" \/>\n<meta name=\"twitter:card\" content=\"summary_large_image\" \/>\n<meta name=\"twitter:label1\" content=\"Escrito por\" \/>\n\t<meta name=\"twitter:data1\" content=\"Roberto\" \/>\n\t<meta name=\"twitter:label2\" content=\"Est. tempo de leitura\" \/>\n\t<meta name=\"twitter:data2\" content=\"1 minuto\" \/>\n<script type=\"application\/ld+json\" class=\"yoast-schema-graph\">{\"@context\":\"https:\\\/\\\/schema.org\",\"@graph\":[{\"@type\":\"Article\",\"@id\":\"https:\\\/\\\/regiaonews.net.br\\\/2022\\\/2021\\\/06\\\/21\\\/vacinacao-contra-a-covid-19-chega-essa-semana-as-pessoas-de-49-a-46-anos\\\/#article\",\"isPartOf\":{\"@id\":\"https:\\\/\\\/regiaonews.net.br\\\/2022\\\/2021\\\/06\\\/21\\\/vacinacao-contra-a-covid-19-chega-essa-semana-as-pessoas-de-49-a-46-anos\\\/\"},\"author\":{\"name\":\"Roberto\",\"@id\":\"https:\\\/\\\/regiaonews.net.br\\\/2022\\\/#\\\/schema\\\/person\\\/2d205a608a5aa97ac279d7a5e6d89ad8\"},\"headline\":\"Vacina\u00e7\u00e3o contra a Covid-19 chega essa semana \u00e0s pessoas de 49 a 46 anos\",\"datePublished\":\"2021-06-21T21:20:48+00:00\",\"mainEntityOfPage\":{\"@id\":\"https:\\\/\\\/regiaonews.net.br\\\/2022\\\/2021\\\/06\\\/21\\\/vacinacao-contra-a-covid-19-chega-essa-semana-as-pessoas-de-49-a-46-anos\\\/\"},\"wordCount\":284,\"commentCount\":0,\"publisher\":{\"@id\":\"https:\\\/\\\/regiaonews.net.br\\\/2022\\\/#organization\"},\"image\":{\"@id\":\"https:\\\/\\\/regiaonews.net.br\\\/2022\\\/2021\\\/06\\\/21\\\/vacinacao-contra-a-covid-19-chega-essa-semana-as-pessoas-de-49-a-46-anos\\\/#primaryimage\"},\"thumbnailUrl\":\"https:\\\/\\\/regiaonews.net.br\\\/2022\\\/wp-content\\\/uploads\\\/2021\\\/06\\\/Vacina.jpeg\",\"articleSection\":[\"Barretos\",\"Cidades\"],\"inLanguage\":\"pt-BR\",\"potentialAction\":[{\"@type\":\"CommentAction\",\"name\":\"Comment\",\"target\":[\"https:\\\/\\\/regiaonews.net.br\\\/2022\\\/2021\\\/06\\\/21\\\/vacinacao-contra-a-covid-19-chega-essa-semana-as-pessoas-de-49-a-46-anos\\\/#respond\"]}]},{\"@type\":\"WebPage\",\"@id\":\"https:\\\/\\\/regiaonews.net.br\\\/2022\\\/2021\\\/06\\\/21\\\/vacinacao-contra-a-covid-19-chega-essa-semana-as-pessoas-de-49-a-46-anos\\\/\",\"url\":\"https:\\\/\\\/regiaonews.net.br\\\/2022\\\/2021\\\/06\\\/21\\\/vacinacao-contra-a-covid-19-chega-essa-semana-as-pessoas-de-49-a-46-anos\\\/\",\"name\":\"Vacina\u00e7\u00e3o contra a Covid-19 chega essa semana \u00e0s pessoas de 49 a 46 anos - Regi\u00e3o News\",\"isPartOf\":{\"@id\":\"https:\\\/\\\/regiaonews.net.br\\\/2022\\\/#website\"},\"primaryImageOfPage\":{\"@id\":\"https:\\\/\\\/regiaonews.net.br\\\/2022\\\/2021\\\/06\\\/21\\\/vacinacao-contra-a-covid-19-chega-essa-semana-as-pessoas-de-49-a-46-anos\\\/#primaryimage\"},\"image\":{\"@id\":\"https:\\\/\\\/regiaonews.net.br\\\/2022\\\/2021\\\/06\\\/21\\\/vacinacao-contra-a-covid-19-chega-essa-semana-as-pessoas-de-49-a-46-anos\\\/#primaryimage\"},\"thumbnailUrl\":\"https:\\\/\\\/regiaonews.net.br\\\/2022\\\/wp-content\\\/uploads\\\/2021\\\/06\\\/Vacina.jpeg\",\"datePublished\":\"2021-06-21T21:20:48+00:00\",\"breadcrumb\":{\"@id\":\"https:\\\/\\\/regiaonews.net.br\\\/2022\\\/2021\\\/06\\\/21\\\/vacinacao-contra-a-covid-19-chega-essa-semana-as-pessoas-de-49-a-46-anos\\\/#breadcrumb\"},\"inLanguage\":\"pt-BR\",\"potentialAction\":[{\"@type\":\"ReadAction\",\"target\":[\"https:\\\/\\\/regiaonews.net.br\\\/2022\\\/2021\\\/06\\\/21\\\/vacinacao-contra-a-covid-19-chega-essa-semana-as-pessoas-de-49-a-46-anos\\\/\"]}]},{\"@type\":\"ImageObject\",\"inLanguage\":\"pt-BR\",\"@id\":\"https:\\\/\\\/regiaonews.net.br\\\/2022\\\/2021\\\/06\\\/21\\\/vacinacao-contra-a-covid-19-chega-essa-semana-as-pessoas-de-49-a-46-anos\\\/#primaryimage\",\"url\":\"https:\\\/\\\/regiaonews.net.br\\\/2022\\\/wp-content\\\/uploads\\\/2021\\\/06\\\/Vacina.jpeg\",\"contentUrl\":\"https:\\\/\\\/regiaonews.net.br\\\/2022\\\/wp-content\\\/uploads\\\/2021\\\/06\\\/Vacina.jpeg\",\"width\":828,\"height\":1280},{\"@type\":\"BreadcrumbList\",\"@id\":\"https:\\\/\\\/regiaonews.net.br\\\/2022\\\/2021\\\/06\\\/21\\\/vacinacao-contra-a-covid-19-chega-essa-semana-as-pessoas-de-49-a-46-anos\\\/#breadcrumb\",\"itemListElement\":[{\"@type\":\"ListItem\",\"position\":1,\"name\":\"In\u00edcio\",\"item\":\"https:\\\/\\\/regiaonews.net.br\\\/2022\\\/\"},{\"@type\":\"ListItem\",\"position\":2,\"name\":\"Vacina\u00e7\u00e3o contra a Covid-19 chega essa semana \u00e0s pessoas de 49 a 46 anos\"}]},{\"@type\":\"WebSite\",\"@id\":\"https:\\\/\\\/regiaonews.net.br\\\/2022\\\/#website\",\"url\":\"https:\\\/\\\/regiaonews.net.br\\\/2022\\\/\",\"name\":\"Regi\u00e3o News\",\"description\":\"Site de Not\u00edcias de Barretos e regi\u00e3o\",\"publisher\":{\"@id\":\"https:\\\/\\\/regiaonews.net.br\\\/2022\\\/#organization\"},\"potentialAction\":[{\"@type\":\"SearchAction\",\"target\":{\"@type\":\"EntryPoint\",\"urlTemplate\":\"https:\\\/\\\/regiaonews.net.br\\\/2022\\\/?s={search_term_string}\"},\"query-input\":{\"@type\":\"PropertyValueSpecification\",\"valueRequired\":true,\"valueName\":\"search_term_string\"}}],\"inLanguage\":\"pt-BR\"},{\"@type\":\"Organization\",\"@id\":\"https:\\\/\\\/regiaonews.net.br\\\/2022\\\/#organization\",\"name\":\"Regi\u00e3o News\",\"url\":\"https:\\\/\\\/regiaonews.net.br\\\/2022\\\/\",\"logo\":{\"@type\":\"ImageObject\",\"inLanguage\":\"pt-BR\",\"@id\":\"https:\\\/\\\/regiaonews.net.br\\\/2022\\\/#\\\/schema\\\/logo\\\/image\\\/\",\"url\":\"https:\\\/\\\/regiaonews.net.br\\\/2022\\\/wp-content\\\/uploads\\\/2026\\\/03\\\/regiao-13-anos-scaled.jpg\",\"contentUrl\":\"https:\\\/\\\/regiaonews.net.br\\\/2022\\\/wp-content\\\/uploads\\\/2026\\\/03\\\/regiao-13-anos-scaled.jpg\",\"width\":2560,\"height\":635,\"caption\":\"Regi\u00e3o News\"},\"image\":{\"@id\":\"https:\\\/\\\/regiaonews.net.br\\\/2022\\\/#\\\/schema\\\/logo\\\/image\\\/\"}},{\"@type\":\"Person\",\"@id\":\"https:\\\/\\\/regiaonews.net.br\\\/2022\\\/#\\\/schema\\\/person\\\/2d205a608a5aa97ac279d7a5e6d89ad8\",\"name\":\"Roberto\",\"image\":{\"@type\":\"ImageObject\",\"inLanguage\":\"pt-BR\",\"@id\":\"https:\\\/\\\/secure.gravatar.com\\\/avatar\\\/42749d8b712ff9d59ca93dc150494e5b55a44134482993f5baeb97e61b7ecc89?s=96&d=mm&r=g\",\"url\":\"https:\\\/\\\/secure.gravatar.com\\\/avatar\\\/42749d8b712ff9d59ca93dc150494e5b55a44134482993f5baeb97e61b7ecc89?s=96&d=mm&r=g\",\"contentUrl\":\"https:\\\/\\\/secure.gravatar.com\\\/avatar\\\/42749d8b712ff9d59ca93dc150494e5b55a44134482993f5baeb97e61b7ecc89?s=96&d=mm&r=g\",\"caption\":\"Roberto\"},\"url\":\"https:\\\/\\\/regiaonews.net.br\\\/2022\\\/author\\\/roberto\\\/\"}]}<\/script>\n<!-- \/ Yoast SEO plugin. -->","yoast_head_json":{"title":"Vacina\u00e7\u00e3o contra a Covid-19 chega essa semana \u00e0s pessoas de 49 a 46 anos - Regi\u00e3o News","robots":{"index":"index","follow":"follow","max-snippet":"max-snippet:-1","max-image-preview":"max-image-preview:large","max-video-preview":"max-video-preview:-1"},"canonical":"https:\/\/regiaonews.net.br\/2022\/2021\/06\/21\/vacinacao-contra-a-covid-19-chega-essa-semana-as-pessoas-de-49-a-46-anos\/","og_locale":"pt_BR","og_type":"article","og_title":"Vacina\u00e7\u00e3o contra a Covid-19 chega essa semana \u00e0s pessoas de 49 a 46 anos - Regi\u00e3o News","og_description":"A vacina\u00e7\u00e3o contra a Covid-19 em Barretos segue avan\u00e7ando, conforme","og_url":"https:\/\/regiaonews.net.br\/2022\/2021\/06\/21\/vacinacao-contra-a-covid-19-chega-essa-semana-as-pessoas-de-49-a-46-anos\/","og_site_name":"Regi\u00e3o News","article_published_time":"2021-06-21T21:20:48+00:00","og_image":[{"width":828,"height":1280,"url":"https:\/\/regiaonews.net.br\/2022\/wp-content\/uploads\/2021\/06\/Vacina.jpeg","type":"image\/jpeg"}],"author":"Roberto","twitter_card":"summary_large_image","twitter_misc":{"Escrito por":"Roberto","Est. tempo de leitura":"1 minuto"},"schema":{"@context":"https:\/\/schema.org","@graph":[{"@type":"Article","@id":"https:\/\/regiaonews.net.br\/2022\/2021\/06\/21\/vacinacao-contra-a-covid-19-chega-essa-semana-as-pessoas-de-49-a-46-anos\/#article","isPartOf":{"@id":"https:\/\/regiaonews.net.br\/2022\/2021\/06\/21\/vacinacao-contra-a-covid-19-chega-essa-semana-as-pessoas-de-49-a-46-anos\/"},"author":{"name":"Roberto","@id":"https:\/\/regiaonews.net.br\/2022\/#\/schema\/person\/2d205a608a5aa97ac279d7a5e6d89ad8"},"headline":"Vacina\u00e7\u00e3o contra a Covid-19 chega essa semana \u00e0s pessoas de 49 a 46 anos","datePublished":"2021-06-21T21:20:48+00:00","mainEntityOfPage":{"@id":"https:\/\/regiaonews.net.br\/2022\/2021\/06\/21\/vacinacao-contra-a-covid-19-chega-essa-semana-as-pessoas-de-49-a-46-anos\/"},"wordCount":284,"commentCount":0,"publisher":{"@id":"https:\/\/regiaonews.net.br\/2022\/#organization"},"image":{"@id":"https:\/\/regiaonews.net.br\/2022\/2021\/06\/21\/vacinacao-contra-a-covid-19-chega-essa-semana-as-pessoas-de-49-a-46-anos\/#primaryimage"},"thumbnailUrl":"https:\/\/regiaonews.net.br\/2022\/wp-content\/uploads\/2021\/06\/Vacina.jpeg","articleSection":["Barretos","Cidades"],"inLanguage":"pt-BR","potentialAction":[{"@type":"CommentAction","name":"Comment","target":["https:\/\/regiaonews.net.br\/2022\/2021\/06\/21\/vacinacao-contra-a-covid-19-chega-essa-semana-as-pessoas-de-49-a-46-anos\/#respond"]}]},{"@type":"WebPage","@id":"https:\/\/regiaonews.net.br\/2022\/2021\/06\/21\/vacinacao-contra-a-covid-19-chega-essa-semana-as-pessoas-de-49-a-46-anos\/","url":"https:\/\/regiaonews.net.br\/2022\/2021\/06\/21\/vacinacao-contra-a-covid-19-chega-essa-semana-as-pessoas-de-49-a-46-anos\/","name":"Vacina\u00e7\u00e3o contra a Covid-19 chega essa semana \u00e0s pessoas de 49 a 46 anos - Regi\u00e3o News","isPartOf":{"@id":"https:\/\/regiaonews.net.br\/2022\/#website"},"primaryImageOfPage":{"@id":"https:\/\/regiaonews.net.br\/2022\/2021\/06\/21\/vacinacao-contra-a-covid-19-chega-essa-semana-as-pessoas-de-49-a-46-anos\/#primaryimage"},"image":{"@id":"https:\/\/regiaonews.net.br\/2022\/2021\/06\/21\/vacinacao-contra-a-covid-19-chega-essa-semana-as-pessoas-de-49-a-46-anos\/#primaryimage"},"thumbnailUrl":"https:\/\/regiaonews.net.br\/2022\/wp-content\/uploads\/2021\/06\/Vacina.jpeg","datePublished":"2021-06-21T21:20:48+00:00","breadcrumb":{"@id":"https:\/\/regiaonews.net.br\/2022\/2021\/06\/21\/vacinacao-contra-a-covid-19-chega-essa-semana-as-pessoas-de-49-a-46-anos\/#breadcrumb"},"inLanguage":"pt-BR","potentialAction":[{"@type":"ReadAction","target":["https:\/\/regiaonews.net.br\/2022\/2021\/06\/21\/vacinacao-contra-a-covid-19-chega-essa-semana-as-pessoas-de-49-a-46-anos\/"]}]},{"@type":"ImageObject","inLanguage":"pt-BR","@id":"https:\/\/regiaonews.net.br\/2022\/2021\/06\/21\/vacinacao-contra-a-covid-19-chega-essa-semana-as-pessoas-de-49-a-46-anos\/#primaryimage","url":"https:\/\/regiaonews.net.br\/2022\/wp-content\/uploads\/2021\/06\/Vacina.jpeg","contentUrl":"https:\/\/regiaonews.net.br\/2022\/wp-content\/uploads\/2021\/06\/Vacina.jpeg","width":828,"height":1280},{"@type":"BreadcrumbList","@id":"https:\/\/regiaonews.net.br\/2022\/2021\/06\/21\/vacinacao-contra-a-covid-19-chega-essa-semana-as-pessoas-de-49-a-46-anos\/#breadcrumb","itemListElement":[{"@type":"ListItem","position":1,"name":"In\u00edcio","item":"https:\/\/regiaonews.net.br\/2022\/"},{"@type":"ListItem","position":2,"name":"Vacina\u00e7\u00e3o contra a Covid-19 chega essa semana \u00e0s pessoas de 49 a 46 anos"}]},{"@type":"WebSite","@id":"https:\/\/regiaonews.net.br\/2022\/#website","url":"https:\/\/regiaonews.net.br\/2022\/","name":"Regi\u00e3o News","description":"Site de Not\u00edcias de Barretos e regi\u00e3o","publisher":{"@id":"https:\/\/regiaonews.net.br\/2022\/#organization"},"potentialAction":[{"@type":"SearchAction","target":{"@type":"EntryPoint","urlTemplate":"https:\/\/regiaonews.net.br\/2022\/?s={search_term_string}"},"query-input":{"@type":"PropertyValueSpecification","valueRequired":true,"valueName":"search_term_string"}}],"inLanguage":"pt-BR"},{"@type":"Organization","@id":"https:\/\/regiaonews.net.br\/2022\/#organization","name":"Regi\u00e3o News","url":"https:\/\/regiaonews.net.br\/2022\/","logo":{"@type":"ImageObject","inLanguage":"pt-BR","@id":"https:\/\/regiaonews.net.br\/2022\/#\/schema\/logo\/image\/","url":"https:\/\/regiaonews.net.br\/2022\/wp-content\/uploads\/2026\/03\/regiao-13-anos-scaled.jpg","contentUrl":"https:\/\/regiaonews.net.br\/2022\/wp-content\/uploads\/2026\/03\/regiao-13-anos-scaled.jpg","width":2560,"height":635,"caption":"Regi\u00e3o News"},"image":{"@id":"https:\/\/regiaonews.net.br\/2022\/#\/schema\/logo\/image\/"}},{"@type":"Person","@id":"https:\/\/regiaonews.net.br\/2022\/#\/schema\/person\/2d205a608a5aa97ac279d7a5e6d89ad8","name":"Roberto","image":{"@type":"ImageObject","inLanguage":"pt-BR","@id":"https:\/\/secure.gravatar.com\/avatar\/42749d8b712ff9d59ca93dc150494e5b55a44134482993f5baeb97e61b7ecc89?s=96&d=mm&r=g","url":"https:\/\/secure.gravatar.com\/avatar\/42749d8b712ff9d59ca93dc150494e5b55a44134482993f5baeb97e61b7ecc89?s=96&d=mm&r=g","contentUrl":"https:\/\/secure.gravatar.com\/avatar\/42749d8b712ff9d59ca93dc150494e5b55a44134482993f5baeb97e61b7ecc89?s=96&d=mm&r=g","caption":"Roberto"},"url":"https:\/\/regiaonews.net.br\/2022\/author\/roberto\/"}]}},"publishpress_future_action":{"enabled":false,"date":"2026-05-03 09:09:14","action":"change-status","newStatus":"draft","terms":[],"taxonomy":"category","extraData":[]},"publishpress_future_workflow_manual_trigger":{"enabledWorkflows":[]},"_links":{"self":[{"href":"https:\/\/regiaonews.net.br\/2022\/wp-json\/wp\/v2\/posts\/48996","targetHints":{"allow":["GET"]}}],"collection":[{"href":"https:\/\/regiaonews.net.br\/2022\/wp-json\/wp\/v2\/posts"}],"about":[{"href":"https:\/\/regiaonews.net.br\/2022\/wp-json\/wp\/v2\/types\/post"}],"author":[{"embeddable":true,"href":"https:\/\/regiaonews.net.br\/2022\/wp-json\/wp\/v2\/users\/2"}],"replies":[{"embeddable":true,"href":"https:\/\/regiaonews.net.br\/2022\/wp-json\/wp\/v2\/comments?post=48996"}],"version-history":[{"count":0,"href":"https:\/\/regiaonews.net.br\/2022\/wp-json\/wp\/v2\/posts\/48996\/revisions"}],"wp:featuredmedia":[{"embeddable":true,"href":"https:\/\/regiaonews.net.br\/2022\/wp-json\/wp\/v2\/media\/48998"}],"wp:attachment":[{"href":"https:\/\/regiaonews.net.br\/2022\/wp-json\/wp\/v2\/media?parent=48996"}],"wp:term":[{"taxonomy":"category","embeddable":true,"href":"https:\/\/regiaonews.net.br\/2022\/wp-json\/wp\/v2\/categories?post=48996"},{"taxonomy":"post_tag","embeddable":true,"href":"https:\/\/regiaonews.net.br\/2022\/wp-json\/wp\/v2\/tags?post=48996"}],"curies":[{"name":"wp","href":"https:\/\/api.w.org\/{rel}","templated":true}]}}