{"id":48992,"date":"2021-06-21T18:14:26","date_gmt":"2021-06-21T21:14:26","guid":{"rendered":"https:\/\/regiaonews.net.br\/2022\/?p=48992"},"modified":"2021-06-21T18:14:26","modified_gmt":"2021-06-21T21:14:26","slug":"acib-e-sincomercio-apresentam-live-legislacao-trabalhista-na-pandemia","status":"publish","type":"post","link":"https:\/\/regiaonews.net.br\/2022\/2021\/06\/21\/acib-e-sincomercio-apresentam-live-legislacao-trabalhista-na-pandemia\/","title":{"rendered":"ACIB e Sincomercio apresentam live: Legisla\u00e7\u00e3o Trabalhista na Pandemia"},"content":{"rendered":"<div class=\"\">\n<div class=\"wide-content-host\">\n<div class=\"_3656rzkKBAgH_OWm-hhnse\" tabindex=\"-1\">\n<div class=\"_1AhM2oOxAz9MUIZLlrnEQe\">\n<div class=\"_2zX2caDms6Dyd9Ch--6tVn\">\n<div class=\"_1PykQrbOAi1vvEtfcvQEia\">\n<div class=\"_21bgioiEBbnVoXvYXjL3tH JWNdg1hee9_Rz6bIGvG1c allowTextSelection\">\n<div>\n<div>\n<div dir=\"ltr\">\n<div>\n<div>\n<div>\n<div dir=\"ltr\">\n<div>\n<div>\n<div>\n<p align=\"center\">\n<p><a href=\"https:\/\/regiaonews.net.br\/2022\/wp-content\/uploads\/2021\/06\/Thyago-Abraao.jpeg\"><img loading=\"lazy\" decoding=\"async\" class=\"alignnone size-medium wp-image-48993\" src=\"https:\/\/regiaonews.net.br\/2022\/wp-content\/uploads\/2021\/06\/Thyago-Abraao-184x300.jpeg\" alt=\"\" width=\"184\" height=\"300\" \/><\/a> <a href=\"https:\/\/regiaonews.net.br\/2022\/wp-content\/uploads\/2021\/06\/WhatsApp-Image-2021-06-03-at-18.25.45.jpeg\"><img loading=\"lazy\" decoding=\"async\" class=\"alignnone size-medium wp-image-48994\" src=\"https:\/\/regiaonews.net.br\/2022\/wp-content\/uploads\/2021\/06\/WhatsApp-Image-2021-06-03-at-18.25.45-198x300.jpeg\" alt=\"\" width=\"198\" height=\"300\" \/><\/a><\/p>\n<p>A ACIB \u2013 Associa\u00e7\u00e3o Comercial e Industrial de Barretos e Sincomercio apresentam\u00a0 a live: Legisla\u00e7\u00e3o Trabalhista na Pandemia com o advogado e assessor da ACIB,\u00a0\u00a0Thyago Abra\u00e3o, e apresenta\u00e7\u00e3o da jornalista Glaucia Chiarelli. A live est\u00e1 marcada para esta\u00a0\u00a0ter\u00e7a-feira, 22 de junho, \u00e0s 19h pelo\u00a0 instragram da Associa\u00e7\u00e3o Comercial: @acibbarretos.<\/p>\n<p>A conversa virtual deve abordar a medida provis\u00f3ria de n. 1046, editada pelo presidente Jair Bolsonaro em 27 de abril de 2020, que disp\u00f5e sobre as a\u00e7\u00f5es trabalhistas para o enfrentamento da pandemia do novo coronav\u00edrus ( Covid- 19) e suas principais implica\u00e7\u00f5es para os empres\u00e1rios, destacando os reflexos para o com\u00e9rcio de Barretos.<\/p>\n<p>Thyago Abra\u00e3o \u00e9 advogado com p\u00f3s-gradua\u00e7\u00e3o em Direito Eleitoral e Processo Eleitoral. Especialista em direito empresarial e s\u00f3cio fundador do escrit\u00f3rio Godoy &amp; Abra\u00e3o Sociedade de Advogados.<\/p>\n<p>Para a presidente da ACIB,\u00a0\u00a0Jackelyne Rossini, a live busca auxiliar os associados e empres\u00e1rios em geral, por meio de\u00a0\u00a0a\u00e7\u00f5es que abordem, de forma pr\u00e1tica, as principais d\u00favidas do setor neste momento \u201c A live desta semana deve esclarecer d\u00favidas\u00a0\u00a0referentes\u00a0\u00a0\u00e0s medidas trabalhistas neste momento de pandemia e, atendendo, dessa forma, a uma necessidade n\u00e3o s\u00f3 dos associados, mas de todo o com\u00e9rcio da cidade\u201d, diz.<\/p>\n<p>&nbsp;<\/p>\n<p>Reda\u00e7\u00e3o: Glaucia Chiarelli MTB\/ SP 72458<\/p>\n<\/div>\n<\/div>\n<\/div>\n<\/div>\n<\/div>\n<\/div>\n<\/div>\n<\/div>\n<\/div>\n<\/div>\n<\/div>\n<div class=\"_1yuNDaQBDoy0YwHOMGXFkz\"><\/div>\n<div class=\"_3hNohI4SDCYc8T81_nBwJA\"><\/div>\n<\/div>\n<\/div>\n<p><button class=\"ms-Button ms-Button--action ms-Button--command _3RB0zUFFJfStPknqO8GeKY _2lbf3bC0xqLXxQX39Z456t _1RmfaNBDa4gtwvT7I6HU4 root-113\" type=\"button\" data-is-focusable=\"true\"><span class=\"ms-Button-flexContainer flexContainer-90\" data-automationid=\"splitbuttonprimary\"><i class=\"ms-Button-icon _2dRw4sjKTDR_MSEnHU7J4o icon-195\" data-icon-name=\"ChevronUpSmall\" aria-hidden=\"true\">\ue96d<\/i><span class=\"ms-Button-textContainer textContainer-91\"><span id=\"id__350\" class=\"ms-Button-label _21oezLjvhycxFmkJ7DLk-u label-50\">Ocultar hist\u00f3rico de mensagens<\/span><\/span><\/span><\/button><\/div>\n<div class=\"_1Gm51yNfZn82vtaKhL4YKG\"><\/div>\n<\/div>\n<\/div>\n<\/div>\n<div class=\"wide-content-host\">\n<div class=\"B1IVVpQay0rPzznhParFr KcNy0Xfd9-is-_CEp3QOI\" tabindex=\"-1\" aria-label=\"Mensagem de email\">\n<div class=\"\">\n<div class=\"_3Hm3ZM9O51bIychTJ1c3om\">\n<div class=\"ms-Persona-coin ms-Persona--size40 _3fxSw_KFta16t28JP70e_s coin-115\" role=\"presentation\">\n<div class=\"ms-Persona-imageArea imageArea-196\" role=\"presentation\">\n<div class=\"ms-Persona-initials initials-199\" aria-hidden=\"true\">RM<\/div>\n<\/div>\n<\/div>\n<\/div>\n<div class=\"_3FAYod7kjH9o5HZX_Phvf6 allowTextSelection\">\n<div class=\"_1Lo7BjmdsKZy3IMMxN7mVu\">\n<div class=\"_2CRlxt5XG5f-niSlWZo1fR\"><\/div>\n<\/div>\n<\/div>\n<\/div>\n<\/div>\n<\/div>\n","protected":false},"excerpt":{"rendered":"<p>A ACIB \u2013 Associa\u00e7\u00e3o Comercial e Industrial de Barretos e<\/p>\n","protected":false},"author":2,"featured_media":36409,"comment_status":"open","ping_status":"open","sticky":false,"template":"","format":"standard","meta":{"footnotes":""},"categories":[14,25],"tags":[],"class_list":["post-48992","post","type-post","status-publish","format-standard","has-post-thumbnail","hentry","category-barretos","category-cidades"],"yoast_head":"<!-- This site is optimized with the Yoast SEO plugin v27.4 - https:\/\/yoast.com\/product\/yoast-seo-wordpress\/ -->\n<title>ACIB e Sincomercio apresentam live: Legisla\u00e7\u00e3o Trabalhista na Pandemia - Regi\u00e3o News<\/title>\n<meta name=\"robots\" content=\"index, follow, max-snippet:-1, max-image-preview:large, max-video-preview:-1\" \/>\n<link rel=\"canonical\" href=\"https:\/\/regiaonews.net.br\/2022\/2021\/06\/21\/acib-e-sincomercio-apresentam-live-legislacao-trabalhista-na-pandemia\/\" \/>\n<meta property=\"og:locale\" content=\"pt_BR\" \/>\n<meta property=\"og:type\" content=\"article\" \/>\n<meta property=\"og:title\" content=\"ACIB e Sincomercio apresentam live: Legisla\u00e7\u00e3o Trabalhista na Pandemia - Regi\u00e3o News\" \/>\n<meta property=\"og:description\" content=\"A ACIB \u2013 Associa\u00e7\u00e3o Comercial e Industrial de Barretos e\" \/>\n<meta property=\"og:url\" content=\"https:\/\/regiaonews.net.br\/2022\/2021\/06\/21\/acib-e-sincomercio-apresentam-live-legislacao-trabalhista-na-pandemia\/\" \/>\n<meta property=\"og:site_name\" content=\"Regi\u00e3o News\" \/>\n<meta property=\"article:published_time\" content=\"2021-06-21T21:14:26+00:00\" \/>\n<meta property=\"og:image\" content=\"https:\/\/regiaonews.net.br\/2022\/wp-content\/uploads\/2020\/08\/carteira-de-trabalho.jpeg\" \/>\n\t<meta property=\"og:image:width\" content=\"984\" \/>\n\t<meta property=\"og:image:height\" content=\"819\" \/>\n\t<meta property=\"og:image:type\" content=\"image\/jpeg\" \/>\n<meta name=\"author\" content=\"Roberto\" \/>\n<meta name=\"twitter:card\" content=\"summary_large_image\" \/>\n<meta name=\"twitter:label1\" content=\"Escrito por\" \/>\n\t<meta name=\"twitter:data1\" content=\"Roberto\" \/>\n\t<meta name=\"twitter:label2\" content=\"Est. tempo de leitura\" \/>\n\t<meta name=\"twitter:data2\" content=\"1 minuto\" \/>\n<script type=\"application\/ld+json\" class=\"yoast-schema-graph\">{\"@context\":\"https:\\\/\\\/schema.org\",\"@graph\":[{\"@type\":\"Article\",\"@id\":\"https:\\\/\\\/regiaonews.net.br\\\/2022\\\/2021\\\/06\\\/21\\\/acib-e-sincomercio-apresentam-live-legislacao-trabalhista-na-pandemia\\\/#article\",\"isPartOf\":{\"@id\":\"https:\\\/\\\/regiaonews.net.br\\\/2022\\\/2021\\\/06\\\/21\\\/acib-e-sincomercio-apresentam-live-legislacao-trabalhista-na-pandemia\\\/\"},\"author\":{\"name\":\"Roberto\",\"@id\":\"https:\\\/\\\/regiaonews.net.br\\\/2022\\\/#\\\/schema\\\/person\\\/2d205a608a5aa97ac279d7a5e6d89ad8\"},\"headline\":\"ACIB e Sincomercio apresentam live: Legisla\u00e7\u00e3o Trabalhista na Pandemia\",\"datePublished\":\"2021-06-21T21:14:26+00:00\",\"mainEntityOfPage\":{\"@id\":\"https:\\\/\\\/regiaonews.net.br\\\/2022\\\/2021\\\/06\\\/21\\\/acib-e-sincomercio-apresentam-live-legislacao-trabalhista-na-pandemia\\\/\"},\"wordCount\":240,\"commentCount\":0,\"publisher\":{\"@id\":\"https:\\\/\\\/regiaonews.net.br\\\/2022\\\/#organization\"},\"image\":{\"@id\":\"https:\\\/\\\/regiaonews.net.br\\\/2022\\\/2021\\\/06\\\/21\\\/acib-e-sincomercio-apresentam-live-legislacao-trabalhista-na-pandemia\\\/#primaryimage\"},\"thumbnailUrl\":\"https:\\\/\\\/regiaonews.net.br\\\/2022\\\/wp-content\\\/uploads\\\/2020\\\/08\\\/carteira-de-trabalho.jpeg\",\"articleSection\":[\"Barretos\",\"Cidades\"],\"inLanguage\":\"pt-BR\",\"potentialAction\":[{\"@type\":\"CommentAction\",\"name\":\"Comment\",\"target\":[\"https:\\\/\\\/regiaonews.net.br\\\/2022\\\/2021\\\/06\\\/21\\\/acib-e-sincomercio-apresentam-live-legislacao-trabalhista-na-pandemia\\\/#respond\"]}]},{\"@type\":\"WebPage\",\"@id\":\"https:\\\/\\\/regiaonews.net.br\\\/2022\\\/2021\\\/06\\\/21\\\/acib-e-sincomercio-apresentam-live-legislacao-trabalhista-na-pandemia\\\/\",\"url\":\"https:\\\/\\\/regiaonews.net.br\\\/2022\\\/2021\\\/06\\\/21\\\/acib-e-sincomercio-apresentam-live-legislacao-trabalhista-na-pandemia\\\/\",\"name\":\"ACIB e Sincomercio apresentam live: Legisla\u00e7\u00e3o Trabalhista na Pandemia - Regi\u00e3o News\",\"isPartOf\":{\"@id\":\"https:\\\/\\\/regiaonews.net.br\\\/2022\\\/#website\"},\"primaryImageOfPage\":{\"@id\":\"https:\\\/\\\/regiaonews.net.br\\\/2022\\\/2021\\\/06\\\/21\\\/acib-e-sincomercio-apresentam-live-legislacao-trabalhista-na-pandemia\\\/#primaryimage\"},\"image\":{\"@id\":\"https:\\\/\\\/regiaonews.net.br\\\/2022\\\/2021\\\/06\\\/21\\\/acib-e-sincomercio-apresentam-live-legislacao-trabalhista-na-pandemia\\\/#primaryimage\"},\"thumbnailUrl\":\"https:\\\/\\\/regiaonews.net.br\\\/2022\\\/wp-content\\\/uploads\\\/2020\\\/08\\\/carteira-de-trabalho.jpeg\",\"datePublished\":\"2021-06-21T21:14:26+00:00\",\"breadcrumb\":{\"@id\":\"https:\\\/\\\/regiaonews.net.br\\\/2022\\\/2021\\\/06\\\/21\\\/acib-e-sincomercio-apresentam-live-legislacao-trabalhista-na-pandemia\\\/#breadcrumb\"},\"inLanguage\":\"pt-BR\",\"potentialAction\":[{\"@type\":\"ReadAction\",\"target\":[\"https:\\\/\\\/regiaonews.net.br\\\/2022\\\/2021\\\/06\\\/21\\\/acib-e-sincomercio-apresentam-live-legislacao-trabalhista-na-pandemia\\\/\"]}]},{\"@type\":\"ImageObject\",\"inLanguage\":\"pt-BR\",\"@id\":\"https:\\\/\\\/regiaonews.net.br\\\/2022\\\/2021\\\/06\\\/21\\\/acib-e-sincomercio-apresentam-live-legislacao-trabalhista-na-pandemia\\\/#primaryimage\",\"url\":\"https:\\\/\\\/regiaonews.net.br\\\/2022\\\/wp-content\\\/uploads\\\/2020\\\/08\\\/carteira-de-trabalho.jpeg\",\"contentUrl\":\"https:\\\/\\\/regiaonews.net.br\\\/2022\\\/wp-content\\\/uploads\\\/2020\\\/08\\\/carteira-de-trabalho.jpeg\",\"width\":984,\"height\":819},{\"@type\":\"BreadcrumbList\",\"@id\":\"https:\\\/\\\/regiaonews.net.br\\\/2022\\\/2021\\\/06\\\/21\\\/acib-e-sincomercio-apresentam-live-legislacao-trabalhista-na-pandemia\\\/#breadcrumb\",\"itemListElement\":[{\"@type\":\"ListItem\",\"position\":1,\"name\":\"In\u00edcio\",\"item\":\"https:\\\/\\\/regiaonews.net.br\\\/2022\\\/\"},{\"@type\":\"ListItem\",\"position\":2,\"name\":\"ACIB e Sincomercio apresentam live: Legisla\u00e7\u00e3o Trabalhista na Pandemia\"}]},{\"@type\":\"WebSite\",\"@id\":\"https:\\\/\\\/regiaonews.net.br\\\/2022\\\/#website\",\"url\":\"https:\\\/\\\/regiaonews.net.br\\\/2022\\\/\",\"name\":\"Regi\u00e3o News\",\"description\":\"Site de Not\u00edcias de Barretos e regi\u00e3o\",\"publisher\":{\"@id\":\"https:\\\/\\\/regiaonews.net.br\\\/2022\\\/#organization\"},\"potentialAction\":[{\"@type\":\"SearchAction\",\"target\":{\"@type\":\"EntryPoint\",\"urlTemplate\":\"https:\\\/\\\/regiaonews.net.br\\\/2022\\\/?s={search_term_string}\"},\"query-input\":{\"@type\":\"PropertyValueSpecification\",\"valueRequired\":true,\"valueName\":\"search_term_string\"}}],\"inLanguage\":\"pt-BR\"},{\"@type\":\"Organization\",\"@id\":\"https:\\\/\\\/regiaonews.net.br\\\/2022\\\/#organization\",\"name\":\"Regi\u00e3o News\",\"url\":\"https:\\\/\\\/regiaonews.net.br\\\/2022\\\/\",\"logo\":{\"@type\":\"ImageObject\",\"inLanguage\":\"pt-BR\",\"@id\":\"https:\\\/\\\/regiaonews.net.br\\\/2022\\\/#\\\/schema\\\/logo\\\/image\\\/\",\"url\":\"https:\\\/\\\/regiaonews.net.br\\\/2022\\\/wp-content\\\/uploads\\\/2026\\\/03\\\/regiao-13-anos-scaled.jpg\",\"contentUrl\":\"https:\\\/\\\/regiaonews.net.br\\\/2022\\\/wp-content\\\/uploads\\\/2026\\\/03\\\/regiao-13-anos-scaled.jpg\",\"width\":2560,\"height\":635,\"caption\":\"Regi\u00e3o News\"},\"image\":{\"@id\":\"https:\\\/\\\/regiaonews.net.br\\\/2022\\\/#\\\/schema\\\/logo\\\/image\\\/\"}},{\"@type\":\"Person\",\"@id\":\"https:\\\/\\\/regiaonews.net.br\\\/2022\\\/#\\\/schema\\\/person\\\/2d205a608a5aa97ac279d7a5e6d89ad8\",\"name\":\"Roberto\",\"image\":{\"@type\":\"ImageObject\",\"inLanguage\":\"pt-BR\",\"@id\":\"https:\\\/\\\/secure.gravatar.com\\\/avatar\\\/42749d8b712ff9d59ca93dc150494e5b55a44134482993f5baeb97e61b7ecc89?s=96&d=mm&r=g\",\"url\":\"https:\\\/\\\/secure.gravatar.com\\\/avatar\\\/42749d8b712ff9d59ca93dc150494e5b55a44134482993f5baeb97e61b7ecc89?s=96&d=mm&r=g\",\"contentUrl\":\"https:\\\/\\\/secure.gravatar.com\\\/avatar\\\/42749d8b712ff9d59ca93dc150494e5b55a44134482993f5baeb97e61b7ecc89?s=96&d=mm&r=g\",\"caption\":\"Roberto\"},\"url\":\"https:\\\/\\\/regiaonews.net.br\\\/2022\\\/author\\\/roberto\\\/\"}]}<\/script>\n<!-- \/ Yoast SEO plugin. -->","yoast_head_json":{"title":"ACIB e Sincomercio apresentam live: Legisla\u00e7\u00e3o Trabalhista na Pandemia - Regi\u00e3o News","robots":{"index":"index","follow":"follow","max-snippet":"max-snippet:-1","max-image-preview":"max-image-preview:large","max-video-preview":"max-video-preview:-1"},"canonical":"https:\/\/regiaonews.net.br\/2022\/2021\/06\/21\/acib-e-sincomercio-apresentam-live-legislacao-trabalhista-na-pandemia\/","og_locale":"pt_BR","og_type":"article","og_title":"ACIB e Sincomercio apresentam live: Legisla\u00e7\u00e3o Trabalhista na Pandemia - Regi\u00e3o News","og_description":"A ACIB \u2013 Associa\u00e7\u00e3o Comercial e Industrial de Barretos e","og_url":"https:\/\/regiaonews.net.br\/2022\/2021\/06\/21\/acib-e-sincomercio-apresentam-live-legislacao-trabalhista-na-pandemia\/","og_site_name":"Regi\u00e3o News","article_published_time":"2021-06-21T21:14:26+00:00","og_image":[{"width":984,"height":819,"url":"https:\/\/regiaonews.net.br\/2022\/wp-content\/uploads\/2020\/08\/carteira-de-trabalho.jpeg","type":"image\/jpeg"}],"author":"Roberto","twitter_card":"summary_large_image","twitter_misc":{"Escrito por":"Roberto","Est. tempo de leitura":"1 minuto"},"schema":{"@context":"https:\/\/schema.org","@graph":[{"@type":"Article","@id":"https:\/\/regiaonews.net.br\/2022\/2021\/06\/21\/acib-e-sincomercio-apresentam-live-legislacao-trabalhista-na-pandemia\/#article","isPartOf":{"@id":"https:\/\/regiaonews.net.br\/2022\/2021\/06\/21\/acib-e-sincomercio-apresentam-live-legislacao-trabalhista-na-pandemia\/"},"author":{"name":"Roberto","@id":"https:\/\/regiaonews.net.br\/2022\/#\/schema\/person\/2d205a608a5aa97ac279d7a5e6d89ad8"},"headline":"ACIB e Sincomercio apresentam live: Legisla\u00e7\u00e3o Trabalhista na Pandemia","datePublished":"2021-06-21T21:14:26+00:00","mainEntityOfPage":{"@id":"https:\/\/regiaonews.net.br\/2022\/2021\/06\/21\/acib-e-sincomercio-apresentam-live-legislacao-trabalhista-na-pandemia\/"},"wordCount":240,"commentCount":0,"publisher":{"@id":"https:\/\/regiaonews.net.br\/2022\/#organization"},"image":{"@id":"https:\/\/regiaonews.net.br\/2022\/2021\/06\/21\/acib-e-sincomercio-apresentam-live-legislacao-trabalhista-na-pandemia\/#primaryimage"},"thumbnailUrl":"https:\/\/regiaonews.net.br\/2022\/wp-content\/uploads\/2020\/08\/carteira-de-trabalho.jpeg","articleSection":["Barretos","Cidades"],"inLanguage":"pt-BR","potentialAction":[{"@type":"CommentAction","name":"Comment","target":["https:\/\/regiaonews.net.br\/2022\/2021\/06\/21\/acib-e-sincomercio-apresentam-live-legislacao-trabalhista-na-pandemia\/#respond"]}]},{"@type":"WebPage","@id":"https:\/\/regiaonews.net.br\/2022\/2021\/06\/21\/acib-e-sincomercio-apresentam-live-legislacao-trabalhista-na-pandemia\/","url":"https:\/\/regiaonews.net.br\/2022\/2021\/06\/21\/acib-e-sincomercio-apresentam-live-legislacao-trabalhista-na-pandemia\/","name":"ACIB e Sincomercio apresentam live: Legisla\u00e7\u00e3o Trabalhista na Pandemia - Regi\u00e3o News","isPartOf":{"@id":"https:\/\/regiaonews.net.br\/2022\/#website"},"primaryImageOfPage":{"@id":"https:\/\/regiaonews.net.br\/2022\/2021\/06\/21\/acib-e-sincomercio-apresentam-live-legislacao-trabalhista-na-pandemia\/#primaryimage"},"image":{"@id":"https:\/\/regiaonews.net.br\/2022\/2021\/06\/21\/acib-e-sincomercio-apresentam-live-legislacao-trabalhista-na-pandemia\/#primaryimage"},"thumbnailUrl":"https:\/\/regiaonews.net.br\/2022\/wp-content\/uploads\/2020\/08\/carteira-de-trabalho.jpeg","datePublished":"2021-06-21T21:14:26+00:00","breadcrumb":{"@id":"https:\/\/regiaonews.net.br\/2022\/2021\/06\/21\/acib-e-sincomercio-apresentam-live-legislacao-trabalhista-na-pandemia\/#breadcrumb"},"inLanguage":"pt-BR","potentialAction":[{"@type":"ReadAction","target":["https:\/\/regiaonews.net.br\/2022\/2021\/06\/21\/acib-e-sincomercio-apresentam-live-legislacao-trabalhista-na-pandemia\/"]}]},{"@type":"ImageObject","inLanguage":"pt-BR","@id":"https:\/\/regiaonews.net.br\/2022\/2021\/06\/21\/acib-e-sincomercio-apresentam-live-legislacao-trabalhista-na-pandemia\/#primaryimage","url":"https:\/\/regiaonews.net.br\/2022\/wp-content\/uploads\/2020\/08\/carteira-de-trabalho.jpeg","contentUrl":"https:\/\/regiaonews.net.br\/2022\/wp-content\/uploads\/2020\/08\/carteira-de-trabalho.jpeg","width":984,"height":819},{"@type":"BreadcrumbList","@id":"https:\/\/regiaonews.net.br\/2022\/2021\/06\/21\/acib-e-sincomercio-apresentam-live-legislacao-trabalhista-na-pandemia\/#breadcrumb","itemListElement":[{"@type":"ListItem","position":1,"name":"In\u00edcio","item":"https:\/\/regiaonews.net.br\/2022\/"},{"@type":"ListItem","position":2,"name":"ACIB e Sincomercio apresentam live: Legisla\u00e7\u00e3o Trabalhista na Pandemia"}]},{"@type":"WebSite","@id":"https:\/\/regiaonews.net.br\/2022\/#website","url":"https:\/\/regiaonews.net.br\/2022\/","name":"Regi\u00e3o News","description":"Site de Not\u00edcias de Barretos e regi\u00e3o","publisher":{"@id":"https:\/\/regiaonews.net.br\/2022\/#organization"},"potentialAction":[{"@type":"SearchAction","target":{"@type":"EntryPoint","urlTemplate":"https:\/\/regiaonews.net.br\/2022\/?s={search_term_string}"},"query-input":{"@type":"PropertyValueSpecification","valueRequired":true,"valueName":"search_term_string"}}],"inLanguage":"pt-BR"},{"@type":"Organization","@id":"https:\/\/regiaonews.net.br\/2022\/#organization","name":"Regi\u00e3o News","url":"https:\/\/regiaonews.net.br\/2022\/","logo":{"@type":"ImageObject","inLanguage":"pt-BR","@id":"https:\/\/regiaonews.net.br\/2022\/#\/schema\/logo\/image\/","url":"https:\/\/regiaonews.net.br\/2022\/wp-content\/uploads\/2026\/03\/regiao-13-anos-scaled.jpg","contentUrl":"https:\/\/regiaonews.net.br\/2022\/wp-content\/uploads\/2026\/03\/regiao-13-anos-scaled.jpg","width":2560,"height":635,"caption":"Regi\u00e3o News"},"image":{"@id":"https:\/\/regiaonews.net.br\/2022\/#\/schema\/logo\/image\/"}},{"@type":"Person","@id":"https:\/\/regiaonews.net.br\/2022\/#\/schema\/person\/2d205a608a5aa97ac279d7a5e6d89ad8","name":"Roberto","image":{"@type":"ImageObject","inLanguage":"pt-BR","@id":"https:\/\/secure.gravatar.com\/avatar\/42749d8b712ff9d59ca93dc150494e5b55a44134482993f5baeb97e61b7ecc89?s=96&d=mm&r=g","url":"https:\/\/secure.gravatar.com\/avatar\/42749d8b712ff9d59ca93dc150494e5b55a44134482993f5baeb97e61b7ecc89?s=96&d=mm&r=g","contentUrl":"https:\/\/secure.gravatar.com\/avatar\/42749d8b712ff9d59ca93dc150494e5b55a44134482993f5baeb97e61b7ecc89?s=96&d=mm&r=g","caption":"Roberto"},"url":"https:\/\/regiaonews.net.br\/2022\/author\/roberto\/"}]}},"publishpress_future_action":{"enabled":false,"date":"2026-05-03 05:49:45","action":"change-status","newStatus":"draft","terms":[],"taxonomy":"category","extraData":[]},"publishpress_future_workflow_manual_trigger":{"enabledWorkflows":[]},"_links":{"self":[{"href":"https:\/\/regiaonews.net.br\/2022\/wp-json\/wp\/v2\/posts\/48992","targetHints":{"allow":["GET"]}}],"collection":[{"href":"https:\/\/regiaonews.net.br\/2022\/wp-json\/wp\/v2\/posts"}],"about":[{"href":"https:\/\/regiaonews.net.br\/2022\/wp-json\/wp\/v2\/types\/post"}],"author":[{"embeddable":true,"href":"https:\/\/regiaonews.net.br\/2022\/wp-json\/wp\/v2\/users\/2"}],"replies":[{"embeddable":true,"href":"https:\/\/regiaonews.net.br\/2022\/wp-json\/wp\/v2\/comments?post=48992"}],"version-history":[{"count":0,"href":"https:\/\/regiaonews.net.br\/2022\/wp-json\/wp\/v2\/posts\/48992\/revisions"}],"wp:featuredmedia":[{"embeddable":true,"href":"https:\/\/regiaonews.net.br\/2022\/wp-json\/wp\/v2\/media\/36409"}],"wp:attachment":[{"href":"https:\/\/regiaonews.net.br\/2022\/wp-json\/wp\/v2\/media?parent=48992"}],"wp:term":[{"taxonomy":"category","embeddable":true,"href":"https:\/\/regiaonews.net.br\/2022\/wp-json\/wp\/v2\/categories?post=48992"},{"taxonomy":"post_tag","embeddable":true,"href":"https:\/\/regiaonews.net.br\/2022\/wp-json\/wp\/v2\/tags?post=48992"}],"curies":[{"name":"wp","href":"https:\/\/api.w.org\/{rel}","templated":true}]}}