{"id":48968,"date":"2021-06-21T14:58:13","date_gmt":"2021-06-21T17:58:13","guid":{"rendered":"https:\/\/regiaonews.net.br\/2022\/?p=48968"},"modified":"2021-06-21T14:58:13","modified_gmt":"2021-06-21T17:58:13","slug":"policia-ambiental-iniciou-operacao-huracan-ii","status":"publish","type":"post","link":"https:\/\/regiaonews.net.br\/2022\/2021\/06\/21\/policia-ambiental-iniciou-operacao-huracan-ii\/","title":{"rendered":"Pol\u00edcia Ambiental iniciou Opera\u00e7\u00e3o Huracan II"},"content":{"rendered":"<p><a href=\"https:\/\/regiaonews.net.br\/2022\/wp-content\/uploads\/2021\/06\/e79d261a-9e54-4032-9d0f-dc27cb8fa8be.jpg\"><img loading=\"lazy\" decoding=\"async\" class=\"alignnone size-medium wp-image-48969\" src=\"https:\/\/regiaonews.net.br\/2022\/wp-content\/uploads\/2021\/06\/e79d261a-9e54-4032-9d0f-dc27cb8fa8be-300x169.jpg\" alt=\"\" width=\"300\" height=\"169\" \/><\/a><br \/>\nFoto \u2013 Fiscaliza\u00e7\u00e3o ocorrida na primeira etapa<br \/>\nA Pol\u00edcia Militar Ambiental e Minist\u00e9rio P\u00fablico de S\u00e3o Paulo, por meio do Grupo de Atua\u00e7\u00e3o Especializada em Meio Ambiente (GAEMA), realizar\u00e3o em todo o Estado a fase dois da Opera\u00e7\u00e3o \u201cHuracan II\u201d, a partir desta segunda, dia 21 e se estende at\u00e9 o dia 23. A opera\u00e7\u00e3o ir\u00e1 empregar um efetivo de 1.200 policiais militares, promotores de justi\u00e7a e t\u00e9cnicos do GAEMA, e emprego de 430 viaturas e drones a opera\u00e7\u00e3o ter\u00e1 por objetivo refor\u00e7ar a preven\u00e7\u00e3o de queimadas e\/ou inc\u00eandios florestais, e consequentemente, a minimiza\u00e7\u00e3o dos impactos que estes acarretam no meio ambiente e na sa\u00fade p\u00fablica.<br \/>\nNesta segunda etapa as a\u00e7\u00f5es ser\u00e3o concentradas na refiscaliza\u00e7\u00e3o dos alvos da \u201cOpera\u00e7\u00e3o Huracan I\u201d, a fim de verificar a manuten\u00e7\u00e3o ou adequa\u00e7\u00e3o \u00e0 legisla\u00e7\u00e3o vigente das \u00e1reas irregulares, tamb\u00e9m ser\u00e3o os propriet\u00e1rios rurais orientados quanto \u00e0s medidas de preven\u00e7\u00e3o, a exemplo da manuten\u00e7\u00e3o dos aceiros nas planta\u00e7\u00f5es de cana-de-a\u00e7\u00facar. Tamb\u00e9m ser\u00e3o fiscalizadas as margens das rodovias, ferrovias, zonas de amortecimento de Unidades de Conserva\u00e7\u00e3o (UC) e outros pontos de vulnerabilidade para inc\u00eandios ser\u00e3o alvo do Minist\u00e9rio P\u00fablico e da Pol\u00edcia Ambiental.<br \/>\nDicas para evitar inc\u00eandios:<br \/>\n&#8211; N\u00e3o atire cigarros ou f\u00f3sforos \u00e0s margens de rodovias.<br \/>\n&#8211; N\u00e3o solte bal\u00f5es. Soltar bal\u00f5es \u00e9 crime previsto na Lei 9.605\/98.<br \/>\n&#8211; Evite acender fogueiras. N\u00e3o acenda fogueiras perto de matas e em dias de vento.<br \/>\n&#8211; N\u00e3o realize queimadas. Quando necess\u00e1rio aplicar em \u00e1reas agr\u00edcolas, conforme regulamenta\u00e7\u00e3o legal, solicite autoriza\u00e7\u00e3o pr\u00e9via \u00e0 CETESB.<br \/>\n&#8211; N\u00e3o solte fogos de artif\u00edcio pr\u00f3ximo \u00e0s \u00e1reas com vegeta\u00e7\u00e3o.<br \/>\n&#8211; N\u00e3o permita que crian\u00e7as fa\u00e7am uso de f\u00f3sforo, isqueiros ou materiais inflam\u00e1veis.<br \/>\n&#8211; N\u00e3o jogue lixo em terrenos baldios.<\/p>\n","protected":false},"excerpt":{"rendered":"<p>Foto \u2013 Fiscaliza\u00e7\u00e3o ocorrida na primeira etapa A Pol\u00edcia Militar<\/p>\n","protected":false},"author":2,"featured_media":48969,"comment_status":"open","ping_status":"open","sticky":false,"template":"","format":"standard","meta":{"footnotes":""},"categories":[25,7,23],"tags":[],"class_list":["post-48968","post","type-post","status-publish","format-standard","has-post-thumbnail","hentry","category-cidades","category-estado-de-sao-paulo","category-policia"],"yoast_head":"<!-- This site is optimized with the Yoast SEO plugin v27.4 - https:\/\/yoast.com\/product\/yoast-seo-wordpress\/ -->\n<title>Pol\u00edcia Ambiental iniciou Opera\u00e7\u00e3o Huracan II - Regi\u00e3o News<\/title>\n<meta name=\"robots\" content=\"index, follow, max-snippet:-1, max-image-preview:large, max-video-preview:-1\" \/>\n<link rel=\"canonical\" href=\"https:\/\/regiaonews.net.br\/2022\/2021\/06\/21\/policia-ambiental-iniciou-operacao-huracan-ii\/\" \/>\n<meta property=\"og:locale\" content=\"pt_BR\" \/>\n<meta property=\"og:type\" content=\"article\" \/>\n<meta property=\"og:title\" content=\"Pol\u00edcia Ambiental iniciou Opera\u00e7\u00e3o Huracan II - Regi\u00e3o News\" \/>\n<meta property=\"og:description\" content=\"Foto \u2013 Fiscaliza\u00e7\u00e3o ocorrida na primeira etapa A Pol\u00edcia Militar\" \/>\n<meta property=\"og:url\" content=\"https:\/\/regiaonews.net.br\/2022\/2021\/06\/21\/policia-ambiental-iniciou-operacao-huracan-ii\/\" \/>\n<meta property=\"og:site_name\" content=\"Regi\u00e3o News\" \/>\n<meta property=\"article:published_time\" content=\"2021-06-21T17:58:13+00:00\" \/>\n<meta property=\"og:image\" content=\"https:\/\/regiaonews.net.br\/2022\/wp-content\/uploads\/2021\/06\/e79d261a-9e54-4032-9d0f-dc27cb8fa8be.jpg\" \/>\n\t<meta property=\"og:image:width\" content=\"1280\" \/>\n\t<meta property=\"og:image:height\" content=\"720\" \/>\n\t<meta property=\"og:image:type\" content=\"image\/jpeg\" \/>\n<meta name=\"author\" content=\"Roberto\" \/>\n<meta name=\"twitter:card\" content=\"summary_large_image\" \/>\n<meta name=\"twitter:label1\" content=\"Escrito por\" \/>\n\t<meta name=\"twitter:data1\" content=\"Roberto\" \/>\n\t<meta name=\"twitter:label2\" content=\"Est. tempo de leitura\" \/>\n\t<meta name=\"twitter:data2\" content=\"2 minutos\" \/>\n<script type=\"application\/ld+json\" class=\"yoast-schema-graph\">{\"@context\":\"https:\\\/\\\/schema.org\",\"@graph\":[{\"@type\":\"Article\",\"@id\":\"https:\\\/\\\/regiaonews.net.br\\\/2022\\\/2021\\\/06\\\/21\\\/policia-ambiental-iniciou-operacao-huracan-ii\\\/#article\",\"isPartOf\":{\"@id\":\"https:\\\/\\\/regiaonews.net.br\\\/2022\\\/2021\\\/06\\\/21\\\/policia-ambiental-iniciou-operacao-huracan-ii\\\/\"},\"author\":{\"name\":\"Roberto\",\"@id\":\"https:\\\/\\\/regiaonews.net.br\\\/2022\\\/#\\\/schema\\\/person\\\/2d205a608a5aa97ac279d7a5e6d89ad8\"},\"headline\":\"Pol\u00edcia Ambiental iniciou Opera\u00e7\u00e3o Huracan II\",\"datePublished\":\"2021-06-21T17:58:13+00:00\",\"mainEntityOfPage\":{\"@id\":\"https:\\\/\\\/regiaonews.net.br\\\/2022\\\/2021\\\/06\\\/21\\\/policia-ambiental-iniciou-operacao-huracan-ii\\\/\"},\"wordCount\":341,\"commentCount\":0,\"publisher\":{\"@id\":\"https:\\\/\\\/regiaonews.net.br\\\/2022\\\/#organization\"},\"image\":{\"@id\":\"https:\\\/\\\/regiaonews.net.br\\\/2022\\\/2021\\\/06\\\/21\\\/policia-ambiental-iniciou-operacao-huracan-ii\\\/#primaryimage\"},\"thumbnailUrl\":\"https:\\\/\\\/regiaonews.net.br\\\/2022\\\/wp-content\\\/uploads\\\/2021\\\/06\\\/e79d261a-9e54-4032-9d0f-dc27cb8fa8be.jpg\",\"articleSection\":[\"Cidades\",\"Estado de S\u00e3o Paulo\",\"Policia\"],\"inLanguage\":\"pt-BR\",\"potentialAction\":[{\"@type\":\"CommentAction\",\"name\":\"Comment\",\"target\":[\"https:\\\/\\\/regiaonews.net.br\\\/2022\\\/2021\\\/06\\\/21\\\/policia-ambiental-iniciou-operacao-huracan-ii\\\/#respond\"]}]},{\"@type\":\"WebPage\",\"@id\":\"https:\\\/\\\/regiaonews.net.br\\\/2022\\\/2021\\\/06\\\/21\\\/policia-ambiental-iniciou-operacao-huracan-ii\\\/\",\"url\":\"https:\\\/\\\/regiaonews.net.br\\\/2022\\\/2021\\\/06\\\/21\\\/policia-ambiental-iniciou-operacao-huracan-ii\\\/\",\"name\":\"Pol\u00edcia Ambiental iniciou Opera\u00e7\u00e3o Huracan II - Regi\u00e3o News\",\"isPartOf\":{\"@id\":\"https:\\\/\\\/regiaonews.net.br\\\/2022\\\/#website\"},\"primaryImageOfPage\":{\"@id\":\"https:\\\/\\\/regiaonews.net.br\\\/2022\\\/2021\\\/06\\\/21\\\/policia-ambiental-iniciou-operacao-huracan-ii\\\/#primaryimage\"},\"image\":{\"@id\":\"https:\\\/\\\/regiaonews.net.br\\\/2022\\\/2021\\\/06\\\/21\\\/policia-ambiental-iniciou-operacao-huracan-ii\\\/#primaryimage\"},\"thumbnailUrl\":\"https:\\\/\\\/regiaonews.net.br\\\/2022\\\/wp-content\\\/uploads\\\/2021\\\/06\\\/e79d261a-9e54-4032-9d0f-dc27cb8fa8be.jpg\",\"datePublished\":\"2021-06-21T17:58:13+00:00\",\"breadcrumb\":{\"@id\":\"https:\\\/\\\/regiaonews.net.br\\\/2022\\\/2021\\\/06\\\/21\\\/policia-ambiental-iniciou-operacao-huracan-ii\\\/#breadcrumb\"},\"inLanguage\":\"pt-BR\",\"potentialAction\":[{\"@type\":\"ReadAction\",\"target\":[\"https:\\\/\\\/regiaonews.net.br\\\/2022\\\/2021\\\/06\\\/21\\\/policia-ambiental-iniciou-operacao-huracan-ii\\\/\"]}]},{\"@type\":\"ImageObject\",\"inLanguage\":\"pt-BR\",\"@id\":\"https:\\\/\\\/regiaonews.net.br\\\/2022\\\/2021\\\/06\\\/21\\\/policia-ambiental-iniciou-operacao-huracan-ii\\\/#primaryimage\",\"url\":\"https:\\\/\\\/regiaonews.net.br\\\/2022\\\/wp-content\\\/uploads\\\/2021\\\/06\\\/e79d261a-9e54-4032-9d0f-dc27cb8fa8be.jpg\",\"contentUrl\":\"https:\\\/\\\/regiaonews.net.br\\\/2022\\\/wp-content\\\/uploads\\\/2021\\\/06\\\/e79d261a-9e54-4032-9d0f-dc27cb8fa8be.jpg\",\"width\":1280,\"height\":720},{\"@type\":\"BreadcrumbList\",\"@id\":\"https:\\\/\\\/regiaonews.net.br\\\/2022\\\/2021\\\/06\\\/21\\\/policia-ambiental-iniciou-operacao-huracan-ii\\\/#breadcrumb\",\"itemListElement\":[{\"@type\":\"ListItem\",\"position\":1,\"name\":\"In\u00edcio\",\"item\":\"https:\\\/\\\/regiaonews.net.br\\\/2022\\\/\"},{\"@type\":\"ListItem\",\"position\":2,\"name\":\"Pol\u00edcia Ambiental iniciou Opera\u00e7\u00e3o Huracan II\"}]},{\"@type\":\"WebSite\",\"@id\":\"https:\\\/\\\/regiaonews.net.br\\\/2022\\\/#website\",\"url\":\"https:\\\/\\\/regiaonews.net.br\\\/2022\\\/\",\"name\":\"Regi\u00e3o News\",\"description\":\"Site de Not\u00edcias de Barretos e regi\u00e3o\",\"publisher\":{\"@id\":\"https:\\\/\\\/regiaonews.net.br\\\/2022\\\/#organization\"},\"potentialAction\":[{\"@type\":\"SearchAction\",\"target\":{\"@type\":\"EntryPoint\",\"urlTemplate\":\"https:\\\/\\\/regiaonews.net.br\\\/2022\\\/?s={search_term_string}\"},\"query-input\":{\"@type\":\"PropertyValueSpecification\",\"valueRequired\":true,\"valueName\":\"search_term_string\"}}],\"inLanguage\":\"pt-BR\"},{\"@type\":\"Organization\",\"@id\":\"https:\\\/\\\/regiaonews.net.br\\\/2022\\\/#organization\",\"name\":\"Regi\u00e3o News\",\"url\":\"https:\\\/\\\/regiaonews.net.br\\\/2022\\\/\",\"logo\":{\"@type\":\"ImageObject\",\"inLanguage\":\"pt-BR\",\"@id\":\"https:\\\/\\\/regiaonews.net.br\\\/2022\\\/#\\\/schema\\\/logo\\\/image\\\/\",\"url\":\"https:\\\/\\\/regiaonews.net.br\\\/2022\\\/wp-content\\\/uploads\\\/2026\\\/03\\\/regiao-13-anos-scaled.jpg\",\"contentUrl\":\"https:\\\/\\\/regiaonews.net.br\\\/2022\\\/wp-content\\\/uploads\\\/2026\\\/03\\\/regiao-13-anos-scaled.jpg\",\"width\":2560,\"height\":635,\"caption\":\"Regi\u00e3o News\"},\"image\":{\"@id\":\"https:\\\/\\\/regiaonews.net.br\\\/2022\\\/#\\\/schema\\\/logo\\\/image\\\/\"}},{\"@type\":\"Person\",\"@id\":\"https:\\\/\\\/regiaonews.net.br\\\/2022\\\/#\\\/schema\\\/person\\\/2d205a608a5aa97ac279d7a5e6d89ad8\",\"name\":\"Roberto\",\"image\":{\"@type\":\"ImageObject\",\"inLanguage\":\"pt-BR\",\"@id\":\"https:\\\/\\\/secure.gravatar.com\\\/avatar\\\/42749d8b712ff9d59ca93dc150494e5b55a44134482993f5baeb97e61b7ecc89?s=96&d=mm&r=g\",\"url\":\"https:\\\/\\\/secure.gravatar.com\\\/avatar\\\/42749d8b712ff9d59ca93dc150494e5b55a44134482993f5baeb97e61b7ecc89?s=96&d=mm&r=g\",\"contentUrl\":\"https:\\\/\\\/secure.gravatar.com\\\/avatar\\\/42749d8b712ff9d59ca93dc150494e5b55a44134482993f5baeb97e61b7ecc89?s=96&d=mm&r=g\",\"caption\":\"Roberto\"},\"url\":\"https:\\\/\\\/regiaonews.net.br\\\/2022\\\/author\\\/roberto\\\/\"}]}<\/script>\n<!-- \/ Yoast SEO plugin. -->","yoast_head_json":{"title":"Pol\u00edcia Ambiental iniciou Opera\u00e7\u00e3o Huracan II - Regi\u00e3o News","robots":{"index":"index","follow":"follow","max-snippet":"max-snippet:-1","max-image-preview":"max-image-preview:large","max-video-preview":"max-video-preview:-1"},"canonical":"https:\/\/regiaonews.net.br\/2022\/2021\/06\/21\/policia-ambiental-iniciou-operacao-huracan-ii\/","og_locale":"pt_BR","og_type":"article","og_title":"Pol\u00edcia Ambiental iniciou Opera\u00e7\u00e3o Huracan II - Regi\u00e3o News","og_description":"Foto \u2013 Fiscaliza\u00e7\u00e3o ocorrida na primeira etapa A Pol\u00edcia Militar","og_url":"https:\/\/regiaonews.net.br\/2022\/2021\/06\/21\/policia-ambiental-iniciou-operacao-huracan-ii\/","og_site_name":"Regi\u00e3o News","article_published_time":"2021-06-21T17:58:13+00:00","og_image":[{"width":1280,"height":720,"url":"https:\/\/regiaonews.net.br\/2022\/wp-content\/uploads\/2021\/06\/e79d261a-9e54-4032-9d0f-dc27cb8fa8be.jpg","type":"image\/jpeg"}],"author":"Roberto","twitter_card":"summary_large_image","twitter_misc":{"Escrito por":"Roberto","Est. tempo de leitura":"2 minutos"},"schema":{"@context":"https:\/\/schema.org","@graph":[{"@type":"Article","@id":"https:\/\/regiaonews.net.br\/2022\/2021\/06\/21\/policia-ambiental-iniciou-operacao-huracan-ii\/#article","isPartOf":{"@id":"https:\/\/regiaonews.net.br\/2022\/2021\/06\/21\/policia-ambiental-iniciou-operacao-huracan-ii\/"},"author":{"name":"Roberto","@id":"https:\/\/regiaonews.net.br\/2022\/#\/schema\/person\/2d205a608a5aa97ac279d7a5e6d89ad8"},"headline":"Pol\u00edcia Ambiental iniciou Opera\u00e7\u00e3o Huracan II","datePublished":"2021-06-21T17:58:13+00:00","mainEntityOfPage":{"@id":"https:\/\/regiaonews.net.br\/2022\/2021\/06\/21\/policia-ambiental-iniciou-operacao-huracan-ii\/"},"wordCount":341,"commentCount":0,"publisher":{"@id":"https:\/\/regiaonews.net.br\/2022\/#organization"},"image":{"@id":"https:\/\/regiaonews.net.br\/2022\/2021\/06\/21\/policia-ambiental-iniciou-operacao-huracan-ii\/#primaryimage"},"thumbnailUrl":"https:\/\/regiaonews.net.br\/2022\/wp-content\/uploads\/2021\/06\/e79d261a-9e54-4032-9d0f-dc27cb8fa8be.jpg","articleSection":["Cidades","Estado de S\u00e3o Paulo","Policia"],"inLanguage":"pt-BR","potentialAction":[{"@type":"CommentAction","name":"Comment","target":["https:\/\/regiaonews.net.br\/2022\/2021\/06\/21\/policia-ambiental-iniciou-operacao-huracan-ii\/#respond"]}]},{"@type":"WebPage","@id":"https:\/\/regiaonews.net.br\/2022\/2021\/06\/21\/policia-ambiental-iniciou-operacao-huracan-ii\/","url":"https:\/\/regiaonews.net.br\/2022\/2021\/06\/21\/policia-ambiental-iniciou-operacao-huracan-ii\/","name":"Pol\u00edcia Ambiental iniciou Opera\u00e7\u00e3o Huracan II - Regi\u00e3o News","isPartOf":{"@id":"https:\/\/regiaonews.net.br\/2022\/#website"},"primaryImageOfPage":{"@id":"https:\/\/regiaonews.net.br\/2022\/2021\/06\/21\/policia-ambiental-iniciou-operacao-huracan-ii\/#primaryimage"},"image":{"@id":"https:\/\/regiaonews.net.br\/2022\/2021\/06\/21\/policia-ambiental-iniciou-operacao-huracan-ii\/#primaryimage"},"thumbnailUrl":"https:\/\/regiaonews.net.br\/2022\/wp-content\/uploads\/2021\/06\/e79d261a-9e54-4032-9d0f-dc27cb8fa8be.jpg","datePublished":"2021-06-21T17:58:13+00:00","breadcrumb":{"@id":"https:\/\/regiaonews.net.br\/2022\/2021\/06\/21\/policia-ambiental-iniciou-operacao-huracan-ii\/#breadcrumb"},"inLanguage":"pt-BR","potentialAction":[{"@type":"ReadAction","target":["https:\/\/regiaonews.net.br\/2022\/2021\/06\/21\/policia-ambiental-iniciou-operacao-huracan-ii\/"]}]},{"@type":"ImageObject","inLanguage":"pt-BR","@id":"https:\/\/regiaonews.net.br\/2022\/2021\/06\/21\/policia-ambiental-iniciou-operacao-huracan-ii\/#primaryimage","url":"https:\/\/regiaonews.net.br\/2022\/wp-content\/uploads\/2021\/06\/e79d261a-9e54-4032-9d0f-dc27cb8fa8be.jpg","contentUrl":"https:\/\/regiaonews.net.br\/2022\/wp-content\/uploads\/2021\/06\/e79d261a-9e54-4032-9d0f-dc27cb8fa8be.jpg","width":1280,"height":720},{"@type":"BreadcrumbList","@id":"https:\/\/regiaonews.net.br\/2022\/2021\/06\/21\/policia-ambiental-iniciou-operacao-huracan-ii\/#breadcrumb","itemListElement":[{"@type":"ListItem","position":1,"name":"In\u00edcio","item":"https:\/\/regiaonews.net.br\/2022\/"},{"@type":"ListItem","position":2,"name":"Pol\u00edcia Ambiental iniciou Opera\u00e7\u00e3o Huracan II"}]},{"@type":"WebSite","@id":"https:\/\/regiaonews.net.br\/2022\/#website","url":"https:\/\/regiaonews.net.br\/2022\/","name":"Regi\u00e3o News","description":"Site de Not\u00edcias de Barretos e regi\u00e3o","publisher":{"@id":"https:\/\/regiaonews.net.br\/2022\/#organization"},"potentialAction":[{"@type":"SearchAction","target":{"@type":"EntryPoint","urlTemplate":"https:\/\/regiaonews.net.br\/2022\/?s={search_term_string}"},"query-input":{"@type":"PropertyValueSpecification","valueRequired":true,"valueName":"search_term_string"}}],"inLanguage":"pt-BR"},{"@type":"Organization","@id":"https:\/\/regiaonews.net.br\/2022\/#organization","name":"Regi\u00e3o News","url":"https:\/\/regiaonews.net.br\/2022\/","logo":{"@type":"ImageObject","inLanguage":"pt-BR","@id":"https:\/\/regiaonews.net.br\/2022\/#\/schema\/logo\/image\/","url":"https:\/\/regiaonews.net.br\/2022\/wp-content\/uploads\/2026\/03\/regiao-13-anos-scaled.jpg","contentUrl":"https:\/\/regiaonews.net.br\/2022\/wp-content\/uploads\/2026\/03\/regiao-13-anos-scaled.jpg","width":2560,"height":635,"caption":"Regi\u00e3o News"},"image":{"@id":"https:\/\/regiaonews.net.br\/2022\/#\/schema\/logo\/image\/"}},{"@type":"Person","@id":"https:\/\/regiaonews.net.br\/2022\/#\/schema\/person\/2d205a608a5aa97ac279d7a5e6d89ad8","name":"Roberto","image":{"@type":"ImageObject","inLanguage":"pt-BR","@id":"https:\/\/secure.gravatar.com\/avatar\/42749d8b712ff9d59ca93dc150494e5b55a44134482993f5baeb97e61b7ecc89?s=96&d=mm&r=g","url":"https:\/\/secure.gravatar.com\/avatar\/42749d8b712ff9d59ca93dc150494e5b55a44134482993f5baeb97e61b7ecc89?s=96&d=mm&r=g","contentUrl":"https:\/\/secure.gravatar.com\/avatar\/42749d8b712ff9d59ca93dc150494e5b55a44134482993f5baeb97e61b7ecc89?s=96&d=mm&r=g","caption":"Roberto"},"url":"https:\/\/regiaonews.net.br\/2022\/author\/roberto\/"}]}},"publishpress_future_action":{"enabled":false,"date":"2026-05-03 02:31:08","action":"change-status","newStatus":"draft","terms":[],"taxonomy":"category","extraData":[]},"publishpress_future_workflow_manual_trigger":{"enabledWorkflows":[]},"_links":{"self":[{"href":"https:\/\/regiaonews.net.br\/2022\/wp-json\/wp\/v2\/posts\/48968","targetHints":{"allow":["GET"]}}],"collection":[{"href":"https:\/\/regiaonews.net.br\/2022\/wp-json\/wp\/v2\/posts"}],"about":[{"href":"https:\/\/regiaonews.net.br\/2022\/wp-json\/wp\/v2\/types\/post"}],"author":[{"embeddable":true,"href":"https:\/\/regiaonews.net.br\/2022\/wp-json\/wp\/v2\/users\/2"}],"replies":[{"embeddable":true,"href":"https:\/\/regiaonews.net.br\/2022\/wp-json\/wp\/v2\/comments?post=48968"}],"version-history":[{"count":0,"href":"https:\/\/regiaonews.net.br\/2022\/wp-json\/wp\/v2\/posts\/48968\/revisions"}],"wp:featuredmedia":[{"embeddable":true,"href":"https:\/\/regiaonews.net.br\/2022\/wp-json\/wp\/v2\/media\/48969"}],"wp:attachment":[{"href":"https:\/\/regiaonews.net.br\/2022\/wp-json\/wp\/v2\/media?parent=48968"}],"wp:term":[{"taxonomy":"category","embeddable":true,"href":"https:\/\/regiaonews.net.br\/2022\/wp-json\/wp\/v2\/categories?post=48968"},{"taxonomy":"post_tag","embeddable":true,"href":"https:\/\/regiaonews.net.br\/2022\/wp-json\/wp\/v2\/tags?post=48968"}],"curies":[{"name":"wp","href":"https:\/\/api.w.org\/{rel}","templated":true}]}}