{"id":48835,"date":"2021-06-18T19:59:35","date_gmt":"2021-06-18T22:59:35","guid":{"rendered":"https:\/\/regiaonews.net.br\/2022\/?p=48835"},"modified":"2021-06-18T19:59:35","modified_gmt":"2021-06-18T22:59:35","slug":"forca-tarefa-ira-garantir-o-cumprimento-do-decreto-a-partir-de-sabado-19","status":"publish","type":"post","link":"https:\/\/regiaonews.net.br\/2022\/2021\/06\/18\/forca-tarefa-ira-garantir-o-cumprimento-do-decreto-a-partir-de-sabado-19\/","title":{"rendered":"For\u00e7a-tarefa ir\u00e1 garantir o cumprimento do decreto a partir de s\u00e1bado (19)"},"content":{"rendered":"<p><a href=\"https:\/\/regiaonews.net.br\/2022\/wp-content\/uploads\/2021\/06\/MON3563.jpg\"><img loading=\"lazy\" decoding=\"async\" class=\"alignnone size-medium wp-image-48836\" src=\"https:\/\/regiaonews.net.br\/2022\/wp-content\/uploads\/2021\/06\/MON3563-300x200.jpg\" alt=\"\" width=\"300\" height=\"200\" \/><\/a> <a href=\"https:\/\/regiaonews.net.br\/2022\/wp-content\/uploads\/2021\/06\/MON3545.jpg\"><img loading=\"lazy\" decoding=\"async\" class=\"alignnone size-medium wp-image-48837\" src=\"https:\/\/regiaonews.net.br\/2022\/wp-content\/uploads\/2021\/06\/MON3545-300x200.jpg\" alt=\"\" width=\"300\" height=\"200\" \/><\/a><\/p>\n<p>Foto &#8211; Andr\u00e9 Monteiro<\/p>\n<p>Durante a vig\u00eancia do decreto municipal, haver\u00e1 interdi\u00e7\u00e3o das entradas da cidade e fiscaliza\u00e7\u00e3o intensiva 24 horas<\/p>\n<p>Com o trabalho de uma for\u00e7a-tarefa, a Prefeitura de Barretos ir\u00e1 atuar para garantir que o decreto de medidas restritivas excepcionais, entre a meia-noite de sexta para s\u00e1bado (19) at\u00e9 a meia-noite de domingo para segunda (28), seja cumprido em sua totalidade.<br \/>\nO compromisso foi firmado durante uma reuni\u00e3o envolvendo os diversos setores que atuar\u00e3o na fiscaliza\u00e7\u00e3o e na autua\u00e7\u00e3o de poss\u00edveis descumprimentos do decreto. Al\u00e9m dos \u00f3rg\u00e3os vinculados \u00e0 Prefeitura, a Pol\u00edcia Militar tamb\u00e9m estar\u00e1 com efetivo ampliado.<br \/>\nHaver\u00e1 fiscaliza\u00e7\u00e3o durante 24 horas nas seguintes entradas da cidade: Vicinal Luiz Carlos Arutin, conhecida como entrada do Frigor\u00edfico, Avenida Engenheiro Necker Carvalho de Camargo (Avenida 7), Avenida 43 e a Vicinal Nadir Kenan, que liga a cidade ao Distrito de Alberto Moreira. Nesses locais ser\u00e3o fiscalizados todos os ve\u00edculos e pedestres saindo ou entrando na cidade.<br \/>\nTodas as demais entradas e sa\u00eddas da cidade ser\u00e3o totalmente interditadas por obst\u00e1culos que impe\u00e7am a passagem de ve\u00edculos. Al\u00e9m disso, a rodovi\u00e1ria n\u00e3o estar\u00e1 operando durante este per\u00edodo, sendo que as empresas de transporte rodovi\u00e1rio de passageiros foram comunicadas previamente.<br \/>\nA for\u00e7a-tarefa estar\u00e1 24 horas por dia fazendo rondas na zona rural e urbana do munic\u00edpio para garantir que as regras restritivas do decreto sejam cumpridas. Cidad\u00e3os que descumprirem o decreto ser\u00e3o multados.<br \/>\nD\u00favidas<br \/>\nTodo cidad\u00e3o poder\u00e1 entrar em contato com a Ouvidoria do Munic\u00edpio para tirar d\u00favidas a respeito de como proceder. O telefone \u00e9 (17) 3325-6332 ou pelo e-mail ouvidoria@barretos.sp.gov.br. Tamb\u00e9m h\u00e1 o celular de plant\u00e3o: (17) 99149-2745.<\/p>\n","protected":false},"excerpt":{"rendered":"<p>Foto &#8211; Andr\u00e9 Monteiro Durante a vig\u00eancia do decreto municipal,<\/p>\n","protected":false},"author":2,"featured_media":48837,"comment_status":"open","ping_status":"open","sticky":false,"template":"","format":"standard","meta":{"footnotes":""},"categories":[14,25,22],"tags":[],"class_list":["post-48835","post","type-post","status-publish","format-standard","has-post-thumbnail","hentry","category-barretos","category-cidades","category-politica"],"yoast_head":"<!-- This site is optimized with the Yoast SEO plugin v27.4 - https:\/\/yoast.com\/product\/yoast-seo-wordpress\/ -->\n<title>For\u00e7a-tarefa ir\u00e1 garantir o cumprimento do decreto a partir de s\u00e1bado (19) - Regi\u00e3o News<\/title>\n<meta name=\"robots\" content=\"index, follow, max-snippet:-1, max-image-preview:large, max-video-preview:-1\" \/>\n<link rel=\"canonical\" href=\"https:\/\/regiaonews.net.br\/2022\/2021\/06\/18\/forca-tarefa-ira-garantir-o-cumprimento-do-decreto-a-partir-de-sabado-19\/\" \/>\n<meta property=\"og:locale\" content=\"pt_BR\" \/>\n<meta property=\"og:type\" content=\"article\" \/>\n<meta property=\"og:title\" content=\"For\u00e7a-tarefa ir\u00e1 garantir o cumprimento do decreto a partir de s\u00e1bado (19) - Regi\u00e3o News\" \/>\n<meta property=\"og:description\" content=\"Foto &#8211; Andr\u00e9 Monteiro Durante a vig\u00eancia do decreto municipal,\" \/>\n<meta property=\"og:url\" content=\"https:\/\/regiaonews.net.br\/2022\/2021\/06\/18\/forca-tarefa-ira-garantir-o-cumprimento-do-decreto-a-partir-de-sabado-19\/\" \/>\n<meta property=\"og:site_name\" content=\"Regi\u00e3o News\" \/>\n<meta property=\"article:published_time\" content=\"2021-06-18T22:59:35+00:00\" \/>\n<meta property=\"og:image\" content=\"https:\/\/regiaonews.net.br\/2022\/wp-content\/uploads\/2021\/06\/MON3545.jpg\" \/>\n\t<meta property=\"og:image:width\" content=\"2000\" \/>\n\t<meta property=\"og:image:height\" content=\"1335\" \/>\n\t<meta property=\"og:image:type\" content=\"image\/jpeg\" \/>\n<meta name=\"author\" content=\"Roberto\" \/>\n<meta name=\"twitter:card\" content=\"summary_large_image\" \/>\n<meta name=\"twitter:label1\" content=\"Escrito por\" \/>\n\t<meta name=\"twitter:data1\" content=\"Roberto\" \/>\n\t<meta name=\"twitter:label2\" content=\"Est. tempo de leitura\" \/>\n\t<meta name=\"twitter:data2\" content=\"1 minuto\" \/>\n<script type=\"application\/ld+json\" class=\"yoast-schema-graph\">{\"@context\":\"https:\\\/\\\/schema.org\",\"@graph\":[{\"@type\":\"Article\",\"@id\":\"https:\\\/\\\/regiaonews.net.br\\\/2022\\\/2021\\\/06\\\/18\\\/forca-tarefa-ira-garantir-o-cumprimento-do-decreto-a-partir-de-sabado-19\\\/#article\",\"isPartOf\":{\"@id\":\"https:\\\/\\\/regiaonews.net.br\\\/2022\\\/2021\\\/06\\\/18\\\/forca-tarefa-ira-garantir-o-cumprimento-do-decreto-a-partir-de-sabado-19\\\/\"},\"author\":{\"name\":\"Roberto\",\"@id\":\"https:\\\/\\\/regiaonews.net.br\\\/2022\\\/#\\\/schema\\\/person\\\/2d205a608a5aa97ac279d7a5e6d89ad8\"},\"headline\":\"For\u00e7a-tarefa ir\u00e1 garantir o cumprimento do decreto a partir de s\u00e1bado (19)\",\"datePublished\":\"2021-06-18T22:59:35+00:00\",\"mainEntityOfPage\":{\"@id\":\"https:\\\/\\\/regiaonews.net.br\\\/2022\\\/2021\\\/06\\\/18\\\/forca-tarefa-ira-garantir-o-cumprimento-do-decreto-a-partir-de-sabado-19\\\/\"},\"wordCount\":312,\"commentCount\":0,\"publisher\":{\"@id\":\"https:\\\/\\\/regiaonews.net.br\\\/2022\\\/#organization\"},\"image\":{\"@id\":\"https:\\\/\\\/regiaonews.net.br\\\/2022\\\/2021\\\/06\\\/18\\\/forca-tarefa-ira-garantir-o-cumprimento-do-decreto-a-partir-de-sabado-19\\\/#primaryimage\"},\"thumbnailUrl\":\"https:\\\/\\\/regiaonews.net.br\\\/2022\\\/wp-content\\\/uploads\\\/2021\\\/06\\\/MON3545.jpg\",\"articleSection\":[\"Barretos\",\"Cidades\",\"Pol\u00edtica\"],\"inLanguage\":\"pt-BR\",\"potentialAction\":[{\"@type\":\"CommentAction\",\"name\":\"Comment\",\"target\":[\"https:\\\/\\\/regiaonews.net.br\\\/2022\\\/2021\\\/06\\\/18\\\/forca-tarefa-ira-garantir-o-cumprimento-do-decreto-a-partir-de-sabado-19\\\/#respond\"]}]},{\"@type\":\"WebPage\",\"@id\":\"https:\\\/\\\/regiaonews.net.br\\\/2022\\\/2021\\\/06\\\/18\\\/forca-tarefa-ira-garantir-o-cumprimento-do-decreto-a-partir-de-sabado-19\\\/\",\"url\":\"https:\\\/\\\/regiaonews.net.br\\\/2022\\\/2021\\\/06\\\/18\\\/forca-tarefa-ira-garantir-o-cumprimento-do-decreto-a-partir-de-sabado-19\\\/\",\"name\":\"For\u00e7a-tarefa ir\u00e1 garantir o cumprimento do decreto a partir de s\u00e1bado (19) - Regi\u00e3o News\",\"isPartOf\":{\"@id\":\"https:\\\/\\\/regiaonews.net.br\\\/2022\\\/#website\"},\"primaryImageOfPage\":{\"@id\":\"https:\\\/\\\/regiaonews.net.br\\\/2022\\\/2021\\\/06\\\/18\\\/forca-tarefa-ira-garantir-o-cumprimento-do-decreto-a-partir-de-sabado-19\\\/#primaryimage\"},\"image\":{\"@id\":\"https:\\\/\\\/regiaonews.net.br\\\/2022\\\/2021\\\/06\\\/18\\\/forca-tarefa-ira-garantir-o-cumprimento-do-decreto-a-partir-de-sabado-19\\\/#primaryimage\"},\"thumbnailUrl\":\"https:\\\/\\\/regiaonews.net.br\\\/2022\\\/wp-content\\\/uploads\\\/2021\\\/06\\\/MON3545.jpg\",\"datePublished\":\"2021-06-18T22:59:35+00:00\",\"breadcrumb\":{\"@id\":\"https:\\\/\\\/regiaonews.net.br\\\/2022\\\/2021\\\/06\\\/18\\\/forca-tarefa-ira-garantir-o-cumprimento-do-decreto-a-partir-de-sabado-19\\\/#breadcrumb\"},\"inLanguage\":\"pt-BR\",\"potentialAction\":[{\"@type\":\"ReadAction\",\"target\":[\"https:\\\/\\\/regiaonews.net.br\\\/2022\\\/2021\\\/06\\\/18\\\/forca-tarefa-ira-garantir-o-cumprimento-do-decreto-a-partir-de-sabado-19\\\/\"]}]},{\"@type\":\"ImageObject\",\"inLanguage\":\"pt-BR\",\"@id\":\"https:\\\/\\\/regiaonews.net.br\\\/2022\\\/2021\\\/06\\\/18\\\/forca-tarefa-ira-garantir-o-cumprimento-do-decreto-a-partir-de-sabado-19\\\/#primaryimage\",\"url\":\"https:\\\/\\\/regiaonews.net.br\\\/2022\\\/wp-content\\\/uploads\\\/2021\\\/06\\\/MON3545.jpg\",\"contentUrl\":\"https:\\\/\\\/regiaonews.net.br\\\/2022\\\/wp-content\\\/uploads\\\/2021\\\/06\\\/MON3545.jpg\",\"width\":2000,\"height\":1335},{\"@type\":\"BreadcrumbList\",\"@id\":\"https:\\\/\\\/regiaonews.net.br\\\/2022\\\/2021\\\/06\\\/18\\\/forca-tarefa-ira-garantir-o-cumprimento-do-decreto-a-partir-de-sabado-19\\\/#breadcrumb\",\"itemListElement\":[{\"@type\":\"ListItem\",\"position\":1,\"name\":\"In\u00edcio\",\"item\":\"https:\\\/\\\/regiaonews.net.br\\\/2022\\\/\"},{\"@type\":\"ListItem\",\"position\":2,\"name\":\"For\u00e7a-tarefa ir\u00e1 garantir o cumprimento do decreto a partir de s\u00e1bado (19)\"}]},{\"@type\":\"WebSite\",\"@id\":\"https:\\\/\\\/regiaonews.net.br\\\/2022\\\/#website\",\"url\":\"https:\\\/\\\/regiaonews.net.br\\\/2022\\\/\",\"name\":\"Regi\u00e3o News\",\"description\":\"Site de Not\u00edcias de Barretos e regi\u00e3o\",\"publisher\":{\"@id\":\"https:\\\/\\\/regiaonews.net.br\\\/2022\\\/#organization\"},\"potentialAction\":[{\"@type\":\"SearchAction\",\"target\":{\"@type\":\"EntryPoint\",\"urlTemplate\":\"https:\\\/\\\/regiaonews.net.br\\\/2022\\\/?s={search_term_string}\"},\"query-input\":{\"@type\":\"PropertyValueSpecification\",\"valueRequired\":true,\"valueName\":\"search_term_string\"}}],\"inLanguage\":\"pt-BR\"},{\"@type\":\"Organization\",\"@id\":\"https:\\\/\\\/regiaonews.net.br\\\/2022\\\/#organization\",\"name\":\"Regi\u00e3o News\",\"url\":\"https:\\\/\\\/regiaonews.net.br\\\/2022\\\/\",\"logo\":{\"@type\":\"ImageObject\",\"inLanguage\":\"pt-BR\",\"@id\":\"https:\\\/\\\/regiaonews.net.br\\\/2022\\\/#\\\/schema\\\/logo\\\/image\\\/\",\"url\":\"https:\\\/\\\/regiaonews.net.br\\\/2022\\\/wp-content\\\/uploads\\\/2026\\\/03\\\/regiao-13-anos-scaled.jpg\",\"contentUrl\":\"https:\\\/\\\/regiaonews.net.br\\\/2022\\\/wp-content\\\/uploads\\\/2026\\\/03\\\/regiao-13-anos-scaled.jpg\",\"width\":2560,\"height\":635,\"caption\":\"Regi\u00e3o News\"},\"image\":{\"@id\":\"https:\\\/\\\/regiaonews.net.br\\\/2022\\\/#\\\/schema\\\/logo\\\/image\\\/\"}},{\"@type\":\"Person\",\"@id\":\"https:\\\/\\\/regiaonews.net.br\\\/2022\\\/#\\\/schema\\\/person\\\/2d205a608a5aa97ac279d7a5e6d89ad8\",\"name\":\"Roberto\",\"image\":{\"@type\":\"ImageObject\",\"inLanguage\":\"pt-BR\",\"@id\":\"https:\\\/\\\/secure.gravatar.com\\\/avatar\\\/42749d8b712ff9d59ca93dc150494e5b55a44134482993f5baeb97e61b7ecc89?s=96&d=mm&r=g\",\"url\":\"https:\\\/\\\/secure.gravatar.com\\\/avatar\\\/42749d8b712ff9d59ca93dc150494e5b55a44134482993f5baeb97e61b7ecc89?s=96&d=mm&r=g\",\"contentUrl\":\"https:\\\/\\\/secure.gravatar.com\\\/avatar\\\/42749d8b712ff9d59ca93dc150494e5b55a44134482993f5baeb97e61b7ecc89?s=96&d=mm&r=g\",\"caption\":\"Roberto\"},\"url\":\"https:\\\/\\\/regiaonews.net.br\\\/2022\\\/author\\\/roberto\\\/\"}]}<\/script>\n<!-- \/ Yoast SEO plugin. -->","yoast_head_json":{"title":"For\u00e7a-tarefa ir\u00e1 garantir o cumprimento do decreto a partir de s\u00e1bado (19) - Regi\u00e3o News","robots":{"index":"index","follow":"follow","max-snippet":"max-snippet:-1","max-image-preview":"max-image-preview:large","max-video-preview":"max-video-preview:-1"},"canonical":"https:\/\/regiaonews.net.br\/2022\/2021\/06\/18\/forca-tarefa-ira-garantir-o-cumprimento-do-decreto-a-partir-de-sabado-19\/","og_locale":"pt_BR","og_type":"article","og_title":"For\u00e7a-tarefa ir\u00e1 garantir o cumprimento do decreto a partir de s\u00e1bado (19) - Regi\u00e3o News","og_description":"Foto &#8211; Andr\u00e9 Monteiro Durante a vig\u00eancia do decreto municipal,","og_url":"https:\/\/regiaonews.net.br\/2022\/2021\/06\/18\/forca-tarefa-ira-garantir-o-cumprimento-do-decreto-a-partir-de-sabado-19\/","og_site_name":"Regi\u00e3o News","article_published_time":"2021-06-18T22:59:35+00:00","og_image":[{"width":2000,"height":1335,"url":"https:\/\/regiaonews.net.br\/2022\/wp-content\/uploads\/2021\/06\/MON3545.jpg","type":"image\/jpeg"}],"author":"Roberto","twitter_card":"summary_large_image","twitter_misc":{"Escrito por":"Roberto","Est. tempo de leitura":"1 minuto"},"schema":{"@context":"https:\/\/schema.org","@graph":[{"@type":"Article","@id":"https:\/\/regiaonews.net.br\/2022\/2021\/06\/18\/forca-tarefa-ira-garantir-o-cumprimento-do-decreto-a-partir-de-sabado-19\/#article","isPartOf":{"@id":"https:\/\/regiaonews.net.br\/2022\/2021\/06\/18\/forca-tarefa-ira-garantir-o-cumprimento-do-decreto-a-partir-de-sabado-19\/"},"author":{"name":"Roberto","@id":"https:\/\/regiaonews.net.br\/2022\/#\/schema\/person\/2d205a608a5aa97ac279d7a5e6d89ad8"},"headline":"For\u00e7a-tarefa ir\u00e1 garantir o cumprimento do decreto a partir de s\u00e1bado (19)","datePublished":"2021-06-18T22:59:35+00:00","mainEntityOfPage":{"@id":"https:\/\/regiaonews.net.br\/2022\/2021\/06\/18\/forca-tarefa-ira-garantir-o-cumprimento-do-decreto-a-partir-de-sabado-19\/"},"wordCount":312,"commentCount":0,"publisher":{"@id":"https:\/\/regiaonews.net.br\/2022\/#organization"},"image":{"@id":"https:\/\/regiaonews.net.br\/2022\/2021\/06\/18\/forca-tarefa-ira-garantir-o-cumprimento-do-decreto-a-partir-de-sabado-19\/#primaryimage"},"thumbnailUrl":"https:\/\/regiaonews.net.br\/2022\/wp-content\/uploads\/2021\/06\/MON3545.jpg","articleSection":["Barretos","Cidades","Pol\u00edtica"],"inLanguage":"pt-BR","potentialAction":[{"@type":"CommentAction","name":"Comment","target":["https:\/\/regiaonews.net.br\/2022\/2021\/06\/18\/forca-tarefa-ira-garantir-o-cumprimento-do-decreto-a-partir-de-sabado-19\/#respond"]}]},{"@type":"WebPage","@id":"https:\/\/regiaonews.net.br\/2022\/2021\/06\/18\/forca-tarefa-ira-garantir-o-cumprimento-do-decreto-a-partir-de-sabado-19\/","url":"https:\/\/regiaonews.net.br\/2022\/2021\/06\/18\/forca-tarefa-ira-garantir-o-cumprimento-do-decreto-a-partir-de-sabado-19\/","name":"For\u00e7a-tarefa ir\u00e1 garantir o cumprimento do decreto a partir de s\u00e1bado (19) - Regi\u00e3o News","isPartOf":{"@id":"https:\/\/regiaonews.net.br\/2022\/#website"},"primaryImageOfPage":{"@id":"https:\/\/regiaonews.net.br\/2022\/2021\/06\/18\/forca-tarefa-ira-garantir-o-cumprimento-do-decreto-a-partir-de-sabado-19\/#primaryimage"},"image":{"@id":"https:\/\/regiaonews.net.br\/2022\/2021\/06\/18\/forca-tarefa-ira-garantir-o-cumprimento-do-decreto-a-partir-de-sabado-19\/#primaryimage"},"thumbnailUrl":"https:\/\/regiaonews.net.br\/2022\/wp-content\/uploads\/2021\/06\/MON3545.jpg","datePublished":"2021-06-18T22:59:35+00:00","breadcrumb":{"@id":"https:\/\/regiaonews.net.br\/2022\/2021\/06\/18\/forca-tarefa-ira-garantir-o-cumprimento-do-decreto-a-partir-de-sabado-19\/#breadcrumb"},"inLanguage":"pt-BR","potentialAction":[{"@type":"ReadAction","target":["https:\/\/regiaonews.net.br\/2022\/2021\/06\/18\/forca-tarefa-ira-garantir-o-cumprimento-do-decreto-a-partir-de-sabado-19\/"]}]},{"@type":"ImageObject","inLanguage":"pt-BR","@id":"https:\/\/regiaonews.net.br\/2022\/2021\/06\/18\/forca-tarefa-ira-garantir-o-cumprimento-do-decreto-a-partir-de-sabado-19\/#primaryimage","url":"https:\/\/regiaonews.net.br\/2022\/wp-content\/uploads\/2021\/06\/MON3545.jpg","contentUrl":"https:\/\/regiaonews.net.br\/2022\/wp-content\/uploads\/2021\/06\/MON3545.jpg","width":2000,"height":1335},{"@type":"BreadcrumbList","@id":"https:\/\/regiaonews.net.br\/2022\/2021\/06\/18\/forca-tarefa-ira-garantir-o-cumprimento-do-decreto-a-partir-de-sabado-19\/#breadcrumb","itemListElement":[{"@type":"ListItem","position":1,"name":"In\u00edcio","item":"https:\/\/regiaonews.net.br\/2022\/"},{"@type":"ListItem","position":2,"name":"For\u00e7a-tarefa ir\u00e1 garantir o cumprimento do decreto a partir de s\u00e1bado (19)"}]},{"@type":"WebSite","@id":"https:\/\/regiaonews.net.br\/2022\/#website","url":"https:\/\/regiaonews.net.br\/2022\/","name":"Regi\u00e3o News","description":"Site de Not\u00edcias de Barretos e regi\u00e3o","publisher":{"@id":"https:\/\/regiaonews.net.br\/2022\/#organization"},"potentialAction":[{"@type":"SearchAction","target":{"@type":"EntryPoint","urlTemplate":"https:\/\/regiaonews.net.br\/2022\/?s={search_term_string}"},"query-input":{"@type":"PropertyValueSpecification","valueRequired":true,"valueName":"search_term_string"}}],"inLanguage":"pt-BR"},{"@type":"Organization","@id":"https:\/\/regiaonews.net.br\/2022\/#organization","name":"Regi\u00e3o News","url":"https:\/\/regiaonews.net.br\/2022\/","logo":{"@type":"ImageObject","inLanguage":"pt-BR","@id":"https:\/\/regiaonews.net.br\/2022\/#\/schema\/logo\/image\/","url":"https:\/\/regiaonews.net.br\/2022\/wp-content\/uploads\/2026\/03\/regiao-13-anos-scaled.jpg","contentUrl":"https:\/\/regiaonews.net.br\/2022\/wp-content\/uploads\/2026\/03\/regiao-13-anos-scaled.jpg","width":2560,"height":635,"caption":"Regi\u00e3o News"},"image":{"@id":"https:\/\/regiaonews.net.br\/2022\/#\/schema\/logo\/image\/"}},{"@type":"Person","@id":"https:\/\/regiaonews.net.br\/2022\/#\/schema\/person\/2d205a608a5aa97ac279d7a5e6d89ad8","name":"Roberto","image":{"@type":"ImageObject","inLanguage":"pt-BR","@id":"https:\/\/secure.gravatar.com\/avatar\/42749d8b712ff9d59ca93dc150494e5b55a44134482993f5baeb97e61b7ecc89?s=96&d=mm&r=g","url":"https:\/\/secure.gravatar.com\/avatar\/42749d8b712ff9d59ca93dc150494e5b55a44134482993f5baeb97e61b7ecc89?s=96&d=mm&r=g","contentUrl":"https:\/\/secure.gravatar.com\/avatar\/42749d8b712ff9d59ca93dc150494e5b55a44134482993f5baeb97e61b7ecc89?s=96&d=mm&r=g","caption":"Roberto"},"url":"https:\/\/regiaonews.net.br\/2022\/author\/roberto\/"}]}},"publishpress_future_action":{"enabled":false,"date":"2026-05-03 04:24:07","action":"change-status","newStatus":"draft","terms":[],"taxonomy":"category","extraData":[]},"publishpress_future_workflow_manual_trigger":{"enabledWorkflows":[]},"_links":{"self":[{"href":"https:\/\/regiaonews.net.br\/2022\/wp-json\/wp\/v2\/posts\/48835","targetHints":{"allow":["GET"]}}],"collection":[{"href":"https:\/\/regiaonews.net.br\/2022\/wp-json\/wp\/v2\/posts"}],"about":[{"href":"https:\/\/regiaonews.net.br\/2022\/wp-json\/wp\/v2\/types\/post"}],"author":[{"embeddable":true,"href":"https:\/\/regiaonews.net.br\/2022\/wp-json\/wp\/v2\/users\/2"}],"replies":[{"embeddable":true,"href":"https:\/\/regiaonews.net.br\/2022\/wp-json\/wp\/v2\/comments?post=48835"}],"version-history":[{"count":0,"href":"https:\/\/regiaonews.net.br\/2022\/wp-json\/wp\/v2\/posts\/48835\/revisions"}],"wp:featuredmedia":[{"embeddable":true,"href":"https:\/\/regiaonews.net.br\/2022\/wp-json\/wp\/v2\/media\/48837"}],"wp:attachment":[{"href":"https:\/\/regiaonews.net.br\/2022\/wp-json\/wp\/v2\/media?parent=48835"}],"wp:term":[{"taxonomy":"category","embeddable":true,"href":"https:\/\/regiaonews.net.br\/2022\/wp-json\/wp\/v2\/categories?post=48835"},{"taxonomy":"post_tag","embeddable":true,"href":"https:\/\/regiaonews.net.br\/2022\/wp-json\/wp\/v2\/tags?post=48835"}],"curies":[{"name":"wp","href":"https:\/\/api.w.org\/{rel}","templated":true}]}}