{"id":48804,"date":"2021-06-18T07:14:17","date_gmt":"2021-06-18T10:14:17","guid":{"rendered":"https:\/\/regiaonews.net.br\/2022\/?p=48804"},"modified":"2021-06-18T07:14:17","modified_gmt":"2021-06-18T10:14:17","slug":"camara-aprova-projeto-que-amplia-categorias-prioritarias-na-vacinacao","status":"publish","type":"post","link":"https:\/\/regiaonews.net.br\/2022\/2021\/06\/18\/camara-aprova-projeto-que-amplia-categorias-prioritarias-na-vacinacao\/","title":{"rendered":"C\u00e2mara aprova projeto que amplia categorias priorit\u00e1rias na vacina\u00e7\u00e3o"},"content":{"rendered":"<figure id=\"attachment_48805\" aria-describedby=\"caption-attachment-48805\" style=\"width: 300px\" class=\"wp-caption alignnone\"><a href=\"https:\/\/regiaonews.net.br\/2022\/wp-content\/uploads\/2021\/06\/vacina_sp_210520211170_0.jpg\"><img loading=\"lazy\" decoding=\"async\" class=\"size-medium wp-image-48805\" src=\"https:\/\/regiaonews.net.br\/2022\/wp-content\/uploads\/2021\/06\/vacina_sp_210520211170_0-300x179.jpg\" alt=\"\" width=\"300\" height=\"179\" \/><\/a><figcaption id=\"caption-attachment-48805\" class=\"wp-caption-text\">S\u00e3o Paulo &#8211; Posto drive-thru para vacina\u00e7\u00e3o contra a COVID-19 montado no Memorial da Am\u00e9rica Latina.<\/figcaption><\/figure>\n<div class=\"post-item alt-font\">\n<div class=\"post-item-wrap\">\n<p>C\u00e2mara dos Deputados concluiu, hoje (17), a vota\u00e7\u00e3o do\u00a0<a href=\"https:\/\/www.camara.leg.br\/proposicoesWeb\/prop_mostrarintegra?codteor=1870382\" target=\"_blank\" rel=\"noopener\">Projeto de Lei (PL) 1011\/20<\/a>, estabelecendo prioridade de grupos no plano de vacina\u00e7\u00e3o contra a covid-19. O texto-base, aprovado em mar\u00e7o, estabelecia prioridade para 16 grupos, mas na vota\u00e7\u00e3o desta quinta-feira (17) foram inclu\u00eddos os banc\u00e1rios, as empregadas dom\u00e9sticas e os motoristas de aplicativos. A proposta segue agora para an\u00e1lise do Senado.<img decoding=\"async\" src=\"https:\/\/agenciabrasil.ebc.com.br\/ebc.png?id=1412902&amp;o=node\" \/><img decoding=\"async\" src=\"https:\/\/agenciabrasil.ebc.com.br\/ebc.gif?id=1412902&amp;o=node\" \/><\/p>\n<p>O texto original, do deputado Vicentinho J\u00fanior (PL-TO) e outros, inclu\u00eda nos grupos priorit\u00e1rios os caminhoneiros aut\u00f4nomos e profissionais do transporte de cargas e mercadorias, mas foi alterado pela relatora deputada Celina Le\u00e3o (PP-DF) para abranger mais categorias.<\/p>\n<p>O projeto aprovado tem como\u00a0grupos priorit\u00e1rios para vacina\u00e7\u00e3o contra a covid-19 os profissionais de sa\u00fade; os idosos; as pessoas com defici\u00eancia e com doen\u00e7as cr\u00f4nicas e as que tiveram embolia pulmonar; os povos ind\u00edgenas; os caminhoneiros e demais motoristas de transporte rodovi\u00e1rio de cargas; os trabalhadores de transporte coletivo rodovi\u00e1rio e metrovi\u00e1rio; os trabalhadores de transporte aquavi\u00e1rio de cargas e passageiros; os agentes de seguran\u00e7a p\u00fablica e privada; os trabalhadores do Sistema \u00danico de Assist\u00eancia Social e das entidades e organiza\u00e7\u00f5es de assist\u00eancia social, bem como dos conselheiros tutelares; os trabalhadores da educa\u00e7\u00e3o do Ensino B\u00e1sico; os coveiros e agentes funer\u00e1rios; os taxistas e os mototaxistas; os profissionais que trabalham em farm\u00e1cias; os profissionais de limpeza p\u00fablica e os oficiais de justi\u00e7a.<\/p>\n<h2>Encceja exterior<\/h2>\n<p>Os deputados tamb\u00e9m aprovaram o projeto que altera o Plano Nacional de Educa\u00e7\u00e3o (PNE), para incluir entre suas metas a realiza\u00e7\u00e3o de exame nacional no exterior, a fim de certificar compet\u00eancias de jovens e adultos. O texto tamb\u00e9m segue para an\u00e1lise do Senado.<\/p>\n<p>A proposta estabelece que caber\u00e1 ao governo ampliar e garantir a realiza\u00e7\u00e3o do Exame Nacional para Certifica\u00e7\u00e3o de Compet\u00eancias de Jovens e Adultos aplicado no exterior (Encceja Exterior) e tamb\u00e9m coletar dados a respeito do n\u00edvel de escolariza\u00e7\u00e3o dos brasileiros residentes no exterior.<\/p>\n<p>O Encceja \u00e9 aplicado no Brasil desde 20021 pelo Minist\u00e9rio da Educa\u00e7\u00e3o. O exame serve para conceder o diploma de conclus\u00e3o do ensino fundamental ou m\u00e9dio para os jovens e adultos que n\u00e3o conseguiram obter na idade adequada.<\/p>\n<p>De acordo com a relatora do projeto, deputada Soraya Santos (PL-RJ), o exame no exterior vai se voltar para pa\u00edses que abrigam comunidades de brasileiros emigrados, como Jap\u00e3o, Estados Unidos e Portugal.<\/p>\n<p>\u201cEsse projeto vai servir para o governo orientar pol\u00edticas p\u00fablicas destinadas a promover o direito \u00e0 educa\u00e7\u00e3o de seus cidad\u00e3os residentes em outros pa\u00edses\u201c, disse a relatora.<\/p>\n<\/div>\n<p class=\"alt-font font-italic my-2 small text-info\">Edi\u00e7\u00e3o: Fernando Fraga<\/p>\n<\/div>\n<div class=\"divider mb-4\"><\/div>\n<div class=\"row\">\n<div class=\"tags col text-center text-sm-left\">Fonte :Ag\u00eancia Brasil<\/div>\n<\/div>\n","protected":false},"excerpt":{"rendered":"<p>C\u00e2mara dos Deputados concluiu, hoje (17), a vota\u00e7\u00e3o do\u00a0Projeto de<\/p>\n","protected":false},"author":2,"featured_media":48805,"comment_status":"open","ping_status":"open","sticky":false,"template":"","format":"standard","meta":{"footnotes":""},"categories":[61,25],"tags":[],"class_list":["post-48804","post","type-post","status-publish","format-standard","has-post-thumbnail","hentry","category-brasilia","category-cidades"],"yoast_head":"<!-- This site is optimized with the Yoast SEO plugin v27.4 - https:\/\/yoast.com\/product\/yoast-seo-wordpress\/ -->\n<title>C\u00e2mara aprova projeto que amplia categorias priorit\u00e1rias na vacina\u00e7\u00e3o - Regi\u00e3o News<\/title>\n<meta name=\"robots\" content=\"index, follow, max-snippet:-1, max-image-preview:large, max-video-preview:-1\" \/>\n<link rel=\"canonical\" href=\"https:\/\/regiaonews.net.br\/2022\/2021\/06\/18\/camara-aprova-projeto-que-amplia-categorias-prioritarias-na-vacinacao\/\" \/>\n<meta property=\"og:locale\" content=\"pt_BR\" \/>\n<meta property=\"og:type\" content=\"article\" \/>\n<meta property=\"og:title\" content=\"C\u00e2mara aprova projeto que amplia categorias priorit\u00e1rias na vacina\u00e7\u00e3o - Regi\u00e3o News\" \/>\n<meta property=\"og:description\" content=\"C\u00e2mara dos Deputados concluiu, hoje (17), a vota\u00e7\u00e3o do\u00a0Projeto de\" \/>\n<meta property=\"og:url\" content=\"https:\/\/regiaonews.net.br\/2022\/2021\/06\/18\/camara-aprova-projeto-que-amplia-categorias-prioritarias-na-vacinacao\/\" \/>\n<meta property=\"og:site_name\" content=\"Regi\u00e3o News\" \/>\n<meta property=\"article:published_time\" content=\"2021-06-18T10:14:17+00:00\" \/>\n<meta property=\"og:image\" content=\"https:\/\/regiaonews.net.br\/2022\/wp-content\/uploads\/2021\/06\/vacina_sp_210520211170_0.jpg\" \/>\n\t<meta property=\"og:image:width\" content=\"1170\" \/>\n\t<meta property=\"og:image:height\" content=\"700\" \/>\n\t<meta property=\"og:image:type\" content=\"image\/jpeg\" \/>\n<meta name=\"author\" content=\"Roberto\" \/>\n<meta name=\"twitter:card\" content=\"summary_large_image\" \/>\n<meta name=\"twitter:label1\" content=\"Escrito por\" \/>\n\t<meta name=\"twitter:data1\" content=\"Roberto\" \/>\n\t<meta name=\"twitter:label2\" content=\"Est. tempo de leitura\" \/>\n\t<meta name=\"twitter:data2\" content=\"2 minutos\" \/>\n<script type=\"application\/ld+json\" class=\"yoast-schema-graph\">{\"@context\":\"https:\\\/\\\/schema.org\",\"@graph\":[{\"@type\":\"Article\",\"@id\":\"https:\\\/\\\/regiaonews.net.br\\\/2022\\\/2021\\\/06\\\/18\\\/camara-aprova-projeto-que-amplia-categorias-prioritarias-na-vacinacao\\\/#article\",\"isPartOf\":{\"@id\":\"https:\\\/\\\/regiaonews.net.br\\\/2022\\\/2021\\\/06\\\/18\\\/camara-aprova-projeto-que-amplia-categorias-prioritarias-na-vacinacao\\\/\"},\"author\":{\"name\":\"Roberto\",\"@id\":\"https:\\\/\\\/regiaonews.net.br\\\/2022\\\/#\\\/schema\\\/person\\\/2d205a608a5aa97ac279d7a5e6d89ad8\"},\"headline\":\"C\u00e2mara aprova projeto que amplia categorias priorit\u00e1rias na vacina\u00e7\u00e3o\",\"datePublished\":\"2021-06-18T10:14:17+00:00\",\"mainEntityOfPage\":{\"@id\":\"https:\\\/\\\/regiaonews.net.br\\\/2022\\\/2021\\\/06\\\/18\\\/camara-aprova-projeto-que-amplia-categorias-prioritarias-na-vacinacao\\\/\"},\"wordCount\":506,\"commentCount\":0,\"publisher\":{\"@id\":\"https:\\\/\\\/regiaonews.net.br\\\/2022\\\/#organization\"},\"image\":{\"@id\":\"https:\\\/\\\/regiaonews.net.br\\\/2022\\\/2021\\\/06\\\/18\\\/camara-aprova-projeto-que-amplia-categorias-prioritarias-na-vacinacao\\\/#primaryimage\"},\"thumbnailUrl\":\"https:\\\/\\\/regiaonews.net.br\\\/2022\\\/wp-content\\\/uploads\\\/2021\\\/06\\\/vacina_sp_210520211170_0.jpg\",\"articleSection\":[\"Bras\u00edlia\",\"Cidades\"],\"inLanguage\":\"pt-BR\",\"potentialAction\":[{\"@type\":\"CommentAction\",\"name\":\"Comment\",\"target\":[\"https:\\\/\\\/regiaonews.net.br\\\/2022\\\/2021\\\/06\\\/18\\\/camara-aprova-projeto-que-amplia-categorias-prioritarias-na-vacinacao\\\/#respond\"]}]},{\"@type\":\"WebPage\",\"@id\":\"https:\\\/\\\/regiaonews.net.br\\\/2022\\\/2021\\\/06\\\/18\\\/camara-aprova-projeto-que-amplia-categorias-prioritarias-na-vacinacao\\\/\",\"url\":\"https:\\\/\\\/regiaonews.net.br\\\/2022\\\/2021\\\/06\\\/18\\\/camara-aprova-projeto-que-amplia-categorias-prioritarias-na-vacinacao\\\/\",\"name\":\"C\u00e2mara aprova projeto que amplia categorias priorit\u00e1rias na vacina\u00e7\u00e3o - Regi\u00e3o News\",\"isPartOf\":{\"@id\":\"https:\\\/\\\/regiaonews.net.br\\\/2022\\\/#website\"},\"primaryImageOfPage\":{\"@id\":\"https:\\\/\\\/regiaonews.net.br\\\/2022\\\/2021\\\/06\\\/18\\\/camara-aprova-projeto-que-amplia-categorias-prioritarias-na-vacinacao\\\/#primaryimage\"},\"image\":{\"@id\":\"https:\\\/\\\/regiaonews.net.br\\\/2022\\\/2021\\\/06\\\/18\\\/camara-aprova-projeto-que-amplia-categorias-prioritarias-na-vacinacao\\\/#primaryimage\"},\"thumbnailUrl\":\"https:\\\/\\\/regiaonews.net.br\\\/2022\\\/wp-content\\\/uploads\\\/2021\\\/06\\\/vacina_sp_210520211170_0.jpg\",\"datePublished\":\"2021-06-18T10:14:17+00:00\",\"breadcrumb\":{\"@id\":\"https:\\\/\\\/regiaonews.net.br\\\/2022\\\/2021\\\/06\\\/18\\\/camara-aprova-projeto-que-amplia-categorias-prioritarias-na-vacinacao\\\/#breadcrumb\"},\"inLanguage\":\"pt-BR\",\"potentialAction\":[{\"@type\":\"ReadAction\",\"target\":[\"https:\\\/\\\/regiaonews.net.br\\\/2022\\\/2021\\\/06\\\/18\\\/camara-aprova-projeto-que-amplia-categorias-prioritarias-na-vacinacao\\\/\"]}]},{\"@type\":\"ImageObject\",\"inLanguage\":\"pt-BR\",\"@id\":\"https:\\\/\\\/regiaonews.net.br\\\/2022\\\/2021\\\/06\\\/18\\\/camara-aprova-projeto-que-amplia-categorias-prioritarias-na-vacinacao\\\/#primaryimage\",\"url\":\"https:\\\/\\\/regiaonews.net.br\\\/2022\\\/wp-content\\\/uploads\\\/2021\\\/06\\\/vacina_sp_210520211170_0.jpg\",\"contentUrl\":\"https:\\\/\\\/regiaonews.net.br\\\/2022\\\/wp-content\\\/uploads\\\/2021\\\/06\\\/vacina_sp_210520211170_0.jpg\",\"width\":1170,\"height\":700,\"caption\":\"S\u00e3o Paulo - Posto drive-thru para vacina\u00e7\u00e3o contra a COVID-19 montado no Memorial da Am\u00e9rica Latina.\"},{\"@type\":\"BreadcrumbList\",\"@id\":\"https:\\\/\\\/regiaonews.net.br\\\/2022\\\/2021\\\/06\\\/18\\\/camara-aprova-projeto-que-amplia-categorias-prioritarias-na-vacinacao\\\/#breadcrumb\",\"itemListElement\":[{\"@type\":\"ListItem\",\"position\":1,\"name\":\"In\u00edcio\",\"item\":\"https:\\\/\\\/regiaonews.net.br\\\/2022\\\/\"},{\"@type\":\"ListItem\",\"position\":2,\"name\":\"C\u00e2mara aprova projeto que amplia categorias priorit\u00e1rias na vacina\u00e7\u00e3o\"}]},{\"@type\":\"WebSite\",\"@id\":\"https:\\\/\\\/regiaonews.net.br\\\/2022\\\/#website\",\"url\":\"https:\\\/\\\/regiaonews.net.br\\\/2022\\\/\",\"name\":\"Regi\u00e3o News\",\"description\":\"Site de Not\u00edcias de Barretos e regi\u00e3o\",\"publisher\":{\"@id\":\"https:\\\/\\\/regiaonews.net.br\\\/2022\\\/#organization\"},\"potentialAction\":[{\"@type\":\"SearchAction\",\"target\":{\"@type\":\"EntryPoint\",\"urlTemplate\":\"https:\\\/\\\/regiaonews.net.br\\\/2022\\\/?s={search_term_string}\"},\"query-input\":{\"@type\":\"PropertyValueSpecification\",\"valueRequired\":true,\"valueName\":\"search_term_string\"}}],\"inLanguage\":\"pt-BR\"},{\"@type\":\"Organization\",\"@id\":\"https:\\\/\\\/regiaonews.net.br\\\/2022\\\/#organization\",\"name\":\"Regi\u00e3o News\",\"url\":\"https:\\\/\\\/regiaonews.net.br\\\/2022\\\/\",\"logo\":{\"@type\":\"ImageObject\",\"inLanguage\":\"pt-BR\",\"@id\":\"https:\\\/\\\/regiaonews.net.br\\\/2022\\\/#\\\/schema\\\/logo\\\/image\\\/\",\"url\":\"https:\\\/\\\/regiaonews.net.br\\\/2022\\\/wp-content\\\/uploads\\\/2026\\\/03\\\/regiao-13-anos-scaled.jpg\",\"contentUrl\":\"https:\\\/\\\/regiaonews.net.br\\\/2022\\\/wp-content\\\/uploads\\\/2026\\\/03\\\/regiao-13-anos-scaled.jpg\",\"width\":2560,\"height\":635,\"caption\":\"Regi\u00e3o News\"},\"image\":{\"@id\":\"https:\\\/\\\/regiaonews.net.br\\\/2022\\\/#\\\/schema\\\/logo\\\/image\\\/\"}},{\"@type\":\"Person\",\"@id\":\"https:\\\/\\\/regiaonews.net.br\\\/2022\\\/#\\\/schema\\\/person\\\/2d205a608a5aa97ac279d7a5e6d89ad8\",\"name\":\"Roberto\",\"image\":{\"@type\":\"ImageObject\",\"inLanguage\":\"pt-BR\",\"@id\":\"https:\\\/\\\/secure.gravatar.com\\\/avatar\\\/42749d8b712ff9d59ca93dc150494e5b55a44134482993f5baeb97e61b7ecc89?s=96&d=mm&r=g\",\"url\":\"https:\\\/\\\/secure.gravatar.com\\\/avatar\\\/42749d8b712ff9d59ca93dc150494e5b55a44134482993f5baeb97e61b7ecc89?s=96&d=mm&r=g\",\"contentUrl\":\"https:\\\/\\\/secure.gravatar.com\\\/avatar\\\/42749d8b712ff9d59ca93dc150494e5b55a44134482993f5baeb97e61b7ecc89?s=96&d=mm&r=g\",\"caption\":\"Roberto\"},\"url\":\"https:\\\/\\\/regiaonews.net.br\\\/2022\\\/author\\\/roberto\\\/\"}]}<\/script>\n<!-- \/ Yoast SEO plugin. -->","yoast_head_json":{"title":"C\u00e2mara aprova projeto que amplia categorias priorit\u00e1rias na vacina\u00e7\u00e3o - Regi\u00e3o News","robots":{"index":"index","follow":"follow","max-snippet":"max-snippet:-1","max-image-preview":"max-image-preview:large","max-video-preview":"max-video-preview:-1"},"canonical":"https:\/\/regiaonews.net.br\/2022\/2021\/06\/18\/camara-aprova-projeto-que-amplia-categorias-prioritarias-na-vacinacao\/","og_locale":"pt_BR","og_type":"article","og_title":"C\u00e2mara aprova projeto que amplia categorias priorit\u00e1rias na vacina\u00e7\u00e3o - Regi\u00e3o News","og_description":"C\u00e2mara dos Deputados concluiu, hoje (17), a vota\u00e7\u00e3o do\u00a0Projeto de","og_url":"https:\/\/regiaonews.net.br\/2022\/2021\/06\/18\/camara-aprova-projeto-que-amplia-categorias-prioritarias-na-vacinacao\/","og_site_name":"Regi\u00e3o News","article_published_time":"2021-06-18T10:14:17+00:00","og_image":[{"width":1170,"height":700,"url":"https:\/\/regiaonews.net.br\/2022\/wp-content\/uploads\/2021\/06\/vacina_sp_210520211170_0.jpg","type":"image\/jpeg"}],"author":"Roberto","twitter_card":"summary_large_image","twitter_misc":{"Escrito por":"Roberto","Est. tempo de leitura":"2 minutos"},"schema":{"@context":"https:\/\/schema.org","@graph":[{"@type":"Article","@id":"https:\/\/regiaonews.net.br\/2022\/2021\/06\/18\/camara-aprova-projeto-que-amplia-categorias-prioritarias-na-vacinacao\/#article","isPartOf":{"@id":"https:\/\/regiaonews.net.br\/2022\/2021\/06\/18\/camara-aprova-projeto-que-amplia-categorias-prioritarias-na-vacinacao\/"},"author":{"name":"Roberto","@id":"https:\/\/regiaonews.net.br\/2022\/#\/schema\/person\/2d205a608a5aa97ac279d7a5e6d89ad8"},"headline":"C\u00e2mara aprova projeto que amplia categorias priorit\u00e1rias na vacina\u00e7\u00e3o","datePublished":"2021-06-18T10:14:17+00:00","mainEntityOfPage":{"@id":"https:\/\/regiaonews.net.br\/2022\/2021\/06\/18\/camara-aprova-projeto-que-amplia-categorias-prioritarias-na-vacinacao\/"},"wordCount":506,"commentCount":0,"publisher":{"@id":"https:\/\/regiaonews.net.br\/2022\/#organization"},"image":{"@id":"https:\/\/regiaonews.net.br\/2022\/2021\/06\/18\/camara-aprova-projeto-que-amplia-categorias-prioritarias-na-vacinacao\/#primaryimage"},"thumbnailUrl":"https:\/\/regiaonews.net.br\/2022\/wp-content\/uploads\/2021\/06\/vacina_sp_210520211170_0.jpg","articleSection":["Bras\u00edlia","Cidades"],"inLanguage":"pt-BR","potentialAction":[{"@type":"CommentAction","name":"Comment","target":["https:\/\/regiaonews.net.br\/2022\/2021\/06\/18\/camara-aprova-projeto-que-amplia-categorias-prioritarias-na-vacinacao\/#respond"]}]},{"@type":"WebPage","@id":"https:\/\/regiaonews.net.br\/2022\/2021\/06\/18\/camara-aprova-projeto-que-amplia-categorias-prioritarias-na-vacinacao\/","url":"https:\/\/regiaonews.net.br\/2022\/2021\/06\/18\/camara-aprova-projeto-que-amplia-categorias-prioritarias-na-vacinacao\/","name":"C\u00e2mara aprova projeto que amplia categorias priorit\u00e1rias na vacina\u00e7\u00e3o - Regi\u00e3o News","isPartOf":{"@id":"https:\/\/regiaonews.net.br\/2022\/#website"},"primaryImageOfPage":{"@id":"https:\/\/regiaonews.net.br\/2022\/2021\/06\/18\/camara-aprova-projeto-que-amplia-categorias-prioritarias-na-vacinacao\/#primaryimage"},"image":{"@id":"https:\/\/regiaonews.net.br\/2022\/2021\/06\/18\/camara-aprova-projeto-que-amplia-categorias-prioritarias-na-vacinacao\/#primaryimage"},"thumbnailUrl":"https:\/\/regiaonews.net.br\/2022\/wp-content\/uploads\/2021\/06\/vacina_sp_210520211170_0.jpg","datePublished":"2021-06-18T10:14:17+00:00","breadcrumb":{"@id":"https:\/\/regiaonews.net.br\/2022\/2021\/06\/18\/camara-aprova-projeto-que-amplia-categorias-prioritarias-na-vacinacao\/#breadcrumb"},"inLanguage":"pt-BR","potentialAction":[{"@type":"ReadAction","target":["https:\/\/regiaonews.net.br\/2022\/2021\/06\/18\/camara-aprova-projeto-que-amplia-categorias-prioritarias-na-vacinacao\/"]}]},{"@type":"ImageObject","inLanguage":"pt-BR","@id":"https:\/\/regiaonews.net.br\/2022\/2021\/06\/18\/camara-aprova-projeto-que-amplia-categorias-prioritarias-na-vacinacao\/#primaryimage","url":"https:\/\/regiaonews.net.br\/2022\/wp-content\/uploads\/2021\/06\/vacina_sp_210520211170_0.jpg","contentUrl":"https:\/\/regiaonews.net.br\/2022\/wp-content\/uploads\/2021\/06\/vacina_sp_210520211170_0.jpg","width":1170,"height":700,"caption":"S\u00e3o Paulo - Posto drive-thru para vacina\u00e7\u00e3o contra a COVID-19 montado no Memorial da Am\u00e9rica Latina."},{"@type":"BreadcrumbList","@id":"https:\/\/regiaonews.net.br\/2022\/2021\/06\/18\/camara-aprova-projeto-que-amplia-categorias-prioritarias-na-vacinacao\/#breadcrumb","itemListElement":[{"@type":"ListItem","position":1,"name":"In\u00edcio","item":"https:\/\/regiaonews.net.br\/2022\/"},{"@type":"ListItem","position":2,"name":"C\u00e2mara aprova projeto que amplia categorias priorit\u00e1rias na vacina\u00e7\u00e3o"}]},{"@type":"WebSite","@id":"https:\/\/regiaonews.net.br\/2022\/#website","url":"https:\/\/regiaonews.net.br\/2022\/","name":"Regi\u00e3o News","description":"Site de Not\u00edcias de Barretos e regi\u00e3o","publisher":{"@id":"https:\/\/regiaonews.net.br\/2022\/#organization"},"potentialAction":[{"@type":"SearchAction","target":{"@type":"EntryPoint","urlTemplate":"https:\/\/regiaonews.net.br\/2022\/?s={search_term_string}"},"query-input":{"@type":"PropertyValueSpecification","valueRequired":true,"valueName":"search_term_string"}}],"inLanguage":"pt-BR"},{"@type":"Organization","@id":"https:\/\/regiaonews.net.br\/2022\/#organization","name":"Regi\u00e3o News","url":"https:\/\/regiaonews.net.br\/2022\/","logo":{"@type":"ImageObject","inLanguage":"pt-BR","@id":"https:\/\/regiaonews.net.br\/2022\/#\/schema\/logo\/image\/","url":"https:\/\/regiaonews.net.br\/2022\/wp-content\/uploads\/2026\/03\/regiao-13-anos-scaled.jpg","contentUrl":"https:\/\/regiaonews.net.br\/2022\/wp-content\/uploads\/2026\/03\/regiao-13-anos-scaled.jpg","width":2560,"height":635,"caption":"Regi\u00e3o News"},"image":{"@id":"https:\/\/regiaonews.net.br\/2022\/#\/schema\/logo\/image\/"}},{"@type":"Person","@id":"https:\/\/regiaonews.net.br\/2022\/#\/schema\/person\/2d205a608a5aa97ac279d7a5e6d89ad8","name":"Roberto","image":{"@type":"ImageObject","inLanguage":"pt-BR","@id":"https:\/\/secure.gravatar.com\/avatar\/42749d8b712ff9d59ca93dc150494e5b55a44134482993f5baeb97e61b7ecc89?s=96&d=mm&r=g","url":"https:\/\/secure.gravatar.com\/avatar\/42749d8b712ff9d59ca93dc150494e5b55a44134482993f5baeb97e61b7ecc89?s=96&d=mm&r=g","contentUrl":"https:\/\/secure.gravatar.com\/avatar\/42749d8b712ff9d59ca93dc150494e5b55a44134482993f5baeb97e61b7ecc89?s=96&d=mm&r=g","caption":"Roberto"},"url":"https:\/\/regiaonews.net.br\/2022\/author\/roberto\/"}]}},"publishpress_future_action":{"enabled":false,"date":"2026-05-03 12:34:30","action":"change-status","newStatus":"draft","terms":[],"taxonomy":"category","extraData":[]},"publishpress_future_workflow_manual_trigger":{"enabledWorkflows":[]},"_links":{"self":[{"href":"https:\/\/regiaonews.net.br\/2022\/wp-json\/wp\/v2\/posts\/48804","targetHints":{"allow":["GET"]}}],"collection":[{"href":"https:\/\/regiaonews.net.br\/2022\/wp-json\/wp\/v2\/posts"}],"about":[{"href":"https:\/\/regiaonews.net.br\/2022\/wp-json\/wp\/v2\/types\/post"}],"author":[{"embeddable":true,"href":"https:\/\/regiaonews.net.br\/2022\/wp-json\/wp\/v2\/users\/2"}],"replies":[{"embeddable":true,"href":"https:\/\/regiaonews.net.br\/2022\/wp-json\/wp\/v2\/comments?post=48804"}],"version-history":[{"count":0,"href":"https:\/\/regiaonews.net.br\/2022\/wp-json\/wp\/v2\/posts\/48804\/revisions"}],"wp:featuredmedia":[{"embeddable":true,"href":"https:\/\/regiaonews.net.br\/2022\/wp-json\/wp\/v2\/media\/48805"}],"wp:attachment":[{"href":"https:\/\/regiaonews.net.br\/2022\/wp-json\/wp\/v2\/media?parent=48804"}],"wp:term":[{"taxonomy":"category","embeddable":true,"href":"https:\/\/regiaonews.net.br\/2022\/wp-json\/wp\/v2\/categories?post=48804"},{"taxonomy":"post_tag","embeddable":true,"href":"https:\/\/regiaonews.net.br\/2022\/wp-json\/wp\/v2\/tags?post=48804"}],"curies":[{"name":"wp","href":"https:\/\/api.w.org\/{rel}","templated":true}]}}