{"id":48769,"date":"2021-06-17T20:42:14","date_gmt":"2021-06-17T23:42:14","guid":{"rendered":"https:\/\/regiaonews.net.br\/2022\/?p=48769"},"modified":"2021-06-17T22:19:20","modified_gmt":"2021-06-18T01:19:20","slug":"apos-ouvir-comercios-industrias-e-populacao-colombia-decreta-lockdown-das-18h-as-6h-a-partir-do-dia-21-de-junho","status":"publish","type":"post","link":"https:\/\/regiaonews.net.br\/2022\/2021\/06\/17\/apos-ouvir-comercios-industrias-e-populacao-colombia-decreta-lockdown-das-18h-as-6h-a-partir-do-dia-21-de-junho\/","title":{"rendered":"Col\u00f4mbia decreta lockdown das 18h \u00e0s 6h a partir do dia 21"},"content":{"rendered":"<p><a href=\"https:\/\/regiaonews.net.br\/2022\/wp-content\/uploads\/2021\/05\/Colombia.jpg\"><img loading=\"lazy\" decoding=\"async\" class=\"alignnone size-medium wp-image-47698\" src=\"https:\/\/regiaonews.net.br\/2022\/wp-content\/uploads\/2021\/05\/Colombia-300x168.jpg\" alt=\"\" width=\"300\" height=\"168\" \/><\/a><\/p>\n<p>Em live, o Prefeito Julio C\u00e9sar dos Santos, juntamente com o seu secret\u00e1rio de Sa\u00fade, Adileu Storti, anunciaram hoje, 17 de junho\/21, novo decreto de prote\u00e7\u00e3o em rela\u00e7\u00e3o ao coronav\u00edrus no munic\u00edpio, que entra em vigor \u00e0s 00h do dia 21 de junho, e vai at\u00e9 \u00e1s 23h59 o dia 27 de junho.<br \/>\nO Prefeito participou de uma reuni\u00e3o, tamb\u00e9m na manh\u00e3 desta quinta, ouvindo comerciantes de Col\u00f4mbia, representantes de industrias e a popula\u00e7\u00e3o, atrav\u00e9s de enquete nos canais oficiais da Prefeitura de Col\u00f4mbia nas redes sociais.<br \/>\nA transmiss\u00e3o tamb\u00e9m contou com participa\u00e7\u00f5es especiais, do fiscal de postura do munic\u00edpio, Rafael Barcelos e tamb\u00e9m do Procurador Jur\u00eddico do Munic\u00edpio de Col\u00f4mbia, o Dr. Evandro Viana.<br \/>\nNo decreto, foi determinado que a circula\u00e7\u00e3o de pessoas, abertura de com\u00e9rcios, poder\u00e3o ocorrer das 6h da manh\u00e3 at\u00e9 as 18h, ap\u00f3s este hor\u00e1rio est\u00e1 proibida a circula\u00e7\u00e3o, a n\u00e3o ser de trabalhadores ou entregadores de delivery permitido somente at\u00e9 as 22h, com entregadores devidamente cadastrados. Com\u00e9rcio de bebidas alco\u00f3licas est\u00e1 proibido dentro ou fora do hor\u00e1rio estipulado, farm\u00e1cias poder\u00e3o funcionar at\u00e9 \u00e0s 21h, j\u00e1 postos de combust\u00edveis poder\u00e3o funcionar somente at\u00e9 \u00e0s 20h, podendo haver um plant\u00e3o emergencial. O turismo no munic\u00edpio de Col\u00f4mbia est\u00e1 suspenso, sendo obrigat\u00f3ria a informa\u00e7\u00e3o do n\u00famero de hospedes em hot\u00e9is da cidade.<br \/>\nMesmo com a mudan\u00e7a, outros protocolos seguem determinados no \u00faltimo decreto como a capacidade no hor\u00e1rio de atendimento que \u00e9 de 25%, obrigatoriedade na medi\u00e7\u00e3o de temperatura na entrada do estabelecimento e a disponibiliza\u00e7\u00e3o de \u00e1lcool em gel.<br \/>\nAlgumas altera\u00e7\u00f5es tamb\u00e9m foram feitas em rela\u00e7\u00e3o a multas. Hoje quem for pego na rua sem o uso de m\u00e1scaras, a multa que antes era de R$100,00 agora passa a ser de R$250,00, propriet\u00e1rios de ranchos, que forem pegos disfrutando ou no caso de aluguel da propriedade, a multa que antes era de R$1.000,00 a R$5.000, agora passa a ser de R$2.000,00 a R$8.000,00.<br \/>\nAl\u00e9m da altera\u00e7\u00e3o nos valores das multas, a Prefeitura decidiu retornar com barreiras sanit\u00e1rias, por\u00e9m com diretrizes diferentes, em todas as barreiras, a prefeitura convocar\u00e1 uma equipe de guardas para monitoramento do tr\u00e1fego na entrada e sa\u00edda do munic\u00edpio, caso o cidad\u00e3o for pego portando bebida alco\u00f3lica dentro do ve\u00edculo, ser\u00e1 multado.<br \/>\n\u201cAo ponto que n\u00f3s chegamos, ou optamos por vidas, ou n\u00e3o temos sa\u00eddas. Chegamos a um colapso onde grupo de pessoas fazem eventos no meio do canavial, enquanto n\u00f3s perdemos leitos de UTI por quest\u00e3o de dois minutos, n\u00f3s ouvimos a popula\u00e7\u00e3o, o com\u00e9rcio e a ind\u00fastria, mas em primeiro lugar o meu povo ser\u00e1 preservado, a vida da popula\u00e7\u00e3o colombiense \u00e9 que faz sentido pra mim e minha equipe\u201d Completou o Prefeito J\u00falio C\u00e9sar dos Santos, o Tuta.<\/p>\n","protected":false},"excerpt":{"rendered":"<p>Em live, o Prefeito Julio C\u00e9sar dos Santos, juntamente com<\/p>\n","protected":false},"author":2,"featured_media":47698,"comment_status":"open","ping_status":"open","sticky":false,"template":"","format":"standard","meta":{"footnotes":""},"categories":[25,6],"tags":[],"class_list":["post-48769","post","type-post","status-publish","format-standard","has-post-thumbnail","hentry","category-cidades","category-colombia"],"yoast_head":"<!-- This site is optimized with the Yoast SEO plugin v27.4 - https:\/\/yoast.com\/product\/yoast-seo-wordpress\/ -->\n<title>Col\u00f4mbia decreta lockdown das 18h \u00e0s 6h a partir do dia 21 - Regi\u00e3o News<\/title>\n<meta name=\"robots\" content=\"index, follow, max-snippet:-1, max-image-preview:large, max-video-preview:-1\" \/>\n<link rel=\"canonical\" href=\"https:\/\/regiaonews.net.br\/2022\/2021\/06\/17\/apos-ouvir-comercios-industrias-e-populacao-colombia-decreta-lockdown-das-18h-as-6h-a-partir-do-dia-21-de-junho\/\" \/>\n<meta property=\"og:locale\" content=\"pt_BR\" \/>\n<meta property=\"og:type\" content=\"article\" \/>\n<meta property=\"og:title\" content=\"Col\u00f4mbia decreta lockdown das 18h \u00e0s 6h a partir do dia 21 - Regi\u00e3o News\" \/>\n<meta property=\"og:description\" content=\"Em live, o Prefeito Julio C\u00e9sar dos Santos, juntamente com\" \/>\n<meta property=\"og:url\" content=\"https:\/\/regiaonews.net.br\/2022\/2021\/06\/17\/apos-ouvir-comercios-industrias-e-populacao-colombia-decreta-lockdown-das-18h-as-6h-a-partir-do-dia-21-de-junho\/\" \/>\n<meta property=\"og:site_name\" content=\"Regi\u00e3o News\" \/>\n<meta property=\"article:published_time\" content=\"2021-06-17T23:42:14+00:00\" \/>\n<meta property=\"article:modified_time\" content=\"2021-06-18T01:19:20+00:00\" \/>\n<meta property=\"og:image\" content=\"https:\/\/regiaonews.net.br\/2022\/wp-content\/uploads\/2021\/05\/Colombia.jpg\" \/>\n\t<meta property=\"og:image:width\" content=\"702\" \/>\n\t<meta property=\"og:image:height\" content=\"392\" \/>\n\t<meta property=\"og:image:type\" content=\"image\/jpeg\" \/>\n<meta name=\"author\" content=\"Roberto\" \/>\n<meta name=\"twitter:card\" content=\"summary_large_image\" \/>\n<meta name=\"twitter:label1\" content=\"Escrito por\" \/>\n\t<meta name=\"twitter:data1\" content=\"Roberto\" \/>\n\t<meta name=\"twitter:label2\" content=\"Est. tempo de leitura\" \/>\n\t<meta name=\"twitter:data2\" content=\"3 minutos\" \/>\n<script type=\"application\/ld+json\" class=\"yoast-schema-graph\">{\"@context\":\"https:\\\/\\\/schema.org\",\"@graph\":[{\"@type\":\"Article\",\"@id\":\"https:\\\/\\\/regiaonews.net.br\\\/2022\\\/2021\\\/06\\\/17\\\/apos-ouvir-comercios-industrias-e-populacao-colombia-decreta-lockdown-das-18h-as-6h-a-partir-do-dia-21-de-junho\\\/#article\",\"isPartOf\":{\"@id\":\"https:\\\/\\\/regiaonews.net.br\\\/2022\\\/2021\\\/06\\\/17\\\/apos-ouvir-comercios-industrias-e-populacao-colombia-decreta-lockdown-das-18h-as-6h-a-partir-do-dia-21-de-junho\\\/\"},\"author\":{\"name\":\"Roberto\",\"@id\":\"https:\\\/\\\/regiaonews.net.br\\\/2022\\\/#\\\/schema\\\/person\\\/2d205a608a5aa97ac279d7a5e6d89ad8\"},\"headline\":\"Col\u00f4mbia decreta lockdown das 18h \u00e0s 6h a partir do dia 21\",\"datePublished\":\"2021-06-17T23:42:14+00:00\",\"dateModified\":\"2021-06-18T01:19:20+00:00\",\"mainEntityOfPage\":{\"@id\":\"https:\\\/\\\/regiaonews.net.br\\\/2022\\\/2021\\\/06\\\/17\\\/apos-ouvir-comercios-industrias-e-populacao-colombia-decreta-lockdown-das-18h-as-6h-a-partir-do-dia-21-de-junho\\\/\"},\"wordCount\":526,\"commentCount\":0,\"publisher\":{\"@id\":\"https:\\\/\\\/regiaonews.net.br\\\/2022\\\/#organization\"},\"image\":{\"@id\":\"https:\\\/\\\/regiaonews.net.br\\\/2022\\\/2021\\\/06\\\/17\\\/apos-ouvir-comercios-industrias-e-populacao-colombia-decreta-lockdown-das-18h-as-6h-a-partir-do-dia-21-de-junho\\\/#primaryimage\"},\"thumbnailUrl\":\"https:\\\/\\\/regiaonews.net.br\\\/2022\\\/wp-content\\\/uploads\\\/2021\\\/05\\\/Colombia.jpg\",\"articleSection\":[\"Cidades\",\"Col\u00f4mbia\"],\"inLanguage\":\"pt-BR\",\"potentialAction\":[{\"@type\":\"CommentAction\",\"name\":\"Comment\",\"target\":[\"https:\\\/\\\/regiaonews.net.br\\\/2022\\\/2021\\\/06\\\/17\\\/apos-ouvir-comercios-industrias-e-populacao-colombia-decreta-lockdown-das-18h-as-6h-a-partir-do-dia-21-de-junho\\\/#respond\"]}]},{\"@type\":\"WebPage\",\"@id\":\"https:\\\/\\\/regiaonews.net.br\\\/2022\\\/2021\\\/06\\\/17\\\/apos-ouvir-comercios-industrias-e-populacao-colombia-decreta-lockdown-das-18h-as-6h-a-partir-do-dia-21-de-junho\\\/\",\"url\":\"https:\\\/\\\/regiaonews.net.br\\\/2022\\\/2021\\\/06\\\/17\\\/apos-ouvir-comercios-industrias-e-populacao-colombia-decreta-lockdown-das-18h-as-6h-a-partir-do-dia-21-de-junho\\\/\",\"name\":\"Col\u00f4mbia decreta lockdown das 18h \u00e0s 6h a partir do dia 21 - Regi\u00e3o News\",\"isPartOf\":{\"@id\":\"https:\\\/\\\/regiaonews.net.br\\\/2022\\\/#website\"},\"primaryImageOfPage\":{\"@id\":\"https:\\\/\\\/regiaonews.net.br\\\/2022\\\/2021\\\/06\\\/17\\\/apos-ouvir-comercios-industrias-e-populacao-colombia-decreta-lockdown-das-18h-as-6h-a-partir-do-dia-21-de-junho\\\/#primaryimage\"},\"image\":{\"@id\":\"https:\\\/\\\/regiaonews.net.br\\\/2022\\\/2021\\\/06\\\/17\\\/apos-ouvir-comercios-industrias-e-populacao-colombia-decreta-lockdown-das-18h-as-6h-a-partir-do-dia-21-de-junho\\\/#primaryimage\"},\"thumbnailUrl\":\"https:\\\/\\\/regiaonews.net.br\\\/2022\\\/wp-content\\\/uploads\\\/2021\\\/05\\\/Colombia.jpg\",\"datePublished\":\"2021-06-17T23:42:14+00:00\",\"dateModified\":\"2021-06-18T01:19:20+00:00\",\"breadcrumb\":{\"@id\":\"https:\\\/\\\/regiaonews.net.br\\\/2022\\\/2021\\\/06\\\/17\\\/apos-ouvir-comercios-industrias-e-populacao-colombia-decreta-lockdown-das-18h-as-6h-a-partir-do-dia-21-de-junho\\\/#breadcrumb\"},\"inLanguage\":\"pt-BR\",\"potentialAction\":[{\"@type\":\"ReadAction\",\"target\":[\"https:\\\/\\\/regiaonews.net.br\\\/2022\\\/2021\\\/06\\\/17\\\/apos-ouvir-comercios-industrias-e-populacao-colombia-decreta-lockdown-das-18h-as-6h-a-partir-do-dia-21-de-junho\\\/\"]}]},{\"@type\":\"ImageObject\",\"inLanguage\":\"pt-BR\",\"@id\":\"https:\\\/\\\/regiaonews.net.br\\\/2022\\\/2021\\\/06\\\/17\\\/apos-ouvir-comercios-industrias-e-populacao-colombia-decreta-lockdown-das-18h-as-6h-a-partir-do-dia-21-de-junho\\\/#primaryimage\",\"url\":\"https:\\\/\\\/regiaonews.net.br\\\/2022\\\/wp-content\\\/uploads\\\/2021\\\/05\\\/Colombia.jpg\",\"contentUrl\":\"https:\\\/\\\/regiaonews.net.br\\\/2022\\\/wp-content\\\/uploads\\\/2021\\\/05\\\/Colombia.jpg\",\"width\":702,\"height\":392},{\"@type\":\"BreadcrumbList\",\"@id\":\"https:\\\/\\\/regiaonews.net.br\\\/2022\\\/2021\\\/06\\\/17\\\/apos-ouvir-comercios-industrias-e-populacao-colombia-decreta-lockdown-das-18h-as-6h-a-partir-do-dia-21-de-junho\\\/#breadcrumb\",\"itemListElement\":[{\"@type\":\"ListItem\",\"position\":1,\"name\":\"In\u00edcio\",\"item\":\"https:\\\/\\\/regiaonews.net.br\\\/2022\\\/\"},{\"@type\":\"ListItem\",\"position\":2,\"name\":\"Col\u00f4mbia decreta lockdown das 18h \u00e0s 6h a partir do dia 21\"}]},{\"@type\":\"WebSite\",\"@id\":\"https:\\\/\\\/regiaonews.net.br\\\/2022\\\/#website\",\"url\":\"https:\\\/\\\/regiaonews.net.br\\\/2022\\\/\",\"name\":\"Regi\u00e3o News\",\"description\":\"Site de Not\u00edcias de Barretos e regi\u00e3o\",\"publisher\":{\"@id\":\"https:\\\/\\\/regiaonews.net.br\\\/2022\\\/#organization\"},\"potentialAction\":[{\"@type\":\"SearchAction\",\"target\":{\"@type\":\"EntryPoint\",\"urlTemplate\":\"https:\\\/\\\/regiaonews.net.br\\\/2022\\\/?s={search_term_string}\"},\"query-input\":{\"@type\":\"PropertyValueSpecification\",\"valueRequired\":true,\"valueName\":\"search_term_string\"}}],\"inLanguage\":\"pt-BR\"},{\"@type\":\"Organization\",\"@id\":\"https:\\\/\\\/regiaonews.net.br\\\/2022\\\/#organization\",\"name\":\"Regi\u00e3o News\",\"url\":\"https:\\\/\\\/regiaonews.net.br\\\/2022\\\/\",\"logo\":{\"@type\":\"ImageObject\",\"inLanguage\":\"pt-BR\",\"@id\":\"https:\\\/\\\/regiaonews.net.br\\\/2022\\\/#\\\/schema\\\/logo\\\/image\\\/\",\"url\":\"https:\\\/\\\/regiaonews.net.br\\\/2022\\\/wp-content\\\/uploads\\\/2026\\\/03\\\/regiao-13-anos-scaled.jpg\",\"contentUrl\":\"https:\\\/\\\/regiaonews.net.br\\\/2022\\\/wp-content\\\/uploads\\\/2026\\\/03\\\/regiao-13-anos-scaled.jpg\",\"width\":2560,\"height\":635,\"caption\":\"Regi\u00e3o News\"},\"image\":{\"@id\":\"https:\\\/\\\/regiaonews.net.br\\\/2022\\\/#\\\/schema\\\/logo\\\/image\\\/\"}},{\"@type\":\"Person\",\"@id\":\"https:\\\/\\\/regiaonews.net.br\\\/2022\\\/#\\\/schema\\\/person\\\/2d205a608a5aa97ac279d7a5e6d89ad8\",\"name\":\"Roberto\",\"image\":{\"@type\":\"ImageObject\",\"inLanguage\":\"pt-BR\",\"@id\":\"https:\\\/\\\/secure.gravatar.com\\\/avatar\\\/42749d8b712ff9d59ca93dc150494e5b55a44134482993f5baeb97e61b7ecc89?s=96&d=mm&r=g\",\"url\":\"https:\\\/\\\/secure.gravatar.com\\\/avatar\\\/42749d8b712ff9d59ca93dc150494e5b55a44134482993f5baeb97e61b7ecc89?s=96&d=mm&r=g\",\"contentUrl\":\"https:\\\/\\\/secure.gravatar.com\\\/avatar\\\/42749d8b712ff9d59ca93dc150494e5b55a44134482993f5baeb97e61b7ecc89?s=96&d=mm&r=g\",\"caption\":\"Roberto\"},\"url\":\"https:\\\/\\\/regiaonews.net.br\\\/2022\\\/author\\\/roberto\\\/\"}]}<\/script>\n<!-- \/ Yoast SEO plugin. -->","yoast_head_json":{"title":"Col\u00f4mbia decreta lockdown das 18h \u00e0s 6h a partir do dia 21 - Regi\u00e3o News","robots":{"index":"index","follow":"follow","max-snippet":"max-snippet:-1","max-image-preview":"max-image-preview:large","max-video-preview":"max-video-preview:-1"},"canonical":"https:\/\/regiaonews.net.br\/2022\/2021\/06\/17\/apos-ouvir-comercios-industrias-e-populacao-colombia-decreta-lockdown-das-18h-as-6h-a-partir-do-dia-21-de-junho\/","og_locale":"pt_BR","og_type":"article","og_title":"Col\u00f4mbia decreta lockdown das 18h \u00e0s 6h a partir do dia 21 - Regi\u00e3o News","og_description":"Em live, o Prefeito Julio C\u00e9sar dos Santos, juntamente com","og_url":"https:\/\/regiaonews.net.br\/2022\/2021\/06\/17\/apos-ouvir-comercios-industrias-e-populacao-colombia-decreta-lockdown-das-18h-as-6h-a-partir-do-dia-21-de-junho\/","og_site_name":"Regi\u00e3o News","article_published_time":"2021-06-17T23:42:14+00:00","article_modified_time":"2021-06-18T01:19:20+00:00","og_image":[{"width":702,"height":392,"url":"https:\/\/regiaonews.net.br\/2022\/wp-content\/uploads\/2021\/05\/Colombia.jpg","type":"image\/jpeg"}],"author":"Roberto","twitter_card":"summary_large_image","twitter_misc":{"Escrito por":"Roberto","Est. tempo de leitura":"3 minutos"},"schema":{"@context":"https:\/\/schema.org","@graph":[{"@type":"Article","@id":"https:\/\/regiaonews.net.br\/2022\/2021\/06\/17\/apos-ouvir-comercios-industrias-e-populacao-colombia-decreta-lockdown-das-18h-as-6h-a-partir-do-dia-21-de-junho\/#article","isPartOf":{"@id":"https:\/\/regiaonews.net.br\/2022\/2021\/06\/17\/apos-ouvir-comercios-industrias-e-populacao-colombia-decreta-lockdown-das-18h-as-6h-a-partir-do-dia-21-de-junho\/"},"author":{"name":"Roberto","@id":"https:\/\/regiaonews.net.br\/2022\/#\/schema\/person\/2d205a608a5aa97ac279d7a5e6d89ad8"},"headline":"Col\u00f4mbia decreta lockdown das 18h \u00e0s 6h a partir do dia 21","datePublished":"2021-06-17T23:42:14+00:00","dateModified":"2021-06-18T01:19:20+00:00","mainEntityOfPage":{"@id":"https:\/\/regiaonews.net.br\/2022\/2021\/06\/17\/apos-ouvir-comercios-industrias-e-populacao-colombia-decreta-lockdown-das-18h-as-6h-a-partir-do-dia-21-de-junho\/"},"wordCount":526,"commentCount":0,"publisher":{"@id":"https:\/\/regiaonews.net.br\/2022\/#organization"},"image":{"@id":"https:\/\/regiaonews.net.br\/2022\/2021\/06\/17\/apos-ouvir-comercios-industrias-e-populacao-colombia-decreta-lockdown-das-18h-as-6h-a-partir-do-dia-21-de-junho\/#primaryimage"},"thumbnailUrl":"https:\/\/regiaonews.net.br\/2022\/wp-content\/uploads\/2021\/05\/Colombia.jpg","articleSection":["Cidades","Col\u00f4mbia"],"inLanguage":"pt-BR","potentialAction":[{"@type":"CommentAction","name":"Comment","target":["https:\/\/regiaonews.net.br\/2022\/2021\/06\/17\/apos-ouvir-comercios-industrias-e-populacao-colombia-decreta-lockdown-das-18h-as-6h-a-partir-do-dia-21-de-junho\/#respond"]}]},{"@type":"WebPage","@id":"https:\/\/regiaonews.net.br\/2022\/2021\/06\/17\/apos-ouvir-comercios-industrias-e-populacao-colombia-decreta-lockdown-das-18h-as-6h-a-partir-do-dia-21-de-junho\/","url":"https:\/\/regiaonews.net.br\/2022\/2021\/06\/17\/apos-ouvir-comercios-industrias-e-populacao-colombia-decreta-lockdown-das-18h-as-6h-a-partir-do-dia-21-de-junho\/","name":"Col\u00f4mbia decreta lockdown das 18h \u00e0s 6h a partir do dia 21 - Regi\u00e3o News","isPartOf":{"@id":"https:\/\/regiaonews.net.br\/2022\/#website"},"primaryImageOfPage":{"@id":"https:\/\/regiaonews.net.br\/2022\/2021\/06\/17\/apos-ouvir-comercios-industrias-e-populacao-colombia-decreta-lockdown-das-18h-as-6h-a-partir-do-dia-21-de-junho\/#primaryimage"},"image":{"@id":"https:\/\/regiaonews.net.br\/2022\/2021\/06\/17\/apos-ouvir-comercios-industrias-e-populacao-colombia-decreta-lockdown-das-18h-as-6h-a-partir-do-dia-21-de-junho\/#primaryimage"},"thumbnailUrl":"https:\/\/regiaonews.net.br\/2022\/wp-content\/uploads\/2021\/05\/Colombia.jpg","datePublished":"2021-06-17T23:42:14+00:00","dateModified":"2021-06-18T01:19:20+00:00","breadcrumb":{"@id":"https:\/\/regiaonews.net.br\/2022\/2021\/06\/17\/apos-ouvir-comercios-industrias-e-populacao-colombia-decreta-lockdown-das-18h-as-6h-a-partir-do-dia-21-de-junho\/#breadcrumb"},"inLanguage":"pt-BR","potentialAction":[{"@type":"ReadAction","target":["https:\/\/regiaonews.net.br\/2022\/2021\/06\/17\/apos-ouvir-comercios-industrias-e-populacao-colombia-decreta-lockdown-das-18h-as-6h-a-partir-do-dia-21-de-junho\/"]}]},{"@type":"ImageObject","inLanguage":"pt-BR","@id":"https:\/\/regiaonews.net.br\/2022\/2021\/06\/17\/apos-ouvir-comercios-industrias-e-populacao-colombia-decreta-lockdown-das-18h-as-6h-a-partir-do-dia-21-de-junho\/#primaryimage","url":"https:\/\/regiaonews.net.br\/2022\/wp-content\/uploads\/2021\/05\/Colombia.jpg","contentUrl":"https:\/\/regiaonews.net.br\/2022\/wp-content\/uploads\/2021\/05\/Colombia.jpg","width":702,"height":392},{"@type":"BreadcrumbList","@id":"https:\/\/regiaonews.net.br\/2022\/2021\/06\/17\/apos-ouvir-comercios-industrias-e-populacao-colombia-decreta-lockdown-das-18h-as-6h-a-partir-do-dia-21-de-junho\/#breadcrumb","itemListElement":[{"@type":"ListItem","position":1,"name":"In\u00edcio","item":"https:\/\/regiaonews.net.br\/2022\/"},{"@type":"ListItem","position":2,"name":"Col\u00f4mbia decreta lockdown das 18h \u00e0s 6h a partir do dia 21"}]},{"@type":"WebSite","@id":"https:\/\/regiaonews.net.br\/2022\/#website","url":"https:\/\/regiaonews.net.br\/2022\/","name":"Regi\u00e3o News","description":"Site de Not\u00edcias de Barretos e regi\u00e3o","publisher":{"@id":"https:\/\/regiaonews.net.br\/2022\/#organization"},"potentialAction":[{"@type":"SearchAction","target":{"@type":"EntryPoint","urlTemplate":"https:\/\/regiaonews.net.br\/2022\/?s={search_term_string}"},"query-input":{"@type":"PropertyValueSpecification","valueRequired":true,"valueName":"search_term_string"}}],"inLanguage":"pt-BR"},{"@type":"Organization","@id":"https:\/\/regiaonews.net.br\/2022\/#organization","name":"Regi\u00e3o News","url":"https:\/\/regiaonews.net.br\/2022\/","logo":{"@type":"ImageObject","inLanguage":"pt-BR","@id":"https:\/\/regiaonews.net.br\/2022\/#\/schema\/logo\/image\/","url":"https:\/\/regiaonews.net.br\/2022\/wp-content\/uploads\/2026\/03\/regiao-13-anos-scaled.jpg","contentUrl":"https:\/\/regiaonews.net.br\/2022\/wp-content\/uploads\/2026\/03\/regiao-13-anos-scaled.jpg","width":2560,"height":635,"caption":"Regi\u00e3o News"},"image":{"@id":"https:\/\/regiaonews.net.br\/2022\/#\/schema\/logo\/image\/"}},{"@type":"Person","@id":"https:\/\/regiaonews.net.br\/2022\/#\/schema\/person\/2d205a608a5aa97ac279d7a5e6d89ad8","name":"Roberto","image":{"@type":"ImageObject","inLanguage":"pt-BR","@id":"https:\/\/secure.gravatar.com\/avatar\/42749d8b712ff9d59ca93dc150494e5b55a44134482993f5baeb97e61b7ecc89?s=96&d=mm&r=g","url":"https:\/\/secure.gravatar.com\/avatar\/42749d8b712ff9d59ca93dc150494e5b55a44134482993f5baeb97e61b7ecc89?s=96&d=mm&r=g","contentUrl":"https:\/\/secure.gravatar.com\/avatar\/42749d8b712ff9d59ca93dc150494e5b55a44134482993f5baeb97e61b7ecc89?s=96&d=mm&r=g","caption":"Roberto"},"url":"https:\/\/regiaonews.net.br\/2022\/author\/roberto\/"}]}},"publishpress_future_action":{"enabled":false,"date":"2026-05-03 18:57:24","action":"change-status","newStatus":"draft","terms":[],"taxonomy":"category","extraData":[]},"publishpress_future_workflow_manual_trigger":{"enabledWorkflows":[]},"_links":{"self":[{"href":"https:\/\/regiaonews.net.br\/2022\/wp-json\/wp\/v2\/posts\/48769","targetHints":{"allow":["GET"]}}],"collection":[{"href":"https:\/\/regiaonews.net.br\/2022\/wp-json\/wp\/v2\/posts"}],"about":[{"href":"https:\/\/regiaonews.net.br\/2022\/wp-json\/wp\/v2\/types\/post"}],"author":[{"embeddable":true,"href":"https:\/\/regiaonews.net.br\/2022\/wp-json\/wp\/v2\/users\/2"}],"replies":[{"embeddable":true,"href":"https:\/\/regiaonews.net.br\/2022\/wp-json\/wp\/v2\/comments?post=48769"}],"version-history":[{"count":0,"href":"https:\/\/regiaonews.net.br\/2022\/wp-json\/wp\/v2\/posts\/48769\/revisions"}],"wp:featuredmedia":[{"embeddable":true,"href":"https:\/\/regiaonews.net.br\/2022\/wp-json\/wp\/v2\/media\/47698"}],"wp:attachment":[{"href":"https:\/\/regiaonews.net.br\/2022\/wp-json\/wp\/v2\/media?parent=48769"}],"wp:term":[{"taxonomy":"category","embeddable":true,"href":"https:\/\/regiaonews.net.br\/2022\/wp-json\/wp\/v2\/categories?post=48769"},{"taxonomy":"post_tag","embeddable":true,"href":"https:\/\/regiaonews.net.br\/2022\/wp-json\/wp\/v2\/tags?post=48769"}],"curies":[{"name":"wp","href":"https:\/\/api.w.org\/{rel}","templated":true}]}}