{"id":48756,"date":"2021-06-17T15:07:27","date_gmt":"2021-06-17T18:07:27","guid":{"rendered":"https:\/\/regiaonews.net.br\/2022\/?p=48756"},"modified":"2021-06-17T15:08:03","modified_gmt":"2021-06-17T18:08:03","slug":"brasil-enfrenta-selecao-peruana-no-nilton-santos","status":"publish","type":"post","link":"https:\/\/regiaonews.net.br\/2022\/2021\/06\/17\/brasil-enfrenta-selecao-peruana-no-nilton-santos\/","title":{"rendered":"Brasil enfrenta sele\u00e7\u00e3o peruana no Nilton Santos"},"content":{"rendered":"<p><a href=\"https:\/\/regiaonews.net.br\/2022\/wp-content\/uploads\/2021\/06\/selecao-brasileira-venceu-com-gol-de-richarlison.jpeg\"><img loading=\"lazy\" decoding=\"async\" class=\"alignnone size-medium wp-image-48102\" src=\"https:\/\/regiaonews.net.br\/2022\/wp-content\/uploads\/2021\/06\/selecao-brasileira-venceu-com-gol-de-richarlison-300x169.jpeg\" alt=\"\" width=\"300\" height=\"169\" \/><\/a><\/p>\n<p>Com o objetivo de manter 100% de aproveitamento na atual edi\u00e7\u00e3o da Copa Am\u00e9rica, o Brasil entra em campo nesta quinta-feira (17) no est\u00e1dio Nilton Santos, no Rio de Janeiro, a partir das 21h (hor\u00e1rio de Bras\u00edlia). E o advers\u00e1rio ser\u00e1 o Peru, sele\u00e7\u00e3o contra a qual o time comandado pelo t\u00e9cnico Tite conquistou a \u00faltima edi\u00e7\u00e3o da competi\u00e7\u00e3o.<img decoding=\"async\" src=\"https:\/\/agenciabrasil.ebc.com.br\/ebc.png?id=1412844&amp;o=node\" \/><img decoding=\"async\" src=\"https:\/\/agenciabrasil.ebc.com.br\/ebc.gif?id=1412844&amp;o=node\" \/><\/p>\n<p>No dia 7 de julho de 2019, o Brasil e uma surpreendente sele\u00e7\u00e3o peruana se encontraram no est\u00e1dio do Maracan\u00e3 para disputar a final do principal torneio de sele\u00e7\u00f5es da Am\u00e9rica do Sul. O placar final foi um triunfo de 3 a 1 com gols de Everton, Gabriel Jesus e Richarlison (Guerrero descontou para o time andino). Apesar de continuar sendo comandada pelo argentino Ricardo Gareca, o Peru vive um momento muito diferente agora, ocupando a lanterna das Eliminat\u00f3rias Sul-Americanas para a Copa de 2022 com apenas 4 pontos conquistados (a equipe de Tite lidera a competi\u00e7\u00e3o com 18 pontos com 100% de aproveitamento).<\/p>\n<p>Ap\u00f3s estrear na Copa Am\u00e9rica com uma vit\u00f3ria de 3 a 0 sobre a Venezuelana no est\u00e1dio Man\u00e9 Garrincha, em Bras\u00edlia, a expectativa \u00e9 que o t\u00e9cnico Tite fa\u00e7a poucas mudan\u00e7as para o jogo desta noite.<\/p>\n<p>Uma, que foi confirmada pelo auxiliar da comiss\u00e3o t\u00e9cnica Cl\u00e9ber Xavier em entrevista coletiva na \u00faltima quarta, \u00e9 a entrada de Ederson no lugar de Alisson no gol: \u201cS\u00e3o tr\u00eas goleiros de alt\u00edssimo n\u00edvel. Dois [Alisson e Ederson] est\u00e3o entre os melhores do mundo. O Weverton vem fazendo um trabalho de alt\u00edssimo n\u00edvel no Palmeiras, na Libertadores e no Campeonato Brasileiro, com conquistas importantes. Estamos trabalhando, fazendo a an\u00e1lise junto com o Taffarel, que \u00e9 o treinador espec\u00edfico da posi\u00e7\u00e3o, e nesse jogo decidimos pelo Ederson\u201d.<\/p>\n<p>Por\u00e9m, ap\u00f3s a realiza\u00e7\u00e3o do \u00faltimo treino para o jogo contra o Peru, ficou no ar a possibilidade de acontecerem outras mudan\u00e7as, como as sa\u00eddas do zagueiro Marquinhos, do lateral Renan Lodi, do volante Casemiro e do atacante Richarlison, o que faz com que a prov\u00e1vel forma\u00e7\u00e3o seja: Ederson; Danilo, \u00c9der Milit\u00e3o, Thiago Silva e Alex Sandro; Fabinho, Fred e Lucas Paquet\u00e1 (Everton Ribeiro); Gabriel Jesus (Everton Cebolinha), Neymar e Gabriel Barbosa.<\/p>\n<p>Se o Brasil busca a segunda vit\u00f3ria na competi\u00e7\u00e3o, a equipe de Ricardo Gareca realiza sua estreia. Uma aus\u00eancia importante ser\u00e1 a do atacante Paolo Guerrero, que, em raz\u00e3o de problemas f\u00edsicos, n\u00e3o chegou nem a ser convocado para a Copa Am\u00e9rica.<\/p>\n","protected":false},"excerpt":{"rendered":"<p>Com o objetivo de manter 100% de aproveitamento na atual<\/p>\n","protected":false},"author":2,"featured_media":43783,"comment_status":"open","ping_status":"open","sticky":false,"template":"","format":"standard","meta":{"footnotes":""},"categories":[25,71,21],"tags":[],"class_list":["post-48756","post","type-post","status-publish","format-standard","has-post-thumbnail","hentry","category-cidades","category-copa-america","category-esporte"],"yoast_head":"<!-- This site is optimized with the Yoast SEO plugin v27.4 - https:\/\/yoast.com\/product\/yoast-seo-wordpress\/ -->\n<title>Brasil enfrenta sele\u00e7\u00e3o peruana no Nilton Santos - Regi\u00e3o News<\/title>\n<meta name=\"robots\" content=\"index, follow, max-snippet:-1, max-image-preview:large, max-video-preview:-1\" \/>\n<link rel=\"canonical\" href=\"https:\/\/regiaonews.net.br\/2022\/2021\/06\/17\/brasil-enfrenta-selecao-peruana-no-nilton-santos\/\" \/>\n<meta property=\"og:locale\" content=\"pt_BR\" \/>\n<meta property=\"og:type\" content=\"article\" \/>\n<meta property=\"og:title\" content=\"Brasil enfrenta sele\u00e7\u00e3o peruana no Nilton Santos - Regi\u00e3o News\" \/>\n<meta property=\"og:description\" content=\"Com o objetivo de manter 100% de aproveitamento na atual\" \/>\n<meta property=\"og:url\" content=\"https:\/\/regiaonews.net.br\/2022\/2021\/06\/17\/brasil-enfrenta-selecao-peruana-no-nilton-santos\/\" \/>\n<meta property=\"og:site_name\" content=\"Regi\u00e3o News\" \/>\n<meta property=\"article:published_time\" content=\"2021-06-17T18:07:27+00:00\" \/>\n<meta property=\"article:modified_time\" content=\"2021-06-17T18:08:03+00:00\" \/>\n<meta property=\"og:image\" content=\"https:\/\/regiaonews.net.br\/2022\/wp-content\/uploads\/2021\/03\/uruguai_e_brasil_eliminatorias_copa_do_catar.jpg\" \/>\n\t<meta property=\"og:image:width\" content=\"1170\" \/>\n\t<meta property=\"og:image:height\" content=\"700\" \/>\n\t<meta property=\"og:image:type\" content=\"image\/jpeg\" \/>\n<meta name=\"author\" content=\"Roberto\" \/>\n<meta name=\"twitter:card\" content=\"summary_large_image\" \/>\n<meta name=\"twitter:label1\" content=\"Escrito por\" \/>\n\t<meta name=\"twitter:data1\" content=\"Roberto\" \/>\n\t<meta name=\"twitter:label2\" content=\"Est. tempo de leitura\" \/>\n\t<meta name=\"twitter:data2\" content=\"2 minutos\" \/>\n<script type=\"application\/ld+json\" class=\"yoast-schema-graph\">{\"@context\":\"https:\\\/\\\/schema.org\",\"@graph\":[{\"@type\":\"Article\",\"@id\":\"https:\\\/\\\/regiaonews.net.br\\\/2022\\\/2021\\\/06\\\/17\\\/brasil-enfrenta-selecao-peruana-no-nilton-santos\\\/#article\",\"isPartOf\":{\"@id\":\"https:\\\/\\\/regiaonews.net.br\\\/2022\\\/2021\\\/06\\\/17\\\/brasil-enfrenta-selecao-peruana-no-nilton-santos\\\/\"},\"author\":{\"name\":\"Roberto\",\"@id\":\"https:\\\/\\\/regiaonews.net.br\\\/2022\\\/#\\\/schema\\\/person\\\/2d205a608a5aa97ac279d7a5e6d89ad8\"},\"headline\":\"Brasil enfrenta sele\u00e7\u00e3o peruana no Nilton Santos\",\"datePublished\":\"2021-06-17T18:07:27+00:00\",\"dateModified\":\"2021-06-17T18:08:03+00:00\",\"mainEntityOfPage\":{\"@id\":\"https:\\\/\\\/regiaonews.net.br\\\/2022\\\/2021\\\/06\\\/17\\\/brasil-enfrenta-selecao-peruana-no-nilton-santos\\\/\"},\"wordCount\":444,\"commentCount\":0,\"publisher\":{\"@id\":\"https:\\\/\\\/regiaonews.net.br\\\/2022\\\/#organization\"},\"image\":{\"@id\":\"https:\\\/\\\/regiaonews.net.br\\\/2022\\\/2021\\\/06\\\/17\\\/brasil-enfrenta-selecao-peruana-no-nilton-santos\\\/#primaryimage\"},\"thumbnailUrl\":\"https:\\\/\\\/regiaonews.net.br\\\/2022\\\/wp-content\\\/uploads\\\/2021\\\/03\\\/uruguai_e_brasil_eliminatorias_copa_do_catar.jpg\",\"articleSection\":[\"Cidades\",\"Copa Am\u00e9rica\",\"Esporte\"],\"inLanguage\":\"pt-BR\",\"potentialAction\":[{\"@type\":\"CommentAction\",\"name\":\"Comment\",\"target\":[\"https:\\\/\\\/regiaonews.net.br\\\/2022\\\/2021\\\/06\\\/17\\\/brasil-enfrenta-selecao-peruana-no-nilton-santos\\\/#respond\"]}]},{\"@type\":\"WebPage\",\"@id\":\"https:\\\/\\\/regiaonews.net.br\\\/2022\\\/2021\\\/06\\\/17\\\/brasil-enfrenta-selecao-peruana-no-nilton-santos\\\/\",\"url\":\"https:\\\/\\\/regiaonews.net.br\\\/2022\\\/2021\\\/06\\\/17\\\/brasil-enfrenta-selecao-peruana-no-nilton-santos\\\/\",\"name\":\"Brasil enfrenta sele\u00e7\u00e3o peruana no Nilton Santos - Regi\u00e3o News\",\"isPartOf\":{\"@id\":\"https:\\\/\\\/regiaonews.net.br\\\/2022\\\/#website\"},\"primaryImageOfPage\":{\"@id\":\"https:\\\/\\\/regiaonews.net.br\\\/2022\\\/2021\\\/06\\\/17\\\/brasil-enfrenta-selecao-peruana-no-nilton-santos\\\/#primaryimage\"},\"image\":{\"@id\":\"https:\\\/\\\/regiaonews.net.br\\\/2022\\\/2021\\\/06\\\/17\\\/brasil-enfrenta-selecao-peruana-no-nilton-santos\\\/#primaryimage\"},\"thumbnailUrl\":\"https:\\\/\\\/regiaonews.net.br\\\/2022\\\/wp-content\\\/uploads\\\/2021\\\/03\\\/uruguai_e_brasil_eliminatorias_copa_do_catar.jpg\",\"datePublished\":\"2021-06-17T18:07:27+00:00\",\"dateModified\":\"2021-06-17T18:08:03+00:00\",\"breadcrumb\":{\"@id\":\"https:\\\/\\\/regiaonews.net.br\\\/2022\\\/2021\\\/06\\\/17\\\/brasil-enfrenta-selecao-peruana-no-nilton-santos\\\/#breadcrumb\"},\"inLanguage\":\"pt-BR\",\"potentialAction\":[{\"@type\":\"ReadAction\",\"target\":[\"https:\\\/\\\/regiaonews.net.br\\\/2022\\\/2021\\\/06\\\/17\\\/brasil-enfrenta-selecao-peruana-no-nilton-santos\\\/\"]}]},{\"@type\":\"ImageObject\",\"inLanguage\":\"pt-BR\",\"@id\":\"https:\\\/\\\/regiaonews.net.br\\\/2022\\\/2021\\\/06\\\/17\\\/brasil-enfrenta-selecao-peruana-no-nilton-santos\\\/#primaryimage\",\"url\":\"https:\\\/\\\/regiaonews.net.br\\\/2022\\\/wp-content\\\/uploads\\\/2021\\\/03\\\/uruguai_e_brasil_eliminatorias_copa_do_catar.jpg\",\"contentUrl\":\"https:\\\/\\\/regiaonews.net.br\\\/2022\\\/wp-content\\\/uploads\\\/2021\\\/03\\\/uruguai_e_brasil_eliminatorias_copa_do_catar.jpg\",\"width\":1170,\"height\":700},{\"@type\":\"BreadcrumbList\",\"@id\":\"https:\\\/\\\/regiaonews.net.br\\\/2022\\\/2021\\\/06\\\/17\\\/brasil-enfrenta-selecao-peruana-no-nilton-santos\\\/#breadcrumb\",\"itemListElement\":[{\"@type\":\"ListItem\",\"position\":1,\"name\":\"In\u00edcio\",\"item\":\"https:\\\/\\\/regiaonews.net.br\\\/2022\\\/\"},{\"@type\":\"ListItem\",\"position\":2,\"name\":\"Brasil enfrenta sele\u00e7\u00e3o peruana no Nilton Santos\"}]},{\"@type\":\"WebSite\",\"@id\":\"https:\\\/\\\/regiaonews.net.br\\\/2022\\\/#website\",\"url\":\"https:\\\/\\\/regiaonews.net.br\\\/2022\\\/\",\"name\":\"Regi\u00e3o News\",\"description\":\"Site de Not\u00edcias de Barretos e regi\u00e3o\",\"publisher\":{\"@id\":\"https:\\\/\\\/regiaonews.net.br\\\/2022\\\/#organization\"},\"potentialAction\":[{\"@type\":\"SearchAction\",\"target\":{\"@type\":\"EntryPoint\",\"urlTemplate\":\"https:\\\/\\\/regiaonews.net.br\\\/2022\\\/?s={search_term_string}\"},\"query-input\":{\"@type\":\"PropertyValueSpecification\",\"valueRequired\":true,\"valueName\":\"search_term_string\"}}],\"inLanguage\":\"pt-BR\"},{\"@type\":\"Organization\",\"@id\":\"https:\\\/\\\/regiaonews.net.br\\\/2022\\\/#organization\",\"name\":\"Regi\u00e3o News\",\"url\":\"https:\\\/\\\/regiaonews.net.br\\\/2022\\\/\",\"logo\":{\"@type\":\"ImageObject\",\"inLanguage\":\"pt-BR\",\"@id\":\"https:\\\/\\\/regiaonews.net.br\\\/2022\\\/#\\\/schema\\\/logo\\\/image\\\/\",\"url\":\"https:\\\/\\\/regiaonews.net.br\\\/2022\\\/wp-content\\\/uploads\\\/2026\\\/03\\\/regiao-13-anos-scaled.jpg\",\"contentUrl\":\"https:\\\/\\\/regiaonews.net.br\\\/2022\\\/wp-content\\\/uploads\\\/2026\\\/03\\\/regiao-13-anos-scaled.jpg\",\"width\":2560,\"height\":635,\"caption\":\"Regi\u00e3o News\"},\"image\":{\"@id\":\"https:\\\/\\\/regiaonews.net.br\\\/2022\\\/#\\\/schema\\\/logo\\\/image\\\/\"}},{\"@type\":\"Person\",\"@id\":\"https:\\\/\\\/regiaonews.net.br\\\/2022\\\/#\\\/schema\\\/person\\\/2d205a608a5aa97ac279d7a5e6d89ad8\",\"name\":\"Roberto\",\"image\":{\"@type\":\"ImageObject\",\"inLanguage\":\"pt-BR\",\"@id\":\"https:\\\/\\\/secure.gravatar.com\\\/avatar\\\/42749d8b712ff9d59ca93dc150494e5b55a44134482993f5baeb97e61b7ecc89?s=96&d=mm&r=g\",\"url\":\"https:\\\/\\\/secure.gravatar.com\\\/avatar\\\/42749d8b712ff9d59ca93dc150494e5b55a44134482993f5baeb97e61b7ecc89?s=96&d=mm&r=g\",\"contentUrl\":\"https:\\\/\\\/secure.gravatar.com\\\/avatar\\\/42749d8b712ff9d59ca93dc150494e5b55a44134482993f5baeb97e61b7ecc89?s=96&d=mm&r=g\",\"caption\":\"Roberto\"},\"url\":\"https:\\\/\\\/regiaonews.net.br\\\/2022\\\/author\\\/roberto\\\/\"}]}<\/script>\n<!-- \/ Yoast SEO plugin. -->","yoast_head_json":{"title":"Brasil enfrenta sele\u00e7\u00e3o peruana no Nilton Santos - Regi\u00e3o News","robots":{"index":"index","follow":"follow","max-snippet":"max-snippet:-1","max-image-preview":"max-image-preview:large","max-video-preview":"max-video-preview:-1"},"canonical":"https:\/\/regiaonews.net.br\/2022\/2021\/06\/17\/brasil-enfrenta-selecao-peruana-no-nilton-santos\/","og_locale":"pt_BR","og_type":"article","og_title":"Brasil enfrenta sele\u00e7\u00e3o peruana no Nilton Santos - Regi\u00e3o News","og_description":"Com o objetivo de manter 100% de aproveitamento na atual","og_url":"https:\/\/regiaonews.net.br\/2022\/2021\/06\/17\/brasil-enfrenta-selecao-peruana-no-nilton-santos\/","og_site_name":"Regi\u00e3o News","article_published_time":"2021-06-17T18:07:27+00:00","article_modified_time":"2021-06-17T18:08:03+00:00","og_image":[{"width":1170,"height":700,"url":"https:\/\/regiaonews.net.br\/2022\/wp-content\/uploads\/2021\/03\/uruguai_e_brasil_eliminatorias_copa_do_catar.jpg","type":"image\/jpeg"}],"author":"Roberto","twitter_card":"summary_large_image","twitter_misc":{"Escrito por":"Roberto","Est. tempo de leitura":"2 minutos"},"schema":{"@context":"https:\/\/schema.org","@graph":[{"@type":"Article","@id":"https:\/\/regiaonews.net.br\/2022\/2021\/06\/17\/brasil-enfrenta-selecao-peruana-no-nilton-santos\/#article","isPartOf":{"@id":"https:\/\/regiaonews.net.br\/2022\/2021\/06\/17\/brasil-enfrenta-selecao-peruana-no-nilton-santos\/"},"author":{"name":"Roberto","@id":"https:\/\/regiaonews.net.br\/2022\/#\/schema\/person\/2d205a608a5aa97ac279d7a5e6d89ad8"},"headline":"Brasil enfrenta sele\u00e7\u00e3o peruana no Nilton Santos","datePublished":"2021-06-17T18:07:27+00:00","dateModified":"2021-06-17T18:08:03+00:00","mainEntityOfPage":{"@id":"https:\/\/regiaonews.net.br\/2022\/2021\/06\/17\/brasil-enfrenta-selecao-peruana-no-nilton-santos\/"},"wordCount":444,"commentCount":0,"publisher":{"@id":"https:\/\/regiaonews.net.br\/2022\/#organization"},"image":{"@id":"https:\/\/regiaonews.net.br\/2022\/2021\/06\/17\/brasil-enfrenta-selecao-peruana-no-nilton-santos\/#primaryimage"},"thumbnailUrl":"https:\/\/regiaonews.net.br\/2022\/wp-content\/uploads\/2021\/03\/uruguai_e_brasil_eliminatorias_copa_do_catar.jpg","articleSection":["Cidades","Copa Am\u00e9rica","Esporte"],"inLanguage":"pt-BR","potentialAction":[{"@type":"CommentAction","name":"Comment","target":["https:\/\/regiaonews.net.br\/2022\/2021\/06\/17\/brasil-enfrenta-selecao-peruana-no-nilton-santos\/#respond"]}]},{"@type":"WebPage","@id":"https:\/\/regiaonews.net.br\/2022\/2021\/06\/17\/brasil-enfrenta-selecao-peruana-no-nilton-santos\/","url":"https:\/\/regiaonews.net.br\/2022\/2021\/06\/17\/brasil-enfrenta-selecao-peruana-no-nilton-santos\/","name":"Brasil enfrenta sele\u00e7\u00e3o peruana no Nilton Santos - Regi\u00e3o News","isPartOf":{"@id":"https:\/\/regiaonews.net.br\/2022\/#website"},"primaryImageOfPage":{"@id":"https:\/\/regiaonews.net.br\/2022\/2021\/06\/17\/brasil-enfrenta-selecao-peruana-no-nilton-santos\/#primaryimage"},"image":{"@id":"https:\/\/regiaonews.net.br\/2022\/2021\/06\/17\/brasil-enfrenta-selecao-peruana-no-nilton-santos\/#primaryimage"},"thumbnailUrl":"https:\/\/regiaonews.net.br\/2022\/wp-content\/uploads\/2021\/03\/uruguai_e_brasil_eliminatorias_copa_do_catar.jpg","datePublished":"2021-06-17T18:07:27+00:00","dateModified":"2021-06-17T18:08:03+00:00","breadcrumb":{"@id":"https:\/\/regiaonews.net.br\/2022\/2021\/06\/17\/brasil-enfrenta-selecao-peruana-no-nilton-santos\/#breadcrumb"},"inLanguage":"pt-BR","potentialAction":[{"@type":"ReadAction","target":["https:\/\/regiaonews.net.br\/2022\/2021\/06\/17\/brasil-enfrenta-selecao-peruana-no-nilton-santos\/"]}]},{"@type":"ImageObject","inLanguage":"pt-BR","@id":"https:\/\/regiaonews.net.br\/2022\/2021\/06\/17\/brasil-enfrenta-selecao-peruana-no-nilton-santos\/#primaryimage","url":"https:\/\/regiaonews.net.br\/2022\/wp-content\/uploads\/2021\/03\/uruguai_e_brasil_eliminatorias_copa_do_catar.jpg","contentUrl":"https:\/\/regiaonews.net.br\/2022\/wp-content\/uploads\/2021\/03\/uruguai_e_brasil_eliminatorias_copa_do_catar.jpg","width":1170,"height":700},{"@type":"BreadcrumbList","@id":"https:\/\/regiaonews.net.br\/2022\/2021\/06\/17\/brasil-enfrenta-selecao-peruana-no-nilton-santos\/#breadcrumb","itemListElement":[{"@type":"ListItem","position":1,"name":"In\u00edcio","item":"https:\/\/regiaonews.net.br\/2022\/"},{"@type":"ListItem","position":2,"name":"Brasil enfrenta sele\u00e7\u00e3o peruana no Nilton Santos"}]},{"@type":"WebSite","@id":"https:\/\/regiaonews.net.br\/2022\/#website","url":"https:\/\/regiaonews.net.br\/2022\/","name":"Regi\u00e3o News","description":"Site de Not\u00edcias de Barretos e regi\u00e3o","publisher":{"@id":"https:\/\/regiaonews.net.br\/2022\/#organization"},"potentialAction":[{"@type":"SearchAction","target":{"@type":"EntryPoint","urlTemplate":"https:\/\/regiaonews.net.br\/2022\/?s={search_term_string}"},"query-input":{"@type":"PropertyValueSpecification","valueRequired":true,"valueName":"search_term_string"}}],"inLanguage":"pt-BR"},{"@type":"Organization","@id":"https:\/\/regiaonews.net.br\/2022\/#organization","name":"Regi\u00e3o News","url":"https:\/\/regiaonews.net.br\/2022\/","logo":{"@type":"ImageObject","inLanguage":"pt-BR","@id":"https:\/\/regiaonews.net.br\/2022\/#\/schema\/logo\/image\/","url":"https:\/\/regiaonews.net.br\/2022\/wp-content\/uploads\/2026\/03\/regiao-13-anos-scaled.jpg","contentUrl":"https:\/\/regiaonews.net.br\/2022\/wp-content\/uploads\/2026\/03\/regiao-13-anos-scaled.jpg","width":2560,"height":635,"caption":"Regi\u00e3o News"},"image":{"@id":"https:\/\/regiaonews.net.br\/2022\/#\/schema\/logo\/image\/"}},{"@type":"Person","@id":"https:\/\/regiaonews.net.br\/2022\/#\/schema\/person\/2d205a608a5aa97ac279d7a5e6d89ad8","name":"Roberto","image":{"@type":"ImageObject","inLanguage":"pt-BR","@id":"https:\/\/secure.gravatar.com\/avatar\/42749d8b712ff9d59ca93dc150494e5b55a44134482993f5baeb97e61b7ecc89?s=96&d=mm&r=g","url":"https:\/\/secure.gravatar.com\/avatar\/42749d8b712ff9d59ca93dc150494e5b55a44134482993f5baeb97e61b7ecc89?s=96&d=mm&r=g","contentUrl":"https:\/\/secure.gravatar.com\/avatar\/42749d8b712ff9d59ca93dc150494e5b55a44134482993f5baeb97e61b7ecc89?s=96&d=mm&r=g","caption":"Roberto"},"url":"https:\/\/regiaonews.net.br\/2022\/author\/roberto\/"}]}},"publishpress_future_action":{"enabled":false,"date":"2026-05-04 00:19:25","action":"change-status","newStatus":"draft","terms":[],"taxonomy":"category","extraData":[]},"publishpress_future_workflow_manual_trigger":{"enabledWorkflows":[]},"_links":{"self":[{"href":"https:\/\/regiaonews.net.br\/2022\/wp-json\/wp\/v2\/posts\/48756","targetHints":{"allow":["GET"]}}],"collection":[{"href":"https:\/\/regiaonews.net.br\/2022\/wp-json\/wp\/v2\/posts"}],"about":[{"href":"https:\/\/regiaonews.net.br\/2022\/wp-json\/wp\/v2\/types\/post"}],"author":[{"embeddable":true,"href":"https:\/\/regiaonews.net.br\/2022\/wp-json\/wp\/v2\/users\/2"}],"replies":[{"embeddable":true,"href":"https:\/\/regiaonews.net.br\/2022\/wp-json\/wp\/v2\/comments?post=48756"}],"version-history":[{"count":0,"href":"https:\/\/regiaonews.net.br\/2022\/wp-json\/wp\/v2\/posts\/48756\/revisions"}],"wp:featuredmedia":[{"embeddable":true,"href":"https:\/\/regiaonews.net.br\/2022\/wp-json\/wp\/v2\/media\/43783"}],"wp:attachment":[{"href":"https:\/\/regiaonews.net.br\/2022\/wp-json\/wp\/v2\/media?parent=48756"}],"wp:term":[{"taxonomy":"category","embeddable":true,"href":"https:\/\/regiaonews.net.br\/2022\/wp-json\/wp\/v2\/categories?post=48756"},{"taxonomy":"post_tag","embeddable":true,"href":"https:\/\/regiaonews.net.br\/2022\/wp-json\/wp\/v2\/tags?post=48756"}],"curies":[{"name":"wp","href":"https:\/\/api.w.org\/{rel}","templated":true}]}}