{"id":48747,"date":"2021-06-17T09:46:00","date_gmt":"2021-06-17T12:46:00","guid":{"rendered":"https:\/\/regiaonews.net.br\/2022\/?p=48747"},"modified":"2021-06-17T09:46:00","modified_gmt":"2021-06-17T12:46:00","slug":"deputado-sebastiao-santos-e-bancada-republicanos-conseguiram-r-108-milhoes-para-saude-infraestrutura-e-desenvolvimento-regional","status":"publish","type":"post","link":"https:\/\/regiaonews.net.br\/2022\/2021\/06\/17\/deputado-sebastiao-santos-e-bancada-republicanos-conseguiram-r-108-milhoes-para-saude-infraestrutura-e-desenvolvimento-regional\/","title":{"rendered":"Deputado Sebasti\u00e3o Santos e bancada Republicanos conseguiram R$ 10,8 milh\u00f5es para sa\u00fade, infraestrutura e desenvolvimento regional"},"content":{"rendered":"<p><a href=\"https:\/\/regiaonews.net.br\/2022\/wp-content\/uploads\/2021\/06\/sebastiao.jpg\"><img loading=\"lazy\" decoding=\"async\" class=\"alignnone size-medium wp-image-48748\" src=\"https:\/\/regiaonews.net.br\/2022\/wp-content\/uploads\/2021\/06\/sebastiao-300x253.jpg\" alt=\"\" width=\"300\" height=\"253\" \/><\/a><\/p>\n<p>Evento aconteceu na sede do Pal\u00e1cio dos Bandeirantes, em S\u00e3o Paulo<\/p>\n<p>Fortalecendo o trabalho no Estado de S\u00e3o Paulo, o deputado Sebasti\u00e3o Santos, participou no dia 11 de junho no Pal\u00e1cio dos Bandeirantes, ao lado de prefeitos e da bancada do partido de uma reuni\u00e3o com o Governo Estadual, para debater a\u00e7\u00f5es e demandas aos munic\u00edpios paulistas.<\/p>\n<p>Durante o evento, foram anunciados R$ 10,8 milh\u00f5es em recursos para investimentos nas \u00e1reas de desenvolvimento regional e investimentos em infraestruturas de cidades do Estado, al\u00e9m de recursos para sa\u00fade em tempos de pandemia.<\/p>\n<p>\u201cFoi uma reuni\u00e3o onde os prefeitos do Republicanos e a bancada do partido puderam apresentar as demandas dos munic\u00edpios paulistas, principalmente na \u00e1rea da sa\u00fade, que tem preocupado a maioria dos gestores com o avan\u00e7o da Covid-19\u201d, disse Sebasti\u00e3o Santos.<\/p>\n<p>Sebasti\u00e3o tamb\u00e9m ressaltou o trabalho que tem realizado no interior do estado, apresentando emendas e propostas para melhorias nos munic\u00edpios em diversas \u00e1reas de atua\u00e7\u00e3o. \u201cRecebemos toda semana demandas dos prefeitos, secret\u00e1rios e vereadores, que nos protocolam pedidos de recursos e emendas para suas cidades. Buscamos atender todas as a\u00e7\u00f5es, pois sabemos a import\u00e2ncia que os munic\u00edpios t\u00eam em atender a popula\u00e7\u00e3o que precisa de uma infraestrutura de primeira, melhorias na sa\u00fade e abertura de novas oportunidades de trabalho\u201d, finalizou Santos.<\/p>\n<p>Texto: Abrah\u00e3o Hackme \/ Assessor de Imprensa \u2013 Deputado Estadual Sebasti\u00e3o Santos<\/p>\n","protected":false},"excerpt":{"rendered":"<p>Evento aconteceu na sede do Pal\u00e1cio dos Bandeirantes, em S\u00e3o<\/p>\n","protected":false},"author":2,"featured_media":48748,"comment_status":"open","ping_status":"open","sticky":false,"template":"","format":"standard","meta":{"footnotes":""},"categories":[25,22,29],"tags":[],"class_list":["post-48747","post","type-post","status-publish","format-standard","has-post-thumbnail","hentry","category-cidades","category-politica","category-sao-paulo"],"yoast_head":"<!-- This site is optimized with the Yoast SEO plugin v27.4 - https:\/\/yoast.com\/product\/yoast-seo-wordpress\/ -->\n<title>Deputado Sebasti\u00e3o Santos e bancada Republicanos conseguiram R$ 10,8 milh\u00f5es para sa\u00fade, infraestrutura e desenvolvimento regional - Regi\u00e3o News<\/title>\n<meta name=\"robots\" content=\"index, follow, max-snippet:-1, max-image-preview:large, max-video-preview:-1\" \/>\n<link rel=\"canonical\" href=\"https:\/\/regiaonews.net.br\/2022\/2021\/06\/17\/deputado-sebastiao-santos-e-bancada-republicanos-conseguiram-r-108-milhoes-para-saude-infraestrutura-e-desenvolvimento-regional\/\" \/>\n<meta property=\"og:locale\" content=\"pt_BR\" \/>\n<meta property=\"og:type\" content=\"article\" \/>\n<meta property=\"og:title\" content=\"Deputado Sebasti\u00e3o Santos e bancada Republicanos conseguiram R$ 10,8 milh\u00f5es para sa\u00fade, infraestrutura e desenvolvimento regional - Regi\u00e3o News\" \/>\n<meta property=\"og:description\" content=\"Evento aconteceu na sede do Pal\u00e1cio dos Bandeirantes, em S\u00e3o\" \/>\n<meta property=\"og:url\" content=\"https:\/\/regiaonews.net.br\/2022\/2021\/06\/17\/deputado-sebastiao-santos-e-bancada-republicanos-conseguiram-r-108-milhoes-para-saude-infraestrutura-e-desenvolvimento-regional\/\" \/>\n<meta property=\"og:site_name\" content=\"Regi\u00e3o News\" \/>\n<meta property=\"article:published_time\" content=\"2021-06-17T12:46:00+00:00\" \/>\n<meta property=\"og:image\" content=\"https:\/\/regiaonews.net.br\/2022\/wp-content\/uploads\/2021\/06\/sebastiao.jpg\" \/>\n\t<meta property=\"og:image:width\" content=\"1080\" \/>\n\t<meta property=\"og:image:height\" content=\"911\" \/>\n\t<meta property=\"og:image:type\" content=\"image\/jpeg\" \/>\n<meta name=\"author\" content=\"Roberto\" \/>\n<meta name=\"twitter:card\" content=\"summary_large_image\" \/>\n<meta name=\"twitter:label1\" content=\"Escrito por\" \/>\n\t<meta name=\"twitter:data1\" content=\"Roberto\" \/>\n\t<meta name=\"twitter:label2\" content=\"Est. tempo de leitura\" \/>\n\t<meta name=\"twitter:data2\" content=\"1 minuto\" \/>\n<script type=\"application\/ld+json\" class=\"yoast-schema-graph\">{\"@context\":\"https:\\\/\\\/schema.org\",\"@graph\":[{\"@type\":\"Article\",\"@id\":\"https:\\\/\\\/regiaonews.net.br\\\/2022\\\/2021\\\/06\\\/17\\\/deputado-sebastiao-santos-e-bancada-republicanos-conseguiram-r-108-milhoes-para-saude-infraestrutura-e-desenvolvimento-regional\\\/#article\",\"isPartOf\":{\"@id\":\"https:\\\/\\\/regiaonews.net.br\\\/2022\\\/2021\\\/06\\\/17\\\/deputado-sebastiao-santos-e-bancada-republicanos-conseguiram-r-108-milhoes-para-saude-infraestrutura-e-desenvolvimento-regional\\\/\"},\"author\":{\"name\":\"Roberto\",\"@id\":\"https:\\\/\\\/regiaonews.net.br\\\/2022\\\/#\\\/schema\\\/person\\\/2d205a608a5aa97ac279d7a5e6d89ad8\"},\"headline\":\"Deputado Sebasti\u00e3o Santos e bancada Republicanos conseguiram R$ 10,8 milh\u00f5es para sa\u00fade, infraestrutura e desenvolvimento regional\",\"datePublished\":\"2021-06-17T12:46:00+00:00\",\"mainEntityOfPage\":{\"@id\":\"https:\\\/\\\/regiaonews.net.br\\\/2022\\\/2021\\\/06\\\/17\\\/deputado-sebastiao-santos-e-bancada-republicanos-conseguiram-r-108-milhoes-para-saude-infraestrutura-e-desenvolvimento-regional\\\/\"},\"wordCount\":267,\"commentCount\":0,\"publisher\":{\"@id\":\"https:\\\/\\\/regiaonews.net.br\\\/2022\\\/#organization\"},\"image\":{\"@id\":\"https:\\\/\\\/regiaonews.net.br\\\/2022\\\/2021\\\/06\\\/17\\\/deputado-sebastiao-santos-e-bancada-republicanos-conseguiram-r-108-milhoes-para-saude-infraestrutura-e-desenvolvimento-regional\\\/#primaryimage\"},\"thumbnailUrl\":\"https:\\\/\\\/regiaonews.net.br\\\/2022\\\/wp-content\\\/uploads\\\/2021\\\/06\\\/sebastiao.jpg\",\"articleSection\":[\"Cidades\",\"Pol\u00edtica\",\"S\u00e3o Paulo\"],\"inLanguage\":\"pt-BR\",\"potentialAction\":[{\"@type\":\"CommentAction\",\"name\":\"Comment\",\"target\":[\"https:\\\/\\\/regiaonews.net.br\\\/2022\\\/2021\\\/06\\\/17\\\/deputado-sebastiao-santos-e-bancada-republicanos-conseguiram-r-108-milhoes-para-saude-infraestrutura-e-desenvolvimento-regional\\\/#respond\"]}]},{\"@type\":\"WebPage\",\"@id\":\"https:\\\/\\\/regiaonews.net.br\\\/2022\\\/2021\\\/06\\\/17\\\/deputado-sebastiao-santos-e-bancada-republicanos-conseguiram-r-108-milhoes-para-saude-infraestrutura-e-desenvolvimento-regional\\\/\",\"url\":\"https:\\\/\\\/regiaonews.net.br\\\/2022\\\/2021\\\/06\\\/17\\\/deputado-sebastiao-santos-e-bancada-republicanos-conseguiram-r-108-milhoes-para-saude-infraestrutura-e-desenvolvimento-regional\\\/\",\"name\":\"Deputado Sebasti\u00e3o Santos e bancada Republicanos conseguiram R$ 10,8 milh\u00f5es para sa\u00fade, infraestrutura e desenvolvimento regional - Regi\u00e3o News\",\"isPartOf\":{\"@id\":\"https:\\\/\\\/regiaonews.net.br\\\/2022\\\/#website\"},\"primaryImageOfPage\":{\"@id\":\"https:\\\/\\\/regiaonews.net.br\\\/2022\\\/2021\\\/06\\\/17\\\/deputado-sebastiao-santos-e-bancada-republicanos-conseguiram-r-108-milhoes-para-saude-infraestrutura-e-desenvolvimento-regional\\\/#primaryimage\"},\"image\":{\"@id\":\"https:\\\/\\\/regiaonews.net.br\\\/2022\\\/2021\\\/06\\\/17\\\/deputado-sebastiao-santos-e-bancada-republicanos-conseguiram-r-108-milhoes-para-saude-infraestrutura-e-desenvolvimento-regional\\\/#primaryimage\"},\"thumbnailUrl\":\"https:\\\/\\\/regiaonews.net.br\\\/2022\\\/wp-content\\\/uploads\\\/2021\\\/06\\\/sebastiao.jpg\",\"datePublished\":\"2021-06-17T12:46:00+00:00\",\"breadcrumb\":{\"@id\":\"https:\\\/\\\/regiaonews.net.br\\\/2022\\\/2021\\\/06\\\/17\\\/deputado-sebastiao-santos-e-bancada-republicanos-conseguiram-r-108-milhoes-para-saude-infraestrutura-e-desenvolvimento-regional\\\/#breadcrumb\"},\"inLanguage\":\"pt-BR\",\"potentialAction\":[{\"@type\":\"ReadAction\",\"target\":[\"https:\\\/\\\/regiaonews.net.br\\\/2022\\\/2021\\\/06\\\/17\\\/deputado-sebastiao-santos-e-bancada-republicanos-conseguiram-r-108-milhoes-para-saude-infraestrutura-e-desenvolvimento-regional\\\/\"]}]},{\"@type\":\"ImageObject\",\"inLanguage\":\"pt-BR\",\"@id\":\"https:\\\/\\\/regiaonews.net.br\\\/2022\\\/2021\\\/06\\\/17\\\/deputado-sebastiao-santos-e-bancada-republicanos-conseguiram-r-108-milhoes-para-saude-infraestrutura-e-desenvolvimento-regional\\\/#primaryimage\",\"url\":\"https:\\\/\\\/regiaonews.net.br\\\/2022\\\/wp-content\\\/uploads\\\/2021\\\/06\\\/sebastiao.jpg\",\"contentUrl\":\"https:\\\/\\\/regiaonews.net.br\\\/2022\\\/wp-content\\\/uploads\\\/2021\\\/06\\\/sebastiao.jpg\",\"width\":1080,\"height\":911},{\"@type\":\"BreadcrumbList\",\"@id\":\"https:\\\/\\\/regiaonews.net.br\\\/2022\\\/2021\\\/06\\\/17\\\/deputado-sebastiao-santos-e-bancada-republicanos-conseguiram-r-108-milhoes-para-saude-infraestrutura-e-desenvolvimento-regional\\\/#breadcrumb\",\"itemListElement\":[{\"@type\":\"ListItem\",\"position\":1,\"name\":\"In\u00edcio\",\"item\":\"https:\\\/\\\/regiaonews.net.br\\\/2022\\\/\"},{\"@type\":\"ListItem\",\"position\":2,\"name\":\"Deputado Sebasti\u00e3o Santos e bancada Republicanos conseguiram R$ 10,8 milh\u00f5es para sa\u00fade, infraestrutura e desenvolvimento regional\"}]},{\"@type\":\"WebSite\",\"@id\":\"https:\\\/\\\/regiaonews.net.br\\\/2022\\\/#website\",\"url\":\"https:\\\/\\\/regiaonews.net.br\\\/2022\\\/\",\"name\":\"Regi\u00e3o News\",\"description\":\"Site de Not\u00edcias de Barretos e regi\u00e3o\",\"publisher\":{\"@id\":\"https:\\\/\\\/regiaonews.net.br\\\/2022\\\/#organization\"},\"potentialAction\":[{\"@type\":\"SearchAction\",\"target\":{\"@type\":\"EntryPoint\",\"urlTemplate\":\"https:\\\/\\\/regiaonews.net.br\\\/2022\\\/?s={search_term_string}\"},\"query-input\":{\"@type\":\"PropertyValueSpecification\",\"valueRequired\":true,\"valueName\":\"search_term_string\"}}],\"inLanguage\":\"pt-BR\"},{\"@type\":\"Organization\",\"@id\":\"https:\\\/\\\/regiaonews.net.br\\\/2022\\\/#organization\",\"name\":\"Regi\u00e3o News\",\"url\":\"https:\\\/\\\/regiaonews.net.br\\\/2022\\\/\",\"logo\":{\"@type\":\"ImageObject\",\"inLanguage\":\"pt-BR\",\"@id\":\"https:\\\/\\\/regiaonews.net.br\\\/2022\\\/#\\\/schema\\\/logo\\\/image\\\/\",\"url\":\"https:\\\/\\\/regiaonews.net.br\\\/2022\\\/wp-content\\\/uploads\\\/2026\\\/03\\\/regiao-13-anos-scaled.jpg\",\"contentUrl\":\"https:\\\/\\\/regiaonews.net.br\\\/2022\\\/wp-content\\\/uploads\\\/2026\\\/03\\\/regiao-13-anos-scaled.jpg\",\"width\":2560,\"height\":635,\"caption\":\"Regi\u00e3o News\"},\"image\":{\"@id\":\"https:\\\/\\\/regiaonews.net.br\\\/2022\\\/#\\\/schema\\\/logo\\\/image\\\/\"}},{\"@type\":\"Person\",\"@id\":\"https:\\\/\\\/regiaonews.net.br\\\/2022\\\/#\\\/schema\\\/person\\\/2d205a608a5aa97ac279d7a5e6d89ad8\",\"name\":\"Roberto\",\"image\":{\"@type\":\"ImageObject\",\"inLanguage\":\"pt-BR\",\"@id\":\"https:\\\/\\\/secure.gravatar.com\\\/avatar\\\/42749d8b712ff9d59ca93dc150494e5b55a44134482993f5baeb97e61b7ecc89?s=96&d=mm&r=g\",\"url\":\"https:\\\/\\\/secure.gravatar.com\\\/avatar\\\/42749d8b712ff9d59ca93dc150494e5b55a44134482993f5baeb97e61b7ecc89?s=96&d=mm&r=g\",\"contentUrl\":\"https:\\\/\\\/secure.gravatar.com\\\/avatar\\\/42749d8b712ff9d59ca93dc150494e5b55a44134482993f5baeb97e61b7ecc89?s=96&d=mm&r=g\",\"caption\":\"Roberto\"},\"url\":\"https:\\\/\\\/regiaonews.net.br\\\/2022\\\/author\\\/roberto\\\/\"}]}<\/script>\n<!-- \/ Yoast SEO plugin. -->","yoast_head_json":{"title":"Deputado Sebasti\u00e3o Santos e bancada Republicanos conseguiram R$ 10,8 milh\u00f5es para sa\u00fade, infraestrutura e desenvolvimento regional - Regi\u00e3o News","robots":{"index":"index","follow":"follow","max-snippet":"max-snippet:-1","max-image-preview":"max-image-preview:large","max-video-preview":"max-video-preview:-1"},"canonical":"https:\/\/regiaonews.net.br\/2022\/2021\/06\/17\/deputado-sebastiao-santos-e-bancada-republicanos-conseguiram-r-108-milhoes-para-saude-infraestrutura-e-desenvolvimento-regional\/","og_locale":"pt_BR","og_type":"article","og_title":"Deputado Sebasti\u00e3o Santos e bancada Republicanos conseguiram R$ 10,8 milh\u00f5es para sa\u00fade, infraestrutura e desenvolvimento regional - Regi\u00e3o News","og_description":"Evento aconteceu na sede do Pal\u00e1cio dos Bandeirantes, em S\u00e3o","og_url":"https:\/\/regiaonews.net.br\/2022\/2021\/06\/17\/deputado-sebastiao-santos-e-bancada-republicanos-conseguiram-r-108-milhoes-para-saude-infraestrutura-e-desenvolvimento-regional\/","og_site_name":"Regi\u00e3o News","article_published_time":"2021-06-17T12:46:00+00:00","og_image":[{"width":1080,"height":911,"url":"https:\/\/regiaonews.net.br\/2022\/wp-content\/uploads\/2021\/06\/sebastiao.jpg","type":"image\/jpeg"}],"author":"Roberto","twitter_card":"summary_large_image","twitter_misc":{"Escrito por":"Roberto","Est. tempo de leitura":"1 minuto"},"schema":{"@context":"https:\/\/schema.org","@graph":[{"@type":"Article","@id":"https:\/\/regiaonews.net.br\/2022\/2021\/06\/17\/deputado-sebastiao-santos-e-bancada-republicanos-conseguiram-r-108-milhoes-para-saude-infraestrutura-e-desenvolvimento-regional\/#article","isPartOf":{"@id":"https:\/\/regiaonews.net.br\/2022\/2021\/06\/17\/deputado-sebastiao-santos-e-bancada-republicanos-conseguiram-r-108-milhoes-para-saude-infraestrutura-e-desenvolvimento-regional\/"},"author":{"name":"Roberto","@id":"https:\/\/regiaonews.net.br\/2022\/#\/schema\/person\/2d205a608a5aa97ac279d7a5e6d89ad8"},"headline":"Deputado Sebasti\u00e3o Santos e bancada Republicanos conseguiram R$ 10,8 milh\u00f5es para sa\u00fade, infraestrutura e desenvolvimento regional","datePublished":"2021-06-17T12:46:00+00:00","mainEntityOfPage":{"@id":"https:\/\/regiaonews.net.br\/2022\/2021\/06\/17\/deputado-sebastiao-santos-e-bancada-republicanos-conseguiram-r-108-milhoes-para-saude-infraestrutura-e-desenvolvimento-regional\/"},"wordCount":267,"commentCount":0,"publisher":{"@id":"https:\/\/regiaonews.net.br\/2022\/#organization"},"image":{"@id":"https:\/\/regiaonews.net.br\/2022\/2021\/06\/17\/deputado-sebastiao-santos-e-bancada-republicanos-conseguiram-r-108-milhoes-para-saude-infraestrutura-e-desenvolvimento-regional\/#primaryimage"},"thumbnailUrl":"https:\/\/regiaonews.net.br\/2022\/wp-content\/uploads\/2021\/06\/sebastiao.jpg","articleSection":["Cidades","Pol\u00edtica","S\u00e3o Paulo"],"inLanguage":"pt-BR","potentialAction":[{"@type":"CommentAction","name":"Comment","target":["https:\/\/regiaonews.net.br\/2022\/2021\/06\/17\/deputado-sebastiao-santos-e-bancada-republicanos-conseguiram-r-108-milhoes-para-saude-infraestrutura-e-desenvolvimento-regional\/#respond"]}]},{"@type":"WebPage","@id":"https:\/\/regiaonews.net.br\/2022\/2021\/06\/17\/deputado-sebastiao-santos-e-bancada-republicanos-conseguiram-r-108-milhoes-para-saude-infraestrutura-e-desenvolvimento-regional\/","url":"https:\/\/regiaonews.net.br\/2022\/2021\/06\/17\/deputado-sebastiao-santos-e-bancada-republicanos-conseguiram-r-108-milhoes-para-saude-infraestrutura-e-desenvolvimento-regional\/","name":"Deputado Sebasti\u00e3o Santos e bancada Republicanos conseguiram R$ 10,8 milh\u00f5es para sa\u00fade, infraestrutura e desenvolvimento regional - Regi\u00e3o News","isPartOf":{"@id":"https:\/\/regiaonews.net.br\/2022\/#website"},"primaryImageOfPage":{"@id":"https:\/\/regiaonews.net.br\/2022\/2021\/06\/17\/deputado-sebastiao-santos-e-bancada-republicanos-conseguiram-r-108-milhoes-para-saude-infraestrutura-e-desenvolvimento-regional\/#primaryimage"},"image":{"@id":"https:\/\/regiaonews.net.br\/2022\/2021\/06\/17\/deputado-sebastiao-santos-e-bancada-republicanos-conseguiram-r-108-milhoes-para-saude-infraestrutura-e-desenvolvimento-regional\/#primaryimage"},"thumbnailUrl":"https:\/\/regiaonews.net.br\/2022\/wp-content\/uploads\/2021\/06\/sebastiao.jpg","datePublished":"2021-06-17T12:46:00+00:00","breadcrumb":{"@id":"https:\/\/regiaonews.net.br\/2022\/2021\/06\/17\/deputado-sebastiao-santos-e-bancada-republicanos-conseguiram-r-108-milhoes-para-saude-infraestrutura-e-desenvolvimento-regional\/#breadcrumb"},"inLanguage":"pt-BR","potentialAction":[{"@type":"ReadAction","target":["https:\/\/regiaonews.net.br\/2022\/2021\/06\/17\/deputado-sebastiao-santos-e-bancada-republicanos-conseguiram-r-108-milhoes-para-saude-infraestrutura-e-desenvolvimento-regional\/"]}]},{"@type":"ImageObject","inLanguage":"pt-BR","@id":"https:\/\/regiaonews.net.br\/2022\/2021\/06\/17\/deputado-sebastiao-santos-e-bancada-republicanos-conseguiram-r-108-milhoes-para-saude-infraestrutura-e-desenvolvimento-regional\/#primaryimage","url":"https:\/\/regiaonews.net.br\/2022\/wp-content\/uploads\/2021\/06\/sebastiao.jpg","contentUrl":"https:\/\/regiaonews.net.br\/2022\/wp-content\/uploads\/2021\/06\/sebastiao.jpg","width":1080,"height":911},{"@type":"BreadcrumbList","@id":"https:\/\/regiaonews.net.br\/2022\/2021\/06\/17\/deputado-sebastiao-santos-e-bancada-republicanos-conseguiram-r-108-milhoes-para-saude-infraestrutura-e-desenvolvimento-regional\/#breadcrumb","itemListElement":[{"@type":"ListItem","position":1,"name":"In\u00edcio","item":"https:\/\/regiaonews.net.br\/2022\/"},{"@type":"ListItem","position":2,"name":"Deputado Sebasti\u00e3o Santos e bancada Republicanos conseguiram R$ 10,8 milh\u00f5es para sa\u00fade, infraestrutura e desenvolvimento regional"}]},{"@type":"WebSite","@id":"https:\/\/regiaonews.net.br\/2022\/#website","url":"https:\/\/regiaonews.net.br\/2022\/","name":"Regi\u00e3o News","description":"Site de Not\u00edcias de Barretos e regi\u00e3o","publisher":{"@id":"https:\/\/regiaonews.net.br\/2022\/#organization"},"potentialAction":[{"@type":"SearchAction","target":{"@type":"EntryPoint","urlTemplate":"https:\/\/regiaonews.net.br\/2022\/?s={search_term_string}"},"query-input":{"@type":"PropertyValueSpecification","valueRequired":true,"valueName":"search_term_string"}}],"inLanguage":"pt-BR"},{"@type":"Organization","@id":"https:\/\/regiaonews.net.br\/2022\/#organization","name":"Regi\u00e3o News","url":"https:\/\/regiaonews.net.br\/2022\/","logo":{"@type":"ImageObject","inLanguage":"pt-BR","@id":"https:\/\/regiaonews.net.br\/2022\/#\/schema\/logo\/image\/","url":"https:\/\/regiaonews.net.br\/2022\/wp-content\/uploads\/2026\/03\/regiao-13-anos-scaled.jpg","contentUrl":"https:\/\/regiaonews.net.br\/2022\/wp-content\/uploads\/2026\/03\/regiao-13-anos-scaled.jpg","width":2560,"height":635,"caption":"Regi\u00e3o News"},"image":{"@id":"https:\/\/regiaonews.net.br\/2022\/#\/schema\/logo\/image\/"}},{"@type":"Person","@id":"https:\/\/regiaonews.net.br\/2022\/#\/schema\/person\/2d205a608a5aa97ac279d7a5e6d89ad8","name":"Roberto","image":{"@type":"ImageObject","inLanguage":"pt-BR","@id":"https:\/\/secure.gravatar.com\/avatar\/42749d8b712ff9d59ca93dc150494e5b55a44134482993f5baeb97e61b7ecc89?s=96&d=mm&r=g","url":"https:\/\/secure.gravatar.com\/avatar\/42749d8b712ff9d59ca93dc150494e5b55a44134482993f5baeb97e61b7ecc89?s=96&d=mm&r=g","contentUrl":"https:\/\/secure.gravatar.com\/avatar\/42749d8b712ff9d59ca93dc150494e5b55a44134482993f5baeb97e61b7ecc89?s=96&d=mm&r=g","caption":"Roberto"},"url":"https:\/\/regiaonews.net.br\/2022\/author\/roberto\/"}]}},"publishpress_future_action":{"enabled":false,"date":"2026-05-04 03:28:29","action":"change-status","newStatus":"draft","terms":[],"taxonomy":"category","extraData":[]},"publishpress_future_workflow_manual_trigger":{"enabledWorkflows":[]},"_links":{"self":[{"href":"https:\/\/regiaonews.net.br\/2022\/wp-json\/wp\/v2\/posts\/48747","targetHints":{"allow":["GET"]}}],"collection":[{"href":"https:\/\/regiaonews.net.br\/2022\/wp-json\/wp\/v2\/posts"}],"about":[{"href":"https:\/\/regiaonews.net.br\/2022\/wp-json\/wp\/v2\/types\/post"}],"author":[{"embeddable":true,"href":"https:\/\/regiaonews.net.br\/2022\/wp-json\/wp\/v2\/users\/2"}],"replies":[{"embeddable":true,"href":"https:\/\/regiaonews.net.br\/2022\/wp-json\/wp\/v2\/comments?post=48747"}],"version-history":[{"count":0,"href":"https:\/\/regiaonews.net.br\/2022\/wp-json\/wp\/v2\/posts\/48747\/revisions"}],"wp:featuredmedia":[{"embeddable":true,"href":"https:\/\/regiaonews.net.br\/2022\/wp-json\/wp\/v2\/media\/48748"}],"wp:attachment":[{"href":"https:\/\/regiaonews.net.br\/2022\/wp-json\/wp\/v2\/media?parent=48747"}],"wp:term":[{"taxonomy":"category","embeddable":true,"href":"https:\/\/regiaonews.net.br\/2022\/wp-json\/wp\/v2\/categories?post=48747"},{"taxonomy":"post_tag","embeddable":true,"href":"https:\/\/regiaonews.net.br\/2022\/wp-json\/wp\/v2\/tags?post=48747"}],"curies":[{"name":"wp","href":"https:\/\/api.w.org\/{rel}","templated":true}]}}