{"id":48728,"date":"2021-06-16T20:41:09","date_gmt":"2021-06-16T23:41:09","guid":{"rendered":"https:\/\/regiaonews.net.br\/2022\/?p=48728"},"modified":"2021-06-16T20:49:02","modified_gmt":"2021-06-16T23:49:02","slug":"prefeitura-de-barretos-emite-decreto-com-medidas-restritivas-para-conter-a-transmissao-da-covid-19","status":"publish","type":"post","link":"https:\/\/regiaonews.net.br\/2022\/2021\/06\/16\/prefeitura-de-barretos-emite-decreto-com-medidas-restritivas-para-conter-a-transmissao-da-covid-19\/","title":{"rendered":"Prefeitura de Barretos emite decreto com medidas restritivas para conter a transmiss\u00e3o da Covid-19"},"content":{"rendered":"<p><a href=\"https:\/\/regiaonews.net.br\/2022\/wp-content\/uploads\/2021\/06\/20210616_203928.jpg\"><img loading=\"lazy\" decoding=\"async\" class=\"alignnone size-medium wp-image-48730\" src=\"https:\/\/regiaonews.net.br\/2022\/wp-content\/uploads\/2021\/06\/20210616_203928-300x193.jpg\" alt=\"\" width=\"300\" height=\"193\" \/><\/a><\/p>\n<p style=\"text-align: left;\">Prefeitura de Barretos emitiu um decreto que imp\u00f5e medidas restritivas excepcionais para conter a transmiss\u00e3o do novo Coronav\u00edrus. As regras entrar\u00e3o em vigor \u00e0 meia-noite de sexta para s\u00e1bado (19) e terminar\u00e3o \u00e0 meia-noite de domingo para segunda-feira (28). Ap\u00f3s esse per\u00edodo de nove dias, as determina\u00e7\u00f5es atuais voltar\u00e3o a valer.<br \/>\nPor meio das redes sociais, a prefeita Paula Lemos fez uma transmiss\u00e3o ao vivo na manh\u00e3 desta quarta-feira, dia 16 de junho\/21, para explicar a atual situa\u00e7\u00e3o da pandemia de Covid-19 aos barretenses.<br \/>\nPaula argumentou que, apesar dos esfor\u00e7os em campanhas de conscientiza\u00e7\u00e3o, a Prefeitura tem fechado dezenas de festas clandestinas aos finais de semana, mostrando que muitas pessoas n\u00e3o est\u00e3o seguindo as recomenda\u00e7\u00f5es exigidas para o momento, como o distanciamento social.<br \/>\nTodo esse cen\u00e1rio tem contribu\u00eddo para que, apesar de todo o investimento na abertura e manuten\u00e7\u00e3o de leitos para tratamento da Covid-19 em Barretos, o sistema de sa\u00fade chegasse ao seu limite, de acordo com a prefeita.<br \/>\nHoje, dos 52 leitos de UTI do Hospital Nossa Senhora, 26 est\u00e3o sendo ocupados por barretenses; no AME, 9 dos 10 pacientes s\u00e3o de Barretos; nos leitos de UTI da Santa Casa que foram abertos semana passada, todos os 9 est\u00e3o ocupados por barretenses; na enfermaria da Santa Casa h\u00e1 14 barretenses; no suporte ventilat\u00f3rio da UPA tem 8 e na retaguarda da UPA tem outros 15 barretenses.<br \/>\nDe acordo com Paula Lemos, essa situa\u00e7\u00e3o cr\u00edtica \u00e9 o que justifica a ado\u00e7\u00e3o de medidas mais restritivas. A prefeita, inclusive, se reuniu no dia anterior com empres\u00e1rios, m\u00e9dicos e vereadores para ouvir demandas e estabelecer um decreto amplo e eficaz. \u201cO nosso sistema de sa\u00fade j\u00e1 n\u00e3o suporta mais. Ultrapassamos o limite. Temos que diminuir a transmiss\u00e3o do v\u00edrus em nossa cidade\u201d, pontuou a prefeita, agradecendo, na sequ\u00eancia, aos m\u00e9dicos e a todos que est\u00e3o lutando para salvar vidas em Barretos.<\/p>\n<p><b>AS MEDIDAS RESTRITIVAS<\/b><br \/>\nEm linhas gerais, o novo decreto estabelece que somente servi\u00e7os e atividades essenciais poder\u00e3o funcionar durante esse per\u00edodo. Est\u00e3o inclu\u00eddos: alimenta\u00e7\u00e3o, sa\u00fade, postos de combust\u00edveis, servi\u00e7os banc\u00e1rios, ind\u00fastria aliment\u00edcia e farmac\u00eautica, seguran\u00e7a p\u00fablica, servi\u00e7os funer\u00e1rios, servi\u00e7os de comunica\u00e7\u00e3o e telecomunica\u00e7\u00e3o e servi\u00e7os de correios e entrega de mercadorias compradas pela internet. Entretanto, cada segmento dessas atividades essenciais seguir\u00e1 regras diferentes, todas estipuladas no decreto.<br \/>\nA compra e venda de bebidas alc\u00f3olicas fica proibida durante a vig\u00eancia do novo decreto.<br \/>\nServi\u00e7os n\u00e3o essenciais dever\u00e3o permanecer fechados e sem atendimento ao p\u00fablico. As escolas poder\u00e3o ter aulas somente de forma remota. Tamb\u00e9m n\u00e3o ser\u00e1 permitida abertura de templos religiosos e os \u00f3rg\u00e3os p\u00fablicos tamb\u00e9m ficar\u00e3o sem atendimento e restrito apenas \u00e0s atividades essenciais.<\/p>\n<p><b>CIRCULA\u00c7\u00c3O DE PESSOAS SER\u00c1 RESTRITA<\/b><br \/>\nPara que as medidas restritivas tenham efeito na pr\u00e1tica, a Prefeitura pretende reduzir a circula\u00e7\u00e3o de pessoas pela cidade. Assim, haver\u00e1 uma multa de R$ 500 para quem for flagrado desrespeitando o novo decreto. O valor ser\u00e1 dobrado em caso de reincid\u00eancia.<br \/>\nO cidad\u00e3o que necessitar se deslocar devido \u00e0 necessidade de realizar atendimento ou ser atendido em algum dos servi\u00e7os previstos neste artigo dever\u00e1 comprovar a necessidade mediante a apresenta\u00e7\u00e3o de um documento, como a receita m\u00e9dica, o agendamento pr\u00e9vio de uma consulta, um comprovante de que faz parte do p\u00fablico a ser vacinado contra a Covid-19, entre outros.<br \/>\nAs equipes da Secretaria de Ordem P\u00fablica e demais \u00f3rg\u00e3os, incluindo a Pol\u00edcia Militar, far\u00e3o essa fiscaliza\u00e7\u00e3o. Tamb\u00e9m haver\u00e1 uma for\u00e7a-tarefa nas entradas da cidade para evitar a circula\u00e7\u00e3o desnecess\u00e1ria. A ideia \u00e9 permitir somente a entrada e sa\u00edda de pessoas que estejam desempenhando algum tipo de servi\u00e7o essencial ou com motivo justificado, ou seja, ficam proibidas entradas e sa\u00eddas para fins de passeio.<br \/>\nAs atividades do terminal rodovi\u00e1rio e do transporte p\u00fablico coletivo municipal est\u00e3o suspensas no per\u00edodo. Linhas espec\u00edficas de \u00f4nibus ser\u00e3o mantidas pela empresa prestadora do servi\u00e7o para o transporte de funcion\u00e1rios da \u00e1rea da sa\u00fade.<br \/>\n\u201cN\u00f3s n\u00e3o queremos que o v\u00edrus circule. As pessoas precisam entender que \u00e9 momento de recolhimento, de ficar em casa e se cuidar. Esse \u00e9 o pior momento da pandemia na cidade por causa de pessoas que n\u00e3o compreenderam que o v\u00edrus n\u00e3o foi embora e que \u00e9 fatal. Espero que Deus toque o cora\u00e7\u00e3o delas\u201d, afirmou a prefeita.<\/p>\n<p><b>VACINA\u00c7\u00c3O CONTINUA<\/b><br \/>\nApesar das restri\u00e7\u00f5es de circula\u00e7\u00e3o, a vacina\u00e7\u00e3o contra a Covid-19 continuar\u00e1 normalmente, de acordo com o cronograma divulgado pela Prefeitura. A comprova\u00e7\u00e3o de que a pessoa faz parte do p\u00fablico a ser vacinado poder\u00e1 ser feita mediante a apresenta\u00e7\u00e3o de um documento oficial com foto.<\/p>\n<p><b>DECLARA\u00c7\u00c3O<\/b><br \/>\nEm anexo no decreto h\u00e1 um modelo de declara\u00e7\u00e3o de porte obrigat\u00f3rio para pessoas que precisem se deslocar para trabalhar ou para utilizar algum servi\u00e7o essencial ou ainda que tenham motivo justificado.<\/p>\n<p><b>COMO SANAR D\u00daVIDAS?<\/b><br \/>\nDe acordo com a prefeita Paula Lemos, o texto do decreto buscou abranger o m\u00e1ximo poss\u00edvel de situa\u00e7\u00f5es, mas todo cidad\u00e3o poder\u00e1 entrar em contato com a Ouvidoria do Munic\u00edpio para tirar d\u00favidas a respeito de como proceder. O telefone \u00e9\u00a0<a href=\"tel:+551733256332\">(17) 3325-6332<\/a>\u00a0ou pelo e-mail\u00a0<a href=\"https:\/\/emktenv.com.br\/index.php\/campaigns\/pt061xfsnyf2d\/track-url\/jb127o9y749b2\/f93debb81845003b657273b344908d777900223a\">ouvidoria@barretos.sp.gov.br<\/a>.Ser\u00e1 poss\u00edvel, em casos emergenciais, a realiza\u00e7\u00e3o de protocolos pelo e-mail:\u00a0<a href=\"https:\/\/emktenv.com.br\/index.php\/campaigns\/pt061xfsnyf2d\/track-url\/jb127o9y749b2\/714d9d6a8dc6d154779c28cb178ec0f9988b88e1\">protocolo@barretos.sp.gov.br<\/a>.<\/p>\n","protected":false},"excerpt":{"rendered":"<p>Prefeitura de Barretos emitiu um decreto que imp\u00f5e medidas restritivas<\/p>\n","protected":false},"author":2,"featured_media":48730,"comment_status":"open","ping_status":"open","sticky":false,"template":"","format":"standard","meta":{"footnotes":""},"categories":[14,25],"tags":[],"class_list":["post-48728","post","type-post","status-publish","format-standard","has-post-thumbnail","hentry","category-barretos","category-cidades"],"yoast_head":"<!-- This site is optimized with the Yoast SEO plugin v27.4 - https:\/\/yoast.com\/product\/yoast-seo-wordpress\/ -->\n<title>Prefeitura de Barretos emite decreto com medidas restritivas para conter a transmiss\u00e3o da Covid-19 - Regi\u00e3o News<\/title>\n<meta name=\"robots\" content=\"index, follow, max-snippet:-1, max-image-preview:large, max-video-preview:-1\" \/>\n<link rel=\"canonical\" href=\"https:\/\/regiaonews.net.br\/2022\/2021\/06\/16\/prefeitura-de-barretos-emite-decreto-com-medidas-restritivas-para-conter-a-transmissao-da-covid-19\/\" \/>\n<meta property=\"og:locale\" content=\"pt_BR\" \/>\n<meta property=\"og:type\" content=\"article\" \/>\n<meta property=\"og:title\" content=\"Prefeitura de Barretos emite decreto com medidas restritivas para conter a transmiss\u00e3o da Covid-19 - Regi\u00e3o News\" \/>\n<meta property=\"og:description\" content=\"Prefeitura de Barretos emitiu um decreto que imp\u00f5e medidas restritivas\" \/>\n<meta property=\"og:url\" content=\"https:\/\/regiaonews.net.br\/2022\/2021\/06\/16\/prefeitura-de-barretos-emite-decreto-com-medidas-restritivas-para-conter-a-transmissao-da-covid-19\/\" \/>\n<meta property=\"og:site_name\" content=\"Regi\u00e3o News\" \/>\n<meta property=\"article:published_time\" content=\"2021-06-16T23:41:09+00:00\" \/>\n<meta property=\"article:modified_time\" content=\"2021-06-16T23:49:02+00:00\" \/>\n<meta property=\"og:image\" content=\"https:\/\/regiaonews.net.br\/2022\/wp-content\/uploads\/2021\/06\/20210616_203928.jpg\" \/>\n\t<meta property=\"og:image:width\" content=\"720\" \/>\n\t<meta property=\"og:image:height\" content=\"464\" \/>\n\t<meta property=\"og:image:type\" content=\"image\/jpeg\" \/>\n<meta name=\"author\" content=\"Roberto\" \/>\n<meta name=\"twitter:card\" content=\"summary_large_image\" \/>\n<meta name=\"twitter:label1\" content=\"Escrito por\" \/>\n\t<meta name=\"twitter:data1\" content=\"Roberto\" \/>\n\t<meta name=\"twitter:label2\" content=\"Est. tempo de leitura\" \/>\n\t<meta name=\"twitter:data2\" content=\"5 minutos\" \/>\n<script type=\"application\/ld+json\" class=\"yoast-schema-graph\">{\"@context\":\"https:\\\/\\\/schema.org\",\"@graph\":[{\"@type\":\"Article\",\"@id\":\"https:\\\/\\\/regiaonews.net.br\\\/2022\\\/2021\\\/06\\\/16\\\/prefeitura-de-barretos-emite-decreto-com-medidas-restritivas-para-conter-a-transmissao-da-covid-19\\\/#article\",\"isPartOf\":{\"@id\":\"https:\\\/\\\/regiaonews.net.br\\\/2022\\\/2021\\\/06\\\/16\\\/prefeitura-de-barretos-emite-decreto-com-medidas-restritivas-para-conter-a-transmissao-da-covid-19\\\/\"},\"author\":{\"name\":\"Roberto\",\"@id\":\"https:\\\/\\\/regiaonews.net.br\\\/2022\\\/#\\\/schema\\\/person\\\/2d205a608a5aa97ac279d7a5e6d89ad8\"},\"headline\":\"Prefeitura de Barretos emite decreto com medidas restritivas para conter a transmiss\u00e3o da Covid-19\",\"datePublished\":\"2021-06-16T23:41:09+00:00\",\"dateModified\":\"2021-06-16T23:49:02+00:00\",\"mainEntityOfPage\":{\"@id\":\"https:\\\/\\\/regiaonews.net.br\\\/2022\\\/2021\\\/06\\\/16\\\/prefeitura-de-barretos-emite-decreto-com-medidas-restritivas-para-conter-a-transmissao-da-covid-19\\\/\"},\"wordCount\":969,\"commentCount\":0,\"publisher\":{\"@id\":\"https:\\\/\\\/regiaonews.net.br\\\/2022\\\/#organization\"},\"image\":{\"@id\":\"https:\\\/\\\/regiaonews.net.br\\\/2022\\\/2021\\\/06\\\/16\\\/prefeitura-de-barretos-emite-decreto-com-medidas-restritivas-para-conter-a-transmissao-da-covid-19\\\/#primaryimage\"},\"thumbnailUrl\":\"https:\\\/\\\/regiaonews.net.br\\\/2022\\\/wp-content\\\/uploads\\\/2021\\\/06\\\/20210616_203928.jpg\",\"articleSection\":[\"Barretos\",\"Cidades\"],\"inLanguage\":\"pt-BR\",\"potentialAction\":[{\"@type\":\"CommentAction\",\"name\":\"Comment\",\"target\":[\"https:\\\/\\\/regiaonews.net.br\\\/2022\\\/2021\\\/06\\\/16\\\/prefeitura-de-barretos-emite-decreto-com-medidas-restritivas-para-conter-a-transmissao-da-covid-19\\\/#respond\"]}]},{\"@type\":\"WebPage\",\"@id\":\"https:\\\/\\\/regiaonews.net.br\\\/2022\\\/2021\\\/06\\\/16\\\/prefeitura-de-barretos-emite-decreto-com-medidas-restritivas-para-conter-a-transmissao-da-covid-19\\\/\",\"url\":\"https:\\\/\\\/regiaonews.net.br\\\/2022\\\/2021\\\/06\\\/16\\\/prefeitura-de-barretos-emite-decreto-com-medidas-restritivas-para-conter-a-transmissao-da-covid-19\\\/\",\"name\":\"Prefeitura de Barretos emite decreto com medidas restritivas para conter a transmiss\u00e3o da Covid-19 - Regi\u00e3o News\",\"isPartOf\":{\"@id\":\"https:\\\/\\\/regiaonews.net.br\\\/2022\\\/#website\"},\"primaryImageOfPage\":{\"@id\":\"https:\\\/\\\/regiaonews.net.br\\\/2022\\\/2021\\\/06\\\/16\\\/prefeitura-de-barretos-emite-decreto-com-medidas-restritivas-para-conter-a-transmissao-da-covid-19\\\/#primaryimage\"},\"image\":{\"@id\":\"https:\\\/\\\/regiaonews.net.br\\\/2022\\\/2021\\\/06\\\/16\\\/prefeitura-de-barretos-emite-decreto-com-medidas-restritivas-para-conter-a-transmissao-da-covid-19\\\/#primaryimage\"},\"thumbnailUrl\":\"https:\\\/\\\/regiaonews.net.br\\\/2022\\\/wp-content\\\/uploads\\\/2021\\\/06\\\/20210616_203928.jpg\",\"datePublished\":\"2021-06-16T23:41:09+00:00\",\"dateModified\":\"2021-06-16T23:49:02+00:00\",\"breadcrumb\":{\"@id\":\"https:\\\/\\\/regiaonews.net.br\\\/2022\\\/2021\\\/06\\\/16\\\/prefeitura-de-barretos-emite-decreto-com-medidas-restritivas-para-conter-a-transmissao-da-covid-19\\\/#breadcrumb\"},\"inLanguage\":\"pt-BR\",\"potentialAction\":[{\"@type\":\"ReadAction\",\"target\":[\"https:\\\/\\\/regiaonews.net.br\\\/2022\\\/2021\\\/06\\\/16\\\/prefeitura-de-barretos-emite-decreto-com-medidas-restritivas-para-conter-a-transmissao-da-covid-19\\\/\"]}]},{\"@type\":\"ImageObject\",\"inLanguage\":\"pt-BR\",\"@id\":\"https:\\\/\\\/regiaonews.net.br\\\/2022\\\/2021\\\/06\\\/16\\\/prefeitura-de-barretos-emite-decreto-com-medidas-restritivas-para-conter-a-transmissao-da-covid-19\\\/#primaryimage\",\"url\":\"https:\\\/\\\/regiaonews.net.br\\\/2022\\\/wp-content\\\/uploads\\\/2021\\\/06\\\/20210616_203928.jpg\",\"contentUrl\":\"https:\\\/\\\/regiaonews.net.br\\\/2022\\\/wp-content\\\/uploads\\\/2021\\\/06\\\/20210616_203928.jpg\",\"width\":720,\"height\":464},{\"@type\":\"BreadcrumbList\",\"@id\":\"https:\\\/\\\/regiaonews.net.br\\\/2022\\\/2021\\\/06\\\/16\\\/prefeitura-de-barretos-emite-decreto-com-medidas-restritivas-para-conter-a-transmissao-da-covid-19\\\/#breadcrumb\",\"itemListElement\":[{\"@type\":\"ListItem\",\"position\":1,\"name\":\"In\u00edcio\",\"item\":\"https:\\\/\\\/regiaonews.net.br\\\/2022\\\/\"},{\"@type\":\"ListItem\",\"position\":2,\"name\":\"Prefeitura de Barretos emite decreto com medidas restritivas para conter a transmiss\u00e3o da Covid-19\"}]},{\"@type\":\"WebSite\",\"@id\":\"https:\\\/\\\/regiaonews.net.br\\\/2022\\\/#website\",\"url\":\"https:\\\/\\\/regiaonews.net.br\\\/2022\\\/\",\"name\":\"Regi\u00e3o News\",\"description\":\"Site de Not\u00edcias de Barretos e regi\u00e3o\",\"publisher\":{\"@id\":\"https:\\\/\\\/regiaonews.net.br\\\/2022\\\/#organization\"},\"potentialAction\":[{\"@type\":\"SearchAction\",\"target\":{\"@type\":\"EntryPoint\",\"urlTemplate\":\"https:\\\/\\\/regiaonews.net.br\\\/2022\\\/?s={search_term_string}\"},\"query-input\":{\"@type\":\"PropertyValueSpecification\",\"valueRequired\":true,\"valueName\":\"search_term_string\"}}],\"inLanguage\":\"pt-BR\"},{\"@type\":\"Organization\",\"@id\":\"https:\\\/\\\/regiaonews.net.br\\\/2022\\\/#organization\",\"name\":\"Regi\u00e3o News\",\"url\":\"https:\\\/\\\/regiaonews.net.br\\\/2022\\\/\",\"logo\":{\"@type\":\"ImageObject\",\"inLanguage\":\"pt-BR\",\"@id\":\"https:\\\/\\\/regiaonews.net.br\\\/2022\\\/#\\\/schema\\\/logo\\\/image\\\/\",\"url\":\"https:\\\/\\\/regiaonews.net.br\\\/2022\\\/wp-content\\\/uploads\\\/2026\\\/03\\\/regiao-13-anos-scaled.jpg\",\"contentUrl\":\"https:\\\/\\\/regiaonews.net.br\\\/2022\\\/wp-content\\\/uploads\\\/2026\\\/03\\\/regiao-13-anos-scaled.jpg\",\"width\":2560,\"height\":635,\"caption\":\"Regi\u00e3o News\"},\"image\":{\"@id\":\"https:\\\/\\\/regiaonews.net.br\\\/2022\\\/#\\\/schema\\\/logo\\\/image\\\/\"}},{\"@type\":\"Person\",\"@id\":\"https:\\\/\\\/regiaonews.net.br\\\/2022\\\/#\\\/schema\\\/person\\\/2d205a608a5aa97ac279d7a5e6d89ad8\",\"name\":\"Roberto\",\"image\":{\"@type\":\"ImageObject\",\"inLanguage\":\"pt-BR\",\"@id\":\"https:\\\/\\\/secure.gravatar.com\\\/avatar\\\/42749d8b712ff9d59ca93dc150494e5b55a44134482993f5baeb97e61b7ecc89?s=96&d=mm&r=g\",\"url\":\"https:\\\/\\\/secure.gravatar.com\\\/avatar\\\/42749d8b712ff9d59ca93dc150494e5b55a44134482993f5baeb97e61b7ecc89?s=96&d=mm&r=g\",\"contentUrl\":\"https:\\\/\\\/secure.gravatar.com\\\/avatar\\\/42749d8b712ff9d59ca93dc150494e5b55a44134482993f5baeb97e61b7ecc89?s=96&d=mm&r=g\",\"caption\":\"Roberto\"},\"url\":\"https:\\\/\\\/regiaonews.net.br\\\/2022\\\/author\\\/roberto\\\/\"}]}<\/script>\n<!-- \/ Yoast SEO plugin. -->","yoast_head_json":{"title":"Prefeitura de Barretos emite decreto com medidas restritivas para conter a transmiss\u00e3o da Covid-19 - Regi\u00e3o News","robots":{"index":"index","follow":"follow","max-snippet":"max-snippet:-1","max-image-preview":"max-image-preview:large","max-video-preview":"max-video-preview:-1"},"canonical":"https:\/\/regiaonews.net.br\/2022\/2021\/06\/16\/prefeitura-de-barretos-emite-decreto-com-medidas-restritivas-para-conter-a-transmissao-da-covid-19\/","og_locale":"pt_BR","og_type":"article","og_title":"Prefeitura de Barretos emite decreto com medidas restritivas para conter a transmiss\u00e3o da Covid-19 - Regi\u00e3o News","og_description":"Prefeitura de Barretos emitiu um decreto que imp\u00f5e medidas restritivas","og_url":"https:\/\/regiaonews.net.br\/2022\/2021\/06\/16\/prefeitura-de-barretos-emite-decreto-com-medidas-restritivas-para-conter-a-transmissao-da-covid-19\/","og_site_name":"Regi\u00e3o News","article_published_time":"2021-06-16T23:41:09+00:00","article_modified_time":"2021-06-16T23:49:02+00:00","og_image":[{"width":720,"height":464,"url":"https:\/\/regiaonews.net.br\/2022\/wp-content\/uploads\/2021\/06\/20210616_203928.jpg","type":"image\/jpeg"}],"author":"Roberto","twitter_card":"summary_large_image","twitter_misc":{"Escrito por":"Roberto","Est. tempo de leitura":"5 minutos"},"schema":{"@context":"https:\/\/schema.org","@graph":[{"@type":"Article","@id":"https:\/\/regiaonews.net.br\/2022\/2021\/06\/16\/prefeitura-de-barretos-emite-decreto-com-medidas-restritivas-para-conter-a-transmissao-da-covid-19\/#article","isPartOf":{"@id":"https:\/\/regiaonews.net.br\/2022\/2021\/06\/16\/prefeitura-de-barretos-emite-decreto-com-medidas-restritivas-para-conter-a-transmissao-da-covid-19\/"},"author":{"name":"Roberto","@id":"https:\/\/regiaonews.net.br\/2022\/#\/schema\/person\/2d205a608a5aa97ac279d7a5e6d89ad8"},"headline":"Prefeitura de Barretos emite decreto com medidas restritivas para conter a transmiss\u00e3o da Covid-19","datePublished":"2021-06-16T23:41:09+00:00","dateModified":"2021-06-16T23:49:02+00:00","mainEntityOfPage":{"@id":"https:\/\/regiaonews.net.br\/2022\/2021\/06\/16\/prefeitura-de-barretos-emite-decreto-com-medidas-restritivas-para-conter-a-transmissao-da-covid-19\/"},"wordCount":969,"commentCount":0,"publisher":{"@id":"https:\/\/regiaonews.net.br\/2022\/#organization"},"image":{"@id":"https:\/\/regiaonews.net.br\/2022\/2021\/06\/16\/prefeitura-de-barretos-emite-decreto-com-medidas-restritivas-para-conter-a-transmissao-da-covid-19\/#primaryimage"},"thumbnailUrl":"https:\/\/regiaonews.net.br\/2022\/wp-content\/uploads\/2021\/06\/20210616_203928.jpg","articleSection":["Barretos","Cidades"],"inLanguage":"pt-BR","potentialAction":[{"@type":"CommentAction","name":"Comment","target":["https:\/\/regiaonews.net.br\/2022\/2021\/06\/16\/prefeitura-de-barretos-emite-decreto-com-medidas-restritivas-para-conter-a-transmissao-da-covid-19\/#respond"]}]},{"@type":"WebPage","@id":"https:\/\/regiaonews.net.br\/2022\/2021\/06\/16\/prefeitura-de-barretos-emite-decreto-com-medidas-restritivas-para-conter-a-transmissao-da-covid-19\/","url":"https:\/\/regiaonews.net.br\/2022\/2021\/06\/16\/prefeitura-de-barretos-emite-decreto-com-medidas-restritivas-para-conter-a-transmissao-da-covid-19\/","name":"Prefeitura de Barretos emite decreto com medidas restritivas para conter a transmiss\u00e3o da Covid-19 - Regi\u00e3o News","isPartOf":{"@id":"https:\/\/regiaonews.net.br\/2022\/#website"},"primaryImageOfPage":{"@id":"https:\/\/regiaonews.net.br\/2022\/2021\/06\/16\/prefeitura-de-barretos-emite-decreto-com-medidas-restritivas-para-conter-a-transmissao-da-covid-19\/#primaryimage"},"image":{"@id":"https:\/\/regiaonews.net.br\/2022\/2021\/06\/16\/prefeitura-de-barretos-emite-decreto-com-medidas-restritivas-para-conter-a-transmissao-da-covid-19\/#primaryimage"},"thumbnailUrl":"https:\/\/regiaonews.net.br\/2022\/wp-content\/uploads\/2021\/06\/20210616_203928.jpg","datePublished":"2021-06-16T23:41:09+00:00","dateModified":"2021-06-16T23:49:02+00:00","breadcrumb":{"@id":"https:\/\/regiaonews.net.br\/2022\/2021\/06\/16\/prefeitura-de-barretos-emite-decreto-com-medidas-restritivas-para-conter-a-transmissao-da-covid-19\/#breadcrumb"},"inLanguage":"pt-BR","potentialAction":[{"@type":"ReadAction","target":["https:\/\/regiaonews.net.br\/2022\/2021\/06\/16\/prefeitura-de-barretos-emite-decreto-com-medidas-restritivas-para-conter-a-transmissao-da-covid-19\/"]}]},{"@type":"ImageObject","inLanguage":"pt-BR","@id":"https:\/\/regiaonews.net.br\/2022\/2021\/06\/16\/prefeitura-de-barretos-emite-decreto-com-medidas-restritivas-para-conter-a-transmissao-da-covid-19\/#primaryimage","url":"https:\/\/regiaonews.net.br\/2022\/wp-content\/uploads\/2021\/06\/20210616_203928.jpg","contentUrl":"https:\/\/regiaonews.net.br\/2022\/wp-content\/uploads\/2021\/06\/20210616_203928.jpg","width":720,"height":464},{"@type":"BreadcrumbList","@id":"https:\/\/regiaonews.net.br\/2022\/2021\/06\/16\/prefeitura-de-barretos-emite-decreto-com-medidas-restritivas-para-conter-a-transmissao-da-covid-19\/#breadcrumb","itemListElement":[{"@type":"ListItem","position":1,"name":"In\u00edcio","item":"https:\/\/regiaonews.net.br\/2022\/"},{"@type":"ListItem","position":2,"name":"Prefeitura de Barretos emite decreto com medidas restritivas para conter a transmiss\u00e3o da Covid-19"}]},{"@type":"WebSite","@id":"https:\/\/regiaonews.net.br\/2022\/#website","url":"https:\/\/regiaonews.net.br\/2022\/","name":"Regi\u00e3o News","description":"Site de Not\u00edcias de Barretos e regi\u00e3o","publisher":{"@id":"https:\/\/regiaonews.net.br\/2022\/#organization"},"potentialAction":[{"@type":"SearchAction","target":{"@type":"EntryPoint","urlTemplate":"https:\/\/regiaonews.net.br\/2022\/?s={search_term_string}"},"query-input":{"@type":"PropertyValueSpecification","valueRequired":true,"valueName":"search_term_string"}}],"inLanguage":"pt-BR"},{"@type":"Organization","@id":"https:\/\/regiaonews.net.br\/2022\/#organization","name":"Regi\u00e3o News","url":"https:\/\/regiaonews.net.br\/2022\/","logo":{"@type":"ImageObject","inLanguage":"pt-BR","@id":"https:\/\/regiaonews.net.br\/2022\/#\/schema\/logo\/image\/","url":"https:\/\/regiaonews.net.br\/2022\/wp-content\/uploads\/2026\/03\/regiao-13-anos-scaled.jpg","contentUrl":"https:\/\/regiaonews.net.br\/2022\/wp-content\/uploads\/2026\/03\/regiao-13-anos-scaled.jpg","width":2560,"height":635,"caption":"Regi\u00e3o News"},"image":{"@id":"https:\/\/regiaonews.net.br\/2022\/#\/schema\/logo\/image\/"}},{"@type":"Person","@id":"https:\/\/regiaonews.net.br\/2022\/#\/schema\/person\/2d205a608a5aa97ac279d7a5e6d89ad8","name":"Roberto","image":{"@type":"ImageObject","inLanguage":"pt-BR","@id":"https:\/\/secure.gravatar.com\/avatar\/42749d8b712ff9d59ca93dc150494e5b55a44134482993f5baeb97e61b7ecc89?s=96&d=mm&r=g","url":"https:\/\/secure.gravatar.com\/avatar\/42749d8b712ff9d59ca93dc150494e5b55a44134482993f5baeb97e61b7ecc89?s=96&d=mm&r=g","contentUrl":"https:\/\/secure.gravatar.com\/avatar\/42749d8b712ff9d59ca93dc150494e5b55a44134482993f5baeb97e61b7ecc89?s=96&d=mm&r=g","caption":"Roberto"},"url":"https:\/\/regiaonews.net.br\/2022\/author\/roberto\/"}]}},"publishpress_future_action":{"enabled":false,"date":"2026-05-04 06:05:20","action":"change-status","newStatus":"draft","terms":[],"taxonomy":"category","extraData":[]},"publishpress_future_workflow_manual_trigger":{"enabledWorkflows":[]},"_links":{"self":[{"href":"https:\/\/regiaonews.net.br\/2022\/wp-json\/wp\/v2\/posts\/48728","targetHints":{"allow":["GET"]}}],"collection":[{"href":"https:\/\/regiaonews.net.br\/2022\/wp-json\/wp\/v2\/posts"}],"about":[{"href":"https:\/\/regiaonews.net.br\/2022\/wp-json\/wp\/v2\/types\/post"}],"author":[{"embeddable":true,"href":"https:\/\/regiaonews.net.br\/2022\/wp-json\/wp\/v2\/users\/2"}],"replies":[{"embeddable":true,"href":"https:\/\/regiaonews.net.br\/2022\/wp-json\/wp\/v2\/comments?post=48728"}],"version-history":[{"count":0,"href":"https:\/\/regiaonews.net.br\/2022\/wp-json\/wp\/v2\/posts\/48728\/revisions"}],"wp:featuredmedia":[{"embeddable":true,"href":"https:\/\/regiaonews.net.br\/2022\/wp-json\/wp\/v2\/media\/48730"}],"wp:attachment":[{"href":"https:\/\/regiaonews.net.br\/2022\/wp-json\/wp\/v2\/media?parent=48728"}],"wp:term":[{"taxonomy":"category","embeddable":true,"href":"https:\/\/regiaonews.net.br\/2022\/wp-json\/wp\/v2\/categories?post=48728"},{"taxonomy":"post_tag","embeddable":true,"href":"https:\/\/regiaonews.net.br\/2022\/wp-json\/wp\/v2\/tags?post=48728"}],"curies":[{"name":"wp","href":"https:\/\/api.w.org\/{rel}","templated":true}]}}