{"id":48672,"date":"2021-06-15T11:10:13","date_gmt":"2021-06-15T14:10:13","guid":{"rendered":"https:\/\/regiaonews.net.br\/2022\/?p=48672"},"modified":"2021-06-15T11:14:56","modified_gmt":"2021-06-15T14:14:56","slug":"o-projeto-virtual-brasil-vivo-festas-tradicoes-e-cultura-popular-promovido-pelo-sesc-ribeirao-preto","status":"publish","type":"post","link":"https:\/\/regiaonews.net.br\/2022\/2021\/06\/15\/o-projeto-virtual-brasil-vivo-festas-tradicoes-e-cultura-popular-promovido-pelo-sesc-ribeirao-preto\/","title":{"rendered":"O projeto virtual \u201cBrasil Vivo! Festas, Tradi\u00e7\u00f5es e Cultura Popular\u201d, promovido pelo Sesc Ribeir\u00e3o Preto"},"content":{"rendered":"<p><a href=\"https:\/\/regiaonews.net.br\/2022\/wp-content\/uploads\/2021\/06\/f9d5f7c4-5394-43be-9066-166c7c576d80.jpeg\"><img loading=\"lazy\" decoding=\"async\" class=\"alignnone size-medium wp-image-48673\" src=\"https:\/\/regiaonews.net.br\/2022\/wp-content\/uploads\/2021\/06\/f9d5f7c4-5394-43be-9066-166c7c576d80-300x196.jpeg\" alt=\"\" width=\"300\" height=\"196\" \/><\/a><\/p>\n<p class=\"ql-align-justify\">O projeto virtual \u201cBrasil Vivo! Festas, Tradi\u00e7\u00f5es e Cultura Popular\u201d, promovido pelo Sesc Ribeir\u00e3o Preto, apresenta nesta quinta-feira (17\/06), \u00e0s 19h30, no canal do YouTube (<a href=\"https:\/\/youtube.com\/sescribeirao?fbclid=IwAR2xOOqqwXoxA9ZmYhNr3Pndqw9lhtIKux-ela-tG2oz8KJNLTkLDRu56n8\" target=\"_blank\" rel=\"noopener noreferrer\">YouTube.com\/sescribeirao<\/a>), uma live com bate-papo ao vivo sobre o \u201cMaracatu de Baque Solto\u201d, tradi\u00e7\u00e3o na cidade de Nazar\u00e9 da Mata, em Pernambuco. O encontro, mediado pela produtora cultural Vandreza Freiria, ter\u00e1 participa\u00e7\u00e3o de\u00a0Maria Alice Amorim (escritora e pesquisadora das po\u00e9ticas de tradi\u00e7\u00e3o oral e da literatura de cordel), de Anderson Miguel (mestre do Grupo de Maracatu \u00c1guia Misteriosa) e da\u00a0fot\u00f3grafa paulista, produtora audiovisual e curadora do projeto Andrea Goldschmidt.<\/p>\n<p class=\"ql-align-justify\">O \u201cMaracatu de Baque Solto\u201d \u00e9 uma das express\u00f5es tradicionais da cultura popular pernambucana, resultante da mescla de tradi\u00e7\u00f5es afro-amer\u00edndias e ib\u00e9ricas. Provavelmente surgiu nos engenhos de cana-de-a\u00e7\u00facar, onde os trabalhadores se reuniam nos per\u00edodos de folga para brincar e festejar depois de dias \u00e1rduos de trabalho. Atualmente, o folguedo \u00e9 ligado ao per\u00edodo carnavalesco, quando os ex-canavieiros se enchem de alegria e se tornam membros da corte e poderosos \u201cguerreiros\u201d: s\u00e3o os caboclos de lan\u00e7a!<\/p>\n<p class=\"ql-align-justify\">Essa figura quase m\u00edtica \u00e9 o principal personagem da manifesta\u00e7\u00e3o, e o orgulho de brincar como caboclo &#8211; com saltos, giros, ca\u00eddas e embates &#8211; \u00e9 passado de gera\u00e7\u00e3o em gera\u00e7\u00e3o: prova da resist\u00eancia (f\u00edsica e cultural) que mant\u00e9m a festa t\u00e3o ativa e vibrante.<\/p>\n<p class=\"ql-align-justify\">\u201cOs caboclos de lan\u00e7a s\u00e3o os guerreiros de Ogum. Descendentes de escravos. Vestem-se com luxo durante os dias de Carnaval. Suas delicadas golas s\u00e3o bordadas de azulejos portugueses e a cabeleira de papel celofane colorido brilha ao sol trazendo para perto seu guia espiritual.\u00a0Carregam sinos, grandes e pesados, com o som dos fac\u00f5es dos cortadores de cana\u201d, diz Andrea, que j\u00e1 registrou 38 festas populares e manifesta\u00e7\u00f5es culturais e religiosas, em 13 estados diferentes.<\/p>\n<p class=\"ql-align-justify\">\u201cBrasil Vivo! Festas, Tradi\u00e7\u00f5es e Cultura Popular\u201d, promovido pelo Sesc Ribeir\u00e3o Preto, tem como objetivo estimular os participantes a fazer uma viagem virtual e encontrar um novo universo de refer\u00eancias culturais de um Brasil plural.<\/p>\n<p class=\"ql-align-justify\">\u201cDiante do cen\u00e1rio mundial de pandemia e distanciamento social e com as nossas unidades fechadas temporariamente, a institui\u00e7\u00e3o ressignifica as formas de realiza\u00e7\u00e3o de sua programa\u00e7\u00e3o e rela\u00e7\u00e3o com seus p\u00fablicos, buscando nos recursos tecnol\u00f3gicos a promo\u00e7\u00e3o do encontro necess\u00e1rio, agora, em um ambiente digital. \u2018Brasil Vivo\u2019 \u00e9 uma oportunidade de viajar sem sair de casa, conhecer sobre o nosso rico patrim\u00f4nio cultural imaterial e aprender com as experi\u00eancias de quem vivencia as festas populares brasileiras\u201d,\u00a0diz Vitor Hugo Vieira, turism\u00f3logo e programador do Sesc Ribeir\u00e3o.<\/p>\n<p>&nbsp;<\/p>\n<p class=\"ql-align-justify\">A fotografia art\u00edstica de Andrea Goldschmidt \u00e9 a base para os encontros virtuais, toda quinta-feira neste m\u00eas de junho, sempre acompanhada de convidados locais das regi\u00f5es envolvidas, sendo uma oportunidade de conhecer um roteiro de turismo cultural. Nas lives, os internautas podem interagir mandando perguntas e ficar por dentro dos bastidores das manifesta\u00e7\u00f5es e tradi\u00e7\u00f5es abordadas.<\/p>\n<p class=\"ql-align-justify\"><strong><em>Convidados \u2013 \u2018<\/em>Maracatu de Baque Solto<em>\u2019:<\/em><\/strong><\/p>\n<p class=\"ql-align-justify\"><strong><em>Mestre Anderson Miguel<\/em><\/strong><\/p>\n<p class=\"ql-align-justify\"><em>Incentivado pela fam\u00edlia, aos oito anos ele j\u00e1 participava de ensaios e encontros de \u201cMaracatu de Baque Solto\u201d na Zona da Mata de Pernambuco. Depois assumiu o posto de contramestre dos veteranos Mestre Aderito, seu pai, e Mestre Z\u00e9 Flor, que lhe transmitiram o conhecimento sobre a pr\u00e1tica centen\u00e1ria do maracatu &#8211; tradi\u00e7\u00e3o popular de origem afro-ind\u00edgena elaborada por trabalhadores canavieiros do fim do s\u00e9culo XIX. Foi um longo caminho de prepara\u00e7\u00e3o para chegar at\u00e9 onde est\u00e1 hoje: aos 25 anos, Anderson \u00e9 cirandeiro respeitado e tamb\u00e9m mestre do \u00c1guia Misteriosa. Participou, ainda, do Cambinda Brasileira, o grupo de Baque Solto mais antigo em atividade, com 100 anos de hist\u00f3ria.<\/em><\/p>\n<p class=\"ql-align-justify\"><em>\u00a0<\/em><\/p>\n<p class=\"ql-align-justify\"><strong><em>Maria Alice Amorim<\/em><\/strong><\/p>\n<p class=\"ql-align-justify\"><em>Poeta, ensa\u00edsta, pesquisadora, jornalista, editora, atua nas conflu\u00eancias entre literatura, patrim\u00f4nio cultural, artes e comunica\u00e7\u00e3o. Mestra (2007) e doutora (2012) em Comunica\u00e7\u00e3o e Semi\u00f3tica pela PUC-SP, ministra cursos, oficinas, palestras sobre literatura e demais temas que pesquisa. Os textos n\u00e3o ficcionais que assina s\u00e3o um misto de ensaio liter\u00e1rio e jornalismo cultural. Estudiosa das po\u00e9ticas de tradi\u00e7\u00e3o oral e da literatura de cordel, mant\u00e9m acervo de cordel, cujo cat\u00e1logo se encontra dispon\u00edvel para consulta em\u00a0<\/em><a href=\"http:\/\/www.cibertecadecordel.com.br\/\" target=\"_blank\" rel=\"noopener noreferrer\"><em>www.cibertecadecordel.com.br<\/em><\/a><em>. Coordenou, de 2012 a 2013, o Invent\u00e1rio Nacional de Refer\u00eancias Culturais (INRC) dos maracatus de baque solto. Em decorr\u00eancia da pesquisa, escreveu o dossi\u00ea de candidatura e realizou o document\u00e1rio audiovisual de curta-metragem (roteiro e dire\u00e7\u00e3o), ambos apresentados ao Iphan (Instituto do Patrim\u00f4nio Hist\u00f3rico e Art\u00edstico Nacional) para a realiza\u00e7\u00e3o do registro do referido bem cultural como patrim\u00f4nio cultural imaterial do Brasil.<\/em><\/p>\n<p><a href=\"https:\/\/regiaonews.net.br\/2022\/wp-content\/uploads\/2021\/06\/d10fe762-2b30-4cc8-bf5d-7f465348403c.png\"><img loading=\"lazy\" decoding=\"async\" class=\"alignnone size-medium wp-image-48674\" src=\"https:\/\/regiaonews.net.br\/2022\/wp-content\/uploads\/2021\/06\/d10fe762-2b30-4cc8-bf5d-7f465348403c-300x196.png\" alt=\"\" width=\"300\" height=\"196\" \/><\/a><\/p>\n<p>O &#8216;Maracatu de Baque Solto&#8217; surgiu nos engenhos de cana-de-a\u00e7\u00facar, onde os trabalhadores se reuniam nos per\u00edodos de folga para brincar e festejar. Foto: Andrea Goldschmidt<\/p>\n<p class=\"ql-align-justify\"><strong> <a href=\"https:\/\/regiaonews.net.br\/2022\/wp-content\/uploads\/2021\/06\/75789da3-6e1b-41b2-9dc7-2596dfc576ac.jpg\"><img loading=\"lazy\" decoding=\"async\" class=\"alignnone size-medium wp-image-48675\" src=\"https:\/\/regiaonews.net.br\/2022\/wp-content\/uploads\/2021\/06\/75789da3-6e1b-41b2-9dc7-2596dfc576ac-300x200.jpg\" alt=\"\" width=\"300\" height=\"200\" \/><\/a><\/strong><\/p>\n<p>Maria Alice Amorim &#8211; poeta, ensa\u00edsta, pesquisadora, jornalista e editora &#8211; \u00e9 convidada especial para o bate-papo ao vivo. Foto: Paula Barreto<\/p>\n<p><a href=\"https:\/\/regiaonews.net.br\/2022\/wp-content\/uploads\/2021\/06\/3cb475e1-e93b-4208-ba1f-85d2ee1f6164.jpeg\"><img loading=\"lazy\" decoding=\"async\" class=\"alignnone size-medium wp-image-48676\" src=\"https:\/\/regiaonews.net.br\/2022\/wp-content\/uploads\/2021\/06\/3cb475e1-e93b-4208-ba1f-85d2ee1f6164-200x300.jpeg\" alt=\"\" width=\"200\" height=\"300\" \/><\/a><\/p>\n<p>Anderson Miguel,\u00a0cirandeiro e tamb\u00e9m mestre do \u00c1guia Misteriosa,\u00a0\u00e9 convidado especial para o bate-papo ao vivo. Foto: Jos\u00e9 de Holanda<\/p>\n<p><strong>SERVI\u00c7O<\/strong><\/p>\n<p><strong>Projeto: Brasil Vivo! Festas, Tradi\u00e7\u00f5es e Cultura Popular<\/strong><\/p>\n<p><strong>Tema: \u2018Maracatu de Baque Solto\u2019 de Nazar\u00e9 da Mata &#8211; Regi\u00e3o Nordeste (Pernambuco)<\/strong><\/p>\n<p><strong>Curadora:<\/strong>\u00a0Andrea Goldschmidt, fot\u00f3grafa e produtora audiovisual<\/p>\n<p><strong>Mediadora:<\/strong>\u00a0Vandreza Freiria, produtora cultural<\/p>\n<p><strong>Convidados:\u00a0<\/strong>Maria Alice Amorim (escritora e pesquisadora das po\u00e9ticas de tradi\u00e7\u00e3o oral e da literatura de cordel) e Anderson Miguel (mestre do Grupo de Maracatu \u00c1guia Misteriosa)<\/p>\n<p><strong>Data:<\/strong>\u00a0quinta-feira, 17 de junho<\/p>\n<p><strong>Hor\u00e1rio:<\/strong>\u00a019h30<\/p>\n<p><strong>Local:\u00a0<\/strong>Canal do YouTube do Sesc Ribeir\u00e3o \u2013\u00a0<a href=\"https:\/\/www.youtube.com\/watch?v=tiHkKeZ3Zfc\" target=\"_blank\" rel=\"noopener noreferrer\">https:\/\/www.youtube.com\/watch?v=tiHkKeZ3Zfc<\/a><\/p>\n<p><strong>Veja mais:\u00a0<\/strong><a href=\"https:\/\/www.festasbrasileiras.com.br\/maracatu-de-baque-solto\" target=\"_blank\" rel=\"noopener noreferrer\">https:\/\/www.festasbrasileiras.com.br\/maracatu-de-baque-solto<\/a><\/p>\n<p><strong>Programa\u00e7\u00e3o:\u00a0<\/strong>Cavalhadas de Piren\u00f3polis \u2013 Goi\u00e1s (24\/06), Semana Farroupilha de Porto Alegre &#8211; Rio Grande do Sul (01\/07) e Prociss\u00e3o das Almas de Mariana &#8211; Minas Gerais (08\/07) &#8211;\u00a0<a href=\"https:\/\/youtube.com\/sescribeirao?fbclid=IwAR2xOOqqwXoxA9ZmYhNr3Pndqw9lhtIKux-ela-tG2oz8KJNLTkLDRu56n8\" target=\"_blank\" rel=\"noopener noreferrer\">YouTube.com\/sescribeirao<\/a>.<\/p>\n","protected":false},"excerpt":{"rendered":"<p>O projeto virtual \u201cBrasil Vivo! Festas, Tradi\u00e7\u00f5es e Cultura Popular\u201d,<\/p>\n","protected":false},"author":2,"featured_media":48673,"comment_status":"open","ping_status":"open","sticky":false,"template":"","format":"standard","meta":{"footnotes":""},"categories":[1],"tags":[],"class_list":["post-48672","post","type-post","status-publish","format-standard","has-post-thumbnail","hentry","category-indefinido"],"yoast_head":"<!-- This site is optimized with the Yoast SEO plugin v27.4 - https:\/\/yoast.com\/product\/yoast-seo-wordpress\/ -->\n<title>O projeto virtual \u201cBrasil Vivo! Festas, Tradi\u00e7\u00f5es e Cultura Popular\u201d, promovido pelo Sesc Ribeir\u00e3o Preto - Regi\u00e3o News<\/title>\n<meta name=\"robots\" content=\"index, follow, max-snippet:-1, max-image-preview:large, max-video-preview:-1\" \/>\n<link rel=\"canonical\" href=\"https:\/\/regiaonews.net.br\/2022\/2021\/06\/15\/o-projeto-virtual-brasil-vivo-festas-tradicoes-e-cultura-popular-promovido-pelo-sesc-ribeirao-preto\/\" \/>\n<meta property=\"og:locale\" content=\"pt_BR\" \/>\n<meta property=\"og:type\" content=\"article\" \/>\n<meta property=\"og:title\" content=\"O projeto virtual \u201cBrasil Vivo! Festas, Tradi\u00e7\u00f5es e Cultura Popular\u201d, promovido pelo Sesc Ribeir\u00e3o Preto - Regi\u00e3o News\" \/>\n<meta property=\"og:description\" content=\"O projeto virtual \u201cBrasil Vivo! Festas, Tradi\u00e7\u00f5es e Cultura Popular\u201d,\" \/>\n<meta property=\"og:url\" content=\"https:\/\/regiaonews.net.br\/2022\/2021\/06\/15\/o-projeto-virtual-brasil-vivo-festas-tradicoes-e-cultura-popular-promovido-pelo-sesc-ribeirao-preto\/\" \/>\n<meta property=\"og:site_name\" content=\"Regi\u00e3o News\" \/>\n<meta property=\"article:published_time\" content=\"2021-06-15T14:10:13+00:00\" \/>\n<meta property=\"article:modified_time\" content=\"2021-06-15T14:14:56+00:00\" \/>\n<meta property=\"og:image\" content=\"https:\/\/regiaonews.net.br\/2022\/wp-content\/uploads\/2021\/06\/f9d5f7c4-5394-43be-9066-166c7c576d80.jpeg\" \/>\n\t<meta property=\"og:image:width\" content=\"1280\" \/>\n\t<meta property=\"og:image:height\" content=\"836\" \/>\n\t<meta property=\"og:image:type\" content=\"image\/jpeg\" \/>\n<meta name=\"author\" content=\"Roberto\" \/>\n<meta name=\"twitter:card\" content=\"summary_large_image\" \/>\n<meta name=\"twitter:label1\" content=\"Escrito por\" \/>\n\t<meta name=\"twitter:data1\" content=\"Roberto\" \/>\n\t<meta name=\"twitter:label2\" content=\"Est. tempo de leitura\" \/>\n\t<meta name=\"twitter:data2\" content=\"5 minutos\" \/>\n<script type=\"application\/ld+json\" class=\"yoast-schema-graph\">{\"@context\":\"https:\\\/\\\/schema.org\",\"@graph\":[{\"@type\":\"Article\",\"@id\":\"https:\\\/\\\/regiaonews.net.br\\\/2022\\\/2021\\\/06\\\/15\\\/o-projeto-virtual-brasil-vivo-festas-tradicoes-e-cultura-popular-promovido-pelo-sesc-ribeirao-preto\\\/#article\",\"isPartOf\":{\"@id\":\"https:\\\/\\\/regiaonews.net.br\\\/2022\\\/2021\\\/06\\\/15\\\/o-projeto-virtual-brasil-vivo-festas-tradicoes-e-cultura-popular-promovido-pelo-sesc-ribeirao-preto\\\/\"},\"author\":{\"name\":\"Roberto\",\"@id\":\"https:\\\/\\\/regiaonews.net.br\\\/2022\\\/#\\\/schema\\\/person\\\/2d205a608a5aa97ac279d7a5e6d89ad8\"},\"headline\":\"O projeto virtual \u201cBrasil Vivo! Festas, Tradi\u00e7\u00f5es e Cultura Popular\u201d, promovido pelo Sesc Ribeir\u00e3o Preto\",\"datePublished\":\"2021-06-15T14:10:13+00:00\",\"dateModified\":\"2021-06-15T14:14:56+00:00\",\"mainEntityOfPage\":{\"@id\":\"https:\\\/\\\/regiaonews.net.br\\\/2022\\\/2021\\\/06\\\/15\\\/o-projeto-virtual-brasil-vivo-festas-tradicoes-e-cultura-popular-promovido-pelo-sesc-ribeirao-preto\\\/\"},\"wordCount\":1020,\"commentCount\":0,\"publisher\":{\"@id\":\"https:\\\/\\\/regiaonews.net.br\\\/2022\\\/#organization\"},\"image\":{\"@id\":\"https:\\\/\\\/regiaonews.net.br\\\/2022\\\/2021\\\/06\\\/15\\\/o-projeto-virtual-brasil-vivo-festas-tradicoes-e-cultura-popular-promovido-pelo-sesc-ribeirao-preto\\\/#primaryimage\"},\"thumbnailUrl\":\"https:\\\/\\\/regiaonews.net.br\\\/2022\\\/wp-content\\\/uploads\\\/2021\\\/06\\\/f9d5f7c4-5394-43be-9066-166c7c576d80.jpeg\",\"articleSection\":[\"Indefinido\"],\"inLanguage\":\"pt-BR\",\"potentialAction\":[{\"@type\":\"CommentAction\",\"name\":\"Comment\",\"target\":[\"https:\\\/\\\/regiaonews.net.br\\\/2022\\\/2021\\\/06\\\/15\\\/o-projeto-virtual-brasil-vivo-festas-tradicoes-e-cultura-popular-promovido-pelo-sesc-ribeirao-preto\\\/#respond\"]}]},{\"@type\":\"WebPage\",\"@id\":\"https:\\\/\\\/regiaonews.net.br\\\/2022\\\/2021\\\/06\\\/15\\\/o-projeto-virtual-brasil-vivo-festas-tradicoes-e-cultura-popular-promovido-pelo-sesc-ribeirao-preto\\\/\",\"url\":\"https:\\\/\\\/regiaonews.net.br\\\/2022\\\/2021\\\/06\\\/15\\\/o-projeto-virtual-brasil-vivo-festas-tradicoes-e-cultura-popular-promovido-pelo-sesc-ribeirao-preto\\\/\",\"name\":\"O projeto virtual \u201cBrasil Vivo! Festas, Tradi\u00e7\u00f5es e Cultura Popular\u201d, promovido pelo Sesc Ribeir\u00e3o Preto - Regi\u00e3o News\",\"isPartOf\":{\"@id\":\"https:\\\/\\\/regiaonews.net.br\\\/2022\\\/#website\"},\"primaryImageOfPage\":{\"@id\":\"https:\\\/\\\/regiaonews.net.br\\\/2022\\\/2021\\\/06\\\/15\\\/o-projeto-virtual-brasil-vivo-festas-tradicoes-e-cultura-popular-promovido-pelo-sesc-ribeirao-preto\\\/#primaryimage\"},\"image\":{\"@id\":\"https:\\\/\\\/regiaonews.net.br\\\/2022\\\/2021\\\/06\\\/15\\\/o-projeto-virtual-brasil-vivo-festas-tradicoes-e-cultura-popular-promovido-pelo-sesc-ribeirao-preto\\\/#primaryimage\"},\"thumbnailUrl\":\"https:\\\/\\\/regiaonews.net.br\\\/2022\\\/wp-content\\\/uploads\\\/2021\\\/06\\\/f9d5f7c4-5394-43be-9066-166c7c576d80.jpeg\",\"datePublished\":\"2021-06-15T14:10:13+00:00\",\"dateModified\":\"2021-06-15T14:14:56+00:00\",\"breadcrumb\":{\"@id\":\"https:\\\/\\\/regiaonews.net.br\\\/2022\\\/2021\\\/06\\\/15\\\/o-projeto-virtual-brasil-vivo-festas-tradicoes-e-cultura-popular-promovido-pelo-sesc-ribeirao-preto\\\/#breadcrumb\"},\"inLanguage\":\"pt-BR\",\"potentialAction\":[{\"@type\":\"ReadAction\",\"target\":[\"https:\\\/\\\/regiaonews.net.br\\\/2022\\\/2021\\\/06\\\/15\\\/o-projeto-virtual-brasil-vivo-festas-tradicoes-e-cultura-popular-promovido-pelo-sesc-ribeirao-preto\\\/\"]}]},{\"@type\":\"ImageObject\",\"inLanguage\":\"pt-BR\",\"@id\":\"https:\\\/\\\/regiaonews.net.br\\\/2022\\\/2021\\\/06\\\/15\\\/o-projeto-virtual-brasil-vivo-festas-tradicoes-e-cultura-popular-promovido-pelo-sesc-ribeirao-preto\\\/#primaryimage\",\"url\":\"https:\\\/\\\/regiaonews.net.br\\\/2022\\\/wp-content\\\/uploads\\\/2021\\\/06\\\/f9d5f7c4-5394-43be-9066-166c7c576d80.jpeg\",\"contentUrl\":\"https:\\\/\\\/regiaonews.net.br\\\/2022\\\/wp-content\\\/uploads\\\/2021\\\/06\\\/f9d5f7c4-5394-43be-9066-166c7c576d80.jpeg\",\"width\":1280,\"height\":836},{\"@type\":\"BreadcrumbList\",\"@id\":\"https:\\\/\\\/regiaonews.net.br\\\/2022\\\/2021\\\/06\\\/15\\\/o-projeto-virtual-brasil-vivo-festas-tradicoes-e-cultura-popular-promovido-pelo-sesc-ribeirao-preto\\\/#breadcrumb\",\"itemListElement\":[{\"@type\":\"ListItem\",\"position\":1,\"name\":\"In\u00edcio\",\"item\":\"https:\\\/\\\/regiaonews.net.br\\\/2022\\\/\"},{\"@type\":\"ListItem\",\"position\":2,\"name\":\"O projeto virtual \u201cBrasil Vivo! Festas, Tradi\u00e7\u00f5es e Cultura Popular\u201d, promovido pelo Sesc Ribeir\u00e3o Preto\"}]},{\"@type\":\"WebSite\",\"@id\":\"https:\\\/\\\/regiaonews.net.br\\\/2022\\\/#website\",\"url\":\"https:\\\/\\\/regiaonews.net.br\\\/2022\\\/\",\"name\":\"Regi\u00e3o News\",\"description\":\"Site de Not\u00edcias de Barretos e regi\u00e3o\",\"publisher\":{\"@id\":\"https:\\\/\\\/regiaonews.net.br\\\/2022\\\/#organization\"},\"potentialAction\":[{\"@type\":\"SearchAction\",\"target\":{\"@type\":\"EntryPoint\",\"urlTemplate\":\"https:\\\/\\\/regiaonews.net.br\\\/2022\\\/?s={search_term_string}\"},\"query-input\":{\"@type\":\"PropertyValueSpecification\",\"valueRequired\":true,\"valueName\":\"search_term_string\"}}],\"inLanguage\":\"pt-BR\"},{\"@type\":\"Organization\",\"@id\":\"https:\\\/\\\/regiaonews.net.br\\\/2022\\\/#organization\",\"name\":\"Regi\u00e3o News\",\"url\":\"https:\\\/\\\/regiaonews.net.br\\\/2022\\\/\",\"logo\":{\"@type\":\"ImageObject\",\"inLanguage\":\"pt-BR\",\"@id\":\"https:\\\/\\\/regiaonews.net.br\\\/2022\\\/#\\\/schema\\\/logo\\\/image\\\/\",\"url\":\"https:\\\/\\\/regiaonews.net.br\\\/2022\\\/wp-content\\\/uploads\\\/2026\\\/03\\\/regiao-13-anos-scaled.jpg\",\"contentUrl\":\"https:\\\/\\\/regiaonews.net.br\\\/2022\\\/wp-content\\\/uploads\\\/2026\\\/03\\\/regiao-13-anos-scaled.jpg\",\"width\":2560,\"height\":635,\"caption\":\"Regi\u00e3o News\"},\"image\":{\"@id\":\"https:\\\/\\\/regiaonews.net.br\\\/2022\\\/#\\\/schema\\\/logo\\\/image\\\/\"}},{\"@type\":\"Person\",\"@id\":\"https:\\\/\\\/regiaonews.net.br\\\/2022\\\/#\\\/schema\\\/person\\\/2d205a608a5aa97ac279d7a5e6d89ad8\",\"name\":\"Roberto\",\"image\":{\"@type\":\"ImageObject\",\"inLanguage\":\"pt-BR\",\"@id\":\"https:\\\/\\\/secure.gravatar.com\\\/avatar\\\/42749d8b712ff9d59ca93dc150494e5b55a44134482993f5baeb97e61b7ecc89?s=96&d=mm&r=g\",\"url\":\"https:\\\/\\\/secure.gravatar.com\\\/avatar\\\/42749d8b712ff9d59ca93dc150494e5b55a44134482993f5baeb97e61b7ecc89?s=96&d=mm&r=g\",\"contentUrl\":\"https:\\\/\\\/secure.gravatar.com\\\/avatar\\\/42749d8b712ff9d59ca93dc150494e5b55a44134482993f5baeb97e61b7ecc89?s=96&d=mm&r=g\",\"caption\":\"Roberto\"},\"url\":\"https:\\\/\\\/regiaonews.net.br\\\/2022\\\/author\\\/roberto\\\/\"}]}<\/script>\n<!-- \/ Yoast SEO plugin. -->","yoast_head_json":{"title":"O projeto virtual \u201cBrasil Vivo! Festas, Tradi\u00e7\u00f5es e Cultura Popular\u201d, promovido pelo Sesc Ribeir\u00e3o Preto - Regi\u00e3o News","robots":{"index":"index","follow":"follow","max-snippet":"max-snippet:-1","max-image-preview":"max-image-preview:large","max-video-preview":"max-video-preview:-1"},"canonical":"https:\/\/regiaonews.net.br\/2022\/2021\/06\/15\/o-projeto-virtual-brasil-vivo-festas-tradicoes-e-cultura-popular-promovido-pelo-sesc-ribeirao-preto\/","og_locale":"pt_BR","og_type":"article","og_title":"O projeto virtual \u201cBrasil Vivo! Festas, Tradi\u00e7\u00f5es e Cultura Popular\u201d, promovido pelo Sesc Ribeir\u00e3o Preto - Regi\u00e3o News","og_description":"O projeto virtual \u201cBrasil Vivo! Festas, Tradi\u00e7\u00f5es e Cultura Popular\u201d,","og_url":"https:\/\/regiaonews.net.br\/2022\/2021\/06\/15\/o-projeto-virtual-brasil-vivo-festas-tradicoes-e-cultura-popular-promovido-pelo-sesc-ribeirao-preto\/","og_site_name":"Regi\u00e3o News","article_published_time":"2021-06-15T14:10:13+00:00","article_modified_time":"2021-06-15T14:14:56+00:00","og_image":[{"width":1280,"height":836,"url":"https:\/\/regiaonews.net.br\/2022\/wp-content\/uploads\/2021\/06\/f9d5f7c4-5394-43be-9066-166c7c576d80.jpeg","type":"image\/jpeg"}],"author":"Roberto","twitter_card":"summary_large_image","twitter_misc":{"Escrito por":"Roberto","Est. tempo de leitura":"5 minutos"},"schema":{"@context":"https:\/\/schema.org","@graph":[{"@type":"Article","@id":"https:\/\/regiaonews.net.br\/2022\/2021\/06\/15\/o-projeto-virtual-brasil-vivo-festas-tradicoes-e-cultura-popular-promovido-pelo-sesc-ribeirao-preto\/#article","isPartOf":{"@id":"https:\/\/regiaonews.net.br\/2022\/2021\/06\/15\/o-projeto-virtual-brasil-vivo-festas-tradicoes-e-cultura-popular-promovido-pelo-sesc-ribeirao-preto\/"},"author":{"name":"Roberto","@id":"https:\/\/regiaonews.net.br\/2022\/#\/schema\/person\/2d205a608a5aa97ac279d7a5e6d89ad8"},"headline":"O projeto virtual \u201cBrasil Vivo! Festas, Tradi\u00e7\u00f5es e Cultura Popular\u201d, promovido pelo Sesc Ribeir\u00e3o Preto","datePublished":"2021-06-15T14:10:13+00:00","dateModified":"2021-06-15T14:14:56+00:00","mainEntityOfPage":{"@id":"https:\/\/regiaonews.net.br\/2022\/2021\/06\/15\/o-projeto-virtual-brasil-vivo-festas-tradicoes-e-cultura-popular-promovido-pelo-sesc-ribeirao-preto\/"},"wordCount":1020,"commentCount":0,"publisher":{"@id":"https:\/\/regiaonews.net.br\/2022\/#organization"},"image":{"@id":"https:\/\/regiaonews.net.br\/2022\/2021\/06\/15\/o-projeto-virtual-brasil-vivo-festas-tradicoes-e-cultura-popular-promovido-pelo-sesc-ribeirao-preto\/#primaryimage"},"thumbnailUrl":"https:\/\/regiaonews.net.br\/2022\/wp-content\/uploads\/2021\/06\/f9d5f7c4-5394-43be-9066-166c7c576d80.jpeg","articleSection":["Indefinido"],"inLanguage":"pt-BR","potentialAction":[{"@type":"CommentAction","name":"Comment","target":["https:\/\/regiaonews.net.br\/2022\/2021\/06\/15\/o-projeto-virtual-brasil-vivo-festas-tradicoes-e-cultura-popular-promovido-pelo-sesc-ribeirao-preto\/#respond"]}]},{"@type":"WebPage","@id":"https:\/\/regiaonews.net.br\/2022\/2021\/06\/15\/o-projeto-virtual-brasil-vivo-festas-tradicoes-e-cultura-popular-promovido-pelo-sesc-ribeirao-preto\/","url":"https:\/\/regiaonews.net.br\/2022\/2021\/06\/15\/o-projeto-virtual-brasil-vivo-festas-tradicoes-e-cultura-popular-promovido-pelo-sesc-ribeirao-preto\/","name":"O projeto virtual \u201cBrasil Vivo! Festas, Tradi\u00e7\u00f5es e Cultura Popular\u201d, promovido pelo Sesc Ribeir\u00e3o Preto - Regi\u00e3o News","isPartOf":{"@id":"https:\/\/regiaonews.net.br\/2022\/#website"},"primaryImageOfPage":{"@id":"https:\/\/regiaonews.net.br\/2022\/2021\/06\/15\/o-projeto-virtual-brasil-vivo-festas-tradicoes-e-cultura-popular-promovido-pelo-sesc-ribeirao-preto\/#primaryimage"},"image":{"@id":"https:\/\/regiaonews.net.br\/2022\/2021\/06\/15\/o-projeto-virtual-brasil-vivo-festas-tradicoes-e-cultura-popular-promovido-pelo-sesc-ribeirao-preto\/#primaryimage"},"thumbnailUrl":"https:\/\/regiaonews.net.br\/2022\/wp-content\/uploads\/2021\/06\/f9d5f7c4-5394-43be-9066-166c7c576d80.jpeg","datePublished":"2021-06-15T14:10:13+00:00","dateModified":"2021-06-15T14:14:56+00:00","breadcrumb":{"@id":"https:\/\/regiaonews.net.br\/2022\/2021\/06\/15\/o-projeto-virtual-brasil-vivo-festas-tradicoes-e-cultura-popular-promovido-pelo-sesc-ribeirao-preto\/#breadcrumb"},"inLanguage":"pt-BR","potentialAction":[{"@type":"ReadAction","target":["https:\/\/regiaonews.net.br\/2022\/2021\/06\/15\/o-projeto-virtual-brasil-vivo-festas-tradicoes-e-cultura-popular-promovido-pelo-sesc-ribeirao-preto\/"]}]},{"@type":"ImageObject","inLanguage":"pt-BR","@id":"https:\/\/regiaonews.net.br\/2022\/2021\/06\/15\/o-projeto-virtual-brasil-vivo-festas-tradicoes-e-cultura-popular-promovido-pelo-sesc-ribeirao-preto\/#primaryimage","url":"https:\/\/regiaonews.net.br\/2022\/wp-content\/uploads\/2021\/06\/f9d5f7c4-5394-43be-9066-166c7c576d80.jpeg","contentUrl":"https:\/\/regiaonews.net.br\/2022\/wp-content\/uploads\/2021\/06\/f9d5f7c4-5394-43be-9066-166c7c576d80.jpeg","width":1280,"height":836},{"@type":"BreadcrumbList","@id":"https:\/\/regiaonews.net.br\/2022\/2021\/06\/15\/o-projeto-virtual-brasil-vivo-festas-tradicoes-e-cultura-popular-promovido-pelo-sesc-ribeirao-preto\/#breadcrumb","itemListElement":[{"@type":"ListItem","position":1,"name":"In\u00edcio","item":"https:\/\/regiaonews.net.br\/2022\/"},{"@type":"ListItem","position":2,"name":"O projeto virtual \u201cBrasil Vivo! Festas, Tradi\u00e7\u00f5es e Cultura Popular\u201d, promovido pelo Sesc Ribeir\u00e3o Preto"}]},{"@type":"WebSite","@id":"https:\/\/regiaonews.net.br\/2022\/#website","url":"https:\/\/regiaonews.net.br\/2022\/","name":"Regi\u00e3o News","description":"Site de Not\u00edcias de Barretos e regi\u00e3o","publisher":{"@id":"https:\/\/regiaonews.net.br\/2022\/#organization"},"potentialAction":[{"@type":"SearchAction","target":{"@type":"EntryPoint","urlTemplate":"https:\/\/regiaonews.net.br\/2022\/?s={search_term_string}"},"query-input":{"@type":"PropertyValueSpecification","valueRequired":true,"valueName":"search_term_string"}}],"inLanguage":"pt-BR"},{"@type":"Organization","@id":"https:\/\/regiaonews.net.br\/2022\/#organization","name":"Regi\u00e3o News","url":"https:\/\/regiaonews.net.br\/2022\/","logo":{"@type":"ImageObject","inLanguage":"pt-BR","@id":"https:\/\/regiaonews.net.br\/2022\/#\/schema\/logo\/image\/","url":"https:\/\/regiaonews.net.br\/2022\/wp-content\/uploads\/2026\/03\/regiao-13-anos-scaled.jpg","contentUrl":"https:\/\/regiaonews.net.br\/2022\/wp-content\/uploads\/2026\/03\/regiao-13-anos-scaled.jpg","width":2560,"height":635,"caption":"Regi\u00e3o News"},"image":{"@id":"https:\/\/regiaonews.net.br\/2022\/#\/schema\/logo\/image\/"}},{"@type":"Person","@id":"https:\/\/regiaonews.net.br\/2022\/#\/schema\/person\/2d205a608a5aa97ac279d7a5e6d89ad8","name":"Roberto","image":{"@type":"ImageObject","inLanguage":"pt-BR","@id":"https:\/\/secure.gravatar.com\/avatar\/42749d8b712ff9d59ca93dc150494e5b55a44134482993f5baeb97e61b7ecc89?s=96&d=mm&r=g","url":"https:\/\/secure.gravatar.com\/avatar\/42749d8b712ff9d59ca93dc150494e5b55a44134482993f5baeb97e61b7ecc89?s=96&d=mm&r=g","contentUrl":"https:\/\/secure.gravatar.com\/avatar\/42749d8b712ff9d59ca93dc150494e5b55a44134482993f5baeb97e61b7ecc89?s=96&d=mm&r=g","caption":"Roberto"},"url":"https:\/\/regiaonews.net.br\/2022\/author\/roberto\/"}]}},"publishpress_future_action":{"enabled":false,"date":"2026-05-03 10:00:35","action":"change-status","newStatus":"draft","terms":[],"taxonomy":"category","extraData":[]},"publishpress_future_workflow_manual_trigger":{"enabledWorkflows":[]},"_links":{"self":[{"href":"https:\/\/regiaonews.net.br\/2022\/wp-json\/wp\/v2\/posts\/48672","targetHints":{"allow":["GET"]}}],"collection":[{"href":"https:\/\/regiaonews.net.br\/2022\/wp-json\/wp\/v2\/posts"}],"about":[{"href":"https:\/\/regiaonews.net.br\/2022\/wp-json\/wp\/v2\/types\/post"}],"author":[{"embeddable":true,"href":"https:\/\/regiaonews.net.br\/2022\/wp-json\/wp\/v2\/users\/2"}],"replies":[{"embeddable":true,"href":"https:\/\/regiaonews.net.br\/2022\/wp-json\/wp\/v2\/comments?post=48672"}],"version-history":[{"count":0,"href":"https:\/\/regiaonews.net.br\/2022\/wp-json\/wp\/v2\/posts\/48672\/revisions"}],"wp:featuredmedia":[{"embeddable":true,"href":"https:\/\/regiaonews.net.br\/2022\/wp-json\/wp\/v2\/media\/48673"}],"wp:attachment":[{"href":"https:\/\/regiaonews.net.br\/2022\/wp-json\/wp\/v2\/media?parent=48672"}],"wp:term":[{"taxonomy":"category","embeddable":true,"href":"https:\/\/regiaonews.net.br\/2022\/wp-json\/wp\/v2\/categories?post=48672"},{"taxonomy":"post_tag","embeddable":true,"href":"https:\/\/regiaonews.net.br\/2022\/wp-json\/wp\/v2\/tags?post=48672"}],"curies":[{"name":"wp","href":"https:\/\/api.w.org\/{rel}","templated":true}]}}