{"id":48669,"date":"2021-06-15T11:01:14","date_gmt":"2021-06-15T14:01:14","guid":{"rendered":"https:\/\/regiaonews.net.br\/2022\/?p=48669"},"modified":"2021-06-15T11:01:14","modified_gmt":"2021-06-15T14:01:14","slug":"jacque-falcheti-e-flavio-vasconcelos-lancam-segundo-disco-passim-ii","status":"publish","type":"post","link":"https:\/\/regiaonews.net.br\/2022\/2021\/06\/15\/jacque-falcheti-e-flavio-vasconcelos-lancam-segundo-disco-passim-ii\/","title":{"rendered":"Jacque Falcheti e Fl\u00e1vio Vasconcelos  lan\u00e7am segundo disco \u2018Passim II\u2019"},"content":{"rendered":"<p><a href=\"https:\/\/regiaonews.net.br\/2022\/wp-content\/uploads\/2021\/06\/f1cc7051-3bf5-4ee6-8274-a58ee7a8968a.jpeg\"><img loading=\"lazy\" decoding=\"async\" class=\"alignnone size-medium wp-image-48670\" src=\"https:\/\/regiaonews.net.br\/2022\/wp-content\/uploads\/2021\/06\/f1cc7051-3bf5-4ee6-8274-a58ee7a8968a-300x200.jpeg\" alt=\"\" width=\"300\" height=\"200\" \/><\/a><\/p>\n<p class=\"ql-align-justify\">\u201cPassim II\u201d, o segundo disco de Jacque Falcheti e Fl\u00e1vio Vasconcelos &#8211; que formam o duo Passim -, ser\u00e1 lan\u00e7ado nas plataformas digitais na sexta-feira (18\/06) e apresenta um mosaico de influ\u00eancias do mundo ib\u00e9rico na cultura brasileira. Em uma atmosfera movida pela saudade al\u00e9m-mar, pelas cantigas, pelo imagin\u00e1rio de trovadores e navegantes, o \u00e1lbum cria e recria pontes transatl\u00e2nticas. O show virtual de lan\u00e7amento do CD acontece no mesmo dia, \u00e0s 20h, no canal do grupo no YouTube (<a href=\"http:\/\/www.youtube.com\/duopassim\" target=\"_blank\" rel=\"noopener noreferrer\">www.youtube.com\/duopassim<\/a>).<\/p>\n<p class=\"ql-align-justify\">\n<p class=\"ql-align-justify\">Com dire\u00e7\u00e3o musical de Andrea dos Guimar\u00e3es, o \u00e1lbum \u201cPassim II\u201d foi gravado em sexteto. Na forma\u00e7\u00e3o composta por m\u00fasicos do interior paulista, Jacque Falcheti (voz e pandeiro) e Fl\u00e1vio Vasconcelos (arranjos, viol\u00e3o e voz) s\u00e3o acompanhados por Melina Cabral (vibrafone, percuss\u00e3o), Jonas Moncaio (violoncelo), Rodrigo M\u00fcller (corne ingl\u00eas, obo\u00e9, flauta) e Rui Kleiner (bandolim). O \u00e1lbum \u00e9 uma realiza\u00e7\u00e3o do Governo do Estado de S\u00e3o Paulo, por meio da Secretaria de Cultura e Economia Criativa, e faz parte do projeto Passim, premiado pelo ProAC (Programa de A\u00e7\u00e3o Cultural).<\/p>\n<p class=\"ql-align-justify\">\n<p class=\"ql-align-justify\">Neste projeto, a inten\u00e7\u00e3o art\u00edstica foi a de homenagear uma importante raiz da cultura brasileira: o universo ib\u00e9rico e a sua miscigena\u00e7\u00e3o de s\u00e9culos, que ainda passa distante de entendimentos das suas conex\u00f5es com outros povos do mundo, e com a pr\u00f3pria forma\u00e7\u00e3o do povo brasileiro.<\/p>\n<p class=\"ql-align-justify\">\n<p class=\"ql-align-justify\">Todo repert\u00f3rio e as interpreta\u00e7\u00f5es do novo disco remetem a uma imers\u00e3o pessoal de Fl\u00e1vio e Jacque, que come\u00e7ou h\u00e1 cinco anos, durante uma resid\u00eancia art\u00edstica em Portugal. Essa experi\u00eancia resultou no lan\u00e7amento do primeiro CD \u201cPassim\u201d, lan\u00e7ado em 2016, com composi\u00e7\u00f5es de Fl\u00e1vio e produzido pelo Musib\u00e9ria (Centro Internacional de M\u00fasica e Dan\u00e7as do Mundo Ib\u00e9rico), na cidade portuguesa de Serpa.<\/p>\n<p class=\"ql-align-justify\">\n<p class=\"ql-align-justify\">\u201cFoi um mergulho no passado, mas com os nossos olhos, a nossa perspectiva desse mundo ib\u00e9rico de tantos povos, n\u00e3o s\u00f3 os portugueses e espanh\u00f3is, mas \u00e1rabes, mouros, africanos, seguindo esse mar, esse caminho, essa navega\u00e7\u00e3o. Enquanto a gente fechava um ciclo (primeiro disco), um novo caminho foi se abrindo para o \u2018Passim II\u2019\u201d, explica Jacque.<\/p>\n<p class=\"ql-align-justify\">\n<p class=\"ql-align-justify\">Durante suas turn\u00eas no exterior, Jacque e Fl\u00e1vio se encantaram com as semelhan\u00e7as e simetrias do fado com a m\u00fasica caipira e com o choro, do flamenco espanhol e dos cantos alentejanos portugueses com as cantorias nordestinas dos repentes. \u201cA gente frequentava as casas de fado portuguesas, conversava com os m\u00fasicos, e essa experi\u00eancia ib\u00e9rica trouxe muitas inspira\u00e7\u00f5es. De certa maneira, tudo isso nos estimulou para a cria\u00e7\u00e3o de outros elementos para os pr\u00f3ximos passos musicais\u201d, complementa a cantora.<\/p>\n<p class=\"ql-align-justify\">\n<p class=\"ql-align-justify\">Assim nasce \u201cPassim II\u201d, um \u00e1lbum que ressignifica contextos hist\u00f3ricos atrav\u00e9s da poesia musical, tocada e cantada, bem como da aproxima\u00e7\u00e3o da can\u00e7\u00e3o popular com a m\u00fasica erudita, com estilos da m\u00fasica popular interpretados com uma forma\u00e7\u00e3o inusitada onde todos os arranjos s\u00e3o escritos. \u201cA nossa forma\u00e7\u00e3o em sexteto tem instrumentos musicais ac\u00fasticos de origem cl\u00e1ssica, mas costumamos dizer que tocamos \u2018m\u00fasica camer\u00edstica popular brasileira\u2019\u201d, refor\u00e7a Fl\u00e1vio.<\/p>\n<p class=\"ql-align-justify\">\n<p class=\"ql-align-justify\">Para a diretora musical Andrea dos Guimar\u00e3es, acompanhar a constru\u00e7\u00e3o do novo \u00e1lbum do duo encheu seu cora\u00e7\u00e3o de esperan\u00e7a e reflex\u00e3o de que, apesar das dificuldades de se fazer m\u00fasica no Brasil, bons ventos sempre estar\u00e3o por vir.\u00a0Ela destaca a seriedade e a profundidade com que Jacque e Fl\u00e1vio exercem esse of\u00edcio, estampadas em cada etapa do disco.<\/p>\n<p class=\"ql-align-justify\">\n<p class=\"ql-align-justify\">\u201cO cuidado com a escolha do repert\u00f3rio, na po\u00e9tica das letras, na beleza contada por cada arranjo elaborado, na singularidade da forma\u00e7\u00e3o camer\u00edstica, que rompe delicadamente com a divis\u00e3o erudito-popular. Na interpreta\u00e7\u00e3o do canto, que passeia livre e intensamente por melodias complexas, valorizando cada palavra. Nas cordas do viol\u00e3o que, com presen\u00e7a e propriedade, preenche, abra\u00e7a e reverencia\u00a0a cultura brasileira e sua influ\u00eancia ib\u00e9rica. O \u00e1lbum novo \u2018Passim II\u2019 nos faz flutuar por paisagens, est\u00f3rias, mem\u00f3rias, lindas melodias, timbres marcantes e muito sentimento\u201d, diz Andrea.<\/p>\n<p class=\"ql-align-justify\">\n<p class=\"ql-align-justify\"><strong>O DISCO<\/strong><\/p>\n<p class=\"ql-align-justify\"><strong>\u00a0<\/strong><\/p>\n<p class=\"ql-align-justify\">Com 10 faixas, o repert\u00f3rio de \u201cPassim II\u201d traz epopeias e hist\u00f3rias do mundo ib\u00e9rico, das influ\u00eancias na m\u00fasica brasileira, melodias e poesias que contam da saudade, do al\u00e9m-mar atrav\u00e9s de modinhas, choros, samba-can\u00e7\u00e3o, fados, xotes, m\u00fasica caipira, entre outras linguagens.<\/p>\n<p class=\"ql-align-justify\">\n<p class=\"ql-align-justify\">\u201cFado Bruto\u201d, m\u00fasica composta por Fl\u00e1vio Vasconcelos especialmente para o disco, revela seu inc\u00f4modo em torno da hist\u00f3ria da coloniza\u00e7\u00e3o do Brasil, com uma est\u00f3ria de amor e desamor entre a terra Brasilis e o invasor. \u201cN\u00e3o tem como ignorar o lado cruel, desumano desta hist\u00f3ria toda. Na verdade, \u00e9 um amor t\u00f3xico, com elementos complicados e complexos. Por isso, tem inspira\u00e7\u00e3o livre no fado, um ritmo muito teatral, descontente, aventureiro, narcisista, que passa uma for\u00e7a muito grande e complementa com a imponente interpreta\u00e7\u00e3o de Jacque\u201d, ressalta Fl\u00e1vio.<\/p>\n<p class=\"ql-align-justify\">A can\u00e7\u00e3o traz uma instrumenta\u00e7\u00e3o de c\u00e2mara com vibrafone, obo\u00e9, bandolim e violoncelo, e a melodia brinca com v\u00e1rios elementos, at\u00e9 circenses. \u201c\u00c9 uma s\u00e1tira, meio jocosa, c\u00ednica, petulante. \u00c9 uma cena para contar essa hist\u00f3ria do\u00edda e pesada que n\u00f3s, at\u00e9 hoje, carregamos\u201d, completa o m\u00fasico.<\/p>\n<p class=\"ql-align-justify\">\n<p class=\"ql-align-justify\">Ritmos dan\u00e7antes como o xote marcam presen\u00e7a na m\u00fasica \u201cAos olhos do Tejo\u201d, de Fl\u00e1vio Vasconcelos, que mescla influ\u00eancias da cultura brasileira e \u00e1rabe, arranjada com flauta, tri\u00e2ngulo, zabumba, pandeiro e obo\u00e9. \u201c\u00c9 uma composi\u00e7\u00e3o intuitiva, alegre e espirituosa. O arranjo mostra essa influ\u00eancia, com algumas escalas que brilham desde o come\u00e7o, costurando a m\u00fasica, trazendo essa sonoridade modal, com o final que lembra frevo ou arrasta-p\u00e9\u201d, explica Fl\u00e1vio.<\/p>\n<p class=\"ql-align-justify\">\n<p class=\"ql-align-justify\">Com participa\u00e7\u00e3o especial da cantora M\u00f4nica Salmaso, \u201cBeira do Mato\u201d, de autoria de Gui Silveiras e Andr\u00e9 Fernandes, destaca a alma caipira do sertanejo e a conviv\u00eancia com a natureza. \u201cOs ritmos desta faixa dialogam com as influ\u00eancias ib\u00e9ricas e trazem a tem\u00e1tica buc\u00f3lica, representando o colorido e a simplicidade do interior, onde o Passim nasceu\u201d, comenta Jacque.<\/p>\n<p class=\"ql-align-justify\">\n<p class=\"ql-align-justify\">A ciranda \u201cAcorda Povo\u201d, do compositor Jonathan Silva, segue no ritmo do movimento do mar. Com marcha, cortejo, estandarte e canto coletivo, a can\u00e7\u00e3o remete \u00e0s can\u00e7\u00f5es da cultura popular. \u201c\u00c9 uma m\u00fasica de esperan\u00e7a, muito importante para esse momento que a gente vive no mundo. Ela traz for\u00e7a, coletividade e uni\u00e3o\u201d, diz Jacque.<\/p>\n<p class=\"ql-align-justify\">\n<p class=\"ql-align-justify\">A leveza e o minimalismo de \u201cFilha do Barro\u201d, de Andr\u00e9 Lu\u00eds e Fran Florestelar, e \u201cCurso do Vento\u201d, de Fl\u00e1vio Vasconcelos, proporcionam um respiro ao disco, com interpreta\u00e7\u00e3o impec\u00e1vel apenas com voz e viol\u00e3o. Ambas as can\u00e7\u00f5es t\u00eam participa\u00e7\u00e3o especial da diretora musical Andrea dos Guimar\u00e3es, como cantora. \u201c\u2018Curso do Vento\u2019 \u00e9 uma m\u00fasica de 2016, que fala de esperan\u00e7a. Ela nasce da dor, de um momento um pouco tenebroso da nossa hist\u00f3ria, que talvez seja um marco sociopol\u00edtico, onde come\u00e7amos a enxergar uma polariza\u00e7\u00e3o social muito absurda. A vida passa por um processo c\u00edclico, de altos e baixos, \u00e9 natural, e a gente observa isso atrav\u00e9s dos s\u00e9culos. O nosso coro canta o sentimento da esperan\u00e7a, da luz no final do t\u00fanel\u201d, finaliza Fl\u00e1vio.<\/p>\n<p class=\"ql-align-justify\">\n<p class=\"ql-align-justify\">Na s\u00e9rie \u201cFaixa a Faixa &#8211; Passim II\u201d, lan\u00e7ada em seu canal do YouTube (<a href=\"http:\/\/www.youtube.com\/duopassim\" target=\"_blank\" rel=\"noopener noreferrer\">youtube.com\/duopassim<\/a>), o duo conversa sobre cada uma das m\u00fasicas do \u00e1lbum, trazendo mem\u00f3rias, afetos e hist\u00f3rias por tr\u00e1s das composi\u00e7\u00f5es e a escolha das can\u00e7\u00f5es.<\/p>\n<p><strong>\u00a0<\/strong><\/p>\n<p class=\"ql-align-justify\"><strong>SERVI\u00c7O<\/strong><\/p>\n<p class=\"ql-align-justify\"><strong>Show de lan\u00e7amento do CD \u2018Passim II\u2019<\/strong><\/p>\n<p class=\"ql-align-justify\"><strong>Data:\u00a0<\/strong>sexta-feira, 18 de junho, \u00e0s 20 horas<\/p>\n<p class=\"ql-align-justify\"><strong>Local:\u00a0<\/strong>canal do DuoPassim no YouTube:\u00a0<a href=\"http:\/\/www.youtube.com\/duopassim\" target=\"_blank\" rel=\"noopener noreferrer\">youtube.com\/duopassim<\/a><\/p>\n<p class=\"ql-align-justify\"><strong>Onde ouvir o CD:<\/strong>\u00a0todas as plataformas digitais &#8211;\u00a0<a href=\"https:\/\/tratore.ffm.to\/passim2\" target=\"_blank\" rel=\"noopener noreferrer\">https:\/\/tratore.ffm.to\/passim2<\/a><\/p>\n<p class=\"ql-align-justify\"><strong>Redes sociais:<\/strong><\/p>\n<p class=\"ql-align-justify\"><a href=\"http:\/\/www.instagram.com\/duopassim\/\" target=\"_blank\" rel=\"noopener noreferrer\">www.instagram.com\/duopassim\/<\/a><\/p>\n<p class=\"ql-align-justify\"><a href=\"http:\/\/www.facebook.com\/duopassim\" target=\"_blank\" rel=\"noopener noreferrer\">www.facebook.com\/duopassim<\/a><\/p>\n","protected":false},"excerpt":{"rendered":"<p>\u201cPassim II\u201d, o segundo disco de Jacque Falcheti e Fl\u00e1vio<\/p>\n","protected":false},"author":2,"featured_media":48670,"comment_status":"open","ping_status":"open","sticky":false,"template":"","format":"standard","meta":{"footnotes":""},"categories":[1],"tags":[],"class_list":["post-48669","post","type-post","status-publish","format-standard","has-post-thumbnail","hentry","category-indefinido"],"yoast_head":"<!-- This site is optimized with the Yoast SEO plugin v27.4 - https:\/\/yoast.com\/product\/yoast-seo-wordpress\/ -->\n<title>Jacque Falcheti e Fl\u00e1vio Vasconcelos lan\u00e7am segundo disco \u2018Passim II\u2019 - Regi\u00e3o News<\/title>\n<meta name=\"robots\" content=\"index, follow, max-snippet:-1, max-image-preview:large, max-video-preview:-1\" \/>\n<link rel=\"canonical\" href=\"https:\/\/regiaonews.net.br\/2022\/2021\/06\/15\/jacque-falcheti-e-flavio-vasconcelos-lancam-segundo-disco-passim-ii\/\" \/>\n<meta property=\"og:locale\" content=\"pt_BR\" \/>\n<meta property=\"og:type\" content=\"article\" \/>\n<meta property=\"og:title\" content=\"Jacque Falcheti e Fl\u00e1vio Vasconcelos lan\u00e7am segundo disco \u2018Passim II\u2019 - Regi\u00e3o News\" \/>\n<meta property=\"og:description\" content=\"\u201cPassim II\u201d, o segundo disco de Jacque Falcheti e Fl\u00e1vio\" \/>\n<meta property=\"og:url\" content=\"https:\/\/regiaonews.net.br\/2022\/2021\/06\/15\/jacque-falcheti-e-flavio-vasconcelos-lancam-segundo-disco-passim-ii\/\" \/>\n<meta property=\"og:site_name\" content=\"Regi\u00e3o News\" \/>\n<meta property=\"article:published_time\" content=\"2021-06-15T14:01:14+00:00\" \/>\n<meta property=\"og:image\" content=\"https:\/\/regiaonews.net.br\/2022\/wp-content\/uploads\/2021\/06\/f1cc7051-3bf5-4ee6-8274-a58ee7a8968a.jpeg\" \/>\n\t<meta property=\"og:image:width\" content=\"1280\" \/>\n\t<meta property=\"og:image:height\" content=\"853\" \/>\n\t<meta property=\"og:image:type\" content=\"image\/jpeg\" \/>\n<meta name=\"author\" content=\"Roberto\" \/>\n<meta name=\"twitter:card\" content=\"summary_large_image\" \/>\n<meta name=\"twitter:label1\" content=\"Escrito por\" \/>\n\t<meta name=\"twitter:data1\" content=\"Roberto\" \/>\n\t<meta name=\"twitter:label2\" content=\"Est. tempo de leitura\" \/>\n\t<meta name=\"twitter:data2\" content=\"7 minutos\" \/>\n<script type=\"application\/ld+json\" class=\"yoast-schema-graph\">{\"@context\":\"https:\\\/\\\/schema.org\",\"@graph\":[{\"@type\":\"Article\",\"@id\":\"https:\\\/\\\/regiaonews.net.br\\\/2022\\\/2021\\\/06\\\/15\\\/jacque-falcheti-e-flavio-vasconcelos-lancam-segundo-disco-passim-ii\\\/#article\",\"isPartOf\":{\"@id\":\"https:\\\/\\\/regiaonews.net.br\\\/2022\\\/2021\\\/06\\\/15\\\/jacque-falcheti-e-flavio-vasconcelos-lancam-segundo-disco-passim-ii\\\/\"},\"author\":{\"name\":\"Roberto\",\"@id\":\"https:\\\/\\\/regiaonews.net.br\\\/2022\\\/#\\\/schema\\\/person\\\/2d205a608a5aa97ac279d7a5e6d89ad8\"},\"headline\":\"Jacque Falcheti e Fl\u00e1vio Vasconcelos lan\u00e7am segundo disco \u2018Passim II\u2019\",\"datePublished\":\"2021-06-15T14:01:14+00:00\",\"mainEntityOfPage\":{\"@id\":\"https:\\\/\\\/regiaonews.net.br\\\/2022\\\/2021\\\/06\\\/15\\\/jacque-falcheti-e-flavio-vasconcelos-lancam-segundo-disco-passim-ii\\\/\"},\"wordCount\":1384,\"commentCount\":0,\"publisher\":{\"@id\":\"https:\\\/\\\/regiaonews.net.br\\\/2022\\\/#organization\"},\"image\":{\"@id\":\"https:\\\/\\\/regiaonews.net.br\\\/2022\\\/2021\\\/06\\\/15\\\/jacque-falcheti-e-flavio-vasconcelos-lancam-segundo-disco-passim-ii\\\/#primaryimage\"},\"thumbnailUrl\":\"https:\\\/\\\/regiaonews.net.br\\\/2022\\\/wp-content\\\/uploads\\\/2021\\\/06\\\/f1cc7051-3bf5-4ee6-8274-a58ee7a8968a.jpeg\",\"articleSection\":[\"Indefinido\"],\"inLanguage\":\"pt-BR\",\"potentialAction\":[{\"@type\":\"CommentAction\",\"name\":\"Comment\",\"target\":[\"https:\\\/\\\/regiaonews.net.br\\\/2022\\\/2021\\\/06\\\/15\\\/jacque-falcheti-e-flavio-vasconcelos-lancam-segundo-disco-passim-ii\\\/#respond\"]}]},{\"@type\":\"WebPage\",\"@id\":\"https:\\\/\\\/regiaonews.net.br\\\/2022\\\/2021\\\/06\\\/15\\\/jacque-falcheti-e-flavio-vasconcelos-lancam-segundo-disco-passim-ii\\\/\",\"url\":\"https:\\\/\\\/regiaonews.net.br\\\/2022\\\/2021\\\/06\\\/15\\\/jacque-falcheti-e-flavio-vasconcelos-lancam-segundo-disco-passim-ii\\\/\",\"name\":\"Jacque Falcheti e Fl\u00e1vio Vasconcelos lan\u00e7am segundo disco \u2018Passim II\u2019 - Regi\u00e3o News\",\"isPartOf\":{\"@id\":\"https:\\\/\\\/regiaonews.net.br\\\/2022\\\/#website\"},\"primaryImageOfPage\":{\"@id\":\"https:\\\/\\\/regiaonews.net.br\\\/2022\\\/2021\\\/06\\\/15\\\/jacque-falcheti-e-flavio-vasconcelos-lancam-segundo-disco-passim-ii\\\/#primaryimage\"},\"image\":{\"@id\":\"https:\\\/\\\/regiaonews.net.br\\\/2022\\\/2021\\\/06\\\/15\\\/jacque-falcheti-e-flavio-vasconcelos-lancam-segundo-disco-passim-ii\\\/#primaryimage\"},\"thumbnailUrl\":\"https:\\\/\\\/regiaonews.net.br\\\/2022\\\/wp-content\\\/uploads\\\/2021\\\/06\\\/f1cc7051-3bf5-4ee6-8274-a58ee7a8968a.jpeg\",\"datePublished\":\"2021-06-15T14:01:14+00:00\",\"breadcrumb\":{\"@id\":\"https:\\\/\\\/regiaonews.net.br\\\/2022\\\/2021\\\/06\\\/15\\\/jacque-falcheti-e-flavio-vasconcelos-lancam-segundo-disco-passim-ii\\\/#breadcrumb\"},\"inLanguage\":\"pt-BR\",\"potentialAction\":[{\"@type\":\"ReadAction\",\"target\":[\"https:\\\/\\\/regiaonews.net.br\\\/2022\\\/2021\\\/06\\\/15\\\/jacque-falcheti-e-flavio-vasconcelos-lancam-segundo-disco-passim-ii\\\/\"]}]},{\"@type\":\"ImageObject\",\"inLanguage\":\"pt-BR\",\"@id\":\"https:\\\/\\\/regiaonews.net.br\\\/2022\\\/2021\\\/06\\\/15\\\/jacque-falcheti-e-flavio-vasconcelos-lancam-segundo-disco-passim-ii\\\/#primaryimage\",\"url\":\"https:\\\/\\\/regiaonews.net.br\\\/2022\\\/wp-content\\\/uploads\\\/2021\\\/06\\\/f1cc7051-3bf5-4ee6-8274-a58ee7a8968a.jpeg\",\"contentUrl\":\"https:\\\/\\\/regiaonews.net.br\\\/2022\\\/wp-content\\\/uploads\\\/2021\\\/06\\\/f1cc7051-3bf5-4ee6-8274-a58ee7a8968a.jpeg\",\"width\":1280,\"height\":853},{\"@type\":\"BreadcrumbList\",\"@id\":\"https:\\\/\\\/regiaonews.net.br\\\/2022\\\/2021\\\/06\\\/15\\\/jacque-falcheti-e-flavio-vasconcelos-lancam-segundo-disco-passim-ii\\\/#breadcrumb\",\"itemListElement\":[{\"@type\":\"ListItem\",\"position\":1,\"name\":\"In\u00edcio\",\"item\":\"https:\\\/\\\/regiaonews.net.br\\\/2022\\\/\"},{\"@type\":\"ListItem\",\"position\":2,\"name\":\"Jacque Falcheti e Fl\u00e1vio Vasconcelos lan\u00e7am segundo disco \u2018Passim II\u2019\"}]},{\"@type\":\"WebSite\",\"@id\":\"https:\\\/\\\/regiaonews.net.br\\\/2022\\\/#website\",\"url\":\"https:\\\/\\\/regiaonews.net.br\\\/2022\\\/\",\"name\":\"Regi\u00e3o News\",\"description\":\"Site de Not\u00edcias de Barretos e regi\u00e3o\",\"publisher\":{\"@id\":\"https:\\\/\\\/regiaonews.net.br\\\/2022\\\/#organization\"},\"potentialAction\":[{\"@type\":\"SearchAction\",\"target\":{\"@type\":\"EntryPoint\",\"urlTemplate\":\"https:\\\/\\\/regiaonews.net.br\\\/2022\\\/?s={search_term_string}\"},\"query-input\":{\"@type\":\"PropertyValueSpecification\",\"valueRequired\":true,\"valueName\":\"search_term_string\"}}],\"inLanguage\":\"pt-BR\"},{\"@type\":\"Organization\",\"@id\":\"https:\\\/\\\/regiaonews.net.br\\\/2022\\\/#organization\",\"name\":\"Regi\u00e3o News\",\"url\":\"https:\\\/\\\/regiaonews.net.br\\\/2022\\\/\",\"logo\":{\"@type\":\"ImageObject\",\"inLanguage\":\"pt-BR\",\"@id\":\"https:\\\/\\\/regiaonews.net.br\\\/2022\\\/#\\\/schema\\\/logo\\\/image\\\/\",\"url\":\"https:\\\/\\\/regiaonews.net.br\\\/2022\\\/wp-content\\\/uploads\\\/2026\\\/03\\\/regiao-13-anos-scaled.jpg\",\"contentUrl\":\"https:\\\/\\\/regiaonews.net.br\\\/2022\\\/wp-content\\\/uploads\\\/2026\\\/03\\\/regiao-13-anos-scaled.jpg\",\"width\":2560,\"height\":635,\"caption\":\"Regi\u00e3o News\"},\"image\":{\"@id\":\"https:\\\/\\\/regiaonews.net.br\\\/2022\\\/#\\\/schema\\\/logo\\\/image\\\/\"}},{\"@type\":\"Person\",\"@id\":\"https:\\\/\\\/regiaonews.net.br\\\/2022\\\/#\\\/schema\\\/person\\\/2d205a608a5aa97ac279d7a5e6d89ad8\",\"name\":\"Roberto\",\"image\":{\"@type\":\"ImageObject\",\"inLanguage\":\"pt-BR\",\"@id\":\"https:\\\/\\\/secure.gravatar.com\\\/avatar\\\/42749d8b712ff9d59ca93dc150494e5b55a44134482993f5baeb97e61b7ecc89?s=96&d=mm&r=g\",\"url\":\"https:\\\/\\\/secure.gravatar.com\\\/avatar\\\/42749d8b712ff9d59ca93dc150494e5b55a44134482993f5baeb97e61b7ecc89?s=96&d=mm&r=g\",\"contentUrl\":\"https:\\\/\\\/secure.gravatar.com\\\/avatar\\\/42749d8b712ff9d59ca93dc150494e5b55a44134482993f5baeb97e61b7ecc89?s=96&d=mm&r=g\",\"caption\":\"Roberto\"},\"url\":\"https:\\\/\\\/regiaonews.net.br\\\/2022\\\/author\\\/roberto\\\/\"}]}<\/script>\n<!-- \/ Yoast SEO plugin. -->","yoast_head_json":{"title":"Jacque Falcheti e Fl\u00e1vio Vasconcelos lan\u00e7am segundo disco \u2018Passim II\u2019 - Regi\u00e3o News","robots":{"index":"index","follow":"follow","max-snippet":"max-snippet:-1","max-image-preview":"max-image-preview:large","max-video-preview":"max-video-preview:-1"},"canonical":"https:\/\/regiaonews.net.br\/2022\/2021\/06\/15\/jacque-falcheti-e-flavio-vasconcelos-lancam-segundo-disco-passim-ii\/","og_locale":"pt_BR","og_type":"article","og_title":"Jacque Falcheti e Fl\u00e1vio Vasconcelos lan\u00e7am segundo disco \u2018Passim II\u2019 - Regi\u00e3o News","og_description":"\u201cPassim II\u201d, o segundo disco de Jacque Falcheti e Fl\u00e1vio","og_url":"https:\/\/regiaonews.net.br\/2022\/2021\/06\/15\/jacque-falcheti-e-flavio-vasconcelos-lancam-segundo-disco-passim-ii\/","og_site_name":"Regi\u00e3o News","article_published_time":"2021-06-15T14:01:14+00:00","og_image":[{"width":1280,"height":853,"url":"https:\/\/regiaonews.net.br\/2022\/wp-content\/uploads\/2021\/06\/f1cc7051-3bf5-4ee6-8274-a58ee7a8968a.jpeg","type":"image\/jpeg"}],"author":"Roberto","twitter_card":"summary_large_image","twitter_misc":{"Escrito por":"Roberto","Est. tempo de leitura":"7 minutos"},"schema":{"@context":"https:\/\/schema.org","@graph":[{"@type":"Article","@id":"https:\/\/regiaonews.net.br\/2022\/2021\/06\/15\/jacque-falcheti-e-flavio-vasconcelos-lancam-segundo-disco-passim-ii\/#article","isPartOf":{"@id":"https:\/\/regiaonews.net.br\/2022\/2021\/06\/15\/jacque-falcheti-e-flavio-vasconcelos-lancam-segundo-disco-passim-ii\/"},"author":{"name":"Roberto","@id":"https:\/\/regiaonews.net.br\/2022\/#\/schema\/person\/2d205a608a5aa97ac279d7a5e6d89ad8"},"headline":"Jacque Falcheti e Fl\u00e1vio Vasconcelos lan\u00e7am segundo disco \u2018Passim II\u2019","datePublished":"2021-06-15T14:01:14+00:00","mainEntityOfPage":{"@id":"https:\/\/regiaonews.net.br\/2022\/2021\/06\/15\/jacque-falcheti-e-flavio-vasconcelos-lancam-segundo-disco-passim-ii\/"},"wordCount":1384,"commentCount":0,"publisher":{"@id":"https:\/\/regiaonews.net.br\/2022\/#organization"},"image":{"@id":"https:\/\/regiaonews.net.br\/2022\/2021\/06\/15\/jacque-falcheti-e-flavio-vasconcelos-lancam-segundo-disco-passim-ii\/#primaryimage"},"thumbnailUrl":"https:\/\/regiaonews.net.br\/2022\/wp-content\/uploads\/2021\/06\/f1cc7051-3bf5-4ee6-8274-a58ee7a8968a.jpeg","articleSection":["Indefinido"],"inLanguage":"pt-BR","potentialAction":[{"@type":"CommentAction","name":"Comment","target":["https:\/\/regiaonews.net.br\/2022\/2021\/06\/15\/jacque-falcheti-e-flavio-vasconcelos-lancam-segundo-disco-passim-ii\/#respond"]}]},{"@type":"WebPage","@id":"https:\/\/regiaonews.net.br\/2022\/2021\/06\/15\/jacque-falcheti-e-flavio-vasconcelos-lancam-segundo-disco-passim-ii\/","url":"https:\/\/regiaonews.net.br\/2022\/2021\/06\/15\/jacque-falcheti-e-flavio-vasconcelos-lancam-segundo-disco-passim-ii\/","name":"Jacque Falcheti e Fl\u00e1vio Vasconcelos lan\u00e7am segundo disco \u2018Passim II\u2019 - Regi\u00e3o News","isPartOf":{"@id":"https:\/\/regiaonews.net.br\/2022\/#website"},"primaryImageOfPage":{"@id":"https:\/\/regiaonews.net.br\/2022\/2021\/06\/15\/jacque-falcheti-e-flavio-vasconcelos-lancam-segundo-disco-passim-ii\/#primaryimage"},"image":{"@id":"https:\/\/regiaonews.net.br\/2022\/2021\/06\/15\/jacque-falcheti-e-flavio-vasconcelos-lancam-segundo-disco-passim-ii\/#primaryimage"},"thumbnailUrl":"https:\/\/regiaonews.net.br\/2022\/wp-content\/uploads\/2021\/06\/f1cc7051-3bf5-4ee6-8274-a58ee7a8968a.jpeg","datePublished":"2021-06-15T14:01:14+00:00","breadcrumb":{"@id":"https:\/\/regiaonews.net.br\/2022\/2021\/06\/15\/jacque-falcheti-e-flavio-vasconcelos-lancam-segundo-disco-passim-ii\/#breadcrumb"},"inLanguage":"pt-BR","potentialAction":[{"@type":"ReadAction","target":["https:\/\/regiaonews.net.br\/2022\/2021\/06\/15\/jacque-falcheti-e-flavio-vasconcelos-lancam-segundo-disco-passim-ii\/"]}]},{"@type":"ImageObject","inLanguage":"pt-BR","@id":"https:\/\/regiaonews.net.br\/2022\/2021\/06\/15\/jacque-falcheti-e-flavio-vasconcelos-lancam-segundo-disco-passim-ii\/#primaryimage","url":"https:\/\/regiaonews.net.br\/2022\/wp-content\/uploads\/2021\/06\/f1cc7051-3bf5-4ee6-8274-a58ee7a8968a.jpeg","contentUrl":"https:\/\/regiaonews.net.br\/2022\/wp-content\/uploads\/2021\/06\/f1cc7051-3bf5-4ee6-8274-a58ee7a8968a.jpeg","width":1280,"height":853},{"@type":"BreadcrumbList","@id":"https:\/\/regiaonews.net.br\/2022\/2021\/06\/15\/jacque-falcheti-e-flavio-vasconcelos-lancam-segundo-disco-passim-ii\/#breadcrumb","itemListElement":[{"@type":"ListItem","position":1,"name":"In\u00edcio","item":"https:\/\/regiaonews.net.br\/2022\/"},{"@type":"ListItem","position":2,"name":"Jacque Falcheti e Fl\u00e1vio Vasconcelos lan\u00e7am segundo disco \u2018Passim II\u2019"}]},{"@type":"WebSite","@id":"https:\/\/regiaonews.net.br\/2022\/#website","url":"https:\/\/regiaonews.net.br\/2022\/","name":"Regi\u00e3o News","description":"Site de Not\u00edcias de Barretos e regi\u00e3o","publisher":{"@id":"https:\/\/regiaonews.net.br\/2022\/#organization"},"potentialAction":[{"@type":"SearchAction","target":{"@type":"EntryPoint","urlTemplate":"https:\/\/regiaonews.net.br\/2022\/?s={search_term_string}"},"query-input":{"@type":"PropertyValueSpecification","valueRequired":true,"valueName":"search_term_string"}}],"inLanguage":"pt-BR"},{"@type":"Organization","@id":"https:\/\/regiaonews.net.br\/2022\/#organization","name":"Regi\u00e3o News","url":"https:\/\/regiaonews.net.br\/2022\/","logo":{"@type":"ImageObject","inLanguage":"pt-BR","@id":"https:\/\/regiaonews.net.br\/2022\/#\/schema\/logo\/image\/","url":"https:\/\/regiaonews.net.br\/2022\/wp-content\/uploads\/2026\/03\/regiao-13-anos-scaled.jpg","contentUrl":"https:\/\/regiaonews.net.br\/2022\/wp-content\/uploads\/2026\/03\/regiao-13-anos-scaled.jpg","width":2560,"height":635,"caption":"Regi\u00e3o News"},"image":{"@id":"https:\/\/regiaonews.net.br\/2022\/#\/schema\/logo\/image\/"}},{"@type":"Person","@id":"https:\/\/regiaonews.net.br\/2022\/#\/schema\/person\/2d205a608a5aa97ac279d7a5e6d89ad8","name":"Roberto","image":{"@type":"ImageObject","inLanguage":"pt-BR","@id":"https:\/\/secure.gravatar.com\/avatar\/42749d8b712ff9d59ca93dc150494e5b55a44134482993f5baeb97e61b7ecc89?s=96&d=mm&r=g","url":"https:\/\/secure.gravatar.com\/avatar\/42749d8b712ff9d59ca93dc150494e5b55a44134482993f5baeb97e61b7ecc89?s=96&d=mm&r=g","contentUrl":"https:\/\/secure.gravatar.com\/avatar\/42749d8b712ff9d59ca93dc150494e5b55a44134482993f5baeb97e61b7ecc89?s=96&d=mm&r=g","caption":"Roberto"},"url":"https:\/\/regiaonews.net.br\/2022\/author\/roberto\/"}]}},"publishpress_future_action":{"enabled":false,"date":"2026-05-03 08:13:35","action":"change-status","newStatus":"draft","terms":[],"taxonomy":"category","extraData":[]},"publishpress_future_workflow_manual_trigger":{"enabledWorkflows":[]},"_links":{"self":[{"href":"https:\/\/regiaonews.net.br\/2022\/wp-json\/wp\/v2\/posts\/48669","targetHints":{"allow":["GET"]}}],"collection":[{"href":"https:\/\/regiaonews.net.br\/2022\/wp-json\/wp\/v2\/posts"}],"about":[{"href":"https:\/\/regiaonews.net.br\/2022\/wp-json\/wp\/v2\/types\/post"}],"author":[{"embeddable":true,"href":"https:\/\/regiaonews.net.br\/2022\/wp-json\/wp\/v2\/users\/2"}],"replies":[{"embeddable":true,"href":"https:\/\/regiaonews.net.br\/2022\/wp-json\/wp\/v2\/comments?post=48669"}],"version-history":[{"count":0,"href":"https:\/\/regiaonews.net.br\/2022\/wp-json\/wp\/v2\/posts\/48669\/revisions"}],"wp:featuredmedia":[{"embeddable":true,"href":"https:\/\/regiaonews.net.br\/2022\/wp-json\/wp\/v2\/media\/48670"}],"wp:attachment":[{"href":"https:\/\/regiaonews.net.br\/2022\/wp-json\/wp\/v2\/media?parent=48669"}],"wp:term":[{"taxonomy":"category","embeddable":true,"href":"https:\/\/regiaonews.net.br\/2022\/wp-json\/wp\/v2\/categories?post=48669"},{"taxonomy":"post_tag","embeddable":true,"href":"https:\/\/regiaonews.net.br\/2022\/wp-json\/wp\/v2\/tags?post=48669"}],"curies":[{"name":"wp","href":"https:\/\/api.w.org\/{rel}","templated":true}]}}