{"id":48658,"date":"2021-06-15T09:35:25","date_gmt":"2021-06-15T12:35:25","guid":{"rendered":"https:\/\/regiaonews.net.br\/2022\/?p=48658"},"modified":"2021-06-15T09:35:25","modified_gmt":"2021-06-15T12:35:25","slug":"bombeiros-municipais-participam-de-curso-de-primeiros-socorros-a-vitimas-de-animais-peconhentos","status":"publish","type":"post","link":"https:\/\/regiaonews.net.br\/2022\/2021\/06\/15\/bombeiros-municipais-participam-de-curso-de-primeiros-socorros-a-vitimas-de-animais-peconhentos\/","title":{"rendered":"Bombeiros municipais participam de curso de primeiros socorros a v\u00edtimas de animais pe\u00e7onhentos"},"content":{"rendered":"<p><a href=\"https:\/\/regiaonews.net.br\/2022\/wp-content\/uploads\/2021\/06\/Defesa-Civil-2.jpeg\"><img loading=\"lazy\" decoding=\"async\" class=\"alignnone size-medium wp-image-48659\" src=\"https:\/\/regiaonews.net.br\/2022\/wp-content\/uploads\/2021\/06\/Defesa-Civil-2-300x169.jpeg\" alt=\"\" width=\"300\" height=\"169\" \/><\/a> <a href=\"https:\/\/regiaonews.net.br\/2022\/wp-content\/uploads\/2021\/06\/Defesa-Civil-6.jpeg\"><img loading=\"lazy\" decoding=\"async\" class=\"alignnone size-medium wp-image-48660\" src=\"https:\/\/regiaonews.net.br\/2022\/wp-content\/uploads\/2021\/06\/Defesa-Civil-6-300x225.jpeg\" alt=\"\" width=\"300\" height=\"225\" \/><\/a><\/p>\n<p>O secret\u00e1rio da Defesa Civil, Elson Santos, acompanhou os bombeiros municipais durante a realiza\u00e7\u00e3o do curso Identifica\u00e7\u00e3o, Manejo e Captura de Animais Pe\u00e7onhentos e Primeiros Socorros \u00e0 V\u00edtima de Acidente com Animais Pe\u00e7onhentos, com uma carga hor\u00e1ria de 20 horas, promovido por Emergency Courses, da cidade de S\u00e3o Jos\u00e9 do Rio Preto, ministrado pelo Bi\u00f3logo Luiz Fernando Cireia e pelo Especialista em Resgate\/Salvamento Marcelo Martins Fernandes.<br \/>\nO secret\u00e1rio enalteceu que, com esse curso, os bombeiros municipais agregam mais um tipo de servi\u00e7o a ser realizado pelos mesmos em prol da popula\u00e7\u00e3o barretense. Elson, agradeceu \u00e0 prefeita Paula Lemos pelo apoio dado para a Secretaria de Defesa Civil, dando uma maior robustez para os bombeiros municipais desempenharem suas obriga\u00e7\u00f5es.<\/p>\n<p><b>O conte\u00fado program\u00e1tico do curso foi o seguinte:<\/b><br \/>\n&#8211; Principais caracter\u00edsticas das serpentes;<br \/>\n&#8211; Acidentes com Serpentes Venenosas, Escorpi\u00f5es, Aranhas Venenosas, Lacraias, Taturanas, Vespas e Abelhas;<br \/>\n&#8211; Sintomalogia no Acidente com os diversos G\u00eaneros de Serpentes, Escorpi\u00f5es, Aranhas Venenosas, Lacrais, Taturanas, Vespas e Abelhas;<br \/>\n&#8211; Primeiros Socorros nos Acidentes com Serpentes Venenosas, Escorpi\u00f5es, Aranhas, Lacraias, Taturanas, Vespas e Abelhas.<\/p>\n","protected":false},"excerpt":{"rendered":"<p>O secret\u00e1rio da Defesa Civil, Elson Santos, acompanhou os bombeiros<\/p>\n","protected":false},"author":2,"featured_media":48660,"comment_status":"open","ping_status":"open","sticky":false,"template":"","format":"standard","meta":{"footnotes":""},"categories":[14,25,109],"tags":[],"class_list":["post-48658","post","type-post","status-publish","format-standard","has-post-thumbnail","hentry","category-barretos","category-cidades","category-defesa-civil"],"yoast_head":"<!-- This site is optimized with the Yoast SEO plugin v27.4 - https:\/\/yoast.com\/product\/yoast-seo-wordpress\/ -->\n<title>Bombeiros municipais participam de curso de primeiros socorros a v\u00edtimas de animais pe\u00e7onhentos - Regi\u00e3o News<\/title>\n<meta name=\"robots\" content=\"index, follow, max-snippet:-1, max-image-preview:large, max-video-preview:-1\" \/>\n<link rel=\"canonical\" href=\"https:\/\/regiaonews.net.br\/2022\/2021\/06\/15\/bombeiros-municipais-participam-de-curso-de-primeiros-socorros-a-vitimas-de-animais-peconhentos\/\" \/>\n<meta property=\"og:locale\" content=\"pt_BR\" \/>\n<meta property=\"og:type\" content=\"article\" \/>\n<meta property=\"og:title\" content=\"Bombeiros municipais participam de curso de primeiros socorros a v\u00edtimas de animais pe\u00e7onhentos - Regi\u00e3o News\" \/>\n<meta property=\"og:description\" content=\"O secret\u00e1rio da Defesa Civil, Elson Santos, acompanhou os bombeiros\" \/>\n<meta property=\"og:url\" content=\"https:\/\/regiaonews.net.br\/2022\/2021\/06\/15\/bombeiros-municipais-participam-de-curso-de-primeiros-socorros-a-vitimas-de-animais-peconhentos\/\" \/>\n<meta property=\"og:site_name\" content=\"Regi\u00e3o News\" \/>\n<meta property=\"article:published_time\" content=\"2021-06-15T12:35:25+00:00\" \/>\n<meta property=\"og:image\" content=\"https:\/\/regiaonews.net.br\/2022\/wp-content\/uploads\/2021\/06\/Defesa-Civil-6.jpeg\" \/>\n\t<meta property=\"og:image:width\" content=\"1152\" \/>\n\t<meta property=\"og:image:height\" content=\"864\" \/>\n\t<meta property=\"og:image:type\" content=\"image\/jpeg\" \/>\n<meta name=\"author\" content=\"Roberto\" \/>\n<meta name=\"twitter:card\" content=\"summary_large_image\" \/>\n<meta name=\"twitter:label1\" content=\"Escrito por\" \/>\n\t<meta name=\"twitter:data1\" content=\"Roberto\" \/>\n\t<meta name=\"twitter:label2\" content=\"Est. tempo de leitura\" \/>\n\t<meta name=\"twitter:data2\" content=\"1 minuto\" \/>\n<script type=\"application\/ld+json\" class=\"yoast-schema-graph\">{\"@context\":\"https:\\\/\\\/schema.org\",\"@graph\":[{\"@type\":\"Article\",\"@id\":\"https:\\\/\\\/regiaonews.net.br\\\/2022\\\/2021\\\/06\\\/15\\\/bombeiros-municipais-participam-de-curso-de-primeiros-socorros-a-vitimas-de-animais-peconhentos\\\/#article\",\"isPartOf\":{\"@id\":\"https:\\\/\\\/regiaonews.net.br\\\/2022\\\/2021\\\/06\\\/15\\\/bombeiros-municipais-participam-de-curso-de-primeiros-socorros-a-vitimas-de-animais-peconhentos\\\/\"},\"author\":{\"name\":\"Roberto\",\"@id\":\"https:\\\/\\\/regiaonews.net.br\\\/2022\\\/#\\\/schema\\\/person\\\/2d205a608a5aa97ac279d7a5e6d89ad8\"},\"headline\":\"Bombeiros municipais participam de curso de primeiros socorros a v\u00edtimas de animais pe\u00e7onhentos\",\"datePublished\":\"2021-06-15T12:35:25+00:00\",\"mainEntityOfPage\":{\"@id\":\"https:\\\/\\\/regiaonews.net.br\\\/2022\\\/2021\\\/06\\\/15\\\/bombeiros-municipais-participam-de-curso-de-primeiros-socorros-a-vitimas-de-animais-peconhentos\\\/\"},\"wordCount\":210,\"commentCount\":0,\"publisher\":{\"@id\":\"https:\\\/\\\/regiaonews.net.br\\\/2022\\\/#organization\"},\"image\":{\"@id\":\"https:\\\/\\\/regiaonews.net.br\\\/2022\\\/2021\\\/06\\\/15\\\/bombeiros-municipais-participam-de-curso-de-primeiros-socorros-a-vitimas-de-animais-peconhentos\\\/#primaryimage\"},\"thumbnailUrl\":\"https:\\\/\\\/regiaonews.net.br\\\/2022\\\/wp-content\\\/uploads\\\/2021\\\/06\\\/Defesa-Civil-6.jpeg\",\"articleSection\":[\"Barretos\",\"Cidades\",\"Defesa Civil\"],\"inLanguage\":\"pt-BR\",\"potentialAction\":[{\"@type\":\"CommentAction\",\"name\":\"Comment\",\"target\":[\"https:\\\/\\\/regiaonews.net.br\\\/2022\\\/2021\\\/06\\\/15\\\/bombeiros-municipais-participam-de-curso-de-primeiros-socorros-a-vitimas-de-animais-peconhentos\\\/#respond\"]}]},{\"@type\":\"WebPage\",\"@id\":\"https:\\\/\\\/regiaonews.net.br\\\/2022\\\/2021\\\/06\\\/15\\\/bombeiros-municipais-participam-de-curso-de-primeiros-socorros-a-vitimas-de-animais-peconhentos\\\/\",\"url\":\"https:\\\/\\\/regiaonews.net.br\\\/2022\\\/2021\\\/06\\\/15\\\/bombeiros-municipais-participam-de-curso-de-primeiros-socorros-a-vitimas-de-animais-peconhentos\\\/\",\"name\":\"Bombeiros municipais participam de curso de primeiros socorros a v\u00edtimas de animais pe\u00e7onhentos - Regi\u00e3o News\",\"isPartOf\":{\"@id\":\"https:\\\/\\\/regiaonews.net.br\\\/2022\\\/#website\"},\"primaryImageOfPage\":{\"@id\":\"https:\\\/\\\/regiaonews.net.br\\\/2022\\\/2021\\\/06\\\/15\\\/bombeiros-municipais-participam-de-curso-de-primeiros-socorros-a-vitimas-de-animais-peconhentos\\\/#primaryimage\"},\"image\":{\"@id\":\"https:\\\/\\\/regiaonews.net.br\\\/2022\\\/2021\\\/06\\\/15\\\/bombeiros-municipais-participam-de-curso-de-primeiros-socorros-a-vitimas-de-animais-peconhentos\\\/#primaryimage\"},\"thumbnailUrl\":\"https:\\\/\\\/regiaonews.net.br\\\/2022\\\/wp-content\\\/uploads\\\/2021\\\/06\\\/Defesa-Civil-6.jpeg\",\"datePublished\":\"2021-06-15T12:35:25+00:00\",\"breadcrumb\":{\"@id\":\"https:\\\/\\\/regiaonews.net.br\\\/2022\\\/2021\\\/06\\\/15\\\/bombeiros-municipais-participam-de-curso-de-primeiros-socorros-a-vitimas-de-animais-peconhentos\\\/#breadcrumb\"},\"inLanguage\":\"pt-BR\",\"potentialAction\":[{\"@type\":\"ReadAction\",\"target\":[\"https:\\\/\\\/regiaonews.net.br\\\/2022\\\/2021\\\/06\\\/15\\\/bombeiros-municipais-participam-de-curso-de-primeiros-socorros-a-vitimas-de-animais-peconhentos\\\/\"]}]},{\"@type\":\"ImageObject\",\"inLanguage\":\"pt-BR\",\"@id\":\"https:\\\/\\\/regiaonews.net.br\\\/2022\\\/2021\\\/06\\\/15\\\/bombeiros-municipais-participam-de-curso-de-primeiros-socorros-a-vitimas-de-animais-peconhentos\\\/#primaryimage\",\"url\":\"https:\\\/\\\/regiaonews.net.br\\\/2022\\\/wp-content\\\/uploads\\\/2021\\\/06\\\/Defesa-Civil-6.jpeg\",\"contentUrl\":\"https:\\\/\\\/regiaonews.net.br\\\/2022\\\/wp-content\\\/uploads\\\/2021\\\/06\\\/Defesa-Civil-6.jpeg\",\"width\":1152,\"height\":864},{\"@type\":\"BreadcrumbList\",\"@id\":\"https:\\\/\\\/regiaonews.net.br\\\/2022\\\/2021\\\/06\\\/15\\\/bombeiros-municipais-participam-de-curso-de-primeiros-socorros-a-vitimas-de-animais-peconhentos\\\/#breadcrumb\",\"itemListElement\":[{\"@type\":\"ListItem\",\"position\":1,\"name\":\"In\u00edcio\",\"item\":\"https:\\\/\\\/regiaonews.net.br\\\/2022\\\/\"},{\"@type\":\"ListItem\",\"position\":2,\"name\":\"Bombeiros municipais participam de curso de primeiros socorros a v\u00edtimas de animais pe\u00e7onhentos\"}]},{\"@type\":\"WebSite\",\"@id\":\"https:\\\/\\\/regiaonews.net.br\\\/2022\\\/#website\",\"url\":\"https:\\\/\\\/regiaonews.net.br\\\/2022\\\/\",\"name\":\"Regi\u00e3o News\",\"description\":\"Site de Not\u00edcias de Barretos e regi\u00e3o\",\"publisher\":{\"@id\":\"https:\\\/\\\/regiaonews.net.br\\\/2022\\\/#organization\"},\"potentialAction\":[{\"@type\":\"SearchAction\",\"target\":{\"@type\":\"EntryPoint\",\"urlTemplate\":\"https:\\\/\\\/regiaonews.net.br\\\/2022\\\/?s={search_term_string}\"},\"query-input\":{\"@type\":\"PropertyValueSpecification\",\"valueRequired\":true,\"valueName\":\"search_term_string\"}}],\"inLanguage\":\"pt-BR\"},{\"@type\":\"Organization\",\"@id\":\"https:\\\/\\\/regiaonews.net.br\\\/2022\\\/#organization\",\"name\":\"Regi\u00e3o News\",\"url\":\"https:\\\/\\\/regiaonews.net.br\\\/2022\\\/\",\"logo\":{\"@type\":\"ImageObject\",\"inLanguage\":\"pt-BR\",\"@id\":\"https:\\\/\\\/regiaonews.net.br\\\/2022\\\/#\\\/schema\\\/logo\\\/image\\\/\",\"url\":\"https:\\\/\\\/regiaonews.net.br\\\/2022\\\/wp-content\\\/uploads\\\/2026\\\/03\\\/regiao-13-anos-scaled.jpg\",\"contentUrl\":\"https:\\\/\\\/regiaonews.net.br\\\/2022\\\/wp-content\\\/uploads\\\/2026\\\/03\\\/regiao-13-anos-scaled.jpg\",\"width\":2560,\"height\":635,\"caption\":\"Regi\u00e3o News\"},\"image\":{\"@id\":\"https:\\\/\\\/regiaonews.net.br\\\/2022\\\/#\\\/schema\\\/logo\\\/image\\\/\"}},{\"@type\":\"Person\",\"@id\":\"https:\\\/\\\/regiaonews.net.br\\\/2022\\\/#\\\/schema\\\/person\\\/2d205a608a5aa97ac279d7a5e6d89ad8\",\"name\":\"Roberto\",\"image\":{\"@type\":\"ImageObject\",\"inLanguage\":\"pt-BR\",\"@id\":\"https:\\\/\\\/secure.gravatar.com\\\/avatar\\\/42749d8b712ff9d59ca93dc150494e5b55a44134482993f5baeb97e61b7ecc89?s=96&d=mm&r=g\",\"url\":\"https:\\\/\\\/secure.gravatar.com\\\/avatar\\\/42749d8b712ff9d59ca93dc150494e5b55a44134482993f5baeb97e61b7ecc89?s=96&d=mm&r=g\",\"contentUrl\":\"https:\\\/\\\/secure.gravatar.com\\\/avatar\\\/42749d8b712ff9d59ca93dc150494e5b55a44134482993f5baeb97e61b7ecc89?s=96&d=mm&r=g\",\"caption\":\"Roberto\"},\"url\":\"https:\\\/\\\/regiaonews.net.br\\\/2022\\\/author\\\/roberto\\\/\"}]}<\/script>\n<!-- \/ Yoast SEO plugin. -->","yoast_head_json":{"title":"Bombeiros municipais participam de curso de primeiros socorros a v\u00edtimas de animais pe\u00e7onhentos - Regi\u00e3o News","robots":{"index":"index","follow":"follow","max-snippet":"max-snippet:-1","max-image-preview":"max-image-preview:large","max-video-preview":"max-video-preview:-1"},"canonical":"https:\/\/regiaonews.net.br\/2022\/2021\/06\/15\/bombeiros-municipais-participam-de-curso-de-primeiros-socorros-a-vitimas-de-animais-peconhentos\/","og_locale":"pt_BR","og_type":"article","og_title":"Bombeiros municipais participam de curso de primeiros socorros a v\u00edtimas de animais pe\u00e7onhentos - Regi\u00e3o News","og_description":"O secret\u00e1rio da Defesa Civil, Elson Santos, acompanhou os bombeiros","og_url":"https:\/\/regiaonews.net.br\/2022\/2021\/06\/15\/bombeiros-municipais-participam-de-curso-de-primeiros-socorros-a-vitimas-de-animais-peconhentos\/","og_site_name":"Regi\u00e3o News","article_published_time":"2021-06-15T12:35:25+00:00","og_image":[{"width":1152,"height":864,"url":"https:\/\/regiaonews.net.br\/2022\/wp-content\/uploads\/2021\/06\/Defesa-Civil-6.jpeg","type":"image\/jpeg"}],"author":"Roberto","twitter_card":"summary_large_image","twitter_misc":{"Escrito por":"Roberto","Est. tempo de leitura":"1 minuto"},"schema":{"@context":"https:\/\/schema.org","@graph":[{"@type":"Article","@id":"https:\/\/regiaonews.net.br\/2022\/2021\/06\/15\/bombeiros-municipais-participam-de-curso-de-primeiros-socorros-a-vitimas-de-animais-peconhentos\/#article","isPartOf":{"@id":"https:\/\/regiaonews.net.br\/2022\/2021\/06\/15\/bombeiros-municipais-participam-de-curso-de-primeiros-socorros-a-vitimas-de-animais-peconhentos\/"},"author":{"name":"Roberto","@id":"https:\/\/regiaonews.net.br\/2022\/#\/schema\/person\/2d205a608a5aa97ac279d7a5e6d89ad8"},"headline":"Bombeiros municipais participam de curso de primeiros socorros a v\u00edtimas de animais pe\u00e7onhentos","datePublished":"2021-06-15T12:35:25+00:00","mainEntityOfPage":{"@id":"https:\/\/regiaonews.net.br\/2022\/2021\/06\/15\/bombeiros-municipais-participam-de-curso-de-primeiros-socorros-a-vitimas-de-animais-peconhentos\/"},"wordCount":210,"commentCount":0,"publisher":{"@id":"https:\/\/regiaonews.net.br\/2022\/#organization"},"image":{"@id":"https:\/\/regiaonews.net.br\/2022\/2021\/06\/15\/bombeiros-municipais-participam-de-curso-de-primeiros-socorros-a-vitimas-de-animais-peconhentos\/#primaryimage"},"thumbnailUrl":"https:\/\/regiaonews.net.br\/2022\/wp-content\/uploads\/2021\/06\/Defesa-Civil-6.jpeg","articleSection":["Barretos","Cidades","Defesa Civil"],"inLanguage":"pt-BR","potentialAction":[{"@type":"CommentAction","name":"Comment","target":["https:\/\/regiaonews.net.br\/2022\/2021\/06\/15\/bombeiros-municipais-participam-de-curso-de-primeiros-socorros-a-vitimas-de-animais-peconhentos\/#respond"]}]},{"@type":"WebPage","@id":"https:\/\/regiaonews.net.br\/2022\/2021\/06\/15\/bombeiros-municipais-participam-de-curso-de-primeiros-socorros-a-vitimas-de-animais-peconhentos\/","url":"https:\/\/regiaonews.net.br\/2022\/2021\/06\/15\/bombeiros-municipais-participam-de-curso-de-primeiros-socorros-a-vitimas-de-animais-peconhentos\/","name":"Bombeiros municipais participam de curso de primeiros socorros a v\u00edtimas de animais pe\u00e7onhentos - Regi\u00e3o News","isPartOf":{"@id":"https:\/\/regiaonews.net.br\/2022\/#website"},"primaryImageOfPage":{"@id":"https:\/\/regiaonews.net.br\/2022\/2021\/06\/15\/bombeiros-municipais-participam-de-curso-de-primeiros-socorros-a-vitimas-de-animais-peconhentos\/#primaryimage"},"image":{"@id":"https:\/\/regiaonews.net.br\/2022\/2021\/06\/15\/bombeiros-municipais-participam-de-curso-de-primeiros-socorros-a-vitimas-de-animais-peconhentos\/#primaryimage"},"thumbnailUrl":"https:\/\/regiaonews.net.br\/2022\/wp-content\/uploads\/2021\/06\/Defesa-Civil-6.jpeg","datePublished":"2021-06-15T12:35:25+00:00","breadcrumb":{"@id":"https:\/\/regiaonews.net.br\/2022\/2021\/06\/15\/bombeiros-municipais-participam-de-curso-de-primeiros-socorros-a-vitimas-de-animais-peconhentos\/#breadcrumb"},"inLanguage":"pt-BR","potentialAction":[{"@type":"ReadAction","target":["https:\/\/regiaonews.net.br\/2022\/2021\/06\/15\/bombeiros-municipais-participam-de-curso-de-primeiros-socorros-a-vitimas-de-animais-peconhentos\/"]}]},{"@type":"ImageObject","inLanguage":"pt-BR","@id":"https:\/\/regiaonews.net.br\/2022\/2021\/06\/15\/bombeiros-municipais-participam-de-curso-de-primeiros-socorros-a-vitimas-de-animais-peconhentos\/#primaryimage","url":"https:\/\/regiaonews.net.br\/2022\/wp-content\/uploads\/2021\/06\/Defesa-Civil-6.jpeg","contentUrl":"https:\/\/regiaonews.net.br\/2022\/wp-content\/uploads\/2021\/06\/Defesa-Civil-6.jpeg","width":1152,"height":864},{"@type":"BreadcrumbList","@id":"https:\/\/regiaonews.net.br\/2022\/2021\/06\/15\/bombeiros-municipais-participam-de-curso-de-primeiros-socorros-a-vitimas-de-animais-peconhentos\/#breadcrumb","itemListElement":[{"@type":"ListItem","position":1,"name":"In\u00edcio","item":"https:\/\/regiaonews.net.br\/2022\/"},{"@type":"ListItem","position":2,"name":"Bombeiros municipais participam de curso de primeiros socorros a v\u00edtimas de animais pe\u00e7onhentos"}]},{"@type":"WebSite","@id":"https:\/\/regiaonews.net.br\/2022\/#website","url":"https:\/\/regiaonews.net.br\/2022\/","name":"Regi\u00e3o News","description":"Site de Not\u00edcias de Barretos e regi\u00e3o","publisher":{"@id":"https:\/\/regiaonews.net.br\/2022\/#organization"},"potentialAction":[{"@type":"SearchAction","target":{"@type":"EntryPoint","urlTemplate":"https:\/\/regiaonews.net.br\/2022\/?s={search_term_string}"},"query-input":{"@type":"PropertyValueSpecification","valueRequired":true,"valueName":"search_term_string"}}],"inLanguage":"pt-BR"},{"@type":"Organization","@id":"https:\/\/regiaonews.net.br\/2022\/#organization","name":"Regi\u00e3o News","url":"https:\/\/regiaonews.net.br\/2022\/","logo":{"@type":"ImageObject","inLanguage":"pt-BR","@id":"https:\/\/regiaonews.net.br\/2022\/#\/schema\/logo\/image\/","url":"https:\/\/regiaonews.net.br\/2022\/wp-content\/uploads\/2026\/03\/regiao-13-anos-scaled.jpg","contentUrl":"https:\/\/regiaonews.net.br\/2022\/wp-content\/uploads\/2026\/03\/regiao-13-anos-scaled.jpg","width":2560,"height":635,"caption":"Regi\u00e3o News"},"image":{"@id":"https:\/\/regiaonews.net.br\/2022\/#\/schema\/logo\/image\/"}},{"@type":"Person","@id":"https:\/\/regiaonews.net.br\/2022\/#\/schema\/person\/2d205a608a5aa97ac279d7a5e6d89ad8","name":"Roberto","image":{"@type":"ImageObject","inLanguage":"pt-BR","@id":"https:\/\/secure.gravatar.com\/avatar\/42749d8b712ff9d59ca93dc150494e5b55a44134482993f5baeb97e61b7ecc89?s=96&d=mm&r=g","url":"https:\/\/secure.gravatar.com\/avatar\/42749d8b712ff9d59ca93dc150494e5b55a44134482993f5baeb97e61b7ecc89?s=96&d=mm&r=g","contentUrl":"https:\/\/secure.gravatar.com\/avatar\/42749d8b712ff9d59ca93dc150494e5b55a44134482993f5baeb97e61b7ecc89?s=96&d=mm&r=g","caption":"Roberto"},"url":"https:\/\/regiaonews.net.br\/2022\/author\/roberto\/"}]}},"publishpress_future_action":{"enabled":false,"date":"2026-05-03 03:43:27","action":"change-status","newStatus":"draft","terms":[],"taxonomy":"category","extraData":[]},"publishpress_future_workflow_manual_trigger":{"enabledWorkflows":[]},"_links":{"self":[{"href":"https:\/\/regiaonews.net.br\/2022\/wp-json\/wp\/v2\/posts\/48658","targetHints":{"allow":["GET"]}}],"collection":[{"href":"https:\/\/regiaonews.net.br\/2022\/wp-json\/wp\/v2\/posts"}],"about":[{"href":"https:\/\/regiaonews.net.br\/2022\/wp-json\/wp\/v2\/types\/post"}],"author":[{"embeddable":true,"href":"https:\/\/regiaonews.net.br\/2022\/wp-json\/wp\/v2\/users\/2"}],"replies":[{"embeddable":true,"href":"https:\/\/regiaonews.net.br\/2022\/wp-json\/wp\/v2\/comments?post=48658"}],"version-history":[{"count":0,"href":"https:\/\/regiaonews.net.br\/2022\/wp-json\/wp\/v2\/posts\/48658\/revisions"}],"wp:featuredmedia":[{"embeddable":true,"href":"https:\/\/regiaonews.net.br\/2022\/wp-json\/wp\/v2\/media\/48660"}],"wp:attachment":[{"href":"https:\/\/regiaonews.net.br\/2022\/wp-json\/wp\/v2\/media?parent=48658"}],"wp:term":[{"taxonomy":"category","embeddable":true,"href":"https:\/\/regiaonews.net.br\/2022\/wp-json\/wp\/v2\/categories?post=48658"},{"taxonomy":"post_tag","embeddable":true,"href":"https:\/\/regiaonews.net.br\/2022\/wp-json\/wp\/v2\/tags?post=48658"}],"curies":[{"name":"wp","href":"https:\/\/api.w.org\/{rel}","templated":true}]}}