{"id":48654,"date":"2021-06-15T09:33:17","date_gmt":"2021-06-15T12:33:17","guid":{"rendered":"https:\/\/regiaonews.net.br\/2022\/?p=48654"},"modified":"2021-06-15T09:33:17","modified_gmt":"2021-06-15T12:33:17","slug":"eta-rio-das-pedras-esta-em-processo-de-execucao-das-fundacoes","status":"publish","type":"post","link":"https:\/\/regiaonews.net.br\/2022\/2021\/06\/15\/eta-rio-das-pedras-esta-em-processo-de-execucao-das-fundacoes\/","title":{"rendered":"ETA Rio das Pedras est\u00e1 em processo de execu\u00e7\u00e3o das funda\u00e7\u00f5es"},"content":{"rendered":"<p align=\"center\"><i>Obra ficar\u00e1 pronta em at\u00e9 dois anos<\/i><\/p>\n<p><a href=\"https:\/\/regiaonews.net.br\/2022\/wp-content\/uploads\/2021\/06\/ETA-Rio-das-Pedras-6.jpeg\"><img loading=\"lazy\" decoding=\"async\" class=\"alignnone size-medium wp-image-48655\" src=\"https:\/\/regiaonews.net.br\/2022\/wp-content\/uploads\/2021\/06\/ETA-Rio-das-Pedras-6-300x225.jpeg\" alt=\"\" width=\"300\" height=\"225\" \/><\/a> <a href=\"https:\/\/regiaonews.net.br\/2022\/wp-content\/uploads\/2021\/06\/ETA-Rio-das-Pedras-10.jpeg\"><img loading=\"lazy\" decoding=\"async\" class=\"alignnone size-medium wp-image-48656\" src=\"https:\/\/regiaonews.net.br\/2022\/wp-content\/uploads\/2021\/06\/ETA-Rio-das-Pedras-10-300x225.jpeg\" alt=\"\" width=\"300\" height=\"225\" \/><\/a><\/p>\n<p>A constru\u00e7\u00e3o da capta\u00e7\u00e3o e Esta\u00e7\u00e3o de Tratamento de \u00c1gua (ETA) Rio das Pedras segue em processo de execu\u00e7\u00e3o das funda\u00e7\u00f5es com supervis\u00e3o do Servi\u00e7o Aut\u00f4nomo de \u00c1gua e Esgoto de Barretos (SAAEB).<\/p>\n<p>&nbsp;<\/p>\n<p>O terreno j\u00e1 foi limpo, realizadas escava\u00e7\u00f5es, movimenta\u00e7\u00e3o e compacta\u00e7\u00e3o do solo para iniciar a execu\u00e7\u00e3o das funda\u00e7\u00f5es.<\/p>\n<p>&nbsp;<\/p>\n<p>\u201cAs funda\u00e7\u00f5es j\u00e1 est\u00e3o sendo executadas. O equipamento j\u00e1 est\u00e1 no local perfurando as estacas do reservat\u00f3rio. Pelo cronograma da licita\u00e7\u00e3o a nova ETA tem at\u00e9 dois anos para ficar pronta\u201d, explica a engenheira civil, Tayn\u00e1 Barros Mazer Lucatti.<\/p>\n<p>&nbsp;<\/p>\n<p>A nova ETA ir\u00e1 captar a \u00e1gua do c\u00f3rrego Rio das Pedras em conflu\u00eancia com o Rio S\u00e3o Domingos e ser\u00e1 compacta, ou seja, ter\u00e1 as dimens\u00f5es reduzidas sendo toda de a\u00e7o, vindo quase que pronta da ind\u00fastria dando agilidade \u00e0 montagem.<\/p>\n<p>&nbsp;<\/p>\n<p>A maior parte da adutora j\u00e1 foi executada, faltando apenas as interliga\u00e7\u00f5es da capta\u00e7\u00e3o que levar\u00e1 a \u00e1gua at\u00e9 o Po\u00e7o das Comitivas, local onde ser\u00e1 constru\u00edda a nova ETA. No espa\u00e7o haver\u00e1 um laborat\u00f3rio, nos mesmos moldes da ETA Pereira, onde ser\u00e3o feitas as an\u00e1lises da \u00e1gua captada.<\/p>\n<p>&nbsp;<\/p>\n<p>No local j\u00e1 est\u00e3o as ferragens necess\u00e1rias para a constru\u00e7\u00e3o da Esta\u00e7\u00e3o de Tratamento de Res\u00edduos (com o tratamento do lodo) e do reservat\u00f3rio e as armaduras j\u00e1 est\u00e3o sendo montada<\/p>\n","protected":false},"excerpt":{"rendered":"<p>Obra ficar\u00e1 pronta em at\u00e9 dois anos A constru\u00e7\u00e3o da<\/p>\n","protected":false},"author":2,"featured_media":48655,"comment_status":"open","ping_status":"open","sticky":false,"template":"","format":"standard","meta":{"footnotes":""},"categories":[14,25],"tags":[],"class_list":["post-48654","post","type-post","status-publish","format-standard","has-post-thumbnail","hentry","category-barretos","category-cidades"],"yoast_head":"<!-- This site is optimized with the Yoast SEO plugin v27.4 - https:\/\/yoast.com\/product\/yoast-seo-wordpress\/ -->\n<title>ETA Rio das Pedras est\u00e1 em processo de execu\u00e7\u00e3o das funda\u00e7\u00f5es - Regi\u00e3o News<\/title>\n<meta name=\"robots\" content=\"index, follow, max-snippet:-1, max-image-preview:large, max-video-preview:-1\" \/>\n<link rel=\"canonical\" href=\"https:\/\/regiaonews.net.br\/2022\/2021\/06\/15\/eta-rio-das-pedras-esta-em-processo-de-execucao-das-fundacoes\/\" \/>\n<meta property=\"og:locale\" content=\"pt_BR\" \/>\n<meta property=\"og:type\" content=\"article\" \/>\n<meta property=\"og:title\" content=\"ETA Rio das Pedras est\u00e1 em processo de execu\u00e7\u00e3o das funda\u00e7\u00f5es - Regi\u00e3o News\" \/>\n<meta property=\"og:description\" content=\"Obra ficar\u00e1 pronta em at\u00e9 dois anos A constru\u00e7\u00e3o da\" \/>\n<meta property=\"og:url\" content=\"https:\/\/regiaonews.net.br\/2022\/2021\/06\/15\/eta-rio-das-pedras-esta-em-processo-de-execucao-das-fundacoes\/\" \/>\n<meta property=\"og:site_name\" content=\"Regi\u00e3o News\" \/>\n<meta property=\"article:published_time\" content=\"2021-06-15T12:33:17+00:00\" \/>\n<meta property=\"og:image\" content=\"https:\/\/regiaonews.net.br\/2022\/wp-content\/uploads\/2021\/06\/ETA-Rio-das-Pedras-6.jpeg\" \/>\n\t<meta property=\"og:image:width\" content=\"1040\" \/>\n\t<meta property=\"og:image:height\" content=\"780\" \/>\n\t<meta property=\"og:image:type\" content=\"image\/jpeg\" \/>\n<meta name=\"author\" content=\"Roberto\" \/>\n<meta name=\"twitter:card\" content=\"summary_large_image\" \/>\n<meta name=\"twitter:label1\" content=\"Escrito por\" \/>\n\t<meta name=\"twitter:data1\" content=\"Roberto\" \/>\n\t<meta name=\"twitter:label2\" content=\"Est. tempo de leitura\" \/>\n\t<meta name=\"twitter:data2\" content=\"1 minuto\" \/>\n<script type=\"application\/ld+json\" class=\"yoast-schema-graph\">{\"@context\":\"https:\\\/\\\/schema.org\",\"@graph\":[{\"@type\":\"Article\",\"@id\":\"https:\\\/\\\/regiaonews.net.br\\\/2022\\\/2021\\\/06\\\/15\\\/eta-rio-das-pedras-esta-em-processo-de-execucao-das-fundacoes\\\/#article\",\"isPartOf\":{\"@id\":\"https:\\\/\\\/regiaonews.net.br\\\/2022\\\/2021\\\/06\\\/15\\\/eta-rio-das-pedras-esta-em-processo-de-execucao-das-fundacoes\\\/\"},\"author\":{\"name\":\"Roberto\",\"@id\":\"https:\\\/\\\/regiaonews.net.br\\\/2022\\\/#\\\/schema\\\/person\\\/2d205a608a5aa97ac279d7a5e6d89ad8\"},\"headline\":\"ETA Rio das Pedras est\u00e1 em processo de execu\u00e7\u00e3o das funda\u00e7\u00f5es\",\"datePublished\":\"2021-06-15T12:33:17+00:00\",\"mainEntityOfPage\":{\"@id\":\"https:\\\/\\\/regiaonews.net.br\\\/2022\\\/2021\\\/06\\\/15\\\/eta-rio-das-pedras-esta-em-processo-de-execucao-das-fundacoes\\\/\"},\"wordCount\":274,\"commentCount\":0,\"publisher\":{\"@id\":\"https:\\\/\\\/regiaonews.net.br\\\/2022\\\/#organization\"},\"image\":{\"@id\":\"https:\\\/\\\/regiaonews.net.br\\\/2022\\\/2021\\\/06\\\/15\\\/eta-rio-das-pedras-esta-em-processo-de-execucao-das-fundacoes\\\/#primaryimage\"},\"thumbnailUrl\":\"https:\\\/\\\/regiaonews.net.br\\\/2022\\\/wp-content\\\/uploads\\\/2021\\\/06\\\/ETA-Rio-das-Pedras-6.jpeg\",\"articleSection\":[\"Barretos\",\"Cidades\"],\"inLanguage\":\"pt-BR\",\"potentialAction\":[{\"@type\":\"CommentAction\",\"name\":\"Comment\",\"target\":[\"https:\\\/\\\/regiaonews.net.br\\\/2022\\\/2021\\\/06\\\/15\\\/eta-rio-das-pedras-esta-em-processo-de-execucao-das-fundacoes\\\/#respond\"]}]},{\"@type\":\"WebPage\",\"@id\":\"https:\\\/\\\/regiaonews.net.br\\\/2022\\\/2021\\\/06\\\/15\\\/eta-rio-das-pedras-esta-em-processo-de-execucao-das-fundacoes\\\/\",\"url\":\"https:\\\/\\\/regiaonews.net.br\\\/2022\\\/2021\\\/06\\\/15\\\/eta-rio-das-pedras-esta-em-processo-de-execucao-das-fundacoes\\\/\",\"name\":\"ETA Rio das Pedras est\u00e1 em processo de execu\u00e7\u00e3o das funda\u00e7\u00f5es - Regi\u00e3o News\",\"isPartOf\":{\"@id\":\"https:\\\/\\\/regiaonews.net.br\\\/2022\\\/#website\"},\"primaryImageOfPage\":{\"@id\":\"https:\\\/\\\/regiaonews.net.br\\\/2022\\\/2021\\\/06\\\/15\\\/eta-rio-das-pedras-esta-em-processo-de-execucao-das-fundacoes\\\/#primaryimage\"},\"image\":{\"@id\":\"https:\\\/\\\/regiaonews.net.br\\\/2022\\\/2021\\\/06\\\/15\\\/eta-rio-das-pedras-esta-em-processo-de-execucao-das-fundacoes\\\/#primaryimage\"},\"thumbnailUrl\":\"https:\\\/\\\/regiaonews.net.br\\\/2022\\\/wp-content\\\/uploads\\\/2021\\\/06\\\/ETA-Rio-das-Pedras-6.jpeg\",\"datePublished\":\"2021-06-15T12:33:17+00:00\",\"breadcrumb\":{\"@id\":\"https:\\\/\\\/regiaonews.net.br\\\/2022\\\/2021\\\/06\\\/15\\\/eta-rio-das-pedras-esta-em-processo-de-execucao-das-fundacoes\\\/#breadcrumb\"},\"inLanguage\":\"pt-BR\",\"potentialAction\":[{\"@type\":\"ReadAction\",\"target\":[\"https:\\\/\\\/regiaonews.net.br\\\/2022\\\/2021\\\/06\\\/15\\\/eta-rio-das-pedras-esta-em-processo-de-execucao-das-fundacoes\\\/\"]}]},{\"@type\":\"ImageObject\",\"inLanguage\":\"pt-BR\",\"@id\":\"https:\\\/\\\/regiaonews.net.br\\\/2022\\\/2021\\\/06\\\/15\\\/eta-rio-das-pedras-esta-em-processo-de-execucao-das-fundacoes\\\/#primaryimage\",\"url\":\"https:\\\/\\\/regiaonews.net.br\\\/2022\\\/wp-content\\\/uploads\\\/2021\\\/06\\\/ETA-Rio-das-Pedras-6.jpeg\",\"contentUrl\":\"https:\\\/\\\/regiaonews.net.br\\\/2022\\\/wp-content\\\/uploads\\\/2021\\\/06\\\/ETA-Rio-das-Pedras-6.jpeg\",\"width\":1040,\"height\":780},{\"@type\":\"BreadcrumbList\",\"@id\":\"https:\\\/\\\/regiaonews.net.br\\\/2022\\\/2021\\\/06\\\/15\\\/eta-rio-das-pedras-esta-em-processo-de-execucao-das-fundacoes\\\/#breadcrumb\",\"itemListElement\":[{\"@type\":\"ListItem\",\"position\":1,\"name\":\"In\u00edcio\",\"item\":\"https:\\\/\\\/regiaonews.net.br\\\/2022\\\/\"},{\"@type\":\"ListItem\",\"position\":2,\"name\":\"ETA Rio das Pedras est\u00e1 em processo de execu\u00e7\u00e3o das funda\u00e7\u00f5es\"}]},{\"@type\":\"WebSite\",\"@id\":\"https:\\\/\\\/regiaonews.net.br\\\/2022\\\/#website\",\"url\":\"https:\\\/\\\/regiaonews.net.br\\\/2022\\\/\",\"name\":\"Regi\u00e3o News\",\"description\":\"Site de Not\u00edcias de Barretos e regi\u00e3o\",\"publisher\":{\"@id\":\"https:\\\/\\\/regiaonews.net.br\\\/2022\\\/#organization\"},\"potentialAction\":[{\"@type\":\"SearchAction\",\"target\":{\"@type\":\"EntryPoint\",\"urlTemplate\":\"https:\\\/\\\/regiaonews.net.br\\\/2022\\\/?s={search_term_string}\"},\"query-input\":{\"@type\":\"PropertyValueSpecification\",\"valueRequired\":true,\"valueName\":\"search_term_string\"}}],\"inLanguage\":\"pt-BR\"},{\"@type\":\"Organization\",\"@id\":\"https:\\\/\\\/regiaonews.net.br\\\/2022\\\/#organization\",\"name\":\"Regi\u00e3o News\",\"url\":\"https:\\\/\\\/regiaonews.net.br\\\/2022\\\/\",\"logo\":{\"@type\":\"ImageObject\",\"inLanguage\":\"pt-BR\",\"@id\":\"https:\\\/\\\/regiaonews.net.br\\\/2022\\\/#\\\/schema\\\/logo\\\/image\\\/\",\"url\":\"https:\\\/\\\/regiaonews.net.br\\\/2022\\\/wp-content\\\/uploads\\\/2026\\\/03\\\/regiao-13-anos-scaled.jpg\",\"contentUrl\":\"https:\\\/\\\/regiaonews.net.br\\\/2022\\\/wp-content\\\/uploads\\\/2026\\\/03\\\/regiao-13-anos-scaled.jpg\",\"width\":2560,\"height\":635,\"caption\":\"Regi\u00e3o News\"},\"image\":{\"@id\":\"https:\\\/\\\/regiaonews.net.br\\\/2022\\\/#\\\/schema\\\/logo\\\/image\\\/\"}},{\"@type\":\"Person\",\"@id\":\"https:\\\/\\\/regiaonews.net.br\\\/2022\\\/#\\\/schema\\\/person\\\/2d205a608a5aa97ac279d7a5e6d89ad8\",\"name\":\"Roberto\",\"image\":{\"@type\":\"ImageObject\",\"inLanguage\":\"pt-BR\",\"@id\":\"https:\\\/\\\/secure.gravatar.com\\\/avatar\\\/42749d8b712ff9d59ca93dc150494e5b55a44134482993f5baeb97e61b7ecc89?s=96&d=mm&r=g\",\"url\":\"https:\\\/\\\/secure.gravatar.com\\\/avatar\\\/42749d8b712ff9d59ca93dc150494e5b55a44134482993f5baeb97e61b7ecc89?s=96&d=mm&r=g\",\"contentUrl\":\"https:\\\/\\\/secure.gravatar.com\\\/avatar\\\/42749d8b712ff9d59ca93dc150494e5b55a44134482993f5baeb97e61b7ecc89?s=96&d=mm&r=g\",\"caption\":\"Roberto\"},\"url\":\"https:\\\/\\\/regiaonews.net.br\\\/2022\\\/author\\\/roberto\\\/\"}]}<\/script>\n<!-- \/ Yoast SEO plugin. -->","yoast_head_json":{"title":"ETA Rio das Pedras est\u00e1 em processo de execu\u00e7\u00e3o das funda\u00e7\u00f5es - Regi\u00e3o News","robots":{"index":"index","follow":"follow","max-snippet":"max-snippet:-1","max-image-preview":"max-image-preview:large","max-video-preview":"max-video-preview:-1"},"canonical":"https:\/\/regiaonews.net.br\/2022\/2021\/06\/15\/eta-rio-das-pedras-esta-em-processo-de-execucao-das-fundacoes\/","og_locale":"pt_BR","og_type":"article","og_title":"ETA Rio das Pedras est\u00e1 em processo de execu\u00e7\u00e3o das funda\u00e7\u00f5es - Regi\u00e3o News","og_description":"Obra ficar\u00e1 pronta em at\u00e9 dois anos A constru\u00e7\u00e3o da","og_url":"https:\/\/regiaonews.net.br\/2022\/2021\/06\/15\/eta-rio-das-pedras-esta-em-processo-de-execucao-das-fundacoes\/","og_site_name":"Regi\u00e3o News","article_published_time":"2021-06-15T12:33:17+00:00","og_image":[{"width":1040,"height":780,"url":"https:\/\/regiaonews.net.br\/2022\/wp-content\/uploads\/2021\/06\/ETA-Rio-das-Pedras-6.jpeg","type":"image\/jpeg"}],"author":"Roberto","twitter_card":"summary_large_image","twitter_misc":{"Escrito por":"Roberto","Est. tempo de leitura":"1 minuto"},"schema":{"@context":"https:\/\/schema.org","@graph":[{"@type":"Article","@id":"https:\/\/regiaonews.net.br\/2022\/2021\/06\/15\/eta-rio-das-pedras-esta-em-processo-de-execucao-das-fundacoes\/#article","isPartOf":{"@id":"https:\/\/regiaonews.net.br\/2022\/2021\/06\/15\/eta-rio-das-pedras-esta-em-processo-de-execucao-das-fundacoes\/"},"author":{"name":"Roberto","@id":"https:\/\/regiaonews.net.br\/2022\/#\/schema\/person\/2d205a608a5aa97ac279d7a5e6d89ad8"},"headline":"ETA Rio das Pedras est\u00e1 em processo de execu\u00e7\u00e3o das funda\u00e7\u00f5es","datePublished":"2021-06-15T12:33:17+00:00","mainEntityOfPage":{"@id":"https:\/\/regiaonews.net.br\/2022\/2021\/06\/15\/eta-rio-das-pedras-esta-em-processo-de-execucao-das-fundacoes\/"},"wordCount":274,"commentCount":0,"publisher":{"@id":"https:\/\/regiaonews.net.br\/2022\/#organization"},"image":{"@id":"https:\/\/regiaonews.net.br\/2022\/2021\/06\/15\/eta-rio-das-pedras-esta-em-processo-de-execucao-das-fundacoes\/#primaryimage"},"thumbnailUrl":"https:\/\/regiaonews.net.br\/2022\/wp-content\/uploads\/2021\/06\/ETA-Rio-das-Pedras-6.jpeg","articleSection":["Barretos","Cidades"],"inLanguage":"pt-BR","potentialAction":[{"@type":"CommentAction","name":"Comment","target":["https:\/\/regiaonews.net.br\/2022\/2021\/06\/15\/eta-rio-das-pedras-esta-em-processo-de-execucao-das-fundacoes\/#respond"]}]},{"@type":"WebPage","@id":"https:\/\/regiaonews.net.br\/2022\/2021\/06\/15\/eta-rio-das-pedras-esta-em-processo-de-execucao-das-fundacoes\/","url":"https:\/\/regiaonews.net.br\/2022\/2021\/06\/15\/eta-rio-das-pedras-esta-em-processo-de-execucao-das-fundacoes\/","name":"ETA Rio das Pedras est\u00e1 em processo de execu\u00e7\u00e3o das funda\u00e7\u00f5es - Regi\u00e3o News","isPartOf":{"@id":"https:\/\/regiaonews.net.br\/2022\/#website"},"primaryImageOfPage":{"@id":"https:\/\/regiaonews.net.br\/2022\/2021\/06\/15\/eta-rio-das-pedras-esta-em-processo-de-execucao-das-fundacoes\/#primaryimage"},"image":{"@id":"https:\/\/regiaonews.net.br\/2022\/2021\/06\/15\/eta-rio-das-pedras-esta-em-processo-de-execucao-das-fundacoes\/#primaryimage"},"thumbnailUrl":"https:\/\/regiaonews.net.br\/2022\/wp-content\/uploads\/2021\/06\/ETA-Rio-das-Pedras-6.jpeg","datePublished":"2021-06-15T12:33:17+00:00","breadcrumb":{"@id":"https:\/\/regiaonews.net.br\/2022\/2021\/06\/15\/eta-rio-das-pedras-esta-em-processo-de-execucao-das-fundacoes\/#breadcrumb"},"inLanguage":"pt-BR","potentialAction":[{"@type":"ReadAction","target":["https:\/\/regiaonews.net.br\/2022\/2021\/06\/15\/eta-rio-das-pedras-esta-em-processo-de-execucao-das-fundacoes\/"]}]},{"@type":"ImageObject","inLanguage":"pt-BR","@id":"https:\/\/regiaonews.net.br\/2022\/2021\/06\/15\/eta-rio-das-pedras-esta-em-processo-de-execucao-das-fundacoes\/#primaryimage","url":"https:\/\/regiaonews.net.br\/2022\/wp-content\/uploads\/2021\/06\/ETA-Rio-das-Pedras-6.jpeg","contentUrl":"https:\/\/regiaonews.net.br\/2022\/wp-content\/uploads\/2021\/06\/ETA-Rio-das-Pedras-6.jpeg","width":1040,"height":780},{"@type":"BreadcrumbList","@id":"https:\/\/regiaonews.net.br\/2022\/2021\/06\/15\/eta-rio-das-pedras-esta-em-processo-de-execucao-das-fundacoes\/#breadcrumb","itemListElement":[{"@type":"ListItem","position":1,"name":"In\u00edcio","item":"https:\/\/regiaonews.net.br\/2022\/"},{"@type":"ListItem","position":2,"name":"ETA Rio das Pedras est\u00e1 em processo de execu\u00e7\u00e3o das funda\u00e7\u00f5es"}]},{"@type":"WebSite","@id":"https:\/\/regiaonews.net.br\/2022\/#website","url":"https:\/\/regiaonews.net.br\/2022\/","name":"Regi\u00e3o News","description":"Site de Not\u00edcias de Barretos e regi\u00e3o","publisher":{"@id":"https:\/\/regiaonews.net.br\/2022\/#organization"},"potentialAction":[{"@type":"SearchAction","target":{"@type":"EntryPoint","urlTemplate":"https:\/\/regiaonews.net.br\/2022\/?s={search_term_string}"},"query-input":{"@type":"PropertyValueSpecification","valueRequired":true,"valueName":"search_term_string"}}],"inLanguage":"pt-BR"},{"@type":"Organization","@id":"https:\/\/regiaonews.net.br\/2022\/#organization","name":"Regi\u00e3o News","url":"https:\/\/regiaonews.net.br\/2022\/","logo":{"@type":"ImageObject","inLanguage":"pt-BR","@id":"https:\/\/regiaonews.net.br\/2022\/#\/schema\/logo\/image\/","url":"https:\/\/regiaonews.net.br\/2022\/wp-content\/uploads\/2026\/03\/regiao-13-anos-scaled.jpg","contentUrl":"https:\/\/regiaonews.net.br\/2022\/wp-content\/uploads\/2026\/03\/regiao-13-anos-scaled.jpg","width":2560,"height":635,"caption":"Regi\u00e3o News"},"image":{"@id":"https:\/\/regiaonews.net.br\/2022\/#\/schema\/logo\/image\/"}},{"@type":"Person","@id":"https:\/\/regiaonews.net.br\/2022\/#\/schema\/person\/2d205a608a5aa97ac279d7a5e6d89ad8","name":"Roberto","image":{"@type":"ImageObject","inLanguage":"pt-BR","@id":"https:\/\/secure.gravatar.com\/avatar\/42749d8b712ff9d59ca93dc150494e5b55a44134482993f5baeb97e61b7ecc89?s=96&d=mm&r=g","url":"https:\/\/secure.gravatar.com\/avatar\/42749d8b712ff9d59ca93dc150494e5b55a44134482993f5baeb97e61b7ecc89?s=96&d=mm&r=g","contentUrl":"https:\/\/secure.gravatar.com\/avatar\/42749d8b712ff9d59ca93dc150494e5b55a44134482993f5baeb97e61b7ecc89?s=96&d=mm&r=g","caption":"Roberto"},"url":"https:\/\/regiaonews.net.br\/2022\/author\/roberto\/"}]}},"publishpress_future_action":{"enabled":false,"date":"2026-05-03 03:14:28","action":"change-status","newStatus":"draft","terms":[],"taxonomy":"category","extraData":[]},"publishpress_future_workflow_manual_trigger":{"enabledWorkflows":[]},"_links":{"self":[{"href":"https:\/\/regiaonews.net.br\/2022\/wp-json\/wp\/v2\/posts\/48654","targetHints":{"allow":["GET"]}}],"collection":[{"href":"https:\/\/regiaonews.net.br\/2022\/wp-json\/wp\/v2\/posts"}],"about":[{"href":"https:\/\/regiaonews.net.br\/2022\/wp-json\/wp\/v2\/types\/post"}],"author":[{"embeddable":true,"href":"https:\/\/regiaonews.net.br\/2022\/wp-json\/wp\/v2\/users\/2"}],"replies":[{"embeddable":true,"href":"https:\/\/regiaonews.net.br\/2022\/wp-json\/wp\/v2\/comments?post=48654"}],"version-history":[{"count":0,"href":"https:\/\/regiaonews.net.br\/2022\/wp-json\/wp\/v2\/posts\/48654\/revisions"}],"wp:featuredmedia":[{"embeddable":true,"href":"https:\/\/regiaonews.net.br\/2022\/wp-json\/wp\/v2\/media\/48655"}],"wp:attachment":[{"href":"https:\/\/regiaonews.net.br\/2022\/wp-json\/wp\/v2\/media?parent=48654"}],"wp:term":[{"taxonomy":"category","embeddable":true,"href":"https:\/\/regiaonews.net.br\/2022\/wp-json\/wp\/v2\/categories?post=48654"},{"taxonomy":"post_tag","embeddable":true,"href":"https:\/\/regiaonews.net.br\/2022\/wp-json\/wp\/v2\/tags?post=48654"}],"curies":[{"name":"wp","href":"https:\/\/api.w.org\/{rel}","templated":true}]}}