{"id":48562,"date":"2021-06-13T17:43:49","date_gmt":"2021-06-13T20:43:49","guid":{"rendered":"https:\/\/regiaonews.net.br\/2022\/?p=48562"},"modified":"2021-06-13T17:43:49","modified_gmt":"2021-06-13T20:43:49","slug":"alemao-e-patrick-alan-na-selecao-da-serie-a3","status":"publish","type":"post","link":"https:\/\/regiaonews.net.br\/2022\/2021\/06\/13\/alemao-e-patrick-alan-na-selecao-da-serie-a3\/","title":{"rendered":"Alem\u00e3o e Patrick Alan na sele\u00e7\u00e3o da S\u00e9rie A3"},"content":{"rendered":"<h2><\/h2>\n<section class=\"noticias\">\n<div class=\"galeria\">\n<div id=\"cpBody_panelPrincipal\" class=\"item destaque\">\n<div id=\"cpBody_panelBg\" class=\"item-bg\"><img decoding=\"async\" id=\"cpBody_imageBg\" src=\"https:\/\/futebolpaulista.com.br\/Repositorio\/Imagem\/Artes\/Paulist%C3%A3oA32021_Sele%C3%A7%C3%A3odoCampeonato_Site_2_.png\" \/><\/div>\n<p><span id=\"cpBody_lblCreditoFoto\" class=\"credito\">(CR\u00c9DITO: ARTE\/FPF)<\/span><\/p>\n<div class=\"cont\"><\/div>\n<\/div>\n<\/div>\n<\/section>\n<div class=\"box-share\"><\/div>\n<div class=\"row col-equal-h clear\">\n<div class=\"post col-md-9 col-sm-12\">\n<p>A Sele\u00e7\u00e3o do Paulist\u00e3o A3 est\u00e1 definida! Com uma competi\u00e7\u00e3o para l\u00e1 de equilibrada, os t\u00e9cnicos e capit\u00e3es dos 16 clubes participantes formaram os 11 iniciais. Craque da competi\u00e7\u00e3o, o artilheiro \u00c9der Paulista comanda o ataque do time ideal, que ainda conta com a experi\u00eancia do \u00eddolo do Linense,\u00a0Thiago Humberto.<\/p>\n<p>Todo grande time come\u00e7a por um grande goleiro e a Sele\u00e7\u00e3o do Paulist\u00e3o A3 pode se gabar disso, j\u00e1 que Reynaldo (Linense) foi o escolhido para ser o guarda-metas. Com grandes atua\u00e7\u00f5es, principalmente no mata-mata, o arqueiro foi coroado com o acesso e o t\u00edtulo.<\/p>\n<p>Seguindo com o sistema defensivo, Carlinhos, lateral direito do Noroeste aparece no time ideal. O jogador ajudou o clube a terminar a primeira fase na primeira coloca\u00e7\u00e3o e ganhou um lugar de destaque entre os melhores da competi\u00e7\u00e3o. Ao seu lado, aparece Guilherme Teixeira, tamb\u00e9m do clube de Bauru, que foi escolhido entre os melhores do certame.<\/p>\n<p>Fechando o sistema de defesa. o zagueiro Marcos Alem\u00e3o, do Barretos, tem a companhia de C\u00e9sar, lateral esquerdo do Nacional, respons\u00e1vel pela bola parada do clube da capital, que se despediu da competi\u00e7\u00e3o na semifinal.<\/p>\n<p>O meio-campo \u00e9 formado apenas por jogadores canhotos. Daniel Bonassa, do Primavera, foi um dos pilares de equil\u00edbrio na campanha do acesso \u00e0 S\u00e9rie A2. Ao seu lado aparece Patrick Alan, do Barretos, que cresceu de produ\u00e7\u00e3o e chegou \u00e0s semifinais. O destaque fica por conta do experiente Thiago Humberto, \u00eddolo do Linense.<\/p>\n<p>Respons\u00e1vel pelos gols, o ataque tem dois jogadores do Votuporanguense: Jo\u00e3o Marcos e Gabriel Barcos, semifinalistas da S\u00e9rie A3. O destaque do setor ofensivo fica com \u00c9der Paulista (Nacional), artilheiro da competi\u00e7\u00e3o com 13 gols, eleito Craque da Competi\u00e7\u00e3o.<\/p>\n<p>Ademir Fesan, do Primavera, \u00e9 o respons\u00e1vel por comandar a Sele\u00e7\u00e3o do Paulist\u00e3o A3. Aos 44 anos, o t\u00e9cnico conduziu a campanha do clube de Indaiatuba \u00e0 S\u00e9rie A2 paulista ap\u00f3s 34 temporadas, escrevendo o seu nome na hist\u00f3ria do clube.<\/p>\n<p><strong>Confira a Sele\u00e7\u00e3o do Paulist\u00e3o A3:<\/strong><br \/>\nReynaldo (Linense); Carlinhos (Noroeste), Guilherme Teixeira (Noroeste), Marcos Alem\u00e3o (Barretos) e C\u00e9sar (Nacional); Daniel Bonassa (Primavera), Patrick Alan (Barretos) e Thiago Humberto (Linense); \u00c9der Paulista (Nacional), Jo\u00e3o Marcos (Votuporanguense) e Gabriel Barcos (Votuporanguense). T\u00e9cnico: Ademir Fesan (Primavera).<\/p>\n<p><strong>Craque do Campeonato:\u00a0<\/strong>\u00c9der Paulista (Nacional)<\/p>\n<\/div>\n<\/div>\n","protected":false},"excerpt":{"rendered":"<p>(CR\u00c9DITO: ARTE\/FPF) A Sele\u00e7\u00e3o do Paulist\u00e3o A3 est\u00e1 definida! Com<\/p>\n","protected":false},"author":2,"featured_media":46725,"comment_status":"open","ping_status":"open","sticky":false,"template":"","format":"standard","meta":{"footnotes":""},"categories":[25,21],"tags":[],"class_list":["post-48562","post","type-post","status-publish","format-standard","has-post-thumbnail","hentry","category-cidades","category-esporte"],"yoast_head":"<!-- This site is optimized with the Yoast SEO plugin v27.4 - https:\/\/yoast.com\/product\/yoast-seo-wordpress\/ -->\n<title>Alem\u00e3o e Patrick Alan na sele\u00e7\u00e3o da S\u00e9rie A3 - Regi\u00e3o News<\/title>\n<meta name=\"robots\" content=\"index, follow, max-snippet:-1, max-image-preview:large, max-video-preview:-1\" \/>\n<link rel=\"canonical\" href=\"https:\/\/regiaonews.net.br\/2022\/2021\/06\/13\/alemao-e-patrick-alan-na-selecao-da-serie-a3\/\" \/>\n<meta property=\"og:locale\" content=\"pt_BR\" \/>\n<meta property=\"og:type\" content=\"article\" \/>\n<meta property=\"og:title\" content=\"Alem\u00e3o e Patrick Alan na sele\u00e7\u00e3o da S\u00e9rie A3 - Regi\u00e3o News\" \/>\n<meta property=\"og:description\" content=\"(CR\u00c9DITO: ARTE\/FPF) A Sele\u00e7\u00e3o do Paulist\u00e3o A3 est\u00e1 definida! Com\" \/>\n<meta property=\"og:url\" content=\"https:\/\/regiaonews.net.br\/2022\/2021\/06\/13\/alemao-e-patrick-alan-na-selecao-da-serie-a3\/\" \/>\n<meta property=\"og:site_name\" content=\"Regi\u00e3o News\" \/>\n<meta property=\"article:published_time\" content=\"2021-06-13T20:43:49+00:00\" \/>\n<meta property=\"og:image\" content=\"https:\/\/regiaonews.net.br\/2022\/wp-content\/uploads\/2021\/05\/bec-equipe.jpg\" \/>\n\t<meta property=\"og:image:width\" content=\"1280\" \/>\n\t<meta property=\"og:image:height\" content=\"853\" \/>\n\t<meta property=\"og:image:type\" content=\"image\/jpeg\" \/>\n<meta name=\"author\" content=\"Roberto\" \/>\n<meta name=\"twitter:card\" content=\"summary_large_image\" \/>\n<meta name=\"twitter:label1\" content=\"Escrito por\" \/>\n\t<meta name=\"twitter:data1\" content=\"Roberto\" \/>\n\t<meta name=\"twitter:label2\" content=\"Est. tempo de leitura\" \/>\n\t<meta name=\"twitter:data2\" content=\"2 minutos\" \/>\n<script type=\"application\/ld+json\" class=\"yoast-schema-graph\">{\"@context\":\"https:\\\/\\\/schema.org\",\"@graph\":[{\"@type\":\"Article\",\"@id\":\"https:\\\/\\\/regiaonews.net.br\\\/2022\\\/2021\\\/06\\\/13\\\/alemao-e-patrick-alan-na-selecao-da-serie-a3\\\/#article\",\"isPartOf\":{\"@id\":\"https:\\\/\\\/regiaonews.net.br\\\/2022\\\/2021\\\/06\\\/13\\\/alemao-e-patrick-alan-na-selecao-da-serie-a3\\\/\"},\"author\":{\"name\":\"Roberto\",\"@id\":\"https:\\\/\\\/regiaonews.net.br\\\/2022\\\/#\\\/schema\\\/person\\\/2d205a608a5aa97ac279d7a5e6d89ad8\"},\"headline\":\"Alem\u00e3o e Patrick Alan na sele\u00e7\u00e3o da S\u00e9rie A3\",\"datePublished\":\"2021-06-13T20:43:49+00:00\",\"mainEntityOfPage\":{\"@id\":\"https:\\\/\\\/regiaonews.net.br\\\/2022\\\/2021\\\/06\\\/13\\\/alemao-e-patrick-alan-na-selecao-da-serie-a3\\\/\"},\"wordCount\":417,\"commentCount\":0,\"publisher\":{\"@id\":\"https:\\\/\\\/regiaonews.net.br\\\/2022\\\/#organization\"},\"image\":{\"@id\":\"https:\\\/\\\/regiaonews.net.br\\\/2022\\\/2021\\\/06\\\/13\\\/alemao-e-patrick-alan-na-selecao-da-serie-a3\\\/#primaryimage\"},\"thumbnailUrl\":\"https:\\\/\\\/regiaonews.net.br\\\/2022\\\/wp-content\\\/uploads\\\/2021\\\/05\\\/bec-equipe.jpg\",\"articleSection\":[\"Cidades\",\"Esporte\"],\"inLanguage\":\"pt-BR\",\"potentialAction\":[{\"@type\":\"CommentAction\",\"name\":\"Comment\",\"target\":[\"https:\\\/\\\/regiaonews.net.br\\\/2022\\\/2021\\\/06\\\/13\\\/alemao-e-patrick-alan-na-selecao-da-serie-a3\\\/#respond\"]}]},{\"@type\":\"WebPage\",\"@id\":\"https:\\\/\\\/regiaonews.net.br\\\/2022\\\/2021\\\/06\\\/13\\\/alemao-e-patrick-alan-na-selecao-da-serie-a3\\\/\",\"url\":\"https:\\\/\\\/regiaonews.net.br\\\/2022\\\/2021\\\/06\\\/13\\\/alemao-e-patrick-alan-na-selecao-da-serie-a3\\\/\",\"name\":\"Alem\u00e3o e Patrick Alan na sele\u00e7\u00e3o da S\u00e9rie A3 - Regi\u00e3o News\",\"isPartOf\":{\"@id\":\"https:\\\/\\\/regiaonews.net.br\\\/2022\\\/#website\"},\"primaryImageOfPage\":{\"@id\":\"https:\\\/\\\/regiaonews.net.br\\\/2022\\\/2021\\\/06\\\/13\\\/alemao-e-patrick-alan-na-selecao-da-serie-a3\\\/#primaryimage\"},\"image\":{\"@id\":\"https:\\\/\\\/regiaonews.net.br\\\/2022\\\/2021\\\/06\\\/13\\\/alemao-e-patrick-alan-na-selecao-da-serie-a3\\\/#primaryimage\"},\"thumbnailUrl\":\"https:\\\/\\\/regiaonews.net.br\\\/2022\\\/wp-content\\\/uploads\\\/2021\\\/05\\\/bec-equipe.jpg\",\"datePublished\":\"2021-06-13T20:43:49+00:00\",\"breadcrumb\":{\"@id\":\"https:\\\/\\\/regiaonews.net.br\\\/2022\\\/2021\\\/06\\\/13\\\/alemao-e-patrick-alan-na-selecao-da-serie-a3\\\/#breadcrumb\"},\"inLanguage\":\"pt-BR\",\"potentialAction\":[{\"@type\":\"ReadAction\",\"target\":[\"https:\\\/\\\/regiaonews.net.br\\\/2022\\\/2021\\\/06\\\/13\\\/alemao-e-patrick-alan-na-selecao-da-serie-a3\\\/\"]}]},{\"@type\":\"ImageObject\",\"inLanguage\":\"pt-BR\",\"@id\":\"https:\\\/\\\/regiaonews.net.br\\\/2022\\\/2021\\\/06\\\/13\\\/alemao-e-patrick-alan-na-selecao-da-serie-a3\\\/#primaryimage\",\"url\":\"https:\\\/\\\/regiaonews.net.br\\\/2022\\\/wp-content\\\/uploads\\\/2021\\\/05\\\/bec-equipe.jpg\",\"contentUrl\":\"https:\\\/\\\/regiaonews.net.br\\\/2022\\\/wp-content\\\/uploads\\\/2021\\\/05\\\/bec-equipe.jpg\",\"width\":1280,\"height\":853},{\"@type\":\"BreadcrumbList\",\"@id\":\"https:\\\/\\\/regiaonews.net.br\\\/2022\\\/2021\\\/06\\\/13\\\/alemao-e-patrick-alan-na-selecao-da-serie-a3\\\/#breadcrumb\",\"itemListElement\":[{\"@type\":\"ListItem\",\"position\":1,\"name\":\"In\u00edcio\",\"item\":\"https:\\\/\\\/regiaonews.net.br\\\/2022\\\/\"},{\"@type\":\"ListItem\",\"position\":2,\"name\":\"Alem\u00e3o e Patrick Alan na sele\u00e7\u00e3o da S\u00e9rie A3\"}]},{\"@type\":\"WebSite\",\"@id\":\"https:\\\/\\\/regiaonews.net.br\\\/2022\\\/#website\",\"url\":\"https:\\\/\\\/regiaonews.net.br\\\/2022\\\/\",\"name\":\"Regi\u00e3o News\",\"description\":\"Site de Not\u00edcias de Barretos e regi\u00e3o\",\"publisher\":{\"@id\":\"https:\\\/\\\/regiaonews.net.br\\\/2022\\\/#organization\"},\"potentialAction\":[{\"@type\":\"SearchAction\",\"target\":{\"@type\":\"EntryPoint\",\"urlTemplate\":\"https:\\\/\\\/regiaonews.net.br\\\/2022\\\/?s={search_term_string}\"},\"query-input\":{\"@type\":\"PropertyValueSpecification\",\"valueRequired\":true,\"valueName\":\"search_term_string\"}}],\"inLanguage\":\"pt-BR\"},{\"@type\":\"Organization\",\"@id\":\"https:\\\/\\\/regiaonews.net.br\\\/2022\\\/#organization\",\"name\":\"Regi\u00e3o News\",\"url\":\"https:\\\/\\\/regiaonews.net.br\\\/2022\\\/\",\"logo\":{\"@type\":\"ImageObject\",\"inLanguage\":\"pt-BR\",\"@id\":\"https:\\\/\\\/regiaonews.net.br\\\/2022\\\/#\\\/schema\\\/logo\\\/image\\\/\",\"url\":\"https:\\\/\\\/regiaonews.net.br\\\/2022\\\/wp-content\\\/uploads\\\/2026\\\/03\\\/regiao-13-anos-scaled.jpg\",\"contentUrl\":\"https:\\\/\\\/regiaonews.net.br\\\/2022\\\/wp-content\\\/uploads\\\/2026\\\/03\\\/regiao-13-anos-scaled.jpg\",\"width\":2560,\"height\":635,\"caption\":\"Regi\u00e3o News\"},\"image\":{\"@id\":\"https:\\\/\\\/regiaonews.net.br\\\/2022\\\/#\\\/schema\\\/logo\\\/image\\\/\"}},{\"@type\":\"Person\",\"@id\":\"https:\\\/\\\/regiaonews.net.br\\\/2022\\\/#\\\/schema\\\/person\\\/2d205a608a5aa97ac279d7a5e6d89ad8\",\"name\":\"Roberto\",\"image\":{\"@type\":\"ImageObject\",\"inLanguage\":\"pt-BR\",\"@id\":\"https:\\\/\\\/secure.gravatar.com\\\/avatar\\\/42749d8b712ff9d59ca93dc150494e5b55a44134482993f5baeb97e61b7ecc89?s=96&d=mm&r=g\",\"url\":\"https:\\\/\\\/secure.gravatar.com\\\/avatar\\\/42749d8b712ff9d59ca93dc150494e5b55a44134482993f5baeb97e61b7ecc89?s=96&d=mm&r=g\",\"contentUrl\":\"https:\\\/\\\/secure.gravatar.com\\\/avatar\\\/42749d8b712ff9d59ca93dc150494e5b55a44134482993f5baeb97e61b7ecc89?s=96&d=mm&r=g\",\"caption\":\"Roberto\"},\"url\":\"https:\\\/\\\/regiaonews.net.br\\\/2022\\\/author\\\/roberto\\\/\"}]}<\/script>\n<!-- \/ Yoast SEO plugin. -->","yoast_head_json":{"title":"Alem\u00e3o e Patrick Alan na sele\u00e7\u00e3o da S\u00e9rie A3 - Regi\u00e3o News","robots":{"index":"index","follow":"follow","max-snippet":"max-snippet:-1","max-image-preview":"max-image-preview:large","max-video-preview":"max-video-preview:-1"},"canonical":"https:\/\/regiaonews.net.br\/2022\/2021\/06\/13\/alemao-e-patrick-alan-na-selecao-da-serie-a3\/","og_locale":"pt_BR","og_type":"article","og_title":"Alem\u00e3o e Patrick Alan na sele\u00e7\u00e3o da S\u00e9rie A3 - Regi\u00e3o News","og_description":"(CR\u00c9DITO: ARTE\/FPF) A Sele\u00e7\u00e3o do Paulist\u00e3o A3 est\u00e1 definida! Com","og_url":"https:\/\/regiaonews.net.br\/2022\/2021\/06\/13\/alemao-e-patrick-alan-na-selecao-da-serie-a3\/","og_site_name":"Regi\u00e3o News","article_published_time":"2021-06-13T20:43:49+00:00","og_image":[{"width":1280,"height":853,"url":"https:\/\/regiaonews.net.br\/2022\/wp-content\/uploads\/2021\/05\/bec-equipe.jpg","type":"image\/jpeg"}],"author":"Roberto","twitter_card":"summary_large_image","twitter_misc":{"Escrito por":"Roberto","Est. tempo de leitura":"2 minutos"},"schema":{"@context":"https:\/\/schema.org","@graph":[{"@type":"Article","@id":"https:\/\/regiaonews.net.br\/2022\/2021\/06\/13\/alemao-e-patrick-alan-na-selecao-da-serie-a3\/#article","isPartOf":{"@id":"https:\/\/regiaonews.net.br\/2022\/2021\/06\/13\/alemao-e-patrick-alan-na-selecao-da-serie-a3\/"},"author":{"name":"Roberto","@id":"https:\/\/regiaonews.net.br\/2022\/#\/schema\/person\/2d205a608a5aa97ac279d7a5e6d89ad8"},"headline":"Alem\u00e3o e Patrick Alan na sele\u00e7\u00e3o da S\u00e9rie A3","datePublished":"2021-06-13T20:43:49+00:00","mainEntityOfPage":{"@id":"https:\/\/regiaonews.net.br\/2022\/2021\/06\/13\/alemao-e-patrick-alan-na-selecao-da-serie-a3\/"},"wordCount":417,"commentCount":0,"publisher":{"@id":"https:\/\/regiaonews.net.br\/2022\/#organization"},"image":{"@id":"https:\/\/regiaonews.net.br\/2022\/2021\/06\/13\/alemao-e-patrick-alan-na-selecao-da-serie-a3\/#primaryimage"},"thumbnailUrl":"https:\/\/regiaonews.net.br\/2022\/wp-content\/uploads\/2021\/05\/bec-equipe.jpg","articleSection":["Cidades","Esporte"],"inLanguage":"pt-BR","potentialAction":[{"@type":"CommentAction","name":"Comment","target":["https:\/\/regiaonews.net.br\/2022\/2021\/06\/13\/alemao-e-patrick-alan-na-selecao-da-serie-a3\/#respond"]}]},{"@type":"WebPage","@id":"https:\/\/regiaonews.net.br\/2022\/2021\/06\/13\/alemao-e-patrick-alan-na-selecao-da-serie-a3\/","url":"https:\/\/regiaonews.net.br\/2022\/2021\/06\/13\/alemao-e-patrick-alan-na-selecao-da-serie-a3\/","name":"Alem\u00e3o e Patrick Alan na sele\u00e7\u00e3o da S\u00e9rie A3 - Regi\u00e3o News","isPartOf":{"@id":"https:\/\/regiaonews.net.br\/2022\/#website"},"primaryImageOfPage":{"@id":"https:\/\/regiaonews.net.br\/2022\/2021\/06\/13\/alemao-e-patrick-alan-na-selecao-da-serie-a3\/#primaryimage"},"image":{"@id":"https:\/\/regiaonews.net.br\/2022\/2021\/06\/13\/alemao-e-patrick-alan-na-selecao-da-serie-a3\/#primaryimage"},"thumbnailUrl":"https:\/\/regiaonews.net.br\/2022\/wp-content\/uploads\/2021\/05\/bec-equipe.jpg","datePublished":"2021-06-13T20:43:49+00:00","breadcrumb":{"@id":"https:\/\/regiaonews.net.br\/2022\/2021\/06\/13\/alemao-e-patrick-alan-na-selecao-da-serie-a3\/#breadcrumb"},"inLanguage":"pt-BR","potentialAction":[{"@type":"ReadAction","target":["https:\/\/regiaonews.net.br\/2022\/2021\/06\/13\/alemao-e-patrick-alan-na-selecao-da-serie-a3\/"]}]},{"@type":"ImageObject","inLanguage":"pt-BR","@id":"https:\/\/regiaonews.net.br\/2022\/2021\/06\/13\/alemao-e-patrick-alan-na-selecao-da-serie-a3\/#primaryimage","url":"https:\/\/regiaonews.net.br\/2022\/wp-content\/uploads\/2021\/05\/bec-equipe.jpg","contentUrl":"https:\/\/regiaonews.net.br\/2022\/wp-content\/uploads\/2021\/05\/bec-equipe.jpg","width":1280,"height":853},{"@type":"BreadcrumbList","@id":"https:\/\/regiaonews.net.br\/2022\/2021\/06\/13\/alemao-e-patrick-alan-na-selecao-da-serie-a3\/#breadcrumb","itemListElement":[{"@type":"ListItem","position":1,"name":"In\u00edcio","item":"https:\/\/regiaonews.net.br\/2022\/"},{"@type":"ListItem","position":2,"name":"Alem\u00e3o e Patrick Alan na sele\u00e7\u00e3o da S\u00e9rie A3"}]},{"@type":"WebSite","@id":"https:\/\/regiaonews.net.br\/2022\/#website","url":"https:\/\/regiaonews.net.br\/2022\/","name":"Regi\u00e3o News","description":"Site de Not\u00edcias de Barretos e regi\u00e3o","publisher":{"@id":"https:\/\/regiaonews.net.br\/2022\/#organization"},"potentialAction":[{"@type":"SearchAction","target":{"@type":"EntryPoint","urlTemplate":"https:\/\/regiaonews.net.br\/2022\/?s={search_term_string}"},"query-input":{"@type":"PropertyValueSpecification","valueRequired":true,"valueName":"search_term_string"}}],"inLanguage":"pt-BR"},{"@type":"Organization","@id":"https:\/\/regiaonews.net.br\/2022\/#organization","name":"Regi\u00e3o News","url":"https:\/\/regiaonews.net.br\/2022\/","logo":{"@type":"ImageObject","inLanguage":"pt-BR","@id":"https:\/\/regiaonews.net.br\/2022\/#\/schema\/logo\/image\/","url":"https:\/\/regiaonews.net.br\/2022\/wp-content\/uploads\/2026\/03\/regiao-13-anos-scaled.jpg","contentUrl":"https:\/\/regiaonews.net.br\/2022\/wp-content\/uploads\/2026\/03\/regiao-13-anos-scaled.jpg","width":2560,"height":635,"caption":"Regi\u00e3o News"},"image":{"@id":"https:\/\/regiaonews.net.br\/2022\/#\/schema\/logo\/image\/"}},{"@type":"Person","@id":"https:\/\/regiaonews.net.br\/2022\/#\/schema\/person\/2d205a608a5aa97ac279d7a5e6d89ad8","name":"Roberto","image":{"@type":"ImageObject","inLanguage":"pt-BR","@id":"https:\/\/secure.gravatar.com\/avatar\/42749d8b712ff9d59ca93dc150494e5b55a44134482993f5baeb97e61b7ecc89?s=96&d=mm&r=g","url":"https:\/\/secure.gravatar.com\/avatar\/42749d8b712ff9d59ca93dc150494e5b55a44134482993f5baeb97e61b7ecc89?s=96&d=mm&r=g","contentUrl":"https:\/\/secure.gravatar.com\/avatar\/42749d8b712ff9d59ca93dc150494e5b55a44134482993f5baeb97e61b7ecc89?s=96&d=mm&r=g","caption":"Roberto"},"url":"https:\/\/regiaonews.net.br\/2022\/author\/roberto\/"}]}},"publishpress_future_action":{"enabled":false,"date":"2026-05-04 14:36:53","action":"change-status","newStatus":"draft","terms":[],"taxonomy":"category","extraData":[]},"publishpress_future_workflow_manual_trigger":{"enabledWorkflows":[]},"_links":{"self":[{"href":"https:\/\/regiaonews.net.br\/2022\/wp-json\/wp\/v2\/posts\/48562","targetHints":{"allow":["GET"]}}],"collection":[{"href":"https:\/\/regiaonews.net.br\/2022\/wp-json\/wp\/v2\/posts"}],"about":[{"href":"https:\/\/regiaonews.net.br\/2022\/wp-json\/wp\/v2\/types\/post"}],"author":[{"embeddable":true,"href":"https:\/\/regiaonews.net.br\/2022\/wp-json\/wp\/v2\/users\/2"}],"replies":[{"embeddable":true,"href":"https:\/\/regiaonews.net.br\/2022\/wp-json\/wp\/v2\/comments?post=48562"}],"version-history":[{"count":0,"href":"https:\/\/regiaonews.net.br\/2022\/wp-json\/wp\/v2\/posts\/48562\/revisions"}],"wp:featuredmedia":[{"embeddable":true,"href":"https:\/\/regiaonews.net.br\/2022\/wp-json\/wp\/v2\/media\/46725"}],"wp:attachment":[{"href":"https:\/\/regiaonews.net.br\/2022\/wp-json\/wp\/v2\/media?parent=48562"}],"wp:term":[{"taxonomy":"category","embeddable":true,"href":"https:\/\/regiaonews.net.br\/2022\/wp-json\/wp\/v2\/categories?post=48562"},{"taxonomy":"post_tag","embeddable":true,"href":"https:\/\/regiaonews.net.br\/2022\/wp-json\/wp\/v2\/tags?post=48562"}],"curies":[{"name":"wp","href":"https:\/\/api.w.org\/{rel}","templated":true}]}}