{"id":48507,"date":"2021-06-12T21:36:50","date_gmt":"2021-06-13T00:36:50","guid":{"rendered":"https:\/\/regiaonews.net.br\/2022\/?p=48507"},"modified":"2021-06-13T13:39:51","modified_gmt":"2021-06-13T16:39:51","slug":"santos-empata-e-no-classico-palmeiras-e-corinthians-ficou-em-0-a-0","status":"publish","type":"post","link":"https:\/\/regiaonews.net.br\/2022\/2021\/06\/12\/santos-empata-e-no-classico-palmeiras-e-corinthians-ficou-em-0-a-0\/","title":{"rendered":"Santos empata e no cl\u00e1ssico Palmeiras e Corinthians tamb\u00e9m empatam"},"content":{"rendered":"<p><a href=\"https:\/\/regiaonews.net.br\/2022\/wp-content\/uploads\/2021\/06\/20210612_213006.jpg\"><img loading=\"lazy\" decoding=\"async\" class=\"alignnone size-medium wp-image-48508\" src=\"https:\/\/regiaonews.net.br\/2022\/wp-content\/uploads\/2021\/06\/20210612_213006-300x153.jpg\" alt=\"\" width=\"300\" height=\"153\" \/><\/a><\/p>\n<p>Palmeiras e Corinthians empataram, por 1 a 1, no Derby paulista v\u00e1lido pela terceira rodada do Campeonato Brasileiro. Ainda neste s\u00e1bado (12), o Santos ficou na igualdade sem gols com o Juventude.<\/p>\n<p>No Allianz Parque, em S\u00e3o Paulo, Raphael Veiga abriu o marcador para os mandantes logo aos dois minutos do primeiro tempo, mas Gabriel deixou tudo igual para o Corinthians aos nove minutos do segundo tempo.<\/p>\n<p>O resultado manteve Palmeiras e Corinthians com os mesmos quatro pontos. O Palmeiras, com saldo de gols melhor (1 a 0), ocupa a sexta coloca\u00e7\u00e3o, enquanto o Corinthians aparece o oitavo lugar.<\/p>\n<p>Uma posi\u00e7\u00e3o abaixo com os mesmos quatro gols e saldo negativo de um gol est\u00e1 o Santos. Na Vila Belmiro, o Santos empatou sem gols com o Juventude. Os ga\u00fachos seguem sem vencer, no 13\u00ba lugar com dois pontos.<\/p>\n","protected":false},"excerpt":{"rendered":"<p>Palmeiras e Corinthians empataram, por 1 a 1, no Derby<\/p>\n","protected":false},"author":2,"featured_media":48508,"comment_status":"open","ping_status":"open","sticky":false,"template":"","format":"standard","meta":{"footnotes":""},"categories":[25,21,7],"tags":[],"class_list":["post-48507","post","type-post","status-publish","format-standard","has-post-thumbnail","hentry","category-cidades","category-esporte","category-estado-de-sao-paulo"],"yoast_head":"<!-- This site is optimized with the Yoast SEO plugin v27.4 - https:\/\/yoast.com\/product\/yoast-seo-wordpress\/ -->\n<title>Santos empata e no cl\u00e1ssico Palmeiras e Corinthians tamb\u00e9m empatam - Regi\u00e3o News<\/title>\n<meta name=\"robots\" content=\"index, follow, max-snippet:-1, max-image-preview:large, max-video-preview:-1\" \/>\n<link rel=\"canonical\" href=\"https:\/\/regiaonews.net.br\/2022\/2021\/06\/12\/santos-empata-e-no-classico-palmeiras-e-corinthians-ficou-em-0-a-0\/\" \/>\n<meta property=\"og:locale\" content=\"pt_BR\" \/>\n<meta property=\"og:type\" content=\"article\" \/>\n<meta property=\"og:title\" content=\"Santos empata e no cl\u00e1ssico Palmeiras e Corinthians tamb\u00e9m empatam - Regi\u00e3o News\" \/>\n<meta property=\"og:description\" content=\"Palmeiras e Corinthians empataram, por 1 a 1, no Derby\" \/>\n<meta property=\"og:url\" content=\"https:\/\/regiaonews.net.br\/2022\/2021\/06\/12\/santos-empata-e-no-classico-palmeiras-e-corinthians-ficou-em-0-a-0\/\" \/>\n<meta property=\"og:site_name\" content=\"Regi\u00e3o News\" \/>\n<meta property=\"article:published_time\" content=\"2021-06-13T00:36:50+00:00\" \/>\n<meta property=\"article:modified_time\" content=\"2021-06-13T16:39:51+00:00\" \/>\n<meta property=\"og:image\" content=\"https:\/\/regiaonews.net.br\/2022\/wp-content\/uploads\/2021\/06\/20210612_213006.jpg\" \/>\n\t<meta property=\"og:image:width\" content=\"1074\" \/>\n\t<meta property=\"og:image:height\" content=\"547\" \/>\n\t<meta property=\"og:image:type\" content=\"image\/jpeg\" \/>\n<meta name=\"author\" content=\"Roberto\" \/>\n<meta name=\"twitter:card\" content=\"summary_large_image\" \/>\n<meta name=\"twitter:label1\" content=\"Escrito por\" \/>\n\t<meta name=\"twitter:data1\" content=\"Roberto\" \/>\n\t<meta name=\"twitter:label2\" content=\"Est. tempo de leitura\" \/>\n\t<meta name=\"twitter:data2\" content=\"1 minuto\" \/>\n<script type=\"application\/ld+json\" class=\"yoast-schema-graph\">{\"@context\":\"https:\\\/\\\/schema.org\",\"@graph\":[{\"@type\":\"Article\",\"@id\":\"https:\\\/\\\/regiaonews.net.br\\\/2022\\\/2021\\\/06\\\/12\\\/santos-empata-e-no-classico-palmeiras-e-corinthians-ficou-em-0-a-0\\\/#article\",\"isPartOf\":{\"@id\":\"https:\\\/\\\/regiaonews.net.br\\\/2022\\\/2021\\\/06\\\/12\\\/santos-empata-e-no-classico-palmeiras-e-corinthians-ficou-em-0-a-0\\\/\"},\"author\":{\"name\":\"Roberto\",\"@id\":\"https:\\\/\\\/regiaonews.net.br\\\/2022\\\/#\\\/schema\\\/person\\\/2d205a608a5aa97ac279d7a5e6d89ad8\"},\"headline\":\"Santos empata e no cl\u00e1ssico Palmeiras e Corinthians tamb\u00e9m empatam\",\"datePublished\":\"2021-06-13T00:36:50+00:00\",\"dateModified\":\"2021-06-13T16:39:51+00:00\",\"mainEntityOfPage\":{\"@id\":\"https:\\\/\\\/regiaonews.net.br\\\/2022\\\/2021\\\/06\\\/12\\\/santos-empata-e-no-classico-palmeiras-e-corinthians-ficou-em-0-a-0\\\/\"},\"wordCount\":150,\"commentCount\":0,\"publisher\":{\"@id\":\"https:\\\/\\\/regiaonews.net.br\\\/2022\\\/#organization\"},\"image\":{\"@id\":\"https:\\\/\\\/regiaonews.net.br\\\/2022\\\/2021\\\/06\\\/12\\\/santos-empata-e-no-classico-palmeiras-e-corinthians-ficou-em-0-a-0\\\/#primaryimage\"},\"thumbnailUrl\":\"https:\\\/\\\/regiaonews.net.br\\\/2022\\\/wp-content\\\/uploads\\\/2021\\\/06\\\/20210612_213006.jpg\",\"articleSection\":[\"Cidades\",\"Esporte\",\"Estado de S\u00e3o Paulo\"],\"inLanguage\":\"pt-BR\",\"potentialAction\":[{\"@type\":\"CommentAction\",\"name\":\"Comment\",\"target\":[\"https:\\\/\\\/regiaonews.net.br\\\/2022\\\/2021\\\/06\\\/12\\\/santos-empata-e-no-classico-palmeiras-e-corinthians-ficou-em-0-a-0\\\/#respond\"]}]},{\"@type\":\"WebPage\",\"@id\":\"https:\\\/\\\/regiaonews.net.br\\\/2022\\\/2021\\\/06\\\/12\\\/santos-empata-e-no-classico-palmeiras-e-corinthians-ficou-em-0-a-0\\\/\",\"url\":\"https:\\\/\\\/regiaonews.net.br\\\/2022\\\/2021\\\/06\\\/12\\\/santos-empata-e-no-classico-palmeiras-e-corinthians-ficou-em-0-a-0\\\/\",\"name\":\"Santos empata e no cl\u00e1ssico Palmeiras e Corinthians tamb\u00e9m empatam - Regi\u00e3o News\",\"isPartOf\":{\"@id\":\"https:\\\/\\\/regiaonews.net.br\\\/2022\\\/#website\"},\"primaryImageOfPage\":{\"@id\":\"https:\\\/\\\/regiaonews.net.br\\\/2022\\\/2021\\\/06\\\/12\\\/santos-empata-e-no-classico-palmeiras-e-corinthians-ficou-em-0-a-0\\\/#primaryimage\"},\"image\":{\"@id\":\"https:\\\/\\\/regiaonews.net.br\\\/2022\\\/2021\\\/06\\\/12\\\/santos-empata-e-no-classico-palmeiras-e-corinthians-ficou-em-0-a-0\\\/#primaryimage\"},\"thumbnailUrl\":\"https:\\\/\\\/regiaonews.net.br\\\/2022\\\/wp-content\\\/uploads\\\/2021\\\/06\\\/20210612_213006.jpg\",\"datePublished\":\"2021-06-13T00:36:50+00:00\",\"dateModified\":\"2021-06-13T16:39:51+00:00\",\"breadcrumb\":{\"@id\":\"https:\\\/\\\/regiaonews.net.br\\\/2022\\\/2021\\\/06\\\/12\\\/santos-empata-e-no-classico-palmeiras-e-corinthians-ficou-em-0-a-0\\\/#breadcrumb\"},\"inLanguage\":\"pt-BR\",\"potentialAction\":[{\"@type\":\"ReadAction\",\"target\":[\"https:\\\/\\\/regiaonews.net.br\\\/2022\\\/2021\\\/06\\\/12\\\/santos-empata-e-no-classico-palmeiras-e-corinthians-ficou-em-0-a-0\\\/\"]}]},{\"@type\":\"ImageObject\",\"inLanguage\":\"pt-BR\",\"@id\":\"https:\\\/\\\/regiaonews.net.br\\\/2022\\\/2021\\\/06\\\/12\\\/santos-empata-e-no-classico-palmeiras-e-corinthians-ficou-em-0-a-0\\\/#primaryimage\",\"url\":\"https:\\\/\\\/regiaonews.net.br\\\/2022\\\/wp-content\\\/uploads\\\/2021\\\/06\\\/20210612_213006.jpg\",\"contentUrl\":\"https:\\\/\\\/regiaonews.net.br\\\/2022\\\/wp-content\\\/uploads\\\/2021\\\/06\\\/20210612_213006.jpg\",\"width\":1074,\"height\":547},{\"@type\":\"BreadcrumbList\",\"@id\":\"https:\\\/\\\/regiaonews.net.br\\\/2022\\\/2021\\\/06\\\/12\\\/santos-empata-e-no-classico-palmeiras-e-corinthians-ficou-em-0-a-0\\\/#breadcrumb\",\"itemListElement\":[{\"@type\":\"ListItem\",\"position\":1,\"name\":\"In\u00edcio\",\"item\":\"https:\\\/\\\/regiaonews.net.br\\\/2022\\\/\"},{\"@type\":\"ListItem\",\"position\":2,\"name\":\"Santos empata e no cl\u00e1ssico Palmeiras e Corinthians tamb\u00e9m empatam\"}]},{\"@type\":\"WebSite\",\"@id\":\"https:\\\/\\\/regiaonews.net.br\\\/2022\\\/#website\",\"url\":\"https:\\\/\\\/regiaonews.net.br\\\/2022\\\/\",\"name\":\"Regi\u00e3o News\",\"description\":\"Site de Not\u00edcias de Barretos e regi\u00e3o\",\"publisher\":{\"@id\":\"https:\\\/\\\/regiaonews.net.br\\\/2022\\\/#organization\"},\"potentialAction\":[{\"@type\":\"SearchAction\",\"target\":{\"@type\":\"EntryPoint\",\"urlTemplate\":\"https:\\\/\\\/regiaonews.net.br\\\/2022\\\/?s={search_term_string}\"},\"query-input\":{\"@type\":\"PropertyValueSpecification\",\"valueRequired\":true,\"valueName\":\"search_term_string\"}}],\"inLanguage\":\"pt-BR\"},{\"@type\":\"Organization\",\"@id\":\"https:\\\/\\\/regiaonews.net.br\\\/2022\\\/#organization\",\"name\":\"Regi\u00e3o News\",\"url\":\"https:\\\/\\\/regiaonews.net.br\\\/2022\\\/\",\"logo\":{\"@type\":\"ImageObject\",\"inLanguage\":\"pt-BR\",\"@id\":\"https:\\\/\\\/regiaonews.net.br\\\/2022\\\/#\\\/schema\\\/logo\\\/image\\\/\",\"url\":\"https:\\\/\\\/regiaonews.net.br\\\/2022\\\/wp-content\\\/uploads\\\/2026\\\/03\\\/regiao-13-anos-scaled.jpg\",\"contentUrl\":\"https:\\\/\\\/regiaonews.net.br\\\/2022\\\/wp-content\\\/uploads\\\/2026\\\/03\\\/regiao-13-anos-scaled.jpg\",\"width\":2560,\"height\":635,\"caption\":\"Regi\u00e3o News\"},\"image\":{\"@id\":\"https:\\\/\\\/regiaonews.net.br\\\/2022\\\/#\\\/schema\\\/logo\\\/image\\\/\"}},{\"@type\":\"Person\",\"@id\":\"https:\\\/\\\/regiaonews.net.br\\\/2022\\\/#\\\/schema\\\/person\\\/2d205a608a5aa97ac279d7a5e6d89ad8\",\"name\":\"Roberto\",\"image\":{\"@type\":\"ImageObject\",\"inLanguage\":\"pt-BR\",\"@id\":\"https:\\\/\\\/secure.gravatar.com\\\/avatar\\\/42749d8b712ff9d59ca93dc150494e5b55a44134482993f5baeb97e61b7ecc89?s=96&d=mm&r=g\",\"url\":\"https:\\\/\\\/secure.gravatar.com\\\/avatar\\\/42749d8b712ff9d59ca93dc150494e5b55a44134482993f5baeb97e61b7ecc89?s=96&d=mm&r=g\",\"contentUrl\":\"https:\\\/\\\/secure.gravatar.com\\\/avatar\\\/42749d8b712ff9d59ca93dc150494e5b55a44134482993f5baeb97e61b7ecc89?s=96&d=mm&r=g\",\"caption\":\"Roberto\"},\"url\":\"https:\\\/\\\/regiaonews.net.br\\\/2022\\\/author\\\/roberto\\\/\"}]}<\/script>\n<!-- \/ Yoast SEO plugin. -->","yoast_head_json":{"title":"Santos empata e no cl\u00e1ssico Palmeiras e Corinthians tamb\u00e9m empatam - Regi\u00e3o News","robots":{"index":"index","follow":"follow","max-snippet":"max-snippet:-1","max-image-preview":"max-image-preview:large","max-video-preview":"max-video-preview:-1"},"canonical":"https:\/\/regiaonews.net.br\/2022\/2021\/06\/12\/santos-empata-e-no-classico-palmeiras-e-corinthians-ficou-em-0-a-0\/","og_locale":"pt_BR","og_type":"article","og_title":"Santos empata e no cl\u00e1ssico Palmeiras e Corinthians tamb\u00e9m empatam - Regi\u00e3o News","og_description":"Palmeiras e Corinthians empataram, por 1 a 1, no Derby","og_url":"https:\/\/regiaonews.net.br\/2022\/2021\/06\/12\/santos-empata-e-no-classico-palmeiras-e-corinthians-ficou-em-0-a-0\/","og_site_name":"Regi\u00e3o News","article_published_time":"2021-06-13T00:36:50+00:00","article_modified_time":"2021-06-13T16:39:51+00:00","og_image":[{"width":1074,"height":547,"url":"https:\/\/regiaonews.net.br\/2022\/wp-content\/uploads\/2021\/06\/20210612_213006.jpg","type":"image\/jpeg"}],"author":"Roberto","twitter_card":"summary_large_image","twitter_misc":{"Escrito por":"Roberto","Est. tempo de leitura":"1 minuto"},"schema":{"@context":"https:\/\/schema.org","@graph":[{"@type":"Article","@id":"https:\/\/regiaonews.net.br\/2022\/2021\/06\/12\/santos-empata-e-no-classico-palmeiras-e-corinthians-ficou-em-0-a-0\/#article","isPartOf":{"@id":"https:\/\/regiaonews.net.br\/2022\/2021\/06\/12\/santos-empata-e-no-classico-palmeiras-e-corinthians-ficou-em-0-a-0\/"},"author":{"name":"Roberto","@id":"https:\/\/regiaonews.net.br\/2022\/#\/schema\/person\/2d205a608a5aa97ac279d7a5e6d89ad8"},"headline":"Santos empata e no cl\u00e1ssico Palmeiras e Corinthians tamb\u00e9m empatam","datePublished":"2021-06-13T00:36:50+00:00","dateModified":"2021-06-13T16:39:51+00:00","mainEntityOfPage":{"@id":"https:\/\/regiaonews.net.br\/2022\/2021\/06\/12\/santos-empata-e-no-classico-palmeiras-e-corinthians-ficou-em-0-a-0\/"},"wordCount":150,"commentCount":0,"publisher":{"@id":"https:\/\/regiaonews.net.br\/2022\/#organization"},"image":{"@id":"https:\/\/regiaonews.net.br\/2022\/2021\/06\/12\/santos-empata-e-no-classico-palmeiras-e-corinthians-ficou-em-0-a-0\/#primaryimage"},"thumbnailUrl":"https:\/\/regiaonews.net.br\/2022\/wp-content\/uploads\/2021\/06\/20210612_213006.jpg","articleSection":["Cidades","Esporte","Estado de S\u00e3o Paulo"],"inLanguage":"pt-BR","potentialAction":[{"@type":"CommentAction","name":"Comment","target":["https:\/\/regiaonews.net.br\/2022\/2021\/06\/12\/santos-empata-e-no-classico-palmeiras-e-corinthians-ficou-em-0-a-0\/#respond"]}]},{"@type":"WebPage","@id":"https:\/\/regiaonews.net.br\/2022\/2021\/06\/12\/santos-empata-e-no-classico-palmeiras-e-corinthians-ficou-em-0-a-0\/","url":"https:\/\/regiaonews.net.br\/2022\/2021\/06\/12\/santos-empata-e-no-classico-palmeiras-e-corinthians-ficou-em-0-a-0\/","name":"Santos empata e no cl\u00e1ssico Palmeiras e Corinthians tamb\u00e9m empatam - Regi\u00e3o News","isPartOf":{"@id":"https:\/\/regiaonews.net.br\/2022\/#website"},"primaryImageOfPage":{"@id":"https:\/\/regiaonews.net.br\/2022\/2021\/06\/12\/santos-empata-e-no-classico-palmeiras-e-corinthians-ficou-em-0-a-0\/#primaryimage"},"image":{"@id":"https:\/\/regiaonews.net.br\/2022\/2021\/06\/12\/santos-empata-e-no-classico-palmeiras-e-corinthians-ficou-em-0-a-0\/#primaryimage"},"thumbnailUrl":"https:\/\/regiaonews.net.br\/2022\/wp-content\/uploads\/2021\/06\/20210612_213006.jpg","datePublished":"2021-06-13T00:36:50+00:00","dateModified":"2021-06-13T16:39:51+00:00","breadcrumb":{"@id":"https:\/\/regiaonews.net.br\/2022\/2021\/06\/12\/santos-empata-e-no-classico-palmeiras-e-corinthians-ficou-em-0-a-0\/#breadcrumb"},"inLanguage":"pt-BR","potentialAction":[{"@type":"ReadAction","target":["https:\/\/regiaonews.net.br\/2022\/2021\/06\/12\/santos-empata-e-no-classico-palmeiras-e-corinthians-ficou-em-0-a-0\/"]}]},{"@type":"ImageObject","inLanguage":"pt-BR","@id":"https:\/\/regiaonews.net.br\/2022\/2021\/06\/12\/santos-empata-e-no-classico-palmeiras-e-corinthians-ficou-em-0-a-0\/#primaryimage","url":"https:\/\/regiaonews.net.br\/2022\/wp-content\/uploads\/2021\/06\/20210612_213006.jpg","contentUrl":"https:\/\/regiaonews.net.br\/2022\/wp-content\/uploads\/2021\/06\/20210612_213006.jpg","width":1074,"height":547},{"@type":"BreadcrumbList","@id":"https:\/\/regiaonews.net.br\/2022\/2021\/06\/12\/santos-empata-e-no-classico-palmeiras-e-corinthians-ficou-em-0-a-0\/#breadcrumb","itemListElement":[{"@type":"ListItem","position":1,"name":"In\u00edcio","item":"https:\/\/regiaonews.net.br\/2022\/"},{"@type":"ListItem","position":2,"name":"Santos empata e no cl\u00e1ssico Palmeiras e Corinthians tamb\u00e9m empatam"}]},{"@type":"WebSite","@id":"https:\/\/regiaonews.net.br\/2022\/#website","url":"https:\/\/regiaonews.net.br\/2022\/","name":"Regi\u00e3o News","description":"Site de Not\u00edcias de Barretos e regi\u00e3o","publisher":{"@id":"https:\/\/regiaonews.net.br\/2022\/#organization"},"potentialAction":[{"@type":"SearchAction","target":{"@type":"EntryPoint","urlTemplate":"https:\/\/regiaonews.net.br\/2022\/?s={search_term_string}"},"query-input":{"@type":"PropertyValueSpecification","valueRequired":true,"valueName":"search_term_string"}}],"inLanguage":"pt-BR"},{"@type":"Organization","@id":"https:\/\/regiaonews.net.br\/2022\/#organization","name":"Regi\u00e3o News","url":"https:\/\/regiaonews.net.br\/2022\/","logo":{"@type":"ImageObject","inLanguage":"pt-BR","@id":"https:\/\/regiaonews.net.br\/2022\/#\/schema\/logo\/image\/","url":"https:\/\/regiaonews.net.br\/2022\/wp-content\/uploads\/2026\/03\/regiao-13-anos-scaled.jpg","contentUrl":"https:\/\/regiaonews.net.br\/2022\/wp-content\/uploads\/2026\/03\/regiao-13-anos-scaled.jpg","width":2560,"height":635,"caption":"Regi\u00e3o News"},"image":{"@id":"https:\/\/regiaonews.net.br\/2022\/#\/schema\/logo\/image\/"}},{"@type":"Person","@id":"https:\/\/regiaonews.net.br\/2022\/#\/schema\/person\/2d205a608a5aa97ac279d7a5e6d89ad8","name":"Roberto","image":{"@type":"ImageObject","inLanguage":"pt-BR","@id":"https:\/\/secure.gravatar.com\/avatar\/42749d8b712ff9d59ca93dc150494e5b55a44134482993f5baeb97e61b7ecc89?s=96&d=mm&r=g","url":"https:\/\/secure.gravatar.com\/avatar\/42749d8b712ff9d59ca93dc150494e5b55a44134482993f5baeb97e61b7ecc89?s=96&d=mm&r=g","contentUrl":"https:\/\/secure.gravatar.com\/avatar\/42749d8b712ff9d59ca93dc150494e5b55a44134482993f5baeb97e61b7ecc89?s=96&d=mm&r=g","caption":"Roberto"},"url":"https:\/\/regiaonews.net.br\/2022\/author\/roberto\/"}]}},"publishpress_future_action":{"enabled":false,"date":"2026-05-04 14:36:40","action":"change-status","newStatus":"draft","terms":[],"taxonomy":"category","extraData":[]},"publishpress_future_workflow_manual_trigger":{"enabledWorkflows":[]},"_links":{"self":[{"href":"https:\/\/regiaonews.net.br\/2022\/wp-json\/wp\/v2\/posts\/48507","targetHints":{"allow":["GET"]}}],"collection":[{"href":"https:\/\/regiaonews.net.br\/2022\/wp-json\/wp\/v2\/posts"}],"about":[{"href":"https:\/\/regiaonews.net.br\/2022\/wp-json\/wp\/v2\/types\/post"}],"author":[{"embeddable":true,"href":"https:\/\/regiaonews.net.br\/2022\/wp-json\/wp\/v2\/users\/2"}],"replies":[{"embeddable":true,"href":"https:\/\/regiaonews.net.br\/2022\/wp-json\/wp\/v2\/comments?post=48507"}],"version-history":[{"count":0,"href":"https:\/\/regiaonews.net.br\/2022\/wp-json\/wp\/v2\/posts\/48507\/revisions"}],"wp:featuredmedia":[{"embeddable":true,"href":"https:\/\/regiaonews.net.br\/2022\/wp-json\/wp\/v2\/media\/48508"}],"wp:attachment":[{"href":"https:\/\/regiaonews.net.br\/2022\/wp-json\/wp\/v2\/media?parent=48507"}],"wp:term":[{"taxonomy":"category","embeddable":true,"href":"https:\/\/regiaonews.net.br\/2022\/wp-json\/wp\/v2\/categories?post=48507"},{"taxonomy":"post_tag","embeddable":true,"href":"https:\/\/regiaonews.net.br\/2022\/wp-json\/wp\/v2\/tags?post=48507"}],"curies":[{"name":"wp","href":"https:\/\/api.w.org\/{rel}","templated":true}]}}