{"id":48489,"date":"2021-06-12T18:29:24","date_gmt":"2021-06-12T21:29:24","guid":{"rendered":"https:\/\/regiaonews.net.br\/2022\/?p=48489"},"modified":"2021-06-12T18:29:24","modified_gmt":"2021-06-12T21:29:24","slug":"bolsonaro-participa-de-ato-com-motociclistas-pelas-ruas-de-sao-paulo","status":"publish","type":"post","link":"https:\/\/regiaonews.net.br\/2022\/2021\/06\/12\/bolsonaro-participa-de-ato-com-motociclistas-pelas-ruas-de-sao-paulo\/","title":{"rendered":"Bolsonaro participa de ato com motociclistas pelas ruas de S\u00e3o Paulo"},"content":{"rendered":"<p><a href=\"https:\/\/regiaonews.net.br\/2022\/wp-content\/uploads\/2021\/06\/2021-06-12t130939z_845427518_rc21zn920jes_rtrmadp_3_brazil-politics-bolsonaro.jpg\"><img loading=\"lazy\" decoding=\"async\" class=\"alignnone size-medium wp-image-48490\" src=\"https:\/\/regiaonews.net.br\/2022\/wp-content\/uploads\/2021\/06\/2021-06-12t130939z_845427518_rc21zn920jes_rtrmadp_3_brazil-politics-bolsonaro-300x179.jpg\" alt=\"\" width=\"300\" height=\"179\" \/><\/a><\/p>\n<p>O presidente Jair Bolsonaro participou hoje (12) de um passeio de moto com apoiadores pelas ruas da capital paulista. Pela manh\u00e3, os motociclistas se concentraram na regi\u00e3o da Pra\u00e7a Campo de Bagatele, na zona norte paulistana.<img decoding=\"async\" src=\"https:\/\/agenciabrasil.ebc.com.br\/ebc.png?id=1412433&amp;o=node\" \/><img decoding=\"async\" src=\"https:\/\/agenciabrasil.ebc.com.br\/ebc.gif?id=1412433&amp;o=node\" \/><\/p>\n<p>Bolsonaro foi ao encontro ap\u00f3s participar da cerim\u00f4nia de entrega de boinas aos estudantes do Col\u00e9gio Militar de S\u00e3o Paulo. Ao chegar \u00e0 concentra\u00e7\u00e3o, foi recebido com gritos de \u201cmito\u201d e posou para fotos com os participantes.<\/p>\n<h2>Trajeto<\/h2>\n<p>O trajeto passou por grandes avenidas da cidade, como as marginais Tiet\u00ea e Pinheiros, at\u00e9 ser encerrado no Parque Ibirapuera, na zona sul paulistana. O grupo passou ainda pela Rodovia dos Bandeirantes at\u00e9 a altura do munic\u00edpio de Jundia\u00ed, na Grande S\u00e3o Paulo.<\/p>\n<p>A Secretaria de Seguran\u00e7a P\u00fablica de Estado de S\u00e3o Paulo informou que 6,3 mil policiais fizeram a seguran\u00e7a durante o ato. Segundo a pasta, foram usados viaturas, motocicletas, drones e helic\u00f3pteros.<\/p>\n<p>A Companhia de Engenharia de Tr\u00e1fego (CET) interrompeu a circula\u00e7\u00e3o de ve\u00edculos em alguns pontos para facilitar o tr\u00e2nsito dos motociclistas. Linhas de \u00f4nibus foram desviadas.<\/p>\n<p>No encerramento do ato, ao discursar de um carro de som em frente ao Monumento \u00e0s Bandeiras, Bolsonaro anunciou que em novas concess\u00f5es de rodovias e nas renova\u00e7\u00f5es de contrato as motos ser\u00e3o isentas de ped\u00e1gio. \u201cToda e qualquer nova concess\u00e3o de rodovia no Brasil ou renova\u00e7\u00e3o, como temos no corrente ano da Rodovia Presidente Dutra e grande parte da malha do Paran\u00e1, os motociclistas n\u00e3o mais pagar\u00e3o ped\u00e1gio\u201d, disse.<\/p>\n<p><a href=\"https:\/\/regiaonews.net.br\/2022\/wp-content\/uploads\/2021\/06\/2021-06-12t140553z_1612117493_rc21zn94u1j2_rtrmadp_3_brazil-politics-bolsonaro.jpg\"><img loading=\"lazy\" decoding=\"async\" class=\"alignnone size-medium wp-image-48491\" src=\"https:\/\/regiaonews.net.br\/2022\/wp-content\/uploads\/2021\/06\/2021-06-12t140553z_1612117493_rc21zn94u1j2_rtrmadp_3_brazil-politics-bolsonaro-300x188.jpg\" alt=\"\" width=\"300\" height=\"188\" \/><\/a><\/p>\n<h2>Multa<\/h2>\n<p>No in\u00edcio da tarde, o governo do estado de S\u00e3o Paulo informou que multou o presidente Bolsonaro em R$ 552,71 por n\u00e3o usar m\u00e1scara durante a manifesta\u00e7\u00e3o. Tamb\u00e9m foram autuados o ministro da Infraestrutura, Tarc\u00edsio Gomes, e o deputado federal Eduardo Bolsonaro (PSL-SP), filho do presidente, que tamb\u00e9m participaram do ato.<\/p>\n<p>fonte : Ag\u00eancia Brasil<\/p>\n","protected":false},"excerpt":{"rendered":"<p>O presidente Jair Bolsonaro participou hoje (12) de um passeio<\/p>\n","protected":false},"author":2,"featured_media":48490,"comment_status":"open","ping_status":"open","sticky":false,"template":"","format":"standard","meta":{"footnotes":""},"categories":[25,29],"tags":[],"class_list":["post-48489","post","type-post","status-publish","format-standard","has-post-thumbnail","hentry","category-cidades","category-sao-paulo"],"yoast_head":"<!-- This site is optimized with the Yoast SEO plugin v27.4 - https:\/\/yoast.com\/product\/yoast-seo-wordpress\/ -->\n<title>Bolsonaro participa de ato com motociclistas pelas ruas de S\u00e3o Paulo - Regi\u00e3o News<\/title>\n<meta name=\"robots\" content=\"index, follow, max-snippet:-1, max-image-preview:large, max-video-preview:-1\" \/>\n<link rel=\"canonical\" href=\"https:\/\/regiaonews.net.br\/2022\/2021\/06\/12\/bolsonaro-participa-de-ato-com-motociclistas-pelas-ruas-de-sao-paulo\/\" \/>\n<meta property=\"og:locale\" content=\"pt_BR\" \/>\n<meta property=\"og:type\" content=\"article\" \/>\n<meta property=\"og:title\" content=\"Bolsonaro participa de ato com motociclistas pelas ruas de S\u00e3o Paulo - Regi\u00e3o News\" \/>\n<meta property=\"og:description\" content=\"O presidente Jair Bolsonaro participou hoje (12) de um passeio\" \/>\n<meta property=\"og:url\" content=\"https:\/\/regiaonews.net.br\/2022\/2021\/06\/12\/bolsonaro-participa-de-ato-com-motociclistas-pelas-ruas-de-sao-paulo\/\" \/>\n<meta property=\"og:site_name\" content=\"Regi\u00e3o News\" \/>\n<meta property=\"article:published_time\" content=\"2021-06-12T21:29:24+00:00\" \/>\n<meta property=\"og:image\" content=\"https:\/\/regiaonews.net.br\/2022\/wp-content\/uploads\/2021\/06\/2021-06-12t130939z_845427518_rc21zn920jes_rtrmadp_3_brazil-politics-bolsonaro.jpg\" \/>\n\t<meta property=\"og:image:width\" content=\"1170\" \/>\n\t<meta property=\"og:image:height\" content=\"700\" \/>\n\t<meta property=\"og:image:type\" content=\"image\/jpeg\" \/>\n<meta name=\"author\" content=\"Roberto\" \/>\n<meta name=\"twitter:card\" content=\"summary_large_image\" \/>\n<meta name=\"twitter:label1\" content=\"Escrito por\" \/>\n\t<meta name=\"twitter:data1\" content=\"Roberto\" \/>\n\t<meta name=\"twitter:label2\" content=\"Est. tempo de leitura\" \/>\n\t<meta name=\"twitter:data2\" content=\"2 minutos\" \/>\n<script type=\"application\/ld+json\" class=\"yoast-schema-graph\">{\"@context\":\"https:\\\/\\\/schema.org\",\"@graph\":[{\"@type\":\"Article\",\"@id\":\"https:\\\/\\\/regiaonews.net.br\\\/2022\\\/2021\\\/06\\\/12\\\/bolsonaro-participa-de-ato-com-motociclistas-pelas-ruas-de-sao-paulo\\\/#article\",\"isPartOf\":{\"@id\":\"https:\\\/\\\/regiaonews.net.br\\\/2022\\\/2021\\\/06\\\/12\\\/bolsonaro-participa-de-ato-com-motociclistas-pelas-ruas-de-sao-paulo\\\/\"},\"author\":{\"name\":\"Roberto\",\"@id\":\"https:\\\/\\\/regiaonews.net.br\\\/2022\\\/#\\\/schema\\\/person\\\/2d205a608a5aa97ac279d7a5e6d89ad8\"},\"headline\":\"Bolsonaro participa de ato com motociclistas pelas ruas de S\u00e3o Paulo\",\"datePublished\":\"2021-06-12T21:29:24+00:00\",\"mainEntityOfPage\":{\"@id\":\"https:\\\/\\\/regiaonews.net.br\\\/2022\\\/2021\\\/06\\\/12\\\/bolsonaro-participa-de-ato-com-motociclistas-pelas-ruas-de-sao-paulo\\\/\"},\"wordCount\":343,\"commentCount\":0,\"publisher\":{\"@id\":\"https:\\\/\\\/regiaonews.net.br\\\/2022\\\/#organization\"},\"image\":{\"@id\":\"https:\\\/\\\/regiaonews.net.br\\\/2022\\\/2021\\\/06\\\/12\\\/bolsonaro-participa-de-ato-com-motociclistas-pelas-ruas-de-sao-paulo\\\/#primaryimage\"},\"thumbnailUrl\":\"https:\\\/\\\/regiaonews.net.br\\\/2022\\\/wp-content\\\/uploads\\\/2021\\\/06\\\/2021-06-12t130939z_845427518_rc21zn920jes_rtrmadp_3_brazil-politics-bolsonaro.jpg\",\"articleSection\":[\"Cidades\",\"S\u00e3o Paulo\"],\"inLanguage\":\"pt-BR\",\"potentialAction\":[{\"@type\":\"CommentAction\",\"name\":\"Comment\",\"target\":[\"https:\\\/\\\/regiaonews.net.br\\\/2022\\\/2021\\\/06\\\/12\\\/bolsonaro-participa-de-ato-com-motociclistas-pelas-ruas-de-sao-paulo\\\/#respond\"]}]},{\"@type\":\"WebPage\",\"@id\":\"https:\\\/\\\/regiaonews.net.br\\\/2022\\\/2021\\\/06\\\/12\\\/bolsonaro-participa-de-ato-com-motociclistas-pelas-ruas-de-sao-paulo\\\/\",\"url\":\"https:\\\/\\\/regiaonews.net.br\\\/2022\\\/2021\\\/06\\\/12\\\/bolsonaro-participa-de-ato-com-motociclistas-pelas-ruas-de-sao-paulo\\\/\",\"name\":\"Bolsonaro participa de ato com motociclistas pelas ruas de S\u00e3o Paulo - Regi\u00e3o News\",\"isPartOf\":{\"@id\":\"https:\\\/\\\/regiaonews.net.br\\\/2022\\\/#website\"},\"primaryImageOfPage\":{\"@id\":\"https:\\\/\\\/regiaonews.net.br\\\/2022\\\/2021\\\/06\\\/12\\\/bolsonaro-participa-de-ato-com-motociclistas-pelas-ruas-de-sao-paulo\\\/#primaryimage\"},\"image\":{\"@id\":\"https:\\\/\\\/regiaonews.net.br\\\/2022\\\/2021\\\/06\\\/12\\\/bolsonaro-participa-de-ato-com-motociclistas-pelas-ruas-de-sao-paulo\\\/#primaryimage\"},\"thumbnailUrl\":\"https:\\\/\\\/regiaonews.net.br\\\/2022\\\/wp-content\\\/uploads\\\/2021\\\/06\\\/2021-06-12t130939z_845427518_rc21zn920jes_rtrmadp_3_brazil-politics-bolsonaro.jpg\",\"datePublished\":\"2021-06-12T21:29:24+00:00\",\"breadcrumb\":{\"@id\":\"https:\\\/\\\/regiaonews.net.br\\\/2022\\\/2021\\\/06\\\/12\\\/bolsonaro-participa-de-ato-com-motociclistas-pelas-ruas-de-sao-paulo\\\/#breadcrumb\"},\"inLanguage\":\"pt-BR\",\"potentialAction\":[{\"@type\":\"ReadAction\",\"target\":[\"https:\\\/\\\/regiaonews.net.br\\\/2022\\\/2021\\\/06\\\/12\\\/bolsonaro-participa-de-ato-com-motociclistas-pelas-ruas-de-sao-paulo\\\/\"]}]},{\"@type\":\"ImageObject\",\"inLanguage\":\"pt-BR\",\"@id\":\"https:\\\/\\\/regiaonews.net.br\\\/2022\\\/2021\\\/06\\\/12\\\/bolsonaro-participa-de-ato-com-motociclistas-pelas-ruas-de-sao-paulo\\\/#primaryimage\",\"url\":\"https:\\\/\\\/regiaonews.net.br\\\/2022\\\/wp-content\\\/uploads\\\/2021\\\/06\\\/2021-06-12t130939z_845427518_rc21zn920jes_rtrmadp_3_brazil-politics-bolsonaro.jpg\",\"contentUrl\":\"https:\\\/\\\/regiaonews.net.br\\\/2022\\\/wp-content\\\/uploads\\\/2021\\\/06\\\/2021-06-12t130939z_845427518_rc21zn920jes_rtrmadp_3_brazil-politics-bolsonaro.jpg\",\"width\":1170,\"height\":700},{\"@type\":\"BreadcrumbList\",\"@id\":\"https:\\\/\\\/regiaonews.net.br\\\/2022\\\/2021\\\/06\\\/12\\\/bolsonaro-participa-de-ato-com-motociclistas-pelas-ruas-de-sao-paulo\\\/#breadcrumb\",\"itemListElement\":[{\"@type\":\"ListItem\",\"position\":1,\"name\":\"In\u00edcio\",\"item\":\"https:\\\/\\\/regiaonews.net.br\\\/2022\\\/\"},{\"@type\":\"ListItem\",\"position\":2,\"name\":\"Bolsonaro participa de ato com motociclistas pelas ruas de S\u00e3o Paulo\"}]},{\"@type\":\"WebSite\",\"@id\":\"https:\\\/\\\/regiaonews.net.br\\\/2022\\\/#website\",\"url\":\"https:\\\/\\\/regiaonews.net.br\\\/2022\\\/\",\"name\":\"Regi\u00e3o News\",\"description\":\"Site de Not\u00edcias de Barretos e regi\u00e3o\",\"publisher\":{\"@id\":\"https:\\\/\\\/regiaonews.net.br\\\/2022\\\/#organization\"},\"potentialAction\":[{\"@type\":\"SearchAction\",\"target\":{\"@type\":\"EntryPoint\",\"urlTemplate\":\"https:\\\/\\\/regiaonews.net.br\\\/2022\\\/?s={search_term_string}\"},\"query-input\":{\"@type\":\"PropertyValueSpecification\",\"valueRequired\":true,\"valueName\":\"search_term_string\"}}],\"inLanguage\":\"pt-BR\"},{\"@type\":\"Organization\",\"@id\":\"https:\\\/\\\/regiaonews.net.br\\\/2022\\\/#organization\",\"name\":\"Regi\u00e3o News\",\"url\":\"https:\\\/\\\/regiaonews.net.br\\\/2022\\\/\",\"logo\":{\"@type\":\"ImageObject\",\"inLanguage\":\"pt-BR\",\"@id\":\"https:\\\/\\\/regiaonews.net.br\\\/2022\\\/#\\\/schema\\\/logo\\\/image\\\/\",\"url\":\"https:\\\/\\\/regiaonews.net.br\\\/2022\\\/wp-content\\\/uploads\\\/2026\\\/03\\\/regiao-13-anos-scaled.jpg\",\"contentUrl\":\"https:\\\/\\\/regiaonews.net.br\\\/2022\\\/wp-content\\\/uploads\\\/2026\\\/03\\\/regiao-13-anos-scaled.jpg\",\"width\":2560,\"height\":635,\"caption\":\"Regi\u00e3o News\"},\"image\":{\"@id\":\"https:\\\/\\\/regiaonews.net.br\\\/2022\\\/#\\\/schema\\\/logo\\\/image\\\/\"}},{\"@type\":\"Person\",\"@id\":\"https:\\\/\\\/regiaonews.net.br\\\/2022\\\/#\\\/schema\\\/person\\\/2d205a608a5aa97ac279d7a5e6d89ad8\",\"name\":\"Roberto\",\"image\":{\"@type\":\"ImageObject\",\"inLanguage\":\"pt-BR\",\"@id\":\"https:\\\/\\\/secure.gravatar.com\\\/avatar\\\/42749d8b712ff9d59ca93dc150494e5b55a44134482993f5baeb97e61b7ecc89?s=96&d=mm&r=g\",\"url\":\"https:\\\/\\\/secure.gravatar.com\\\/avatar\\\/42749d8b712ff9d59ca93dc150494e5b55a44134482993f5baeb97e61b7ecc89?s=96&d=mm&r=g\",\"contentUrl\":\"https:\\\/\\\/secure.gravatar.com\\\/avatar\\\/42749d8b712ff9d59ca93dc150494e5b55a44134482993f5baeb97e61b7ecc89?s=96&d=mm&r=g\",\"caption\":\"Roberto\"},\"url\":\"https:\\\/\\\/regiaonews.net.br\\\/2022\\\/author\\\/roberto\\\/\"}]}<\/script>\n<!-- \/ Yoast SEO plugin. -->","yoast_head_json":{"title":"Bolsonaro participa de ato com motociclistas pelas ruas de S\u00e3o Paulo - Regi\u00e3o News","robots":{"index":"index","follow":"follow","max-snippet":"max-snippet:-1","max-image-preview":"max-image-preview:large","max-video-preview":"max-video-preview:-1"},"canonical":"https:\/\/regiaonews.net.br\/2022\/2021\/06\/12\/bolsonaro-participa-de-ato-com-motociclistas-pelas-ruas-de-sao-paulo\/","og_locale":"pt_BR","og_type":"article","og_title":"Bolsonaro participa de ato com motociclistas pelas ruas de S\u00e3o Paulo - Regi\u00e3o News","og_description":"O presidente Jair Bolsonaro participou hoje (12) de um passeio","og_url":"https:\/\/regiaonews.net.br\/2022\/2021\/06\/12\/bolsonaro-participa-de-ato-com-motociclistas-pelas-ruas-de-sao-paulo\/","og_site_name":"Regi\u00e3o News","article_published_time":"2021-06-12T21:29:24+00:00","og_image":[{"width":1170,"height":700,"url":"https:\/\/regiaonews.net.br\/2022\/wp-content\/uploads\/2021\/06\/2021-06-12t130939z_845427518_rc21zn920jes_rtrmadp_3_brazil-politics-bolsonaro.jpg","type":"image\/jpeg"}],"author":"Roberto","twitter_card":"summary_large_image","twitter_misc":{"Escrito por":"Roberto","Est. tempo de leitura":"2 minutos"},"schema":{"@context":"https:\/\/schema.org","@graph":[{"@type":"Article","@id":"https:\/\/regiaonews.net.br\/2022\/2021\/06\/12\/bolsonaro-participa-de-ato-com-motociclistas-pelas-ruas-de-sao-paulo\/#article","isPartOf":{"@id":"https:\/\/regiaonews.net.br\/2022\/2021\/06\/12\/bolsonaro-participa-de-ato-com-motociclistas-pelas-ruas-de-sao-paulo\/"},"author":{"name":"Roberto","@id":"https:\/\/regiaonews.net.br\/2022\/#\/schema\/person\/2d205a608a5aa97ac279d7a5e6d89ad8"},"headline":"Bolsonaro participa de ato com motociclistas pelas ruas de S\u00e3o Paulo","datePublished":"2021-06-12T21:29:24+00:00","mainEntityOfPage":{"@id":"https:\/\/regiaonews.net.br\/2022\/2021\/06\/12\/bolsonaro-participa-de-ato-com-motociclistas-pelas-ruas-de-sao-paulo\/"},"wordCount":343,"commentCount":0,"publisher":{"@id":"https:\/\/regiaonews.net.br\/2022\/#organization"},"image":{"@id":"https:\/\/regiaonews.net.br\/2022\/2021\/06\/12\/bolsonaro-participa-de-ato-com-motociclistas-pelas-ruas-de-sao-paulo\/#primaryimage"},"thumbnailUrl":"https:\/\/regiaonews.net.br\/2022\/wp-content\/uploads\/2021\/06\/2021-06-12t130939z_845427518_rc21zn920jes_rtrmadp_3_brazil-politics-bolsonaro.jpg","articleSection":["Cidades","S\u00e3o Paulo"],"inLanguage":"pt-BR","potentialAction":[{"@type":"CommentAction","name":"Comment","target":["https:\/\/regiaonews.net.br\/2022\/2021\/06\/12\/bolsonaro-participa-de-ato-com-motociclistas-pelas-ruas-de-sao-paulo\/#respond"]}]},{"@type":"WebPage","@id":"https:\/\/regiaonews.net.br\/2022\/2021\/06\/12\/bolsonaro-participa-de-ato-com-motociclistas-pelas-ruas-de-sao-paulo\/","url":"https:\/\/regiaonews.net.br\/2022\/2021\/06\/12\/bolsonaro-participa-de-ato-com-motociclistas-pelas-ruas-de-sao-paulo\/","name":"Bolsonaro participa de ato com motociclistas pelas ruas de S\u00e3o Paulo - Regi\u00e3o News","isPartOf":{"@id":"https:\/\/regiaonews.net.br\/2022\/#website"},"primaryImageOfPage":{"@id":"https:\/\/regiaonews.net.br\/2022\/2021\/06\/12\/bolsonaro-participa-de-ato-com-motociclistas-pelas-ruas-de-sao-paulo\/#primaryimage"},"image":{"@id":"https:\/\/regiaonews.net.br\/2022\/2021\/06\/12\/bolsonaro-participa-de-ato-com-motociclistas-pelas-ruas-de-sao-paulo\/#primaryimage"},"thumbnailUrl":"https:\/\/regiaonews.net.br\/2022\/wp-content\/uploads\/2021\/06\/2021-06-12t130939z_845427518_rc21zn920jes_rtrmadp_3_brazil-politics-bolsonaro.jpg","datePublished":"2021-06-12T21:29:24+00:00","breadcrumb":{"@id":"https:\/\/regiaonews.net.br\/2022\/2021\/06\/12\/bolsonaro-participa-de-ato-com-motociclistas-pelas-ruas-de-sao-paulo\/#breadcrumb"},"inLanguage":"pt-BR","potentialAction":[{"@type":"ReadAction","target":["https:\/\/regiaonews.net.br\/2022\/2021\/06\/12\/bolsonaro-participa-de-ato-com-motociclistas-pelas-ruas-de-sao-paulo\/"]}]},{"@type":"ImageObject","inLanguage":"pt-BR","@id":"https:\/\/regiaonews.net.br\/2022\/2021\/06\/12\/bolsonaro-participa-de-ato-com-motociclistas-pelas-ruas-de-sao-paulo\/#primaryimage","url":"https:\/\/regiaonews.net.br\/2022\/wp-content\/uploads\/2021\/06\/2021-06-12t130939z_845427518_rc21zn920jes_rtrmadp_3_brazil-politics-bolsonaro.jpg","contentUrl":"https:\/\/regiaonews.net.br\/2022\/wp-content\/uploads\/2021\/06\/2021-06-12t130939z_845427518_rc21zn920jes_rtrmadp_3_brazil-politics-bolsonaro.jpg","width":1170,"height":700},{"@type":"BreadcrumbList","@id":"https:\/\/regiaonews.net.br\/2022\/2021\/06\/12\/bolsonaro-participa-de-ato-com-motociclistas-pelas-ruas-de-sao-paulo\/#breadcrumb","itemListElement":[{"@type":"ListItem","position":1,"name":"In\u00edcio","item":"https:\/\/regiaonews.net.br\/2022\/"},{"@type":"ListItem","position":2,"name":"Bolsonaro participa de ato com motociclistas pelas ruas de S\u00e3o Paulo"}]},{"@type":"WebSite","@id":"https:\/\/regiaonews.net.br\/2022\/#website","url":"https:\/\/regiaonews.net.br\/2022\/","name":"Regi\u00e3o News","description":"Site de Not\u00edcias de Barretos e regi\u00e3o","publisher":{"@id":"https:\/\/regiaonews.net.br\/2022\/#organization"},"potentialAction":[{"@type":"SearchAction","target":{"@type":"EntryPoint","urlTemplate":"https:\/\/regiaonews.net.br\/2022\/?s={search_term_string}"},"query-input":{"@type":"PropertyValueSpecification","valueRequired":true,"valueName":"search_term_string"}}],"inLanguage":"pt-BR"},{"@type":"Organization","@id":"https:\/\/regiaonews.net.br\/2022\/#organization","name":"Regi\u00e3o News","url":"https:\/\/regiaonews.net.br\/2022\/","logo":{"@type":"ImageObject","inLanguage":"pt-BR","@id":"https:\/\/regiaonews.net.br\/2022\/#\/schema\/logo\/image\/","url":"https:\/\/regiaonews.net.br\/2022\/wp-content\/uploads\/2026\/03\/regiao-13-anos-scaled.jpg","contentUrl":"https:\/\/regiaonews.net.br\/2022\/wp-content\/uploads\/2026\/03\/regiao-13-anos-scaled.jpg","width":2560,"height":635,"caption":"Regi\u00e3o News"},"image":{"@id":"https:\/\/regiaonews.net.br\/2022\/#\/schema\/logo\/image\/"}},{"@type":"Person","@id":"https:\/\/regiaonews.net.br\/2022\/#\/schema\/person\/2d205a608a5aa97ac279d7a5e6d89ad8","name":"Roberto","image":{"@type":"ImageObject","inLanguage":"pt-BR","@id":"https:\/\/secure.gravatar.com\/avatar\/42749d8b712ff9d59ca93dc150494e5b55a44134482993f5baeb97e61b7ecc89?s=96&d=mm&r=g","url":"https:\/\/secure.gravatar.com\/avatar\/42749d8b712ff9d59ca93dc150494e5b55a44134482993f5baeb97e61b7ecc89?s=96&d=mm&r=g","contentUrl":"https:\/\/secure.gravatar.com\/avatar\/42749d8b712ff9d59ca93dc150494e5b55a44134482993f5baeb97e61b7ecc89?s=96&d=mm&r=g","caption":"Roberto"},"url":"https:\/\/regiaonews.net.br\/2022\/author\/roberto\/"}]}},"publishpress_future_action":{"enabled":false,"date":"2026-05-02 05:32:31","action":"change-status","newStatus":"draft","terms":[],"taxonomy":"category","extraData":[]},"publishpress_future_workflow_manual_trigger":{"enabledWorkflows":[]},"_links":{"self":[{"href":"https:\/\/regiaonews.net.br\/2022\/wp-json\/wp\/v2\/posts\/48489","targetHints":{"allow":["GET"]}}],"collection":[{"href":"https:\/\/regiaonews.net.br\/2022\/wp-json\/wp\/v2\/posts"}],"about":[{"href":"https:\/\/regiaonews.net.br\/2022\/wp-json\/wp\/v2\/types\/post"}],"author":[{"embeddable":true,"href":"https:\/\/regiaonews.net.br\/2022\/wp-json\/wp\/v2\/users\/2"}],"replies":[{"embeddable":true,"href":"https:\/\/regiaonews.net.br\/2022\/wp-json\/wp\/v2\/comments?post=48489"}],"version-history":[{"count":0,"href":"https:\/\/regiaonews.net.br\/2022\/wp-json\/wp\/v2\/posts\/48489\/revisions"}],"wp:featuredmedia":[{"embeddable":true,"href":"https:\/\/regiaonews.net.br\/2022\/wp-json\/wp\/v2\/media\/48490"}],"wp:attachment":[{"href":"https:\/\/regiaonews.net.br\/2022\/wp-json\/wp\/v2\/media?parent=48489"}],"wp:term":[{"taxonomy":"category","embeddable":true,"href":"https:\/\/regiaonews.net.br\/2022\/wp-json\/wp\/v2\/categories?post=48489"},{"taxonomy":"post_tag","embeddable":true,"href":"https:\/\/regiaonews.net.br\/2022\/wp-json\/wp\/v2\/tags?post=48489"}],"curies":[{"name":"wp","href":"https:\/\/api.w.org\/{rel}","templated":true}]}}