{"id":48322,"date":"2021-06-09T15:44:37","date_gmt":"2021-06-09T18:44:37","guid":{"rendered":"https:\/\/regiaonews.net.br\/2022\/?p=48322"},"modified":"2021-06-09T15:44:37","modified_gmt":"2021-06-09T18:44:37","slug":"comercio-de-barretos-tem-horario-especial-para-o-dia-dos-namorados","status":"publish","type":"post","link":"https:\/\/regiaonews.net.br\/2022\/2021\/06\/09\/comercio-de-barretos-tem-horario-especial-para-o-dia-dos-namorados\/","title":{"rendered":"Com\u00e9rcio de Barretos tem hor\u00e1rio especial para o dia dos namorados"},"content":{"rendered":"<p><a href=\"https:\/\/regiaonews.net.br\/2022\/wp-content\/uploads\/2021\/06\/DIA-DOS-NAMORADOS-2021.jpeg\"><img loading=\"lazy\" decoding=\"async\" class=\"alignnone size-medium wp-image-48325\" src=\"https:\/\/regiaonews.net.br\/2022\/wp-content\/uploads\/2021\/06\/DIA-DOS-NAMORADOS-2021-206x300.jpeg\" alt=\"\" width=\"206\" height=\"300\" \/><\/a><\/p>\n<p>A \u00a0Associa\u00e7\u00e3o Comercial e Industrial de Barretos \u2013 ACIB e Sincomercio, informam que o \u00a0o com\u00e9rcio de Barretos tem hor\u00e1rio especial de funcionamento neste fim de semana de dia dos namorados:<\/p>\n<p>Na sexta- feira, 11 de junho, as lojas funcionam at\u00e9 \u00e0s 21h. No s\u00e1bado, 12 de junho, dia dos namorados, o com\u00e9rcio fica aberto at\u00e9 \u00e0s 18h.<\/p>\n<p>As lojas do com\u00e9rcio de Barretos continuam com a distribui\u00e7\u00e3o de cupons nas lojas associadas at\u00e9 o dia 14 de junho\/ 2021. O sorteio est\u00e1 marcado para o dia 15 de junho\/ 2021 \u00e0s 10h com os seguintes pr\u00eamios: 01 Final de semana no Barretos Country Hotel; 01 jantar para 01 casal na Churrascaria Costela de Ouro; 01 vale-compras no valor de R$ 120,00 da Cia Do Esporte; 01 rel\u00f3gio masculino Oriente Quartz, caixa e pulseira a\u00e7o da Relojoaria Orien;, 03 pares de alian\u00e7a da Gold MIG; 01 vale-compras de R$500,00 da \u00d3ticas Carol da Av. 21; 01 vale de R$ 500,00 -do Sicredi e 01 vale- servi\u00e7os de R$500,00 do Sal\u00e3o da Luiza.<\/p>\n<p>O sorteio da promo\u00e7\u00e3o virtual acontece pela plataforma Instagram @acibbarretos no dia 11 de junho\/ 2021 com 01 \u00a0lingerie da Hope e 01 jantar para 01 casal no restaurante Don \u2013 Don.<\/p>\n<p>Todo o atendimento continua sendo realizado com aten\u00e7\u00e3o ao o distanciamento social dentro das lojas, entrada de n\u00famero limitado de clientes e a \u00a0obrigatoriedade da utiliza\u00e7\u00e3o de m\u00e1scaras por clientes e funcion\u00e1rios, al\u00e9m de ampla distribui\u00e7\u00e3o de \u00e1lcool em gel, de acordo com as determina\u00e7\u00f5es do decreto municipal n. 10.991 de 24 de maio de 2021.<\/p>\n","protected":false},"excerpt":{"rendered":"<p>A \u00a0Associa\u00e7\u00e3o Comercial e Industrial de Barretos \u2013 ACIB e<\/p>\n","protected":false},"author":2,"featured_media":48325,"comment_status":"open","ping_status":"open","sticky":false,"template":"","format":"standard","meta":{"footnotes":""},"categories":[14,25,48],"tags":[],"class_list":["post-48322","post","type-post","status-publish","format-standard","has-post-thumbnail","hentry","category-barretos","category-cidades","category-comercio"],"yoast_head":"<!-- This site is optimized with the Yoast SEO plugin v27.4 - https:\/\/yoast.com\/product\/yoast-seo-wordpress\/ -->\n<title>Com\u00e9rcio de Barretos tem hor\u00e1rio especial para o dia dos namorados - Regi\u00e3o News<\/title>\n<meta name=\"robots\" content=\"index, follow, max-snippet:-1, max-image-preview:large, max-video-preview:-1\" \/>\n<link rel=\"canonical\" href=\"https:\/\/regiaonews.net.br\/2022\/2021\/06\/09\/comercio-de-barretos-tem-horario-especial-para-o-dia-dos-namorados\/\" \/>\n<meta property=\"og:locale\" content=\"pt_BR\" \/>\n<meta property=\"og:type\" content=\"article\" \/>\n<meta property=\"og:title\" content=\"Com\u00e9rcio de Barretos tem hor\u00e1rio especial para o dia dos namorados - Regi\u00e3o News\" \/>\n<meta property=\"og:description\" content=\"A \u00a0Associa\u00e7\u00e3o Comercial e Industrial de Barretos \u2013 ACIB e\" \/>\n<meta property=\"og:url\" content=\"https:\/\/regiaonews.net.br\/2022\/2021\/06\/09\/comercio-de-barretos-tem-horario-especial-para-o-dia-dos-namorados\/\" \/>\n<meta property=\"og:site_name\" content=\"Regi\u00e3o News\" \/>\n<meta property=\"article:published_time\" content=\"2021-06-09T18:44:37+00:00\" \/>\n<meta property=\"og:image\" content=\"https:\/\/regiaonews.net.br\/2022\/wp-content\/uploads\/2021\/06\/DIA-DOS-NAMORADOS-2021.jpeg\" \/>\n\t<meta property=\"og:image:width\" content=\"879\" \/>\n\t<meta property=\"og:image:height\" content=\"1280\" \/>\n\t<meta property=\"og:image:type\" content=\"image\/jpeg\" \/>\n<meta name=\"author\" content=\"Roberto\" \/>\n<meta name=\"twitter:card\" content=\"summary_large_image\" \/>\n<meta name=\"twitter:label1\" content=\"Escrito por\" \/>\n\t<meta name=\"twitter:data1\" content=\"Roberto\" \/>\n\t<meta name=\"twitter:label2\" content=\"Est. tempo de leitura\" \/>\n\t<meta name=\"twitter:data2\" content=\"1 minuto\" \/>\n<script type=\"application\/ld+json\" class=\"yoast-schema-graph\">{\"@context\":\"https:\\\/\\\/schema.org\",\"@graph\":[{\"@type\":\"Article\",\"@id\":\"https:\\\/\\\/regiaonews.net.br\\\/2022\\\/2021\\\/06\\\/09\\\/comercio-de-barretos-tem-horario-especial-para-o-dia-dos-namorados\\\/#article\",\"isPartOf\":{\"@id\":\"https:\\\/\\\/regiaonews.net.br\\\/2022\\\/2021\\\/06\\\/09\\\/comercio-de-barretos-tem-horario-especial-para-o-dia-dos-namorados\\\/\"},\"author\":{\"name\":\"Roberto\",\"@id\":\"https:\\\/\\\/regiaonews.net.br\\\/2022\\\/#\\\/schema\\\/person\\\/2d205a608a5aa97ac279d7a5e6d89ad8\"},\"headline\":\"Com\u00e9rcio de Barretos tem hor\u00e1rio especial para o dia dos namorados\",\"datePublished\":\"2021-06-09T18:44:37+00:00\",\"mainEntityOfPage\":{\"@id\":\"https:\\\/\\\/regiaonews.net.br\\\/2022\\\/2021\\\/06\\\/09\\\/comercio-de-barretos-tem-horario-especial-para-o-dia-dos-namorados\\\/\"},\"wordCount\":267,\"commentCount\":0,\"publisher\":{\"@id\":\"https:\\\/\\\/regiaonews.net.br\\\/2022\\\/#organization\"},\"image\":{\"@id\":\"https:\\\/\\\/regiaonews.net.br\\\/2022\\\/2021\\\/06\\\/09\\\/comercio-de-barretos-tem-horario-especial-para-o-dia-dos-namorados\\\/#primaryimage\"},\"thumbnailUrl\":\"https:\\\/\\\/regiaonews.net.br\\\/2022\\\/wp-content\\\/uploads\\\/2021\\\/06\\\/DIA-DOS-NAMORADOS-2021.jpeg\",\"articleSection\":[\"Barretos\",\"Cidades\",\"Com\u00e9rcio\"],\"inLanguage\":\"pt-BR\",\"potentialAction\":[{\"@type\":\"CommentAction\",\"name\":\"Comment\",\"target\":[\"https:\\\/\\\/regiaonews.net.br\\\/2022\\\/2021\\\/06\\\/09\\\/comercio-de-barretos-tem-horario-especial-para-o-dia-dos-namorados\\\/#respond\"]}]},{\"@type\":\"WebPage\",\"@id\":\"https:\\\/\\\/regiaonews.net.br\\\/2022\\\/2021\\\/06\\\/09\\\/comercio-de-barretos-tem-horario-especial-para-o-dia-dos-namorados\\\/\",\"url\":\"https:\\\/\\\/regiaonews.net.br\\\/2022\\\/2021\\\/06\\\/09\\\/comercio-de-barretos-tem-horario-especial-para-o-dia-dos-namorados\\\/\",\"name\":\"Com\u00e9rcio de Barretos tem hor\u00e1rio especial para o dia dos namorados - Regi\u00e3o News\",\"isPartOf\":{\"@id\":\"https:\\\/\\\/regiaonews.net.br\\\/2022\\\/#website\"},\"primaryImageOfPage\":{\"@id\":\"https:\\\/\\\/regiaonews.net.br\\\/2022\\\/2021\\\/06\\\/09\\\/comercio-de-barretos-tem-horario-especial-para-o-dia-dos-namorados\\\/#primaryimage\"},\"image\":{\"@id\":\"https:\\\/\\\/regiaonews.net.br\\\/2022\\\/2021\\\/06\\\/09\\\/comercio-de-barretos-tem-horario-especial-para-o-dia-dos-namorados\\\/#primaryimage\"},\"thumbnailUrl\":\"https:\\\/\\\/regiaonews.net.br\\\/2022\\\/wp-content\\\/uploads\\\/2021\\\/06\\\/DIA-DOS-NAMORADOS-2021.jpeg\",\"datePublished\":\"2021-06-09T18:44:37+00:00\",\"breadcrumb\":{\"@id\":\"https:\\\/\\\/regiaonews.net.br\\\/2022\\\/2021\\\/06\\\/09\\\/comercio-de-barretos-tem-horario-especial-para-o-dia-dos-namorados\\\/#breadcrumb\"},\"inLanguage\":\"pt-BR\",\"potentialAction\":[{\"@type\":\"ReadAction\",\"target\":[\"https:\\\/\\\/regiaonews.net.br\\\/2022\\\/2021\\\/06\\\/09\\\/comercio-de-barretos-tem-horario-especial-para-o-dia-dos-namorados\\\/\"]}]},{\"@type\":\"ImageObject\",\"inLanguage\":\"pt-BR\",\"@id\":\"https:\\\/\\\/regiaonews.net.br\\\/2022\\\/2021\\\/06\\\/09\\\/comercio-de-barretos-tem-horario-especial-para-o-dia-dos-namorados\\\/#primaryimage\",\"url\":\"https:\\\/\\\/regiaonews.net.br\\\/2022\\\/wp-content\\\/uploads\\\/2021\\\/06\\\/DIA-DOS-NAMORADOS-2021.jpeg\",\"contentUrl\":\"https:\\\/\\\/regiaonews.net.br\\\/2022\\\/wp-content\\\/uploads\\\/2021\\\/06\\\/DIA-DOS-NAMORADOS-2021.jpeg\",\"width\":879,\"height\":1280},{\"@type\":\"BreadcrumbList\",\"@id\":\"https:\\\/\\\/regiaonews.net.br\\\/2022\\\/2021\\\/06\\\/09\\\/comercio-de-barretos-tem-horario-especial-para-o-dia-dos-namorados\\\/#breadcrumb\",\"itemListElement\":[{\"@type\":\"ListItem\",\"position\":1,\"name\":\"In\u00edcio\",\"item\":\"https:\\\/\\\/regiaonews.net.br\\\/2022\\\/\"},{\"@type\":\"ListItem\",\"position\":2,\"name\":\"Com\u00e9rcio de Barretos tem hor\u00e1rio especial para o dia dos namorados\"}]},{\"@type\":\"WebSite\",\"@id\":\"https:\\\/\\\/regiaonews.net.br\\\/2022\\\/#website\",\"url\":\"https:\\\/\\\/regiaonews.net.br\\\/2022\\\/\",\"name\":\"Regi\u00e3o News\",\"description\":\"Site de Not\u00edcias de Barretos e regi\u00e3o\",\"publisher\":{\"@id\":\"https:\\\/\\\/regiaonews.net.br\\\/2022\\\/#organization\"},\"potentialAction\":[{\"@type\":\"SearchAction\",\"target\":{\"@type\":\"EntryPoint\",\"urlTemplate\":\"https:\\\/\\\/regiaonews.net.br\\\/2022\\\/?s={search_term_string}\"},\"query-input\":{\"@type\":\"PropertyValueSpecification\",\"valueRequired\":true,\"valueName\":\"search_term_string\"}}],\"inLanguage\":\"pt-BR\"},{\"@type\":\"Organization\",\"@id\":\"https:\\\/\\\/regiaonews.net.br\\\/2022\\\/#organization\",\"name\":\"Regi\u00e3o News\",\"url\":\"https:\\\/\\\/regiaonews.net.br\\\/2022\\\/\",\"logo\":{\"@type\":\"ImageObject\",\"inLanguage\":\"pt-BR\",\"@id\":\"https:\\\/\\\/regiaonews.net.br\\\/2022\\\/#\\\/schema\\\/logo\\\/image\\\/\",\"url\":\"https:\\\/\\\/regiaonews.net.br\\\/2022\\\/wp-content\\\/uploads\\\/2026\\\/03\\\/regiao-13-anos-scaled.jpg\",\"contentUrl\":\"https:\\\/\\\/regiaonews.net.br\\\/2022\\\/wp-content\\\/uploads\\\/2026\\\/03\\\/regiao-13-anos-scaled.jpg\",\"width\":2560,\"height\":635,\"caption\":\"Regi\u00e3o News\"},\"image\":{\"@id\":\"https:\\\/\\\/regiaonews.net.br\\\/2022\\\/#\\\/schema\\\/logo\\\/image\\\/\"}},{\"@type\":\"Person\",\"@id\":\"https:\\\/\\\/regiaonews.net.br\\\/2022\\\/#\\\/schema\\\/person\\\/2d205a608a5aa97ac279d7a5e6d89ad8\",\"name\":\"Roberto\",\"image\":{\"@type\":\"ImageObject\",\"inLanguage\":\"pt-BR\",\"@id\":\"https:\\\/\\\/secure.gravatar.com\\\/avatar\\\/42749d8b712ff9d59ca93dc150494e5b55a44134482993f5baeb97e61b7ecc89?s=96&d=mm&r=g\",\"url\":\"https:\\\/\\\/secure.gravatar.com\\\/avatar\\\/42749d8b712ff9d59ca93dc150494e5b55a44134482993f5baeb97e61b7ecc89?s=96&d=mm&r=g\",\"contentUrl\":\"https:\\\/\\\/secure.gravatar.com\\\/avatar\\\/42749d8b712ff9d59ca93dc150494e5b55a44134482993f5baeb97e61b7ecc89?s=96&d=mm&r=g\",\"caption\":\"Roberto\"},\"url\":\"https:\\\/\\\/regiaonews.net.br\\\/2022\\\/author\\\/roberto\\\/\"}]}<\/script>\n<!-- \/ Yoast SEO plugin. -->","yoast_head_json":{"title":"Com\u00e9rcio de Barretos tem hor\u00e1rio especial para o dia dos namorados - Regi\u00e3o News","robots":{"index":"index","follow":"follow","max-snippet":"max-snippet:-1","max-image-preview":"max-image-preview:large","max-video-preview":"max-video-preview:-1"},"canonical":"https:\/\/regiaonews.net.br\/2022\/2021\/06\/09\/comercio-de-barretos-tem-horario-especial-para-o-dia-dos-namorados\/","og_locale":"pt_BR","og_type":"article","og_title":"Com\u00e9rcio de Barretos tem hor\u00e1rio especial para o dia dos namorados - Regi\u00e3o News","og_description":"A \u00a0Associa\u00e7\u00e3o Comercial e Industrial de Barretos \u2013 ACIB e","og_url":"https:\/\/regiaonews.net.br\/2022\/2021\/06\/09\/comercio-de-barretos-tem-horario-especial-para-o-dia-dos-namorados\/","og_site_name":"Regi\u00e3o News","article_published_time":"2021-06-09T18:44:37+00:00","og_image":[{"width":879,"height":1280,"url":"https:\/\/regiaonews.net.br\/2022\/wp-content\/uploads\/2021\/06\/DIA-DOS-NAMORADOS-2021.jpeg","type":"image\/jpeg"}],"author":"Roberto","twitter_card":"summary_large_image","twitter_misc":{"Escrito por":"Roberto","Est. tempo de leitura":"1 minuto"},"schema":{"@context":"https:\/\/schema.org","@graph":[{"@type":"Article","@id":"https:\/\/regiaonews.net.br\/2022\/2021\/06\/09\/comercio-de-barretos-tem-horario-especial-para-o-dia-dos-namorados\/#article","isPartOf":{"@id":"https:\/\/regiaonews.net.br\/2022\/2021\/06\/09\/comercio-de-barretos-tem-horario-especial-para-o-dia-dos-namorados\/"},"author":{"name":"Roberto","@id":"https:\/\/regiaonews.net.br\/2022\/#\/schema\/person\/2d205a608a5aa97ac279d7a5e6d89ad8"},"headline":"Com\u00e9rcio de Barretos tem hor\u00e1rio especial para o dia dos namorados","datePublished":"2021-06-09T18:44:37+00:00","mainEntityOfPage":{"@id":"https:\/\/regiaonews.net.br\/2022\/2021\/06\/09\/comercio-de-barretos-tem-horario-especial-para-o-dia-dos-namorados\/"},"wordCount":267,"commentCount":0,"publisher":{"@id":"https:\/\/regiaonews.net.br\/2022\/#organization"},"image":{"@id":"https:\/\/regiaonews.net.br\/2022\/2021\/06\/09\/comercio-de-barretos-tem-horario-especial-para-o-dia-dos-namorados\/#primaryimage"},"thumbnailUrl":"https:\/\/regiaonews.net.br\/2022\/wp-content\/uploads\/2021\/06\/DIA-DOS-NAMORADOS-2021.jpeg","articleSection":["Barretos","Cidades","Com\u00e9rcio"],"inLanguage":"pt-BR","potentialAction":[{"@type":"CommentAction","name":"Comment","target":["https:\/\/regiaonews.net.br\/2022\/2021\/06\/09\/comercio-de-barretos-tem-horario-especial-para-o-dia-dos-namorados\/#respond"]}]},{"@type":"WebPage","@id":"https:\/\/regiaonews.net.br\/2022\/2021\/06\/09\/comercio-de-barretos-tem-horario-especial-para-o-dia-dos-namorados\/","url":"https:\/\/regiaonews.net.br\/2022\/2021\/06\/09\/comercio-de-barretos-tem-horario-especial-para-o-dia-dos-namorados\/","name":"Com\u00e9rcio de Barretos tem hor\u00e1rio especial para o dia dos namorados - Regi\u00e3o News","isPartOf":{"@id":"https:\/\/regiaonews.net.br\/2022\/#website"},"primaryImageOfPage":{"@id":"https:\/\/regiaonews.net.br\/2022\/2021\/06\/09\/comercio-de-barretos-tem-horario-especial-para-o-dia-dos-namorados\/#primaryimage"},"image":{"@id":"https:\/\/regiaonews.net.br\/2022\/2021\/06\/09\/comercio-de-barretos-tem-horario-especial-para-o-dia-dos-namorados\/#primaryimage"},"thumbnailUrl":"https:\/\/regiaonews.net.br\/2022\/wp-content\/uploads\/2021\/06\/DIA-DOS-NAMORADOS-2021.jpeg","datePublished":"2021-06-09T18:44:37+00:00","breadcrumb":{"@id":"https:\/\/regiaonews.net.br\/2022\/2021\/06\/09\/comercio-de-barretos-tem-horario-especial-para-o-dia-dos-namorados\/#breadcrumb"},"inLanguage":"pt-BR","potentialAction":[{"@type":"ReadAction","target":["https:\/\/regiaonews.net.br\/2022\/2021\/06\/09\/comercio-de-barretos-tem-horario-especial-para-o-dia-dos-namorados\/"]}]},{"@type":"ImageObject","inLanguage":"pt-BR","@id":"https:\/\/regiaonews.net.br\/2022\/2021\/06\/09\/comercio-de-barretos-tem-horario-especial-para-o-dia-dos-namorados\/#primaryimage","url":"https:\/\/regiaonews.net.br\/2022\/wp-content\/uploads\/2021\/06\/DIA-DOS-NAMORADOS-2021.jpeg","contentUrl":"https:\/\/regiaonews.net.br\/2022\/wp-content\/uploads\/2021\/06\/DIA-DOS-NAMORADOS-2021.jpeg","width":879,"height":1280},{"@type":"BreadcrumbList","@id":"https:\/\/regiaonews.net.br\/2022\/2021\/06\/09\/comercio-de-barretos-tem-horario-especial-para-o-dia-dos-namorados\/#breadcrumb","itemListElement":[{"@type":"ListItem","position":1,"name":"In\u00edcio","item":"https:\/\/regiaonews.net.br\/2022\/"},{"@type":"ListItem","position":2,"name":"Com\u00e9rcio de Barretos tem hor\u00e1rio especial para o dia dos namorados"}]},{"@type":"WebSite","@id":"https:\/\/regiaonews.net.br\/2022\/#website","url":"https:\/\/regiaonews.net.br\/2022\/","name":"Regi\u00e3o News","description":"Site de Not\u00edcias de Barretos e regi\u00e3o","publisher":{"@id":"https:\/\/regiaonews.net.br\/2022\/#organization"},"potentialAction":[{"@type":"SearchAction","target":{"@type":"EntryPoint","urlTemplate":"https:\/\/regiaonews.net.br\/2022\/?s={search_term_string}"},"query-input":{"@type":"PropertyValueSpecification","valueRequired":true,"valueName":"search_term_string"}}],"inLanguage":"pt-BR"},{"@type":"Organization","@id":"https:\/\/regiaonews.net.br\/2022\/#organization","name":"Regi\u00e3o News","url":"https:\/\/regiaonews.net.br\/2022\/","logo":{"@type":"ImageObject","inLanguage":"pt-BR","@id":"https:\/\/regiaonews.net.br\/2022\/#\/schema\/logo\/image\/","url":"https:\/\/regiaonews.net.br\/2022\/wp-content\/uploads\/2026\/03\/regiao-13-anos-scaled.jpg","contentUrl":"https:\/\/regiaonews.net.br\/2022\/wp-content\/uploads\/2026\/03\/regiao-13-anos-scaled.jpg","width":2560,"height":635,"caption":"Regi\u00e3o News"},"image":{"@id":"https:\/\/regiaonews.net.br\/2022\/#\/schema\/logo\/image\/"}},{"@type":"Person","@id":"https:\/\/regiaonews.net.br\/2022\/#\/schema\/person\/2d205a608a5aa97ac279d7a5e6d89ad8","name":"Roberto","image":{"@type":"ImageObject","inLanguage":"pt-BR","@id":"https:\/\/secure.gravatar.com\/avatar\/42749d8b712ff9d59ca93dc150494e5b55a44134482993f5baeb97e61b7ecc89?s=96&d=mm&r=g","url":"https:\/\/secure.gravatar.com\/avatar\/42749d8b712ff9d59ca93dc150494e5b55a44134482993f5baeb97e61b7ecc89?s=96&d=mm&r=g","contentUrl":"https:\/\/secure.gravatar.com\/avatar\/42749d8b712ff9d59ca93dc150494e5b55a44134482993f5baeb97e61b7ecc89?s=96&d=mm&r=g","caption":"Roberto"},"url":"https:\/\/regiaonews.net.br\/2022\/author\/roberto\/"}]}},"publishpress_future_action":{"enabled":false,"date":"2026-05-03 07:28:21","action":"change-status","newStatus":"draft","terms":[],"taxonomy":"category","extraData":[]},"publishpress_future_workflow_manual_trigger":{"enabledWorkflows":[]},"_links":{"self":[{"href":"https:\/\/regiaonews.net.br\/2022\/wp-json\/wp\/v2\/posts\/48322","targetHints":{"allow":["GET"]}}],"collection":[{"href":"https:\/\/regiaonews.net.br\/2022\/wp-json\/wp\/v2\/posts"}],"about":[{"href":"https:\/\/regiaonews.net.br\/2022\/wp-json\/wp\/v2\/types\/post"}],"author":[{"embeddable":true,"href":"https:\/\/regiaonews.net.br\/2022\/wp-json\/wp\/v2\/users\/2"}],"replies":[{"embeddable":true,"href":"https:\/\/regiaonews.net.br\/2022\/wp-json\/wp\/v2\/comments?post=48322"}],"version-history":[{"count":0,"href":"https:\/\/regiaonews.net.br\/2022\/wp-json\/wp\/v2\/posts\/48322\/revisions"}],"wp:featuredmedia":[{"embeddable":true,"href":"https:\/\/regiaonews.net.br\/2022\/wp-json\/wp\/v2\/media\/48325"}],"wp:attachment":[{"href":"https:\/\/regiaonews.net.br\/2022\/wp-json\/wp\/v2\/media?parent=48322"}],"wp:term":[{"taxonomy":"category","embeddable":true,"href":"https:\/\/regiaonews.net.br\/2022\/wp-json\/wp\/v2\/categories?post=48322"},{"taxonomy":"post_tag","embeddable":true,"href":"https:\/\/regiaonews.net.br\/2022\/wp-json\/wp\/v2\/tags?post=48322"}],"curies":[{"name":"wp","href":"https:\/\/api.w.org\/{rel}","templated":true}]}}