{"id":48318,"date":"2021-06-09T15:31:43","date_gmt":"2021-06-09T18:31:43","guid":{"rendered":"https:\/\/regiaonews.net.br\/2022\/?p=48318"},"modified":"2021-06-09T15:42:09","modified_gmt":"2021-06-09T18:42:09","slug":"dig-de-bebedouro-esclarece-autoria-do-crime-do-jovem-eliel","status":"publish","type":"post","link":"https:\/\/regiaonews.net.br\/2022\/2021\/06\/09\/dig-de-bebedouro-esclarece-autoria-do-crime-do-jovem-eliel\/","title":{"rendered":"DIG de Bebedouro esclarece autoria do crime do jovem Eliel"},"content":{"rendered":"<p>&nbsp;<\/p>\n<p>A Pol\u00edcia Civil em Bebedouro, atrav\u00e9s de agentes de sua Delegacia de Investiga\u00e7\u00f5es Gerais (DIG), desde o ultimo dia 06, quando foi encontrado na zona rural deste munic\u00edpio de Bebedouro o corpo j\u00e1 sem vida do jovem vendedor Eliel Mateus Emiliano, de apenas 24 anos de idade, vem trabalhando no sentido de identificar quem seriam os pretensos autores do crime que lhe cercearam precocemente a vida.<\/p>\n<p><a href=\"https:\/\/regiaonews.net.br\/2022\/wp-content\/uploads\/2021\/06\/197441106_2875812206068080_9161606196891809055_n.jpg\"><img loading=\"lazy\" decoding=\"async\" class=\"alignnone size-medium wp-image-48198\" src=\"https:\/\/regiaonews.net.br\/2022\/wp-content\/uploads\/2021\/06\/197441106_2875812206068080_9161606196891809055_n-271x300.jpg\" alt=\"\" width=\"271\" height=\"300\" \/><\/a><\/p>\n<p>O jovem Eliel teria deixado sua resid\u00eancia, na vizinha cidade de Viradouro, na tarde do ultimo dia 03, sendo que por volta das 10h00min do dia 06 seu ve\u00edculo teria sido encontrado abandonado por uma guarni\u00e7\u00e3o da Pol\u00edcia Militar numa propriedade agr\u00edcola situada nas margens da Rodovia Laurianous Brogna e, na tarde desse mesmo dia, acabara tamb\u00e9m sendo encontrado seu corpo numa outra propriedade agr\u00edcola localizada na mesma regi\u00e3o.<\/p>\n<p>\u00c0 partir de um circunstanciado trabalho de investiga\u00e7\u00e3o, os agentes da DIG logo conseguiram individualizar como poss\u00edveis suspeitos um adolescente de 15 anos de idade e o desempregado J.F.R.F., de 18 anos de idade, ambos moradores da pr\u00f3pria cidade de Viradouro, local da resid\u00eancia da pr\u00f3pria v\u00edtima.<\/p>\n<p>Diante das evid\u00eancias colhidas, o Delegado de Pol\u00edcia Paulo Roberto Montelli, respons\u00e1vel pelo caso, pleiteara e conseguira que, no dia de ontem (08\/06), ap\u00f3s manifesta\u00e7\u00e3o favor\u00e1vel do Minist\u00e9rio P\u00fablico, o Poder Judici\u00e1rio da comarca de Bebedouro viesse a decretar a pris\u00e3o tempor\u00e1ria do suspeito J.F.R.F., cuja medida foi cumprida na manh\u00e3 de hoje.<\/p>\n<p>Tanto J.F.R.F, quanto o adolescente, j\u00e1 confessaram junto a DIG a pr\u00e1tica do grav\u00edssimo crime de homic\u00eddio qualificado ora investigado, alegando que a inten\u00e7\u00e3o inicial era roubar o ve\u00edculo de propriedade da v\u00edtima.<\/p>\n<p>N\u00e3o bastasse as detalhadas confiss\u00f5es dos suspeitos, o Delegado de Pol\u00edcia Paulo Roberto Montelli disse tamb\u00e9m que conseguiram levar para os autos prova material extremamente robusta e consistente que colocaria ao menos o adolescente na cena do crime, por\u00e9m, por quest\u00f5es de log\u00edstica investigativa, n\u00e3o poderia revelar que tipo de prova seria essa.<\/p>\n<p>Todo esse trabalho tamb\u00e9m contara com apoio e participa\u00e7\u00e3o de policiais civis e militares da pr\u00f3pria cidade de Viradouro que, na medida do poss\u00edvel, colaboraram e contribu\u00edram para que o caso fosse rapidamente esclarecido pela Pol\u00edcia Civil de S\u00e3o Paulo.<\/p>\n<p>Ainda segundo a autoridade policial, os fatos est\u00e3o sendo comunicados \u00e0 Promotoria de Justi\u00e7a da Crian\u00e7a e do Adolescente de Bebedouro para que, se o caso, seja representado no sentido de que a Justi\u00e7a venha a decretar sua interna\u00e7\u00e3o provis\u00f3ria. J\u00e1 o desempregado J.F.R.F. ser\u00e1 recolhido na Cadeia P\u00fablica da vizinha comarca de Colina.<\/p>\n","protected":false},"excerpt":{"rendered":"<p>&nbsp; A Pol\u00edcia Civil em Bebedouro, atrav\u00e9s de agentes de<\/p>\n","protected":false},"author":2,"featured_media":48198,"comment_status":"open","ping_status":"open","sticky":false,"template":"","format":"standard","meta":{"footnotes":""},"categories":[4,25,22],"tags":[],"class_list":["post-48318","post","type-post","status-publish","format-standard","has-post-thumbnail","hentry","category-bebedouro","category-cidades","category-politica"],"yoast_head":"<!-- This site is optimized with the Yoast SEO plugin v27.4 - https:\/\/yoast.com\/product\/yoast-seo-wordpress\/ -->\n<title>DIG de Bebedouro esclarece autoria do crime do jovem Eliel - Regi\u00e3o News<\/title>\n<meta name=\"robots\" content=\"index, follow, max-snippet:-1, max-image-preview:large, max-video-preview:-1\" \/>\n<link rel=\"canonical\" href=\"https:\/\/regiaonews.net.br\/2022\/2021\/06\/09\/dig-de-bebedouro-esclarece-autoria-do-crime-do-jovem-eliel\/\" \/>\n<meta property=\"og:locale\" content=\"pt_BR\" \/>\n<meta property=\"og:type\" content=\"article\" \/>\n<meta property=\"og:title\" content=\"DIG de Bebedouro esclarece autoria do crime do jovem Eliel - Regi\u00e3o News\" \/>\n<meta property=\"og:description\" content=\"&nbsp; A Pol\u00edcia Civil em Bebedouro, atrav\u00e9s de agentes de\" \/>\n<meta property=\"og:url\" content=\"https:\/\/regiaonews.net.br\/2022\/2021\/06\/09\/dig-de-bebedouro-esclarece-autoria-do-crime-do-jovem-eliel\/\" \/>\n<meta property=\"og:site_name\" content=\"Regi\u00e3o News\" \/>\n<meta property=\"article:published_time\" content=\"2021-06-09T18:31:43+00:00\" \/>\n<meta property=\"article:modified_time\" content=\"2021-06-09T18:42:09+00:00\" \/>\n<meta property=\"og:image\" content=\"https:\/\/regiaonews.net.br\/2022\/wp-content\/uploads\/2021\/06\/197441106_2875812206068080_9161606196891809055_n.jpg\" \/>\n\t<meta property=\"og:image:width\" content=\"544\" \/>\n\t<meta property=\"og:image:height\" content=\"603\" \/>\n\t<meta property=\"og:image:type\" content=\"image\/jpeg\" \/>\n<meta name=\"author\" content=\"Roberto\" \/>\n<meta name=\"twitter:card\" content=\"summary_large_image\" \/>\n<meta name=\"twitter:label1\" content=\"Escrito por\" \/>\n\t<meta name=\"twitter:data1\" content=\"Roberto\" \/>\n\t<meta name=\"twitter:label2\" content=\"Est. tempo de leitura\" \/>\n\t<meta name=\"twitter:data2\" content=\"2 minutos\" \/>\n<script type=\"application\/ld+json\" class=\"yoast-schema-graph\">{\"@context\":\"https:\\\/\\\/schema.org\",\"@graph\":[{\"@type\":\"Article\",\"@id\":\"https:\\\/\\\/regiaonews.net.br\\\/2022\\\/2021\\\/06\\\/09\\\/dig-de-bebedouro-esclarece-autoria-do-crime-do-jovem-eliel\\\/#article\",\"isPartOf\":{\"@id\":\"https:\\\/\\\/regiaonews.net.br\\\/2022\\\/2021\\\/06\\\/09\\\/dig-de-bebedouro-esclarece-autoria-do-crime-do-jovem-eliel\\\/\"},\"author\":{\"name\":\"Roberto\",\"@id\":\"https:\\\/\\\/regiaonews.net.br\\\/2022\\\/#\\\/schema\\\/person\\\/2d205a608a5aa97ac279d7a5e6d89ad8\"},\"headline\":\"DIG de Bebedouro esclarece autoria do crime do jovem Eliel\",\"datePublished\":\"2021-06-09T18:31:43+00:00\",\"dateModified\":\"2021-06-09T18:42:09+00:00\",\"mainEntityOfPage\":{\"@id\":\"https:\\\/\\\/regiaonews.net.br\\\/2022\\\/2021\\\/06\\\/09\\\/dig-de-bebedouro-esclarece-autoria-do-crime-do-jovem-eliel\\\/\"},\"wordCount\":487,\"commentCount\":0,\"publisher\":{\"@id\":\"https:\\\/\\\/regiaonews.net.br\\\/2022\\\/#organization\"},\"image\":{\"@id\":\"https:\\\/\\\/regiaonews.net.br\\\/2022\\\/2021\\\/06\\\/09\\\/dig-de-bebedouro-esclarece-autoria-do-crime-do-jovem-eliel\\\/#primaryimage\"},\"thumbnailUrl\":\"https:\\\/\\\/regiaonews.net.br\\\/2022\\\/wp-content\\\/uploads\\\/2021\\\/06\\\/197441106_2875812206068080_9161606196891809055_n.jpg\",\"articleSection\":[\"Bebedouro\",\"Cidades\",\"Pol\u00edtica\"],\"inLanguage\":\"pt-BR\",\"potentialAction\":[{\"@type\":\"CommentAction\",\"name\":\"Comment\",\"target\":[\"https:\\\/\\\/regiaonews.net.br\\\/2022\\\/2021\\\/06\\\/09\\\/dig-de-bebedouro-esclarece-autoria-do-crime-do-jovem-eliel\\\/#respond\"]}]},{\"@type\":\"WebPage\",\"@id\":\"https:\\\/\\\/regiaonews.net.br\\\/2022\\\/2021\\\/06\\\/09\\\/dig-de-bebedouro-esclarece-autoria-do-crime-do-jovem-eliel\\\/\",\"url\":\"https:\\\/\\\/regiaonews.net.br\\\/2022\\\/2021\\\/06\\\/09\\\/dig-de-bebedouro-esclarece-autoria-do-crime-do-jovem-eliel\\\/\",\"name\":\"DIG de Bebedouro esclarece autoria do crime do jovem Eliel - Regi\u00e3o News\",\"isPartOf\":{\"@id\":\"https:\\\/\\\/regiaonews.net.br\\\/2022\\\/#website\"},\"primaryImageOfPage\":{\"@id\":\"https:\\\/\\\/regiaonews.net.br\\\/2022\\\/2021\\\/06\\\/09\\\/dig-de-bebedouro-esclarece-autoria-do-crime-do-jovem-eliel\\\/#primaryimage\"},\"image\":{\"@id\":\"https:\\\/\\\/regiaonews.net.br\\\/2022\\\/2021\\\/06\\\/09\\\/dig-de-bebedouro-esclarece-autoria-do-crime-do-jovem-eliel\\\/#primaryimage\"},\"thumbnailUrl\":\"https:\\\/\\\/regiaonews.net.br\\\/2022\\\/wp-content\\\/uploads\\\/2021\\\/06\\\/197441106_2875812206068080_9161606196891809055_n.jpg\",\"datePublished\":\"2021-06-09T18:31:43+00:00\",\"dateModified\":\"2021-06-09T18:42:09+00:00\",\"breadcrumb\":{\"@id\":\"https:\\\/\\\/regiaonews.net.br\\\/2022\\\/2021\\\/06\\\/09\\\/dig-de-bebedouro-esclarece-autoria-do-crime-do-jovem-eliel\\\/#breadcrumb\"},\"inLanguage\":\"pt-BR\",\"potentialAction\":[{\"@type\":\"ReadAction\",\"target\":[\"https:\\\/\\\/regiaonews.net.br\\\/2022\\\/2021\\\/06\\\/09\\\/dig-de-bebedouro-esclarece-autoria-do-crime-do-jovem-eliel\\\/\"]}]},{\"@type\":\"ImageObject\",\"inLanguage\":\"pt-BR\",\"@id\":\"https:\\\/\\\/regiaonews.net.br\\\/2022\\\/2021\\\/06\\\/09\\\/dig-de-bebedouro-esclarece-autoria-do-crime-do-jovem-eliel\\\/#primaryimage\",\"url\":\"https:\\\/\\\/regiaonews.net.br\\\/2022\\\/wp-content\\\/uploads\\\/2021\\\/06\\\/197441106_2875812206068080_9161606196891809055_n.jpg\",\"contentUrl\":\"https:\\\/\\\/regiaonews.net.br\\\/2022\\\/wp-content\\\/uploads\\\/2021\\\/06\\\/197441106_2875812206068080_9161606196891809055_n.jpg\",\"width\":544,\"height\":603},{\"@type\":\"BreadcrumbList\",\"@id\":\"https:\\\/\\\/regiaonews.net.br\\\/2022\\\/2021\\\/06\\\/09\\\/dig-de-bebedouro-esclarece-autoria-do-crime-do-jovem-eliel\\\/#breadcrumb\",\"itemListElement\":[{\"@type\":\"ListItem\",\"position\":1,\"name\":\"In\u00edcio\",\"item\":\"https:\\\/\\\/regiaonews.net.br\\\/2022\\\/\"},{\"@type\":\"ListItem\",\"position\":2,\"name\":\"DIG de Bebedouro esclarece autoria do crime do jovem Eliel\"}]},{\"@type\":\"WebSite\",\"@id\":\"https:\\\/\\\/regiaonews.net.br\\\/2022\\\/#website\",\"url\":\"https:\\\/\\\/regiaonews.net.br\\\/2022\\\/\",\"name\":\"Regi\u00e3o News\",\"description\":\"Site de Not\u00edcias de Barretos e regi\u00e3o\",\"publisher\":{\"@id\":\"https:\\\/\\\/regiaonews.net.br\\\/2022\\\/#organization\"},\"potentialAction\":[{\"@type\":\"SearchAction\",\"target\":{\"@type\":\"EntryPoint\",\"urlTemplate\":\"https:\\\/\\\/regiaonews.net.br\\\/2022\\\/?s={search_term_string}\"},\"query-input\":{\"@type\":\"PropertyValueSpecification\",\"valueRequired\":true,\"valueName\":\"search_term_string\"}}],\"inLanguage\":\"pt-BR\"},{\"@type\":\"Organization\",\"@id\":\"https:\\\/\\\/regiaonews.net.br\\\/2022\\\/#organization\",\"name\":\"Regi\u00e3o News\",\"url\":\"https:\\\/\\\/regiaonews.net.br\\\/2022\\\/\",\"logo\":{\"@type\":\"ImageObject\",\"inLanguage\":\"pt-BR\",\"@id\":\"https:\\\/\\\/regiaonews.net.br\\\/2022\\\/#\\\/schema\\\/logo\\\/image\\\/\",\"url\":\"https:\\\/\\\/regiaonews.net.br\\\/2022\\\/wp-content\\\/uploads\\\/2026\\\/03\\\/regiao-13-anos-scaled.jpg\",\"contentUrl\":\"https:\\\/\\\/regiaonews.net.br\\\/2022\\\/wp-content\\\/uploads\\\/2026\\\/03\\\/regiao-13-anos-scaled.jpg\",\"width\":2560,\"height\":635,\"caption\":\"Regi\u00e3o News\"},\"image\":{\"@id\":\"https:\\\/\\\/regiaonews.net.br\\\/2022\\\/#\\\/schema\\\/logo\\\/image\\\/\"}},{\"@type\":\"Person\",\"@id\":\"https:\\\/\\\/regiaonews.net.br\\\/2022\\\/#\\\/schema\\\/person\\\/2d205a608a5aa97ac279d7a5e6d89ad8\",\"name\":\"Roberto\",\"image\":{\"@type\":\"ImageObject\",\"inLanguage\":\"pt-BR\",\"@id\":\"https:\\\/\\\/secure.gravatar.com\\\/avatar\\\/42749d8b712ff9d59ca93dc150494e5b55a44134482993f5baeb97e61b7ecc89?s=96&d=mm&r=g\",\"url\":\"https:\\\/\\\/secure.gravatar.com\\\/avatar\\\/42749d8b712ff9d59ca93dc150494e5b55a44134482993f5baeb97e61b7ecc89?s=96&d=mm&r=g\",\"contentUrl\":\"https:\\\/\\\/secure.gravatar.com\\\/avatar\\\/42749d8b712ff9d59ca93dc150494e5b55a44134482993f5baeb97e61b7ecc89?s=96&d=mm&r=g\",\"caption\":\"Roberto\"},\"url\":\"https:\\\/\\\/regiaonews.net.br\\\/2022\\\/author\\\/roberto\\\/\"}]}<\/script>\n<!-- \/ Yoast SEO plugin. -->","yoast_head_json":{"title":"DIG de Bebedouro esclarece autoria do crime do jovem Eliel - Regi\u00e3o News","robots":{"index":"index","follow":"follow","max-snippet":"max-snippet:-1","max-image-preview":"max-image-preview:large","max-video-preview":"max-video-preview:-1"},"canonical":"https:\/\/regiaonews.net.br\/2022\/2021\/06\/09\/dig-de-bebedouro-esclarece-autoria-do-crime-do-jovem-eliel\/","og_locale":"pt_BR","og_type":"article","og_title":"DIG de Bebedouro esclarece autoria do crime do jovem Eliel - Regi\u00e3o News","og_description":"&nbsp; A Pol\u00edcia Civil em Bebedouro, atrav\u00e9s de agentes de","og_url":"https:\/\/regiaonews.net.br\/2022\/2021\/06\/09\/dig-de-bebedouro-esclarece-autoria-do-crime-do-jovem-eliel\/","og_site_name":"Regi\u00e3o News","article_published_time":"2021-06-09T18:31:43+00:00","article_modified_time":"2021-06-09T18:42:09+00:00","og_image":[{"width":544,"height":603,"url":"https:\/\/regiaonews.net.br\/2022\/wp-content\/uploads\/2021\/06\/197441106_2875812206068080_9161606196891809055_n.jpg","type":"image\/jpeg"}],"author":"Roberto","twitter_card":"summary_large_image","twitter_misc":{"Escrito por":"Roberto","Est. tempo de leitura":"2 minutos"},"schema":{"@context":"https:\/\/schema.org","@graph":[{"@type":"Article","@id":"https:\/\/regiaonews.net.br\/2022\/2021\/06\/09\/dig-de-bebedouro-esclarece-autoria-do-crime-do-jovem-eliel\/#article","isPartOf":{"@id":"https:\/\/regiaonews.net.br\/2022\/2021\/06\/09\/dig-de-bebedouro-esclarece-autoria-do-crime-do-jovem-eliel\/"},"author":{"name":"Roberto","@id":"https:\/\/regiaonews.net.br\/2022\/#\/schema\/person\/2d205a608a5aa97ac279d7a5e6d89ad8"},"headline":"DIG de Bebedouro esclarece autoria do crime do jovem Eliel","datePublished":"2021-06-09T18:31:43+00:00","dateModified":"2021-06-09T18:42:09+00:00","mainEntityOfPage":{"@id":"https:\/\/regiaonews.net.br\/2022\/2021\/06\/09\/dig-de-bebedouro-esclarece-autoria-do-crime-do-jovem-eliel\/"},"wordCount":487,"commentCount":0,"publisher":{"@id":"https:\/\/regiaonews.net.br\/2022\/#organization"},"image":{"@id":"https:\/\/regiaonews.net.br\/2022\/2021\/06\/09\/dig-de-bebedouro-esclarece-autoria-do-crime-do-jovem-eliel\/#primaryimage"},"thumbnailUrl":"https:\/\/regiaonews.net.br\/2022\/wp-content\/uploads\/2021\/06\/197441106_2875812206068080_9161606196891809055_n.jpg","articleSection":["Bebedouro","Cidades","Pol\u00edtica"],"inLanguage":"pt-BR","potentialAction":[{"@type":"CommentAction","name":"Comment","target":["https:\/\/regiaonews.net.br\/2022\/2021\/06\/09\/dig-de-bebedouro-esclarece-autoria-do-crime-do-jovem-eliel\/#respond"]}]},{"@type":"WebPage","@id":"https:\/\/regiaonews.net.br\/2022\/2021\/06\/09\/dig-de-bebedouro-esclarece-autoria-do-crime-do-jovem-eliel\/","url":"https:\/\/regiaonews.net.br\/2022\/2021\/06\/09\/dig-de-bebedouro-esclarece-autoria-do-crime-do-jovem-eliel\/","name":"DIG de Bebedouro esclarece autoria do crime do jovem Eliel - Regi\u00e3o News","isPartOf":{"@id":"https:\/\/regiaonews.net.br\/2022\/#website"},"primaryImageOfPage":{"@id":"https:\/\/regiaonews.net.br\/2022\/2021\/06\/09\/dig-de-bebedouro-esclarece-autoria-do-crime-do-jovem-eliel\/#primaryimage"},"image":{"@id":"https:\/\/regiaonews.net.br\/2022\/2021\/06\/09\/dig-de-bebedouro-esclarece-autoria-do-crime-do-jovem-eliel\/#primaryimage"},"thumbnailUrl":"https:\/\/regiaonews.net.br\/2022\/wp-content\/uploads\/2021\/06\/197441106_2875812206068080_9161606196891809055_n.jpg","datePublished":"2021-06-09T18:31:43+00:00","dateModified":"2021-06-09T18:42:09+00:00","breadcrumb":{"@id":"https:\/\/regiaonews.net.br\/2022\/2021\/06\/09\/dig-de-bebedouro-esclarece-autoria-do-crime-do-jovem-eliel\/#breadcrumb"},"inLanguage":"pt-BR","potentialAction":[{"@type":"ReadAction","target":["https:\/\/regiaonews.net.br\/2022\/2021\/06\/09\/dig-de-bebedouro-esclarece-autoria-do-crime-do-jovem-eliel\/"]}]},{"@type":"ImageObject","inLanguage":"pt-BR","@id":"https:\/\/regiaonews.net.br\/2022\/2021\/06\/09\/dig-de-bebedouro-esclarece-autoria-do-crime-do-jovem-eliel\/#primaryimage","url":"https:\/\/regiaonews.net.br\/2022\/wp-content\/uploads\/2021\/06\/197441106_2875812206068080_9161606196891809055_n.jpg","contentUrl":"https:\/\/regiaonews.net.br\/2022\/wp-content\/uploads\/2021\/06\/197441106_2875812206068080_9161606196891809055_n.jpg","width":544,"height":603},{"@type":"BreadcrumbList","@id":"https:\/\/regiaonews.net.br\/2022\/2021\/06\/09\/dig-de-bebedouro-esclarece-autoria-do-crime-do-jovem-eliel\/#breadcrumb","itemListElement":[{"@type":"ListItem","position":1,"name":"In\u00edcio","item":"https:\/\/regiaonews.net.br\/2022\/"},{"@type":"ListItem","position":2,"name":"DIG de Bebedouro esclarece autoria do crime do jovem Eliel"}]},{"@type":"WebSite","@id":"https:\/\/regiaonews.net.br\/2022\/#website","url":"https:\/\/regiaonews.net.br\/2022\/","name":"Regi\u00e3o News","description":"Site de Not\u00edcias de Barretos e regi\u00e3o","publisher":{"@id":"https:\/\/regiaonews.net.br\/2022\/#organization"},"potentialAction":[{"@type":"SearchAction","target":{"@type":"EntryPoint","urlTemplate":"https:\/\/regiaonews.net.br\/2022\/?s={search_term_string}"},"query-input":{"@type":"PropertyValueSpecification","valueRequired":true,"valueName":"search_term_string"}}],"inLanguage":"pt-BR"},{"@type":"Organization","@id":"https:\/\/regiaonews.net.br\/2022\/#organization","name":"Regi\u00e3o News","url":"https:\/\/regiaonews.net.br\/2022\/","logo":{"@type":"ImageObject","inLanguage":"pt-BR","@id":"https:\/\/regiaonews.net.br\/2022\/#\/schema\/logo\/image\/","url":"https:\/\/regiaonews.net.br\/2022\/wp-content\/uploads\/2026\/03\/regiao-13-anos-scaled.jpg","contentUrl":"https:\/\/regiaonews.net.br\/2022\/wp-content\/uploads\/2026\/03\/regiao-13-anos-scaled.jpg","width":2560,"height":635,"caption":"Regi\u00e3o News"},"image":{"@id":"https:\/\/regiaonews.net.br\/2022\/#\/schema\/logo\/image\/"}},{"@type":"Person","@id":"https:\/\/regiaonews.net.br\/2022\/#\/schema\/person\/2d205a608a5aa97ac279d7a5e6d89ad8","name":"Roberto","image":{"@type":"ImageObject","inLanguage":"pt-BR","@id":"https:\/\/secure.gravatar.com\/avatar\/42749d8b712ff9d59ca93dc150494e5b55a44134482993f5baeb97e61b7ecc89?s=96&d=mm&r=g","url":"https:\/\/secure.gravatar.com\/avatar\/42749d8b712ff9d59ca93dc150494e5b55a44134482993f5baeb97e61b7ecc89?s=96&d=mm&r=g","contentUrl":"https:\/\/secure.gravatar.com\/avatar\/42749d8b712ff9d59ca93dc150494e5b55a44134482993f5baeb97e61b7ecc89?s=96&d=mm&r=g","caption":"Roberto"},"url":"https:\/\/regiaonews.net.br\/2022\/author\/roberto\/"}]}},"publishpress_future_action":{"enabled":false,"date":"2026-05-03 09:21:26","action":"change-status","newStatus":"draft","terms":[],"taxonomy":"category","extraData":[]},"publishpress_future_workflow_manual_trigger":{"enabledWorkflows":[]},"_links":{"self":[{"href":"https:\/\/regiaonews.net.br\/2022\/wp-json\/wp\/v2\/posts\/48318","targetHints":{"allow":["GET"]}}],"collection":[{"href":"https:\/\/regiaonews.net.br\/2022\/wp-json\/wp\/v2\/posts"}],"about":[{"href":"https:\/\/regiaonews.net.br\/2022\/wp-json\/wp\/v2\/types\/post"}],"author":[{"embeddable":true,"href":"https:\/\/regiaonews.net.br\/2022\/wp-json\/wp\/v2\/users\/2"}],"replies":[{"embeddable":true,"href":"https:\/\/regiaonews.net.br\/2022\/wp-json\/wp\/v2\/comments?post=48318"}],"version-history":[{"count":0,"href":"https:\/\/regiaonews.net.br\/2022\/wp-json\/wp\/v2\/posts\/48318\/revisions"}],"wp:featuredmedia":[{"embeddable":true,"href":"https:\/\/regiaonews.net.br\/2022\/wp-json\/wp\/v2\/media\/48198"}],"wp:attachment":[{"href":"https:\/\/regiaonews.net.br\/2022\/wp-json\/wp\/v2\/media?parent=48318"}],"wp:term":[{"taxonomy":"category","embeddable":true,"href":"https:\/\/regiaonews.net.br\/2022\/wp-json\/wp\/v2\/categories?post=48318"},{"taxonomy":"post_tag","embeddable":true,"href":"https:\/\/regiaonews.net.br\/2022\/wp-json\/wp\/v2\/tags?post=48318"}],"curies":[{"name":"wp","href":"https:\/\/api.w.org\/{rel}","templated":true}]}}