{"id":48315,"date":"2021-06-09T14:31:55","date_gmt":"2021-06-09T17:31:55","guid":{"rendered":"https:\/\/regiaonews.net.br\/2022\/?p=48315"},"modified":"2021-06-09T14:31:55","modified_gmt":"2021-06-09T17:31:55","slug":"apenas-55-milhoes-de-pessoas-se-vacinaram-contra-a-gripe-em-sao-paulo","status":"publish","type":"post","link":"https:\/\/regiaonews.net.br\/2022\/2021\/06\/09\/apenas-55-milhoes-de-pessoas-se-vacinaram-contra-a-gripe-em-sao-paulo\/","title":{"rendered":"Apenas 5,5 milh\u00f5es de pessoas se vacinaram contra a gripe em S\u00e3o Paulo"},"content":{"rendered":"<figure id=\"attachment_48316\" aria-describedby=\"caption-attachment-48316\" style=\"width: 300px\" class=\"wp-caption alignnone\"><a href=\"https:\/\/regiaonews.net.br\/2022\/wp-content\/uploads\/2021\/06\/tmazs_abr_04051915072.jpg\"><img loading=\"lazy\" decoding=\"async\" class=\"size-medium wp-image-48316\" src=\"https:\/\/regiaonews.net.br\/2022\/wp-content\/uploads\/2021\/06\/tmazs_abr_04051915072-300x179.jpg\" alt=\"\" width=\"300\" height=\"179\" \/><\/a><figcaption id=\"caption-attachment-48316\" class=\"wp-caption-text\">Dia D de vacina\u00e7\u00e3o contra a gripe no Leme, na zona sul do Rio de Janeiro.<\/figcaption><\/figure>\n<p>Cerca de 5,5 milh\u00f5es de pessoas foram vacinadas contra a gripe no estado de S\u00e3o Paulo. Com isso, o estado atingiu apenas 40% da meta de imunizar 13 milh\u00f5es nas primeiras duas fases da campanha de vacina\u00e7\u00e3o contra a Influenza. Apesar de estar abaixo da meta, a cobertura vacinal no estado \u00e9 superior \u00e0 m\u00e9dia nacional. Em todo o Brasil,\u00a0<a href=\"https:\/\/agenciabrasil.ebc.com.br\/saude\/noticia\/2021-06\/menos-de-30-comparecem-unidades-de-saude-para-tomar-vacina-da-gripe\" target=\"_blank\" rel=\"noopener\">menos de 30% do p\u00fablico-alvo compareceu a um posto de sa\u00fade para tomar a vacina de gripe este ano<\/a>.<img decoding=\"async\" src=\"https:\/\/agenciabrasil.ebc.com.br\/ebc.png?id=1412118&amp;o=node\" \/><img decoding=\"async\" src=\"https:\/\/agenciabrasil.ebc.com.br\/ebc.gif?id=1412118&amp;o=node\" \/><\/p>\n<p>Hoje (9), a campanha de vacina\u00e7\u00e3o contra a gripe entra na terceira etapa e come\u00e7a a atender novo p\u00fablico-alvo.<\/p>\n<p>At\u00e9 o dia 9 de julho devem ser vacinados 5,1 milh\u00f5es pessoas com comorbidades e com defici\u00eancia (f\u00edsica, auditiva, visual, intelectual e mental ou m\u00faltipla); caminhoneiros, trabalhadores portu\u00e1rios e de transporte coletivo; profissionais das for\u00e7as armadas, de seguran\u00e7a e salvamento e funcion\u00e1rios do sistema prisional; popula\u00e7\u00e3o privada de liberdade e jovens e adolescentes sob medidas socioeducativas.<\/p>\n<h2>Abaixo da meta<\/h2>\n<p>Na primeira fase, iniciada no dia 12 de abril, a campanha era destinada a vacinar 5,5 milh\u00f5es de crian\u00e7as, gestantes, profissionais da sa\u00fade e pu\u00e9rperas, al\u00e9m de ind\u00edgenas. Mas apenas 2,7 milh\u00f5es de pessoas desse p\u00fablico-alvo compareceram aos postos de sa\u00fade \u2013 1,79 milh\u00e3o de crian\u00e7as (54,4% de cobertura vacinal), 208,2 mil gestantes (47,6%), 683 mil profissionais da sa\u00fade (44%), 39,1 mil pu\u00e9rperas (54,4%) e 5,8 mil ind\u00edgenas (100%).<\/p>\n<p>Na segunda fase da campanha, terminada ontem, era a vez de imunizar 7,8 milh\u00f5es de idosos e professores, mas apenas 2,7 milh\u00f5es compareceram. Desses grupos, foram vacinados 2,5 milh\u00f5es de idosos (35,4%) e 195,2 mil professores (35,8%).<\/p>\n<p>De acordo com a Secretaria de Sa\u00fade, esses grupos podem continuar comparecendo aos postos mesmo com o in\u00edcio da terceira etapa da campanha, que se estende at\u00e9 o dia 9 de julho.<\/p>\n<p>\u201cContamos com a participa\u00e7\u00e3o dos nossos idosos e tamb\u00e9m dos professores para que se protejam contra o v\u00edrus Influenza. \u00c9 fundamental a conscientiza\u00e7\u00e3o de todos os p\u00fablicos da campanha para a vacina\u00e7\u00e3o&#8221;, refor\u00e7ou a diretora de Imuniza\u00e7\u00e3o da Secretaria, Nubia Ara\u00fajo.<\/p>\n<p>Segundo dados da secretaria, em 2020, foram registrados no estado de S\u00e3o Paulo, 809 casos de S\u00edndrome Respirat\u00f3ria Aguda Grave (SRAG) atribu\u00edveis ao v\u00edrus Influenza, com 119 \u00f3bitos.<\/p>\n<p>FONTE : Ag\u00eanciaBrasil<\/p>\n","protected":false},"excerpt":{"rendered":"<p>Cerca de 5,5 milh\u00f5es de pessoas foram vacinadas contra a<\/p>\n","protected":false},"author":2,"featured_media":48316,"comment_status":"open","ping_status":"open","sticky":false,"template":"","format":"standard","meta":{"footnotes":""},"categories":[25,7],"tags":[],"class_list":["post-48315","post","type-post","status-publish","format-standard","has-post-thumbnail","hentry","category-cidades","category-estado-de-sao-paulo"],"yoast_head":"<!-- This site is optimized with the Yoast SEO plugin v27.4 - https:\/\/yoast.com\/product\/yoast-seo-wordpress\/ -->\n<title>Apenas 5,5 milh\u00f5es de pessoas se vacinaram contra a gripe em S\u00e3o Paulo - Regi\u00e3o News<\/title>\n<meta name=\"robots\" content=\"index, follow, max-snippet:-1, max-image-preview:large, max-video-preview:-1\" \/>\n<link rel=\"canonical\" href=\"https:\/\/regiaonews.net.br\/2022\/2021\/06\/09\/apenas-55-milhoes-de-pessoas-se-vacinaram-contra-a-gripe-em-sao-paulo\/\" \/>\n<meta property=\"og:locale\" content=\"pt_BR\" \/>\n<meta property=\"og:type\" content=\"article\" \/>\n<meta property=\"og:title\" content=\"Apenas 5,5 milh\u00f5es de pessoas se vacinaram contra a gripe em S\u00e3o Paulo - Regi\u00e3o News\" \/>\n<meta property=\"og:description\" content=\"Cerca de 5,5 milh\u00f5es de pessoas foram vacinadas contra a\" \/>\n<meta property=\"og:url\" content=\"https:\/\/regiaonews.net.br\/2022\/2021\/06\/09\/apenas-55-milhoes-de-pessoas-se-vacinaram-contra-a-gripe-em-sao-paulo\/\" \/>\n<meta property=\"og:site_name\" content=\"Regi\u00e3o News\" \/>\n<meta property=\"article:published_time\" content=\"2021-06-09T17:31:55+00:00\" \/>\n<meta property=\"og:image\" content=\"https:\/\/regiaonews.net.br\/2022\/wp-content\/uploads\/2021\/06\/tmazs_abr_04051915072.jpg\" \/>\n\t<meta property=\"og:image:width\" content=\"1170\" \/>\n\t<meta property=\"og:image:height\" content=\"700\" \/>\n\t<meta property=\"og:image:type\" content=\"image\/jpeg\" \/>\n<meta name=\"author\" content=\"Roberto\" \/>\n<meta name=\"twitter:card\" content=\"summary_large_image\" \/>\n<meta name=\"twitter:label1\" content=\"Escrito por\" \/>\n\t<meta name=\"twitter:data1\" content=\"Roberto\" \/>\n\t<meta name=\"twitter:label2\" content=\"Est. tempo de leitura\" \/>\n\t<meta name=\"twitter:data2\" content=\"2 minutos\" \/>\n<script type=\"application\/ld+json\" class=\"yoast-schema-graph\">{\"@context\":\"https:\\\/\\\/schema.org\",\"@graph\":[{\"@type\":\"Article\",\"@id\":\"https:\\\/\\\/regiaonews.net.br\\\/2022\\\/2021\\\/06\\\/09\\\/apenas-55-milhoes-de-pessoas-se-vacinaram-contra-a-gripe-em-sao-paulo\\\/#article\",\"isPartOf\":{\"@id\":\"https:\\\/\\\/regiaonews.net.br\\\/2022\\\/2021\\\/06\\\/09\\\/apenas-55-milhoes-de-pessoas-se-vacinaram-contra-a-gripe-em-sao-paulo\\\/\"},\"author\":{\"name\":\"Roberto\",\"@id\":\"https:\\\/\\\/regiaonews.net.br\\\/2022\\\/#\\\/schema\\\/person\\\/2d205a608a5aa97ac279d7a5e6d89ad8\"},\"headline\":\"Apenas 5,5 milh\u00f5es de pessoas se vacinaram contra a gripe em S\u00e3o Paulo\",\"datePublished\":\"2021-06-09T17:31:55+00:00\",\"mainEntityOfPage\":{\"@id\":\"https:\\\/\\\/regiaonews.net.br\\\/2022\\\/2021\\\/06\\\/09\\\/apenas-55-milhoes-de-pessoas-se-vacinaram-contra-a-gripe-em-sao-paulo\\\/\"},\"wordCount\":423,\"commentCount\":0,\"publisher\":{\"@id\":\"https:\\\/\\\/regiaonews.net.br\\\/2022\\\/#organization\"},\"image\":{\"@id\":\"https:\\\/\\\/regiaonews.net.br\\\/2022\\\/2021\\\/06\\\/09\\\/apenas-55-milhoes-de-pessoas-se-vacinaram-contra-a-gripe-em-sao-paulo\\\/#primaryimage\"},\"thumbnailUrl\":\"https:\\\/\\\/regiaonews.net.br\\\/2022\\\/wp-content\\\/uploads\\\/2021\\\/06\\\/tmazs_abr_04051915072.jpg\",\"articleSection\":[\"Cidades\",\"Estado de S\u00e3o Paulo\"],\"inLanguage\":\"pt-BR\",\"potentialAction\":[{\"@type\":\"CommentAction\",\"name\":\"Comment\",\"target\":[\"https:\\\/\\\/regiaonews.net.br\\\/2022\\\/2021\\\/06\\\/09\\\/apenas-55-milhoes-de-pessoas-se-vacinaram-contra-a-gripe-em-sao-paulo\\\/#respond\"]}]},{\"@type\":\"WebPage\",\"@id\":\"https:\\\/\\\/regiaonews.net.br\\\/2022\\\/2021\\\/06\\\/09\\\/apenas-55-milhoes-de-pessoas-se-vacinaram-contra-a-gripe-em-sao-paulo\\\/\",\"url\":\"https:\\\/\\\/regiaonews.net.br\\\/2022\\\/2021\\\/06\\\/09\\\/apenas-55-milhoes-de-pessoas-se-vacinaram-contra-a-gripe-em-sao-paulo\\\/\",\"name\":\"Apenas 5,5 milh\u00f5es de pessoas se vacinaram contra a gripe em S\u00e3o Paulo - Regi\u00e3o News\",\"isPartOf\":{\"@id\":\"https:\\\/\\\/regiaonews.net.br\\\/2022\\\/#website\"},\"primaryImageOfPage\":{\"@id\":\"https:\\\/\\\/regiaonews.net.br\\\/2022\\\/2021\\\/06\\\/09\\\/apenas-55-milhoes-de-pessoas-se-vacinaram-contra-a-gripe-em-sao-paulo\\\/#primaryimage\"},\"image\":{\"@id\":\"https:\\\/\\\/regiaonews.net.br\\\/2022\\\/2021\\\/06\\\/09\\\/apenas-55-milhoes-de-pessoas-se-vacinaram-contra-a-gripe-em-sao-paulo\\\/#primaryimage\"},\"thumbnailUrl\":\"https:\\\/\\\/regiaonews.net.br\\\/2022\\\/wp-content\\\/uploads\\\/2021\\\/06\\\/tmazs_abr_04051915072.jpg\",\"datePublished\":\"2021-06-09T17:31:55+00:00\",\"breadcrumb\":{\"@id\":\"https:\\\/\\\/regiaonews.net.br\\\/2022\\\/2021\\\/06\\\/09\\\/apenas-55-milhoes-de-pessoas-se-vacinaram-contra-a-gripe-em-sao-paulo\\\/#breadcrumb\"},\"inLanguage\":\"pt-BR\",\"potentialAction\":[{\"@type\":\"ReadAction\",\"target\":[\"https:\\\/\\\/regiaonews.net.br\\\/2022\\\/2021\\\/06\\\/09\\\/apenas-55-milhoes-de-pessoas-se-vacinaram-contra-a-gripe-em-sao-paulo\\\/\"]}]},{\"@type\":\"ImageObject\",\"inLanguage\":\"pt-BR\",\"@id\":\"https:\\\/\\\/regiaonews.net.br\\\/2022\\\/2021\\\/06\\\/09\\\/apenas-55-milhoes-de-pessoas-se-vacinaram-contra-a-gripe-em-sao-paulo\\\/#primaryimage\",\"url\":\"https:\\\/\\\/regiaonews.net.br\\\/2022\\\/wp-content\\\/uploads\\\/2021\\\/06\\\/tmazs_abr_04051915072.jpg\",\"contentUrl\":\"https:\\\/\\\/regiaonews.net.br\\\/2022\\\/wp-content\\\/uploads\\\/2021\\\/06\\\/tmazs_abr_04051915072.jpg\",\"width\":1170,\"height\":700,\"caption\":\"Dia D de vacina\u00e7\u00e3o contra a gripe no Leme, na zona sul do Rio de Janeiro.\"},{\"@type\":\"BreadcrumbList\",\"@id\":\"https:\\\/\\\/regiaonews.net.br\\\/2022\\\/2021\\\/06\\\/09\\\/apenas-55-milhoes-de-pessoas-se-vacinaram-contra-a-gripe-em-sao-paulo\\\/#breadcrumb\",\"itemListElement\":[{\"@type\":\"ListItem\",\"position\":1,\"name\":\"In\u00edcio\",\"item\":\"https:\\\/\\\/regiaonews.net.br\\\/2022\\\/\"},{\"@type\":\"ListItem\",\"position\":2,\"name\":\"Apenas 5,5 milh\u00f5es de pessoas se vacinaram contra a gripe em S\u00e3o Paulo\"}]},{\"@type\":\"WebSite\",\"@id\":\"https:\\\/\\\/regiaonews.net.br\\\/2022\\\/#website\",\"url\":\"https:\\\/\\\/regiaonews.net.br\\\/2022\\\/\",\"name\":\"Regi\u00e3o News\",\"description\":\"Site de Not\u00edcias de Barretos e regi\u00e3o\",\"publisher\":{\"@id\":\"https:\\\/\\\/regiaonews.net.br\\\/2022\\\/#organization\"},\"potentialAction\":[{\"@type\":\"SearchAction\",\"target\":{\"@type\":\"EntryPoint\",\"urlTemplate\":\"https:\\\/\\\/regiaonews.net.br\\\/2022\\\/?s={search_term_string}\"},\"query-input\":{\"@type\":\"PropertyValueSpecification\",\"valueRequired\":true,\"valueName\":\"search_term_string\"}}],\"inLanguage\":\"pt-BR\"},{\"@type\":\"Organization\",\"@id\":\"https:\\\/\\\/regiaonews.net.br\\\/2022\\\/#organization\",\"name\":\"Regi\u00e3o News\",\"url\":\"https:\\\/\\\/regiaonews.net.br\\\/2022\\\/\",\"logo\":{\"@type\":\"ImageObject\",\"inLanguage\":\"pt-BR\",\"@id\":\"https:\\\/\\\/regiaonews.net.br\\\/2022\\\/#\\\/schema\\\/logo\\\/image\\\/\",\"url\":\"https:\\\/\\\/regiaonews.net.br\\\/2022\\\/wp-content\\\/uploads\\\/2026\\\/03\\\/regiao-13-anos-scaled.jpg\",\"contentUrl\":\"https:\\\/\\\/regiaonews.net.br\\\/2022\\\/wp-content\\\/uploads\\\/2026\\\/03\\\/regiao-13-anos-scaled.jpg\",\"width\":2560,\"height\":635,\"caption\":\"Regi\u00e3o News\"},\"image\":{\"@id\":\"https:\\\/\\\/regiaonews.net.br\\\/2022\\\/#\\\/schema\\\/logo\\\/image\\\/\"}},{\"@type\":\"Person\",\"@id\":\"https:\\\/\\\/regiaonews.net.br\\\/2022\\\/#\\\/schema\\\/person\\\/2d205a608a5aa97ac279d7a5e6d89ad8\",\"name\":\"Roberto\",\"image\":{\"@type\":\"ImageObject\",\"inLanguage\":\"pt-BR\",\"@id\":\"https:\\\/\\\/secure.gravatar.com\\\/avatar\\\/42749d8b712ff9d59ca93dc150494e5b55a44134482993f5baeb97e61b7ecc89?s=96&d=mm&r=g\",\"url\":\"https:\\\/\\\/secure.gravatar.com\\\/avatar\\\/42749d8b712ff9d59ca93dc150494e5b55a44134482993f5baeb97e61b7ecc89?s=96&d=mm&r=g\",\"contentUrl\":\"https:\\\/\\\/secure.gravatar.com\\\/avatar\\\/42749d8b712ff9d59ca93dc150494e5b55a44134482993f5baeb97e61b7ecc89?s=96&d=mm&r=g\",\"caption\":\"Roberto\"},\"url\":\"https:\\\/\\\/regiaonews.net.br\\\/2022\\\/author\\\/roberto\\\/\"}]}<\/script>\n<!-- \/ Yoast SEO plugin. -->","yoast_head_json":{"title":"Apenas 5,5 milh\u00f5es de pessoas se vacinaram contra a gripe em S\u00e3o Paulo - Regi\u00e3o News","robots":{"index":"index","follow":"follow","max-snippet":"max-snippet:-1","max-image-preview":"max-image-preview:large","max-video-preview":"max-video-preview:-1"},"canonical":"https:\/\/regiaonews.net.br\/2022\/2021\/06\/09\/apenas-55-milhoes-de-pessoas-se-vacinaram-contra-a-gripe-em-sao-paulo\/","og_locale":"pt_BR","og_type":"article","og_title":"Apenas 5,5 milh\u00f5es de pessoas se vacinaram contra a gripe em S\u00e3o Paulo - Regi\u00e3o News","og_description":"Cerca de 5,5 milh\u00f5es de pessoas foram vacinadas contra a","og_url":"https:\/\/regiaonews.net.br\/2022\/2021\/06\/09\/apenas-55-milhoes-de-pessoas-se-vacinaram-contra-a-gripe-em-sao-paulo\/","og_site_name":"Regi\u00e3o News","article_published_time":"2021-06-09T17:31:55+00:00","og_image":[{"width":1170,"height":700,"url":"https:\/\/regiaonews.net.br\/2022\/wp-content\/uploads\/2021\/06\/tmazs_abr_04051915072.jpg","type":"image\/jpeg"}],"author":"Roberto","twitter_card":"summary_large_image","twitter_misc":{"Escrito por":"Roberto","Est. tempo de leitura":"2 minutos"},"schema":{"@context":"https:\/\/schema.org","@graph":[{"@type":"Article","@id":"https:\/\/regiaonews.net.br\/2022\/2021\/06\/09\/apenas-55-milhoes-de-pessoas-se-vacinaram-contra-a-gripe-em-sao-paulo\/#article","isPartOf":{"@id":"https:\/\/regiaonews.net.br\/2022\/2021\/06\/09\/apenas-55-milhoes-de-pessoas-se-vacinaram-contra-a-gripe-em-sao-paulo\/"},"author":{"name":"Roberto","@id":"https:\/\/regiaonews.net.br\/2022\/#\/schema\/person\/2d205a608a5aa97ac279d7a5e6d89ad8"},"headline":"Apenas 5,5 milh\u00f5es de pessoas se vacinaram contra a gripe em S\u00e3o Paulo","datePublished":"2021-06-09T17:31:55+00:00","mainEntityOfPage":{"@id":"https:\/\/regiaonews.net.br\/2022\/2021\/06\/09\/apenas-55-milhoes-de-pessoas-se-vacinaram-contra-a-gripe-em-sao-paulo\/"},"wordCount":423,"commentCount":0,"publisher":{"@id":"https:\/\/regiaonews.net.br\/2022\/#organization"},"image":{"@id":"https:\/\/regiaonews.net.br\/2022\/2021\/06\/09\/apenas-55-milhoes-de-pessoas-se-vacinaram-contra-a-gripe-em-sao-paulo\/#primaryimage"},"thumbnailUrl":"https:\/\/regiaonews.net.br\/2022\/wp-content\/uploads\/2021\/06\/tmazs_abr_04051915072.jpg","articleSection":["Cidades","Estado de S\u00e3o Paulo"],"inLanguage":"pt-BR","potentialAction":[{"@type":"CommentAction","name":"Comment","target":["https:\/\/regiaonews.net.br\/2022\/2021\/06\/09\/apenas-55-milhoes-de-pessoas-se-vacinaram-contra-a-gripe-em-sao-paulo\/#respond"]}]},{"@type":"WebPage","@id":"https:\/\/regiaonews.net.br\/2022\/2021\/06\/09\/apenas-55-milhoes-de-pessoas-se-vacinaram-contra-a-gripe-em-sao-paulo\/","url":"https:\/\/regiaonews.net.br\/2022\/2021\/06\/09\/apenas-55-milhoes-de-pessoas-se-vacinaram-contra-a-gripe-em-sao-paulo\/","name":"Apenas 5,5 milh\u00f5es de pessoas se vacinaram contra a gripe em S\u00e3o Paulo - Regi\u00e3o News","isPartOf":{"@id":"https:\/\/regiaonews.net.br\/2022\/#website"},"primaryImageOfPage":{"@id":"https:\/\/regiaonews.net.br\/2022\/2021\/06\/09\/apenas-55-milhoes-de-pessoas-se-vacinaram-contra-a-gripe-em-sao-paulo\/#primaryimage"},"image":{"@id":"https:\/\/regiaonews.net.br\/2022\/2021\/06\/09\/apenas-55-milhoes-de-pessoas-se-vacinaram-contra-a-gripe-em-sao-paulo\/#primaryimage"},"thumbnailUrl":"https:\/\/regiaonews.net.br\/2022\/wp-content\/uploads\/2021\/06\/tmazs_abr_04051915072.jpg","datePublished":"2021-06-09T17:31:55+00:00","breadcrumb":{"@id":"https:\/\/regiaonews.net.br\/2022\/2021\/06\/09\/apenas-55-milhoes-de-pessoas-se-vacinaram-contra-a-gripe-em-sao-paulo\/#breadcrumb"},"inLanguage":"pt-BR","potentialAction":[{"@type":"ReadAction","target":["https:\/\/regiaonews.net.br\/2022\/2021\/06\/09\/apenas-55-milhoes-de-pessoas-se-vacinaram-contra-a-gripe-em-sao-paulo\/"]}]},{"@type":"ImageObject","inLanguage":"pt-BR","@id":"https:\/\/regiaonews.net.br\/2022\/2021\/06\/09\/apenas-55-milhoes-de-pessoas-se-vacinaram-contra-a-gripe-em-sao-paulo\/#primaryimage","url":"https:\/\/regiaonews.net.br\/2022\/wp-content\/uploads\/2021\/06\/tmazs_abr_04051915072.jpg","contentUrl":"https:\/\/regiaonews.net.br\/2022\/wp-content\/uploads\/2021\/06\/tmazs_abr_04051915072.jpg","width":1170,"height":700,"caption":"Dia D de vacina\u00e7\u00e3o contra a gripe no Leme, na zona sul do Rio de Janeiro."},{"@type":"BreadcrumbList","@id":"https:\/\/regiaonews.net.br\/2022\/2021\/06\/09\/apenas-55-milhoes-de-pessoas-se-vacinaram-contra-a-gripe-em-sao-paulo\/#breadcrumb","itemListElement":[{"@type":"ListItem","position":1,"name":"In\u00edcio","item":"https:\/\/regiaonews.net.br\/2022\/"},{"@type":"ListItem","position":2,"name":"Apenas 5,5 milh\u00f5es de pessoas se vacinaram contra a gripe em S\u00e3o Paulo"}]},{"@type":"WebSite","@id":"https:\/\/regiaonews.net.br\/2022\/#website","url":"https:\/\/regiaonews.net.br\/2022\/","name":"Regi\u00e3o News","description":"Site de Not\u00edcias de Barretos e regi\u00e3o","publisher":{"@id":"https:\/\/regiaonews.net.br\/2022\/#organization"},"potentialAction":[{"@type":"SearchAction","target":{"@type":"EntryPoint","urlTemplate":"https:\/\/regiaonews.net.br\/2022\/?s={search_term_string}"},"query-input":{"@type":"PropertyValueSpecification","valueRequired":true,"valueName":"search_term_string"}}],"inLanguage":"pt-BR"},{"@type":"Organization","@id":"https:\/\/regiaonews.net.br\/2022\/#organization","name":"Regi\u00e3o News","url":"https:\/\/regiaonews.net.br\/2022\/","logo":{"@type":"ImageObject","inLanguage":"pt-BR","@id":"https:\/\/regiaonews.net.br\/2022\/#\/schema\/logo\/image\/","url":"https:\/\/regiaonews.net.br\/2022\/wp-content\/uploads\/2026\/03\/regiao-13-anos-scaled.jpg","contentUrl":"https:\/\/regiaonews.net.br\/2022\/wp-content\/uploads\/2026\/03\/regiao-13-anos-scaled.jpg","width":2560,"height":635,"caption":"Regi\u00e3o News"},"image":{"@id":"https:\/\/regiaonews.net.br\/2022\/#\/schema\/logo\/image\/"}},{"@type":"Person","@id":"https:\/\/regiaonews.net.br\/2022\/#\/schema\/person\/2d205a608a5aa97ac279d7a5e6d89ad8","name":"Roberto","image":{"@type":"ImageObject","inLanguage":"pt-BR","@id":"https:\/\/secure.gravatar.com\/avatar\/42749d8b712ff9d59ca93dc150494e5b55a44134482993f5baeb97e61b7ecc89?s=96&d=mm&r=g","url":"https:\/\/secure.gravatar.com\/avatar\/42749d8b712ff9d59ca93dc150494e5b55a44134482993f5baeb97e61b7ecc89?s=96&d=mm&r=g","contentUrl":"https:\/\/secure.gravatar.com\/avatar\/42749d8b712ff9d59ca93dc150494e5b55a44134482993f5baeb97e61b7ecc89?s=96&d=mm&r=g","caption":"Roberto"},"url":"https:\/\/regiaonews.net.br\/2022\/author\/roberto\/"}]}},"publishpress_future_action":{"enabled":false,"date":"2026-05-03 12:05:55","action":"change-status","newStatus":"draft","terms":[],"taxonomy":"category","extraData":[]},"publishpress_future_workflow_manual_trigger":{"enabledWorkflows":[]},"_links":{"self":[{"href":"https:\/\/regiaonews.net.br\/2022\/wp-json\/wp\/v2\/posts\/48315","targetHints":{"allow":["GET"]}}],"collection":[{"href":"https:\/\/regiaonews.net.br\/2022\/wp-json\/wp\/v2\/posts"}],"about":[{"href":"https:\/\/regiaonews.net.br\/2022\/wp-json\/wp\/v2\/types\/post"}],"author":[{"embeddable":true,"href":"https:\/\/regiaonews.net.br\/2022\/wp-json\/wp\/v2\/users\/2"}],"replies":[{"embeddable":true,"href":"https:\/\/regiaonews.net.br\/2022\/wp-json\/wp\/v2\/comments?post=48315"}],"version-history":[{"count":0,"href":"https:\/\/regiaonews.net.br\/2022\/wp-json\/wp\/v2\/posts\/48315\/revisions"}],"wp:featuredmedia":[{"embeddable":true,"href":"https:\/\/regiaonews.net.br\/2022\/wp-json\/wp\/v2\/media\/48316"}],"wp:attachment":[{"href":"https:\/\/regiaonews.net.br\/2022\/wp-json\/wp\/v2\/media?parent=48315"}],"wp:term":[{"taxonomy":"category","embeddable":true,"href":"https:\/\/regiaonews.net.br\/2022\/wp-json\/wp\/v2\/categories?post=48315"},{"taxonomy":"post_tag","embeddable":true,"href":"https:\/\/regiaonews.net.br\/2022\/wp-json\/wp\/v2\/tags?post=48315"}],"curies":[{"name":"wp","href":"https:\/\/api.w.org\/{rel}","templated":true}]}}