{"id":48311,"date":"2021-06-09T14:22:43","date_gmt":"2021-06-09T17:22:43","guid":{"rendered":"https:\/\/regiaonews.net.br\/2022\/?p=48311"},"modified":"2021-06-09T14:22:43","modified_gmt":"2021-06-09T17:22:43","slug":"governo-de-sp-antecipa-datas-de-vacinacao-contra-covid-19-para-toda-a-populacao-adulta-veja-novo-calendario","status":"publish","type":"post","link":"https:\/\/regiaonews.net.br\/2022\/2021\/06\/09\/governo-de-sp-antecipa-datas-de-vacinacao-contra-covid-19-para-toda-a-populacao-adulta-veja-novo-calendario\/","title":{"rendered":"Governo de SP antecipa datas de vacina\u00e7\u00e3o contra Covid-19 para toda a popula\u00e7\u00e3o adulta; veja novo calend\u00e1rio"},"content":{"rendered":"<p><a href=\"https:\/\/regiaonews.net.br\/2022\/wp-content\/uploads\/2021\/06\/asi20210402003.jpg\"><img loading=\"lazy\" decoding=\"async\" class=\"alignnone size-medium wp-image-48312\" src=\"https:\/\/regiaonews.net.br\/2022\/wp-content\/uploads\/2021\/06\/asi20210402003-300x200.jpg\" alt=\"\" width=\"300\" height=\"200\" \/><\/a><\/p>\n<div class=\"mc-column content-text active-extra-styles \" data-block-type=\"unstyled\" data-block-weight=\"42\" data-block-id=\"2\">\n<p class=\"content-text__container \" data-track-category=\"Link no Texto\" data-track-links=\"\">O governo de\u00a0<a href=\"https:\/\/g1.globo.com\/sp\/sao-paulo\/\">S\u00e3o Paulo\u00a0<\/a>anunciou nesta quarta-feira (9) que\u00a0<span class=\"highlight highlighted\">vai antecipar a vacina\u00e7\u00e3o<\/span>\u00a0contra\u00a0<a href=\"https:\/\/g1.globo.com\/bemestar\/coronavirus\/\">Covid-19<\/a>\u00a0do p\u00fablico geral, por faixa et\u00e1ria, e tamb\u00e9m de diversos grupos priorit\u00e1rios, como\u00a0<a href=\"https:\/\/g1.globo.com\/sp\/sao-paulo\/noticia\/2021\/06\/09\/sp-antecipa-para-sexta-feira-vacinacao-contra-covid-de-profissionais-da-educacao-basica-de-18-a-44-anos.ghtml\">trabalhadores da educa\u00e7\u00e3o<\/a>\u00a0e pessoas com defici\u00eancia permanente (<strong><em>veja o novo calend\u00e1rio abaixo<\/em><\/strong>).<\/p>\n<\/div>\n<div class=\"wall protected-content\">\n<div class=\"mc-column content-text active-extra-styles \" data-block-type=\"unstyled\" data-block-weight=\"57\" data-block-id=\"3\">\n<p class=\"content-text__container \" data-track-category=\"Link no Texto\" data-track-links=\"\">Em m\u00e9dia, cada faixa et\u00e1ria teve sua proje\u00e7\u00e3o de\u00a0<span class=\"highlight highlighted\">vacina\u00e7\u00e3o antecipada em cerca de 15 dias<\/span>, em compara\u00e7\u00e3o com o<a href=\"https:\/\/g1.globo.com\/sp\/sao-paulo\/noticia\/2021\/06\/02\/vacinacao-contra-a-covid-em-sao-paulo-governo-divulga-calendario-para-todas-as-pessoas-acima-de-18-anos.ghtml\">\u00a0calend\u00e1rio divulgado anteriormente<\/a>. Segundo o cronograma estadual, o objetivo \u00e9 que\u00a0<span class=\"highlight highlighted\">toda a popula\u00e7\u00e3o com mais de 18 anos tenha recebido ao menos uma dose de vacina contra o coronav\u00edrus at\u00e9 o dia 18 de outubro<\/span>.<\/p>\n<\/div>\n<div class=\"mc-column content-text active-extra-styles \" data-block-type=\"unstyled\" data-block-weight=\"5\" data-block-id=\"4\">\n<p class=\"content-text__container \" data-track-category=\"Link no Texto\" data-track-links=\"\"><strong>Veja o novo calend\u00e1rio:<\/strong><\/p>\n<\/div>\n<div class=\"mc-column content-text active-extra-styles\" data-block-type=\"raw\" data-block-weight=\"150\" data-block-id=\"5\">\n<p class=\"content-text__container\">\n<ul class=\"content-unordered-list\">\n<li>Trabalhadores da\u00a0<strong>Educa\u00e7\u00e3o B\u00e1sica com 45 e 46 anos<\/strong>: 9 de junho<\/li>\n<li><strong>Gestantes e pu\u00e9rperas<\/strong>\u00a0sem comorbidades acima de 18 anos: 10 de junho<\/li>\n<li>Pessoas com\u00a0<strong>defici\u00eancia permanente<\/strong>\u00a0(sem BPC): 10 de junho<\/li>\n<li>Trabalhadores da\u00a0<strong>Educa\u00e7\u00e3o B\u00e1sica<\/strong>\u00a0de 18 a 44 anos: 11 de junho<\/li>\n<li>Pessoas de<strong>\u00a055 a 59 anos<\/strong>: 16 de junho a 8 de julho<\/li>\n<li>Pessoas com\u00a0<strong>54 anos<\/strong>: 9 a 19 de julho<\/li>\n<li>Pessoas com\u00a0<strong>50 a 53 anos<\/strong>: 20 de julho a 3 de agosto<\/li>\n<li>Pessoas com\u00a0<strong>45 a 49 anos<\/strong>: 4 a 18 de agosto<\/li>\n<li>Pessoas com<strong>\u00a040 a 44 anos<\/strong>: 19 a 28 de agosto<\/li>\n<li>Pessoas com\u00a0<strong>35 a 39 anos<\/strong>: 29 de agosto a 7 de setembro<\/li>\n<li>Pessoas de\u00a0<strong>30 a 34 anos<\/strong>: 8 a 17 de setembro<\/li>\n<li>Pessoas de\u00a0<strong>25 a 29 anos<\/strong>: 18 a 27 de setembro<\/li>\n<li>Pessoas de\u00a0<strong>18 a 24 anos<\/strong>: 28 de setembro a 18 de outubro<\/li>\n<\/ul>\n<p>fonte : g1<\/p>\n<\/div>\n<\/div>\n","protected":false},"excerpt":{"rendered":"<p>O governo de\u00a0S\u00e3o Paulo\u00a0anunciou nesta quarta-feira (9) que\u00a0vai antecipar a<\/p>\n","protected":false},"author":2,"featured_media":48312,"comment_status":"open","ping_status":"open","sticky":false,"template":"","format":"standard","meta":{"footnotes":""},"categories":[25,7],"tags":[],"class_list":["post-48311","post","type-post","status-publish","format-standard","has-post-thumbnail","hentry","category-cidades","category-estado-de-sao-paulo"],"yoast_head":"<!-- This site is optimized with the Yoast SEO plugin v27.4 - https:\/\/yoast.com\/product\/yoast-seo-wordpress\/ -->\n<title>Governo de SP antecipa datas de vacina\u00e7\u00e3o contra Covid-19 para toda a popula\u00e7\u00e3o adulta; veja novo calend\u00e1rio - Regi\u00e3o News<\/title>\n<meta name=\"robots\" content=\"index, follow, max-snippet:-1, max-image-preview:large, max-video-preview:-1\" \/>\n<link rel=\"canonical\" href=\"https:\/\/regiaonews.net.br\/2022\/2021\/06\/09\/governo-de-sp-antecipa-datas-de-vacinacao-contra-covid-19-para-toda-a-populacao-adulta-veja-novo-calendario\/\" \/>\n<meta property=\"og:locale\" content=\"pt_BR\" \/>\n<meta property=\"og:type\" content=\"article\" \/>\n<meta property=\"og:title\" content=\"Governo de SP antecipa datas de vacina\u00e7\u00e3o contra Covid-19 para toda a popula\u00e7\u00e3o adulta; veja novo calend\u00e1rio - Regi\u00e3o News\" \/>\n<meta property=\"og:description\" content=\"O governo de\u00a0S\u00e3o Paulo\u00a0anunciou nesta quarta-feira (9) que\u00a0vai antecipar a\" \/>\n<meta property=\"og:url\" content=\"https:\/\/regiaonews.net.br\/2022\/2021\/06\/09\/governo-de-sp-antecipa-datas-de-vacinacao-contra-covid-19-para-toda-a-populacao-adulta-veja-novo-calendario\/\" \/>\n<meta property=\"og:site_name\" content=\"Regi\u00e3o News\" \/>\n<meta property=\"article:published_time\" content=\"2021-06-09T17:22:43+00:00\" \/>\n<meta property=\"og:image\" content=\"https:\/\/regiaonews.net.br\/2022\/wp-content\/uploads\/2021\/06\/asi20210402003.jpg\" \/>\n\t<meta property=\"og:image:width\" content=\"984\" \/>\n\t<meta property=\"og:image:height\" content=\"655\" \/>\n\t<meta property=\"og:image:type\" content=\"image\/jpeg\" \/>\n<meta name=\"author\" content=\"Roberto\" \/>\n<meta name=\"twitter:card\" content=\"summary_large_image\" \/>\n<meta name=\"twitter:label1\" content=\"Escrito por\" \/>\n\t<meta name=\"twitter:data1\" content=\"Roberto\" \/>\n\t<meta name=\"twitter:label2\" content=\"Est. tempo de leitura\" \/>\n\t<meta name=\"twitter:data2\" content=\"1 minuto\" \/>\n<script type=\"application\/ld+json\" class=\"yoast-schema-graph\">{\"@context\":\"https:\\\/\\\/schema.org\",\"@graph\":[{\"@type\":\"Article\",\"@id\":\"https:\\\/\\\/regiaonews.net.br\\\/2022\\\/2021\\\/06\\\/09\\\/governo-de-sp-antecipa-datas-de-vacinacao-contra-covid-19-para-toda-a-populacao-adulta-veja-novo-calendario\\\/#article\",\"isPartOf\":{\"@id\":\"https:\\\/\\\/regiaonews.net.br\\\/2022\\\/2021\\\/06\\\/09\\\/governo-de-sp-antecipa-datas-de-vacinacao-contra-covid-19-para-toda-a-populacao-adulta-veja-novo-calendario\\\/\"},\"author\":{\"name\":\"Roberto\",\"@id\":\"https:\\\/\\\/regiaonews.net.br\\\/2022\\\/#\\\/schema\\\/person\\\/2d205a608a5aa97ac279d7a5e6d89ad8\"},\"headline\":\"Governo de SP antecipa datas de vacina\u00e7\u00e3o contra Covid-19 para toda a popula\u00e7\u00e3o adulta; veja novo calend\u00e1rio\",\"datePublished\":\"2021-06-09T17:22:43+00:00\",\"mainEntityOfPage\":{\"@id\":\"https:\\\/\\\/regiaonews.net.br\\\/2022\\\/2021\\\/06\\\/09\\\/governo-de-sp-antecipa-datas-de-vacinacao-contra-covid-19-para-toda-a-populacao-adulta-veja-novo-calendario\\\/\"},\"wordCount\":249,\"commentCount\":0,\"publisher\":{\"@id\":\"https:\\\/\\\/regiaonews.net.br\\\/2022\\\/#organization\"},\"image\":{\"@id\":\"https:\\\/\\\/regiaonews.net.br\\\/2022\\\/2021\\\/06\\\/09\\\/governo-de-sp-antecipa-datas-de-vacinacao-contra-covid-19-para-toda-a-populacao-adulta-veja-novo-calendario\\\/#primaryimage\"},\"thumbnailUrl\":\"https:\\\/\\\/regiaonews.net.br\\\/2022\\\/wp-content\\\/uploads\\\/2021\\\/06\\\/asi20210402003.jpg\",\"articleSection\":[\"Cidades\",\"Estado de S\u00e3o Paulo\"],\"inLanguage\":\"pt-BR\",\"potentialAction\":[{\"@type\":\"CommentAction\",\"name\":\"Comment\",\"target\":[\"https:\\\/\\\/regiaonews.net.br\\\/2022\\\/2021\\\/06\\\/09\\\/governo-de-sp-antecipa-datas-de-vacinacao-contra-covid-19-para-toda-a-populacao-adulta-veja-novo-calendario\\\/#respond\"]}]},{\"@type\":\"WebPage\",\"@id\":\"https:\\\/\\\/regiaonews.net.br\\\/2022\\\/2021\\\/06\\\/09\\\/governo-de-sp-antecipa-datas-de-vacinacao-contra-covid-19-para-toda-a-populacao-adulta-veja-novo-calendario\\\/\",\"url\":\"https:\\\/\\\/regiaonews.net.br\\\/2022\\\/2021\\\/06\\\/09\\\/governo-de-sp-antecipa-datas-de-vacinacao-contra-covid-19-para-toda-a-populacao-adulta-veja-novo-calendario\\\/\",\"name\":\"Governo de SP antecipa datas de vacina\u00e7\u00e3o contra Covid-19 para toda a popula\u00e7\u00e3o adulta; veja novo calend\u00e1rio - Regi\u00e3o News\",\"isPartOf\":{\"@id\":\"https:\\\/\\\/regiaonews.net.br\\\/2022\\\/#website\"},\"primaryImageOfPage\":{\"@id\":\"https:\\\/\\\/regiaonews.net.br\\\/2022\\\/2021\\\/06\\\/09\\\/governo-de-sp-antecipa-datas-de-vacinacao-contra-covid-19-para-toda-a-populacao-adulta-veja-novo-calendario\\\/#primaryimage\"},\"image\":{\"@id\":\"https:\\\/\\\/regiaonews.net.br\\\/2022\\\/2021\\\/06\\\/09\\\/governo-de-sp-antecipa-datas-de-vacinacao-contra-covid-19-para-toda-a-populacao-adulta-veja-novo-calendario\\\/#primaryimage\"},\"thumbnailUrl\":\"https:\\\/\\\/regiaonews.net.br\\\/2022\\\/wp-content\\\/uploads\\\/2021\\\/06\\\/asi20210402003.jpg\",\"datePublished\":\"2021-06-09T17:22:43+00:00\",\"breadcrumb\":{\"@id\":\"https:\\\/\\\/regiaonews.net.br\\\/2022\\\/2021\\\/06\\\/09\\\/governo-de-sp-antecipa-datas-de-vacinacao-contra-covid-19-para-toda-a-populacao-adulta-veja-novo-calendario\\\/#breadcrumb\"},\"inLanguage\":\"pt-BR\",\"potentialAction\":[{\"@type\":\"ReadAction\",\"target\":[\"https:\\\/\\\/regiaonews.net.br\\\/2022\\\/2021\\\/06\\\/09\\\/governo-de-sp-antecipa-datas-de-vacinacao-contra-covid-19-para-toda-a-populacao-adulta-veja-novo-calendario\\\/\"]}]},{\"@type\":\"ImageObject\",\"inLanguage\":\"pt-BR\",\"@id\":\"https:\\\/\\\/regiaonews.net.br\\\/2022\\\/2021\\\/06\\\/09\\\/governo-de-sp-antecipa-datas-de-vacinacao-contra-covid-19-para-toda-a-populacao-adulta-veja-novo-calendario\\\/#primaryimage\",\"url\":\"https:\\\/\\\/regiaonews.net.br\\\/2022\\\/wp-content\\\/uploads\\\/2021\\\/06\\\/asi20210402003.jpg\",\"contentUrl\":\"https:\\\/\\\/regiaonews.net.br\\\/2022\\\/wp-content\\\/uploads\\\/2021\\\/06\\\/asi20210402003.jpg\",\"width\":984,\"height\":655},{\"@type\":\"BreadcrumbList\",\"@id\":\"https:\\\/\\\/regiaonews.net.br\\\/2022\\\/2021\\\/06\\\/09\\\/governo-de-sp-antecipa-datas-de-vacinacao-contra-covid-19-para-toda-a-populacao-adulta-veja-novo-calendario\\\/#breadcrumb\",\"itemListElement\":[{\"@type\":\"ListItem\",\"position\":1,\"name\":\"In\u00edcio\",\"item\":\"https:\\\/\\\/regiaonews.net.br\\\/2022\\\/\"},{\"@type\":\"ListItem\",\"position\":2,\"name\":\"Governo de SP antecipa datas de vacina\u00e7\u00e3o contra Covid-19 para toda a popula\u00e7\u00e3o adulta; veja novo calend\u00e1rio\"}]},{\"@type\":\"WebSite\",\"@id\":\"https:\\\/\\\/regiaonews.net.br\\\/2022\\\/#website\",\"url\":\"https:\\\/\\\/regiaonews.net.br\\\/2022\\\/\",\"name\":\"Regi\u00e3o News\",\"description\":\"Site de Not\u00edcias de Barretos e regi\u00e3o\",\"publisher\":{\"@id\":\"https:\\\/\\\/regiaonews.net.br\\\/2022\\\/#organization\"},\"potentialAction\":[{\"@type\":\"SearchAction\",\"target\":{\"@type\":\"EntryPoint\",\"urlTemplate\":\"https:\\\/\\\/regiaonews.net.br\\\/2022\\\/?s={search_term_string}\"},\"query-input\":{\"@type\":\"PropertyValueSpecification\",\"valueRequired\":true,\"valueName\":\"search_term_string\"}}],\"inLanguage\":\"pt-BR\"},{\"@type\":\"Organization\",\"@id\":\"https:\\\/\\\/regiaonews.net.br\\\/2022\\\/#organization\",\"name\":\"Regi\u00e3o News\",\"url\":\"https:\\\/\\\/regiaonews.net.br\\\/2022\\\/\",\"logo\":{\"@type\":\"ImageObject\",\"inLanguage\":\"pt-BR\",\"@id\":\"https:\\\/\\\/regiaonews.net.br\\\/2022\\\/#\\\/schema\\\/logo\\\/image\\\/\",\"url\":\"https:\\\/\\\/regiaonews.net.br\\\/2022\\\/wp-content\\\/uploads\\\/2026\\\/03\\\/regiao-13-anos-scaled.jpg\",\"contentUrl\":\"https:\\\/\\\/regiaonews.net.br\\\/2022\\\/wp-content\\\/uploads\\\/2026\\\/03\\\/regiao-13-anos-scaled.jpg\",\"width\":2560,\"height\":635,\"caption\":\"Regi\u00e3o News\"},\"image\":{\"@id\":\"https:\\\/\\\/regiaonews.net.br\\\/2022\\\/#\\\/schema\\\/logo\\\/image\\\/\"}},{\"@type\":\"Person\",\"@id\":\"https:\\\/\\\/regiaonews.net.br\\\/2022\\\/#\\\/schema\\\/person\\\/2d205a608a5aa97ac279d7a5e6d89ad8\",\"name\":\"Roberto\",\"image\":{\"@type\":\"ImageObject\",\"inLanguage\":\"pt-BR\",\"@id\":\"https:\\\/\\\/secure.gravatar.com\\\/avatar\\\/42749d8b712ff9d59ca93dc150494e5b55a44134482993f5baeb97e61b7ecc89?s=96&d=mm&r=g\",\"url\":\"https:\\\/\\\/secure.gravatar.com\\\/avatar\\\/42749d8b712ff9d59ca93dc150494e5b55a44134482993f5baeb97e61b7ecc89?s=96&d=mm&r=g\",\"contentUrl\":\"https:\\\/\\\/secure.gravatar.com\\\/avatar\\\/42749d8b712ff9d59ca93dc150494e5b55a44134482993f5baeb97e61b7ecc89?s=96&d=mm&r=g\",\"caption\":\"Roberto\"},\"url\":\"https:\\\/\\\/regiaonews.net.br\\\/2022\\\/author\\\/roberto\\\/\"}]}<\/script>\n<!-- \/ Yoast SEO plugin. -->","yoast_head_json":{"title":"Governo de SP antecipa datas de vacina\u00e7\u00e3o contra Covid-19 para toda a popula\u00e7\u00e3o adulta; veja novo calend\u00e1rio - Regi\u00e3o News","robots":{"index":"index","follow":"follow","max-snippet":"max-snippet:-1","max-image-preview":"max-image-preview:large","max-video-preview":"max-video-preview:-1"},"canonical":"https:\/\/regiaonews.net.br\/2022\/2021\/06\/09\/governo-de-sp-antecipa-datas-de-vacinacao-contra-covid-19-para-toda-a-populacao-adulta-veja-novo-calendario\/","og_locale":"pt_BR","og_type":"article","og_title":"Governo de SP antecipa datas de vacina\u00e7\u00e3o contra Covid-19 para toda a popula\u00e7\u00e3o adulta; veja novo calend\u00e1rio - Regi\u00e3o News","og_description":"O governo de\u00a0S\u00e3o Paulo\u00a0anunciou nesta quarta-feira (9) que\u00a0vai antecipar a","og_url":"https:\/\/regiaonews.net.br\/2022\/2021\/06\/09\/governo-de-sp-antecipa-datas-de-vacinacao-contra-covid-19-para-toda-a-populacao-adulta-veja-novo-calendario\/","og_site_name":"Regi\u00e3o News","article_published_time":"2021-06-09T17:22:43+00:00","og_image":[{"width":984,"height":655,"url":"https:\/\/regiaonews.net.br\/2022\/wp-content\/uploads\/2021\/06\/asi20210402003.jpg","type":"image\/jpeg"}],"author":"Roberto","twitter_card":"summary_large_image","twitter_misc":{"Escrito por":"Roberto","Est. tempo de leitura":"1 minuto"},"schema":{"@context":"https:\/\/schema.org","@graph":[{"@type":"Article","@id":"https:\/\/regiaonews.net.br\/2022\/2021\/06\/09\/governo-de-sp-antecipa-datas-de-vacinacao-contra-covid-19-para-toda-a-populacao-adulta-veja-novo-calendario\/#article","isPartOf":{"@id":"https:\/\/regiaonews.net.br\/2022\/2021\/06\/09\/governo-de-sp-antecipa-datas-de-vacinacao-contra-covid-19-para-toda-a-populacao-adulta-veja-novo-calendario\/"},"author":{"name":"Roberto","@id":"https:\/\/regiaonews.net.br\/2022\/#\/schema\/person\/2d205a608a5aa97ac279d7a5e6d89ad8"},"headline":"Governo de SP antecipa datas de vacina\u00e7\u00e3o contra Covid-19 para toda a popula\u00e7\u00e3o adulta; veja novo calend\u00e1rio","datePublished":"2021-06-09T17:22:43+00:00","mainEntityOfPage":{"@id":"https:\/\/regiaonews.net.br\/2022\/2021\/06\/09\/governo-de-sp-antecipa-datas-de-vacinacao-contra-covid-19-para-toda-a-populacao-adulta-veja-novo-calendario\/"},"wordCount":249,"commentCount":0,"publisher":{"@id":"https:\/\/regiaonews.net.br\/2022\/#organization"},"image":{"@id":"https:\/\/regiaonews.net.br\/2022\/2021\/06\/09\/governo-de-sp-antecipa-datas-de-vacinacao-contra-covid-19-para-toda-a-populacao-adulta-veja-novo-calendario\/#primaryimage"},"thumbnailUrl":"https:\/\/regiaonews.net.br\/2022\/wp-content\/uploads\/2021\/06\/asi20210402003.jpg","articleSection":["Cidades","Estado de S\u00e3o Paulo"],"inLanguage":"pt-BR","potentialAction":[{"@type":"CommentAction","name":"Comment","target":["https:\/\/regiaonews.net.br\/2022\/2021\/06\/09\/governo-de-sp-antecipa-datas-de-vacinacao-contra-covid-19-para-toda-a-populacao-adulta-veja-novo-calendario\/#respond"]}]},{"@type":"WebPage","@id":"https:\/\/regiaonews.net.br\/2022\/2021\/06\/09\/governo-de-sp-antecipa-datas-de-vacinacao-contra-covid-19-para-toda-a-populacao-adulta-veja-novo-calendario\/","url":"https:\/\/regiaonews.net.br\/2022\/2021\/06\/09\/governo-de-sp-antecipa-datas-de-vacinacao-contra-covid-19-para-toda-a-populacao-adulta-veja-novo-calendario\/","name":"Governo de SP antecipa datas de vacina\u00e7\u00e3o contra Covid-19 para toda a popula\u00e7\u00e3o adulta; veja novo calend\u00e1rio - Regi\u00e3o News","isPartOf":{"@id":"https:\/\/regiaonews.net.br\/2022\/#website"},"primaryImageOfPage":{"@id":"https:\/\/regiaonews.net.br\/2022\/2021\/06\/09\/governo-de-sp-antecipa-datas-de-vacinacao-contra-covid-19-para-toda-a-populacao-adulta-veja-novo-calendario\/#primaryimage"},"image":{"@id":"https:\/\/regiaonews.net.br\/2022\/2021\/06\/09\/governo-de-sp-antecipa-datas-de-vacinacao-contra-covid-19-para-toda-a-populacao-adulta-veja-novo-calendario\/#primaryimage"},"thumbnailUrl":"https:\/\/regiaonews.net.br\/2022\/wp-content\/uploads\/2021\/06\/asi20210402003.jpg","datePublished":"2021-06-09T17:22:43+00:00","breadcrumb":{"@id":"https:\/\/regiaonews.net.br\/2022\/2021\/06\/09\/governo-de-sp-antecipa-datas-de-vacinacao-contra-covid-19-para-toda-a-populacao-adulta-veja-novo-calendario\/#breadcrumb"},"inLanguage":"pt-BR","potentialAction":[{"@type":"ReadAction","target":["https:\/\/regiaonews.net.br\/2022\/2021\/06\/09\/governo-de-sp-antecipa-datas-de-vacinacao-contra-covid-19-para-toda-a-populacao-adulta-veja-novo-calendario\/"]}]},{"@type":"ImageObject","inLanguage":"pt-BR","@id":"https:\/\/regiaonews.net.br\/2022\/2021\/06\/09\/governo-de-sp-antecipa-datas-de-vacinacao-contra-covid-19-para-toda-a-populacao-adulta-veja-novo-calendario\/#primaryimage","url":"https:\/\/regiaonews.net.br\/2022\/wp-content\/uploads\/2021\/06\/asi20210402003.jpg","contentUrl":"https:\/\/regiaonews.net.br\/2022\/wp-content\/uploads\/2021\/06\/asi20210402003.jpg","width":984,"height":655},{"@type":"BreadcrumbList","@id":"https:\/\/regiaonews.net.br\/2022\/2021\/06\/09\/governo-de-sp-antecipa-datas-de-vacinacao-contra-covid-19-para-toda-a-populacao-adulta-veja-novo-calendario\/#breadcrumb","itemListElement":[{"@type":"ListItem","position":1,"name":"In\u00edcio","item":"https:\/\/regiaonews.net.br\/2022\/"},{"@type":"ListItem","position":2,"name":"Governo de SP antecipa datas de vacina\u00e7\u00e3o contra Covid-19 para toda a popula\u00e7\u00e3o adulta; veja novo calend\u00e1rio"}]},{"@type":"WebSite","@id":"https:\/\/regiaonews.net.br\/2022\/#website","url":"https:\/\/regiaonews.net.br\/2022\/","name":"Regi\u00e3o News","description":"Site de Not\u00edcias de Barretos e regi\u00e3o","publisher":{"@id":"https:\/\/regiaonews.net.br\/2022\/#organization"},"potentialAction":[{"@type":"SearchAction","target":{"@type":"EntryPoint","urlTemplate":"https:\/\/regiaonews.net.br\/2022\/?s={search_term_string}"},"query-input":{"@type":"PropertyValueSpecification","valueRequired":true,"valueName":"search_term_string"}}],"inLanguage":"pt-BR"},{"@type":"Organization","@id":"https:\/\/regiaonews.net.br\/2022\/#organization","name":"Regi\u00e3o News","url":"https:\/\/regiaonews.net.br\/2022\/","logo":{"@type":"ImageObject","inLanguage":"pt-BR","@id":"https:\/\/regiaonews.net.br\/2022\/#\/schema\/logo\/image\/","url":"https:\/\/regiaonews.net.br\/2022\/wp-content\/uploads\/2026\/03\/regiao-13-anos-scaled.jpg","contentUrl":"https:\/\/regiaonews.net.br\/2022\/wp-content\/uploads\/2026\/03\/regiao-13-anos-scaled.jpg","width":2560,"height":635,"caption":"Regi\u00e3o News"},"image":{"@id":"https:\/\/regiaonews.net.br\/2022\/#\/schema\/logo\/image\/"}},{"@type":"Person","@id":"https:\/\/regiaonews.net.br\/2022\/#\/schema\/person\/2d205a608a5aa97ac279d7a5e6d89ad8","name":"Roberto","image":{"@type":"ImageObject","inLanguage":"pt-BR","@id":"https:\/\/secure.gravatar.com\/avatar\/42749d8b712ff9d59ca93dc150494e5b55a44134482993f5baeb97e61b7ecc89?s=96&d=mm&r=g","url":"https:\/\/secure.gravatar.com\/avatar\/42749d8b712ff9d59ca93dc150494e5b55a44134482993f5baeb97e61b7ecc89?s=96&d=mm&r=g","contentUrl":"https:\/\/secure.gravatar.com\/avatar\/42749d8b712ff9d59ca93dc150494e5b55a44134482993f5baeb97e61b7ecc89?s=96&d=mm&r=g","caption":"Roberto"},"url":"https:\/\/regiaonews.net.br\/2022\/author\/roberto\/"}]}},"publishpress_future_action":{"enabled":false,"date":"2026-05-03 12:34:30","action":"change-status","newStatus":"draft","terms":[],"taxonomy":"category","extraData":[]},"publishpress_future_workflow_manual_trigger":{"enabledWorkflows":[]},"_links":{"self":[{"href":"https:\/\/regiaonews.net.br\/2022\/wp-json\/wp\/v2\/posts\/48311","targetHints":{"allow":["GET"]}}],"collection":[{"href":"https:\/\/regiaonews.net.br\/2022\/wp-json\/wp\/v2\/posts"}],"about":[{"href":"https:\/\/regiaonews.net.br\/2022\/wp-json\/wp\/v2\/types\/post"}],"author":[{"embeddable":true,"href":"https:\/\/regiaonews.net.br\/2022\/wp-json\/wp\/v2\/users\/2"}],"replies":[{"embeddable":true,"href":"https:\/\/regiaonews.net.br\/2022\/wp-json\/wp\/v2\/comments?post=48311"}],"version-history":[{"count":0,"href":"https:\/\/regiaonews.net.br\/2022\/wp-json\/wp\/v2\/posts\/48311\/revisions"}],"wp:featuredmedia":[{"embeddable":true,"href":"https:\/\/regiaonews.net.br\/2022\/wp-json\/wp\/v2\/media\/48312"}],"wp:attachment":[{"href":"https:\/\/regiaonews.net.br\/2022\/wp-json\/wp\/v2\/media?parent=48311"}],"wp:term":[{"taxonomy":"category","embeddable":true,"href":"https:\/\/regiaonews.net.br\/2022\/wp-json\/wp\/v2\/categories?post=48311"},{"taxonomy":"post_tag","embeddable":true,"href":"https:\/\/regiaonews.net.br\/2022\/wp-json\/wp\/v2\/tags?post=48311"}],"curies":[{"name":"wp","href":"https:\/\/api.w.org\/{rel}","templated":true}]}}