{"id":48287,"date":"2021-06-08T23:02:21","date_gmt":"2021-06-09T02:02:21","guid":{"rendered":"https:\/\/regiaonews.net.br\/2022\/?p=48287"},"modified":"2021-06-08T23:02:21","modified_gmt":"2021-06-09T02:02:21","slug":"autoridades-confirmam-manutencao-de-leitos-do-hospital-nossa-senhora","status":"publish","type":"post","link":"https:\/\/regiaonews.net.br\/2022\/2021\/06\/08\/autoridades-confirmam-manutencao-de-leitos-do-hospital-nossa-senhora\/","title":{"rendered":"Autoridades confirmam manuten\u00e7\u00e3o de leitos do Hospital Nossa Senhora"},"content":{"rendered":"<p><a href=\"https:\/\/regiaonews.net.br\/2022\/wp-content\/uploads\/2021\/06\/IMG-20210608-WA0340.jpg\"><img loading=\"lazy\" decoding=\"async\" class=\"alignnone size-medium wp-image-48288\" src=\"https:\/\/regiaonews.net.br\/2022\/wp-content\/uploads\/2021\/06\/IMG-20210608-WA0340-300x193.jpg\" alt=\"\" width=\"300\" height=\"193\" \/><\/a><\/p>\n<p>&nbsp;<\/p>\n<p>No final da tarde de ontem (8), a prefeita Paula Lemos, acompanhada do presidente do Hospital do Amor, Henrique Prata, prefeito de Bebedouro, Lucas Seren e o deputado federal, Geninho Zuliani, se reuniram com o vice-governador de S\u00e3o Paulo, Rodrigo Garcia, onde discutiram a libera\u00e7\u00e3o de recursos para manuten\u00e7\u00e3o em funcionamento dos leitos de UTI do Hospital Nossa Senhora, que vem atendendo pacientes de Barretos e regi\u00e3o pelo SUS. A previs\u00e3o da dire\u00e7\u00e3o do Hospital do Amor era fechar a unidade neste m\u00eas de junho, devido \u00e0 falta de recursos.<br \/>\nO deputado federal Geninho Zuliani (DEM) comemorou a boa not\u00edcia. \u201cA gente sabe das dificuldades que os gestores est\u00e3o enfrentando com o aumento dos custos para manter a sa\u00fade p\u00fablica. Ent\u00e3o eu agrade\u00e7o ao vice-governador Rodrigo Garcia e ao governador Joao Doria por estar mais uma vez acudindo nossa regi\u00e3o\u201d, afirmou.<br \/>\nO gestor Henrique Prata, presidente da Funda\u00e7\u00e3o Pio XII, enalteceu o empenho de Paula Lemos pela manuten\u00e7\u00e3o dos leitos e comentou que \u00e9 um al\u00edvio para a cidade de Barretos e para toda a regi\u00e3o poder manter o atendimento da UTI do Hospital Nossa Senhora.<br \/>\nJ\u00e1 a prefeita de Barretos, Paula Lemos, agradeceu a todos e ressaltou que \u201cS\u00f3 juntos conseguiremos passar por essa pandemia. Estamos aqui lutando pelos leitos, mas \u00e9 importante que cada um de n\u00f3s fa\u00e7amos a nossa parte. Eu tenho certeza que, sob a prote\u00e7\u00e3o de Deus, venceremos essa batalha\u201d, pontuou.<\/p>\n","protected":false},"excerpt":{"rendered":"<p>&nbsp; No final da tarde de ontem (8), a prefeita<\/p>\n","protected":false},"author":2,"featured_media":48288,"comment_status":"open","ping_status":"open","sticky":false,"template":"","format":"standard","meta":{"footnotes":""},"categories":[25,29],"tags":[],"class_list":["post-48287","post","type-post","status-publish","format-standard","has-post-thumbnail","hentry","category-cidades","category-sao-paulo"],"yoast_head":"<!-- This site is optimized with the Yoast SEO plugin v27.4 - https:\/\/yoast.com\/product\/yoast-seo-wordpress\/ -->\n<title>Autoridades confirmam manuten\u00e7\u00e3o de leitos do Hospital Nossa Senhora - Regi\u00e3o News<\/title>\n<meta name=\"robots\" content=\"index, follow, max-snippet:-1, max-image-preview:large, max-video-preview:-1\" \/>\n<link rel=\"canonical\" href=\"https:\/\/regiaonews.net.br\/2022\/2021\/06\/08\/autoridades-confirmam-manutencao-de-leitos-do-hospital-nossa-senhora\/\" \/>\n<meta property=\"og:locale\" content=\"pt_BR\" \/>\n<meta property=\"og:type\" content=\"article\" \/>\n<meta property=\"og:title\" content=\"Autoridades confirmam manuten\u00e7\u00e3o de leitos do Hospital Nossa Senhora - Regi\u00e3o News\" \/>\n<meta property=\"og:description\" content=\"&nbsp; No final da tarde de ontem (8), a prefeita\" \/>\n<meta property=\"og:url\" content=\"https:\/\/regiaonews.net.br\/2022\/2021\/06\/08\/autoridades-confirmam-manutencao-de-leitos-do-hospital-nossa-senhora\/\" \/>\n<meta property=\"og:site_name\" content=\"Regi\u00e3o News\" \/>\n<meta property=\"article:published_time\" content=\"2021-06-09T02:02:21+00:00\" \/>\n<meta property=\"og:image\" content=\"https:\/\/regiaonews.net.br\/2022\/wp-content\/uploads\/2021\/06\/IMG-20210608-WA0340.jpg\" \/>\n\t<meta property=\"og:image:width\" content=\"1280\" \/>\n\t<meta property=\"og:image:height\" content=\"823\" \/>\n\t<meta property=\"og:image:type\" content=\"image\/jpeg\" \/>\n<meta name=\"author\" content=\"Roberto\" \/>\n<meta name=\"twitter:card\" content=\"summary_large_image\" \/>\n<meta name=\"twitter:label1\" content=\"Escrito por\" \/>\n\t<meta name=\"twitter:data1\" content=\"Roberto\" \/>\n\t<meta name=\"twitter:label2\" content=\"Est. tempo de leitura\" \/>\n\t<meta name=\"twitter:data2\" content=\"1 minuto\" \/>\n<script type=\"application\/ld+json\" class=\"yoast-schema-graph\">{\"@context\":\"https:\\\/\\\/schema.org\",\"@graph\":[{\"@type\":\"Article\",\"@id\":\"https:\\\/\\\/regiaonews.net.br\\\/2022\\\/2021\\\/06\\\/08\\\/autoridades-confirmam-manutencao-de-leitos-do-hospital-nossa-senhora\\\/#article\",\"isPartOf\":{\"@id\":\"https:\\\/\\\/regiaonews.net.br\\\/2022\\\/2021\\\/06\\\/08\\\/autoridades-confirmam-manutencao-de-leitos-do-hospital-nossa-senhora\\\/\"},\"author\":{\"name\":\"Roberto\",\"@id\":\"https:\\\/\\\/regiaonews.net.br\\\/2022\\\/#\\\/schema\\\/person\\\/2d205a608a5aa97ac279d7a5e6d89ad8\"},\"headline\":\"Autoridades confirmam manuten\u00e7\u00e3o de leitos do Hospital Nossa Senhora\",\"datePublished\":\"2021-06-09T02:02:21+00:00\",\"mainEntityOfPage\":{\"@id\":\"https:\\\/\\\/regiaonews.net.br\\\/2022\\\/2021\\\/06\\\/08\\\/autoridades-confirmam-manutencao-de-leitos-do-hospital-nossa-senhora\\\/\"},\"wordCount\":264,\"commentCount\":0,\"publisher\":{\"@id\":\"https:\\\/\\\/regiaonews.net.br\\\/2022\\\/#organization\"},\"image\":{\"@id\":\"https:\\\/\\\/regiaonews.net.br\\\/2022\\\/2021\\\/06\\\/08\\\/autoridades-confirmam-manutencao-de-leitos-do-hospital-nossa-senhora\\\/#primaryimage\"},\"thumbnailUrl\":\"https:\\\/\\\/regiaonews.net.br\\\/2022\\\/wp-content\\\/uploads\\\/2021\\\/06\\\/IMG-20210608-WA0340.jpg\",\"articleSection\":[\"Cidades\",\"S\u00e3o Paulo\"],\"inLanguage\":\"pt-BR\",\"potentialAction\":[{\"@type\":\"CommentAction\",\"name\":\"Comment\",\"target\":[\"https:\\\/\\\/regiaonews.net.br\\\/2022\\\/2021\\\/06\\\/08\\\/autoridades-confirmam-manutencao-de-leitos-do-hospital-nossa-senhora\\\/#respond\"]}]},{\"@type\":\"WebPage\",\"@id\":\"https:\\\/\\\/regiaonews.net.br\\\/2022\\\/2021\\\/06\\\/08\\\/autoridades-confirmam-manutencao-de-leitos-do-hospital-nossa-senhora\\\/\",\"url\":\"https:\\\/\\\/regiaonews.net.br\\\/2022\\\/2021\\\/06\\\/08\\\/autoridades-confirmam-manutencao-de-leitos-do-hospital-nossa-senhora\\\/\",\"name\":\"Autoridades confirmam manuten\u00e7\u00e3o de leitos do Hospital Nossa Senhora - Regi\u00e3o News\",\"isPartOf\":{\"@id\":\"https:\\\/\\\/regiaonews.net.br\\\/2022\\\/#website\"},\"primaryImageOfPage\":{\"@id\":\"https:\\\/\\\/regiaonews.net.br\\\/2022\\\/2021\\\/06\\\/08\\\/autoridades-confirmam-manutencao-de-leitos-do-hospital-nossa-senhora\\\/#primaryimage\"},\"image\":{\"@id\":\"https:\\\/\\\/regiaonews.net.br\\\/2022\\\/2021\\\/06\\\/08\\\/autoridades-confirmam-manutencao-de-leitos-do-hospital-nossa-senhora\\\/#primaryimage\"},\"thumbnailUrl\":\"https:\\\/\\\/regiaonews.net.br\\\/2022\\\/wp-content\\\/uploads\\\/2021\\\/06\\\/IMG-20210608-WA0340.jpg\",\"datePublished\":\"2021-06-09T02:02:21+00:00\",\"breadcrumb\":{\"@id\":\"https:\\\/\\\/regiaonews.net.br\\\/2022\\\/2021\\\/06\\\/08\\\/autoridades-confirmam-manutencao-de-leitos-do-hospital-nossa-senhora\\\/#breadcrumb\"},\"inLanguage\":\"pt-BR\",\"potentialAction\":[{\"@type\":\"ReadAction\",\"target\":[\"https:\\\/\\\/regiaonews.net.br\\\/2022\\\/2021\\\/06\\\/08\\\/autoridades-confirmam-manutencao-de-leitos-do-hospital-nossa-senhora\\\/\"]}]},{\"@type\":\"ImageObject\",\"inLanguage\":\"pt-BR\",\"@id\":\"https:\\\/\\\/regiaonews.net.br\\\/2022\\\/2021\\\/06\\\/08\\\/autoridades-confirmam-manutencao-de-leitos-do-hospital-nossa-senhora\\\/#primaryimage\",\"url\":\"https:\\\/\\\/regiaonews.net.br\\\/2022\\\/wp-content\\\/uploads\\\/2021\\\/06\\\/IMG-20210608-WA0340.jpg\",\"contentUrl\":\"https:\\\/\\\/regiaonews.net.br\\\/2022\\\/wp-content\\\/uploads\\\/2021\\\/06\\\/IMG-20210608-WA0340.jpg\",\"width\":1280,\"height\":823},{\"@type\":\"BreadcrumbList\",\"@id\":\"https:\\\/\\\/regiaonews.net.br\\\/2022\\\/2021\\\/06\\\/08\\\/autoridades-confirmam-manutencao-de-leitos-do-hospital-nossa-senhora\\\/#breadcrumb\",\"itemListElement\":[{\"@type\":\"ListItem\",\"position\":1,\"name\":\"In\u00edcio\",\"item\":\"https:\\\/\\\/regiaonews.net.br\\\/2022\\\/\"},{\"@type\":\"ListItem\",\"position\":2,\"name\":\"Autoridades confirmam manuten\u00e7\u00e3o de leitos do Hospital Nossa Senhora\"}]},{\"@type\":\"WebSite\",\"@id\":\"https:\\\/\\\/regiaonews.net.br\\\/2022\\\/#website\",\"url\":\"https:\\\/\\\/regiaonews.net.br\\\/2022\\\/\",\"name\":\"Regi\u00e3o News\",\"description\":\"Site de Not\u00edcias de Barretos e regi\u00e3o\",\"publisher\":{\"@id\":\"https:\\\/\\\/regiaonews.net.br\\\/2022\\\/#organization\"},\"potentialAction\":[{\"@type\":\"SearchAction\",\"target\":{\"@type\":\"EntryPoint\",\"urlTemplate\":\"https:\\\/\\\/regiaonews.net.br\\\/2022\\\/?s={search_term_string}\"},\"query-input\":{\"@type\":\"PropertyValueSpecification\",\"valueRequired\":true,\"valueName\":\"search_term_string\"}}],\"inLanguage\":\"pt-BR\"},{\"@type\":\"Organization\",\"@id\":\"https:\\\/\\\/regiaonews.net.br\\\/2022\\\/#organization\",\"name\":\"Regi\u00e3o News\",\"url\":\"https:\\\/\\\/regiaonews.net.br\\\/2022\\\/\",\"logo\":{\"@type\":\"ImageObject\",\"inLanguage\":\"pt-BR\",\"@id\":\"https:\\\/\\\/regiaonews.net.br\\\/2022\\\/#\\\/schema\\\/logo\\\/image\\\/\",\"url\":\"https:\\\/\\\/regiaonews.net.br\\\/2022\\\/wp-content\\\/uploads\\\/2026\\\/03\\\/regiao-13-anos-scaled.jpg\",\"contentUrl\":\"https:\\\/\\\/regiaonews.net.br\\\/2022\\\/wp-content\\\/uploads\\\/2026\\\/03\\\/regiao-13-anos-scaled.jpg\",\"width\":2560,\"height\":635,\"caption\":\"Regi\u00e3o News\"},\"image\":{\"@id\":\"https:\\\/\\\/regiaonews.net.br\\\/2022\\\/#\\\/schema\\\/logo\\\/image\\\/\"}},{\"@type\":\"Person\",\"@id\":\"https:\\\/\\\/regiaonews.net.br\\\/2022\\\/#\\\/schema\\\/person\\\/2d205a608a5aa97ac279d7a5e6d89ad8\",\"name\":\"Roberto\",\"image\":{\"@type\":\"ImageObject\",\"inLanguage\":\"pt-BR\",\"@id\":\"https:\\\/\\\/secure.gravatar.com\\\/avatar\\\/42749d8b712ff9d59ca93dc150494e5b55a44134482993f5baeb97e61b7ecc89?s=96&d=mm&r=g\",\"url\":\"https:\\\/\\\/secure.gravatar.com\\\/avatar\\\/42749d8b712ff9d59ca93dc150494e5b55a44134482993f5baeb97e61b7ecc89?s=96&d=mm&r=g\",\"contentUrl\":\"https:\\\/\\\/secure.gravatar.com\\\/avatar\\\/42749d8b712ff9d59ca93dc150494e5b55a44134482993f5baeb97e61b7ecc89?s=96&d=mm&r=g\",\"caption\":\"Roberto\"},\"url\":\"https:\\\/\\\/regiaonews.net.br\\\/2022\\\/author\\\/roberto\\\/\"}]}<\/script>\n<!-- \/ Yoast SEO plugin. -->","yoast_head_json":{"title":"Autoridades confirmam manuten\u00e7\u00e3o de leitos do Hospital Nossa Senhora - Regi\u00e3o News","robots":{"index":"index","follow":"follow","max-snippet":"max-snippet:-1","max-image-preview":"max-image-preview:large","max-video-preview":"max-video-preview:-1"},"canonical":"https:\/\/regiaonews.net.br\/2022\/2021\/06\/08\/autoridades-confirmam-manutencao-de-leitos-do-hospital-nossa-senhora\/","og_locale":"pt_BR","og_type":"article","og_title":"Autoridades confirmam manuten\u00e7\u00e3o de leitos do Hospital Nossa Senhora - Regi\u00e3o News","og_description":"&nbsp; No final da tarde de ontem (8), a prefeita","og_url":"https:\/\/regiaonews.net.br\/2022\/2021\/06\/08\/autoridades-confirmam-manutencao-de-leitos-do-hospital-nossa-senhora\/","og_site_name":"Regi\u00e3o News","article_published_time":"2021-06-09T02:02:21+00:00","og_image":[{"width":1280,"height":823,"url":"https:\/\/regiaonews.net.br\/2022\/wp-content\/uploads\/2021\/06\/IMG-20210608-WA0340.jpg","type":"image\/jpeg"}],"author":"Roberto","twitter_card":"summary_large_image","twitter_misc":{"Escrito por":"Roberto","Est. tempo de leitura":"1 minuto"},"schema":{"@context":"https:\/\/schema.org","@graph":[{"@type":"Article","@id":"https:\/\/regiaonews.net.br\/2022\/2021\/06\/08\/autoridades-confirmam-manutencao-de-leitos-do-hospital-nossa-senhora\/#article","isPartOf":{"@id":"https:\/\/regiaonews.net.br\/2022\/2021\/06\/08\/autoridades-confirmam-manutencao-de-leitos-do-hospital-nossa-senhora\/"},"author":{"name":"Roberto","@id":"https:\/\/regiaonews.net.br\/2022\/#\/schema\/person\/2d205a608a5aa97ac279d7a5e6d89ad8"},"headline":"Autoridades confirmam manuten\u00e7\u00e3o de leitos do Hospital Nossa Senhora","datePublished":"2021-06-09T02:02:21+00:00","mainEntityOfPage":{"@id":"https:\/\/regiaonews.net.br\/2022\/2021\/06\/08\/autoridades-confirmam-manutencao-de-leitos-do-hospital-nossa-senhora\/"},"wordCount":264,"commentCount":0,"publisher":{"@id":"https:\/\/regiaonews.net.br\/2022\/#organization"},"image":{"@id":"https:\/\/regiaonews.net.br\/2022\/2021\/06\/08\/autoridades-confirmam-manutencao-de-leitos-do-hospital-nossa-senhora\/#primaryimage"},"thumbnailUrl":"https:\/\/regiaonews.net.br\/2022\/wp-content\/uploads\/2021\/06\/IMG-20210608-WA0340.jpg","articleSection":["Cidades","S\u00e3o Paulo"],"inLanguage":"pt-BR","potentialAction":[{"@type":"CommentAction","name":"Comment","target":["https:\/\/regiaonews.net.br\/2022\/2021\/06\/08\/autoridades-confirmam-manutencao-de-leitos-do-hospital-nossa-senhora\/#respond"]}]},{"@type":"WebPage","@id":"https:\/\/regiaonews.net.br\/2022\/2021\/06\/08\/autoridades-confirmam-manutencao-de-leitos-do-hospital-nossa-senhora\/","url":"https:\/\/regiaonews.net.br\/2022\/2021\/06\/08\/autoridades-confirmam-manutencao-de-leitos-do-hospital-nossa-senhora\/","name":"Autoridades confirmam manuten\u00e7\u00e3o de leitos do Hospital Nossa Senhora - Regi\u00e3o News","isPartOf":{"@id":"https:\/\/regiaonews.net.br\/2022\/#website"},"primaryImageOfPage":{"@id":"https:\/\/regiaonews.net.br\/2022\/2021\/06\/08\/autoridades-confirmam-manutencao-de-leitos-do-hospital-nossa-senhora\/#primaryimage"},"image":{"@id":"https:\/\/regiaonews.net.br\/2022\/2021\/06\/08\/autoridades-confirmam-manutencao-de-leitos-do-hospital-nossa-senhora\/#primaryimage"},"thumbnailUrl":"https:\/\/regiaonews.net.br\/2022\/wp-content\/uploads\/2021\/06\/IMG-20210608-WA0340.jpg","datePublished":"2021-06-09T02:02:21+00:00","breadcrumb":{"@id":"https:\/\/regiaonews.net.br\/2022\/2021\/06\/08\/autoridades-confirmam-manutencao-de-leitos-do-hospital-nossa-senhora\/#breadcrumb"},"inLanguage":"pt-BR","potentialAction":[{"@type":"ReadAction","target":["https:\/\/regiaonews.net.br\/2022\/2021\/06\/08\/autoridades-confirmam-manutencao-de-leitos-do-hospital-nossa-senhora\/"]}]},{"@type":"ImageObject","inLanguage":"pt-BR","@id":"https:\/\/regiaonews.net.br\/2022\/2021\/06\/08\/autoridades-confirmam-manutencao-de-leitos-do-hospital-nossa-senhora\/#primaryimage","url":"https:\/\/regiaonews.net.br\/2022\/wp-content\/uploads\/2021\/06\/IMG-20210608-WA0340.jpg","contentUrl":"https:\/\/regiaonews.net.br\/2022\/wp-content\/uploads\/2021\/06\/IMG-20210608-WA0340.jpg","width":1280,"height":823},{"@type":"BreadcrumbList","@id":"https:\/\/regiaonews.net.br\/2022\/2021\/06\/08\/autoridades-confirmam-manutencao-de-leitos-do-hospital-nossa-senhora\/#breadcrumb","itemListElement":[{"@type":"ListItem","position":1,"name":"In\u00edcio","item":"https:\/\/regiaonews.net.br\/2022\/"},{"@type":"ListItem","position":2,"name":"Autoridades confirmam manuten\u00e7\u00e3o de leitos do Hospital Nossa Senhora"}]},{"@type":"WebSite","@id":"https:\/\/regiaonews.net.br\/2022\/#website","url":"https:\/\/regiaonews.net.br\/2022\/","name":"Regi\u00e3o News","description":"Site de Not\u00edcias de Barretos e regi\u00e3o","publisher":{"@id":"https:\/\/regiaonews.net.br\/2022\/#organization"},"potentialAction":[{"@type":"SearchAction","target":{"@type":"EntryPoint","urlTemplate":"https:\/\/regiaonews.net.br\/2022\/?s={search_term_string}"},"query-input":{"@type":"PropertyValueSpecification","valueRequired":true,"valueName":"search_term_string"}}],"inLanguage":"pt-BR"},{"@type":"Organization","@id":"https:\/\/regiaonews.net.br\/2022\/#organization","name":"Regi\u00e3o News","url":"https:\/\/regiaonews.net.br\/2022\/","logo":{"@type":"ImageObject","inLanguage":"pt-BR","@id":"https:\/\/regiaonews.net.br\/2022\/#\/schema\/logo\/image\/","url":"https:\/\/regiaonews.net.br\/2022\/wp-content\/uploads\/2026\/03\/regiao-13-anos-scaled.jpg","contentUrl":"https:\/\/regiaonews.net.br\/2022\/wp-content\/uploads\/2026\/03\/regiao-13-anos-scaled.jpg","width":2560,"height":635,"caption":"Regi\u00e3o News"},"image":{"@id":"https:\/\/regiaonews.net.br\/2022\/#\/schema\/logo\/image\/"}},{"@type":"Person","@id":"https:\/\/regiaonews.net.br\/2022\/#\/schema\/person\/2d205a608a5aa97ac279d7a5e6d89ad8","name":"Roberto","image":{"@type":"ImageObject","inLanguage":"pt-BR","@id":"https:\/\/secure.gravatar.com\/avatar\/42749d8b712ff9d59ca93dc150494e5b55a44134482993f5baeb97e61b7ecc89?s=96&d=mm&r=g","url":"https:\/\/secure.gravatar.com\/avatar\/42749d8b712ff9d59ca93dc150494e5b55a44134482993f5baeb97e61b7ecc89?s=96&d=mm&r=g","contentUrl":"https:\/\/secure.gravatar.com\/avatar\/42749d8b712ff9d59ca93dc150494e5b55a44134482993f5baeb97e61b7ecc89?s=96&d=mm&r=g","caption":"Roberto"},"url":"https:\/\/regiaonews.net.br\/2022\/author\/roberto\/"}]}},"publishpress_future_action":{"enabled":false,"date":"2026-05-04 12:59:38","action":"change-status","newStatus":"draft","terms":[],"taxonomy":"category","extraData":[]},"publishpress_future_workflow_manual_trigger":{"enabledWorkflows":[]},"_links":{"self":[{"href":"https:\/\/regiaonews.net.br\/2022\/wp-json\/wp\/v2\/posts\/48287","targetHints":{"allow":["GET"]}}],"collection":[{"href":"https:\/\/regiaonews.net.br\/2022\/wp-json\/wp\/v2\/posts"}],"about":[{"href":"https:\/\/regiaonews.net.br\/2022\/wp-json\/wp\/v2\/types\/post"}],"author":[{"embeddable":true,"href":"https:\/\/regiaonews.net.br\/2022\/wp-json\/wp\/v2\/users\/2"}],"replies":[{"embeddable":true,"href":"https:\/\/regiaonews.net.br\/2022\/wp-json\/wp\/v2\/comments?post=48287"}],"version-history":[{"count":0,"href":"https:\/\/regiaonews.net.br\/2022\/wp-json\/wp\/v2\/posts\/48287\/revisions"}],"wp:featuredmedia":[{"embeddable":true,"href":"https:\/\/regiaonews.net.br\/2022\/wp-json\/wp\/v2\/media\/48288"}],"wp:attachment":[{"href":"https:\/\/regiaonews.net.br\/2022\/wp-json\/wp\/v2\/media?parent=48287"}],"wp:term":[{"taxonomy":"category","embeddable":true,"href":"https:\/\/regiaonews.net.br\/2022\/wp-json\/wp\/v2\/categories?post=48287"},{"taxonomy":"post_tag","embeddable":true,"href":"https:\/\/regiaonews.net.br\/2022\/wp-json\/wp\/v2\/tags?post=48287"}],"curies":[{"name":"wp","href":"https:\/\/api.w.org\/{rel}","templated":true}]}}