{"id":48284,"date":"2021-06-08T21:36:15","date_gmt":"2021-06-09T00:36:15","guid":{"rendered":"https:\/\/regiaonews.net.br\/2022\/?p=48284"},"modified":"2021-06-08T21:36:44","modified_gmt":"2021-06-09T00:36:44","slug":"guedes-auxilio-sera-prorrogado-por-mais-2-meses-e-pode-ser-estendido","status":"publish","type":"post","link":"https:\/\/regiaonews.net.br\/2022\/2021\/06\/08\/guedes-auxilio-sera-prorrogado-por-mais-2-meses-e-pode-ser-estendido\/","title":{"rendered":"Guedes: aux\u00edlio ser\u00e1 prorrogado por mais 2 meses e pode ser estendido"},"content":{"rendered":"<figure id=\"attachment_43730\" aria-describedby=\"caption-attachment-43730\" style=\"width: 300px\" class=\"wp-caption alignnone\"><a href=\"https:\/\/regiaonews.net.br\/2022\/wp-content\/uploads\/2021\/03\/pzbl8748_1-1.jpg\"><img loading=\"lazy\" decoding=\"async\" class=\"size-medium wp-image-43730\" src=\"https:\/\/regiaonews.net.br\/2022\/wp-content\/uploads\/2021\/03\/pzbl8748_1-1-300x179.jpg\" alt=\"\" width=\"300\" height=\"179\" \/><\/a><figcaption id=\"caption-attachment-43730\" class=\"wp-caption-text\">Ministrio da Econommia, Paulo Guedes,<\/figcaption><\/figure>\n<p>O ministro da Economia, Paulo Guedes, afirmou nesta ter\u00e7a-feira (8) que o aux\u00edlio emergencial ser\u00e1 prorrogado por pelo menos mais dois meses. Previsto para terminar em julho, o benef\u00edcio ser\u00e1 estendido at\u00e9 setembro, mas esse per\u00edodo ainda poder\u00e1 ser ampliado, caso a vacina\u00e7\u00e3o da popula\u00e7\u00e3o adulta n\u00e3o esteja avan\u00e7ada.<img decoding=\"async\" src=\"https:\/\/agenciabrasil.ebc.com.br\/ebc.png?id=1412026&amp;o=node\" \/><img decoding=\"async\" src=\"https:\/\/agenciabrasil.ebc.com.br\/ebc.gif?id=1412026&amp;o=node\" \/><\/p>\n<p>&#8220;Todos os governadores est\u00e3o dizendo que toda a popula\u00e7\u00e3o adulta estar\u00e1 vacinada no final de setembro. Se isso n\u00e3o acontecer, a gente estende o aux\u00edlio emergencial. N\u00f3s estamos estendendo para agosto e setembro. Se for necess\u00e1rio, estenderemos mais&#8221;, afirmou Guedes, durante confer\u00eancia virtual do Bradesco BBI em Londres.<\/p>\n<p>\u201cO presidente Jair Bolsonaro \u00e9 quem vai decidir o prazo. Primeiro, esses dois ou tr\u00eas meses, e ent\u00e3o devemos aterrissar em um novo programa social que vai substituir o Bolsa Fam\u00edlia\u201d, acrescentou.<\/p>\n<p>Segundo Guedes, os recursos para a prorroga\u00e7\u00e3o do aux\u00edlio ser\u00e3o viabilizados por meio de abertura de cr\u00e9dito extraordin\u00e1rio. Atualmente, o custo mensal do programa, que paga um benef\u00edcio m\u00e9dio de R$ 250 por fam\u00edlia, \u00e9 de R$ 9 bilh\u00f5es.<\/p>\n<p>&#8220;O aux\u00edlio emergencial s\u00e3o R$ 9 bilh\u00f5es por m\u00eas. Ent\u00e3o, seriam R$ 18 bilh\u00f5es por dois meses. S\u00f3 que R$ 7 bilh\u00f5es j\u00e1 est\u00e3o l\u00e1 de remanescente do aux\u00edlio emergencial do ano passado. Precisar\u00edamos de R$ 11 bilh\u00f5es, que viriam por cr\u00e9dito extraordin\u00e1rio&#8221;, explicou.<\/p>\n<p>O novo programa social que substituir\u00e1 o Bolsa Fam\u00edlia n\u00e3o foi detalhado pelo ministro durante a palestra. Segundo ele, ser\u00e1 um programa que vai incluir mais benefici\u00e1rios, mas ter\u00e1 &#8220;linhas conservadoras&#8221; e ficar\u00e1 dentro da regra de teto de gastos.<\/p>\n<p>O ministro tamb\u00e9m disse que o governo estuda a cria\u00e7\u00e3o de um fundo de para a erradica\u00e7\u00e3o da pobreza, que poderia ser abastecido com recursos de privatiza\u00e7\u00f5es de empresas estatais. Durante sua fala, Guedes defendeu a venda de ativos p\u00fablicos e citou sua expectativa quanto \u00e0 aprova\u00e7\u00e3o, pelo Senado Federal, da venda da Eletrobras, maior empresa de energia da Am\u00e9rica Latina. A privatiza\u00e7\u00e3o j\u00e1 foi aprovada na C\u00e2mara dos Deputados.<\/p>\n<p>Sobre o programa de desestatiza\u00e7\u00f5es, o ministro ainda mencionou o processo de venda dos Correios, de privatiza\u00e7\u00e3o da Cedae, a companhia de saneamento do estado do Rio de Janeiro, al\u00e9m da concess\u00e3o recente de portos e aeroportos.<\/p>\n<p>FONTE : Ag\u00eanciaBrasil<\/p>\n","protected":false},"excerpt":{"rendered":"<p>O ministro da Economia, Paulo Guedes, afirmou nesta ter\u00e7a-feira (8)<\/p>\n","protected":false},"author":2,"featured_media":32948,"comment_status":"open","ping_status":"open","sticky":false,"template":"","format":"standard","meta":{"footnotes":""},"categories":[24,94],"tags":[],"class_list":["post-48284","post","type-post","status-publish","format-standard","has-post-thumbnail","hentry","category-brasil","category-economia"],"yoast_head":"<!-- This site is optimized with the Yoast SEO plugin v27.4 - https:\/\/yoast.com\/product\/yoast-seo-wordpress\/ -->\n<title>Guedes: aux\u00edlio ser\u00e1 prorrogado por mais 2 meses e pode ser estendido - Regi\u00e3o News<\/title>\n<meta name=\"robots\" content=\"index, follow, max-snippet:-1, max-image-preview:large, max-video-preview:-1\" \/>\n<link rel=\"canonical\" href=\"https:\/\/regiaonews.net.br\/2022\/2021\/06\/08\/guedes-auxilio-sera-prorrogado-por-mais-2-meses-e-pode-ser-estendido\/\" \/>\n<meta property=\"og:locale\" content=\"pt_BR\" \/>\n<meta property=\"og:type\" content=\"article\" \/>\n<meta property=\"og:title\" content=\"Guedes: aux\u00edlio ser\u00e1 prorrogado por mais 2 meses e pode ser estendido - Regi\u00e3o News\" \/>\n<meta property=\"og:description\" content=\"O ministro da Economia, Paulo Guedes, afirmou nesta ter\u00e7a-feira (8)\" \/>\n<meta property=\"og:url\" content=\"https:\/\/regiaonews.net.br\/2022\/2021\/06\/08\/guedes-auxilio-sera-prorrogado-por-mais-2-meses-e-pode-ser-estendido\/\" \/>\n<meta property=\"og:site_name\" content=\"Regi\u00e3o News\" \/>\n<meta property=\"article:published_time\" content=\"2021-06-09T00:36:15+00:00\" \/>\n<meta property=\"article:modified_time\" content=\"2021-06-09T00:36:44+00:00\" \/>\n<meta property=\"og:image\" content=\"https:\/\/regiaonews.net.br\/2022\/wp-content\/uploads\/2020\/05\/lancamento_do_aplicativo_caixa_auxilio_emergencial_0407201849.jpg\" \/>\n\t<meta property=\"og:image:width\" content=\"1170\" \/>\n\t<meta property=\"og:image:height\" content=\"700\" \/>\n\t<meta property=\"og:image:type\" content=\"image\/jpeg\" \/>\n<meta name=\"author\" content=\"Roberto\" \/>\n<meta name=\"twitter:card\" content=\"summary_large_image\" \/>\n<meta name=\"twitter:label1\" content=\"Escrito por\" \/>\n\t<meta name=\"twitter:data1\" content=\"Roberto\" \/>\n\t<meta name=\"twitter:label2\" content=\"Est. tempo de leitura\" \/>\n\t<meta name=\"twitter:data2\" content=\"2 minutos\" \/>\n<script type=\"application\/ld+json\" class=\"yoast-schema-graph\">{\"@context\":\"https:\\\/\\\/schema.org\",\"@graph\":[{\"@type\":\"Article\",\"@id\":\"https:\\\/\\\/regiaonews.net.br\\\/2022\\\/2021\\\/06\\\/08\\\/guedes-auxilio-sera-prorrogado-por-mais-2-meses-e-pode-ser-estendido\\\/#article\",\"isPartOf\":{\"@id\":\"https:\\\/\\\/regiaonews.net.br\\\/2022\\\/2021\\\/06\\\/08\\\/guedes-auxilio-sera-prorrogado-por-mais-2-meses-e-pode-ser-estendido\\\/\"},\"author\":{\"name\":\"Roberto\",\"@id\":\"https:\\\/\\\/regiaonews.net.br\\\/2022\\\/#\\\/schema\\\/person\\\/2d205a608a5aa97ac279d7a5e6d89ad8\"},\"headline\":\"Guedes: aux\u00edlio ser\u00e1 prorrogado por mais 2 meses e pode ser estendido\",\"datePublished\":\"2021-06-09T00:36:15+00:00\",\"dateModified\":\"2021-06-09T00:36:44+00:00\",\"mainEntityOfPage\":{\"@id\":\"https:\\\/\\\/regiaonews.net.br\\\/2022\\\/2021\\\/06\\\/08\\\/guedes-auxilio-sera-prorrogado-por-mais-2-meses-e-pode-ser-estendido\\\/\"},\"wordCount\":432,\"commentCount\":0,\"publisher\":{\"@id\":\"https:\\\/\\\/regiaonews.net.br\\\/2022\\\/#organization\"},\"image\":{\"@id\":\"https:\\\/\\\/regiaonews.net.br\\\/2022\\\/2021\\\/06\\\/08\\\/guedes-auxilio-sera-prorrogado-por-mais-2-meses-e-pode-ser-estendido\\\/#primaryimage\"},\"thumbnailUrl\":\"https:\\\/\\\/regiaonews.net.br\\\/2022\\\/wp-content\\\/uploads\\\/2020\\\/05\\\/lancamento_do_aplicativo_caixa_auxilio_emergencial_0407201849.jpg\",\"articleSection\":[\"Brasil\",\"Economia\"],\"inLanguage\":\"pt-BR\",\"potentialAction\":[{\"@type\":\"CommentAction\",\"name\":\"Comment\",\"target\":[\"https:\\\/\\\/regiaonews.net.br\\\/2022\\\/2021\\\/06\\\/08\\\/guedes-auxilio-sera-prorrogado-por-mais-2-meses-e-pode-ser-estendido\\\/#respond\"]}]},{\"@type\":\"WebPage\",\"@id\":\"https:\\\/\\\/regiaonews.net.br\\\/2022\\\/2021\\\/06\\\/08\\\/guedes-auxilio-sera-prorrogado-por-mais-2-meses-e-pode-ser-estendido\\\/\",\"url\":\"https:\\\/\\\/regiaonews.net.br\\\/2022\\\/2021\\\/06\\\/08\\\/guedes-auxilio-sera-prorrogado-por-mais-2-meses-e-pode-ser-estendido\\\/\",\"name\":\"Guedes: aux\u00edlio ser\u00e1 prorrogado por mais 2 meses e pode ser estendido - Regi\u00e3o News\",\"isPartOf\":{\"@id\":\"https:\\\/\\\/regiaonews.net.br\\\/2022\\\/#website\"},\"primaryImageOfPage\":{\"@id\":\"https:\\\/\\\/regiaonews.net.br\\\/2022\\\/2021\\\/06\\\/08\\\/guedes-auxilio-sera-prorrogado-por-mais-2-meses-e-pode-ser-estendido\\\/#primaryimage\"},\"image\":{\"@id\":\"https:\\\/\\\/regiaonews.net.br\\\/2022\\\/2021\\\/06\\\/08\\\/guedes-auxilio-sera-prorrogado-por-mais-2-meses-e-pode-ser-estendido\\\/#primaryimage\"},\"thumbnailUrl\":\"https:\\\/\\\/regiaonews.net.br\\\/2022\\\/wp-content\\\/uploads\\\/2020\\\/05\\\/lancamento_do_aplicativo_caixa_auxilio_emergencial_0407201849.jpg\",\"datePublished\":\"2021-06-09T00:36:15+00:00\",\"dateModified\":\"2021-06-09T00:36:44+00:00\",\"breadcrumb\":{\"@id\":\"https:\\\/\\\/regiaonews.net.br\\\/2022\\\/2021\\\/06\\\/08\\\/guedes-auxilio-sera-prorrogado-por-mais-2-meses-e-pode-ser-estendido\\\/#breadcrumb\"},\"inLanguage\":\"pt-BR\",\"potentialAction\":[{\"@type\":\"ReadAction\",\"target\":[\"https:\\\/\\\/regiaonews.net.br\\\/2022\\\/2021\\\/06\\\/08\\\/guedes-auxilio-sera-prorrogado-por-mais-2-meses-e-pode-ser-estendido\\\/\"]}]},{\"@type\":\"ImageObject\",\"inLanguage\":\"pt-BR\",\"@id\":\"https:\\\/\\\/regiaonews.net.br\\\/2022\\\/2021\\\/06\\\/08\\\/guedes-auxilio-sera-prorrogado-por-mais-2-meses-e-pode-ser-estendido\\\/#primaryimage\",\"url\":\"https:\\\/\\\/regiaonews.net.br\\\/2022\\\/wp-content\\\/uploads\\\/2020\\\/05\\\/lancamento_do_aplicativo_caixa_auxilio_emergencial_0407201849.jpg\",\"contentUrl\":\"https:\\\/\\\/regiaonews.net.br\\\/2022\\\/wp-content\\\/uploads\\\/2020\\\/05\\\/lancamento_do_aplicativo_caixa_auxilio_emergencial_0407201849.jpg\",\"width\":1170,\"height\":700,\"caption\":\"Lan\u00e7amento do aplicativo CAIXA|Aux\u00edlio Emergencial\"},{\"@type\":\"BreadcrumbList\",\"@id\":\"https:\\\/\\\/regiaonews.net.br\\\/2022\\\/2021\\\/06\\\/08\\\/guedes-auxilio-sera-prorrogado-por-mais-2-meses-e-pode-ser-estendido\\\/#breadcrumb\",\"itemListElement\":[{\"@type\":\"ListItem\",\"position\":1,\"name\":\"In\u00edcio\",\"item\":\"https:\\\/\\\/regiaonews.net.br\\\/2022\\\/\"},{\"@type\":\"ListItem\",\"position\":2,\"name\":\"Guedes: aux\u00edlio ser\u00e1 prorrogado por mais 2 meses e pode ser estendido\"}]},{\"@type\":\"WebSite\",\"@id\":\"https:\\\/\\\/regiaonews.net.br\\\/2022\\\/#website\",\"url\":\"https:\\\/\\\/regiaonews.net.br\\\/2022\\\/\",\"name\":\"Regi\u00e3o News\",\"description\":\"Site de Not\u00edcias de Barretos e regi\u00e3o\",\"publisher\":{\"@id\":\"https:\\\/\\\/regiaonews.net.br\\\/2022\\\/#organization\"},\"potentialAction\":[{\"@type\":\"SearchAction\",\"target\":{\"@type\":\"EntryPoint\",\"urlTemplate\":\"https:\\\/\\\/regiaonews.net.br\\\/2022\\\/?s={search_term_string}\"},\"query-input\":{\"@type\":\"PropertyValueSpecification\",\"valueRequired\":true,\"valueName\":\"search_term_string\"}}],\"inLanguage\":\"pt-BR\"},{\"@type\":\"Organization\",\"@id\":\"https:\\\/\\\/regiaonews.net.br\\\/2022\\\/#organization\",\"name\":\"Regi\u00e3o News\",\"url\":\"https:\\\/\\\/regiaonews.net.br\\\/2022\\\/\",\"logo\":{\"@type\":\"ImageObject\",\"inLanguage\":\"pt-BR\",\"@id\":\"https:\\\/\\\/regiaonews.net.br\\\/2022\\\/#\\\/schema\\\/logo\\\/image\\\/\",\"url\":\"https:\\\/\\\/regiaonews.net.br\\\/2022\\\/wp-content\\\/uploads\\\/2026\\\/03\\\/regiao-13-anos-scaled.jpg\",\"contentUrl\":\"https:\\\/\\\/regiaonews.net.br\\\/2022\\\/wp-content\\\/uploads\\\/2026\\\/03\\\/regiao-13-anos-scaled.jpg\",\"width\":2560,\"height\":635,\"caption\":\"Regi\u00e3o News\"},\"image\":{\"@id\":\"https:\\\/\\\/regiaonews.net.br\\\/2022\\\/#\\\/schema\\\/logo\\\/image\\\/\"}},{\"@type\":\"Person\",\"@id\":\"https:\\\/\\\/regiaonews.net.br\\\/2022\\\/#\\\/schema\\\/person\\\/2d205a608a5aa97ac279d7a5e6d89ad8\",\"name\":\"Roberto\",\"image\":{\"@type\":\"ImageObject\",\"inLanguage\":\"pt-BR\",\"@id\":\"https:\\\/\\\/secure.gravatar.com\\\/avatar\\\/42749d8b712ff9d59ca93dc150494e5b55a44134482993f5baeb97e61b7ecc89?s=96&d=mm&r=g\",\"url\":\"https:\\\/\\\/secure.gravatar.com\\\/avatar\\\/42749d8b712ff9d59ca93dc150494e5b55a44134482993f5baeb97e61b7ecc89?s=96&d=mm&r=g\",\"contentUrl\":\"https:\\\/\\\/secure.gravatar.com\\\/avatar\\\/42749d8b712ff9d59ca93dc150494e5b55a44134482993f5baeb97e61b7ecc89?s=96&d=mm&r=g\",\"caption\":\"Roberto\"},\"url\":\"https:\\\/\\\/regiaonews.net.br\\\/2022\\\/author\\\/roberto\\\/\"}]}<\/script>\n<!-- \/ Yoast SEO plugin. -->","yoast_head_json":{"title":"Guedes: aux\u00edlio ser\u00e1 prorrogado por mais 2 meses e pode ser estendido - Regi\u00e3o News","robots":{"index":"index","follow":"follow","max-snippet":"max-snippet:-1","max-image-preview":"max-image-preview:large","max-video-preview":"max-video-preview:-1"},"canonical":"https:\/\/regiaonews.net.br\/2022\/2021\/06\/08\/guedes-auxilio-sera-prorrogado-por-mais-2-meses-e-pode-ser-estendido\/","og_locale":"pt_BR","og_type":"article","og_title":"Guedes: aux\u00edlio ser\u00e1 prorrogado por mais 2 meses e pode ser estendido - Regi\u00e3o News","og_description":"O ministro da Economia, Paulo Guedes, afirmou nesta ter\u00e7a-feira (8)","og_url":"https:\/\/regiaonews.net.br\/2022\/2021\/06\/08\/guedes-auxilio-sera-prorrogado-por-mais-2-meses-e-pode-ser-estendido\/","og_site_name":"Regi\u00e3o News","article_published_time":"2021-06-09T00:36:15+00:00","article_modified_time":"2021-06-09T00:36:44+00:00","og_image":[{"width":1170,"height":700,"url":"https:\/\/regiaonews.net.br\/2022\/wp-content\/uploads\/2020\/05\/lancamento_do_aplicativo_caixa_auxilio_emergencial_0407201849.jpg","type":"image\/jpeg"}],"author":"Roberto","twitter_card":"summary_large_image","twitter_misc":{"Escrito por":"Roberto","Est. tempo de leitura":"2 minutos"},"schema":{"@context":"https:\/\/schema.org","@graph":[{"@type":"Article","@id":"https:\/\/regiaonews.net.br\/2022\/2021\/06\/08\/guedes-auxilio-sera-prorrogado-por-mais-2-meses-e-pode-ser-estendido\/#article","isPartOf":{"@id":"https:\/\/regiaonews.net.br\/2022\/2021\/06\/08\/guedes-auxilio-sera-prorrogado-por-mais-2-meses-e-pode-ser-estendido\/"},"author":{"name":"Roberto","@id":"https:\/\/regiaonews.net.br\/2022\/#\/schema\/person\/2d205a608a5aa97ac279d7a5e6d89ad8"},"headline":"Guedes: aux\u00edlio ser\u00e1 prorrogado por mais 2 meses e pode ser estendido","datePublished":"2021-06-09T00:36:15+00:00","dateModified":"2021-06-09T00:36:44+00:00","mainEntityOfPage":{"@id":"https:\/\/regiaonews.net.br\/2022\/2021\/06\/08\/guedes-auxilio-sera-prorrogado-por-mais-2-meses-e-pode-ser-estendido\/"},"wordCount":432,"commentCount":0,"publisher":{"@id":"https:\/\/regiaonews.net.br\/2022\/#organization"},"image":{"@id":"https:\/\/regiaonews.net.br\/2022\/2021\/06\/08\/guedes-auxilio-sera-prorrogado-por-mais-2-meses-e-pode-ser-estendido\/#primaryimage"},"thumbnailUrl":"https:\/\/regiaonews.net.br\/2022\/wp-content\/uploads\/2020\/05\/lancamento_do_aplicativo_caixa_auxilio_emergencial_0407201849.jpg","articleSection":["Brasil","Economia"],"inLanguage":"pt-BR","potentialAction":[{"@type":"CommentAction","name":"Comment","target":["https:\/\/regiaonews.net.br\/2022\/2021\/06\/08\/guedes-auxilio-sera-prorrogado-por-mais-2-meses-e-pode-ser-estendido\/#respond"]}]},{"@type":"WebPage","@id":"https:\/\/regiaonews.net.br\/2022\/2021\/06\/08\/guedes-auxilio-sera-prorrogado-por-mais-2-meses-e-pode-ser-estendido\/","url":"https:\/\/regiaonews.net.br\/2022\/2021\/06\/08\/guedes-auxilio-sera-prorrogado-por-mais-2-meses-e-pode-ser-estendido\/","name":"Guedes: aux\u00edlio ser\u00e1 prorrogado por mais 2 meses e pode ser estendido - Regi\u00e3o News","isPartOf":{"@id":"https:\/\/regiaonews.net.br\/2022\/#website"},"primaryImageOfPage":{"@id":"https:\/\/regiaonews.net.br\/2022\/2021\/06\/08\/guedes-auxilio-sera-prorrogado-por-mais-2-meses-e-pode-ser-estendido\/#primaryimage"},"image":{"@id":"https:\/\/regiaonews.net.br\/2022\/2021\/06\/08\/guedes-auxilio-sera-prorrogado-por-mais-2-meses-e-pode-ser-estendido\/#primaryimage"},"thumbnailUrl":"https:\/\/regiaonews.net.br\/2022\/wp-content\/uploads\/2020\/05\/lancamento_do_aplicativo_caixa_auxilio_emergencial_0407201849.jpg","datePublished":"2021-06-09T00:36:15+00:00","dateModified":"2021-06-09T00:36:44+00:00","breadcrumb":{"@id":"https:\/\/regiaonews.net.br\/2022\/2021\/06\/08\/guedes-auxilio-sera-prorrogado-por-mais-2-meses-e-pode-ser-estendido\/#breadcrumb"},"inLanguage":"pt-BR","potentialAction":[{"@type":"ReadAction","target":["https:\/\/regiaonews.net.br\/2022\/2021\/06\/08\/guedes-auxilio-sera-prorrogado-por-mais-2-meses-e-pode-ser-estendido\/"]}]},{"@type":"ImageObject","inLanguage":"pt-BR","@id":"https:\/\/regiaonews.net.br\/2022\/2021\/06\/08\/guedes-auxilio-sera-prorrogado-por-mais-2-meses-e-pode-ser-estendido\/#primaryimage","url":"https:\/\/regiaonews.net.br\/2022\/wp-content\/uploads\/2020\/05\/lancamento_do_aplicativo_caixa_auxilio_emergencial_0407201849.jpg","contentUrl":"https:\/\/regiaonews.net.br\/2022\/wp-content\/uploads\/2020\/05\/lancamento_do_aplicativo_caixa_auxilio_emergencial_0407201849.jpg","width":1170,"height":700,"caption":"Lan\u00e7amento do aplicativo CAIXA|Aux\u00edlio Emergencial"},{"@type":"BreadcrumbList","@id":"https:\/\/regiaonews.net.br\/2022\/2021\/06\/08\/guedes-auxilio-sera-prorrogado-por-mais-2-meses-e-pode-ser-estendido\/#breadcrumb","itemListElement":[{"@type":"ListItem","position":1,"name":"In\u00edcio","item":"https:\/\/regiaonews.net.br\/2022\/"},{"@type":"ListItem","position":2,"name":"Guedes: aux\u00edlio ser\u00e1 prorrogado por mais 2 meses e pode ser estendido"}]},{"@type":"WebSite","@id":"https:\/\/regiaonews.net.br\/2022\/#website","url":"https:\/\/regiaonews.net.br\/2022\/","name":"Regi\u00e3o News","description":"Site de Not\u00edcias de Barretos e regi\u00e3o","publisher":{"@id":"https:\/\/regiaonews.net.br\/2022\/#organization"},"potentialAction":[{"@type":"SearchAction","target":{"@type":"EntryPoint","urlTemplate":"https:\/\/regiaonews.net.br\/2022\/?s={search_term_string}"},"query-input":{"@type":"PropertyValueSpecification","valueRequired":true,"valueName":"search_term_string"}}],"inLanguage":"pt-BR"},{"@type":"Organization","@id":"https:\/\/regiaonews.net.br\/2022\/#organization","name":"Regi\u00e3o News","url":"https:\/\/regiaonews.net.br\/2022\/","logo":{"@type":"ImageObject","inLanguage":"pt-BR","@id":"https:\/\/regiaonews.net.br\/2022\/#\/schema\/logo\/image\/","url":"https:\/\/regiaonews.net.br\/2022\/wp-content\/uploads\/2026\/03\/regiao-13-anos-scaled.jpg","contentUrl":"https:\/\/regiaonews.net.br\/2022\/wp-content\/uploads\/2026\/03\/regiao-13-anos-scaled.jpg","width":2560,"height":635,"caption":"Regi\u00e3o News"},"image":{"@id":"https:\/\/regiaonews.net.br\/2022\/#\/schema\/logo\/image\/"}},{"@type":"Person","@id":"https:\/\/regiaonews.net.br\/2022\/#\/schema\/person\/2d205a608a5aa97ac279d7a5e6d89ad8","name":"Roberto","image":{"@type":"ImageObject","inLanguage":"pt-BR","@id":"https:\/\/secure.gravatar.com\/avatar\/42749d8b712ff9d59ca93dc150494e5b55a44134482993f5baeb97e61b7ecc89?s=96&d=mm&r=g","url":"https:\/\/secure.gravatar.com\/avatar\/42749d8b712ff9d59ca93dc150494e5b55a44134482993f5baeb97e61b7ecc89?s=96&d=mm&r=g","contentUrl":"https:\/\/secure.gravatar.com\/avatar\/42749d8b712ff9d59ca93dc150494e5b55a44134482993f5baeb97e61b7ecc89?s=96&d=mm&r=g","caption":"Roberto"},"url":"https:\/\/regiaonews.net.br\/2022\/author\/roberto\/"}]}},"publishpress_future_action":{"enabled":false,"date":"2026-05-04 11:36:48","action":"change-status","newStatus":"draft","terms":[],"taxonomy":"category","extraData":[]},"publishpress_future_workflow_manual_trigger":{"enabledWorkflows":[]},"_links":{"self":[{"href":"https:\/\/regiaonews.net.br\/2022\/wp-json\/wp\/v2\/posts\/48284","targetHints":{"allow":["GET"]}}],"collection":[{"href":"https:\/\/regiaonews.net.br\/2022\/wp-json\/wp\/v2\/posts"}],"about":[{"href":"https:\/\/regiaonews.net.br\/2022\/wp-json\/wp\/v2\/types\/post"}],"author":[{"embeddable":true,"href":"https:\/\/regiaonews.net.br\/2022\/wp-json\/wp\/v2\/users\/2"}],"replies":[{"embeddable":true,"href":"https:\/\/regiaonews.net.br\/2022\/wp-json\/wp\/v2\/comments?post=48284"}],"version-history":[{"count":0,"href":"https:\/\/regiaonews.net.br\/2022\/wp-json\/wp\/v2\/posts\/48284\/revisions"}],"wp:featuredmedia":[{"embeddable":true,"href":"https:\/\/regiaonews.net.br\/2022\/wp-json\/wp\/v2\/media\/32948"}],"wp:attachment":[{"href":"https:\/\/regiaonews.net.br\/2022\/wp-json\/wp\/v2\/media?parent=48284"}],"wp:term":[{"taxonomy":"category","embeddable":true,"href":"https:\/\/regiaonews.net.br\/2022\/wp-json\/wp\/v2\/categories?post=48284"},{"taxonomy":"post_tag","embeddable":true,"href":"https:\/\/regiaonews.net.br\/2022\/wp-json\/wp\/v2\/tags?post=48284"}],"curies":[{"name":"wp","href":"https:\/\/api.w.org\/{rel}","templated":true}]}}