{"id":48281,"date":"2021-06-08T17:40:31","date_gmt":"2021-06-08T20:40:31","guid":{"rendered":"https:\/\/regiaonews.net.br\/2022\/?p=48281"},"modified":"2021-06-08T17:40:31","modified_gmt":"2021-06-08T20:40:31","slug":"deic-de-ribeirao-preto-apreende-mais-de-28-mil-porcoes-de-drogas","status":"publish","type":"post","link":"https:\/\/regiaonews.net.br\/2022\/2021\/06\/08\/deic-de-ribeirao-preto-apreende-mais-de-28-mil-porcoes-de-drogas\/","title":{"rendered":"Deic de Ribeir\u00e3o Preto apreende mais de 2,8 mil por\u00e7\u00f5es de drogas"},"content":{"rendered":"<div>\n<h1 class=\"chapeu2 ng-binding\" style=\"text-align: center;\"><a href=\"https:\/\/regiaonews.net.br\/2022\/wp-content\/uploads\/2021\/06\/00045294.jpeg\"><img loading=\"lazy\" decoding=\"async\" class=\"alignnone size-medium wp-image-48282\" src=\"https:\/\/regiaonews.net.br\/2022\/wp-content\/uploads\/2021\/06\/00045294-300x140.jpeg\" alt=\"\" width=\"300\" height=\"140\" \/><\/a><\/h1>\n<p class=\"titulopreto ng-binding\">Entorpecentes foram encontrados em um barraco abandonado<\/p>\n<p><center><\/p>\n<h2 class=\"titulopreto ng-binding\"><\/h2>\n<p><\/center><\/div>\n<div id=\"notCorpo\" class=\"ng-binding\">\n<p><span class=\"s1\">A Pol\u00edcia Civil apreendeu, na tarde de segunda-feira (7), mais de 2,8 mil por\u00e7\u00f5es de drogas, balan\u00e7a de precis\u00e3o e outros objetos relacionados ao tr\u00e1fico, na Comunidade do Aeroporto, no munic\u00edpio de Ribeir\u00e3o Preto.<\/span><\/p>\n<p><span class=\"s1\">A a\u00e7\u00e3o foi deflagrada por agentes da 2\u00aa Delegacia de Investiga\u00e7\u00f5es Sobre Entorpecentes (Dise), da Divis\u00e3o Especializada de Investiga\u00e7\u00f5es Criminais (Deic) da cidade, que estavam em um pr\u00e9vio trabalho de apura\u00e7\u00e3o para combater o tr\u00e1fico de drogas.<\/span><\/p>\n<p><span class=\"s1\">Os policiais identificaram um im\u00f3vel usado para a pr\u00e1tica e se deslocaram at\u00e9 o endere\u00e7o apurado, onde realizaram buscas e encontraram 2.783 por\u00e7\u00f5es de coca\u00edna, 17 de maconha e 28 comprimidos de ecstasy.\u00a0\u00a0<\/span><\/p>\n<p><span class=\"s1\">Al\u00e9m das subst\u00e2ncias, que totalizaram mais de 16,5 quilos, foram encontrados mais de 90 mil eppendorfs vazios, duas balan\u00e7as de precis\u00e3o e anota\u00e7\u00f5es da contabilidade do tr\u00e1fico. Os materiais foram apreendidos para per\u00edcia.<\/span><\/p>\n<\/div>\n","protected":false},"excerpt":{"rendered":"<p>Entorpecentes foram encontrados em um barraco abandonado A Pol\u00edcia Civil<\/p>\n","protected":false},"author":2,"featured_media":48282,"comment_status":"open","ping_status":"open","sticky":false,"template":"","format":"standard","meta":{"footnotes":""},"categories":[25,23,32],"tags":[],"class_list":["post-48281","post","type-post","status-publish","format-standard","has-post-thumbnail","hentry","category-cidades","category-policia","category-ribeirao-preto"],"yoast_head":"<!-- This site is optimized with the Yoast SEO plugin v27.4 - https:\/\/yoast.com\/product\/yoast-seo-wordpress\/ -->\n<title>Deic de Ribeir\u00e3o Preto apreende mais de 2,8 mil por\u00e7\u00f5es de drogas - Regi\u00e3o News<\/title>\n<meta name=\"robots\" content=\"index, follow, max-snippet:-1, max-image-preview:large, max-video-preview:-1\" \/>\n<link rel=\"canonical\" href=\"https:\/\/regiaonews.net.br\/2022\/2021\/06\/08\/deic-de-ribeirao-preto-apreende-mais-de-28-mil-porcoes-de-drogas\/\" \/>\n<meta property=\"og:locale\" content=\"pt_BR\" \/>\n<meta property=\"og:type\" content=\"article\" \/>\n<meta property=\"og:title\" content=\"Deic de Ribeir\u00e3o Preto apreende mais de 2,8 mil por\u00e7\u00f5es de drogas - Regi\u00e3o News\" \/>\n<meta property=\"og:description\" content=\"Entorpecentes foram encontrados em um barraco abandonado A Pol\u00edcia Civil\" \/>\n<meta property=\"og:url\" content=\"https:\/\/regiaonews.net.br\/2022\/2021\/06\/08\/deic-de-ribeirao-preto-apreende-mais-de-28-mil-porcoes-de-drogas\/\" \/>\n<meta property=\"og:site_name\" content=\"Regi\u00e3o News\" \/>\n<meta property=\"article:published_time\" content=\"2021-06-08T20:40:31+00:00\" \/>\n<meta property=\"og:image\" content=\"https:\/\/regiaonews.net.br\/2022\/wp-content\/uploads\/2021\/06\/00045294.jpeg\" \/>\n\t<meta property=\"og:image:width\" content=\"1016\" \/>\n\t<meta property=\"og:image:height\" content=\"474\" \/>\n\t<meta property=\"og:image:type\" content=\"image\/jpeg\" \/>\n<meta name=\"author\" content=\"Roberto\" \/>\n<meta name=\"twitter:card\" content=\"summary_large_image\" \/>\n<meta name=\"twitter:label1\" content=\"Escrito por\" \/>\n\t<meta name=\"twitter:data1\" content=\"Roberto\" \/>\n\t<meta name=\"twitter:label2\" content=\"Est. tempo de leitura\" \/>\n\t<meta name=\"twitter:data2\" content=\"1 minuto\" \/>\n<script type=\"application\/ld+json\" class=\"yoast-schema-graph\">{\"@context\":\"https:\\\/\\\/schema.org\",\"@graph\":[{\"@type\":\"Article\",\"@id\":\"https:\\\/\\\/regiaonews.net.br\\\/2022\\\/2021\\\/06\\\/08\\\/deic-de-ribeirao-preto-apreende-mais-de-28-mil-porcoes-de-drogas\\\/#article\",\"isPartOf\":{\"@id\":\"https:\\\/\\\/regiaonews.net.br\\\/2022\\\/2021\\\/06\\\/08\\\/deic-de-ribeirao-preto-apreende-mais-de-28-mil-porcoes-de-drogas\\\/\"},\"author\":{\"name\":\"Roberto\",\"@id\":\"https:\\\/\\\/regiaonews.net.br\\\/2022\\\/#\\\/schema\\\/person\\\/2d205a608a5aa97ac279d7a5e6d89ad8\"},\"headline\":\"Deic de Ribeir\u00e3o Preto apreende mais de 2,8 mil por\u00e7\u00f5es de drogas\",\"datePublished\":\"2021-06-08T20:40:31+00:00\",\"mainEntityOfPage\":{\"@id\":\"https:\\\/\\\/regiaonews.net.br\\\/2022\\\/2021\\\/06\\\/08\\\/deic-de-ribeirao-preto-apreende-mais-de-28-mil-porcoes-de-drogas\\\/\"},\"wordCount\":175,\"commentCount\":0,\"publisher\":{\"@id\":\"https:\\\/\\\/regiaonews.net.br\\\/2022\\\/#organization\"},\"image\":{\"@id\":\"https:\\\/\\\/regiaonews.net.br\\\/2022\\\/2021\\\/06\\\/08\\\/deic-de-ribeirao-preto-apreende-mais-de-28-mil-porcoes-de-drogas\\\/#primaryimage\"},\"thumbnailUrl\":\"https:\\\/\\\/regiaonews.net.br\\\/2022\\\/wp-content\\\/uploads\\\/2021\\\/06\\\/00045294.jpeg\",\"articleSection\":[\"Cidades\",\"Policia\",\"Ribeir\u00e3o Preto\"],\"inLanguage\":\"pt-BR\",\"potentialAction\":[{\"@type\":\"CommentAction\",\"name\":\"Comment\",\"target\":[\"https:\\\/\\\/regiaonews.net.br\\\/2022\\\/2021\\\/06\\\/08\\\/deic-de-ribeirao-preto-apreende-mais-de-28-mil-porcoes-de-drogas\\\/#respond\"]}]},{\"@type\":\"WebPage\",\"@id\":\"https:\\\/\\\/regiaonews.net.br\\\/2022\\\/2021\\\/06\\\/08\\\/deic-de-ribeirao-preto-apreende-mais-de-28-mil-porcoes-de-drogas\\\/\",\"url\":\"https:\\\/\\\/regiaonews.net.br\\\/2022\\\/2021\\\/06\\\/08\\\/deic-de-ribeirao-preto-apreende-mais-de-28-mil-porcoes-de-drogas\\\/\",\"name\":\"Deic de Ribeir\u00e3o Preto apreende mais de 2,8 mil por\u00e7\u00f5es de drogas - Regi\u00e3o News\",\"isPartOf\":{\"@id\":\"https:\\\/\\\/regiaonews.net.br\\\/2022\\\/#website\"},\"primaryImageOfPage\":{\"@id\":\"https:\\\/\\\/regiaonews.net.br\\\/2022\\\/2021\\\/06\\\/08\\\/deic-de-ribeirao-preto-apreende-mais-de-28-mil-porcoes-de-drogas\\\/#primaryimage\"},\"image\":{\"@id\":\"https:\\\/\\\/regiaonews.net.br\\\/2022\\\/2021\\\/06\\\/08\\\/deic-de-ribeirao-preto-apreende-mais-de-28-mil-porcoes-de-drogas\\\/#primaryimage\"},\"thumbnailUrl\":\"https:\\\/\\\/regiaonews.net.br\\\/2022\\\/wp-content\\\/uploads\\\/2021\\\/06\\\/00045294.jpeg\",\"datePublished\":\"2021-06-08T20:40:31+00:00\",\"breadcrumb\":{\"@id\":\"https:\\\/\\\/regiaonews.net.br\\\/2022\\\/2021\\\/06\\\/08\\\/deic-de-ribeirao-preto-apreende-mais-de-28-mil-porcoes-de-drogas\\\/#breadcrumb\"},\"inLanguage\":\"pt-BR\",\"potentialAction\":[{\"@type\":\"ReadAction\",\"target\":[\"https:\\\/\\\/regiaonews.net.br\\\/2022\\\/2021\\\/06\\\/08\\\/deic-de-ribeirao-preto-apreende-mais-de-28-mil-porcoes-de-drogas\\\/\"]}]},{\"@type\":\"ImageObject\",\"inLanguage\":\"pt-BR\",\"@id\":\"https:\\\/\\\/regiaonews.net.br\\\/2022\\\/2021\\\/06\\\/08\\\/deic-de-ribeirao-preto-apreende-mais-de-28-mil-porcoes-de-drogas\\\/#primaryimage\",\"url\":\"https:\\\/\\\/regiaonews.net.br\\\/2022\\\/wp-content\\\/uploads\\\/2021\\\/06\\\/00045294.jpeg\",\"contentUrl\":\"https:\\\/\\\/regiaonews.net.br\\\/2022\\\/wp-content\\\/uploads\\\/2021\\\/06\\\/00045294.jpeg\",\"width\":1016,\"height\":474},{\"@type\":\"BreadcrumbList\",\"@id\":\"https:\\\/\\\/regiaonews.net.br\\\/2022\\\/2021\\\/06\\\/08\\\/deic-de-ribeirao-preto-apreende-mais-de-28-mil-porcoes-de-drogas\\\/#breadcrumb\",\"itemListElement\":[{\"@type\":\"ListItem\",\"position\":1,\"name\":\"In\u00edcio\",\"item\":\"https:\\\/\\\/regiaonews.net.br\\\/2022\\\/\"},{\"@type\":\"ListItem\",\"position\":2,\"name\":\"Deic de Ribeir\u00e3o Preto apreende mais de 2,8 mil por\u00e7\u00f5es de drogas\"}]},{\"@type\":\"WebSite\",\"@id\":\"https:\\\/\\\/regiaonews.net.br\\\/2022\\\/#website\",\"url\":\"https:\\\/\\\/regiaonews.net.br\\\/2022\\\/\",\"name\":\"Regi\u00e3o News\",\"description\":\"Site de Not\u00edcias de Barretos e regi\u00e3o\",\"publisher\":{\"@id\":\"https:\\\/\\\/regiaonews.net.br\\\/2022\\\/#organization\"},\"potentialAction\":[{\"@type\":\"SearchAction\",\"target\":{\"@type\":\"EntryPoint\",\"urlTemplate\":\"https:\\\/\\\/regiaonews.net.br\\\/2022\\\/?s={search_term_string}\"},\"query-input\":{\"@type\":\"PropertyValueSpecification\",\"valueRequired\":true,\"valueName\":\"search_term_string\"}}],\"inLanguage\":\"pt-BR\"},{\"@type\":\"Organization\",\"@id\":\"https:\\\/\\\/regiaonews.net.br\\\/2022\\\/#organization\",\"name\":\"Regi\u00e3o News\",\"url\":\"https:\\\/\\\/regiaonews.net.br\\\/2022\\\/\",\"logo\":{\"@type\":\"ImageObject\",\"inLanguage\":\"pt-BR\",\"@id\":\"https:\\\/\\\/regiaonews.net.br\\\/2022\\\/#\\\/schema\\\/logo\\\/image\\\/\",\"url\":\"https:\\\/\\\/regiaonews.net.br\\\/2022\\\/wp-content\\\/uploads\\\/2026\\\/03\\\/regiao-13-anos-scaled.jpg\",\"contentUrl\":\"https:\\\/\\\/regiaonews.net.br\\\/2022\\\/wp-content\\\/uploads\\\/2026\\\/03\\\/regiao-13-anos-scaled.jpg\",\"width\":2560,\"height\":635,\"caption\":\"Regi\u00e3o News\"},\"image\":{\"@id\":\"https:\\\/\\\/regiaonews.net.br\\\/2022\\\/#\\\/schema\\\/logo\\\/image\\\/\"}},{\"@type\":\"Person\",\"@id\":\"https:\\\/\\\/regiaonews.net.br\\\/2022\\\/#\\\/schema\\\/person\\\/2d205a608a5aa97ac279d7a5e6d89ad8\",\"name\":\"Roberto\",\"image\":{\"@type\":\"ImageObject\",\"inLanguage\":\"pt-BR\",\"@id\":\"https:\\\/\\\/secure.gravatar.com\\\/avatar\\\/42749d8b712ff9d59ca93dc150494e5b55a44134482993f5baeb97e61b7ecc89?s=96&d=mm&r=g\",\"url\":\"https:\\\/\\\/secure.gravatar.com\\\/avatar\\\/42749d8b712ff9d59ca93dc150494e5b55a44134482993f5baeb97e61b7ecc89?s=96&d=mm&r=g\",\"contentUrl\":\"https:\\\/\\\/secure.gravatar.com\\\/avatar\\\/42749d8b712ff9d59ca93dc150494e5b55a44134482993f5baeb97e61b7ecc89?s=96&d=mm&r=g\",\"caption\":\"Roberto\"},\"url\":\"https:\\\/\\\/regiaonews.net.br\\\/2022\\\/author\\\/roberto\\\/\"}]}<\/script>\n<!-- \/ Yoast SEO plugin. -->","yoast_head_json":{"title":"Deic de Ribeir\u00e3o Preto apreende mais de 2,8 mil por\u00e7\u00f5es de drogas - Regi\u00e3o News","robots":{"index":"index","follow":"follow","max-snippet":"max-snippet:-1","max-image-preview":"max-image-preview:large","max-video-preview":"max-video-preview:-1"},"canonical":"https:\/\/regiaonews.net.br\/2022\/2021\/06\/08\/deic-de-ribeirao-preto-apreende-mais-de-28-mil-porcoes-de-drogas\/","og_locale":"pt_BR","og_type":"article","og_title":"Deic de Ribeir\u00e3o Preto apreende mais de 2,8 mil por\u00e7\u00f5es de drogas - Regi\u00e3o News","og_description":"Entorpecentes foram encontrados em um barraco abandonado A Pol\u00edcia Civil","og_url":"https:\/\/regiaonews.net.br\/2022\/2021\/06\/08\/deic-de-ribeirao-preto-apreende-mais-de-28-mil-porcoes-de-drogas\/","og_site_name":"Regi\u00e3o News","article_published_time":"2021-06-08T20:40:31+00:00","og_image":[{"width":1016,"height":474,"url":"https:\/\/regiaonews.net.br\/2022\/wp-content\/uploads\/2021\/06\/00045294.jpeg","type":"image\/jpeg"}],"author":"Roberto","twitter_card":"summary_large_image","twitter_misc":{"Escrito por":"Roberto","Est. tempo de leitura":"1 minuto"},"schema":{"@context":"https:\/\/schema.org","@graph":[{"@type":"Article","@id":"https:\/\/regiaonews.net.br\/2022\/2021\/06\/08\/deic-de-ribeirao-preto-apreende-mais-de-28-mil-porcoes-de-drogas\/#article","isPartOf":{"@id":"https:\/\/regiaonews.net.br\/2022\/2021\/06\/08\/deic-de-ribeirao-preto-apreende-mais-de-28-mil-porcoes-de-drogas\/"},"author":{"name":"Roberto","@id":"https:\/\/regiaonews.net.br\/2022\/#\/schema\/person\/2d205a608a5aa97ac279d7a5e6d89ad8"},"headline":"Deic de Ribeir\u00e3o Preto apreende mais de 2,8 mil por\u00e7\u00f5es de drogas","datePublished":"2021-06-08T20:40:31+00:00","mainEntityOfPage":{"@id":"https:\/\/regiaonews.net.br\/2022\/2021\/06\/08\/deic-de-ribeirao-preto-apreende-mais-de-28-mil-porcoes-de-drogas\/"},"wordCount":175,"commentCount":0,"publisher":{"@id":"https:\/\/regiaonews.net.br\/2022\/#organization"},"image":{"@id":"https:\/\/regiaonews.net.br\/2022\/2021\/06\/08\/deic-de-ribeirao-preto-apreende-mais-de-28-mil-porcoes-de-drogas\/#primaryimage"},"thumbnailUrl":"https:\/\/regiaonews.net.br\/2022\/wp-content\/uploads\/2021\/06\/00045294.jpeg","articleSection":["Cidades","Policia","Ribeir\u00e3o Preto"],"inLanguage":"pt-BR","potentialAction":[{"@type":"CommentAction","name":"Comment","target":["https:\/\/regiaonews.net.br\/2022\/2021\/06\/08\/deic-de-ribeirao-preto-apreende-mais-de-28-mil-porcoes-de-drogas\/#respond"]}]},{"@type":"WebPage","@id":"https:\/\/regiaonews.net.br\/2022\/2021\/06\/08\/deic-de-ribeirao-preto-apreende-mais-de-28-mil-porcoes-de-drogas\/","url":"https:\/\/regiaonews.net.br\/2022\/2021\/06\/08\/deic-de-ribeirao-preto-apreende-mais-de-28-mil-porcoes-de-drogas\/","name":"Deic de Ribeir\u00e3o Preto apreende mais de 2,8 mil por\u00e7\u00f5es de drogas - Regi\u00e3o News","isPartOf":{"@id":"https:\/\/regiaonews.net.br\/2022\/#website"},"primaryImageOfPage":{"@id":"https:\/\/regiaonews.net.br\/2022\/2021\/06\/08\/deic-de-ribeirao-preto-apreende-mais-de-28-mil-porcoes-de-drogas\/#primaryimage"},"image":{"@id":"https:\/\/regiaonews.net.br\/2022\/2021\/06\/08\/deic-de-ribeirao-preto-apreende-mais-de-28-mil-porcoes-de-drogas\/#primaryimage"},"thumbnailUrl":"https:\/\/regiaonews.net.br\/2022\/wp-content\/uploads\/2021\/06\/00045294.jpeg","datePublished":"2021-06-08T20:40:31+00:00","breadcrumb":{"@id":"https:\/\/regiaonews.net.br\/2022\/2021\/06\/08\/deic-de-ribeirao-preto-apreende-mais-de-28-mil-porcoes-de-drogas\/#breadcrumb"},"inLanguage":"pt-BR","potentialAction":[{"@type":"ReadAction","target":["https:\/\/regiaonews.net.br\/2022\/2021\/06\/08\/deic-de-ribeirao-preto-apreende-mais-de-28-mil-porcoes-de-drogas\/"]}]},{"@type":"ImageObject","inLanguage":"pt-BR","@id":"https:\/\/regiaonews.net.br\/2022\/2021\/06\/08\/deic-de-ribeirao-preto-apreende-mais-de-28-mil-porcoes-de-drogas\/#primaryimage","url":"https:\/\/regiaonews.net.br\/2022\/wp-content\/uploads\/2021\/06\/00045294.jpeg","contentUrl":"https:\/\/regiaonews.net.br\/2022\/wp-content\/uploads\/2021\/06\/00045294.jpeg","width":1016,"height":474},{"@type":"BreadcrumbList","@id":"https:\/\/regiaonews.net.br\/2022\/2021\/06\/08\/deic-de-ribeirao-preto-apreende-mais-de-28-mil-porcoes-de-drogas\/#breadcrumb","itemListElement":[{"@type":"ListItem","position":1,"name":"In\u00edcio","item":"https:\/\/regiaonews.net.br\/2022\/"},{"@type":"ListItem","position":2,"name":"Deic de Ribeir\u00e3o Preto apreende mais de 2,8 mil por\u00e7\u00f5es de drogas"}]},{"@type":"WebSite","@id":"https:\/\/regiaonews.net.br\/2022\/#website","url":"https:\/\/regiaonews.net.br\/2022\/","name":"Regi\u00e3o News","description":"Site de Not\u00edcias de Barretos e regi\u00e3o","publisher":{"@id":"https:\/\/regiaonews.net.br\/2022\/#organization"},"potentialAction":[{"@type":"SearchAction","target":{"@type":"EntryPoint","urlTemplate":"https:\/\/regiaonews.net.br\/2022\/?s={search_term_string}"},"query-input":{"@type":"PropertyValueSpecification","valueRequired":true,"valueName":"search_term_string"}}],"inLanguage":"pt-BR"},{"@type":"Organization","@id":"https:\/\/regiaonews.net.br\/2022\/#organization","name":"Regi\u00e3o News","url":"https:\/\/regiaonews.net.br\/2022\/","logo":{"@type":"ImageObject","inLanguage":"pt-BR","@id":"https:\/\/regiaonews.net.br\/2022\/#\/schema\/logo\/image\/","url":"https:\/\/regiaonews.net.br\/2022\/wp-content\/uploads\/2026\/03\/regiao-13-anos-scaled.jpg","contentUrl":"https:\/\/regiaonews.net.br\/2022\/wp-content\/uploads\/2026\/03\/regiao-13-anos-scaled.jpg","width":2560,"height":635,"caption":"Regi\u00e3o News"},"image":{"@id":"https:\/\/regiaonews.net.br\/2022\/#\/schema\/logo\/image\/"}},{"@type":"Person","@id":"https:\/\/regiaonews.net.br\/2022\/#\/schema\/person\/2d205a608a5aa97ac279d7a5e6d89ad8","name":"Roberto","image":{"@type":"ImageObject","inLanguage":"pt-BR","@id":"https:\/\/secure.gravatar.com\/avatar\/42749d8b712ff9d59ca93dc150494e5b55a44134482993f5baeb97e61b7ecc89?s=96&d=mm&r=g","url":"https:\/\/secure.gravatar.com\/avatar\/42749d8b712ff9d59ca93dc150494e5b55a44134482993f5baeb97e61b7ecc89?s=96&d=mm&r=g","contentUrl":"https:\/\/secure.gravatar.com\/avatar\/42749d8b712ff9d59ca93dc150494e5b55a44134482993f5baeb97e61b7ecc89?s=96&d=mm&r=g","caption":"Roberto"},"url":"https:\/\/regiaonews.net.br\/2022\/author\/roberto\/"}]}},"publishpress_future_action":{"enabled":false,"date":"2026-05-04 10:05:39","action":"change-status","newStatus":"draft","terms":[],"taxonomy":"category","extraData":[]},"publishpress_future_workflow_manual_trigger":{"enabledWorkflows":[]},"_links":{"self":[{"href":"https:\/\/regiaonews.net.br\/2022\/wp-json\/wp\/v2\/posts\/48281","targetHints":{"allow":["GET"]}}],"collection":[{"href":"https:\/\/regiaonews.net.br\/2022\/wp-json\/wp\/v2\/posts"}],"about":[{"href":"https:\/\/regiaonews.net.br\/2022\/wp-json\/wp\/v2\/types\/post"}],"author":[{"embeddable":true,"href":"https:\/\/regiaonews.net.br\/2022\/wp-json\/wp\/v2\/users\/2"}],"replies":[{"embeddable":true,"href":"https:\/\/regiaonews.net.br\/2022\/wp-json\/wp\/v2\/comments?post=48281"}],"version-history":[{"count":0,"href":"https:\/\/regiaonews.net.br\/2022\/wp-json\/wp\/v2\/posts\/48281\/revisions"}],"wp:featuredmedia":[{"embeddable":true,"href":"https:\/\/regiaonews.net.br\/2022\/wp-json\/wp\/v2\/media\/48282"}],"wp:attachment":[{"href":"https:\/\/regiaonews.net.br\/2022\/wp-json\/wp\/v2\/media?parent=48281"}],"wp:term":[{"taxonomy":"category","embeddable":true,"href":"https:\/\/regiaonews.net.br\/2022\/wp-json\/wp\/v2\/categories?post=48281"},{"taxonomy":"post_tag","embeddable":true,"href":"https:\/\/regiaonews.net.br\/2022\/wp-json\/wp\/v2\/tags?post=48281"}],"curies":[{"name":"wp","href":"https:\/\/api.w.org\/{rel}","templated":true}]}}