{"id":48278,"date":"2021-06-08T17:34:07","date_gmt":"2021-06-08T20:34:07","guid":{"rendered":"https:\/\/regiaonews.net.br\/2022\/?p=48278"},"modified":"2021-06-08T17:34:07","modified_gmt":"2021-06-08T20:34:07","slug":"baixo-nivel-do-rio-grande-afeta-economia-de-pescadores-de-colombia-e-regiao","status":"publish","type":"post","link":"https:\/\/regiaonews.net.br\/2022\/2021\/06\/08\/baixo-nivel-do-rio-grande-afeta-economia-de-pescadores-de-colombia-e-regiao\/","title":{"rendered":"Baixo n\u00edvel do Rio Grande afeta economia de pescadores de Col\u00f4mbia e regi\u00e3o"},"content":{"rendered":"<p><a href=\"https:\/\/regiaonews.net.br\/2022\/wp-content\/uploads\/2021\/06\/4ed8af6d-0518-402a-aa80-b63a1883b637.jpg\"><img loading=\"lazy\" decoding=\"async\" class=\"alignnone size-medium wp-image-48279\" src=\"https:\/\/regiaonews.net.br\/2022\/wp-content\/uploads\/2021\/06\/4ed8af6d-0518-402a-aa80-b63a1883b637-300x170.jpg\" alt=\"\" width=\"300\" height=\"170\" \/><\/a><\/p>\n<p>Foto \u2013 N\u00edvel das \u00e1guas do Rio Grande em Col\u00f4mbia<\/p>\n<p>O baixo volume das \u00e1guas do Rio Grande est\u00e1 afetando os pescadores ribeirinhos que sobrevivem exclusivamente da pesca profissional na regi\u00e3o de Col\u00f4mbia, Guaraci e outros munic\u00edpios banhados pelas \u00e1guas da Usina Hidrel\u00e9trica de Marimbondo. Segundo a bi\u00f3loga Maria In\u00e1cia Macedo Freitas, com a mudan\u00e7a do ecossistema da regi\u00e3o, e como baixo n\u00edvel de \u00e1gua sendo represado, os pescadores est\u00e3o tendo realizar a pesca com outros equipamentos e andar longas dist\u00e2ncias em busca do pescado. \u201cEm anos anteriores, os pescadores conseguiam se manter neste per\u00edodo de seca, j\u00e1 que havia reserva de \u00e1gua. Com a pandemia diminuiu o consumo, pelo fato dos estabelecimentos estarem fechados e somado a isso, a pesca se tornou mais dif\u00edcil que muda de acordo com as condi\u00e7\u00f5es do n\u00edvel da \u00e1gua\u201d, explicou Maria In\u00e1cia.<br \/>\nSegundo a bi\u00f3loga, diante dessa realidade, muitos pescadores est\u00e3o passando por grandes dificuldades e est\u00e3o buscando apoio da Prefeitura de Col\u00f4mbia, j\u00e1 pagam aluguel e outras despesas para sobreviverem.<\/p>\n","protected":false},"excerpt":{"rendered":"<p>Foto \u2013 N\u00edvel das \u00e1guas do Rio Grande em Col\u00f4mbia<\/p>\n","protected":false},"author":2,"featured_media":48279,"comment_status":"open","ping_status":"open","sticky":false,"template":"","format":"standard","meta":{"footnotes":""},"categories":[25,6],"tags":[],"class_list":["post-48278","post","type-post","status-publish","format-standard","has-post-thumbnail","hentry","category-cidades","category-colombia"],"yoast_head":"<!-- This site is optimized with the Yoast SEO plugin v27.4 - https:\/\/yoast.com\/product\/yoast-seo-wordpress\/ -->\n<title>Baixo n\u00edvel do Rio Grande afeta economia de pescadores de Col\u00f4mbia e regi\u00e3o - Regi\u00e3o News<\/title>\n<meta name=\"robots\" content=\"index, follow, max-snippet:-1, max-image-preview:large, max-video-preview:-1\" \/>\n<link rel=\"canonical\" href=\"https:\/\/regiaonews.net.br\/2022\/2021\/06\/08\/baixo-nivel-do-rio-grande-afeta-economia-de-pescadores-de-colombia-e-regiao\/\" \/>\n<meta property=\"og:locale\" content=\"pt_BR\" \/>\n<meta property=\"og:type\" content=\"article\" \/>\n<meta property=\"og:title\" content=\"Baixo n\u00edvel do Rio Grande afeta economia de pescadores de Col\u00f4mbia e regi\u00e3o - Regi\u00e3o News\" \/>\n<meta property=\"og:description\" content=\"Foto \u2013 N\u00edvel das \u00e1guas do Rio Grande em Col\u00f4mbia\" \/>\n<meta property=\"og:url\" content=\"https:\/\/regiaonews.net.br\/2022\/2021\/06\/08\/baixo-nivel-do-rio-grande-afeta-economia-de-pescadores-de-colombia-e-regiao\/\" \/>\n<meta property=\"og:site_name\" content=\"Regi\u00e3o News\" \/>\n<meta property=\"article:published_time\" content=\"2021-06-08T20:34:07+00:00\" \/>\n<meta property=\"og:image\" content=\"https:\/\/regiaonews.net.br\/2022\/wp-content\/uploads\/2021\/06\/4ed8af6d-0518-402a-aa80-b63a1883b637.jpg\" \/>\n\t<meta property=\"og:image:width\" content=\"567\" \/>\n\t<meta property=\"og:image:height\" content=\"321\" \/>\n\t<meta property=\"og:image:type\" content=\"image\/jpeg\" \/>\n<meta name=\"author\" content=\"Roberto\" \/>\n<meta name=\"twitter:card\" content=\"summary_large_image\" \/>\n<meta name=\"twitter:label1\" content=\"Escrito por\" \/>\n\t<meta name=\"twitter:data1\" content=\"Roberto\" \/>\n\t<meta name=\"twitter:label2\" content=\"Est. tempo de leitura\" \/>\n\t<meta name=\"twitter:data2\" content=\"1 minuto\" \/>\n<script type=\"application\/ld+json\" class=\"yoast-schema-graph\">{\"@context\":\"https:\\\/\\\/schema.org\",\"@graph\":[{\"@type\":\"Article\",\"@id\":\"https:\\\/\\\/regiaonews.net.br\\\/2022\\\/2021\\\/06\\\/08\\\/baixo-nivel-do-rio-grande-afeta-economia-de-pescadores-de-colombia-e-regiao\\\/#article\",\"isPartOf\":{\"@id\":\"https:\\\/\\\/regiaonews.net.br\\\/2022\\\/2021\\\/06\\\/08\\\/baixo-nivel-do-rio-grande-afeta-economia-de-pescadores-de-colombia-e-regiao\\\/\"},\"author\":{\"name\":\"Roberto\",\"@id\":\"https:\\\/\\\/regiaonews.net.br\\\/2022\\\/#\\\/schema\\\/person\\\/2d205a608a5aa97ac279d7a5e6d89ad8\"},\"headline\":\"Baixo n\u00edvel do Rio Grande afeta economia de pescadores de Col\u00f4mbia e regi\u00e3o\",\"datePublished\":\"2021-06-08T20:34:07+00:00\",\"mainEntityOfPage\":{\"@id\":\"https:\\\/\\\/regiaonews.net.br\\\/2022\\\/2021\\\/06\\\/08\\\/baixo-nivel-do-rio-grande-afeta-economia-de-pescadores-de-colombia-e-regiao\\\/\"},\"wordCount\":205,\"commentCount\":0,\"publisher\":{\"@id\":\"https:\\\/\\\/regiaonews.net.br\\\/2022\\\/#organization\"},\"image\":{\"@id\":\"https:\\\/\\\/regiaonews.net.br\\\/2022\\\/2021\\\/06\\\/08\\\/baixo-nivel-do-rio-grande-afeta-economia-de-pescadores-de-colombia-e-regiao\\\/#primaryimage\"},\"thumbnailUrl\":\"https:\\\/\\\/regiaonews.net.br\\\/2022\\\/wp-content\\\/uploads\\\/2021\\\/06\\\/4ed8af6d-0518-402a-aa80-b63a1883b637.jpg\",\"articleSection\":[\"Cidades\",\"Col\u00f4mbia\"],\"inLanguage\":\"pt-BR\",\"potentialAction\":[{\"@type\":\"CommentAction\",\"name\":\"Comment\",\"target\":[\"https:\\\/\\\/regiaonews.net.br\\\/2022\\\/2021\\\/06\\\/08\\\/baixo-nivel-do-rio-grande-afeta-economia-de-pescadores-de-colombia-e-regiao\\\/#respond\"]}]},{\"@type\":\"WebPage\",\"@id\":\"https:\\\/\\\/regiaonews.net.br\\\/2022\\\/2021\\\/06\\\/08\\\/baixo-nivel-do-rio-grande-afeta-economia-de-pescadores-de-colombia-e-regiao\\\/\",\"url\":\"https:\\\/\\\/regiaonews.net.br\\\/2022\\\/2021\\\/06\\\/08\\\/baixo-nivel-do-rio-grande-afeta-economia-de-pescadores-de-colombia-e-regiao\\\/\",\"name\":\"Baixo n\u00edvel do Rio Grande afeta economia de pescadores de Col\u00f4mbia e regi\u00e3o - Regi\u00e3o News\",\"isPartOf\":{\"@id\":\"https:\\\/\\\/regiaonews.net.br\\\/2022\\\/#website\"},\"primaryImageOfPage\":{\"@id\":\"https:\\\/\\\/regiaonews.net.br\\\/2022\\\/2021\\\/06\\\/08\\\/baixo-nivel-do-rio-grande-afeta-economia-de-pescadores-de-colombia-e-regiao\\\/#primaryimage\"},\"image\":{\"@id\":\"https:\\\/\\\/regiaonews.net.br\\\/2022\\\/2021\\\/06\\\/08\\\/baixo-nivel-do-rio-grande-afeta-economia-de-pescadores-de-colombia-e-regiao\\\/#primaryimage\"},\"thumbnailUrl\":\"https:\\\/\\\/regiaonews.net.br\\\/2022\\\/wp-content\\\/uploads\\\/2021\\\/06\\\/4ed8af6d-0518-402a-aa80-b63a1883b637.jpg\",\"datePublished\":\"2021-06-08T20:34:07+00:00\",\"breadcrumb\":{\"@id\":\"https:\\\/\\\/regiaonews.net.br\\\/2022\\\/2021\\\/06\\\/08\\\/baixo-nivel-do-rio-grande-afeta-economia-de-pescadores-de-colombia-e-regiao\\\/#breadcrumb\"},\"inLanguage\":\"pt-BR\",\"potentialAction\":[{\"@type\":\"ReadAction\",\"target\":[\"https:\\\/\\\/regiaonews.net.br\\\/2022\\\/2021\\\/06\\\/08\\\/baixo-nivel-do-rio-grande-afeta-economia-de-pescadores-de-colombia-e-regiao\\\/\"]}]},{\"@type\":\"ImageObject\",\"inLanguage\":\"pt-BR\",\"@id\":\"https:\\\/\\\/regiaonews.net.br\\\/2022\\\/2021\\\/06\\\/08\\\/baixo-nivel-do-rio-grande-afeta-economia-de-pescadores-de-colombia-e-regiao\\\/#primaryimage\",\"url\":\"https:\\\/\\\/regiaonews.net.br\\\/2022\\\/wp-content\\\/uploads\\\/2021\\\/06\\\/4ed8af6d-0518-402a-aa80-b63a1883b637.jpg\",\"contentUrl\":\"https:\\\/\\\/regiaonews.net.br\\\/2022\\\/wp-content\\\/uploads\\\/2021\\\/06\\\/4ed8af6d-0518-402a-aa80-b63a1883b637.jpg\",\"width\":567,\"height\":321},{\"@type\":\"BreadcrumbList\",\"@id\":\"https:\\\/\\\/regiaonews.net.br\\\/2022\\\/2021\\\/06\\\/08\\\/baixo-nivel-do-rio-grande-afeta-economia-de-pescadores-de-colombia-e-regiao\\\/#breadcrumb\",\"itemListElement\":[{\"@type\":\"ListItem\",\"position\":1,\"name\":\"In\u00edcio\",\"item\":\"https:\\\/\\\/regiaonews.net.br\\\/2022\\\/\"},{\"@type\":\"ListItem\",\"position\":2,\"name\":\"Baixo n\u00edvel do Rio Grande afeta economia de pescadores de Col\u00f4mbia e regi\u00e3o\"}]},{\"@type\":\"WebSite\",\"@id\":\"https:\\\/\\\/regiaonews.net.br\\\/2022\\\/#website\",\"url\":\"https:\\\/\\\/regiaonews.net.br\\\/2022\\\/\",\"name\":\"Regi\u00e3o News\",\"description\":\"Site de Not\u00edcias de Barretos e regi\u00e3o\",\"publisher\":{\"@id\":\"https:\\\/\\\/regiaonews.net.br\\\/2022\\\/#organization\"},\"potentialAction\":[{\"@type\":\"SearchAction\",\"target\":{\"@type\":\"EntryPoint\",\"urlTemplate\":\"https:\\\/\\\/regiaonews.net.br\\\/2022\\\/?s={search_term_string}\"},\"query-input\":{\"@type\":\"PropertyValueSpecification\",\"valueRequired\":true,\"valueName\":\"search_term_string\"}}],\"inLanguage\":\"pt-BR\"},{\"@type\":\"Organization\",\"@id\":\"https:\\\/\\\/regiaonews.net.br\\\/2022\\\/#organization\",\"name\":\"Regi\u00e3o News\",\"url\":\"https:\\\/\\\/regiaonews.net.br\\\/2022\\\/\",\"logo\":{\"@type\":\"ImageObject\",\"inLanguage\":\"pt-BR\",\"@id\":\"https:\\\/\\\/regiaonews.net.br\\\/2022\\\/#\\\/schema\\\/logo\\\/image\\\/\",\"url\":\"https:\\\/\\\/regiaonews.net.br\\\/2022\\\/wp-content\\\/uploads\\\/2026\\\/03\\\/regiao-13-anos-scaled.jpg\",\"contentUrl\":\"https:\\\/\\\/regiaonews.net.br\\\/2022\\\/wp-content\\\/uploads\\\/2026\\\/03\\\/regiao-13-anos-scaled.jpg\",\"width\":2560,\"height\":635,\"caption\":\"Regi\u00e3o News\"},\"image\":{\"@id\":\"https:\\\/\\\/regiaonews.net.br\\\/2022\\\/#\\\/schema\\\/logo\\\/image\\\/\"}},{\"@type\":\"Person\",\"@id\":\"https:\\\/\\\/regiaonews.net.br\\\/2022\\\/#\\\/schema\\\/person\\\/2d205a608a5aa97ac279d7a5e6d89ad8\",\"name\":\"Roberto\",\"image\":{\"@type\":\"ImageObject\",\"inLanguage\":\"pt-BR\",\"@id\":\"https:\\\/\\\/secure.gravatar.com\\\/avatar\\\/42749d8b712ff9d59ca93dc150494e5b55a44134482993f5baeb97e61b7ecc89?s=96&d=mm&r=g\",\"url\":\"https:\\\/\\\/secure.gravatar.com\\\/avatar\\\/42749d8b712ff9d59ca93dc150494e5b55a44134482993f5baeb97e61b7ecc89?s=96&d=mm&r=g\",\"contentUrl\":\"https:\\\/\\\/secure.gravatar.com\\\/avatar\\\/42749d8b712ff9d59ca93dc150494e5b55a44134482993f5baeb97e61b7ecc89?s=96&d=mm&r=g\",\"caption\":\"Roberto\"},\"url\":\"https:\\\/\\\/regiaonews.net.br\\\/2022\\\/author\\\/roberto\\\/\"}]}<\/script>\n<!-- \/ Yoast SEO plugin. -->","yoast_head_json":{"title":"Baixo n\u00edvel do Rio Grande afeta economia de pescadores de Col\u00f4mbia e regi\u00e3o - Regi\u00e3o News","robots":{"index":"index","follow":"follow","max-snippet":"max-snippet:-1","max-image-preview":"max-image-preview:large","max-video-preview":"max-video-preview:-1"},"canonical":"https:\/\/regiaonews.net.br\/2022\/2021\/06\/08\/baixo-nivel-do-rio-grande-afeta-economia-de-pescadores-de-colombia-e-regiao\/","og_locale":"pt_BR","og_type":"article","og_title":"Baixo n\u00edvel do Rio Grande afeta economia de pescadores de Col\u00f4mbia e regi\u00e3o - Regi\u00e3o News","og_description":"Foto \u2013 N\u00edvel das \u00e1guas do Rio Grande em Col\u00f4mbia","og_url":"https:\/\/regiaonews.net.br\/2022\/2021\/06\/08\/baixo-nivel-do-rio-grande-afeta-economia-de-pescadores-de-colombia-e-regiao\/","og_site_name":"Regi\u00e3o News","article_published_time":"2021-06-08T20:34:07+00:00","og_image":[{"width":567,"height":321,"url":"https:\/\/regiaonews.net.br\/2022\/wp-content\/uploads\/2021\/06\/4ed8af6d-0518-402a-aa80-b63a1883b637.jpg","type":"image\/jpeg"}],"author":"Roberto","twitter_card":"summary_large_image","twitter_misc":{"Escrito por":"Roberto","Est. tempo de leitura":"1 minuto"},"schema":{"@context":"https:\/\/schema.org","@graph":[{"@type":"Article","@id":"https:\/\/regiaonews.net.br\/2022\/2021\/06\/08\/baixo-nivel-do-rio-grande-afeta-economia-de-pescadores-de-colombia-e-regiao\/#article","isPartOf":{"@id":"https:\/\/regiaonews.net.br\/2022\/2021\/06\/08\/baixo-nivel-do-rio-grande-afeta-economia-de-pescadores-de-colombia-e-regiao\/"},"author":{"name":"Roberto","@id":"https:\/\/regiaonews.net.br\/2022\/#\/schema\/person\/2d205a608a5aa97ac279d7a5e6d89ad8"},"headline":"Baixo n\u00edvel do Rio Grande afeta economia de pescadores de Col\u00f4mbia e regi\u00e3o","datePublished":"2021-06-08T20:34:07+00:00","mainEntityOfPage":{"@id":"https:\/\/regiaonews.net.br\/2022\/2021\/06\/08\/baixo-nivel-do-rio-grande-afeta-economia-de-pescadores-de-colombia-e-regiao\/"},"wordCount":205,"commentCount":0,"publisher":{"@id":"https:\/\/regiaonews.net.br\/2022\/#organization"},"image":{"@id":"https:\/\/regiaonews.net.br\/2022\/2021\/06\/08\/baixo-nivel-do-rio-grande-afeta-economia-de-pescadores-de-colombia-e-regiao\/#primaryimage"},"thumbnailUrl":"https:\/\/regiaonews.net.br\/2022\/wp-content\/uploads\/2021\/06\/4ed8af6d-0518-402a-aa80-b63a1883b637.jpg","articleSection":["Cidades","Col\u00f4mbia"],"inLanguage":"pt-BR","potentialAction":[{"@type":"CommentAction","name":"Comment","target":["https:\/\/regiaonews.net.br\/2022\/2021\/06\/08\/baixo-nivel-do-rio-grande-afeta-economia-de-pescadores-de-colombia-e-regiao\/#respond"]}]},{"@type":"WebPage","@id":"https:\/\/regiaonews.net.br\/2022\/2021\/06\/08\/baixo-nivel-do-rio-grande-afeta-economia-de-pescadores-de-colombia-e-regiao\/","url":"https:\/\/regiaonews.net.br\/2022\/2021\/06\/08\/baixo-nivel-do-rio-grande-afeta-economia-de-pescadores-de-colombia-e-regiao\/","name":"Baixo n\u00edvel do Rio Grande afeta economia de pescadores de Col\u00f4mbia e regi\u00e3o - Regi\u00e3o News","isPartOf":{"@id":"https:\/\/regiaonews.net.br\/2022\/#website"},"primaryImageOfPage":{"@id":"https:\/\/regiaonews.net.br\/2022\/2021\/06\/08\/baixo-nivel-do-rio-grande-afeta-economia-de-pescadores-de-colombia-e-regiao\/#primaryimage"},"image":{"@id":"https:\/\/regiaonews.net.br\/2022\/2021\/06\/08\/baixo-nivel-do-rio-grande-afeta-economia-de-pescadores-de-colombia-e-regiao\/#primaryimage"},"thumbnailUrl":"https:\/\/regiaonews.net.br\/2022\/wp-content\/uploads\/2021\/06\/4ed8af6d-0518-402a-aa80-b63a1883b637.jpg","datePublished":"2021-06-08T20:34:07+00:00","breadcrumb":{"@id":"https:\/\/regiaonews.net.br\/2022\/2021\/06\/08\/baixo-nivel-do-rio-grande-afeta-economia-de-pescadores-de-colombia-e-regiao\/#breadcrumb"},"inLanguage":"pt-BR","potentialAction":[{"@type":"ReadAction","target":["https:\/\/regiaonews.net.br\/2022\/2021\/06\/08\/baixo-nivel-do-rio-grande-afeta-economia-de-pescadores-de-colombia-e-regiao\/"]}]},{"@type":"ImageObject","inLanguage":"pt-BR","@id":"https:\/\/regiaonews.net.br\/2022\/2021\/06\/08\/baixo-nivel-do-rio-grande-afeta-economia-de-pescadores-de-colombia-e-regiao\/#primaryimage","url":"https:\/\/regiaonews.net.br\/2022\/wp-content\/uploads\/2021\/06\/4ed8af6d-0518-402a-aa80-b63a1883b637.jpg","contentUrl":"https:\/\/regiaonews.net.br\/2022\/wp-content\/uploads\/2021\/06\/4ed8af6d-0518-402a-aa80-b63a1883b637.jpg","width":567,"height":321},{"@type":"BreadcrumbList","@id":"https:\/\/regiaonews.net.br\/2022\/2021\/06\/08\/baixo-nivel-do-rio-grande-afeta-economia-de-pescadores-de-colombia-e-regiao\/#breadcrumb","itemListElement":[{"@type":"ListItem","position":1,"name":"In\u00edcio","item":"https:\/\/regiaonews.net.br\/2022\/"},{"@type":"ListItem","position":2,"name":"Baixo n\u00edvel do Rio Grande afeta economia de pescadores de Col\u00f4mbia e regi\u00e3o"}]},{"@type":"WebSite","@id":"https:\/\/regiaonews.net.br\/2022\/#website","url":"https:\/\/regiaonews.net.br\/2022\/","name":"Regi\u00e3o News","description":"Site de Not\u00edcias de Barretos e regi\u00e3o","publisher":{"@id":"https:\/\/regiaonews.net.br\/2022\/#organization"},"potentialAction":[{"@type":"SearchAction","target":{"@type":"EntryPoint","urlTemplate":"https:\/\/regiaonews.net.br\/2022\/?s={search_term_string}"},"query-input":{"@type":"PropertyValueSpecification","valueRequired":true,"valueName":"search_term_string"}}],"inLanguage":"pt-BR"},{"@type":"Organization","@id":"https:\/\/regiaonews.net.br\/2022\/#organization","name":"Regi\u00e3o News","url":"https:\/\/regiaonews.net.br\/2022\/","logo":{"@type":"ImageObject","inLanguage":"pt-BR","@id":"https:\/\/regiaonews.net.br\/2022\/#\/schema\/logo\/image\/","url":"https:\/\/regiaonews.net.br\/2022\/wp-content\/uploads\/2026\/03\/regiao-13-anos-scaled.jpg","contentUrl":"https:\/\/regiaonews.net.br\/2022\/wp-content\/uploads\/2026\/03\/regiao-13-anos-scaled.jpg","width":2560,"height":635,"caption":"Regi\u00e3o News"},"image":{"@id":"https:\/\/regiaonews.net.br\/2022\/#\/schema\/logo\/image\/"}},{"@type":"Person","@id":"https:\/\/regiaonews.net.br\/2022\/#\/schema\/person\/2d205a608a5aa97ac279d7a5e6d89ad8","name":"Roberto","image":{"@type":"ImageObject","inLanguage":"pt-BR","@id":"https:\/\/secure.gravatar.com\/avatar\/42749d8b712ff9d59ca93dc150494e5b55a44134482993f5baeb97e61b7ecc89?s=96&d=mm&r=g","url":"https:\/\/secure.gravatar.com\/avatar\/42749d8b712ff9d59ca93dc150494e5b55a44134482993f5baeb97e61b7ecc89?s=96&d=mm&r=g","contentUrl":"https:\/\/secure.gravatar.com\/avatar\/42749d8b712ff9d59ca93dc150494e5b55a44134482993f5baeb97e61b7ecc89?s=96&d=mm&r=g","caption":"Roberto"},"url":"https:\/\/regiaonews.net.br\/2022\/author\/roberto\/"}]}},"publishpress_future_action":{"enabled":false,"date":"2026-05-04 11:36:47","action":"change-status","newStatus":"draft","terms":[],"taxonomy":"category","extraData":[]},"publishpress_future_workflow_manual_trigger":{"enabledWorkflows":[]},"_links":{"self":[{"href":"https:\/\/regiaonews.net.br\/2022\/wp-json\/wp\/v2\/posts\/48278","targetHints":{"allow":["GET"]}}],"collection":[{"href":"https:\/\/regiaonews.net.br\/2022\/wp-json\/wp\/v2\/posts"}],"about":[{"href":"https:\/\/regiaonews.net.br\/2022\/wp-json\/wp\/v2\/types\/post"}],"author":[{"embeddable":true,"href":"https:\/\/regiaonews.net.br\/2022\/wp-json\/wp\/v2\/users\/2"}],"replies":[{"embeddable":true,"href":"https:\/\/regiaonews.net.br\/2022\/wp-json\/wp\/v2\/comments?post=48278"}],"version-history":[{"count":0,"href":"https:\/\/regiaonews.net.br\/2022\/wp-json\/wp\/v2\/posts\/48278\/revisions"}],"wp:featuredmedia":[{"embeddable":true,"href":"https:\/\/regiaonews.net.br\/2022\/wp-json\/wp\/v2\/media\/48279"}],"wp:attachment":[{"href":"https:\/\/regiaonews.net.br\/2022\/wp-json\/wp\/v2\/media?parent=48278"}],"wp:term":[{"taxonomy":"category","embeddable":true,"href":"https:\/\/regiaonews.net.br\/2022\/wp-json\/wp\/v2\/categories?post=48278"},{"taxonomy":"post_tag","embeddable":true,"href":"https:\/\/regiaonews.net.br\/2022\/wp-json\/wp\/v2\/tags?post=48278"}],"curies":[{"name":"wp","href":"https:\/\/api.w.org\/{rel}","templated":true}]}}