{"id":48252,"date":"2021-06-08T08:21:38","date_gmt":"2021-06-08T11:21:38","guid":{"rendered":"https:\/\/regiaonews.net.br\/2022\/?p=48252"},"modified":"2021-06-08T08:21:38","modified_gmt":"2021-06-08T11:21:38","slug":"ministro-autoriza-envio-da-forca-nacional-para-o-amazonas","status":"publish","type":"post","link":"https:\/\/regiaonews.net.br\/2022\/2021\/06\/08\/ministro-autoriza-envio-da-forca-nacional-para-o-amazonas\/","title":{"rendered":"Ministro autoriza envio da For\u00e7a Nacional para o Amazonas"},"content":{"rendered":"<figure id=\"attachment_48253\" aria-describedby=\"caption-attachment-48253\" style=\"width: 300px\" class=\"wp-caption alignnone\"><a href=\"https:\/\/regiaonews.net.br\/2022\/wp-content\/uploads\/2021\/06\/campanha-dna-pessoas-desaparecidas_mcamgo_abr_250520211818-21.jpg\"><img loading=\"lazy\" decoding=\"async\" class=\"size-medium wp-image-48253\" src=\"https:\/\/regiaonews.net.br\/2022\/wp-content\/uploads\/2021\/06\/campanha-dna-pessoas-desaparecidas_mcamgo_abr_250520211818-21-300x179.jpg\" alt=\"\" width=\"300\" height=\"179\" \/><\/a><figcaption id=\"caption-attachment-48253\" class=\"wp-caption-text\">O ministro da Justi\u00e7a e Seguran\u00e7a P\u00fablica, Anderson Torres, durante o lan\u00e7amento da Campanha Nacional de Coleta de DNA de Familiares de Pessoas Desaparecidas.<\/figcaption><\/figure>\n<p>O ministro da Justi\u00e7a e Seguran\u00e7a P\u00fablica, Anderson Torres, confirmou em uma rede social que autorizou o envio da For\u00e7a Nacional para o Amazonas. A solicita\u00e7\u00e3o foi feita ontem (6) pelo governador do estado, Wilson Lima, ap\u00f3s os ataques criminosos ocorridos nesse fim de semana.\u00a0<img decoding=\"async\" src=\"https:\/\/agenciabrasil.ebc.com.br\/ebc.png?id=1411884&amp;o=node\" \/><img decoding=\"async\" src=\"https:\/\/agenciabrasil.ebc.com.br\/ebc.gif?id=1411884&amp;o=node\" \/><\/p>\n<p>Segundo o ministro, o planejamento da opera\u00e7\u00e3o est\u00e1 sendo feito pela Secretaria Nacional de Seguran\u00e7a P\u00fablica (Senasp).<\/p>\n<p>De acordo com o governador, as tropas v\u00e3o refor\u00e7ar o trabalho de combate ao crime organizado no estado. Mais cedo, o governo do Amazonas anunciou a pris\u00e3o de 31 suspeitos de envolvimento nos atos da vandalismo, que ocorreram em repres\u00e1lia pela morte de um traficante de drogas.<\/p>\n<div class=\"css-1dbjc4n r-18u37iz r-kzbkwu\">\n<div class=\"css-1dbjc4n r-1adg3ll r-1udh08x\">\n<div class=\"r-1p0dtai r-1pi2tsx r-1d2f490 r-u8s1d r-ipm5af r-13qz1uu\">\n<div class=\"css-1dbjc4n r-sdzlij r-1p0dtai r-1mlwlqe r-1d2f490 r-1udh08x r-u8s1d r-zchlnj r-ipm5af r-417010\" aria-label=\"\">\n<div class=\"css-1dbjc4n r-1niwhzg r-vvn4in r-u6sd8q r-4gszlv r-1p0dtai r-1pi2tsx r-1d2f490 r-u8s1d r-zchlnj r-ipm5af r-13qz1uu r-1wyyakw\"><\/div>\n<p><img decoding=\"async\" class=\"css-9pa8cd\" draggable=\"true\" src=\"https:\/\/pbs.twimg.com\/profile_images\/1377361601737674767\/2De_PEK3_normal.jpg\" alt=\"\" \/><\/div>\n<\/div>\n<\/div>\n<div class=\"css-1dbjc4n r-1twgtwe r-sdzlij r-rs99b7 r-1p0dtai r-1mi75qu r-1d2f490 r-1ny4l3l r-u8s1d r-zchlnj r-ipm5af r-o7ynqc r-6416eg\"><\/div>\n<div class=\"css-1dbjc4n r-eqz5dr r-1777fci r-4amgru r-1kh6xel\">\n<div class=\"css-1dbjc4n r-1wbh5a2 r-dnmrzs r-1ny4l3l\">\n<div class=\"css-1dbjc4n r-1awozwy r-18u37iz r-dnmrzs\">\n<div class=\"css-901oao css-bfa6kz r-18jsvk2 r-1qd0xha r-a023e6 r-b88u0q r-rjixqe r-bcqeeo r-1udh08x r-3s2u2q r-qvutc0\" dir=\"auto\"><span class=\"css-901oao css-16my406 r-poiln3 r-bcqeeo r-qvutc0\">Anderson Torres<\/span><\/div>\n<div class=\"css-901oao r-18jsvk2 r-18u37iz r-1q142lx r-1qd0xha r-a023e6 r-16dba41 r-rjixqe r-bcqeeo r-qvutc0\" dir=\"auto\"><\/div>\n<\/div>\n<div class=\"css-1dbjc4n r-18u37iz r-1wbh5a2\">\n<div class=\"css-901oao css-bfa6kz r-m0bqgq r-18u37iz r-1qd0xha r-a023e6 r-16dba41 r-rjixqe r-bcqeeo r-qvutc0\" dir=\"ltr\"><span class=\"css-901oao css-16my406 r-poiln3 r-bcqeeo r-qvutc0\">@andersongtorres<\/span><\/div>\n<\/div>\n<\/div>\n<\/div>\n<\/div>\n<div class=\"css-1dbjc4n\">\n<div class=\"css-901oao r-18jsvk2 r-1dqbpge r-1qd0xha r-adyw6z r-16dba41 r-135wba7 r-bcqeeo r-bnwqim r-qvutc0\" dir=\"auto\" lang=\"pt\"><span class=\"css-901oao css-16my406 r-poiln3 r-bcqeeo r-qvutc0\">Atendendo a solicita\u00e7\u00e3o do governador do Amazonas, Wilson Lima, e visando ajudar no restabelecimento da paz e da ordem na capital do estado, acabo de autorizar o emprego da For\u00e7a Nacional em Manaus. O planejamento operacional est\u00e1 sendo definido pela Senasp, do <\/span><span class=\"r-18u37iz\"><a class=\"css-4rbku5 css-18t94o4 css-901oao css-16my406 r-1n1174f r-1loqt21 r-poiln3 r-bcqeeo r-qvutc0\" dir=\"ltr\" role=\"link\" href=\"https:\/\/twitter.com\/JusticaGovBR?ref_src=twsrc%5Etfw%7Ctwcamp%5Etweetembed%7Ctwterm%5E1402040624598114305%7Ctwgr%5E%7Ctwcon%5Es1_&amp;ref_url=https%3A%2F%2Fagenciabrasil.ebc.com.br%2Fpolitica%2Fnoticia%2F2021-06%2Fministro-autoriza-envio-da-forca-nacional-para-o-amazonas\" target=\"_blank\" rel=\"noopener noreferrer\">@JusticaGovBR<\/a><\/span><span class=\"css-901oao css-16my406 r-poiln3 r-bcqeeo r-qvutc0\">.<\/span><\/div>\n<\/div>\n<div class=\"css-1dbjc4n r-1awozwy r-18u37iz r-1bymd8e\">\n<div class=\"css-901oao r-m0bqgq r-1qd0xha r-a023e6 r-16dba41 r-rjixqe r-bcqeeo r-qvutc0\" dir=\"auto\"><a class=\"css-4rbku5 css-18t94o4 css-901oao css-16my406 r-m0bqgq r-1loqt21 r-poiln3 r-bcqeeo r-qvutc0\" role=\"link\" href=\"https:\/\/twitter.com\/andersongtorres\/status\/1402040624598114305?ref_src=twsrc%5Etfw%7Ctwcamp%5Etweetembed%7Ctwterm%5E1402040624598114305%7Ctwgr%5E%7Ctwcon%5Es1_&amp;ref_url=https%3A%2F%2Fagenciabrasil.ebc.com.br%2Fpolitica%2Fnoticia%2F2021-06%2Fministro-autoriza-envio-da-forca-nacional-para-o-amazonas\" target=\"_blank\" rel=\"noopener noreferrer\"><span class=\"css-901oao css-16my406 r-poiln3 r-bcqeeo r-qvutc0\">8:11 PM \u00b7 7 de jun de 2021<\/span><\/a><\/div>\n<\/div>\n<div class=\"css-1dbjc4n r-1habvwh r-1bs4hfb r-5kkj8d r-18u37iz r-14gqq1x r-1h8ys4a\">\n<div class=\"css-1dbjc4n r-sdzlij r-mabqd8 r-1777fci r-cnkkqs r-1yvhtrz\"><\/div>\n<div class=\"css-901oao css-bfa6kz r-m0bqgq r-1qd0xha r-a023e6 r-16dba41 r-rjixqe r-13hce6t r-bcqeeo r-qvutc0\" dir=\"auto\"><span class=\"css-901oao css-16my406 r-poiln3 r-bcqeeo r-qvutc0\">5,2\u00a0mil<\/span><\/div>\n<div class=\"css-1dbjc4n r-sdzlij r-mabqd8 r-1777fci r-1yvhtrz\"><\/div>\n<div class=\"css-901oao css-bfa6kz r-m0bqgq r-1qd0xha r-a023e6 r-16dba41 r-rjixqe r-13hce6t r-bcqeeo r-qvutc0\" dir=\"auto\"><span class=\"css-901oao css-16my406 r-poiln3 r-bcqeeo r-qvutc0\">188<\/span><\/div>\n<div class=\"css-18t94o4 css-1dbjc4n r-1awozwy r-18u37iz r-1wbh5a2 r-1ny4l3l r-o7ynqc r-6416eg\" tabindex=\"0\" role=\"button\" aria-label=\"Compartilhar\">\n<div class=\"css-1dbjc4n r-sdzlij r-mabqd8 r-1777fci r-cnkkqs r-1yvhtrz\"><\/div>\n<div class=\"css-901oao css-bfa6kz r-m0bqgq r-1qd0xha r-a023e6 r-16dba41 r-rjixqe r-13hce6t r-bcqeeo r-qvutc0\" dir=\"auto\"><span class=\"css-901oao css-16my406 r-poiln3 r-bcqeeo r-qvutc0\">Compartilhar este Tweet<\/span><\/div>\n<\/div>\n<\/div>\n","protected":false},"excerpt":{"rendered":"<p>O ministro da Justi\u00e7a e Seguran\u00e7a P\u00fablica, Anderson Torres, confirmou<\/p>\n","protected":false},"author":2,"featured_media":48253,"comment_status":"open","ping_status":"open","sticky":false,"template":"","format":"standard","meta":{"footnotes":""},"categories":[24],"tags":[],"class_list":["post-48252","post","type-post","status-publish","format-standard","has-post-thumbnail","hentry","category-brasil"],"yoast_head":"<!-- This site is optimized with the Yoast SEO plugin v27.4 - https:\/\/yoast.com\/product\/yoast-seo-wordpress\/ -->\n<title>Ministro autoriza envio da For\u00e7a Nacional para o Amazonas - Regi\u00e3o News<\/title>\n<meta name=\"robots\" content=\"index, follow, max-snippet:-1, max-image-preview:large, max-video-preview:-1\" \/>\n<link rel=\"canonical\" href=\"https:\/\/regiaonews.net.br\/2022\/2021\/06\/08\/ministro-autoriza-envio-da-forca-nacional-para-o-amazonas\/\" \/>\n<meta property=\"og:locale\" content=\"pt_BR\" \/>\n<meta property=\"og:type\" content=\"article\" \/>\n<meta property=\"og:title\" content=\"Ministro autoriza envio da For\u00e7a Nacional para o Amazonas - Regi\u00e3o News\" \/>\n<meta property=\"og:description\" content=\"O ministro da Justi\u00e7a e Seguran\u00e7a P\u00fablica, Anderson Torres, confirmou\" \/>\n<meta property=\"og:url\" content=\"https:\/\/regiaonews.net.br\/2022\/2021\/06\/08\/ministro-autoriza-envio-da-forca-nacional-para-o-amazonas\/\" \/>\n<meta property=\"og:site_name\" content=\"Regi\u00e3o News\" \/>\n<meta property=\"article:published_time\" content=\"2021-06-08T11:21:38+00:00\" \/>\n<meta property=\"og:image\" content=\"https:\/\/regiaonews.net.br\/2022\/wp-content\/uploads\/2021\/06\/campanha-dna-pessoas-desaparecidas_mcamgo_abr_250520211818-21.jpg\" \/>\n\t<meta property=\"og:image:width\" content=\"1170\" \/>\n\t<meta property=\"og:image:height\" content=\"700\" \/>\n\t<meta property=\"og:image:type\" content=\"image\/jpeg\" \/>\n<meta name=\"author\" content=\"Roberto\" \/>\n<meta name=\"twitter:card\" content=\"summary_large_image\" \/>\n<meta name=\"twitter:label1\" content=\"Escrito por\" \/>\n\t<meta name=\"twitter:data1\" content=\"Roberto\" \/>\n\t<meta name=\"twitter:label2\" content=\"Est. tempo de leitura\" \/>\n\t<meta name=\"twitter:data2\" content=\"1 minuto\" \/>\n<script type=\"application\/ld+json\" class=\"yoast-schema-graph\">{\"@context\":\"https:\\\/\\\/schema.org\",\"@graph\":[{\"@type\":\"Article\",\"@id\":\"https:\\\/\\\/regiaonews.net.br\\\/2022\\\/2021\\\/06\\\/08\\\/ministro-autoriza-envio-da-forca-nacional-para-o-amazonas\\\/#article\",\"isPartOf\":{\"@id\":\"https:\\\/\\\/regiaonews.net.br\\\/2022\\\/2021\\\/06\\\/08\\\/ministro-autoriza-envio-da-forca-nacional-para-o-amazonas\\\/\"},\"author\":{\"name\":\"Roberto\",\"@id\":\"https:\\\/\\\/regiaonews.net.br\\\/2022\\\/#\\\/schema\\\/person\\\/2d205a608a5aa97ac279d7a5e6d89ad8\"},\"headline\":\"Ministro autoriza envio da For\u00e7a Nacional para o Amazonas\",\"datePublished\":\"2021-06-08T11:21:38+00:00\",\"mainEntityOfPage\":{\"@id\":\"https:\\\/\\\/regiaonews.net.br\\\/2022\\\/2021\\\/06\\\/08\\\/ministro-autoriza-envio-da-forca-nacional-para-o-amazonas\\\/\"},\"wordCount\":221,\"commentCount\":0,\"publisher\":{\"@id\":\"https:\\\/\\\/regiaonews.net.br\\\/2022\\\/#organization\"},\"image\":{\"@id\":\"https:\\\/\\\/regiaonews.net.br\\\/2022\\\/2021\\\/06\\\/08\\\/ministro-autoriza-envio-da-forca-nacional-para-o-amazonas\\\/#primaryimage\"},\"thumbnailUrl\":\"https:\\\/\\\/regiaonews.net.br\\\/2022\\\/wp-content\\\/uploads\\\/2021\\\/06\\\/campanha-dna-pessoas-desaparecidas_mcamgo_abr_250520211818-21.jpg\",\"articleSection\":[\"Brasil\"],\"inLanguage\":\"pt-BR\",\"potentialAction\":[{\"@type\":\"CommentAction\",\"name\":\"Comment\",\"target\":[\"https:\\\/\\\/regiaonews.net.br\\\/2022\\\/2021\\\/06\\\/08\\\/ministro-autoriza-envio-da-forca-nacional-para-o-amazonas\\\/#respond\"]}]},{\"@type\":\"WebPage\",\"@id\":\"https:\\\/\\\/regiaonews.net.br\\\/2022\\\/2021\\\/06\\\/08\\\/ministro-autoriza-envio-da-forca-nacional-para-o-amazonas\\\/\",\"url\":\"https:\\\/\\\/regiaonews.net.br\\\/2022\\\/2021\\\/06\\\/08\\\/ministro-autoriza-envio-da-forca-nacional-para-o-amazonas\\\/\",\"name\":\"Ministro autoriza envio da For\u00e7a Nacional para o Amazonas - Regi\u00e3o News\",\"isPartOf\":{\"@id\":\"https:\\\/\\\/regiaonews.net.br\\\/2022\\\/#website\"},\"primaryImageOfPage\":{\"@id\":\"https:\\\/\\\/regiaonews.net.br\\\/2022\\\/2021\\\/06\\\/08\\\/ministro-autoriza-envio-da-forca-nacional-para-o-amazonas\\\/#primaryimage\"},\"image\":{\"@id\":\"https:\\\/\\\/regiaonews.net.br\\\/2022\\\/2021\\\/06\\\/08\\\/ministro-autoriza-envio-da-forca-nacional-para-o-amazonas\\\/#primaryimage\"},\"thumbnailUrl\":\"https:\\\/\\\/regiaonews.net.br\\\/2022\\\/wp-content\\\/uploads\\\/2021\\\/06\\\/campanha-dna-pessoas-desaparecidas_mcamgo_abr_250520211818-21.jpg\",\"datePublished\":\"2021-06-08T11:21:38+00:00\",\"breadcrumb\":{\"@id\":\"https:\\\/\\\/regiaonews.net.br\\\/2022\\\/2021\\\/06\\\/08\\\/ministro-autoriza-envio-da-forca-nacional-para-o-amazonas\\\/#breadcrumb\"},\"inLanguage\":\"pt-BR\",\"potentialAction\":[{\"@type\":\"ReadAction\",\"target\":[\"https:\\\/\\\/regiaonews.net.br\\\/2022\\\/2021\\\/06\\\/08\\\/ministro-autoriza-envio-da-forca-nacional-para-o-amazonas\\\/\"]}]},{\"@type\":\"ImageObject\",\"inLanguage\":\"pt-BR\",\"@id\":\"https:\\\/\\\/regiaonews.net.br\\\/2022\\\/2021\\\/06\\\/08\\\/ministro-autoriza-envio-da-forca-nacional-para-o-amazonas\\\/#primaryimage\",\"url\":\"https:\\\/\\\/regiaonews.net.br\\\/2022\\\/wp-content\\\/uploads\\\/2021\\\/06\\\/campanha-dna-pessoas-desaparecidas_mcamgo_abr_250520211818-21.jpg\",\"contentUrl\":\"https:\\\/\\\/regiaonews.net.br\\\/2022\\\/wp-content\\\/uploads\\\/2021\\\/06\\\/campanha-dna-pessoas-desaparecidas_mcamgo_abr_250520211818-21.jpg\",\"width\":1170,\"height\":700,\"caption\":\"O ministro da Justi\u00e7a e Seguran\u00e7a P\u00fablica, Anderson Torres, durante o lan\u00e7amento da Campanha Nacional de Coleta de DNA de Familiares de Pessoas Desaparecidas.\"},{\"@type\":\"BreadcrumbList\",\"@id\":\"https:\\\/\\\/regiaonews.net.br\\\/2022\\\/2021\\\/06\\\/08\\\/ministro-autoriza-envio-da-forca-nacional-para-o-amazonas\\\/#breadcrumb\",\"itemListElement\":[{\"@type\":\"ListItem\",\"position\":1,\"name\":\"In\u00edcio\",\"item\":\"https:\\\/\\\/regiaonews.net.br\\\/2022\\\/\"},{\"@type\":\"ListItem\",\"position\":2,\"name\":\"Ministro autoriza envio da For\u00e7a Nacional para o Amazonas\"}]},{\"@type\":\"WebSite\",\"@id\":\"https:\\\/\\\/regiaonews.net.br\\\/2022\\\/#website\",\"url\":\"https:\\\/\\\/regiaonews.net.br\\\/2022\\\/\",\"name\":\"Regi\u00e3o News\",\"description\":\"Site de Not\u00edcias de Barretos e regi\u00e3o\",\"publisher\":{\"@id\":\"https:\\\/\\\/regiaonews.net.br\\\/2022\\\/#organization\"},\"potentialAction\":[{\"@type\":\"SearchAction\",\"target\":{\"@type\":\"EntryPoint\",\"urlTemplate\":\"https:\\\/\\\/regiaonews.net.br\\\/2022\\\/?s={search_term_string}\"},\"query-input\":{\"@type\":\"PropertyValueSpecification\",\"valueRequired\":true,\"valueName\":\"search_term_string\"}}],\"inLanguage\":\"pt-BR\"},{\"@type\":\"Organization\",\"@id\":\"https:\\\/\\\/regiaonews.net.br\\\/2022\\\/#organization\",\"name\":\"Regi\u00e3o News\",\"url\":\"https:\\\/\\\/regiaonews.net.br\\\/2022\\\/\",\"logo\":{\"@type\":\"ImageObject\",\"inLanguage\":\"pt-BR\",\"@id\":\"https:\\\/\\\/regiaonews.net.br\\\/2022\\\/#\\\/schema\\\/logo\\\/image\\\/\",\"url\":\"https:\\\/\\\/regiaonews.net.br\\\/2022\\\/wp-content\\\/uploads\\\/2026\\\/03\\\/regiao-13-anos-scaled.jpg\",\"contentUrl\":\"https:\\\/\\\/regiaonews.net.br\\\/2022\\\/wp-content\\\/uploads\\\/2026\\\/03\\\/regiao-13-anos-scaled.jpg\",\"width\":2560,\"height\":635,\"caption\":\"Regi\u00e3o News\"},\"image\":{\"@id\":\"https:\\\/\\\/regiaonews.net.br\\\/2022\\\/#\\\/schema\\\/logo\\\/image\\\/\"}},{\"@type\":\"Person\",\"@id\":\"https:\\\/\\\/regiaonews.net.br\\\/2022\\\/#\\\/schema\\\/person\\\/2d205a608a5aa97ac279d7a5e6d89ad8\",\"name\":\"Roberto\",\"image\":{\"@type\":\"ImageObject\",\"inLanguage\":\"pt-BR\",\"@id\":\"https:\\\/\\\/secure.gravatar.com\\\/avatar\\\/42749d8b712ff9d59ca93dc150494e5b55a44134482993f5baeb97e61b7ecc89?s=96&d=mm&r=g\",\"url\":\"https:\\\/\\\/secure.gravatar.com\\\/avatar\\\/42749d8b712ff9d59ca93dc150494e5b55a44134482993f5baeb97e61b7ecc89?s=96&d=mm&r=g\",\"contentUrl\":\"https:\\\/\\\/secure.gravatar.com\\\/avatar\\\/42749d8b712ff9d59ca93dc150494e5b55a44134482993f5baeb97e61b7ecc89?s=96&d=mm&r=g\",\"caption\":\"Roberto\"},\"url\":\"https:\\\/\\\/regiaonews.net.br\\\/2022\\\/author\\\/roberto\\\/\"}]}<\/script>\n<!-- \/ Yoast SEO plugin. -->","yoast_head_json":{"title":"Ministro autoriza envio da For\u00e7a Nacional para o Amazonas - Regi\u00e3o News","robots":{"index":"index","follow":"follow","max-snippet":"max-snippet:-1","max-image-preview":"max-image-preview:large","max-video-preview":"max-video-preview:-1"},"canonical":"https:\/\/regiaonews.net.br\/2022\/2021\/06\/08\/ministro-autoriza-envio-da-forca-nacional-para-o-amazonas\/","og_locale":"pt_BR","og_type":"article","og_title":"Ministro autoriza envio da For\u00e7a Nacional para o Amazonas - Regi\u00e3o News","og_description":"O ministro da Justi\u00e7a e Seguran\u00e7a P\u00fablica, Anderson Torres, confirmou","og_url":"https:\/\/regiaonews.net.br\/2022\/2021\/06\/08\/ministro-autoriza-envio-da-forca-nacional-para-o-amazonas\/","og_site_name":"Regi\u00e3o News","article_published_time":"2021-06-08T11:21:38+00:00","og_image":[{"width":1170,"height":700,"url":"https:\/\/regiaonews.net.br\/2022\/wp-content\/uploads\/2021\/06\/campanha-dna-pessoas-desaparecidas_mcamgo_abr_250520211818-21.jpg","type":"image\/jpeg"}],"author":"Roberto","twitter_card":"summary_large_image","twitter_misc":{"Escrito por":"Roberto","Est. tempo de leitura":"1 minuto"},"schema":{"@context":"https:\/\/schema.org","@graph":[{"@type":"Article","@id":"https:\/\/regiaonews.net.br\/2022\/2021\/06\/08\/ministro-autoriza-envio-da-forca-nacional-para-o-amazonas\/#article","isPartOf":{"@id":"https:\/\/regiaonews.net.br\/2022\/2021\/06\/08\/ministro-autoriza-envio-da-forca-nacional-para-o-amazonas\/"},"author":{"name":"Roberto","@id":"https:\/\/regiaonews.net.br\/2022\/#\/schema\/person\/2d205a608a5aa97ac279d7a5e6d89ad8"},"headline":"Ministro autoriza envio da For\u00e7a Nacional para o Amazonas","datePublished":"2021-06-08T11:21:38+00:00","mainEntityOfPage":{"@id":"https:\/\/regiaonews.net.br\/2022\/2021\/06\/08\/ministro-autoriza-envio-da-forca-nacional-para-o-amazonas\/"},"wordCount":221,"commentCount":0,"publisher":{"@id":"https:\/\/regiaonews.net.br\/2022\/#organization"},"image":{"@id":"https:\/\/regiaonews.net.br\/2022\/2021\/06\/08\/ministro-autoriza-envio-da-forca-nacional-para-o-amazonas\/#primaryimage"},"thumbnailUrl":"https:\/\/regiaonews.net.br\/2022\/wp-content\/uploads\/2021\/06\/campanha-dna-pessoas-desaparecidas_mcamgo_abr_250520211818-21.jpg","articleSection":["Brasil"],"inLanguage":"pt-BR","potentialAction":[{"@type":"CommentAction","name":"Comment","target":["https:\/\/regiaonews.net.br\/2022\/2021\/06\/08\/ministro-autoriza-envio-da-forca-nacional-para-o-amazonas\/#respond"]}]},{"@type":"WebPage","@id":"https:\/\/regiaonews.net.br\/2022\/2021\/06\/08\/ministro-autoriza-envio-da-forca-nacional-para-o-amazonas\/","url":"https:\/\/regiaonews.net.br\/2022\/2021\/06\/08\/ministro-autoriza-envio-da-forca-nacional-para-o-amazonas\/","name":"Ministro autoriza envio da For\u00e7a Nacional para o Amazonas - Regi\u00e3o News","isPartOf":{"@id":"https:\/\/regiaonews.net.br\/2022\/#website"},"primaryImageOfPage":{"@id":"https:\/\/regiaonews.net.br\/2022\/2021\/06\/08\/ministro-autoriza-envio-da-forca-nacional-para-o-amazonas\/#primaryimage"},"image":{"@id":"https:\/\/regiaonews.net.br\/2022\/2021\/06\/08\/ministro-autoriza-envio-da-forca-nacional-para-o-amazonas\/#primaryimage"},"thumbnailUrl":"https:\/\/regiaonews.net.br\/2022\/wp-content\/uploads\/2021\/06\/campanha-dna-pessoas-desaparecidas_mcamgo_abr_250520211818-21.jpg","datePublished":"2021-06-08T11:21:38+00:00","breadcrumb":{"@id":"https:\/\/regiaonews.net.br\/2022\/2021\/06\/08\/ministro-autoriza-envio-da-forca-nacional-para-o-amazonas\/#breadcrumb"},"inLanguage":"pt-BR","potentialAction":[{"@type":"ReadAction","target":["https:\/\/regiaonews.net.br\/2022\/2021\/06\/08\/ministro-autoriza-envio-da-forca-nacional-para-o-amazonas\/"]}]},{"@type":"ImageObject","inLanguage":"pt-BR","@id":"https:\/\/regiaonews.net.br\/2022\/2021\/06\/08\/ministro-autoriza-envio-da-forca-nacional-para-o-amazonas\/#primaryimage","url":"https:\/\/regiaonews.net.br\/2022\/wp-content\/uploads\/2021\/06\/campanha-dna-pessoas-desaparecidas_mcamgo_abr_250520211818-21.jpg","contentUrl":"https:\/\/regiaonews.net.br\/2022\/wp-content\/uploads\/2021\/06\/campanha-dna-pessoas-desaparecidas_mcamgo_abr_250520211818-21.jpg","width":1170,"height":700,"caption":"O ministro da Justi\u00e7a e Seguran\u00e7a P\u00fablica, Anderson Torres, durante o lan\u00e7amento da Campanha Nacional de Coleta de DNA de Familiares de Pessoas Desaparecidas."},{"@type":"BreadcrumbList","@id":"https:\/\/regiaonews.net.br\/2022\/2021\/06\/08\/ministro-autoriza-envio-da-forca-nacional-para-o-amazonas\/#breadcrumb","itemListElement":[{"@type":"ListItem","position":1,"name":"In\u00edcio","item":"https:\/\/regiaonews.net.br\/2022\/"},{"@type":"ListItem","position":2,"name":"Ministro autoriza envio da For\u00e7a Nacional para o Amazonas"}]},{"@type":"WebSite","@id":"https:\/\/regiaonews.net.br\/2022\/#website","url":"https:\/\/regiaonews.net.br\/2022\/","name":"Regi\u00e3o News","description":"Site de Not\u00edcias de Barretos e regi\u00e3o","publisher":{"@id":"https:\/\/regiaonews.net.br\/2022\/#organization"},"potentialAction":[{"@type":"SearchAction","target":{"@type":"EntryPoint","urlTemplate":"https:\/\/regiaonews.net.br\/2022\/?s={search_term_string}"},"query-input":{"@type":"PropertyValueSpecification","valueRequired":true,"valueName":"search_term_string"}}],"inLanguage":"pt-BR"},{"@type":"Organization","@id":"https:\/\/regiaonews.net.br\/2022\/#organization","name":"Regi\u00e3o News","url":"https:\/\/regiaonews.net.br\/2022\/","logo":{"@type":"ImageObject","inLanguage":"pt-BR","@id":"https:\/\/regiaonews.net.br\/2022\/#\/schema\/logo\/image\/","url":"https:\/\/regiaonews.net.br\/2022\/wp-content\/uploads\/2026\/03\/regiao-13-anos-scaled.jpg","contentUrl":"https:\/\/regiaonews.net.br\/2022\/wp-content\/uploads\/2026\/03\/regiao-13-anos-scaled.jpg","width":2560,"height":635,"caption":"Regi\u00e3o News"},"image":{"@id":"https:\/\/regiaonews.net.br\/2022\/#\/schema\/logo\/image\/"}},{"@type":"Person","@id":"https:\/\/regiaonews.net.br\/2022\/#\/schema\/person\/2d205a608a5aa97ac279d7a5e6d89ad8","name":"Roberto","image":{"@type":"ImageObject","inLanguage":"pt-BR","@id":"https:\/\/secure.gravatar.com\/avatar\/42749d8b712ff9d59ca93dc150494e5b55a44134482993f5baeb97e61b7ecc89?s=96&d=mm&r=g","url":"https:\/\/secure.gravatar.com\/avatar\/42749d8b712ff9d59ca93dc150494e5b55a44134482993f5baeb97e61b7ecc89?s=96&d=mm&r=g","contentUrl":"https:\/\/secure.gravatar.com\/avatar\/42749d8b712ff9d59ca93dc150494e5b55a44134482993f5baeb97e61b7ecc89?s=96&d=mm&r=g","caption":"Roberto"},"url":"https:\/\/regiaonews.net.br\/2022\/author\/roberto\/"}]}},"publishpress_future_action":{"enabled":false,"date":"2026-05-04 11:36:16","action":"change-status","newStatus":"draft","terms":[],"taxonomy":"category","extraData":[]},"publishpress_future_workflow_manual_trigger":{"enabledWorkflows":[]},"_links":{"self":[{"href":"https:\/\/regiaonews.net.br\/2022\/wp-json\/wp\/v2\/posts\/48252","targetHints":{"allow":["GET"]}}],"collection":[{"href":"https:\/\/regiaonews.net.br\/2022\/wp-json\/wp\/v2\/posts"}],"about":[{"href":"https:\/\/regiaonews.net.br\/2022\/wp-json\/wp\/v2\/types\/post"}],"author":[{"embeddable":true,"href":"https:\/\/regiaonews.net.br\/2022\/wp-json\/wp\/v2\/users\/2"}],"replies":[{"embeddable":true,"href":"https:\/\/regiaonews.net.br\/2022\/wp-json\/wp\/v2\/comments?post=48252"}],"version-history":[{"count":0,"href":"https:\/\/regiaonews.net.br\/2022\/wp-json\/wp\/v2\/posts\/48252\/revisions"}],"wp:featuredmedia":[{"embeddable":true,"href":"https:\/\/regiaonews.net.br\/2022\/wp-json\/wp\/v2\/media\/48253"}],"wp:attachment":[{"href":"https:\/\/regiaonews.net.br\/2022\/wp-json\/wp\/v2\/media?parent=48252"}],"wp:term":[{"taxonomy":"category","embeddable":true,"href":"https:\/\/regiaonews.net.br\/2022\/wp-json\/wp\/v2\/categories?post=48252"},{"taxonomy":"post_tag","embeddable":true,"href":"https:\/\/regiaonews.net.br\/2022\/wp-json\/wp\/v2\/tags?post=48252"}],"curies":[{"name":"wp","href":"https:\/\/api.w.org\/{rel}","templated":true}]}}