{"id":48220,"date":"2021-06-07T13:14:11","date_gmt":"2021-06-07T16:14:11","guid":{"rendered":"https:\/\/regiaonews.net.br\/2022\/?p=48220"},"modified":"2021-06-07T13:14:11","modified_gmt":"2021-06-07T16:14:11","slug":"alab-realiza-concurso-cultural-de-fotografias","status":"publish","type":"post","link":"https:\/\/regiaonews.net.br\/2022\/2021\/06\/07\/alab-realiza-concurso-cultural-de-fotografias\/","title":{"rendered":"ALAB realiza concurso cultural de fotografias"},"content":{"rendered":"<p><a href=\"https:\/\/regiaonews.net.br\/2022\/wp-content\/uploads\/2018\/01\/barretos-estacao-cultura-1041-G.jpg\"><img loading=\"lazy\" decoding=\"async\" class=\"alignnone size-medium wp-image-10589\" src=\"https:\/\/regiaonews.net.br\/2022\/wp-content\/uploads\/2018\/01\/barretos-estacao-cultura-1041-G-300x225.jpg\" alt=\"\" width=\"300\" height=\"225\" \/><\/a><\/p>\n<p>&nbsp;<\/p>\n<p>A Academia de Letras e Artes de Barretos \u2013 ALAB est\u00e1 divulgando as inscri\u00e7\u00f5es para o 1\u00ba Concursos de fotografias \u201cMomentos em Monumentos\u201d, em comemora\u00e7\u00e3o aos 167 anos de funda\u00e7\u00e3o oficial de Barretos. Segundo a vice-presidente da ALAB, Elisete Tedesco, todos os anos s\u00e3o realizados concursos de textos sobre o anivers\u00e1rio da cidade de Barretos e devido a pandemia, decidimos realizar um concurso sobre fotos de 10 monumentos da cidade de Barretos. \u201cPara participar \u00e9 necess\u00e1rio fazer o registro de cinco monumentos da cidade, podendo ser enviadas de todos se desejar tamb\u00e9m\u201d, explicou Elisete.<br \/>\nSegundo Elisete, os interessados dever\u00e3o enviar as fotos digital no per\u00edodo do dia 1\u00ba de junho at\u00e9 o dia 1\u00ba de agosto, atrav\u00e9s do email barretosalab@gmail.com .<br \/>\nDe acordo com a presidente da ALAB, Ju\u00e7ara Christina Carbonaro Guerreiro, explicou que as fotos classificadas em 1\u00ba lugar, 2\u00ba lugar e 3\u00ba lugar, obrigatoriamente far\u00e3o parte do Calend\u00e1rio de 2021 da Academia de Letras e Artes de Barretos &#8211; ALAB.<br \/>\nPremia\u00e7\u00e3o<br \/>\nSegundo o regulamento, o classificado em 1\u00ba lugar na faixa et\u00e1ria de 6 a 9 anos, receber\u00e1 o pr\u00eamio de R$100,00 e certificado. O classificado na faixa et\u00e1ria de 10 a 13 anos receber\u00e1 um pr\u00eamio no valor de R$200,00 e certificado. J\u00e1 o vencedor da categoria 14 a 17 receber\u00e1 um pr\u00eamio de R$300,00 e certificado. Para o vencedor a partir de 18 anos o pr\u00eamio ser\u00e1 de R$400,00. E a categoria profissional, o pr\u00eamio \u00e9 de R$600,00.<br \/>\nMonumentos<br \/>\nOs monumentos a serem fotografados s\u00e3o estes: Marco Hist\u00f3rico de Funda\u00e7\u00e3o de Barretos; Catedral do Divino Esp\u00edrito Santo (\u00c1rea Externa); Monumento \u201cOs Fundadores\u201d localizado defronte \u00e0 Catedral do Divino Esp\u00edrito Santo; Museu \u201cRuy Menezes\u201d (Esquina da Rua 16 com a Avenida 17); Esta\u00e7\u00e3o Cultural \u201cPlacidino Alves Gon\u00e7alves\u201d, Esquina da Avenida 3 com a Rua 18; Casar\u00f5es da Rua 18, esquina com a Avenida 23; Monumento em Homenagem \u00e0 Revolu\u00e7\u00e3o Constitucionalista de 1932, localizado na Pra\u00e7a 9 de Julho (Terminal de \u00f4nibus); Monumento \u201cO Berranteiro\u201d, localizado na Pra\u00e7a 9 de Julho (Terminal de \u00f4nibus); Monumento em \u201cHomenagem ao Pe\u00e3o de Boiadeiro\u201d, localizado na \u00e1rea externa no Recinto \u201cPaulo de Lima Corr\u00eaa\u201d e Recinto \u201cPaulo de Lima Corr\u00eaa\u201d, Avenida 23 com a Rua 34, pr\u00f3ximo \u00e0 Pra\u00e7a 9 de Julho (Terminal de \u00f4nibus).<\/p>\n","protected":false},"excerpt":{"rendered":"<p>&nbsp; A Academia de Letras e Artes de Barretos \u2013<\/p>\n","protected":false},"author":2,"featured_media":10589,"comment_status":"open","ping_status":"open","sticky":false,"template":"","format":"standard","meta":{"footnotes":""},"categories":[14,25,56],"tags":[],"class_list":["post-48220","post","type-post","status-publish","format-standard","has-post-thumbnail","hentry","category-barretos","category-cidades","category-concursos"],"yoast_head":"<!-- This site is optimized with the Yoast SEO plugin v27.4 - https:\/\/yoast.com\/product\/yoast-seo-wordpress\/ -->\n<title>ALAB realiza concurso cultural de fotografias - Regi\u00e3o News<\/title>\n<meta name=\"robots\" content=\"index, follow, max-snippet:-1, max-image-preview:large, max-video-preview:-1\" \/>\n<link rel=\"canonical\" href=\"https:\/\/regiaonews.net.br\/2022\/2021\/06\/07\/alab-realiza-concurso-cultural-de-fotografias\/\" \/>\n<meta property=\"og:locale\" content=\"pt_BR\" \/>\n<meta property=\"og:type\" content=\"article\" \/>\n<meta property=\"og:title\" content=\"ALAB realiza concurso cultural de fotografias - Regi\u00e3o News\" \/>\n<meta property=\"og:description\" content=\"&nbsp; A Academia de Letras e Artes de Barretos \u2013\" \/>\n<meta property=\"og:url\" content=\"https:\/\/regiaonews.net.br\/2022\/2021\/06\/07\/alab-realiza-concurso-cultural-de-fotografias\/\" \/>\n<meta property=\"og:site_name\" content=\"Regi\u00e3o News\" \/>\n<meta property=\"article:published_time\" content=\"2021-06-07T16:14:11+00:00\" \/>\n<meta property=\"og:image\" content=\"https:\/\/regiaonews.net.br\/2022\/wp-content\/uploads\/2018\/01\/barretos-estacao-cultura-1041-G.jpg\" \/>\n\t<meta property=\"og:image:width\" content=\"640\" \/>\n\t<meta property=\"og:image:height\" content=\"480\" \/>\n\t<meta property=\"og:image:type\" content=\"image\/jpeg\" \/>\n<meta name=\"author\" content=\"Roberto\" \/>\n<meta name=\"twitter:card\" content=\"summary_large_image\" \/>\n<meta name=\"twitter:label1\" content=\"Escrito por\" \/>\n\t<meta name=\"twitter:data1\" content=\"Roberto\" \/>\n\t<meta name=\"twitter:label2\" content=\"Est. tempo de leitura\" \/>\n\t<meta name=\"twitter:data2\" content=\"2 minutos\" \/>\n<script type=\"application\/ld+json\" class=\"yoast-schema-graph\">{\"@context\":\"https:\\\/\\\/schema.org\",\"@graph\":[{\"@type\":\"Article\",\"@id\":\"https:\\\/\\\/regiaonews.net.br\\\/2022\\\/2021\\\/06\\\/07\\\/alab-realiza-concurso-cultural-de-fotografias\\\/#article\",\"isPartOf\":{\"@id\":\"https:\\\/\\\/regiaonews.net.br\\\/2022\\\/2021\\\/06\\\/07\\\/alab-realiza-concurso-cultural-de-fotografias\\\/\"},\"author\":{\"name\":\"Roberto\",\"@id\":\"https:\\\/\\\/regiaonews.net.br\\\/2022\\\/#\\\/schema\\\/person\\\/2d205a608a5aa97ac279d7a5e6d89ad8\"},\"headline\":\"ALAB realiza concurso cultural de fotografias\",\"datePublished\":\"2021-06-07T16:14:11+00:00\",\"mainEntityOfPage\":{\"@id\":\"https:\\\/\\\/regiaonews.net.br\\\/2022\\\/2021\\\/06\\\/07\\\/alab-realiza-concurso-cultural-de-fotografias\\\/\"},\"wordCount\":384,\"commentCount\":0,\"publisher\":{\"@id\":\"https:\\\/\\\/regiaonews.net.br\\\/2022\\\/#organization\"},\"image\":{\"@id\":\"https:\\\/\\\/regiaonews.net.br\\\/2022\\\/2021\\\/06\\\/07\\\/alab-realiza-concurso-cultural-de-fotografias\\\/#primaryimage\"},\"thumbnailUrl\":\"https:\\\/\\\/regiaonews.net.br\\\/2022\\\/wp-content\\\/uploads\\\/2018\\\/01\\\/barretos-estacao-cultura-1041-G.jpg\",\"articleSection\":[\"Barretos\",\"Cidades\",\"Concursos\"],\"inLanguage\":\"pt-BR\",\"potentialAction\":[{\"@type\":\"CommentAction\",\"name\":\"Comment\",\"target\":[\"https:\\\/\\\/regiaonews.net.br\\\/2022\\\/2021\\\/06\\\/07\\\/alab-realiza-concurso-cultural-de-fotografias\\\/#respond\"]}]},{\"@type\":\"WebPage\",\"@id\":\"https:\\\/\\\/regiaonews.net.br\\\/2022\\\/2021\\\/06\\\/07\\\/alab-realiza-concurso-cultural-de-fotografias\\\/\",\"url\":\"https:\\\/\\\/regiaonews.net.br\\\/2022\\\/2021\\\/06\\\/07\\\/alab-realiza-concurso-cultural-de-fotografias\\\/\",\"name\":\"ALAB realiza concurso cultural de fotografias - Regi\u00e3o News\",\"isPartOf\":{\"@id\":\"https:\\\/\\\/regiaonews.net.br\\\/2022\\\/#website\"},\"primaryImageOfPage\":{\"@id\":\"https:\\\/\\\/regiaonews.net.br\\\/2022\\\/2021\\\/06\\\/07\\\/alab-realiza-concurso-cultural-de-fotografias\\\/#primaryimage\"},\"image\":{\"@id\":\"https:\\\/\\\/regiaonews.net.br\\\/2022\\\/2021\\\/06\\\/07\\\/alab-realiza-concurso-cultural-de-fotografias\\\/#primaryimage\"},\"thumbnailUrl\":\"https:\\\/\\\/regiaonews.net.br\\\/2022\\\/wp-content\\\/uploads\\\/2018\\\/01\\\/barretos-estacao-cultura-1041-G.jpg\",\"datePublished\":\"2021-06-07T16:14:11+00:00\",\"breadcrumb\":{\"@id\":\"https:\\\/\\\/regiaonews.net.br\\\/2022\\\/2021\\\/06\\\/07\\\/alab-realiza-concurso-cultural-de-fotografias\\\/#breadcrumb\"},\"inLanguage\":\"pt-BR\",\"potentialAction\":[{\"@type\":\"ReadAction\",\"target\":[\"https:\\\/\\\/regiaonews.net.br\\\/2022\\\/2021\\\/06\\\/07\\\/alab-realiza-concurso-cultural-de-fotografias\\\/\"]}]},{\"@type\":\"ImageObject\",\"inLanguage\":\"pt-BR\",\"@id\":\"https:\\\/\\\/regiaonews.net.br\\\/2022\\\/2021\\\/06\\\/07\\\/alab-realiza-concurso-cultural-de-fotografias\\\/#primaryimage\",\"url\":\"https:\\\/\\\/regiaonews.net.br\\\/2022\\\/wp-content\\\/uploads\\\/2018\\\/01\\\/barretos-estacao-cultura-1041-G.jpg\",\"contentUrl\":\"https:\\\/\\\/regiaonews.net.br\\\/2022\\\/wp-content\\\/uploads\\\/2018\\\/01\\\/barretos-estacao-cultura-1041-G.jpg\",\"width\":640,\"height\":480},{\"@type\":\"BreadcrumbList\",\"@id\":\"https:\\\/\\\/regiaonews.net.br\\\/2022\\\/2021\\\/06\\\/07\\\/alab-realiza-concurso-cultural-de-fotografias\\\/#breadcrumb\",\"itemListElement\":[{\"@type\":\"ListItem\",\"position\":1,\"name\":\"In\u00edcio\",\"item\":\"https:\\\/\\\/regiaonews.net.br\\\/2022\\\/\"},{\"@type\":\"ListItem\",\"position\":2,\"name\":\"ALAB realiza concurso cultural de fotografias\"}]},{\"@type\":\"WebSite\",\"@id\":\"https:\\\/\\\/regiaonews.net.br\\\/2022\\\/#website\",\"url\":\"https:\\\/\\\/regiaonews.net.br\\\/2022\\\/\",\"name\":\"Regi\u00e3o News\",\"description\":\"Site de Not\u00edcias de Barretos e regi\u00e3o\",\"publisher\":{\"@id\":\"https:\\\/\\\/regiaonews.net.br\\\/2022\\\/#organization\"},\"potentialAction\":[{\"@type\":\"SearchAction\",\"target\":{\"@type\":\"EntryPoint\",\"urlTemplate\":\"https:\\\/\\\/regiaonews.net.br\\\/2022\\\/?s={search_term_string}\"},\"query-input\":{\"@type\":\"PropertyValueSpecification\",\"valueRequired\":true,\"valueName\":\"search_term_string\"}}],\"inLanguage\":\"pt-BR\"},{\"@type\":\"Organization\",\"@id\":\"https:\\\/\\\/regiaonews.net.br\\\/2022\\\/#organization\",\"name\":\"Regi\u00e3o News\",\"url\":\"https:\\\/\\\/regiaonews.net.br\\\/2022\\\/\",\"logo\":{\"@type\":\"ImageObject\",\"inLanguage\":\"pt-BR\",\"@id\":\"https:\\\/\\\/regiaonews.net.br\\\/2022\\\/#\\\/schema\\\/logo\\\/image\\\/\",\"url\":\"https:\\\/\\\/regiaonews.net.br\\\/2022\\\/wp-content\\\/uploads\\\/2026\\\/03\\\/regiao-13-anos-scaled.jpg\",\"contentUrl\":\"https:\\\/\\\/regiaonews.net.br\\\/2022\\\/wp-content\\\/uploads\\\/2026\\\/03\\\/regiao-13-anos-scaled.jpg\",\"width\":2560,\"height\":635,\"caption\":\"Regi\u00e3o News\"},\"image\":{\"@id\":\"https:\\\/\\\/regiaonews.net.br\\\/2022\\\/#\\\/schema\\\/logo\\\/image\\\/\"}},{\"@type\":\"Person\",\"@id\":\"https:\\\/\\\/regiaonews.net.br\\\/2022\\\/#\\\/schema\\\/person\\\/2d205a608a5aa97ac279d7a5e6d89ad8\",\"name\":\"Roberto\",\"image\":{\"@type\":\"ImageObject\",\"inLanguage\":\"pt-BR\",\"@id\":\"https:\\\/\\\/secure.gravatar.com\\\/avatar\\\/42749d8b712ff9d59ca93dc150494e5b55a44134482993f5baeb97e61b7ecc89?s=96&d=mm&r=g\",\"url\":\"https:\\\/\\\/secure.gravatar.com\\\/avatar\\\/42749d8b712ff9d59ca93dc150494e5b55a44134482993f5baeb97e61b7ecc89?s=96&d=mm&r=g\",\"contentUrl\":\"https:\\\/\\\/secure.gravatar.com\\\/avatar\\\/42749d8b712ff9d59ca93dc150494e5b55a44134482993f5baeb97e61b7ecc89?s=96&d=mm&r=g\",\"caption\":\"Roberto\"},\"url\":\"https:\\\/\\\/regiaonews.net.br\\\/2022\\\/author\\\/roberto\\\/\"}]}<\/script>\n<!-- \/ Yoast SEO plugin. -->","yoast_head_json":{"title":"ALAB realiza concurso cultural de fotografias - Regi\u00e3o News","robots":{"index":"index","follow":"follow","max-snippet":"max-snippet:-1","max-image-preview":"max-image-preview:large","max-video-preview":"max-video-preview:-1"},"canonical":"https:\/\/regiaonews.net.br\/2022\/2021\/06\/07\/alab-realiza-concurso-cultural-de-fotografias\/","og_locale":"pt_BR","og_type":"article","og_title":"ALAB realiza concurso cultural de fotografias - Regi\u00e3o News","og_description":"&nbsp; A Academia de Letras e Artes de Barretos \u2013","og_url":"https:\/\/regiaonews.net.br\/2022\/2021\/06\/07\/alab-realiza-concurso-cultural-de-fotografias\/","og_site_name":"Regi\u00e3o News","article_published_time":"2021-06-07T16:14:11+00:00","og_image":[{"width":640,"height":480,"url":"https:\/\/regiaonews.net.br\/2022\/wp-content\/uploads\/2018\/01\/barretos-estacao-cultura-1041-G.jpg","type":"image\/jpeg"}],"author":"Roberto","twitter_card":"summary_large_image","twitter_misc":{"Escrito por":"Roberto","Est. tempo de leitura":"2 minutos"},"schema":{"@context":"https:\/\/schema.org","@graph":[{"@type":"Article","@id":"https:\/\/regiaonews.net.br\/2022\/2021\/06\/07\/alab-realiza-concurso-cultural-de-fotografias\/#article","isPartOf":{"@id":"https:\/\/regiaonews.net.br\/2022\/2021\/06\/07\/alab-realiza-concurso-cultural-de-fotografias\/"},"author":{"name":"Roberto","@id":"https:\/\/regiaonews.net.br\/2022\/#\/schema\/person\/2d205a608a5aa97ac279d7a5e6d89ad8"},"headline":"ALAB realiza concurso cultural de fotografias","datePublished":"2021-06-07T16:14:11+00:00","mainEntityOfPage":{"@id":"https:\/\/regiaonews.net.br\/2022\/2021\/06\/07\/alab-realiza-concurso-cultural-de-fotografias\/"},"wordCount":384,"commentCount":0,"publisher":{"@id":"https:\/\/regiaonews.net.br\/2022\/#organization"},"image":{"@id":"https:\/\/regiaonews.net.br\/2022\/2021\/06\/07\/alab-realiza-concurso-cultural-de-fotografias\/#primaryimage"},"thumbnailUrl":"https:\/\/regiaonews.net.br\/2022\/wp-content\/uploads\/2018\/01\/barretos-estacao-cultura-1041-G.jpg","articleSection":["Barretos","Cidades","Concursos"],"inLanguage":"pt-BR","potentialAction":[{"@type":"CommentAction","name":"Comment","target":["https:\/\/regiaonews.net.br\/2022\/2021\/06\/07\/alab-realiza-concurso-cultural-de-fotografias\/#respond"]}]},{"@type":"WebPage","@id":"https:\/\/regiaonews.net.br\/2022\/2021\/06\/07\/alab-realiza-concurso-cultural-de-fotografias\/","url":"https:\/\/regiaonews.net.br\/2022\/2021\/06\/07\/alab-realiza-concurso-cultural-de-fotografias\/","name":"ALAB realiza concurso cultural de fotografias - Regi\u00e3o News","isPartOf":{"@id":"https:\/\/regiaonews.net.br\/2022\/#website"},"primaryImageOfPage":{"@id":"https:\/\/regiaonews.net.br\/2022\/2021\/06\/07\/alab-realiza-concurso-cultural-de-fotografias\/#primaryimage"},"image":{"@id":"https:\/\/regiaonews.net.br\/2022\/2021\/06\/07\/alab-realiza-concurso-cultural-de-fotografias\/#primaryimage"},"thumbnailUrl":"https:\/\/regiaonews.net.br\/2022\/wp-content\/uploads\/2018\/01\/barretos-estacao-cultura-1041-G.jpg","datePublished":"2021-06-07T16:14:11+00:00","breadcrumb":{"@id":"https:\/\/regiaonews.net.br\/2022\/2021\/06\/07\/alab-realiza-concurso-cultural-de-fotografias\/#breadcrumb"},"inLanguage":"pt-BR","potentialAction":[{"@type":"ReadAction","target":["https:\/\/regiaonews.net.br\/2022\/2021\/06\/07\/alab-realiza-concurso-cultural-de-fotografias\/"]}]},{"@type":"ImageObject","inLanguage":"pt-BR","@id":"https:\/\/regiaonews.net.br\/2022\/2021\/06\/07\/alab-realiza-concurso-cultural-de-fotografias\/#primaryimage","url":"https:\/\/regiaonews.net.br\/2022\/wp-content\/uploads\/2018\/01\/barretos-estacao-cultura-1041-G.jpg","contentUrl":"https:\/\/regiaonews.net.br\/2022\/wp-content\/uploads\/2018\/01\/barretos-estacao-cultura-1041-G.jpg","width":640,"height":480},{"@type":"BreadcrumbList","@id":"https:\/\/regiaonews.net.br\/2022\/2021\/06\/07\/alab-realiza-concurso-cultural-de-fotografias\/#breadcrumb","itemListElement":[{"@type":"ListItem","position":1,"name":"In\u00edcio","item":"https:\/\/regiaonews.net.br\/2022\/"},{"@type":"ListItem","position":2,"name":"ALAB realiza concurso cultural de fotografias"}]},{"@type":"WebSite","@id":"https:\/\/regiaonews.net.br\/2022\/#website","url":"https:\/\/regiaonews.net.br\/2022\/","name":"Regi\u00e3o News","description":"Site de Not\u00edcias de Barretos e regi\u00e3o","publisher":{"@id":"https:\/\/regiaonews.net.br\/2022\/#organization"},"potentialAction":[{"@type":"SearchAction","target":{"@type":"EntryPoint","urlTemplate":"https:\/\/regiaonews.net.br\/2022\/?s={search_term_string}"},"query-input":{"@type":"PropertyValueSpecification","valueRequired":true,"valueName":"search_term_string"}}],"inLanguage":"pt-BR"},{"@type":"Organization","@id":"https:\/\/regiaonews.net.br\/2022\/#organization","name":"Regi\u00e3o News","url":"https:\/\/regiaonews.net.br\/2022\/","logo":{"@type":"ImageObject","inLanguage":"pt-BR","@id":"https:\/\/regiaonews.net.br\/2022\/#\/schema\/logo\/image\/","url":"https:\/\/regiaonews.net.br\/2022\/wp-content\/uploads\/2026\/03\/regiao-13-anos-scaled.jpg","contentUrl":"https:\/\/regiaonews.net.br\/2022\/wp-content\/uploads\/2026\/03\/regiao-13-anos-scaled.jpg","width":2560,"height":635,"caption":"Regi\u00e3o News"},"image":{"@id":"https:\/\/regiaonews.net.br\/2022\/#\/schema\/logo\/image\/"}},{"@type":"Person","@id":"https:\/\/regiaonews.net.br\/2022\/#\/schema\/person\/2d205a608a5aa97ac279d7a5e6d89ad8","name":"Roberto","image":{"@type":"ImageObject","inLanguage":"pt-BR","@id":"https:\/\/secure.gravatar.com\/avatar\/42749d8b712ff9d59ca93dc150494e5b55a44134482993f5baeb97e61b7ecc89?s=96&d=mm&r=g","url":"https:\/\/secure.gravatar.com\/avatar\/42749d8b712ff9d59ca93dc150494e5b55a44134482993f5baeb97e61b7ecc89?s=96&d=mm&r=g","contentUrl":"https:\/\/secure.gravatar.com\/avatar\/42749d8b712ff9d59ca93dc150494e5b55a44134482993f5baeb97e61b7ecc89?s=96&d=mm&r=g","caption":"Roberto"},"url":"https:\/\/regiaonews.net.br\/2022\/author\/roberto\/"}]}},"publishpress_future_action":{"enabled":false,"date":"2026-05-04 13:00:20","action":"change-status","newStatus":"draft","terms":[],"taxonomy":"category","extraData":[]},"publishpress_future_workflow_manual_trigger":{"enabledWorkflows":[]},"_links":{"self":[{"href":"https:\/\/regiaonews.net.br\/2022\/wp-json\/wp\/v2\/posts\/48220","targetHints":{"allow":["GET"]}}],"collection":[{"href":"https:\/\/regiaonews.net.br\/2022\/wp-json\/wp\/v2\/posts"}],"about":[{"href":"https:\/\/regiaonews.net.br\/2022\/wp-json\/wp\/v2\/types\/post"}],"author":[{"embeddable":true,"href":"https:\/\/regiaonews.net.br\/2022\/wp-json\/wp\/v2\/users\/2"}],"replies":[{"embeddable":true,"href":"https:\/\/regiaonews.net.br\/2022\/wp-json\/wp\/v2\/comments?post=48220"}],"version-history":[{"count":0,"href":"https:\/\/regiaonews.net.br\/2022\/wp-json\/wp\/v2\/posts\/48220\/revisions"}],"wp:featuredmedia":[{"embeddable":true,"href":"https:\/\/regiaonews.net.br\/2022\/wp-json\/wp\/v2\/media\/10589"}],"wp:attachment":[{"href":"https:\/\/regiaonews.net.br\/2022\/wp-json\/wp\/v2\/media?parent=48220"}],"wp:term":[{"taxonomy":"category","embeddable":true,"href":"https:\/\/regiaonews.net.br\/2022\/wp-json\/wp\/v2\/categories?post=48220"},{"taxonomy":"post_tag","embeddable":true,"href":"https:\/\/regiaonews.net.br\/2022\/wp-json\/wp\/v2\/tags?post=48220"}],"curies":[{"name":"wp","href":"https:\/\/api.w.org\/{rel}","templated":true}]}}