{"id":48148,"date":"2021-06-05T22:39:29","date_gmt":"2021-06-06T01:39:29","guid":{"rendered":"https:\/\/regiaonews.net.br\/2022\/?p=48148"},"modified":"2021-06-05T22:47:48","modified_gmt":"2021-06-06T01:47:48","slug":"dia-d-de-vacinacao-contra-covid-registra-baixa-procura-e-estado-de-sp-ainda-tem-333-990-pessoas-com-2a-dose-atrasada","status":"publish","type":"post","link":"https:\/\/regiaonews.net.br\/2022\/2021\/06\/05\/dia-d-de-vacinacao-contra-covid-registra-baixa-procura-e-estado-de-sp-ainda-tem-333-990-pessoas-com-2a-dose-atrasada\/","title":{"rendered":"&#8216;Dia D&#8217; de vacina\u00e7\u00e3o contra Covid registra baixa procura"},"content":{"rendered":"<p class=\"content-head__subtitle\">Das 119.450 pessoas que receberam imuniza\u00e7\u00e3o neste s\u00e1bado, apenas 26.881 tomaram a segunda dose at\u00e9 as 18h; as demais 92.569 s\u00e3o pessoas dos grupos priorit\u00e1rios que aproveitaram a abertura dos postos de sa\u00fade para receber a primeira dose.<\/p>\n<div class=\"mc-column content-text active-extra-styles \" data-block-type=\"unstyled\" data-block-weight=\"31\" data-block-id=\"2\">\n<p class=\"content-text__container \" data-track-category=\"Link no Texto\" data-track-links=\"\">A Secretaria Estadual de Sa\u00fade afirmou que\u00a0<span class=\"highlight highlighted\">vacinou 119.450 pessoas contra a Covid at\u00e9 as 18h15 deste s\u00e1bado (5)<\/span>, &#8220;Dia D&#8221; da imuniza\u00e7\u00e3o para quem estava com a segunda dose atrasada.<\/p>\n<\/div>\n<div class=\"wall protected-content\">\n<div class=\"mc-column content-text active-extra-styles \" data-block-type=\"unstyled\" data-block-weight=\"32\" data-block-id=\"3\">\n<p class=\"content-text__container \" data-track-category=\"Link no Texto\" data-track-links=\"\">Do total de doses aplicadas, no entanto,\u00a0<span class=\"highlight highlighted\">92.569 s\u00e3o de pessoas dos grupos priorit\u00e1rios que aproveitaram a abertura dos postos de sa\u00fade para tomar a primeira dose<\/span>. Os n\u00fameros est\u00e3o em atualiza\u00e7\u00e3o.<\/p>\n<\/div>\n<div class=\"mc-column content-text active-extra-styles \" data-block-type=\"unstyled\" data-block-weight=\"52\" data-block-id=\"4\">\n<p class=\"content-text__container \" data-track-category=\"Link no Texto\" data-track-links=\"\">Antes da campanha, a estimativa era de que mais de 400 mil pessoas estavam com a dose de refor\u00e7o atrasada no estado. Destas, 263.497 precisavam tomar a CoronaVac e 139.826 a AstraZeneca. O balan\u00e7o at\u00e9 o in\u00edcio da noite aponta que<span class=\"highlight highlighted\">\u00a0o estado conta agora com 333.990 faltosos da segunda dose.<\/span><\/p>\n<\/div>\n<div class=\"mc-column content-text active-extra-styles \" data-block-type=\"unstyled\" data-block-weight=\"48\" data-block-id=\"5\">\n<p class=\"content-text__container \" data-track-category=\"Link no Texto\" data-track-links=\"\">A Secretaria Municipal de Sa\u00fade informou que 33.106 pessoas foram vacinadas em casa neste s\u00e1bado (5). A busca ativa em domic\u00edlio acontece porque muitos s\u00e3o pessoas acamadas ou idosos com dificuldade de locomo\u00e7\u00e3o. A vacina\u00e7\u00e3o tamb\u00e9m ocorreu em todas as Unidades B\u00e1sicas de Sa\u00fade (UBSs) da capital.<\/p>\n<\/div>\n<div class=\"row medium-uncollapsed content-media content-photo\" data-block-type=\"backstage-photo\" data-block-id=\"6\">\n<div class=\"mc-column content-media__container\">\n<div class=\"content-media-container glb-skeleton-box\">\n<figure class=\"content-media-figure\"><a href=\"https:\/\/regiaonews.net.br\/2022\/wp-content\/uploads\/2021\/06\/vacina5.jpeg\"><img loading=\"lazy\" decoding=\"async\" class=\"alignnone size-medium wp-image-48149\" src=\"https:\/\/regiaonews.net.br\/2022\/wp-content\/uploads\/2021\/06\/vacina5-300x244.jpeg\" alt=\"\" width=\"300\" height=\"244\" \/><\/a><\/figure>\n<\/div>\n<p class=\"content-media__description \">No Dia D da Vacina\u00e7\u00e3o, idoso recebe visita de profissional da sa\u00fade da Prefeitura de S\u00e3o Paulo para completar imuniza\u00e7\u00e3o contra a Covid \u2014 Foto: Divulga\u00e7\u00e3o\/Secretaria Municipal de Sa\u00fade<\/p>\n<\/div>\n<\/div>\n<div class=\"mc-column content-text active-extra-styles \" data-block-type=\"unstyled\" data-block-weight=\"30\" data-block-id=\"8\">\n<p class=\"content-text__container \" data-track-category=\"Link no Texto\" data-track-links=\"\">A dona Alzira Nunes da Silva, de 91 anos, por exemplo, deveria ter voltado no dia 14 de maio para a segunda aplica\u00e7\u00e3o, mas n\u00e3o estava muito bem de sa\u00fade.<\/p>\n<\/div>\n<div class=\"mc-column content-text active-extra-styles \" data-block-type=\"unstyled\" data-block-weight=\"36\" data-block-id=\"9\">\n<p class=\"content-text__container \" data-track-category=\"Link no Texto\" data-track-links=\"\">&#8220;Ela estava mal, muitas dores devido ao problema muscular e de coluna. Ent\u00e3o ela estava com muita dificuldade de locomo\u00e7\u00e3o. Por isso que a gente demorou a traz\u00ea-la&#8221;, diz a nora Cristiane Guedes Avelar.<\/p>\n<\/div>\n<div class=\"mc-column content-text active-extra-styles \" data-block-type=\"unstyled\" data-block-weight=\"14\" data-block-id=\"10\">\n<p class=\"content-text__container \" data-track-category=\"Link no Texto\" data-track-links=\"\">Algumas unidades de sa\u00fade da capital registraram pouco movimento ao longo do dia.<\/p>\n<\/div>\n<div class=\"mc-column content-text active-extra-styles \" data-block-type=\"unstyled\" data-block-weight=\"38\" data-block-id=\"11\">\n<p class=\"content-text__container \" data-track-category=\"Link no Texto\" data-track-links=\"\">&#8220;Esse pessoal n\u00e3o vai vir vacinar n\u00e3o? Ser\u00e1 que eles est\u00e3o achando que a fila est\u00e1 grande? Avisa pra eles! Pessoal, a fila est\u00e1 pequena&#8221;, disse o aposentado Roberto Correia na UBS da Vila Prel, na Zona Sul.<\/p>\n<\/div>\n<div class=\"mc-column content-text active-extra-styles \" data-block-type=\"unstyled\" data-block-weight=\"33\" data-block-id=\"12\">\n<p class=\"content-text__container \" data-track-category=\"Link no Texto\" data-track-links=\"\">Muitas pessoas tamb\u00e9m estavam com a vacina\u00e7\u00e3o atrasada por conta da falta tempor\u00e1ria de doses. No m\u00eas passado, pelo menos 75 cidades do estado ficaram sem a CoronaVac para aplica\u00e7\u00e3o da segunda dose.<\/p>\n<\/div>\n<div class=\"mc-column content-text active-extra-styles \" data-block-type=\"unstyled\" data-block-weight=\"25\" data-block-id=\"13\">\n<p class=\"content-text__container \" data-track-category=\"Link no Texto\" data-track-links=\"\">Tatiana Pedroso Silva \u00e9 recepcionista em um hospital e tomou a primeira dose l\u00e1, mas quando foi tomar a segunda, precisou procurar em outro lugar.<\/p>\n<\/div>\n<div class=\"mc-column content-text active-extra-styles \" data-block-type=\"unstyled\" data-block-weight=\"55\" data-block-id=\"14\">\n<p class=\"content-text__container \" data-track-category=\"Link no Texto\" data-track-links=\"\">&#8220;Eu recebi um SMS, para tomar a segunda que j\u00e1 estava na hora. A\u00ed eu fui procurar eles, e disseram que realmente estava na hora, mas que eles tinham feito a solicita\u00e7\u00e3o e ia demorar alguns dias para chegar. A\u00ed disseram que se eu quisesse, podia ficar \u00e0 vontade para procurar uma UBS&#8221;, conta.<\/p>\n<\/div>\n<div class=\"mc-column content-text active-extra-styles \" data-block-type=\"unstyled\" data-block-weight=\"38\" data-block-id=\"15\">\n<p class=\"content-text__container \" data-track-category=\"Link no Texto\" data-track-links=\"\">O infectologista do Instituto Em\u00edlio Ribas, Jamal Suleiman, alerta sobre a import\u00e2ncia da imuniza\u00e7\u00e3o completa. O hospital, que \u00e9 refer\u00eancia no tratamento da Covid,\u00a0<a href=\"https:\/\/g1.globo.com\/sp\/sao-paulo\/noticia\/2021\/06\/03\/medico-do-emilio-ribas-alerta-para-internacao-de-pacientes-com-covid-que-tomaram-a-1a-dose-da-vacina-mas-nao-voltaram-para-a-2a.ghtml\">j\u00e1 registra aumento na interna\u00e7\u00e3o de pacientes que s\u00f3 tomaram a primeira dose.<\/a><\/p>\n<\/div>\n<div class=\"mc-column content-text active-extra-styles \" data-block-type=\"unstyled\" data-block-weight=\"39\" data-block-id=\"16\">\n<p class=\"content-text__container \" data-track-category=\"Link no Texto\" data-track-links=\"\">&#8220;Prote\u00e7\u00e3o m\u00e1xima adquirida atrav\u00e9s da vacina\u00e7\u00e3o, ela ocorre cerca de 14 dias ap\u00f3s a segunda dose. A prote\u00e7\u00e3o parcial \u00e9 importante, mas \u00e9 fundamental que a gente proteja o indiv\u00edduo e a sociedade com a segunda dose&#8221;, diz Suleiman.<\/p>\n<p data-track-category=\"Link no Texto\" data-track-links=\"\">FONTE : G1<\/p>\n<\/div>\n<div class=\"content-ads content-ads--reveal\" data-block-type=\"ads\" data-block-id=\"17\"><\/div>\n<div class=\"bs-video-block mc-column content-media content-video\" data-block-type=\"backstage-video\" data-block-id=\"18\">\n<div class=\"content-media__container\">\n<div class=\"content-video__bigger-player-description-fixer\">\n<article class=\"content-video\">\n<section class=\"content-video__video-container\">\n<div class=\"content-video__video\">\n<div class=\"content-video__placeholder\" data-video-id=\"9577080\"><\/div>\n<\/div>\n<\/section>\n<\/article>\n<\/div>\n<\/div>\n<\/div>\n<\/div>\n","protected":false},"excerpt":{"rendered":"<p>Das 119.450 pessoas que receberam imuniza\u00e7\u00e3o neste s\u00e1bado, apenas 26.881<\/p>\n","protected":false},"author":2,"featured_media":48149,"comment_status":"open","ping_status":"open","sticky":false,"template":"","format":"standard","meta":{"footnotes":""},"categories":[25,7],"tags":[],"class_list":["post-48148","post","type-post","status-publish","format-standard","has-post-thumbnail","hentry","category-cidades","category-estado-de-sao-paulo"],"yoast_head":"<!-- This site is optimized with the Yoast SEO plugin v27.4 - https:\/\/yoast.com\/product\/yoast-seo-wordpress\/ -->\n<title>&#039;Dia D&#039; de vacina\u00e7\u00e3o contra Covid registra baixa procura - Regi\u00e3o News<\/title>\n<meta name=\"robots\" content=\"index, follow, max-snippet:-1, max-image-preview:large, max-video-preview:-1\" \/>\n<link rel=\"canonical\" href=\"https:\/\/regiaonews.net.br\/2022\/2021\/06\/05\/dia-d-de-vacinacao-contra-covid-registra-baixa-procura-e-estado-de-sp-ainda-tem-333-990-pessoas-com-2a-dose-atrasada\/\" \/>\n<meta property=\"og:locale\" content=\"pt_BR\" \/>\n<meta property=\"og:type\" content=\"article\" \/>\n<meta property=\"og:title\" content=\"&#039;Dia D&#039; de vacina\u00e7\u00e3o contra Covid registra baixa procura - Regi\u00e3o News\" \/>\n<meta property=\"og:description\" content=\"Das 119.450 pessoas que receberam imuniza\u00e7\u00e3o neste s\u00e1bado, apenas 26.881\" \/>\n<meta property=\"og:url\" content=\"https:\/\/regiaonews.net.br\/2022\/2021\/06\/05\/dia-d-de-vacinacao-contra-covid-registra-baixa-procura-e-estado-de-sp-ainda-tem-333-990-pessoas-com-2a-dose-atrasada\/\" \/>\n<meta property=\"og:site_name\" content=\"Regi\u00e3o News\" \/>\n<meta property=\"article:published_time\" content=\"2021-06-06T01:39:29+00:00\" \/>\n<meta property=\"article:modified_time\" content=\"2021-06-06T01:47:48+00:00\" \/>\n<meta property=\"og:image\" content=\"https:\/\/regiaonews.net.br\/2022\/wp-content\/uploads\/2021\/06\/vacina5.jpeg\" \/>\n\t<meta property=\"og:image:width\" content=\"600\" \/>\n\t<meta property=\"og:image:height\" content=\"488\" \/>\n\t<meta property=\"og:image:type\" content=\"image\/jpeg\" \/>\n<meta name=\"author\" content=\"Roberto\" \/>\n<meta name=\"twitter:card\" content=\"summary_large_image\" \/>\n<meta name=\"twitter:label1\" content=\"Escrito por\" \/>\n\t<meta name=\"twitter:data1\" content=\"Roberto\" \/>\n\t<meta name=\"twitter:label2\" content=\"Est. tempo de leitura\" \/>\n\t<meta name=\"twitter:data2\" content=\"3 minutos\" \/>\n<script type=\"application\/ld+json\" class=\"yoast-schema-graph\">{\"@context\":\"https:\\\/\\\/schema.org\",\"@graph\":[{\"@type\":\"Article\",\"@id\":\"https:\\\/\\\/regiaonews.net.br\\\/2022\\\/2021\\\/06\\\/05\\\/dia-d-de-vacinacao-contra-covid-registra-baixa-procura-e-estado-de-sp-ainda-tem-333-990-pessoas-com-2a-dose-atrasada\\\/#article\",\"isPartOf\":{\"@id\":\"https:\\\/\\\/regiaonews.net.br\\\/2022\\\/2021\\\/06\\\/05\\\/dia-d-de-vacinacao-contra-covid-registra-baixa-procura-e-estado-de-sp-ainda-tem-333-990-pessoas-com-2a-dose-atrasada\\\/\"},\"author\":{\"name\":\"Roberto\",\"@id\":\"https:\\\/\\\/regiaonews.net.br\\\/2022\\\/#\\\/schema\\\/person\\\/2d205a608a5aa97ac279d7a5e6d89ad8\"},\"headline\":\"&#8216;Dia D&#8217; de vacina\u00e7\u00e3o contra Covid registra baixa procura\",\"datePublished\":\"2021-06-06T01:39:29+00:00\",\"dateModified\":\"2021-06-06T01:47:48+00:00\",\"mainEntityOfPage\":{\"@id\":\"https:\\\/\\\/regiaonews.net.br\\\/2022\\\/2021\\\/06\\\/05\\\/dia-d-de-vacinacao-contra-covid-registra-baixa-procura-e-estado-de-sp-ainda-tem-333-990-pessoas-com-2a-dose-atrasada\\\/\"},\"wordCount\":582,\"commentCount\":0,\"publisher\":{\"@id\":\"https:\\\/\\\/regiaonews.net.br\\\/2022\\\/#organization\"},\"image\":{\"@id\":\"https:\\\/\\\/regiaonews.net.br\\\/2022\\\/2021\\\/06\\\/05\\\/dia-d-de-vacinacao-contra-covid-registra-baixa-procura-e-estado-de-sp-ainda-tem-333-990-pessoas-com-2a-dose-atrasada\\\/#primaryimage\"},\"thumbnailUrl\":\"https:\\\/\\\/regiaonews.net.br\\\/2022\\\/wp-content\\\/uploads\\\/2021\\\/06\\\/vacina5.jpeg\",\"articleSection\":[\"Cidades\",\"Estado de S\u00e3o Paulo\"],\"inLanguage\":\"pt-BR\",\"potentialAction\":[{\"@type\":\"CommentAction\",\"name\":\"Comment\",\"target\":[\"https:\\\/\\\/regiaonews.net.br\\\/2022\\\/2021\\\/06\\\/05\\\/dia-d-de-vacinacao-contra-covid-registra-baixa-procura-e-estado-de-sp-ainda-tem-333-990-pessoas-com-2a-dose-atrasada\\\/#respond\"]}]},{\"@type\":\"WebPage\",\"@id\":\"https:\\\/\\\/regiaonews.net.br\\\/2022\\\/2021\\\/06\\\/05\\\/dia-d-de-vacinacao-contra-covid-registra-baixa-procura-e-estado-de-sp-ainda-tem-333-990-pessoas-com-2a-dose-atrasada\\\/\",\"url\":\"https:\\\/\\\/regiaonews.net.br\\\/2022\\\/2021\\\/06\\\/05\\\/dia-d-de-vacinacao-contra-covid-registra-baixa-procura-e-estado-de-sp-ainda-tem-333-990-pessoas-com-2a-dose-atrasada\\\/\",\"name\":\"'Dia D' de vacina\u00e7\u00e3o contra Covid registra baixa procura - Regi\u00e3o News\",\"isPartOf\":{\"@id\":\"https:\\\/\\\/regiaonews.net.br\\\/2022\\\/#website\"},\"primaryImageOfPage\":{\"@id\":\"https:\\\/\\\/regiaonews.net.br\\\/2022\\\/2021\\\/06\\\/05\\\/dia-d-de-vacinacao-contra-covid-registra-baixa-procura-e-estado-de-sp-ainda-tem-333-990-pessoas-com-2a-dose-atrasada\\\/#primaryimage\"},\"image\":{\"@id\":\"https:\\\/\\\/regiaonews.net.br\\\/2022\\\/2021\\\/06\\\/05\\\/dia-d-de-vacinacao-contra-covid-registra-baixa-procura-e-estado-de-sp-ainda-tem-333-990-pessoas-com-2a-dose-atrasada\\\/#primaryimage\"},\"thumbnailUrl\":\"https:\\\/\\\/regiaonews.net.br\\\/2022\\\/wp-content\\\/uploads\\\/2021\\\/06\\\/vacina5.jpeg\",\"datePublished\":\"2021-06-06T01:39:29+00:00\",\"dateModified\":\"2021-06-06T01:47:48+00:00\",\"breadcrumb\":{\"@id\":\"https:\\\/\\\/regiaonews.net.br\\\/2022\\\/2021\\\/06\\\/05\\\/dia-d-de-vacinacao-contra-covid-registra-baixa-procura-e-estado-de-sp-ainda-tem-333-990-pessoas-com-2a-dose-atrasada\\\/#breadcrumb\"},\"inLanguage\":\"pt-BR\",\"potentialAction\":[{\"@type\":\"ReadAction\",\"target\":[\"https:\\\/\\\/regiaonews.net.br\\\/2022\\\/2021\\\/06\\\/05\\\/dia-d-de-vacinacao-contra-covid-registra-baixa-procura-e-estado-de-sp-ainda-tem-333-990-pessoas-com-2a-dose-atrasada\\\/\"]}]},{\"@type\":\"ImageObject\",\"inLanguage\":\"pt-BR\",\"@id\":\"https:\\\/\\\/regiaonews.net.br\\\/2022\\\/2021\\\/06\\\/05\\\/dia-d-de-vacinacao-contra-covid-registra-baixa-procura-e-estado-de-sp-ainda-tem-333-990-pessoas-com-2a-dose-atrasada\\\/#primaryimage\",\"url\":\"https:\\\/\\\/regiaonews.net.br\\\/2022\\\/wp-content\\\/uploads\\\/2021\\\/06\\\/vacina5.jpeg\",\"contentUrl\":\"https:\\\/\\\/regiaonews.net.br\\\/2022\\\/wp-content\\\/uploads\\\/2021\\\/06\\\/vacina5.jpeg\",\"width\":600,\"height\":488},{\"@type\":\"BreadcrumbList\",\"@id\":\"https:\\\/\\\/regiaonews.net.br\\\/2022\\\/2021\\\/06\\\/05\\\/dia-d-de-vacinacao-contra-covid-registra-baixa-procura-e-estado-de-sp-ainda-tem-333-990-pessoas-com-2a-dose-atrasada\\\/#breadcrumb\",\"itemListElement\":[{\"@type\":\"ListItem\",\"position\":1,\"name\":\"In\u00edcio\",\"item\":\"https:\\\/\\\/regiaonews.net.br\\\/2022\\\/\"},{\"@type\":\"ListItem\",\"position\":2,\"name\":\"&#8216;Dia D&#8217; de vacina\u00e7\u00e3o contra Covid registra baixa procura\"}]},{\"@type\":\"WebSite\",\"@id\":\"https:\\\/\\\/regiaonews.net.br\\\/2022\\\/#website\",\"url\":\"https:\\\/\\\/regiaonews.net.br\\\/2022\\\/\",\"name\":\"Regi\u00e3o News\",\"description\":\"Site de Not\u00edcias de Barretos e regi\u00e3o\",\"publisher\":{\"@id\":\"https:\\\/\\\/regiaonews.net.br\\\/2022\\\/#organization\"},\"potentialAction\":[{\"@type\":\"SearchAction\",\"target\":{\"@type\":\"EntryPoint\",\"urlTemplate\":\"https:\\\/\\\/regiaonews.net.br\\\/2022\\\/?s={search_term_string}\"},\"query-input\":{\"@type\":\"PropertyValueSpecification\",\"valueRequired\":true,\"valueName\":\"search_term_string\"}}],\"inLanguage\":\"pt-BR\"},{\"@type\":\"Organization\",\"@id\":\"https:\\\/\\\/regiaonews.net.br\\\/2022\\\/#organization\",\"name\":\"Regi\u00e3o News\",\"url\":\"https:\\\/\\\/regiaonews.net.br\\\/2022\\\/\",\"logo\":{\"@type\":\"ImageObject\",\"inLanguage\":\"pt-BR\",\"@id\":\"https:\\\/\\\/regiaonews.net.br\\\/2022\\\/#\\\/schema\\\/logo\\\/image\\\/\",\"url\":\"https:\\\/\\\/regiaonews.net.br\\\/2022\\\/wp-content\\\/uploads\\\/2026\\\/03\\\/regiao-13-anos-scaled.jpg\",\"contentUrl\":\"https:\\\/\\\/regiaonews.net.br\\\/2022\\\/wp-content\\\/uploads\\\/2026\\\/03\\\/regiao-13-anos-scaled.jpg\",\"width\":2560,\"height\":635,\"caption\":\"Regi\u00e3o News\"},\"image\":{\"@id\":\"https:\\\/\\\/regiaonews.net.br\\\/2022\\\/#\\\/schema\\\/logo\\\/image\\\/\"}},{\"@type\":\"Person\",\"@id\":\"https:\\\/\\\/regiaonews.net.br\\\/2022\\\/#\\\/schema\\\/person\\\/2d205a608a5aa97ac279d7a5e6d89ad8\",\"name\":\"Roberto\",\"image\":{\"@type\":\"ImageObject\",\"inLanguage\":\"pt-BR\",\"@id\":\"https:\\\/\\\/secure.gravatar.com\\\/avatar\\\/42749d8b712ff9d59ca93dc150494e5b55a44134482993f5baeb97e61b7ecc89?s=96&d=mm&r=g\",\"url\":\"https:\\\/\\\/secure.gravatar.com\\\/avatar\\\/42749d8b712ff9d59ca93dc150494e5b55a44134482993f5baeb97e61b7ecc89?s=96&d=mm&r=g\",\"contentUrl\":\"https:\\\/\\\/secure.gravatar.com\\\/avatar\\\/42749d8b712ff9d59ca93dc150494e5b55a44134482993f5baeb97e61b7ecc89?s=96&d=mm&r=g\",\"caption\":\"Roberto\"},\"url\":\"https:\\\/\\\/regiaonews.net.br\\\/2022\\\/author\\\/roberto\\\/\"}]}<\/script>\n<!-- \/ Yoast SEO plugin. -->","yoast_head_json":{"title":"'Dia D' de vacina\u00e7\u00e3o contra Covid registra baixa procura - Regi\u00e3o News","robots":{"index":"index","follow":"follow","max-snippet":"max-snippet:-1","max-image-preview":"max-image-preview:large","max-video-preview":"max-video-preview:-1"},"canonical":"https:\/\/regiaonews.net.br\/2022\/2021\/06\/05\/dia-d-de-vacinacao-contra-covid-registra-baixa-procura-e-estado-de-sp-ainda-tem-333-990-pessoas-com-2a-dose-atrasada\/","og_locale":"pt_BR","og_type":"article","og_title":"'Dia D' de vacina\u00e7\u00e3o contra Covid registra baixa procura - Regi\u00e3o News","og_description":"Das 119.450 pessoas que receberam imuniza\u00e7\u00e3o neste s\u00e1bado, apenas 26.881","og_url":"https:\/\/regiaonews.net.br\/2022\/2021\/06\/05\/dia-d-de-vacinacao-contra-covid-registra-baixa-procura-e-estado-de-sp-ainda-tem-333-990-pessoas-com-2a-dose-atrasada\/","og_site_name":"Regi\u00e3o News","article_published_time":"2021-06-06T01:39:29+00:00","article_modified_time":"2021-06-06T01:47:48+00:00","og_image":[{"width":600,"height":488,"url":"https:\/\/regiaonews.net.br\/2022\/wp-content\/uploads\/2021\/06\/vacina5.jpeg","type":"image\/jpeg"}],"author":"Roberto","twitter_card":"summary_large_image","twitter_misc":{"Escrito por":"Roberto","Est. tempo de leitura":"3 minutos"},"schema":{"@context":"https:\/\/schema.org","@graph":[{"@type":"Article","@id":"https:\/\/regiaonews.net.br\/2022\/2021\/06\/05\/dia-d-de-vacinacao-contra-covid-registra-baixa-procura-e-estado-de-sp-ainda-tem-333-990-pessoas-com-2a-dose-atrasada\/#article","isPartOf":{"@id":"https:\/\/regiaonews.net.br\/2022\/2021\/06\/05\/dia-d-de-vacinacao-contra-covid-registra-baixa-procura-e-estado-de-sp-ainda-tem-333-990-pessoas-com-2a-dose-atrasada\/"},"author":{"name":"Roberto","@id":"https:\/\/regiaonews.net.br\/2022\/#\/schema\/person\/2d205a608a5aa97ac279d7a5e6d89ad8"},"headline":"&#8216;Dia D&#8217; de vacina\u00e7\u00e3o contra Covid registra baixa procura","datePublished":"2021-06-06T01:39:29+00:00","dateModified":"2021-06-06T01:47:48+00:00","mainEntityOfPage":{"@id":"https:\/\/regiaonews.net.br\/2022\/2021\/06\/05\/dia-d-de-vacinacao-contra-covid-registra-baixa-procura-e-estado-de-sp-ainda-tem-333-990-pessoas-com-2a-dose-atrasada\/"},"wordCount":582,"commentCount":0,"publisher":{"@id":"https:\/\/regiaonews.net.br\/2022\/#organization"},"image":{"@id":"https:\/\/regiaonews.net.br\/2022\/2021\/06\/05\/dia-d-de-vacinacao-contra-covid-registra-baixa-procura-e-estado-de-sp-ainda-tem-333-990-pessoas-com-2a-dose-atrasada\/#primaryimage"},"thumbnailUrl":"https:\/\/regiaonews.net.br\/2022\/wp-content\/uploads\/2021\/06\/vacina5.jpeg","articleSection":["Cidades","Estado de S\u00e3o Paulo"],"inLanguage":"pt-BR","potentialAction":[{"@type":"CommentAction","name":"Comment","target":["https:\/\/regiaonews.net.br\/2022\/2021\/06\/05\/dia-d-de-vacinacao-contra-covid-registra-baixa-procura-e-estado-de-sp-ainda-tem-333-990-pessoas-com-2a-dose-atrasada\/#respond"]}]},{"@type":"WebPage","@id":"https:\/\/regiaonews.net.br\/2022\/2021\/06\/05\/dia-d-de-vacinacao-contra-covid-registra-baixa-procura-e-estado-de-sp-ainda-tem-333-990-pessoas-com-2a-dose-atrasada\/","url":"https:\/\/regiaonews.net.br\/2022\/2021\/06\/05\/dia-d-de-vacinacao-contra-covid-registra-baixa-procura-e-estado-de-sp-ainda-tem-333-990-pessoas-com-2a-dose-atrasada\/","name":"'Dia D' de vacina\u00e7\u00e3o contra Covid registra baixa procura - Regi\u00e3o News","isPartOf":{"@id":"https:\/\/regiaonews.net.br\/2022\/#website"},"primaryImageOfPage":{"@id":"https:\/\/regiaonews.net.br\/2022\/2021\/06\/05\/dia-d-de-vacinacao-contra-covid-registra-baixa-procura-e-estado-de-sp-ainda-tem-333-990-pessoas-com-2a-dose-atrasada\/#primaryimage"},"image":{"@id":"https:\/\/regiaonews.net.br\/2022\/2021\/06\/05\/dia-d-de-vacinacao-contra-covid-registra-baixa-procura-e-estado-de-sp-ainda-tem-333-990-pessoas-com-2a-dose-atrasada\/#primaryimage"},"thumbnailUrl":"https:\/\/regiaonews.net.br\/2022\/wp-content\/uploads\/2021\/06\/vacina5.jpeg","datePublished":"2021-06-06T01:39:29+00:00","dateModified":"2021-06-06T01:47:48+00:00","breadcrumb":{"@id":"https:\/\/regiaonews.net.br\/2022\/2021\/06\/05\/dia-d-de-vacinacao-contra-covid-registra-baixa-procura-e-estado-de-sp-ainda-tem-333-990-pessoas-com-2a-dose-atrasada\/#breadcrumb"},"inLanguage":"pt-BR","potentialAction":[{"@type":"ReadAction","target":["https:\/\/regiaonews.net.br\/2022\/2021\/06\/05\/dia-d-de-vacinacao-contra-covid-registra-baixa-procura-e-estado-de-sp-ainda-tem-333-990-pessoas-com-2a-dose-atrasada\/"]}]},{"@type":"ImageObject","inLanguage":"pt-BR","@id":"https:\/\/regiaonews.net.br\/2022\/2021\/06\/05\/dia-d-de-vacinacao-contra-covid-registra-baixa-procura-e-estado-de-sp-ainda-tem-333-990-pessoas-com-2a-dose-atrasada\/#primaryimage","url":"https:\/\/regiaonews.net.br\/2022\/wp-content\/uploads\/2021\/06\/vacina5.jpeg","contentUrl":"https:\/\/regiaonews.net.br\/2022\/wp-content\/uploads\/2021\/06\/vacina5.jpeg","width":600,"height":488},{"@type":"BreadcrumbList","@id":"https:\/\/regiaonews.net.br\/2022\/2021\/06\/05\/dia-d-de-vacinacao-contra-covid-registra-baixa-procura-e-estado-de-sp-ainda-tem-333-990-pessoas-com-2a-dose-atrasada\/#breadcrumb","itemListElement":[{"@type":"ListItem","position":1,"name":"In\u00edcio","item":"https:\/\/regiaonews.net.br\/2022\/"},{"@type":"ListItem","position":2,"name":"&#8216;Dia D&#8217; de vacina\u00e7\u00e3o contra Covid registra baixa procura"}]},{"@type":"WebSite","@id":"https:\/\/regiaonews.net.br\/2022\/#website","url":"https:\/\/regiaonews.net.br\/2022\/","name":"Regi\u00e3o News","description":"Site de Not\u00edcias de Barretos e regi\u00e3o","publisher":{"@id":"https:\/\/regiaonews.net.br\/2022\/#organization"},"potentialAction":[{"@type":"SearchAction","target":{"@type":"EntryPoint","urlTemplate":"https:\/\/regiaonews.net.br\/2022\/?s={search_term_string}"},"query-input":{"@type":"PropertyValueSpecification","valueRequired":true,"valueName":"search_term_string"}}],"inLanguage":"pt-BR"},{"@type":"Organization","@id":"https:\/\/regiaonews.net.br\/2022\/#organization","name":"Regi\u00e3o News","url":"https:\/\/regiaonews.net.br\/2022\/","logo":{"@type":"ImageObject","inLanguage":"pt-BR","@id":"https:\/\/regiaonews.net.br\/2022\/#\/schema\/logo\/image\/","url":"https:\/\/regiaonews.net.br\/2022\/wp-content\/uploads\/2026\/03\/regiao-13-anos-scaled.jpg","contentUrl":"https:\/\/regiaonews.net.br\/2022\/wp-content\/uploads\/2026\/03\/regiao-13-anos-scaled.jpg","width":2560,"height":635,"caption":"Regi\u00e3o News"},"image":{"@id":"https:\/\/regiaonews.net.br\/2022\/#\/schema\/logo\/image\/"}},{"@type":"Person","@id":"https:\/\/regiaonews.net.br\/2022\/#\/schema\/person\/2d205a608a5aa97ac279d7a5e6d89ad8","name":"Roberto","image":{"@type":"ImageObject","inLanguage":"pt-BR","@id":"https:\/\/secure.gravatar.com\/avatar\/42749d8b712ff9d59ca93dc150494e5b55a44134482993f5baeb97e61b7ecc89?s=96&d=mm&r=g","url":"https:\/\/secure.gravatar.com\/avatar\/42749d8b712ff9d59ca93dc150494e5b55a44134482993f5baeb97e61b7ecc89?s=96&d=mm&r=g","contentUrl":"https:\/\/secure.gravatar.com\/avatar\/42749d8b712ff9d59ca93dc150494e5b55a44134482993f5baeb97e61b7ecc89?s=96&d=mm&r=g","caption":"Roberto"},"url":"https:\/\/regiaonews.net.br\/2022\/author\/roberto\/"}]}},"publishpress_future_action":{"enabled":false,"date":"2026-05-04 14:17:16","action":"change-status","newStatus":"draft","terms":[],"taxonomy":"category","extraData":[]},"publishpress_future_workflow_manual_trigger":{"enabledWorkflows":[]},"_links":{"self":[{"href":"https:\/\/regiaonews.net.br\/2022\/wp-json\/wp\/v2\/posts\/48148","targetHints":{"allow":["GET"]}}],"collection":[{"href":"https:\/\/regiaonews.net.br\/2022\/wp-json\/wp\/v2\/posts"}],"about":[{"href":"https:\/\/regiaonews.net.br\/2022\/wp-json\/wp\/v2\/types\/post"}],"author":[{"embeddable":true,"href":"https:\/\/regiaonews.net.br\/2022\/wp-json\/wp\/v2\/users\/2"}],"replies":[{"embeddable":true,"href":"https:\/\/regiaonews.net.br\/2022\/wp-json\/wp\/v2\/comments?post=48148"}],"version-history":[{"count":0,"href":"https:\/\/regiaonews.net.br\/2022\/wp-json\/wp\/v2\/posts\/48148\/revisions"}],"wp:featuredmedia":[{"embeddable":true,"href":"https:\/\/regiaonews.net.br\/2022\/wp-json\/wp\/v2\/media\/48149"}],"wp:attachment":[{"href":"https:\/\/regiaonews.net.br\/2022\/wp-json\/wp\/v2\/media?parent=48148"}],"wp:term":[{"taxonomy":"category","embeddable":true,"href":"https:\/\/regiaonews.net.br\/2022\/wp-json\/wp\/v2\/categories?post=48148"},{"taxonomy":"post_tag","embeddable":true,"href":"https:\/\/regiaonews.net.br\/2022\/wp-json\/wp\/v2\/tags?post=48148"}],"curies":[{"name":"wp","href":"https:\/\/api.w.org\/{rel}","templated":true}]}}